{"id":81957,"date":"2022-02-28T21:39:31","date_gmt":"2022-03-01T01:39:31","guid":{"rendered":"https:\/\/recursing-golick.147-182-135-0.plesk.page\/?p=81957"},"modified":"2022-03-02T12:39:58","modified_gmt":"2022-03-02T16:39:58","slug":"administradores-responden-a-preguntas-durante-sesion-charla-de-liderazgo","status":"publish","type":"post","link":"https:\/\/interamerica.org\/es\/2022\/02\/administradores-responden-a-preguntas-durante-sesion-charla-de-liderazgo\/","title":{"rendered":"Administradores responden a preguntas durante sesi\u00f3n \u2018Charla de Liderazgo&#8217;"},"content":{"rendered":"<p>28 de febrero de 2022 | Miami, Florida, Estados Unidos | Libna Stevens, Noticias de la Divisi\u00f3n Interamericana<\/p>\n<p>La primera de una serie de sesiones de preguntas y respuestas sobre liderazgo, fue lanzada recientemente por altos administradores de la Iglesia Adventista del S\u00e9ptimo D\u00eda en Interam\u00e9rica. Llamada sesi\u00f3n <em>Charla de Liderazgo<\/em>, el programa en l\u00ednea de una hora de duraci\u00f3n, del 24 de febrero de 2022, vio a l\u00edderes de la iglesia abordando asuntos apremiantes que enfrentan miembros de iglesia en todo el territorio<\/p>\n<p>\u201cEstamos aqu\u00ed para responder a sus preguntas y complementar la labor de liderazgo de sus iglesias locales e instituciones\u201d, dijo el pastor Balvin Braham, vicepresidente de la iglesia en Interam\u00e9rica y moderador de la sesi\u00f3n.<\/p>\n<p><div id=\"attachment_81922\" style=\"width: 862px\" class=\"wp-caption aligncenter\"><img fetchpriority=\"high\" decoding=\"async\" aria-describedby=\"caption-attachment-81922\" class=\" wp-image-81922\" src=\"https:\/\/recursing-golick.147-182-135-0.plesk.page\/wp-content\/uploads\/2022\/02\/leadership-talk-1024x572.png\" alt=\"\" width=\"852\" height=\"476\" srcset=\"https:\/\/interamerica.org\/wp-content\/uploads\/2022\/02\/leadership-talk-1024x572.png 1024w, https:\/\/interamerica.org\/wp-content\/uploads\/2022\/02\/leadership-talk-300x167.png 300w, https:\/\/interamerica.org\/wp-content\/uploads\/2022\/02\/leadership-talk-768x429.png 768w, https:\/\/interamerica.org\/wp-content\/uploads\/2022\/02\/leadership-talk.png 1075w\" sizes=\"(max-width: 852px) 100vw, 852px\" \/><p id=\"caption-attachment-81922\" class=\"wp-caption-text\">Pastor Balvin Braham (izquierda), vicepresidente de la iglesia en Interam\u00e9rica, actuando como moderador durante la primera sesi\u00f3n \u00abCharla de Liderazgo\u00bb de preguntas y respuestas, con administradores de Interam\u00e9rica. De izquierda a derecha: pastores Filiberto Verduzco, tesorero; \u00a0Elie Henry y Leonard Johnson, presidente y secretario. La sesi\u00f3n en l\u00ednea de una hora de duraci\u00f3n se propone atender asuntos apremiantes que enfrentan dirigentes, empleados, instituciones y miembros de la iglesia. [Imagen: captura de pantalla DIA]<\/p><\/div>La sesi\u00f3n de liderazgo tiene como objetivo proveer un foro a trav\u00e9s del cual los dirigentes, empleados y miembros de iglesia, expresen sus preocupaciones respecto a liderazgo y reciban respuestas que provean nuevas perspectivas, dijo el pastor Braham. \u201cSe trata de alentar y afirmar la transparencia en las pr\u00e1cticas de liderazgo en todos los niveles a trav\u00e9s del territorio de la divisi\u00f3n, as\u00ed como de proveer las mejores soluciones pr\u00e1cticas a asuntos recurrentes en liderazgo organizacional en el mismo\u201d.<\/p>\n<p>Entre otras preguntas, surgieron algunas en cuanto a la raz\u00f3n por la que los ancianos de iglesia no reciben salario, en qu\u00e9 forma las iglesias locales pueden recibir fondos monetarios para construcci\u00f3n o reparaci\u00f3n de sus estructuras existentes, cu\u00e1ndo debe implementarse la aceptaci\u00f3n de miembros por profesi\u00f3n de fe, preguntas acerca de transferencias de membres\u00eda, y qu\u00e9 dice la Biblia en cuanto al uso de joyas.<\/p>\n<p>\u201c\u00bfQu\u00e9 referencias b\u00edblicas y del Esp\u00edritu de Profec\u00eda tenemos que apoyen la ordenaci\u00f3n de mujeres?\u201d, fue una de las preguntas.<\/p>\n<p>\u201cEste es un asunto muy delicado\u201d, dijo el pastor Elie Henry, presidente de la iglesia en Interam\u00e9rica. La ordenaci\u00f3n de la mujer ha sido un asunto que la iglesia ha estado tratando por muchos a\u00f1os hasta ahora, dijo.<\/p>\n<p><div id=\"attachment_81919\" style=\"width: 861px\" class=\"wp-caption aligncenter\"><img decoding=\"async\" aria-describedby=\"caption-attachment-81919\" class=\" wp-image-81919\" src=\"https:\/\/recursing-golick.147-182-135-0.plesk.page\/wp-content\/uploads\/2022\/02\/elie-henry-leadershiptalk-feb2022.png\" alt=\"\" width=\"851\" height=\"532\" srcset=\"https:\/\/interamerica.org\/wp-content\/uploads\/2022\/02\/elie-henry-leadershiptalk-feb2022.png 1000w, https:\/\/interamerica.org\/wp-content\/uploads\/2022\/02\/elie-henry-leadershiptalk-feb2022-300x188.png 300w, https:\/\/interamerica.org\/wp-content\/uploads\/2022\/02\/elie-henry-leadershiptalk-feb2022-768x480.png 768w\" sizes=\"(max-width: 851px) 100vw, 851px\" \/><p id=\"caption-attachment-81919\" class=\"wp-caption-text\">El presidente de la DIA, pastor Elie Henry, habla sobre la posici\u00f3n de la iglesia respecto a la ordenaci\u00f3n de la mujer. [Imagen: Captura de pantalla DIA]<\/p><\/div>\u201cNo hay un mandato expl\u00edcito en la Biblia en cuanto a la ordenaci\u00f3n de mujeres u hombres; sin embargo, tampoco hay ning\u00fan comentario en su contra\u201d, dijo el pastor Henry. \u201cEs all\u00ed donde tenemos dificultad en nuestra iglesia para encontrar la soluci\u00f3n a ese aspecto en este asunto espec\u00edfico\u201d.<\/p>\n<p>\u201cLo que tenemos que reconocer es que Dios les dio a los miembros de la iglesia muchos dones para su servicio y se los dio tanto a mujeres como a hombres\u201d, dijo.<\/p>\n<p>Hay una serie de ministerios, tales como el de di\u00e1conos y diaconisas, en donde ambos pueden ser ordenados; as\u00ed como los ancianos de iglesia, dijo. \u201cLo que entendemos es que la ordenaci\u00f3n tiene que ver con separar a personas para una espec\u00edfica obra para Dios y para el ministerio\u201d.<\/p>\n<p>Cuando se trata de pastores, dijo el pastor Henry, \u201cseguimos lo que la Asociaci\u00f3n General acept\u00f3 la \u00faltima vez como posici\u00f3n, la cual es que no es apropiado ordenar a mujeres pastoras\u201d.<\/p>\n<p>Otra de las preguntas atendidas fue. \u201c\u00bfQu\u00e9 podemos hacer para motivar a los j\u00f3venes a participar m\u00e1s en la iglesia?\u201d<\/p>\n<p><div id=\"attachment_81929\" style=\"width: 842px\" class=\"wp-caption aligncenter\"><img decoding=\"async\" aria-describedby=\"caption-attachment-81929\" class=\"wp-image-81929\" src=\"https:\/\/recursing-golick.147-182-135-0.plesk.page\/wp-content\/uploads\/2022\/02\/leonard-johnson-leadershiptalk-feb2022.png\" alt=\"\" width=\"832\" height=\"521\" srcset=\"https:\/\/interamerica.org\/wp-content\/uploads\/2022\/02\/leonard-johnson-leadershiptalk-feb2022.png 1000w, https:\/\/interamerica.org\/wp-content\/uploads\/2022\/02\/leonard-johnson-leadershiptalk-feb2022-300x188.png 300w, https:\/\/interamerica.org\/wp-content\/uploads\/2022\/02\/leonard-johnson-leadershiptalk-feb2022-768x480.png 768w\" sizes=\"(max-width: 832px) 100vw, 832px\" \/><p id=\"caption-attachment-81929\" class=\"wp-caption-text\">El pastor Leonard Johnson, secretario ejecutivo de la DIA, alienta a los dirigentes y miembros de iglesia a conectarse con los j\u00f3venes, escucharlos, hablar con ellos y asegurarse de que se les toma en cuenta e involucra en la vida y misi\u00f3n de la iglesia. [Imagen: Captura de pantalla DIA]<\/p><\/div>En su respuesta a la audiencia en l\u00ednea, el pastor Leonard Johnson, secretario ejecutivo de la iglesia en Interam\u00e9rica, dijo que los dirigentes y miembros necesitan tomar tiempo para conectarse con los j\u00f3venes. \u201cPasen tiempo con los j\u00f3venes, hablando con ellos y escuch\u00e1ndolos\u201d, dijo. \u201dPlanifiquen m\u00e1s actividades solo para ellos, a fin de que puedan permanecer en la iglesia\u201d.<\/p>\n<p>El pastor Johnson anim\u00f3 a los dirigentes y miembros a no hablar negativamente de la iglesia. \u201cDebo mostrarles a mis hijos a trav\u00e9s del ejemplo, que me emociona lo relativo a la iglesia\u201d. Es importante encontrar formas de motivar a los j\u00f3venes para que sean parte de la vida de la iglesia\u201d, a\u00f1adi\u00f3.<\/p>\n<p>Se dirigieron tambi\u00e9n otras preguntas en cuanto a la moda en el vestir, c\u00f3mo enfrenta la iglesia el asunto de matrimonios en uni\u00f3n libre que pueden ser reconocidos como matrimonios legales en diferentes pa\u00edses del territorio de la divisi\u00f3n; y acerca de actividades misioneras en favor de la comunidad en las que puede involucrarse cada congregaci\u00f3n local cada semana.<\/p>\n<p>Las sesiones <em>Charla de Liderazgo<\/em>\u00a0tratar\u00e1n tambi\u00e9n asuntos relacionados con empleados, asuntos organizacionales, de reglamentos, de resoluci\u00f3n de conflictos y otros asuntos, dijeron los organizadores. Las sesiones de di\u00e1logo son parte del plan estrat\u00e9gico de la divisi\u00f3n. Las preguntas dirigidas al panel de dirigentes pueden ser sometidas por parte de miembros de iglesia, ministros, directores de departamento, administradores, empleados, supervisores y otras personas, a trav\u00e9s de <a href=\"https:\/\/seld.interamerica.org\/\">leadership.interamerica.org<\/a><\/p>\n<p>La pr\u00f3xima sesi\u00f3n de <em>Charla de Liderazgo<\/em>\u00a0en Interam\u00e9rica se llevar\u00e1 a efecto el 31 de marzo de 2022, a las 8:00 p.m. a trav\u00e9s de <a href=\"https:\/\/www.youtube.com\/c\/InterAmericanDivision\">webcast.interamerica.org<\/a><\/p>\n<p>Para ver la sesi\u00f3n de <em>Leadership Talk <\/em>del 24 de febrero de 2022, pulsa:<\/p>\n<p>En ingl\u00e9s, pulsa <a href=\"https:\/\/www.youtube.com\/watch?v=_2b2t9t-STM\">AQU\u00cd<\/a><\/p>\n<p>En espa\u00f1ol, pulsa <a href=\"https:\/\/www.youtube.com\/watch?v=z51EUGmJsTk\">AQU\u00cd<\/a><\/p>\n<p>En franc\u00e9s, pulsa\u00a0<a href=\"https:\/\/www.youtube.com\/watch?v=uw8i4DtsW0k\">AQU\u00cd<\/a><\/p>\n<p>Traducci\u00f3n \u2013 Gloria A. Castrej\u00f3n<\/p>\n<p>&nbsp;<\/p>\n","protected":false},"excerpt":{"rendered":"<p>28 de febrero de 2022 | Miami, Florida, Estados Unidos | Libna Stevens, Noticias de la Divisi\u00f3n Interamericana La primera de una serie de sesiones de preguntas y respuestas sobre&#8230;<\/p>\n","protected":false},"author":3,"featured_media":81939,"comment_status":"closed","ping_status":"closed","sticky":false,"template":"","format":"standard","meta":{"_acf_changed":false,"footnotes":""},"categories":[16,15],"tags":[],"class_list":["post-81957","post","type-post","status-publish","format-standard","has-post-thumbnail","hentry","category-desde-la-sede","category-rss-espanol"],"acf":[],"yoast_head":"<!-- This site is optimized with the Yoast SEO plugin v27.3 - https:\/\/yoast.com\/product\/yoast-seo-wordpress\/ -->\n<title>Administradores responden a preguntas durante sesi\u00f3n \u2018Charla de Liderazgo&#039; - Iglesia Adventista del S\u00e9ptimo D\u00eda - Divisi\u00f3n Interamericana<\/title>\n<meta name=\"robots\" content=\"index, follow, max-snippet:-1, max-image-preview:large, max-video-preview:-1\" \/>\n<link rel=\"canonical\" href=\"https:\/\/interamerica.org\/es\/2022\/02\/administradores-responden-a-preguntas-durante-sesion-charla-de-liderazgo\/\" \/>\n<meta property=\"og:locale\" content=\"es_ES\" \/>\n<meta property=\"og:type\" content=\"article\" \/>\n<meta property=\"og:title\" content=\"Administradores responden a preguntas durante sesi\u00f3n \u2018Charla de Liderazgo&#039; - Iglesia Adventista del S\u00e9ptimo D\u00eda - Divisi\u00f3n Interamericana\" \/>\n<meta property=\"og:description\" content=\"28 de febrero de 2022 | Miami, Florida, Estados Unidos | Libna Stevens, Noticias de la Divisi\u00f3n Interamericana La primera de una serie de sesiones de preguntas y respuestas sobre...\" \/>\n<meta property=\"og:url\" content=\"https:\/\/interamerica.org\/es\/2022\/02\/administradores-responden-a-preguntas-durante-sesion-charla-de-liderazgo\/\" \/>\n<meta property=\"og:site_name\" content=\"Iglesia Adventista del S\u00e9ptimo D\u00eda - Divisi\u00f3n Interamericana\" \/>\n<meta property=\"article:published_time\" content=\"2022-03-01T01:39:31+00:00\" \/>\n<meta property=\"article:modified_time\" content=\"2022-03-02T16:39:58+00:00\" \/>\n<meta property=\"og:image\" content=\"https:\/\/interamerica.org\/wp-content\/uploads\/2022\/02\/iad-entrance-wide-yem21-16.jpg\" \/>\n\t<meta property=\"og:image:width\" content=\"1000\" \/>\n\t<meta property=\"og:image:height\" content=\"625\" \/>\n\t<meta property=\"og:image:type\" content=\"image\/jpeg\" \/>\n<meta name=\"author\" content=\"libna\" \/>\n<meta name=\"twitter:card\" content=\"summary_large_image\" \/>\n<meta name=\"twitter:label1\" content=\"Escrito por\" \/>\n\t<meta name=\"twitter:data1\" content=\"libna\" \/>\n\t<meta name=\"twitter:label2\" content=\"Tiempo de lectura\" \/>\n\t<meta name=\"twitter:data2\" content=\"5 minutos\" \/>\n<script type=\"application\/ld+json\" class=\"yoast-schema-graph\">{\"@context\":\"https:\\\/\\\/schema.org\",\"@graph\":[{\"@type\":\"Article\",\"@id\":\"https:\\\/\\\/interamerica.org\\\/es\\\/2022\\\/02\\\/administradores-responden-a-preguntas-durante-sesion-charla-de-liderazgo\\\/#article\",\"isPartOf\":{\"@id\":\"https:\\\/\\\/interamerica.org\\\/es\\\/2022\\\/02\\\/administradores-responden-a-preguntas-durante-sesion-charla-de-liderazgo\\\/\"},\"author\":{\"name\":\"libna\",\"@id\":\"https:\\\/\\\/interamerica.org\\\/es\\\/#\\\/schema\\\/person\\\/29998f2bc2d8bd0d38662909289b54f1\"},\"headline\":\"Administradores responden a preguntas durante sesi\u00f3n \u2018Charla de Liderazgo&#8217;\",\"datePublished\":\"2022-03-01T01:39:31+00:00\",\"dateModified\":\"2022-03-02T16:39:58+00:00\",\"mainEntityOfPage\":{\"@id\":\"https:\\\/\\\/interamerica.org\\\/es\\\/2022\\\/02\\\/administradores-responden-a-preguntas-durante-sesion-charla-de-liderazgo\\\/\"},\"wordCount\":1059,\"image\":{\"@id\":\"https:\\\/\\\/interamerica.org\\\/es\\\/2022\\\/02\\\/administradores-responden-a-preguntas-durante-sesion-charla-de-liderazgo\\\/#primaryimage\"},\"thumbnailUrl\":\"https:\\\/\\\/interamerica.org\\\/wp-content\\\/uploads\\\/2022\\\/02\\\/iad-entrance-wide-yem21-16.jpg\",\"articleSection\":[\"Desde la sede\",\"RSS Espa\u00f1ol\"],\"inLanguage\":\"es\"},{\"@type\":\"WebPage\",\"@id\":\"https:\\\/\\\/interamerica.org\\\/es\\\/2022\\\/02\\\/administradores-responden-a-preguntas-durante-sesion-charla-de-liderazgo\\\/\",\"url\":\"https:\\\/\\\/interamerica.org\\\/es\\\/2022\\\/02\\\/administradores-responden-a-preguntas-durante-sesion-charla-de-liderazgo\\\/\",\"name\":\"Administradores responden a preguntas durante sesi\u00f3n \u2018Charla de Liderazgo' - Iglesia Adventista del S\u00e9ptimo D\u00eda - Divisi\u00f3n Interamericana\",\"isPartOf\":{\"@id\":\"https:\\\/\\\/interamerica.org\\\/es\\\/#website\"},\"primaryImageOfPage\":{\"@id\":\"https:\\\/\\\/interamerica.org\\\/es\\\/2022\\\/02\\\/administradores-responden-a-preguntas-durante-sesion-charla-de-liderazgo\\\/#primaryimage\"},\"image\":{\"@id\":\"https:\\\/\\\/interamerica.org\\\/es\\\/2022\\\/02\\\/administradores-responden-a-preguntas-durante-sesion-charla-de-liderazgo\\\/#primaryimage\"},\"thumbnailUrl\":\"https:\\\/\\\/interamerica.org\\\/wp-content\\\/uploads\\\/2022\\\/02\\\/iad-entrance-wide-yem21-16.jpg\",\"datePublished\":\"2022-03-01T01:39:31+00:00\",\"dateModified\":\"2022-03-02T16:39:58+00:00\",\"author\":{\"@id\":\"https:\\\/\\\/interamerica.org\\\/es\\\/#\\\/schema\\\/person\\\/29998f2bc2d8bd0d38662909289b54f1\"},\"breadcrumb\":{\"@id\":\"https:\\\/\\\/interamerica.org\\\/es\\\/2022\\\/02\\\/administradores-responden-a-preguntas-durante-sesion-charla-de-liderazgo\\\/#breadcrumb\"},\"inLanguage\":\"es\",\"potentialAction\":[{\"@type\":\"ReadAction\",\"target\":[\"https:\\\/\\\/interamerica.org\\\/es\\\/2022\\\/02\\\/administradores-responden-a-preguntas-durante-sesion-charla-de-liderazgo\\\/\"]}]},{\"@type\":\"ImageObject\",\"inLanguage\":\"es\",\"@id\":\"https:\\\/\\\/interamerica.org\\\/es\\\/2022\\\/02\\\/administradores-responden-a-preguntas-durante-sesion-charla-de-liderazgo\\\/#primaryimage\",\"url\":\"https:\\\/\\\/interamerica.org\\\/wp-content\\\/uploads\\\/2022\\\/02\\\/iad-entrance-wide-yem21-16.jpg\",\"contentUrl\":\"https:\\\/\\\/interamerica.org\\\/wp-content\\\/uploads\\\/2022\\\/02\\\/iad-entrance-wide-yem21-16.jpg\",\"width\":1000,\"height\":625,\"caption\":\"[Imagen: Keila Trejo\\\/DIA]\"},{\"@type\":\"BreadcrumbList\",\"@id\":\"https:\\\/\\\/interamerica.org\\\/es\\\/2022\\\/02\\\/administradores-responden-a-preguntas-durante-sesion-charla-de-liderazgo\\\/#breadcrumb\",\"itemListElement\":[{\"@type\":\"ListItem\",\"position\":1,\"name\":\"Home\",\"item\":\"https:\\\/\\\/interamerica.org\\\/es\\\/\"},{\"@type\":\"ListItem\",\"position\":2,\"name\":\"Administradores responden a preguntas durante sesi\u00f3n \u2018Charla de Liderazgo&#8217;\"}]},{\"@type\":\"WebSite\",\"@id\":\"https:\\\/\\\/interamerica.org\\\/es\\\/#website\",\"url\":\"https:\\\/\\\/interamerica.org\\\/es\\\/\",\"name\":\"Iglesia Adventista del S\u00e9ptimo D\u00eda - Divisi\u00f3n Interamericana\",\"description\":\"\",\"potentialAction\":[{\"@type\":\"SearchAction\",\"target\":{\"@type\":\"EntryPoint\",\"urlTemplate\":\"https:\\\/\\\/interamerica.org\\\/es\\\/?s={search_term_string}\"},\"query-input\":{\"@type\":\"PropertyValueSpecification\",\"valueRequired\":true,\"valueName\":\"search_term_string\"}}],\"inLanguage\":\"es\"},{\"@type\":\"Person\",\"@id\":\"https:\\\/\\\/interamerica.org\\\/es\\\/#\\\/schema\\\/person\\\/29998f2bc2d8bd0d38662909289b54f1\",\"name\":\"libna\",\"image\":{\"@type\":\"ImageObject\",\"inLanguage\":\"es\",\"@id\":\"https:\\\/\\\/secure.gravatar.com\\\/avatar\\\/7c5bd30ae4b47a9ba3c856590957fd1d96dc588bf3ac05719d247e126840331f?s=96&d=mm&r=g\",\"url\":\"https:\\\/\\\/secure.gravatar.com\\\/avatar\\\/7c5bd30ae4b47a9ba3c856590957fd1d96dc588bf3ac05719d247e126840331f?s=96&d=mm&r=g\",\"contentUrl\":\"https:\\\/\\\/secure.gravatar.com\\\/avatar\\\/7c5bd30ae4b47a9ba3c856590957fd1d96dc588bf3ac05719d247e126840331f?s=96&d=mm&r=g\",\"caption\":\"libna\"}}]}<\/script>\n<!-- \/ Yoast SEO plugin. -->","yoast_head_json":{"title":"Administradores responden a preguntas durante sesi\u00f3n \u2018Charla de Liderazgo' - Iglesia Adventista del S\u00e9ptimo D\u00eda - Divisi\u00f3n Interamericana","robots":{"index":"index","follow":"follow","max-snippet":"max-snippet:-1","max-image-preview":"max-image-preview:large","max-video-preview":"max-video-preview:-1"},"canonical":"https:\/\/interamerica.org\/es\/2022\/02\/administradores-responden-a-preguntas-durante-sesion-charla-de-liderazgo\/","og_locale":"es_ES","og_type":"article","og_title":"Administradores responden a preguntas durante sesi\u00f3n \u2018Charla de Liderazgo' - Iglesia Adventista del S\u00e9ptimo D\u00eda - Divisi\u00f3n Interamericana","og_description":"28 de febrero de 2022 | Miami, Florida, Estados Unidos | Libna Stevens, Noticias de la Divisi\u00f3n Interamericana La primera de una serie de sesiones de preguntas y respuestas sobre...","og_url":"https:\/\/interamerica.org\/es\/2022\/02\/administradores-responden-a-preguntas-durante-sesion-charla-de-liderazgo\/","og_site_name":"Iglesia Adventista del S\u00e9ptimo D\u00eda - Divisi\u00f3n Interamericana","article_published_time":"2022-03-01T01:39:31+00:00","article_modified_time":"2022-03-02T16:39:58+00:00","og_image":[{"width":1000,"height":625,"url":"https:\/\/interamerica.org\/wp-content\/uploads\/2022\/02\/iad-entrance-wide-yem21-16.jpg","type":"image\/jpeg"}],"author":"libna","twitter_card":"summary_large_image","twitter_misc":{"Escrito por":"libna","Tiempo de lectura":"5 minutos"},"schema":{"@context":"https:\/\/schema.org","@graph":[{"@type":"Article","@id":"https:\/\/interamerica.org\/es\/2022\/02\/administradores-responden-a-preguntas-durante-sesion-charla-de-liderazgo\/#article","isPartOf":{"@id":"https:\/\/interamerica.org\/es\/2022\/02\/administradores-responden-a-preguntas-durante-sesion-charla-de-liderazgo\/"},"author":{"name":"libna","@id":"https:\/\/interamerica.org\/es\/#\/schema\/person\/29998f2bc2d8bd0d38662909289b54f1"},"headline":"Administradores responden a preguntas durante sesi\u00f3n \u2018Charla de Liderazgo&#8217;","datePublished":"2022-03-01T01:39:31+00:00","dateModified":"2022-03-02T16:39:58+00:00","mainEntityOfPage":{"@id":"https:\/\/interamerica.org\/es\/2022\/02\/administradores-responden-a-preguntas-durante-sesion-charla-de-liderazgo\/"},"wordCount":1059,"image":{"@id":"https:\/\/interamerica.org\/es\/2022\/02\/administradores-responden-a-preguntas-durante-sesion-charla-de-liderazgo\/#primaryimage"},"thumbnailUrl":"https:\/\/interamerica.org\/wp-content\/uploads\/2022\/02\/iad-entrance-wide-yem21-16.jpg","articleSection":["Desde la sede","RSS Espa\u00f1ol"],"inLanguage":"es"},{"@type":"WebPage","@id":"https:\/\/interamerica.org\/es\/2022\/02\/administradores-responden-a-preguntas-durante-sesion-charla-de-liderazgo\/","url":"https:\/\/interamerica.org\/es\/2022\/02\/administradores-responden-a-preguntas-durante-sesion-charla-de-liderazgo\/","name":"Administradores responden a preguntas durante sesi\u00f3n \u2018Charla de Liderazgo' - Iglesia Adventista del S\u00e9ptimo D\u00eda - Divisi\u00f3n Interamericana","isPartOf":{"@id":"https:\/\/interamerica.org\/es\/#website"},"primaryImageOfPage":{"@id":"https:\/\/interamerica.org\/es\/2022\/02\/administradores-responden-a-preguntas-durante-sesion-charla-de-liderazgo\/#primaryimage"},"image":{"@id":"https:\/\/interamerica.org\/es\/2022\/02\/administradores-responden-a-preguntas-durante-sesion-charla-de-liderazgo\/#primaryimage"},"thumbnailUrl":"https:\/\/interamerica.org\/wp-content\/uploads\/2022\/02\/iad-entrance-wide-yem21-16.jpg","datePublished":"2022-03-01T01:39:31+00:00","dateModified":"2022-03-02T16:39:58+00:00","author":{"@id":"https:\/\/interamerica.org\/es\/#\/schema\/person\/29998f2bc2d8bd0d38662909289b54f1"},"breadcrumb":{"@id":"https:\/\/interamerica.org\/es\/2022\/02\/administradores-responden-a-preguntas-durante-sesion-charla-de-liderazgo\/#breadcrumb"},"inLanguage":"es","potentialAction":[{"@type":"ReadAction","target":["https:\/\/interamerica.org\/es\/2022\/02\/administradores-responden-a-preguntas-durante-sesion-charla-de-liderazgo\/"]}]},{"@type":"ImageObject","inLanguage":"es","@id":"https:\/\/interamerica.org\/es\/2022\/02\/administradores-responden-a-preguntas-durante-sesion-charla-de-liderazgo\/#primaryimage","url":"https:\/\/interamerica.org\/wp-content\/uploads\/2022\/02\/iad-entrance-wide-yem21-16.jpg","contentUrl":"https:\/\/interamerica.org\/wp-content\/uploads\/2022\/02\/iad-entrance-wide-yem21-16.jpg","width":1000,"height":625,"caption":"[Imagen: Keila Trejo\/DIA]"},{"@type":"BreadcrumbList","@id":"https:\/\/interamerica.org\/es\/2022\/02\/administradores-responden-a-preguntas-durante-sesion-charla-de-liderazgo\/#breadcrumb","itemListElement":[{"@type":"ListItem","position":1,"name":"Home","item":"https:\/\/interamerica.org\/es\/"},{"@type":"ListItem","position":2,"name":"Administradores responden a preguntas durante sesi\u00f3n \u2018Charla de Liderazgo&#8217;"}]},{"@type":"WebSite","@id":"https:\/\/interamerica.org\/es\/#website","url":"https:\/\/interamerica.org\/es\/","name":"Iglesia Adventista del S\u00e9ptimo D\u00eda - Divisi\u00f3n Interamericana","description":"","potentialAction":[{"@type":"SearchAction","target":{"@type":"EntryPoint","urlTemplate":"https:\/\/interamerica.org\/es\/?s={search_term_string}"},"query-input":{"@type":"PropertyValueSpecification","valueRequired":true,"valueName":"search_term_string"}}],"inLanguage":"es"},{"@type":"Person","@id":"https:\/\/interamerica.org\/es\/#\/schema\/person\/29998f2bc2d8bd0d38662909289b54f1","name":"libna","image":{"@type":"ImageObject","inLanguage":"es","@id":"https:\/\/secure.gravatar.com\/avatar\/7c5bd30ae4b47a9ba3c856590957fd1d96dc588bf3ac05719d247e126840331f?s=96&d=mm&r=g","url":"https:\/\/secure.gravatar.com\/avatar\/7c5bd30ae4b47a9ba3c856590957fd1d96dc588bf3ac05719d247e126840331f?s=96&d=mm&r=g","contentUrl":"https:\/\/secure.gravatar.com\/avatar\/7c5bd30ae4b47a9ba3c856590957fd1d96dc588bf3ac05719d247e126840331f?s=96&d=mm&r=g","caption":"libna"}}]}},"_links":{"self":[{"href":"https:\/\/interamerica.org\/es\/wp-json\/wp\/v2\/posts\/81957","targetHints":{"allow":["GET"]}}],"collection":[{"href":"https:\/\/interamerica.org\/es\/wp-json\/wp\/v2\/posts"}],"about":[{"href":"https:\/\/interamerica.org\/es\/wp-json\/wp\/v2\/types\/post"}],"author":[{"embeddable":true,"href":"https:\/\/interamerica.org\/es\/wp-json\/wp\/v2\/users\/3"}],"replies":[{"embeddable":true,"href":"https:\/\/interamerica.org\/es\/wp-json\/wp\/v2\/comments?post=81957"}],"version-history":[{"count":0,"href":"https:\/\/interamerica.org\/es\/wp-json\/wp\/v2\/posts\/81957\/revisions"}],"wp:featuredmedia":[{"embeddable":true,"href":"https:\/\/interamerica.org\/es\/wp-json\/wp\/v2\/media\/81939"}],"wp:attachment":[{"href":"https:\/\/interamerica.org\/es\/wp-json\/wp\/v2\/media?parent=81957"}],"wp:term":[{"taxonomy":"category","embeddable":true,"href":"https:\/\/interamerica.org\/es\/wp-json\/wp\/v2\/categories?post=81957"},{"taxonomy":"post_tag","embeddable":true,"href":"https:\/\/interamerica.org\/es\/wp-json\/wp\/v2\/tags?post=81957"}],"curies":[{"name":"wp","href":"https:\/\/api.w.org\/{rel}","templated":true}]}}