{"id":82051,"date":"2022-03-04T11:00:13","date_gmt":"2022-03-04T15:00:13","guid":{"rendered":"https:\/\/recursing-golick.147-182-135-0.plesk.page\/?p=82051"},"modified":"2022-03-04T11:46:21","modified_gmt":"2022-03-04T15:46:21","slug":"orando-en-los-ultimos-dias","status":"publish","type":"post","link":"https:\/\/interamerica.org\/es\/2022\/03\/orando-en-los-ultimos-dias\/","title":{"rendered":"Orando en los \u00faltimos d\u00edas"},"content":{"rendered":"<p><em>A continuaci\u00f3n se encuentra una transcripci\u00f3n de un mensaje dirigido a la Iglesia Adventista del S\u00e9ptimo D\u00eda en Interam\u00e9rica por el presidente de la Divisi\u00f3n Interamericana, Elie Henry\u2013Personal de noticias de la DIA<\/em><\/p>\n<p>4 de marzo de 2022 | Miami, Florida, Estados Unidos | Por Elie Henry, presidente de la Iglesia Adventista del S\u00e9ptimo D\u00eda Divisi\u00f3n Interamericana<\/p>\n<p><span style=\"font-weight: 400;\">Hola, Feliz S\u00e1bado.<\/span><\/p>\n<p><span style=\"font-weight: 400;\">Hoy les saludo en compa\u00f1\u00eda de mi esposa Ketlie, con quien me alegra mucho participar del d\u00eda de oraci\u00f3n del Ministerio de la Mujer. Hola Ketlie<\/span><\/p>\n<p><b><i>KETLIE:<\/i><\/b><\/p>\n<p><i><span style=\"font-weight: 400;\">Hola, y Feliz S\u00e1bado. Me alegra saludarles tambi\u00e9n. Hoy queremos recordar con ustedes a una dama que es reconocida en la Biblia como una mujer de fe. Me refiero a Sara, la esposa de Abraham.<\/span><\/i><\/p>\n<p><i><span style=\"font-weight: 400;\">Cuando leemos su historia en G\u00e9nesis, podemos imaginar desde su perspectiva todo lo que ella vivi\u00f3 como migrante, viajando con su esposo de un lugar a otro, pasando por pruebas, amenazas, experimentando incertidumbre&#8230; Y cuando era ya mayor, en lo que parec\u00eda el final de sus d\u00edas, Dios la hizo re\u00edr cuando le dijo que tendr\u00eda a un beb\u00e9.<\/span><\/i><\/p>\n<p><b>PASTOR HENRY:<\/b><\/p>\n<p><span style=\"font-weight: 400;\">En la Ep\u00edstola a los <\/span><b>Hebreo<\/b><span style=\"font-weight: 400;\">s, cap\u00edtulo<\/span><b> 11 y vers\u00edculo 11, <\/b><span style=\"font-weight: 400;\">el Apostol Pablo<\/span> <span style=\"font-weight: 400;\">se refiere a ella de la siguiente manera:<\/span><\/p>\n<p><b>\u201cPor la fe tambi\u00e9n la misma Sara, siendo est\u00e9ril, recibi\u00f3 fuerza para concebir; y dio a luz aun fuera del tiempo de la edad, porque crey\u00f3 que era fiel quien lo hab\u00eda prometido.\u201d<\/b><\/p>\n<p><span style=\"font-weight: 400;\">Ketlie, y hermanas y hermanos, \u00bfSaben? nuestra historia no es muy diferente a la de Sara: Considerando que tambi\u00e9n somos migrantes en este mundo, viviendo en incertidumbre, rodeados de tantos problemas en la etapa final de la historia.\u00a0<\/span><\/p>\n<p><span style=\"font-weight: 400;\">Pero quiz\u00e1, Dios quiere hacernos re\u00edr tambi\u00e9n, asegurando que Sus promesas se van a cumplir en nosotros.<\/span><\/p>\n<p><span style=\"font-weight: 400;\">Hoy las damas se unen en oraci\u00f3n, pero como familia de fe todos nos unimos a ellas tambi\u00e9n. Considerando el tema que el Ministerio de la Mujer ha elegido para el d\u00eda de hoy: \u201cOrando en los \u00daltimos D\u00edas\u201d, les invito a que lo hagamos agradeciendo a Dios por Su fidelidad, y pidi\u00e9ndole que fortalezca nuestra fe y nos de fuerza, porque anhelamos reunirnos muy pronto con \u00c9l, cara a cara.\u00a0<\/span><\/p>\n<p><span style=\"font-weight: 400;\">Dios les bendiga.<\/span><\/p>\n<p>&nbsp;<\/p>\n<p><iframe title=\"Orando en los \u00daltimos D\u00edas - Pastor Elie Henry\" width=\"500\" height=\"281\" src=\"https:\/\/www.youtube.com\/embed\/sVPVjsWMkqk?feature=oembed\" frameborder=\"0\" allow=\"accelerometer; autoplay; clipboard-write; encrypted-media; gyroscope; picture-in-picture; web-share\" referrerpolicy=\"strict-origin-when-cross-origin\" allowfullscreen><\/iframe><\/p>\n","protected":false},"excerpt":{"rendered":"<p>A continuaci\u00f3n se encuentra una transcripci\u00f3n de un mensaje dirigido a la Iglesia Adventista del S\u00e9ptimo D\u00eda en Interam\u00e9rica por el presidente de la Divisi\u00f3n Interamericana, Elie Henry\u2013Personal de noticias&#8230;<\/p>\n","protected":false},"author":3,"featured_media":82089,"comment_status":"closed","ping_status":"closed","sticky":false,"template":"","format":"standard","meta":{"_acf_changed":false,"footnotes":""},"categories":[16,15],"tags":[],"class_list":["post-82051","post","type-post","status-publish","format-standard","has-post-thumbnail","hentry","category-desde-la-sede","category-rss-espanol"],"acf":[],"yoast_head":"<!-- This site is optimized with the Yoast SEO plugin v27.3 - https:\/\/yoast.com\/product\/yoast-seo-wordpress\/ -->\n<title>Orando en los \u00faltimos d\u00edas - Iglesia Adventista del S\u00e9ptimo D\u00eda - Divisi\u00f3n Interamericana<\/title>\n<meta name=\"robots\" content=\"index, follow, max-snippet:-1, max-image-preview:large, max-video-preview:-1\" \/>\n<link rel=\"canonical\" href=\"https:\/\/interamerica.org\/es\/2022\/03\/orando-en-los-ultimos-dias\/\" \/>\n<meta property=\"og:locale\" content=\"es_ES\" \/>\n<meta property=\"og:type\" content=\"article\" \/>\n<meta property=\"og:title\" content=\"Orando en los \u00faltimos d\u00edas - Iglesia Adventista del S\u00e9ptimo D\u00eda - Divisi\u00f3n Interamericana\" \/>\n<meta property=\"og:description\" content=\"A continuaci\u00f3n se encuentra una transcripci\u00f3n de un mensaje dirigido a la Iglesia Adventista del S\u00e9ptimo D\u00eda en Interam\u00e9rica por el presidente de la Divisi\u00f3n Interamericana, Elie Henry\u2013Personal de noticias...\" \/>\n<meta property=\"og:url\" content=\"https:\/\/interamerica.org\/es\/2022\/03\/orando-en-los-ultimos-dias\/\" \/>\n<meta property=\"og:site_name\" content=\"Iglesia Adventista del S\u00e9ptimo D\u00eda - Divisi\u00f3n Interamericana\" \/>\n<meta property=\"article:published_time\" content=\"2022-03-04T15:00:13+00:00\" \/>\n<meta property=\"article:modified_time\" content=\"2022-03-04T15:46:21+00:00\" \/>\n<meta property=\"og:image\" content=\"https:\/\/interamerica.org\/wp-content\/uploads\/2022\/03\/elie-henry-mar4-thumb-esp.png\" \/>\n\t<meta property=\"og:image:width\" content=\"1000\" \/>\n\t<meta property=\"og:image:height\" content=\"562\" \/>\n\t<meta property=\"og:image:type\" content=\"image\/png\" \/>\n<meta name=\"author\" content=\"libna\" \/>\n<meta name=\"twitter:card\" content=\"summary_large_image\" \/>\n<meta name=\"twitter:label1\" content=\"Escrito por\" \/>\n\t<meta name=\"twitter:data1\" content=\"libna\" \/>\n\t<meta name=\"twitter:label2\" content=\"Tiempo de lectura\" \/>\n\t<meta name=\"twitter:data2\" content=\"2 minutos\" \/>\n<script type=\"application\/ld+json\" class=\"yoast-schema-graph\">{\"@context\":\"https:\\\/\\\/schema.org\",\"@graph\":[{\"@type\":\"Article\",\"@id\":\"https:\\\/\\\/interamerica.org\\\/es\\\/2022\\\/03\\\/orando-en-los-ultimos-dias\\\/#article\",\"isPartOf\":{\"@id\":\"https:\\\/\\\/interamerica.org\\\/es\\\/2022\\\/03\\\/orando-en-los-ultimos-dias\\\/\"},\"author\":{\"name\":\"libna\",\"@id\":\"https:\\\/\\\/interamerica.org\\\/es\\\/#\\\/schema\\\/person\\\/29998f2bc2d8bd0d38662909289b54f1\"},\"headline\":\"Orando en los \u00faltimos d\u00edas\",\"datePublished\":\"2022-03-04T15:00:13+00:00\",\"dateModified\":\"2022-03-04T15:46:21+00:00\",\"mainEntityOfPage\":{\"@id\":\"https:\\\/\\\/interamerica.org\\\/es\\\/2022\\\/03\\\/orando-en-los-ultimos-dias\\\/\"},\"wordCount\":411,\"image\":{\"@id\":\"https:\\\/\\\/interamerica.org\\\/es\\\/2022\\\/03\\\/orando-en-los-ultimos-dias\\\/#primaryimage\"},\"thumbnailUrl\":\"https:\\\/\\\/interamerica.org\\\/wp-content\\\/uploads\\\/2022\\\/03\\\/elie-henry-mar4-thumb-esp.png\",\"articleSection\":[\"Desde la sede\",\"RSS Espa\u00f1ol\"],\"inLanguage\":\"es\"},{\"@type\":\"WebPage\",\"@id\":\"https:\\\/\\\/interamerica.org\\\/es\\\/2022\\\/03\\\/orando-en-los-ultimos-dias\\\/\",\"url\":\"https:\\\/\\\/interamerica.org\\\/es\\\/2022\\\/03\\\/orando-en-los-ultimos-dias\\\/\",\"name\":\"Orando en los \u00faltimos d\u00edas - Iglesia Adventista del S\u00e9ptimo D\u00eda - Divisi\u00f3n Interamericana\",\"isPartOf\":{\"@id\":\"https:\\\/\\\/interamerica.org\\\/es\\\/#website\"},\"primaryImageOfPage\":{\"@id\":\"https:\\\/\\\/interamerica.org\\\/es\\\/2022\\\/03\\\/orando-en-los-ultimos-dias\\\/#primaryimage\"},\"image\":{\"@id\":\"https:\\\/\\\/interamerica.org\\\/es\\\/2022\\\/03\\\/orando-en-los-ultimos-dias\\\/#primaryimage\"},\"thumbnailUrl\":\"https:\\\/\\\/interamerica.org\\\/wp-content\\\/uploads\\\/2022\\\/03\\\/elie-henry-mar4-thumb-esp.png\",\"datePublished\":\"2022-03-04T15:00:13+00:00\",\"dateModified\":\"2022-03-04T15:46:21+00:00\",\"author\":{\"@id\":\"https:\\\/\\\/interamerica.org\\\/es\\\/#\\\/schema\\\/person\\\/29998f2bc2d8bd0d38662909289b54f1\"},\"breadcrumb\":{\"@id\":\"https:\\\/\\\/interamerica.org\\\/es\\\/2022\\\/03\\\/orando-en-los-ultimos-dias\\\/#breadcrumb\"},\"inLanguage\":\"es\",\"potentialAction\":[{\"@type\":\"ReadAction\",\"target\":[\"https:\\\/\\\/interamerica.org\\\/es\\\/2022\\\/03\\\/orando-en-los-ultimos-dias\\\/\"]}]},{\"@type\":\"ImageObject\",\"inLanguage\":\"es\",\"@id\":\"https:\\\/\\\/interamerica.org\\\/es\\\/2022\\\/03\\\/orando-en-los-ultimos-dias\\\/#primaryimage\",\"url\":\"https:\\\/\\\/interamerica.org\\\/wp-content\\\/uploads\\\/2022\\\/03\\\/elie-henry-mar4-thumb-esp.png\",\"contentUrl\":\"https:\\\/\\\/interamerica.org\\\/wp-content\\\/uploads\\\/2022\\\/03\\\/elie-henry-mar4-thumb-esp.png\",\"width\":1000,\"height\":562},{\"@type\":\"BreadcrumbList\",\"@id\":\"https:\\\/\\\/interamerica.org\\\/es\\\/2022\\\/03\\\/orando-en-los-ultimos-dias\\\/#breadcrumb\",\"itemListElement\":[{\"@type\":\"ListItem\",\"position\":1,\"name\":\"Home\",\"item\":\"https:\\\/\\\/interamerica.org\\\/es\\\/\"},{\"@type\":\"ListItem\",\"position\":2,\"name\":\"Orando en los \u00faltimos d\u00edas\"}]},{\"@type\":\"WebSite\",\"@id\":\"https:\\\/\\\/interamerica.org\\\/es\\\/#website\",\"url\":\"https:\\\/\\\/interamerica.org\\\/es\\\/\",\"name\":\"Iglesia Adventista del S\u00e9ptimo D\u00eda - Divisi\u00f3n Interamericana\",\"description\":\"\",\"potentialAction\":[{\"@type\":\"SearchAction\",\"target\":{\"@type\":\"EntryPoint\",\"urlTemplate\":\"https:\\\/\\\/interamerica.org\\\/es\\\/?s={search_term_string}\"},\"query-input\":{\"@type\":\"PropertyValueSpecification\",\"valueRequired\":true,\"valueName\":\"search_term_string\"}}],\"inLanguage\":\"es\"},{\"@type\":\"Person\",\"@id\":\"https:\\\/\\\/interamerica.org\\\/es\\\/#\\\/schema\\\/person\\\/29998f2bc2d8bd0d38662909289b54f1\",\"name\":\"libna\",\"image\":{\"@type\":\"ImageObject\",\"inLanguage\":\"es\",\"@id\":\"https:\\\/\\\/secure.gravatar.com\\\/avatar\\\/7c5bd30ae4b47a9ba3c856590957fd1d96dc588bf3ac05719d247e126840331f?s=96&d=mm&r=g\",\"url\":\"https:\\\/\\\/secure.gravatar.com\\\/avatar\\\/7c5bd30ae4b47a9ba3c856590957fd1d96dc588bf3ac05719d247e126840331f?s=96&d=mm&r=g\",\"contentUrl\":\"https:\\\/\\\/secure.gravatar.com\\\/avatar\\\/7c5bd30ae4b47a9ba3c856590957fd1d96dc588bf3ac05719d247e126840331f?s=96&d=mm&r=g\",\"caption\":\"libna\"}}]}<\/script>\n<!-- \/ Yoast SEO plugin. -->","yoast_head_json":{"title":"Orando en los \u00faltimos d\u00edas - Iglesia Adventista del S\u00e9ptimo D\u00eda - Divisi\u00f3n Interamericana","robots":{"index":"index","follow":"follow","max-snippet":"max-snippet:-1","max-image-preview":"max-image-preview:large","max-video-preview":"max-video-preview:-1"},"canonical":"https:\/\/interamerica.org\/es\/2022\/03\/orando-en-los-ultimos-dias\/","og_locale":"es_ES","og_type":"article","og_title":"Orando en los \u00faltimos d\u00edas - Iglesia Adventista del S\u00e9ptimo D\u00eda - Divisi\u00f3n Interamericana","og_description":"A continuaci\u00f3n se encuentra una transcripci\u00f3n de un mensaje dirigido a la Iglesia Adventista del S\u00e9ptimo D\u00eda en Interam\u00e9rica por el presidente de la Divisi\u00f3n Interamericana, Elie Henry\u2013Personal de noticias...","og_url":"https:\/\/interamerica.org\/es\/2022\/03\/orando-en-los-ultimos-dias\/","og_site_name":"Iglesia Adventista del S\u00e9ptimo D\u00eda - Divisi\u00f3n Interamericana","article_published_time":"2022-03-04T15:00:13+00:00","article_modified_time":"2022-03-04T15:46:21+00:00","og_image":[{"width":1000,"height":562,"url":"https:\/\/interamerica.org\/wp-content\/uploads\/2022\/03\/elie-henry-mar4-thumb-esp.png","type":"image\/png"}],"author":"libna","twitter_card":"summary_large_image","twitter_misc":{"Escrito por":"libna","Tiempo de lectura":"2 minutos"},"schema":{"@context":"https:\/\/schema.org","@graph":[{"@type":"Article","@id":"https:\/\/interamerica.org\/es\/2022\/03\/orando-en-los-ultimos-dias\/#article","isPartOf":{"@id":"https:\/\/interamerica.org\/es\/2022\/03\/orando-en-los-ultimos-dias\/"},"author":{"name":"libna","@id":"https:\/\/interamerica.org\/es\/#\/schema\/person\/29998f2bc2d8bd0d38662909289b54f1"},"headline":"Orando en los \u00faltimos d\u00edas","datePublished":"2022-03-04T15:00:13+00:00","dateModified":"2022-03-04T15:46:21+00:00","mainEntityOfPage":{"@id":"https:\/\/interamerica.org\/es\/2022\/03\/orando-en-los-ultimos-dias\/"},"wordCount":411,"image":{"@id":"https:\/\/interamerica.org\/es\/2022\/03\/orando-en-los-ultimos-dias\/#primaryimage"},"thumbnailUrl":"https:\/\/interamerica.org\/wp-content\/uploads\/2022\/03\/elie-henry-mar4-thumb-esp.png","articleSection":["Desde la sede","RSS Espa\u00f1ol"],"inLanguage":"es"},{"@type":"WebPage","@id":"https:\/\/interamerica.org\/es\/2022\/03\/orando-en-los-ultimos-dias\/","url":"https:\/\/interamerica.org\/es\/2022\/03\/orando-en-los-ultimos-dias\/","name":"Orando en los \u00faltimos d\u00edas - Iglesia Adventista del S\u00e9ptimo D\u00eda - Divisi\u00f3n Interamericana","isPartOf":{"@id":"https:\/\/interamerica.org\/es\/#website"},"primaryImageOfPage":{"@id":"https:\/\/interamerica.org\/es\/2022\/03\/orando-en-los-ultimos-dias\/#primaryimage"},"image":{"@id":"https:\/\/interamerica.org\/es\/2022\/03\/orando-en-los-ultimos-dias\/#primaryimage"},"thumbnailUrl":"https:\/\/interamerica.org\/wp-content\/uploads\/2022\/03\/elie-henry-mar4-thumb-esp.png","datePublished":"2022-03-04T15:00:13+00:00","dateModified":"2022-03-04T15:46:21+00:00","author":{"@id":"https:\/\/interamerica.org\/es\/#\/schema\/person\/29998f2bc2d8bd0d38662909289b54f1"},"breadcrumb":{"@id":"https:\/\/interamerica.org\/es\/2022\/03\/orando-en-los-ultimos-dias\/#breadcrumb"},"inLanguage":"es","potentialAction":[{"@type":"ReadAction","target":["https:\/\/interamerica.org\/es\/2022\/03\/orando-en-los-ultimos-dias\/"]}]},{"@type":"ImageObject","inLanguage":"es","@id":"https:\/\/interamerica.org\/es\/2022\/03\/orando-en-los-ultimos-dias\/#primaryimage","url":"https:\/\/interamerica.org\/wp-content\/uploads\/2022\/03\/elie-henry-mar4-thumb-esp.png","contentUrl":"https:\/\/interamerica.org\/wp-content\/uploads\/2022\/03\/elie-henry-mar4-thumb-esp.png","width":1000,"height":562},{"@type":"BreadcrumbList","@id":"https:\/\/interamerica.org\/es\/2022\/03\/orando-en-los-ultimos-dias\/#breadcrumb","itemListElement":[{"@type":"ListItem","position":1,"name":"Home","item":"https:\/\/interamerica.org\/es\/"},{"@type":"ListItem","position":2,"name":"Orando en los \u00faltimos d\u00edas"}]},{"@type":"WebSite","@id":"https:\/\/interamerica.org\/es\/#website","url":"https:\/\/interamerica.org\/es\/","name":"Iglesia Adventista del S\u00e9ptimo D\u00eda - Divisi\u00f3n Interamericana","description":"","potentialAction":[{"@type":"SearchAction","target":{"@type":"EntryPoint","urlTemplate":"https:\/\/interamerica.org\/es\/?s={search_term_string}"},"query-input":{"@type":"PropertyValueSpecification","valueRequired":true,"valueName":"search_term_string"}}],"inLanguage":"es"},{"@type":"Person","@id":"https:\/\/interamerica.org\/es\/#\/schema\/person\/29998f2bc2d8bd0d38662909289b54f1","name":"libna","image":{"@type":"ImageObject","inLanguage":"es","@id":"https:\/\/secure.gravatar.com\/avatar\/7c5bd30ae4b47a9ba3c856590957fd1d96dc588bf3ac05719d247e126840331f?s=96&d=mm&r=g","url":"https:\/\/secure.gravatar.com\/avatar\/7c5bd30ae4b47a9ba3c856590957fd1d96dc588bf3ac05719d247e126840331f?s=96&d=mm&r=g","contentUrl":"https:\/\/secure.gravatar.com\/avatar\/7c5bd30ae4b47a9ba3c856590957fd1d96dc588bf3ac05719d247e126840331f?s=96&d=mm&r=g","caption":"libna"}}]}},"_links":{"self":[{"href":"https:\/\/interamerica.org\/es\/wp-json\/wp\/v2\/posts\/82051","targetHints":{"allow":["GET"]}}],"collection":[{"href":"https:\/\/interamerica.org\/es\/wp-json\/wp\/v2\/posts"}],"about":[{"href":"https:\/\/interamerica.org\/es\/wp-json\/wp\/v2\/types\/post"}],"author":[{"embeddable":true,"href":"https:\/\/interamerica.org\/es\/wp-json\/wp\/v2\/users\/3"}],"replies":[{"embeddable":true,"href":"https:\/\/interamerica.org\/es\/wp-json\/wp\/v2\/comments?post=82051"}],"version-history":[{"count":0,"href":"https:\/\/interamerica.org\/es\/wp-json\/wp\/v2\/posts\/82051\/revisions"}],"wp:featuredmedia":[{"embeddable":true,"href":"https:\/\/interamerica.org\/es\/wp-json\/wp\/v2\/media\/82089"}],"wp:attachment":[{"href":"https:\/\/interamerica.org\/es\/wp-json\/wp\/v2\/media?parent=82051"}],"wp:term":[{"taxonomy":"category","embeddable":true,"href":"https:\/\/interamerica.org\/es\/wp-json\/wp\/v2\/categories?post=82051"},{"taxonomy":"post_tag","embeddable":true,"href":"https:\/\/interamerica.org\/es\/wp-json\/wp\/v2\/tags?post=82051"}],"curies":[{"name":"wp","href":"https:\/\/api.w.org\/{rel}","templated":true}]}}