{"id":82164,"date":"2022-03-03T16:50:07","date_gmt":"2022-03-03T20:50:07","guid":{"rendered":"https:\/\/recursing-golick.147-182-135-0.plesk.page\/?p=82164"},"modified":"2022-03-04T11:42:02","modified_gmt":"2022-03-04T15:42:02","slug":"actualizacion-sobre-el-congreso-de-la-asociacion-general","status":"publish","type":"post","link":"https:\/\/interamerica.org\/es\/2022\/03\/actualizacion-sobre-el-congreso-de-la-asociacion-general\/","title":{"rendered":"Actualizaci\u00f3n sobre el Congreso de la Asociaci\u00f3n General"},"content":{"rendered":"<h4>Organizadores del congreso abren el evento al p\u00fablico<\/h4>\n<p>3 de marzo de 2022 | Silver Spring, Maryland, Estados Unidos | Red de Noticias Adventistas y Adventist Review<\/p>\n<p>La Iglesia Adventistas del S\u00e9ptimo D\u00eda se complace en anunciar que el Congreso de la Asociaci\u00f3n General estar\u00e1 abriendo sus puertas al p\u00fablico. Todos son invitados a asistir a las sesiones de la asamblea y a los programas de la noche. El Congreso de la Asociaci\u00f3n General es el encuentro quinquenal de la Junta Directiva de la Asociaci\u00f3n General, su \u00f3rgano m\u00e1s grande de gobierno, y se llevar\u00e1 a cabo en St. Louis, Missouri, Estados Unidos, del 6-11 de junio de 2022.<\/p>\n<p>La salud y la seguridad de todos los asistentes es nuestra principal prioridad. Por ello, contaremos con saneamiento especial, amplio espacio para respetar el distanciamiento social, adem\u00e1s de otras medidas y pautas de seguridad recomendadas por los Centros de Control y Prevenci\u00f3n de las Enfermedades (CDC). Continuaremos monitoreando la situaci\u00f3n del actual coronavirus, evaluando y adapt\u00e1ndonos seg\u00fan sea necesario en beneficio de la seguridad de todos.<\/p>\n<p>El Congreso de la Asociaci\u00f3n General se desarrollar\u00e1 en el Complejo America\u2019s Center en St. Louis. Puede consultar las \u00faltimas actualizaciones y la informaci\u00f3n en nuestro sitio web <a href=\"http:\/\/www.gcsession.org\/\" target=\"_blank\" rel=\"noopener\">www.gcsession.org<\/a>.<\/p>\n<p>Para planificar su estad\u00eda, visite el siguiente sitio web [<a href=\"https:\/\/book.passkey.com\/event\/50229177\/owner\/1418\/home\" target=\"_blank\" rel=\"noopener\">https:\/\/book.passkey.com\/event\/50229177\/owner\/1418\/home<\/a>] para ubicar un hotel que est\u00e9 a corta distancia del Complejo America\u2019s Center. Tambi\u00e9n puede adquirir boletos para las comidas. Para ello, ingrese al siguiente sitio. [<a href=\"https:\/\/external.adventist.org\/SessionMeals\" target=\"_blank\" rel=\"noopener\">https:\/\/external.adventist.org\/SessionMeals<\/a>]<\/p>\n<p>\u00a1Esperamos con ansias encontrarnos en St. Louis!<\/p>\n<p>Traducci\u00f3n de Marcos Paseggi<\/p>\n","protected":false},"excerpt":{"rendered":"<p>Organizadores del congreso abren el evento al p\u00fablico 3 de marzo de 2022 | Silver Spring, Maryland, Estados Unidos | Red de Noticias Adventistas y Adventist Review La Iglesia Adventistas&#8230;<\/p>\n","protected":false},"author":3,"featured_media":82121,"comment_status":"closed","ping_status":"closed","sticky":false,"template":"","format":"standard","meta":{"_acf_changed":false,"footnotes":""},"categories":[14,15],"tags":[],"class_list":["post-82164","post","type-post","status-publish","format-standard","has-post-thumbnail","hentry","category-de-la-iglesia-mundial","category-rss-espanol"],"acf":[],"yoast_head":"<!-- This site is optimized with the Yoast SEO plugin v27.3 - https:\/\/yoast.com\/product\/yoast-seo-wordpress\/ -->\n<title>Actualizaci\u00f3n sobre el Congreso de la Asociaci\u00f3n General - Iglesia Adventista del S\u00e9ptimo D\u00eda - Divisi\u00f3n Interamericana<\/title>\n<meta name=\"robots\" content=\"index, follow, max-snippet:-1, max-image-preview:large, max-video-preview:-1\" \/>\n<link rel=\"canonical\" href=\"https:\/\/interamerica.org\/es\/2022\/03\/actualizacion-sobre-el-congreso-de-la-asociacion-general\/\" \/>\n<meta property=\"og:locale\" content=\"es_ES\" \/>\n<meta property=\"og:type\" content=\"article\" \/>\n<meta property=\"og:title\" content=\"Actualizaci\u00f3n sobre el Congreso de la Asociaci\u00f3n General - Iglesia Adventista del S\u00e9ptimo D\u00eda - Divisi\u00f3n Interamericana\" \/>\n<meta property=\"og:description\" content=\"Organizadores del congreso abren el evento al p\u00fablico 3 de marzo de 2022 | Silver Spring, Maryland, Estados Unidos | Red de Noticias Adventistas y Adventist Review La Iglesia Adventistas...\" \/>\n<meta property=\"og:url\" content=\"https:\/\/interamerica.org\/es\/2022\/03\/actualizacion-sobre-el-congreso-de-la-asociacion-general\/\" \/>\n<meta property=\"og:site_name\" content=\"Iglesia Adventista del S\u00e9ptimo D\u00eda - Divisi\u00f3n Interamericana\" \/>\n<meta property=\"article:published_time\" content=\"2022-03-03T20:50:07+00:00\" \/>\n<meta property=\"article:modified_time\" content=\"2022-03-04T15:42:02+00:00\" \/>\n<meta property=\"og:image\" content=\"https:\/\/interamerica.org\/wp-content\/uploads\/2022\/03\/st-louis-gcsession.jpg\" \/>\n\t<meta property=\"og:image:width\" content=\"1280\" \/>\n\t<meta property=\"og:image:height\" content=\"800\" \/>\n\t<meta property=\"og:image:type\" content=\"image\/jpeg\" \/>\n<meta name=\"author\" content=\"libna\" \/>\n<meta name=\"twitter:card\" content=\"summary_large_image\" \/>\n<meta name=\"twitter:label1\" content=\"Escrito por\" \/>\n\t<meta name=\"twitter:data1\" content=\"libna\" \/>\n\t<meta name=\"twitter:label2\" content=\"Tiempo de lectura\" \/>\n\t<meta name=\"twitter:data2\" content=\"1 minuto\" \/>\n<script type=\"application\/ld+json\" class=\"yoast-schema-graph\">{\"@context\":\"https:\\\/\\\/schema.org\",\"@graph\":[{\"@type\":\"Article\",\"@id\":\"https:\\\/\\\/interamerica.org\\\/es\\\/2022\\\/03\\\/actualizacion-sobre-el-congreso-de-la-asociacion-general\\\/#article\",\"isPartOf\":{\"@id\":\"https:\\\/\\\/interamerica.org\\\/es\\\/2022\\\/03\\\/actualizacion-sobre-el-congreso-de-la-asociacion-general\\\/\"},\"author\":{\"name\":\"libna\",\"@id\":\"https:\\\/\\\/interamerica.org\\\/es\\\/#\\\/schema\\\/person\\\/29998f2bc2d8bd0d38662909289b54f1\"},\"headline\":\"Actualizaci\u00f3n sobre el Congreso de la Asociaci\u00f3n General\",\"datePublished\":\"2022-03-03T20:50:07+00:00\",\"dateModified\":\"2022-03-04T15:42:02+00:00\",\"mainEntityOfPage\":{\"@id\":\"https:\\\/\\\/interamerica.org\\\/es\\\/2022\\\/03\\\/actualizacion-sobre-el-congreso-de-la-asociacion-general\\\/\"},\"wordCount\":289,\"image\":{\"@id\":\"https:\\\/\\\/interamerica.org\\\/es\\\/2022\\\/03\\\/actualizacion-sobre-el-congreso-de-la-asociacion-general\\\/#primaryimage\"},\"thumbnailUrl\":\"https:\\\/\\\/interamerica.org\\\/wp-content\\\/uploads\\\/2022\\\/03\\\/st-louis-gcsession.jpg\",\"articleSection\":[\"Desde la iglesia mundial\",\"RSS Espa\u00f1ol\"],\"inLanguage\":\"es\"},{\"@type\":\"WebPage\",\"@id\":\"https:\\\/\\\/interamerica.org\\\/es\\\/2022\\\/03\\\/actualizacion-sobre-el-congreso-de-la-asociacion-general\\\/\",\"url\":\"https:\\\/\\\/interamerica.org\\\/es\\\/2022\\\/03\\\/actualizacion-sobre-el-congreso-de-la-asociacion-general\\\/\",\"name\":\"Actualizaci\u00f3n sobre el Congreso de la Asociaci\u00f3n General - Iglesia Adventista del S\u00e9ptimo D\u00eda - Divisi\u00f3n Interamericana\",\"isPartOf\":{\"@id\":\"https:\\\/\\\/interamerica.org\\\/es\\\/#website\"},\"primaryImageOfPage\":{\"@id\":\"https:\\\/\\\/interamerica.org\\\/es\\\/2022\\\/03\\\/actualizacion-sobre-el-congreso-de-la-asociacion-general\\\/#primaryimage\"},\"image\":{\"@id\":\"https:\\\/\\\/interamerica.org\\\/es\\\/2022\\\/03\\\/actualizacion-sobre-el-congreso-de-la-asociacion-general\\\/#primaryimage\"},\"thumbnailUrl\":\"https:\\\/\\\/interamerica.org\\\/wp-content\\\/uploads\\\/2022\\\/03\\\/st-louis-gcsession.jpg\",\"datePublished\":\"2022-03-03T20:50:07+00:00\",\"dateModified\":\"2022-03-04T15:42:02+00:00\",\"author\":{\"@id\":\"https:\\\/\\\/interamerica.org\\\/es\\\/#\\\/schema\\\/person\\\/29998f2bc2d8bd0d38662909289b54f1\"},\"breadcrumb\":{\"@id\":\"https:\\\/\\\/interamerica.org\\\/es\\\/2022\\\/03\\\/actualizacion-sobre-el-congreso-de-la-asociacion-general\\\/#breadcrumb\"},\"inLanguage\":\"es\",\"potentialAction\":[{\"@type\":\"ReadAction\",\"target\":[\"https:\\\/\\\/interamerica.org\\\/es\\\/2022\\\/03\\\/actualizacion-sobre-el-congreso-de-la-asociacion-general\\\/\"]}]},{\"@type\":\"ImageObject\",\"inLanguage\":\"es\",\"@id\":\"https:\\\/\\\/interamerica.org\\\/es\\\/2022\\\/03\\\/actualizacion-sobre-el-congreso-de-la-asociacion-general\\\/#primaryimage\",\"url\":\"https:\\\/\\\/interamerica.org\\\/wp-content\\\/uploads\\\/2022\\\/03\\\/st-louis-gcsession.jpg\",\"contentUrl\":\"https:\\\/\\\/interamerica.org\\\/wp-content\\\/uploads\\\/2022\\\/03\\\/st-louis-gcsession.jpg\",\"width\":1280,\"height\":800,\"caption\":\"[Fotograf\u00eda por cortes\u00eda de la Asociaci\u00f3n General de los Adventistas del S\u00e9ptimo D\u00eda]\"},{\"@type\":\"BreadcrumbList\",\"@id\":\"https:\\\/\\\/interamerica.org\\\/es\\\/2022\\\/03\\\/actualizacion-sobre-el-congreso-de-la-asociacion-general\\\/#breadcrumb\",\"itemListElement\":[{\"@type\":\"ListItem\",\"position\":1,\"name\":\"Home\",\"item\":\"https:\\\/\\\/interamerica.org\\\/es\\\/\"},{\"@type\":\"ListItem\",\"position\":2,\"name\":\"Actualizaci\u00f3n sobre el Congreso de la Asociaci\u00f3n General\"}]},{\"@type\":\"WebSite\",\"@id\":\"https:\\\/\\\/interamerica.org\\\/es\\\/#website\",\"url\":\"https:\\\/\\\/interamerica.org\\\/es\\\/\",\"name\":\"Iglesia Adventista del S\u00e9ptimo D\u00eda - Divisi\u00f3n Interamericana\",\"description\":\"\",\"potentialAction\":[{\"@type\":\"SearchAction\",\"target\":{\"@type\":\"EntryPoint\",\"urlTemplate\":\"https:\\\/\\\/interamerica.org\\\/es\\\/?s={search_term_string}\"},\"query-input\":{\"@type\":\"PropertyValueSpecification\",\"valueRequired\":true,\"valueName\":\"search_term_string\"}}],\"inLanguage\":\"es\"},{\"@type\":\"Person\",\"@id\":\"https:\\\/\\\/interamerica.org\\\/es\\\/#\\\/schema\\\/person\\\/29998f2bc2d8bd0d38662909289b54f1\",\"name\":\"libna\",\"image\":{\"@type\":\"ImageObject\",\"inLanguage\":\"es\",\"@id\":\"https:\\\/\\\/secure.gravatar.com\\\/avatar\\\/7c5bd30ae4b47a9ba3c856590957fd1d96dc588bf3ac05719d247e126840331f?s=96&d=mm&r=g\",\"url\":\"https:\\\/\\\/secure.gravatar.com\\\/avatar\\\/7c5bd30ae4b47a9ba3c856590957fd1d96dc588bf3ac05719d247e126840331f?s=96&d=mm&r=g\",\"contentUrl\":\"https:\\\/\\\/secure.gravatar.com\\\/avatar\\\/7c5bd30ae4b47a9ba3c856590957fd1d96dc588bf3ac05719d247e126840331f?s=96&d=mm&r=g\",\"caption\":\"libna\"}}]}<\/script>\n<!-- \/ Yoast SEO plugin. -->","yoast_head_json":{"title":"Actualizaci\u00f3n sobre el Congreso de la Asociaci\u00f3n General - Iglesia Adventista del S\u00e9ptimo D\u00eda - Divisi\u00f3n Interamericana","robots":{"index":"index","follow":"follow","max-snippet":"max-snippet:-1","max-image-preview":"max-image-preview:large","max-video-preview":"max-video-preview:-1"},"canonical":"https:\/\/interamerica.org\/es\/2022\/03\/actualizacion-sobre-el-congreso-de-la-asociacion-general\/","og_locale":"es_ES","og_type":"article","og_title":"Actualizaci\u00f3n sobre el Congreso de la Asociaci\u00f3n General - Iglesia Adventista del S\u00e9ptimo D\u00eda - Divisi\u00f3n Interamericana","og_description":"Organizadores del congreso abren el evento al p\u00fablico 3 de marzo de 2022 | Silver Spring, Maryland, Estados Unidos | Red de Noticias Adventistas y Adventist Review La Iglesia Adventistas...","og_url":"https:\/\/interamerica.org\/es\/2022\/03\/actualizacion-sobre-el-congreso-de-la-asociacion-general\/","og_site_name":"Iglesia Adventista del S\u00e9ptimo D\u00eda - Divisi\u00f3n Interamericana","article_published_time":"2022-03-03T20:50:07+00:00","article_modified_time":"2022-03-04T15:42:02+00:00","og_image":[{"width":1280,"height":800,"url":"https:\/\/interamerica.org\/wp-content\/uploads\/2022\/03\/st-louis-gcsession.jpg","type":"image\/jpeg"}],"author":"libna","twitter_card":"summary_large_image","twitter_misc":{"Escrito por":"libna","Tiempo de lectura":"1 minuto"},"schema":{"@context":"https:\/\/schema.org","@graph":[{"@type":"Article","@id":"https:\/\/interamerica.org\/es\/2022\/03\/actualizacion-sobre-el-congreso-de-la-asociacion-general\/#article","isPartOf":{"@id":"https:\/\/interamerica.org\/es\/2022\/03\/actualizacion-sobre-el-congreso-de-la-asociacion-general\/"},"author":{"name":"libna","@id":"https:\/\/interamerica.org\/es\/#\/schema\/person\/29998f2bc2d8bd0d38662909289b54f1"},"headline":"Actualizaci\u00f3n sobre el Congreso de la Asociaci\u00f3n General","datePublished":"2022-03-03T20:50:07+00:00","dateModified":"2022-03-04T15:42:02+00:00","mainEntityOfPage":{"@id":"https:\/\/interamerica.org\/es\/2022\/03\/actualizacion-sobre-el-congreso-de-la-asociacion-general\/"},"wordCount":289,"image":{"@id":"https:\/\/interamerica.org\/es\/2022\/03\/actualizacion-sobre-el-congreso-de-la-asociacion-general\/#primaryimage"},"thumbnailUrl":"https:\/\/interamerica.org\/wp-content\/uploads\/2022\/03\/st-louis-gcsession.jpg","articleSection":["Desde la iglesia mundial","RSS Espa\u00f1ol"],"inLanguage":"es"},{"@type":"WebPage","@id":"https:\/\/interamerica.org\/es\/2022\/03\/actualizacion-sobre-el-congreso-de-la-asociacion-general\/","url":"https:\/\/interamerica.org\/es\/2022\/03\/actualizacion-sobre-el-congreso-de-la-asociacion-general\/","name":"Actualizaci\u00f3n sobre el Congreso de la Asociaci\u00f3n General - Iglesia Adventista del S\u00e9ptimo D\u00eda - Divisi\u00f3n Interamericana","isPartOf":{"@id":"https:\/\/interamerica.org\/es\/#website"},"primaryImageOfPage":{"@id":"https:\/\/interamerica.org\/es\/2022\/03\/actualizacion-sobre-el-congreso-de-la-asociacion-general\/#primaryimage"},"image":{"@id":"https:\/\/interamerica.org\/es\/2022\/03\/actualizacion-sobre-el-congreso-de-la-asociacion-general\/#primaryimage"},"thumbnailUrl":"https:\/\/interamerica.org\/wp-content\/uploads\/2022\/03\/st-louis-gcsession.jpg","datePublished":"2022-03-03T20:50:07+00:00","dateModified":"2022-03-04T15:42:02+00:00","author":{"@id":"https:\/\/interamerica.org\/es\/#\/schema\/person\/29998f2bc2d8bd0d38662909289b54f1"},"breadcrumb":{"@id":"https:\/\/interamerica.org\/es\/2022\/03\/actualizacion-sobre-el-congreso-de-la-asociacion-general\/#breadcrumb"},"inLanguage":"es","potentialAction":[{"@type":"ReadAction","target":["https:\/\/interamerica.org\/es\/2022\/03\/actualizacion-sobre-el-congreso-de-la-asociacion-general\/"]}]},{"@type":"ImageObject","inLanguage":"es","@id":"https:\/\/interamerica.org\/es\/2022\/03\/actualizacion-sobre-el-congreso-de-la-asociacion-general\/#primaryimage","url":"https:\/\/interamerica.org\/wp-content\/uploads\/2022\/03\/st-louis-gcsession.jpg","contentUrl":"https:\/\/interamerica.org\/wp-content\/uploads\/2022\/03\/st-louis-gcsession.jpg","width":1280,"height":800,"caption":"[Fotograf\u00eda por cortes\u00eda de la Asociaci\u00f3n General de los Adventistas del S\u00e9ptimo D\u00eda]"},{"@type":"BreadcrumbList","@id":"https:\/\/interamerica.org\/es\/2022\/03\/actualizacion-sobre-el-congreso-de-la-asociacion-general\/#breadcrumb","itemListElement":[{"@type":"ListItem","position":1,"name":"Home","item":"https:\/\/interamerica.org\/es\/"},{"@type":"ListItem","position":2,"name":"Actualizaci\u00f3n sobre el Congreso de la Asociaci\u00f3n General"}]},{"@type":"WebSite","@id":"https:\/\/interamerica.org\/es\/#website","url":"https:\/\/interamerica.org\/es\/","name":"Iglesia Adventista del S\u00e9ptimo D\u00eda - Divisi\u00f3n Interamericana","description":"","potentialAction":[{"@type":"SearchAction","target":{"@type":"EntryPoint","urlTemplate":"https:\/\/interamerica.org\/es\/?s={search_term_string}"},"query-input":{"@type":"PropertyValueSpecification","valueRequired":true,"valueName":"search_term_string"}}],"inLanguage":"es"},{"@type":"Person","@id":"https:\/\/interamerica.org\/es\/#\/schema\/person\/29998f2bc2d8bd0d38662909289b54f1","name":"libna","image":{"@type":"ImageObject","inLanguage":"es","@id":"https:\/\/secure.gravatar.com\/avatar\/7c5bd30ae4b47a9ba3c856590957fd1d96dc588bf3ac05719d247e126840331f?s=96&d=mm&r=g","url":"https:\/\/secure.gravatar.com\/avatar\/7c5bd30ae4b47a9ba3c856590957fd1d96dc588bf3ac05719d247e126840331f?s=96&d=mm&r=g","contentUrl":"https:\/\/secure.gravatar.com\/avatar\/7c5bd30ae4b47a9ba3c856590957fd1d96dc588bf3ac05719d247e126840331f?s=96&d=mm&r=g","caption":"libna"}}]}},"_links":{"self":[{"href":"https:\/\/interamerica.org\/es\/wp-json\/wp\/v2\/posts\/82164","targetHints":{"allow":["GET"]}}],"collection":[{"href":"https:\/\/interamerica.org\/es\/wp-json\/wp\/v2\/posts"}],"about":[{"href":"https:\/\/interamerica.org\/es\/wp-json\/wp\/v2\/types\/post"}],"author":[{"embeddable":true,"href":"https:\/\/interamerica.org\/es\/wp-json\/wp\/v2\/users\/3"}],"replies":[{"embeddable":true,"href":"https:\/\/interamerica.org\/es\/wp-json\/wp\/v2\/comments?post=82164"}],"version-history":[{"count":0,"href":"https:\/\/interamerica.org\/es\/wp-json\/wp\/v2\/posts\/82164\/revisions"}],"wp:featuredmedia":[{"embeddable":true,"href":"https:\/\/interamerica.org\/es\/wp-json\/wp\/v2\/media\/82121"}],"wp:attachment":[{"href":"https:\/\/interamerica.org\/es\/wp-json\/wp\/v2\/media?parent=82164"}],"wp:term":[{"taxonomy":"category","embeddable":true,"href":"https:\/\/interamerica.org\/es\/wp-json\/wp\/v2\/categories?post=82164"},{"taxonomy":"post_tag","embeddable":true,"href":"https:\/\/interamerica.org\/es\/wp-json\/wp\/v2\/tags?post=82164"}],"curies":[{"name":"wp","href":"https:\/\/api.w.org\/{rel}","templated":true}]}}