{"id":82165,"date":"2022-03-03T22:00:59","date_gmt":"2022-03-04T02:00:59","guid":{"rendered":"https:\/\/recursing-golick.147-182-135-0.plesk.page\/?p=82165"},"modified":"2022-03-04T11:39:20","modified_gmt":"2022-03-04T15:39:20","slug":"iglesia-adventista-presenta-su-programa-escudos-y-reyes-de-la-experiencia-biblica-de-vacaciones","status":"publish","type":"post","link":"https:\/\/interamerica.org\/es\/2022\/03\/iglesia-adventista-presenta-su-programa-escudos-y-reyes-de-la-experiencia-biblica-de-vacaciones\/","title":{"rendered":"Iglesia Adventista presenta su programa \u201cEscudos y Reyes\u201d de la Experiencia B\u00edblica de Vacaciones"},"content":{"rendered":"<p>3 de marzo de 2022 | Miami, Florida, Estados Unidos | Libna Stevens, Noticias de la Divisi\u00f3n Interamericana<\/p>\n<p>Un programa completamente nuevo de la Experiencia B\u00edblica de Vacaciones (VBE) fue presentado por la Iglesia Adventista de Interam\u00e9rica esta semana, durante una sesi\u00f3n de un taller en l\u00ednea. La sesi\u00f3n de capacitaci\u00f3n de una hora y media brind\u00f3 orientaci\u00f3n a miles de docentes, directores, l\u00edderes y voluntarios de VBE, que con entusiasmo est\u00e1n participando en la testificaci\u00f3n ante m\u00e1s de 300 mil ni\u00f1os y adolescentes en el territorio de la Divisi\u00f3n Interamericana en esta iniciativa anual.<\/p>\n<p>Bajo el lema <em>Escudos y Reyes,<\/em> el programa de VBE destaca lecciones y valores aprendidos al estudiar a los hombres y mujeres b\u00edblicos de Dios que lograron mucho bajo la direcci\u00f3n de Dios.<\/p>\n<p><div id=\"attachment_82156\" style=\"width: 836px\" class=\"wp-caption aligncenter\"><img fetchpriority=\"high\" decoding=\"async\" aria-describedby=\"caption-attachment-82156\" class=\" wp-image-82156\" src=\"https:\/\/recursing-golick.147-182-135-0.plesk.page\/wp-content\/uploads\/2022\/03\/vbe-theme-edith-ruiz.png\" alt=\"\" width=\"826\" height=\"516\" srcset=\"https:\/\/interamerica.org\/wp-content\/uploads\/2022\/03\/vbe-theme-edith-ruiz.png 1000w, https:\/\/interamerica.org\/wp-content\/uploads\/2022\/03\/vbe-theme-edith-ruiz-300x188.png 300w, https:\/\/interamerica.org\/wp-content\/uploads\/2022\/03\/vbe-theme-edith-ruiz-768x480.png 768w\" sizes=\"(max-width: 826px) 100vw, 826px\" \/><p id=\"caption-attachment-82156\" class=\"wp-caption-text\">Edith Ruiz Espinoza, directora de ni\u00f1os y adolescentes de la Iglesia Adventista en Interam\u00e9rica, dirige un taller especial, durante la presentaci\u00f3n del nuevo programa de la Experiencia B\u00edblica de Vacaciones, el 27 de febrero de 2022, que ser\u00e1 presentado en miles de iglesias y escuelas de Interam\u00e9rica este a\u00f1o. [Fotograf\u00eda: captura de pantalla de la DIA]<\/p><\/div>\u201cNuestros hijos est\u00e1n siendo infiltrados por tantas cosas que publicitan los medios, dispositivos m\u00f3viles o muchas otras avenidas relacionadas con los superh\u00e9roes, y como l\u00edderes de los ministerios del ni\u00f1o y el adolescente, queremos que aprenden sobre los h\u00e9roes reales de la Biblia y no sobre los h\u00e9roes de la ficci\u00f3n que andan por ah\u00ed\u201d, dijo Edith Ruiz Espinoza, directora de ministerios del ni\u00f1o y el adolescente de la Iglesia Adventista en Interam\u00e9rica.<\/p>\n<p>\u201cEstamos muy entusiasmados porque nuestros ni\u00f1os aprendan lo que Dios nos ha provisto aqu\u00ed en la tierra, para que vivamos bajo su protecci\u00f3n, usando sus escudos y valores\u201d.<\/p>\n<p>El nuevo programa de VBE llega inmediatamente despu\u00e9s de una pandemia mundial a\u00fan en curso que llev\u00f3 a que los l\u00edderes de ministerios del ni\u00f1o y el adolescentes buscaran la manera de usar o adoptar en 2021 programas ya utilizados en el pasado, dijo ella.<\/p>\n<p>El lanzamiento incluy\u00f3 c\u00e1nticos, historias, manualidades, herramientas, segmentos animados, consejos y recursos que reafirmar\u00e1n el amor de Jes\u00fas mediante la historia de h\u00e9roes destacados de la Biblia.<\/p>\n<p><div id=\"attachment_82152\" style=\"width: 818px\" class=\"wp-caption aligncenter\"><img decoding=\"async\" aria-describedby=\"caption-attachment-82152\" class=\" wp-image-82152\" src=\"https:\/\/recursing-golick.147-182-135-0.plesk.page\/wp-content\/uploads\/2022\/03\/vbe-2022-themesong.png\" alt=\"\" width=\"808\" height=\"506\" srcset=\"https:\/\/interamerica.org\/wp-content\/uploads\/2022\/03\/vbe-2022-themesong.png 1000w, https:\/\/interamerica.org\/wp-content\/uploads\/2022\/03\/vbe-2022-themesong-300x188.png 300w, https:\/\/interamerica.org\/wp-content\/uploads\/2022\/03\/vbe-2022-themesong-768x480.png 768w\" sizes=\"(max-width: 808px) 100vw, 808px\" \/><p id=\"caption-attachment-82152\" class=\"wp-caption-text\">Los ni\u00f1os se muestran con disfraces especiales mientras entonan uno de los dos c\u00e1nticos lemas del programa de VBE de este a\u00f1o. [Fotograf\u00eda: captura de pantalla de la DIA]<\/p><\/div>El programa diario de una semana llevar\u00e1 a que los l\u00edderes de VBE ense\u00f1en sobre David y su escudo de fe, Ester con su escudo de valor, Ezequiel con su escudo de protecci\u00f3n, Salom\u00f3n con su escudo de sabidur\u00eda, y Jes\u00fas con su escudo de salvaci\u00f3n.<\/p>\n<p>El programa de VBE incluye un manual con actividades detalladas de manualidades y juegos, recetas, consejos de decoraci\u00f3n y m\u00e1s recursos para directores, docentes y l\u00edderes de VBE que participar\u00e1n en la iniciativa de evangelismo anual, dijo Espinoza.<\/p>\n<p>\u201cDen todo lo que tengan, lo mejor de ustedes, al preparar este programa con entusiasmo para tener un impacto sobre los ni\u00f1os y adolescentes de la iglesia, adem\u00e1s de los que se encuentran en la comunidad\u201d, a\u00f1adi\u00f3 Espinoza. \u201cQueremos que conozcan a Jes\u00fas y aprendan sobre los reyes <span style=\"text-decoration: line-through;\">sobre los cuales<\/span> leemos en la Biblia, y sobre los escudos que usaron\u201d, dijo Espinoza.<\/p>\n<p>\u201cQuiero que estemos unidos como un equipo s\u00f3lido, codo a codo por el bien de los ni\u00f1os, y que estemos preparados para ir, comprometidos con la tarea de alcanzar a cada ni\u00f1o y adolescente de la iglesia y la comunidad este a\u00f1o\u201d, expres\u00f3.<\/p>\n<p><div id=\"attachment_82135\" style=\"width: 810px\" class=\"wp-caption aligncenter\"><img decoding=\"async\" aria-describedby=\"caption-attachment-82135\" class=\" wp-image-82135\" src=\"https:\/\/recursing-golick.147-182-135-0.plesk.page\/wp-content\/uploads\/2022\/03\/magda-salinas-vbe-2022.png\" alt=\"\" width=\"800\" height=\"501\" srcset=\"https:\/\/interamerica.org\/wp-content\/uploads\/2022\/03\/magda-salinas-vbe-2022.png 1000w, https:\/\/interamerica.org\/wp-content\/uploads\/2022\/03\/magda-salinas-vbe-2022-300x188.png 300w, https:\/\/interamerica.org\/wp-content\/uploads\/2022\/03\/magda-salinas-vbe-2022-768x480.png 768w\" sizes=\"(max-width: 800px) 100vw, 800px\" \/><p id=\"caption-attachment-82135\" class=\"wp-caption-text\">Magda Salinas, del personal de la Divisi\u00f3n Interamericana, muestra c\u00f3mo fabricar diferentes escudos, durante una sesi\u00f3n de manualidades que form\u00f3 parte del taller en l\u00ednea. [Fotograf\u00eda: captura de pantalla de la DIA]<\/p><\/div>El programa de VBE en l\u00ednea destac\u00f3 brevemente los pr\u00f3ximos recursos del Club de la Amistad, un programa que invita a que los ni\u00f1os participen de actividades semanales de aprendizaje despu\u00e9s de que termine el programa de VBE. El manual del Club de la Amistad profundiza m\u00e1s en el lema del programa de VBE de este a\u00f1o, incluyendo actividades adicionales.<\/p>\n<p>Las uniones, o regiones principales, de Interam\u00e9rica, ya han hecho sus solicitudes de programas de VBE para este a\u00f1o en las congregaciones y escuelas, y pronto recibir\u00e1n los materiales, dijo Espinoza.<\/p>\n<p>El pastor Elie Henry, presidente de la Divisi\u00f3n Interamericana, agradeci\u00f3 a los l\u00edderes de VBE por su servicio dedicado a la hora de alcanzar a muchos de los hijos de Dios mediante esta iniciativa en el verano. \u201cGracias por el apoyo, por sus esfuerzos y dedicaci\u00f3n, mientras son llenos del Esp\u00edritu Santo cuando ense\u00f1an cada lecci\u00f3n, clase y cada actividad a los varones y las ni\u00f1as por medio del programa de VBE de este a\u00f1o\u201d, dijo el pastor Henry.<\/p>\n<p><div id=\"attachment_82138\" style=\"width: 817px\" class=\"wp-caption aligncenter\"><img loading=\"lazy\" decoding=\"async\" aria-describedby=\"caption-attachment-82138\" class=\" wp-image-82138\" src=\"https:\/\/recursing-golick.147-182-135-0.plesk.page\/wp-content\/uploads\/2022\/03\/elie-henry-vbe-2022-1024x640.png\" alt=\"\" width=\"807\" height=\"504\" srcset=\"https:\/\/interamerica.org\/wp-content\/uploads\/2022\/03\/elie-henry-vbe-2022-1024x640.png 1024w, https:\/\/interamerica.org\/wp-content\/uploads\/2022\/03\/elie-henry-vbe-2022-300x188.png 300w, https:\/\/interamerica.org\/wp-content\/uploads\/2022\/03\/elie-henry-vbe-2022-768x480.png 768w, https:\/\/interamerica.org\/wp-content\/uploads\/2022\/03\/elie-henry-vbe-2022.png 1280w\" sizes=\"(max-width: 807px) 100vw, 807px\" \/><p id=\"caption-attachment-82138\" class=\"wp-caption-text\">El pastor Elie Henry, presidente de la Divisi\u00f3n Interamericana, agradece por el trabajo comprometido de miles de l\u00edderes voluntarios de VBE y directores de ministerios del ni\u00f1o y el adolescente que reafirman los valores b\u00edblicos de los ni\u00f1os en todo el territorio. [Fotograf\u00eda: captura de pantalla de la DIA]<\/p><\/div>El programa de VBE de Interam\u00e9rica de este a\u00f1o fue lanzado en espa\u00f1ol el 7 de febrero de 2022, y las versiones en ingl\u00e9s y franc\u00e9s del programa ser\u00e1n puestas en el aire el 13 de marzo de 2022. Puede visitar <a href=\"https:\/\/urldefense.proofpoint.com\/v2\/url?u=https-3A__www.youtube.com_c_InterAmericanDivision&amp;d=DwMFaQ&amp;c=tjPg1sbLxZ1bjgTYa5hhdyzvrRQ5lIm-1PubXARxg7w&amp;r=QRxhZ6zzWfakIxmZLcYU5ZN_w8zIA8rJMh2h-7AoibY&amp;m=EVw2AOEesTrA9POOECTdvckFx2vi38VSFdBaMqAQ05vdqAY_TBsMhETxzBQyIM6g&amp;s=EyalJrqUyw6oLeJrA7QhEG0I3SDzMwYVDTF9YE74oJs&amp;e=\" data-saferedirecturl=\"https:\/\/www.google.com\/url?q=https:\/\/urldefense.proofpoint.com\/v2\/url?u%3Dhttps-3A__www.youtube.com_c_InterAmericanDivision%26d%3DDwMFaQ%26c%3DtjPg1sbLxZ1bjgTYa5hhdyzvrRQ5lIm-1PubXARxg7w%26r%3DQRxhZ6zzWfakIxmZLcYU5ZN_w8zIA8rJMh2h-7AoibY%26m%3DEVw2AOEesTrA9POOECTdvckFx2vi38VSFdBaMqAQ05vdqAY_TBsMhETxzBQyIM6g%26s%3DEyalJrqUyw6oLeJrA7QhEG0I3SDzMwYVDTF9YE74oJs%26e%3D&amp;source=gmail&amp;ust=1646425432300000&amp;usg=AOvVaw3ZwnxcpSIOtNl7ugh3lU4j\">webcast.interamerica.org<\/a><\/p>\n<p>Para mirar el lanzamiento del programa de VBE de este a\u00f1o en espa\u00f1ol, ingrese <a href=\"https:\/\/urldefense.proofpoint.com\/v2\/url?u=https-3A__www.youtube.com_watch-3Fv-3DPzQtgfC8VuY&amp;d=DwMFaQ&amp;c=tjPg1sbLxZ1bjgTYa5hhdyzvrRQ5lIm-1PubXARxg7w&amp;r=QRxhZ6zzWfakIxmZLcYU5ZN_w8zIA8rJMh2h-7AoibY&amp;m=EVw2AOEesTrA9POOECTdvckFx2vi38VSFdBaMqAQ05vdqAY_TBsMhETxzBQyIM6g&amp;s=xtmnlH_PY4KvkUOLYyPLsOYP0E_hjIKnMqMg4DQn9XU&amp;e=\" data-saferedirecturl=\"https:\/\/www.google.com\/url?q=https:\/\/urldefense.proofpoint.com\/v2\/url?u%3Dhttps-3A__www.youtube.com_watch-3Fv-3DPzQtgfC8VuY%26d%3DDwMFaQ%26c%3DtjPg1sbLxZ1bjgTYa5hhdyzvrRQ5lIm-1PubXARxg7w%26r%3DQRxhZ6zzWfakIxmZLcYU5ZN_w8zIA8rJMh2h-7AoibY%26m%3DEVw2AOEesTrA9POOECTdvckFx2vi38VSFdBaMqAQ05vdqAY_TBsMhETxzBQyIM6g%26s%3DxtmnlH_PY4KvkUOLYyPLsOYP0E_hjIKnMqMg4DQn9XU%26e%3D&amp;source=gmail&amp;ust=1646425432300000&amp;usg=AOvVaw2wVjVzMwzHq6Iq1IszlTuM\">AQU\u00cd<\/a><\/p>\n<p>Traducci\u00f3n de Marcos Paseggi<\/p>\n","protected":false},"excerpt":{"rendered":"<p>3 de marzo de 2022 | Miami, Florida, Estados Unidos | Libna Stevens, Noticias de la Divisi\u00f3n Interamericana Un programa completamente nuevo de la Experiencia B\u00edblica de Vacaciones (VBE) fue&#8230;<\/p>\n","protected":false},"author":3,"featured_media":82156,"comment_status":"closed","ping_status":"closed","sticky":false,"template":"","format":"standard","meta":{"_acf_changed":false,"footnotes":""},"categories":[16,15],"tags":[],"class_list":["post-82165","post","type-post","status-publish","format-standard","has-post-thumbnail","hentry","category-desde-la-sede","category-rss-espanol"],"acf":[],"yoast_head":"<!-- This site is optimized with the Yoast SEO plugin v27.3 - https:\/\/yoast.com\/product\/yoast-seo-wordpress\/ -->\n<title>Iglesia Adventista presenta su programa \u201cEscudos y Reyes\u201d de la Experiencia B\u00edblica de Vacaciones - Iglesia Adventista del S\u00e9ptimo D\u00eda - Divisi\u00f3n Interamericana<\/title>\n<meta name=\"robots\" content=\"index, follow, max-snippet:-1, max-image-preview:large, max-video-preview:-1\" \/>\n<link rel=\"canonical\" href=\"https:\/\/interamerica.org\/es\/2022\/03\/iglesia-adventista-presenta-su-programa-escudos-y-reyes-de-la-experiencia-biblica-de-vacaciones\/\" \/>\n<meta property=\"og:locale\" content=\"es_ES\" \/>\n<meta property=\"og:type\" content=\"article\" \/>\n<meta property=\"og:title\" content=\"Iglesia Adventista presenta su programa \u201cEscudos y Reyes\u201d de la Experiencia B\u00edblica de Vacaciones - Iglesia Adventista del S\u00e9ptimo D\u00eda - Divisi\u00f3n Interamericana\" \/>\n<meta property=\"og:description\" content=\"3 de marzo de 2022 | Miami, Florida, Estados Unidos | Libna Stevens, Noticias de la Divisi\u00f3n Interamericana Un programa completamente nuevo de la Experiencia B\u00edblica de Vacaciones (VBE) fue...\" \/>\n<meta property=\"og:url\" content=\"https:\/\/interamerica.org\/es\/2022\/03\/iglesia-adventista-presenta-su-programa-escudos-y-reyes-de-la-experiencia-biblica-de-vacaciones\/\" \/>\n<meta property=\"og:site_name\" content=\"Iglesia Adventista del S\u00e9ptimo D\u00eda - Divisi\u00f3n Interamericana\" \/>\n<meta property=\"article:published_time\" content=\"2022-03-04T02:00:59+00:00\" \/>\n<meta property=\"article:modified_time\" content=\"2022-03-04T15:39:20+00:00\" \/>\n<meta property=\"og:image\" content=\"https:\/\/interamerica.org\/wp-content\/uploads\/2022\/03\/vbe-theme-edith-ruiz.png\" \/>\n\t<meta property=\"og:image:width\" content=\"1000\" \/>\n\t<meta property=\"og:image:height\" content=\"625\" \/>\n\t<meta property=\"og:image:type\" content=\"image\/png\" \/>\n<meta name=\"author\" content=\"libna\" \/>\n<meta name=\"twitter:card\" content=\"summary_large_image\" \/>\n<meta name=\"twitter:label1\" content=\"Escrito por\" \/>\n\t<meta name=\"twitter:data1\" content=\"libna\" \/>\n\t<meta name=\"twitter:label2\" content=\"Tiempo de lectura\" \/>\n\t<meta name=\"twitter:data2\" content=\"5 minutos\" \/>\n<script type=\"application\/ld+json\" class=\"yoast-schema-graph\">{\"@context\":\"https:\\\/\\\/schema.org\",\"@graph\":[{\"@type\":\"Article\",\"@id\":\"https:\\\/\\\/interamerica.org\\\/es\\\/2022\\\/03\\\/iglesia-adventista-presenta-su-programa-escudos-y-reyes-de-la-experiencia-biblica-de-vacaciones\\\/#article\",\"isPartOf\":{\"@id\":\"https:\\\/\\\/interamerica.org\\\/es\\\/2022\\\/03\\\/iglesia-adventista-presenta-su-programa-escudos-y-reyes-de-la-experiencia-biblica-de-vacaciones\\\/\"},\"author\":{\"name\":\"libna\",\"@id\":\"https:\\\/\\\/interamerica.org\\\/es\\\/#\\\/schema\\\/person\\\/29998f2bc2d8bd0d38662909289b54f1\"},\"headline\":\"Iglesia Adventista presenta su programa \u201cEscudos y Reyes\u201d de la Experiencia B\u00edblica de Vacaciones\",\"datePublished\":\"2022-03-04T02:00:59+00:00\",\"dateModified\":\"2022-03-04T15:39:20+00:00\",\"mainEntityOfPage\":{\"@id\":\"https:\\\/\\\/interamerica.org\\\/es\\\/2022\\\/03\\\/iglesia-adventista-presenta-su-programa-escudos-y-reyes-de-la-experiencia-biblica-de-vacaciones\\\/\"},\"wordCount\":1024,\"image\":{\"@id\":\"https:\\\/\\\/interamerica.org\\\/es\\\/2022\\\/03\\\/iglesia-adventista-presenta-su-programa-escudos-y-reyes-de-la-experiencia-biblica-de-vacaciones\\\/#primaryimage\"},\"thumbnailUrl\":\"https:\\\/\\\/interamerica.org\\\/wp-content\\\/uploads\\\/2022\\\/03\\\/vbe-theme-edith-ruiz.png\",\"articleSection\":[\"Desde la sede\",\"RSS Espa\u00f1ol\"],\"inLanguage\":\"es\"},{\"@type\":\"WebPage\",\"@id\":\"https:\\\/\\\/interamerica.org\\\/es\\\/2022\\\/03\\\/iglesia-adventista-presenta-su-programa-escudos-y-reyes-de-la-experiencia-biblica-de-vacaciones\\\/\",\"url\":\"https:\\\/\\\/interamerica.org\\\/es\\\/2022\\\/03\\\/iglesia-adventista-presenta-su-programa-escudos-y-reyes-de-la-experiencia-biblica-de-vacaciones\\\/\",\"name\":\"Iglesia Adventista presenta su programa \u201cEscudos y Reyes\u201d de la Experiencia B\u00edblica de Vacaciones - Iglesia Adventista del S\u00e9ptimo D\u00eda - Divisi\u00f3n Interamericana\",\"isPartOf\":{\"@id\":\"https:\\\/\\\/interamerica.org\\\/es\\\/#website\"},\"primaryImageOfPage\":{\"@id\":\"https:\\\/\\\/interamerica.org\\\/es\\\/2022\\\/03\\\/iglesia-adventista-presenta-su-programa-escudos-y-reyes-de-la-experiencia-biblica-de-vacaciones\\\/#primaryimage\"},\"image\":{\"@id\":\"https:\\\/\\\/interamerica.org\\\/es\\\/2022\\\/03\\\/iglesia-adventista-presenta-su-programa-escudos-y-reyes-de-la-experiencia-biblica-de-vacaciones\\\/#primaryimage\"},\"thumbnailUrl\":\"https:\\\/\\\/interamerica.org\\\/wp-content\\\/uploads\\\/2022\\\/03\\\/vbe-theme-edith-ruiz.png\",\"datePublished\":\"2022-03-04T02:00:59+00:00\",\"dateModified\":\"2022-03-04T15:39:20+00:00\",\"author\":{\"@id\":\"https:\\\/\\\/interamerica.org\\\/es\\\/#\\\/schema\\\/person\\\/29998f2bc2d8bd0d38662909289b54f1\"},\"breadcrumb\":{\"@id\":\"https:\\\/\\\/interamerica.org\\\/es\\\/2022\\\/03\\\/iglesia-adventista-presenta-su-programa-escudos-y-reyes-de-la-experiencia-biblica-de-vacaciones\\\/#breadcrumb\"},\"inLanguage\":\"es\",\"potentialAction\":[{\"@type\":\"ReadAction\",\"target\":[\"https:\\\/\\\/interamerica.org\\\/es\\\/2022\\\/03\\\/iglesia-adventista-presenta-su-programa-escudos-y-reyes-de-la-experiencia-biblica-de-vacaciones\\\/\"]}]},{\"@type\":\"ImageObject\",\"inLanguage\":\"es\",\"@id\":\"https:\\\/\\\/interamerica.org\\\/es\\\/2022\\\/03\\\/iglesia-adventista-presenta-su-programa-escudos-y-reyes-de-la-experiencia-biblica-de-vacaciones\\\/#primaryimage\",\"url\":\"https:\\\/\\\/interamerica.org\\\/wp-content\\\/uploads\\\/2022\\\/03\\\/vbe-theme-edith-ruiz.png\",\"contentUrl\":\"https:\\\/\\\/interamerica.org\\\/wp-content\\\/uploads\\\/2022\\\/03\\\/vbe-theme-edith-ruiz.png\",\"width\":1000,\"height\":625,\"caption\":\"[Fotograf\u00eda: captura de pantalla de la DIA]\"},{\"@type\":\"BreadcrumbList\",\"@id\":\"https:\\\/\\\/interamerica.org\\\/es\\\/2022\\\/03\\\/iglesia-adventista-presenta-su-programa-escudos-y-reyes-de-la-experiencia-biblica-de-vacaciones\\\/#breadcrumb\",\"itemListElement\":[{\"@type\":\"ListItem\",\"position\":1,\"name\":\"Home\",\"item\":\"https:\\\/\\\/interamerica.org\\\/es\\\/\"},{\"@type\":\"ListItem\",\"position\":2,\"name\":\"Iglesia Adventista presenta su programa \u201cEscudos y Reyes\u201d de la Experiencia B\u00edblica de Vacaciones\"}]},{\"@type\":\"WebSite\",\"@id\":\"https:\\\/\\\/interamerica.org\\\/es\\\/#website\",\"url\":\"https:\\\/\\\/interamerica.org\\\/es\\\/\",\"name\":\"Iglesia Adventista del S\u00e9ptimo D\u00eda - Divisi\u00f3n Interamericana\",\"description\":\"\",\"potentialAction\":[{\"@type\":\"SearchAction\",\"target\":{\"@type\":\"EntryPoint\",\"urlTemplate\":\"https:\\\/\\\/interamerica.org\\\/es\\\/?s={search_term_string}\"},\"query-input\":{\"@type\":\"PropertyValueSpecification\",\"valueRequired\":true,\"valueName\":\"search_term_string\"}}],\"inLanguage\":\"es\"},{\"@type\":\"Person\",\"@id\":\"https:\\\/\\\/interamerica.org\\\/es\\\/#\\\/schema\\\/person\\\/29998f2bc2d8bd0d38662909289b54f1\",\"name\":\"libna\",\"image\":{\"@type\":\"ImageObject\",\"inLanguage\":\"es\",\"@id\":\"https:\\\/\\\/secure.gravatar.com\\\/avatar\\\/7c5bd30ae4b47a9ba3c856590957fd1d96dc588bf3ac05719d247e126840331f?s=96&d=mm&r=g\",\"url\":\"https:\\\/\\\/secure.gravatar.com\\\/avatar\\\/7c5bd30ae4b47a9ba3c856590957fd1d96dc588bf3ac05719d247e126840331f?s=96&d=mm&r=g\",\"contentUrl\":\"https:\\\/\\\/secure.gravatar.com\\\/avatar\\\/7c5bd30ae4b47a9ba3c856590957fd1d96dc588bf3ac05719d247e126840331f?s=96&d=mm&r=g\",\"caption\":\"libna\"}}]}<\/script>\n<!-- \/ Yoast SEO plugin. -->","yoast_head_json":{"title":"Iglesia Adventista presenta su programa \u201cEscudos y Reyes\u201d de la Experiencia B\u00edblica de Vacaciones - Iglesia Adventista del S\u00e9ptimo D\u00eda - Divisi\u00f3n Interamericana","robots":{"index":"index","follow":"follow","max-snippet":"max-snippet:-1","max-image-preview":"max-image-preview:large","max-video-preview":"max-video-preview:-1"},"canonical":"https:\/\/interamerica.org\/es\/2022\/03\/iglesia-adventista-presenta-su-programa-escudos-y-reyes-de-la-experiencia-biblica-de-vacaciones\/","og_locale":"es_ES","og_type":"article","og_title":"Iglesia Adventista presenta su programa \u201cEscudos y Reyes\u201d de la Experiencia B\u00edblica de Vacaciones - Iglesia Adventista del S\u00e9ptimo D\u00eda - Divisi\u00f3n Interamericana","og_description":"3 de marzo de 2022 | Miami, Florida, Estados Unidos | Libna Stevens, Noticias de la Divisi\u00f3n Interamericana Un programa completamente nuevo de la Experiencia B\u00edblica de Vacaciones (VBE) fue...","og_url":"https:\/\/interamerica.org\/es\/2022\/03\/iglesia-adventista-presenta-su-programa-escudos-y-reyes-de-la-experiencia-biblica-de-vacaciones\/","og_site_name":"Iglesia Adventista del S\u00e9ptimo D\u00eda - Divisi\u00f3n Interamericana","article_published_time":"2022-03-04T02:00:59+00:00","article_modified_time":"2022-03-04T15:39:20+00:00","og_image":[{"width":1000,"height":625,"url":"https:\/\/interamerica.org\/wp-content\/uploads\/2022\/03\/vbe-theme-edith-ruiz.png","type":"image\/png"}],"author":"libna","twitter_card":"summary_large_image","twitter_misc":{"Escrito por":"libna","Tiempo de lectura":"5 minutos"},"schema":{"@context":"https:\/\/schema.org","@graph":[{"@type":"Article","@id":"https:\/\/interamerica.org\/es\/2022\/03\/iglesia-adventista-presenta-su-programa-escudos-y-reyes-de-la-experiencia-biblica-de-vacaciones\/#article","isPartOf":{"@id":"https:\/\/interamerica.org\/es\/2022\/03\/iglesia-adventista-presenta-su-programa-escudos-y-reyes-de-la-experiencia-biblica-de-vacaciones\/"},"author":{"name":"libna","@id":"https:\/\/interamerica.org\/es\/#\/schema\/person\/29998f2bc2d8bd0d38662909289b54f1"},"headline":"Iglesia Adventista presenta su programa \u201cEscudos y Reyes\u201d de la Experiencia B\u00edblica de Vacaciones","datePublished":"2022-03-04T02:00:59+00:00","dateModified":"2022-03-04T15:39:20+00:00","mainEntityOfPage":{"@id":"https:\/\/interamerica.org\/es\/2022\/03\/iglesia-adventista-presenta-su-programa-escudos-y-reyes-de-la-experiencia-biblica-de-vacaciones\/"},"wordCount":1024,"image":{"@id":"https:\/\/interamerica.org\/es\/2022\/03\/iglesia-adventista-presenta-su-programa-escudos-y-reyes-de-la-experiencia-biblica-de-vacaciones\/#primaryimage"},"thumbnailUrl":"https:\/\/interamerica.org\/wp-content\/uploads\/2022\/03\/vbe-theme-edith-ruiz.png","articleSection":["Desde la sede","RSS Espa\u00f1ol"],"inLanguage":"es"},{"@type":"WebPage","@id":"https:\/\/interamerica.org\/es\/2022\/03\/iglesia-adventista-presenta-su-programa-escudos-y-reyes-de-la-experiencia-biblica-de-vacaciones\/","url":"https:\/\/interamerica.org\/es\/2022\/03\/iglesia-adventista-presenta-su-programa-escudos-y-reyes-de-la-experiencia-biblica-de-vacaciones\/","name":"Iglesia Adventista presenta su programa \u201cEscudos y Reyes\u201d de la Experiencia B\u00edblica de Vacaciones - Iglesia Adventista del S\u00e9ptimo D\u00eda - Divisi\u00f3n Interamericana","isPartOf":{"@id":"https:\/\/interamerica.org\/es\/#website"},"primaryImageOfPage":{"@id":"https:\/\/interamerica.org\/es\/2022\/03\/iglesia-adventista-presenta-su-programa-escudos-y-reyes-de-la-experiencia-biblica-de-vacaciones\/#primaryimage"},"image":{"@id":"https:\/\/interamerica.org\/es\/2022\/03\/iglesia-adventista-presenta-su-programa-escudos-y-reyes-de-la-experiencia-biblica-de-vacaciones\/#primaryimage"},"thumbnailUrl":"https:\/\/interamerica.org\/wp-content\/uploads\/2022\/03\/vbe-theme-edith-ruiz.png","datePublished":"2022-03-04T02:00:59+00:00","dateModified":"2022-03-04T15:39:20+00:00","author":{"@id":"https:\/\/interamerica.org\/es\/#\/schema\/person\/29998f2bc2d8bd0d38662909289b54f1"},"breadcrumb":{"@id":"https:\/\/interamerica.org\/es\/2022\/03\/iglesia-adventista-presenta-su-programa-escudos-y-reyes-de-la-experiencia-biblica-de-vacaciones\/#breadcrumb"},"inLanguage":"es","potentialAction":[{"@type":"ReadAction","target":["https:\/\/interamerica.org\/es\/2022\/03\/iglesia-adventista-presenta-su-programa-escudos-y-reyes-de-la-experiencia-biblica-de-vacaciones\/"]}]},{"@type":"ImageObject","inLanguage":"es","@id":"https:\/\/interamerica.org\/es\/2022\/03\/iglesia-adventista-presenta-su-programa-escudos-y-reyes-de-la-experiencia-biblica-de-vacaciones\/#primaryimage","url":"https:\/\/interamerica.org\/wp-content\/uploads\/2022\/03\/vbe-theme-edith-ruiz.png","contentUrl":"https:\/\/interamerica.org\/wp-content\/uploads\/2022\/03\/vbe-theme-edith-ruiz.png","width":1000,"height":625,"caption":"[Fotograf\u00eda: captura de pantalla de la DIA]"},{"@type":"BreadcrumbList","@id":"https:\/\/interamerica.org\/es\/2022\/03\/iglesia-adventista-presenta-su-programa-escudos-y-reyes-de-la-experiencia-biblica-de-vacaciones\/#breadcrumb","itemListElement":[{"@type":"ListItem","position":1,"name":"Home","item":"https:\/\/interamerica.org\/es\/"},{"@type":"ListItem","position":2,"name":"Iglesia Adventista presenta su programa \u201cEscudos y Reyes\u201d de la Experiencia B\u00edblica de Vacaciones"}]},{"@type":"WebSite","@id":"https:\/\/interamerica.org\/es\/#website","url":"https:\/\/interamerica.org\/es\/","name":"Iglesia Adventista del S\u00e9ptimo D\u00eda - Divisi\u00f3n Interamericana","description":"","potentialAction":[{"@type":"SearchAction","target":{"@type":"EntryPoint","urlTemplate":"https:\/\/interamerica.org\/es\/?s={search_term_string}"},"query-input":{"@type":"PropertyValueSpecification","valueRequired":true,"valueName":"search_term_string"}}],"inLanguage":"es"},{"@type":"Person","@id":"https:\/\/interamerica.org\/es\/#\/schema\/person\/29998f2bc2d8bd0d38662909289b54f1","name":"libna","image":{"@type":"ImageObject","inLanguage":"es","@id":"https:\/\/secure.gravatar.com\/avatar\/7c5bd30ae4b47a9ba3c856590957fd1d96dc588bf3ac05719d247e126840331f?s=96&d=mm&r=g","url":"https:\/\/secure.gravatar.com\/avatar\/7c5bd30ae4b47a9ba3c856590957fd1d96dc588bf3ac05719d247e126840331f?s=96&d=mm&r=g","contentUrl":"https:\/\/secure.gravatar.com\/avatar\/7c5bd30ae4b47a9ba3c856590957fd1d96dc588bf3ac05719d247e126840331f?s=96&d=mm&r=g","caption":"libna"}}]}},"_links":{"self":[{"href":"https:\/\/interamerica.org\/es\/wp-json\/wp\/v2\/posts\/82165","targetHints":{"allow":["GET"]}}],"collection":[{"href":"https:\/\/interamerica.org\/es\/wp-json\/wp\/v2\/posts"}],"about":[{"href":"https:\/\/interamerica.org\/es\/wp-json\/wp\/v2\/types\/post"}],"author":[{"embeddable":true,"href":"https:\/\/interamerica.org\/es\/wp-json\/wp\/v2\/users\/3"}],"replies":[{"embeddable":true,"href":"https:\/\/interamerica.org\/es\/wp-json\/wp\/v2\/comments?post=82165"}],"version-history":[{"count":0,"href":"https:\/\/interamerica.org\/es\/wp-json\/wp\/v2\/posts\/82165\/revisions"}],"wp:featuredmedia":[{"embeddable":true,"href":"https:\/\/interamerica.org\/es\/wp-json\/wp\/v2\/media\/82156"}],"wp:attachment":[{"href":"https:\/\/interamerica.org\/es\/wp-json\/wp\/v2\/media?parent=82165"}],"wp:term":[{"taxonomy":"category","embeddable":true,"href":"https:\/\/interamerica.org\/es\/wp-json\/wp\/v2\/categories?post=82165"},{"taxonomy":"post_tag","embeddable":true,"href":"https:\/\/interamerica.org\/es\/wp-json\/wp\/v2\/tags?post=82165"}],"curies":[{"name":"wp","href":"https:\/\/api.w.org\/{rel}","templated":true}]}}