{"id":82243,"date":"2022-03-07T11:56:27","date_gmt":"2022-03-07T15:56:27","guid":{"rendered":"https:\/\/recursing-golick.147-182-135-0.plesk.page\/?p=82243"},"modified":"2022-03-07T16:30:08","modified_gmt":"2022-03-07T20:30:08","slug":"en-brasil-voluntarios-se-esfuerzan-por-mejorar-la-vida-de-inmigrantes-venezolanos","status":"publish","type":"post","link":"https:\/\/interamerica.org\/es\/2022\/03\/en-brasil-voluntarios-se-esfuerzan-por-mejorar-la-vida-de-inmigrantes-venezolanos\/","title":{"rendered":"En Brasil, voluntarios se esfuerzan por mejorar la vida de inmigrantes venezolanos"},"content":{"rendered":"<p><strong>Residentes colectan donaciones para mejorar las condiciones de vida de quienes llegan al pa\u00eds. <\/strong><\/p>\n<p>7 de marzo de 2022 | Jackeline Farah, Divisi\u00f3n Sudamericana y Adventist Review<\/p>\n<p>De acuerdo con una oficina local encargada de asistencia social y derechos humanos, en Manaus, Amazonas, Brasil, en los \u00faltimos dos a\u00f1os, 7,980 venezolanos han encontrado refugio en uno de los albergues municipales de Brasil. La \u00faltima caravana de inmigrantes procedentes de Venezuela arrib\u00f3 al norte de Brasil el 27 de noviembre de 2021. La caravana inclu\u00eda a 89 personas con unas cuantas maletas y muchos sue\u00f1os para reconstruir su vida despu\u00e9s de varios a\u00f1os de una econom\u00eda en declive y disturbios sociales.<\/p>\n<p>\u201cDeseo comenzar una nueva vida\u201d, dijo uno de los venezolanos que llegaron recientemente. \u201cHemos sufrido mucho en nuestro pa\u00eds\u201d, Esta misma persona indic\u00f3 que, al comienzo, cuando cruzaron la frontera con Brasil, su situaci\u00f3n era extrema. \u201cCaminamos todo el trayecto hasta Pacaraima y dormimos en la calle. Fue muy dif\u00edcil; parec\u00eda que nos encontr\u00e1bamos todav\u00eda en Venezuela\u201d, dijo. \u201cSolamente hasta llegar aqu\u00ed a Manaus las cosas han mejorado despu\u00e9s de haber llegado a un refugio\u201d.<\/p>\n<p><div id=\"attachment_82186\" style=\"width: 824px\" class=\"wp-caption aligncenter\"><img fetchpriority=\"high\" decoding=\"async\" aria-describedby=\"caption-attachment-82186\" class=\" wp-image-82186\" src=\"https:\/\/recursing-golick.147-182-135-0.plesk.page\/wp-content\/uploads\/2022\/03\/brazil-venezuela-refugees2.jpeg\" alt=\"\" width=\"814\" height=\"458\" srcset=\"https:\/\/interamerica.org\/wp-content\/uploads\/2022\/03\/brazil-venezuela-refugees2.jpeg 960w, https:\/\/interamerica.org\/wp-content\/uploads\/2022\/03\/brazil-venezuela-refugees2-300x169.jpeg 300w, https:\/\/interamerica.org\/wp-content\/uploads\/2022\/03\/brazil-venezuela-refugees2-768x432.jpeg 768w\" sizes=\"(max-width: 814px) 100vw, 814px\" \/><p id=\"caption-attachment-82186\" class=\"wp-caption-text\">Familias asistidas por voluntarios de la Iglesia Adventista reciben una Biblia y un libro misionero. [Imagen: Noticias de la Divisi\u00f3n Sudamericana]<\/p><\/div>Los refugiados, huyendo del hambre y los disturbios, viven en un estado de vulnerabilidad y llegan a Brasil con altos \u00edndices de malnutrici\u00f3n, especialmente los ni\u00f1os. De acuerdo a algunos estudios, 26 de cada 30 ni\u00f1os est\u00e1n mostrando se\u00f1ales de crecimiento retardado. Sufren tambi\u00e9n de enfermedades de la piel y de un comprometido sistema inmune.<\/p>\n<p>Otra venezolana reci\u00e9n llegada arrib\u00f3 con sus tres ni\u00f1os, un t\u00edo y un primo. Dijo lo siguiente: \u201cCreemos en Dios y oramos mucho porque pudi\u00e9ramos liberarnos de la vida que ten\u00edamos en Venezuela. Ahora podemos comenzar a so\u00f1ar nuevamente\u201d.<\/p>\n<p><strong>Asistencia generosa<\/strong><\/p>\n<p>Los refugiados han estado por mucho tiempo dependiendo de la ayuda brindada por los residentes de la regi\u00f3n, quienes ya han recibido a muchos inmigrantes. Y aqu\u00ed es donde se hace presente la labor voluntaria de los adventistas del s\u00e9ptimo d\u00eda, dedicados a hacer m\u00e1s bellas y c\u00f3modas las nuevas habitaciones de esas familias. \u201cNos sentimos gozosos al ver felices a los ni\u00f1os, a las familias recibiendo regalos con un brillo en sus ojos\u201d, dijo la directora regional de Ministerio de la Mujer, Meiryanne Rezzuto. \u201cEstamos poniendo en pr\u00e1ctica el amor de Jes\u00fas\u201d.<\/p>\n<p><div id=\"attachment_82189\" style=\"width: 812px\" class=\"wp-caption aligncenter\"><img decoding=\"async\" aria-describedby=\"caption-attachment-82189\" class=\" wp-image-82189\" src=\"https:\/\/recursing-golick.147-182-135-0.plesk.page\/wp-content\/uploads\/2022\/03\/brazil-venezuela-refugees3.jpeg\" alt=\"\" width=\"802\" height=\"451\" srcset=\"https:\/\/interamerica.org\/wp-content\/uploads\/2022\/03\/brazil-venezuela-refugees3.jpeg 1024w, https:\/\/interamerica.org\/wp-content\/uploads\/2022\/03\/brazil-venezuela-refugees3-300x169.jpeg 300w, https:\/\/interamerica.org\/wp-content\/uploads\/2022\/03\/brazil-venezuela-refugees3-768x432.jpeg 768w\" sizes=\"(max-width: 802px) 100vw, 802px\" \/><p id=\"caption-attachment-82189\" class=\"wp-caption-text\">Dirigentes de la iglesia regional dedican un d\u00eda pintando y haciendo mejoras a uno de los albergues en Manaus donde se est\u00e1n quedando refugiados venezolanos. [Imagen: Noticias de la Divisi\u00f3n Sudamericana]<\/p><\/div>Uno de los refugios incluye cinco grandes edificios. Recientemente, voluntarios adventistas, incluyendo a quienes prestan servicios en las oficinas regionales de la iglesia, dedicaron un d\u00eda a pintar el lugar. \u201cEventos tales como \u201810 D\u00edas de Oraci\u00f3n\u2019 nos ayudan a enfocar nuestra atenci\u00f3n en este tipo de actividades\u201d, dijo el presidente de la Asociaci\u00f3n Amazonas-Roraima, Mark Wallace Ribeiro. \u201cEstas iniciativas ayudan a los pastores a vivir una vida de servicio de la manera que Jes\u00fas nos ense\u00f1\u00f3.<\/p>\n<p>Todas las personas en el albergue recibieron una Biblia, una serie de estudios b\u00edblicos, art\u00edculos de tocador y de higiene, adem\u00e1s de canastas con otros art\u00edculos b\u00e1sicos. Estas personas necesitan m\u00e1s que simplemente art\u00edculos, dijo la coordinadora Janete Oliveira. \u201cNecesitan conocer a Dios, de manera que puedan so\u00f1ar nuevamente; necesitan tener una raz\u00f3n para existir y procurar una nueva vida\u201d.<\/p>\n<p><em>La <\/em><a href=\"https:\/\/noticias.adventistas.org\/pt\/noticia\/projetos-sociais\/acoes-solidarias-impactam-abrigo-de-imigrantes-venezuelanos-em-manaus\/\"><em>versi\u00f3n original<\/em><\/a><em>\u00a0de esta noticia se public\u00f3 en el <\/em><a href=\"https:\/\/noticias.adventistas.org\/pt\/\"><em>sitio de noticias <\/em><\/a>\u00a0<em>de la Divisi\u00f3n Sudamericana, en portugu\u00e9s. <\/em><\/p>\n<p>Traducci\u00f3n \u2013 Gloria A. Castrej\u00f3n<\/p>\n<p>&nbsp;<\/p>\n<p>&nbsp;<\/p>\n","protected":false},"excerpt":{"rendered":"<p>Residentes colectan donaciones para mejorar las condiciones de vida de quienes llegan al pa\u00eds. 7 de marzo de 2022 | Jackeline Farah, Divisi\u00f3n Sudamericana y Adventist Review De acuerdo con&#8230;<\/p>\n","protected":false},"author":3,"featured_media":82193,"comment_status":"closed","ping_status":"closed","sticky":false,"template":"","format":"standard","meta":{"_acf_changed":false,"footnotes":""},"categories":[14,15],"tags":[],"class_list":["post-82243","post","type-post","status-publish","format-standard","has-post-thumbnail","hentry","category-de-la-iglesia-mundial","category-rss-espanol"],"acf":[],"yoast_head":"<!-- This site is optimized with the Yoast SEO plugin v27.3 - https:\/\/yoast.com\/product\/yoast-seo-wordpress\/ -->\n<title>En Brasil, voluntarios se esfuerzan por mejorar la vida de inmigrantes venezolanos - Iglesia Adventista del S\u00e9ptimo D\u00eda - Divisi\u00f3n Interamericana<\/title>\n<meta name=\"robots\" content=\"index, follow, max-snippet:-1, max-image-preview:large, max-video-preview:-1\" \/>\n<link rel=\"canonical\" href=\"https:\/\/interamerica.org\/es\/2022\/03\/en-brasil-voluntarios-se-esfuerzan-por-mejorar-la-vida-de-inmigrantes-venezolanos\/\" \/>\n<meta property=\"og:locale\" content=\"es_ES\" \/>\n<meta property=\"og:type\" content=\"article\" \/>\n<meta property=\"og:title\" content=\"En Brasil, voluntarios se esfuerzan por mejorar la vida de inmigrantes venezolanos - Iglesia Adventista del S\u00e9ptimo D\u00eda - Divisi\u00f3n Interamericana\" \/>\n<meta property=\"og:description\" content=\"Residentes colectan donaciones para mejorar las condiciones de vida de quienes llegan al pa\u00eds. 7 de marzo de 2022 | Jackeline Farah, Divisi\u00f3n Sudamericana y Adventist Review De acuerdo con...\" \/>\n<meta property=\"og:url\" content=\"https:\/\/interamerica.org\/es\/2022\/03\/en-brasil-voluntarios-se-esfuerzan-por-mejorar-la-vida-de-inmigrantes-venezolanos\/\" \/>\n<meta property=\"og:site_name\" content=\"Iglesia Adventista del S\u00e9ptimo D\u00eda - Divisi\u00f3n Interamericana\" \/>\n<meta property=\"article:published_time\" content=\"2022-03-07T15:56:27+00:00\" \/>\n<meta property=\"article:modified_time\" content=\"2022-03-07T20:30:08+00:00\" \/>\n<meta property=\"og:image\" content=\"https:\/\/interamerica.org\/wp-content\/uploads\/2022\/03\/in-brazil-volunteers-work-to-improve-the-lives-of-venezuelan-immigrants1.png\" \/>\n\t<meta property=\"og:image:width\" content=\"1000\" \/>\n\t<meta property=\"og:image:height\" content=\"500\" \/>\n\t<meta property=\"og:image:type\" content=\"image\/png\" \/>\n<meta name=\"author\" content=\"libna\" \/>\n<meta name=\"twitter:card\" content=\"summary_large_image\" \/>\n<meta name=\"twitter:label1\" content=\"Escrito por\" \/>\n\t<meta name=\"twitter:data1\" content=\"libna\" \/>\n\t<meta name=\"twitter:label2\" content=\"Tiempo de lectura\" \/>\n\t<meta name=\"twitter:data2\" content=\"3 minutos\" \/>\n<script type=\"application\/ld+json\" class=\"yoast-schema-graph\">{\"@context\":\"https:\\\/\\\/schema.org\",\"@graph\":[{\"@type\":\"Article\",\"@id\":\"https:\\\/\\\/interamerica.org\\\/es\\\/2022\\\/03\\\/en-brasil-voluntarios-se-esfuerzan-por-mejorar-la-vida-de-inmigrantes-venezolanos\\\/#article\",\"isPartOf\":{\"@id\":\"https:\\\/\\\/interamerica.org\\\/es\\\/2022\\\/03\\\/en-brasil-voluntarios-se-esfuerzan-por-mejorar-la-vida-de-inmigrantes-venezolanos\\\/\"},\"author\":{\"name\":\"libna\",\"@id\":\"https:\\\/\\\/interamerica.org\\\/es\\\/#\\\/schema\\\/person\\\/29998f2bc2d8bd0d38662909289b54f1\"},\"headline\":\"En Brasil, voluntarios se esfuerzan por mejorar la vida de inmigrantes venezolanos\",\"datePublished\":\"2022-03-07T15:56:27+00:00\",\"dateModified\":\"2022-03-07T20:30:08+00:00\",\"mainEntityOfPage\":{\"@id\":\"https:\\\/\\\/interamerica.org\\\/es\\\/2022\\\/03\\\/en-brasil-voluntarios-se-esfuerzan-por-mejorar-la-vida-de-inmigrantes-venezolanos\\\/\"},\"wordCount\":663,\"image\":{\"@id\":\"https:\\\/\\\/interamerica.org\\\/es\\\/2022\\\/03\\\/en-brasil-voluntarios-se-esfuerzan-por-mejorar-la-vida-de-inmigrantes-venezolanos\\\/#primaryimage\"},\"thumbnailUrl\":\"https:\\\/\\\/interamerica.org\\\/wp-content\\\/uploads\\\/2022\\\/03\\\/in-brazil-volunteers-work-to-improve-the-lives-of-venezuelan-immigrants1.png\",\"articleSection\":[\"Desde la iglesia mundial\",\"RSS Espa\u00f1ol\"],\"inLanguage\":\"es\"},{\"@type\":\"WebPage\",\"@id\":\"https:\\\/\\\/interamerica.org\\\/es\\\/2022\\\/03\\\/en-brasil-voluntarios-se-esfuerzan-por-mejorar-la-vida-de-inmigrantes-venezolanos\\\/\",\"url\":\"https:\\\/\\\/interamerica.org\\\/es\\\/2022\\\/03\\\/en-brasil-voluntarios-se-esfuerzan-por-mejorar-la-vida-de-inmigrantes-venezolanos\\\/\",\"name\":\"En Brasil, voluntarios se esfuerzan por mejorar la vida de inmigrantes venezolanos - Iglesia Adventista del S\u00e9ptimo D\u00eda - Divisi\u00f3n Interamericana\",\"isPartOf\":{\"@id\":\"https:\\\/\\\/interamerica.org\\\/es\\\/#website\"},\"primaryImageOfPage\":{\"@id\":\"https:\\\/\\\/interamerica.org\\\/es\\\/2022\\\/03\\\/en-brasil-voluntarios-se-esfuerzan-por-mejorar-la-vida-de-inmigrantes-venezolanos\\\/#primaryimage\"},\"image\":{\"@id\":\"https:\\\/\\\/interamerica.org\\\/es\\\/2022\\\/03\\\/en-brasil-voluntarios-se-esfuerzan-por-mejorar-la-vida-de-inmigrantes-venezolanos\\\/#primaryimage\"},\"thumbnailUrl\":\"https:\\\/\\\/interamerica.org\\\/wp-content\\\/uploads\\\/2022\\\/03\\\/in-brazil-volunteers-work-to-improve-the-lives-of-venezuelan-immigrants1.png\",\"datePublished\":\"2022-03-07T15:56:27+00:00\",\"dateModified\":\"2022-03-07T20:30:08+00:00\",\"author\":{\"@id\":\"https:\\\/\\\/interamerica.org\\\/es\\\/#\\\/schema\\\/person\\\/29998f2bc2d8bd0d38662909289b54f1\"},\"breadcrumb\":{\"@id\":\"https:\\\/\\\/interamerica.org\\\/es\\\/2022\\\/03\\\/en-brasil-voluntarios-se-esfuerzan-por-mejorar-la-vida-de-inmigrantes-venezolanos\\\/#breadcrumb\"},\"inLanguage\":\"es\",\"potentialAction\":[{\"@type\":\"ReadAction\",\"target\":[\"https:\\\/\\\/interamerica.org\\\/es\\\/2022\\\/03\\\/en-brasil-voluntarios-se-esfuerzan-por-mejorar-la-vida-de-inmigrantes-venezolanos\\\/\"]}]},{\"@type\":\"ImageObject\",\"inLanguage\":\"es\",\"@id\":\"https:\\\/\\\/interamerica.org\\\/es\\\/2022\\\/03\\\/en-brasil-voluntarios-se-esfuerzan-por-mejorar-la-vida-de-inmigrantes-venezolanos\\\/#primaryimage\",\"url\":\"https:\\\/\\\/interamerica.org\\\/wp-content\\\/uploads\\\/2022\\\/03\\\/in-brazil-volunteers-work-to-improve-the-lives-of-venezuelan-immigrants1.png\",\"contentUrl\":\"https:\\\/\\\/interamerica.org\\\/wp-content\\\/uploads\\\/2022\\\/03\\\/in-brazil-volunteers-work-to-improve-the-lives-of-venezuelan-immigrants1.png\",\"width\":1000,\"height\":500},{\"@type\":\"BreadcrumbList\",\"@id\":\"https:\\\/\\\/interamerica.org\\\/es\\\/2022\\\/03\\\/en-brasil-voluntarios-se-esfuerzan-por-mejorar-la-vida-de-inmigrantes-venezolanos\\\/#breadcrumb\",\"itemListElement\":[{\"@type\":\"ListItem\",\"position\":1,\"name\":\"Home\",\"item\":\"https:\\\/\\\/interamerica.org\\\/es\\\/\"},{\"@type\":\"ListItem\",\"position\":2,\"name\":\"En Brasil, voluntarios se esfuerzan por mejorar la vida de inmigrantes venezolanos\"}]},{\"@type\":\"WebSite\",\"@id\":\"https:\\\/\\\/interamerica.org\\\/es\\\/#website\",\"url\":\"https:\\\/\\\/interamerica.org\\\/es\\\/\",\"name\":\"Iglesia Adventista del S\u00e9ptimo D\u00eda - Divisi\u00f3n Interamericana\",\"description\":\"\",\"potentialAction\":[{\"@type\":\"SearchAction\",\"target\":{\"@type\":\"EntryPoint\",\"urlTemplate\":\"https:\\\/\\\/interamerica.org\\\/es\\\/?s={search_term_string}\"},\"query-input\":{\"@type\":\"PropertyValueSpecification\",\"valueRequired\":true,\"valueName\":\"search_term_string\"}}],\"inLanguage\":\"es\"},{\"@type\":\"Person\",\"@id\":\"https:\\\/\\\/interamerica.org\\\/es\\\/#\\\/schema\\\/person\\\/29998f2bc2d8bd0d38662909289b54f1\",\"name\":\"libna\",\"image\":{\"@type\":\"ImageObject\",\"inLanguage\":\"es\",\"@id\":\"https:\\\/\\\/secure.gravatar.com\\\/avatar\\\/7c5bd30ae4b47a9ba3c856590957fd1d96dc588bf3ac05719d247e126840331f?s=96&d=mm&r=g\",\"url\":\"https:\\\/\\\/secure.gravatar.com\\\/avatar\\\/7c5bd30ae4b47a9ba3c856590957fd1d96dc588bf3ac05719d247e126840331f?s=96&d=mm&r=g\",\"contentUrl\":\"https:\\\/\\\/secure.gravatar.com\\\/avatar\\\/7c5bd30ae4b47a9ba3c856590957fd1d96dc588bf3ac05719d247e126840331f?s=96&d=mm&r=g\",\"caption\":\"libna\"}}]}<\/script>\n<!-- \/ Yoast SEO plugin. -->","yoast_head_json":{"title":"En Brasil, voluntarios se esfuerzan por mejorar la vida de inmigrantes venezolanos - Iglesia Adventista del S\u00e9ptimo D\u00eda - Divisi\u00f3n Interamericana","robots":{"index":"index","follow":"follow","max-snippet":"max-snippet:-1","max-image-preview":"max-image-preview:large","max-video-preview":"max-video-preview:-1"},"canonical":"https:\/\/interamerica.org\/es\/2022\/03\/en-brasil-voluntarios-se-esfuerzan-por-mejorar-la-vida-de-inmigrantes-venezolanos\/","og_locale":"es_ES","og_type":"article","og_title":"En Brasil, voluntarios se esfuerzan por mejorar la vida de inmigrantes venezolanos - Iglesia Adventista del S\u00e9ptimo D\u00eda - Divisi\u00f3n Interamericana","og_description":"Residentes colectan donaciones para mejorar las condiciones de vida de quienes llegan al pa\u00eds. 7 de marzo de 2022 | Jackeline Farah, Divisi\u00f3n Sudamericana y Adventist Review De acuerdo con...","og_url":"https:\/\/interamerica.org\/es\/2022\/03\/en-brasil-voluntarios-se-esfuerzan-por-mejorar-la-vida-de-inmigrantes-venezolanos\/","og_site_name":"Iglesia Adventista del S\u00e9ptimo D\u00eda - Divisi\u00f3n Interamericana","article_published_time":"2022-03-07T15:56:27+00:00","article_modified_time":"2022-03-07T20:30:08+00:00","og_image":[{"width":1000,"height":500,"url":"https:\/\/interamerica.org\/wp-content\/uploads\/2022\/03\/in-brazil-volunteers-work-to-improve-the-lives-of-venezuelan-immigrants1.png","type":"image\/png"}],"author":"libna","twitter_card":"summary_large_image","twitter_misc":{"Escrito por":"libna","Tiempo de lectura":"3 minutos"},"schema":{"@context":"https:\/\/schema.org","@graph":[{"@type":"Article","@id":"https:\/\/interamerica.org\/es\/2022\/03\/en-brasil-voluntarios-se-esfuerzan-por-mejorar-la-vida-de-inmigrantes-venezolanos\/#article","isPartOf":{"@id":"https:\/\/interamerica.org\/es\/2022\/03\/en-brasil-voluntarios-se-esfuerzan-por-mejorar-la-vida-de-inmigrantes-venezolanos\/"},"author":{"name":"libna","@id":"https:\/\/interamerica.org\/es\/#\/schema\/person\/29998f2bc2d8bd0d38662909289b54f1"},"headline":"En Brasil, voluntarios se esfuerzan por mejorar la vida de inmigrantes venezolanos","datePublished":"2022-03-07T15:56:27+00:00","dateModified":"2022-03-07T20:30:08+00:00","mainEntityOfPage":{"@id":"https:\/\/interamerica.org\/es\/2022\/03\/en-brasil-voluntarios-se-esfuerzan-por-mejorar-la-vida-de-inmigrantes-venezolanos\/"},"wordCount":663,"image":{"@id":"https:\/\/interamerica.org\/es\/2022\/03\/en-brasil-voluntarios-se-esfuerzan-por-mejorar-la-vida-de-inmigrantes-venezolanos\/#primaryimage"},"thumbnailUrl":"https:\/\/interamerica.org\/wp-content\/uploads\/2022\/03\/in-brazil-volunteers-work-to-improve-the-lives-of-venezuelan-immigrants1.png","articleSection":["Desde la iglesia mundial","RSS Espa\u00f1ol"],"inLanguage":"es"},{"@type":"WebPage","@id":"https:\/\/interamerica.org\/es\/2022\/03\/en-brasil-voluntarios-se-esfuerzan-por-mejorar-la-vida-de-inmigrantes-venezolanos\/","url":"https:\/\/interamerica.org\/es\/2022\/03\/en-brasil-voluntarios-se-esfuerzan-por-mejorar-la-vida-de-inmigrantes-venezolanos\/","name":"En Brasil, voluntarios se esfuerzan por mejorar la vida de inmigrantes venezolanos - Iglesia Adventista del S\u00e9ptimo D\u00eda - Divisi\u00f3n Interamericana","isPartOf":{"@id":"https:\/\/interamerica.org\/es\/#website"},"primaryImageOfPage":{"@id":"https:\/\/interamerica.org\/es\/2022\/03\/en-brasil-voluntarios-se-esfuerzan-por-mejorar-la-vida-de-inmigrantes-venezolanos\/#primaryimage"},"image":{"@id":"https:\/\/interamerica.org\/es\/2022\/03\/en-brasil-voluntarios-se-esfuerzan-por-mejorar-la-vida-de-inmigrantes-venezolanos\/#primaryimage"},"thumbnailUrl":"https:\/\/interamerica.org\/wp-content\/uploads\/2022\/03\/in-brazil-volunteers-work-to-improve-the-lives-of-venezuelan-immigrants1.png","datePublished":"2022-03-07T15:56:27+00:00","dateModified":"2022-03-07T20:30:08+00:00","author":{"@id":"https:\/\/interamerica.org\/es\/#\/schema\/person\/29998f2bc2d8bd0d38662909289b54f1"},"breadcrumb":{"@id":"https:\/\/interamerica.org\/es\/2022\/03\/en-brasil-voluntarios-se-esfuerzan-por-mejorar-la-vida-de-inmigrantes-venezolanos\/#breadcrumb"},"inLanguage":"es","potentialAction":[{"@type":"ReadAction","target":["https:\/\/interamerica.org\/es\/2022\/03\/en-brasil-voluntarios-se-esfuerzan-por-mejorar-la-vida-de-inmigrantes-venezolanos\/"]}]},{"@type":"ImageObject","inLanguage":"es","@id":"https:\/\/interamerica.org\/es\/2022\/03\/en-brasil-voluntarios-se-esfuerzan-por-mejorar-la-vida-de-inmigrantes-venezolanos\/#primaryimage","url":"https:\/\/interamerica.org\/wp-content\/uploads\/2022\/03\/in-brazil-volunteers-work-to-improve-the-lives-of-venezuelan-immigrants1.png","contentUrl":"https:\/\/interamerica.org\/wp-content\/uploads\/2022\/03\/in-brazil-volunteers-work-to-improve-the-lives-of-venezuelan-immigrants1.png","width":1000,"height":500},{"@type":"BreadcrumbList","@id":"https:\/\/interamerica.org\/es\/2022\/03\/en-brasil-voluntarios-se-esfuerzan-por-mejorar-la-vida-de-inmigrantes-venezolanos\/#breadcrumb","itemListElement":[{"@type":"ListItem","position":1,"name":"Home","item":"https:\/\/interamerica.org\/es\/"},{"@type":"ListItem","position":2,"name":"En Brasil, voluntarios se esfuerzan por mejorar la vida de inmigrantes venezolanos"}]},{"@type":"WebSite","@id":"https:\/\/interamerica.org\/es\/#website","url":"https:\/\/interamerica.org\/es\/","name":"Iglesia Adventista del S\u00e9ptimo D\u00eda - Divisi\u00f3n Interamericana","description":"","potentialAction":[{"@type":"SearchAction","target":{"@type":"EntryPoint","urlTemplate":"https:\/\/interamerica.org\/es\/?s={search_term_string}"},"query-input":{"@type":"PropertyValueSpecification","valueRequired":true,"valueName":"search_term_string"}}],"inLanguage":"es"},{"@type":"Person","@id":"https:\/\/interamerica.org\/es\/#\/schema\/person\/29998f2bc2d8bd0d38662909289b54f1","name":"libna","image":{"@type":"ImageObject","inLanguage":"es","@id":"https:\/\/secure.gravatar.com\/avatar\/7c5bd30ae4b47a9ba3c856590957fd1d96dc588bf3ac05719d247e126840331f?s=96&d=mm&r=g","url":"https:\/\/secure.gravatar.com\/avatar\/7c5bd30ae4b47a9ba3c856590957fd1d96dc588bf3ac05719d247e126840331f?s=96&d=mm&r=g","contentUrl":"https:\/\/secure.gravatar.com\/avatar\/7c5bd30ae4b47a9ba3c856590957fd1d96dc588bf3ac05719d247e126840331f?s=96&d=mm&r=g","caption":"libna"}}]}},"_links":{"self":[{"href":"https:\/\/interamerica.org\/es\/wp-json\/wp\/v2\/posts\/82243","targetHints":{"allow":["GET"]}}],"collection":[{"href":"https:\/\/interamerica.org\/es\/wp-json\/wp\/v2\/posts"}],"about":[{"href":"https:\/\/interamerica.org\/es\/wp-json\/wp\/v2\/types\/post"}],"author":[{"embeddable":true,"href":"https:\/\/interamerica.org\/es\/wp-json\/wp\/v2\/users\/3"}],"replies":[{"embeddable":true,"href":"https:\/\/interamerica.org\/es\/wp-json\/wp\/v2\/comments?post=82243"}],"version-history":[{"count":0,"href":"https:\/\/interamerica.org\/es\/wp-json\/wp\/v2\/posts\/82243\/revisions"}],"wp:featuredmedia":[{"embeddable":true,"href":"https:\/\/interamerica.org\/es\/wp-json\/wp\/v2\/media\/82193"}],"wp:attachment":[{"href":"https:\/\/interamerica.org\/es\/wp-json\/wp\/v2\/media?parent=82243"}],"wp:term":[{"taxonomy":"category","embeddable":true,"href":"https:\/\/interamerica.org\/es\/wp-json\/wp\/v2\/categories?post=82243"},{"taxonomy":"post_tag","embeddable":true,"href":"https:\/\/interamerica.org\/es\/wp-json\/wp\/v2\/tags?post=82243"}],"curies":[{"name":"wp","href":"https:\/\/api.w.org\/{rel}","templated":true}]}}