{"id":82250,"date":"2022-03-07T08:11:20","date_gmt":"2022-03-07T12:11:20","guid":{"rendered":"https:\/\/recursing-golick.147-182-135-0.plesk.page\/?p=82250"},"modified":"2022-03-07T22:06:46","modified_gmt":"2022-03-08T02:06:46","slug":"un-nuevo-llamado-a-la-oracion","status":"publish","type":"post","link":"https:\/\/interamerica.org\/es\/2022\/03\/un-nuevo-llamado-a-la-oracion\/","title":{"rendered":"Un nuevo llamado a la oraci\u00f3n"},"content":{"rendered":"<div class=\"u-width--100p u-spacing\">\n<p><strong>El presidente de la Iglesia Adventista del S\u00e9ptimo D\u00eda mundial, \u00a0Ted N.C. Wilson, hace un llamado a todos los miembros adventistas a continuar orando por el conflicto en Europa del Este.<\/strong><\/p>\n<p>4 de marzo de 2022 | Silver Spring, Maryland, Estados Unidos |\u00a0 Ted N.C. Wilson, presidente de la Asociaci\u00f3n General de los Adventistas del S\u00e9ptimo D\u00eda<\/p>\n<p>Queridos miembros de la \u00a0Iglesia Adventista del S\u00e9ptimo D\u00eda mundial:<\/p>\n<p>Vuelvo a hacer una apelaci\u00f3n para oraciones especiales en favor de nuestros miembros de iglesia\u00a0 y toda la gente en Ucrania, Rusia, Europa del Este, la Divisi\u00f3n Euroasi\u00e1tica, la Divisi\u00f3n Intereuropea y la Divisi\u00f3n Transeuropea. Gracias por haber elevado sus oraciones por esta dif\u00edcil y desafiante crisis que se desenvuelve ante nosotros. Oren fervientemente por los miles de personas que han sido afectadas. Oren por favor pidiendo a Dios que intervenga en esta crisis a fin de que pueda prevalecer la paz.<\/p>\n<p>Oren por favor por la obra maravillosa que nuestros miembros de iglesia est\u00e1n hacienda al ayudar a refugiados en Polonia. Eslovaquia, Hungr\u00eda, Ruman\u00eda, Moldova y Rusia\u2026.adem\u00e1s de la ayuda humanitaria especial en Ucrania. Alabado sea Dios por los esfuerzos de ADRA Internacional, ADRA Europa y las oficinas de ADRA en los diferentes pa\u00edses de Europa del Este mientras trabajan con nuestros miembros de iglesia y dirigentes de la misma, en la regi\u00f3n europea. Agradecemos a las divisiones Euroasi\u00e1tica, Intereuropea y Transeuropea por lo que est\u00e1n haciendo para aliviar el sufrimiento, siguiendo en las huellas de Cristo.<\/p>\n<p>Oren por sus esfuerzos continuados en tanto la crisis de refugiados aumenta cada d\u00eda. Que Dios est\u00e9 muy cerca de cada uno de los afectados en esta dif\u00edcil crisis plena de desaf\u00edos. Apoy\u00e9monos en Cristo en todo tiempo y en toda circunstancia al acercarnos cada vez m\u00e1s al momento de su segunda venida.<\/p>\n<p>Las se\u00f1ales nos dicen que vivimos en los \u00faltimos d\u00edas de la historia de este mundo. \u201c\u00a1Viene Jes\u00fas! \u00a1Involucr\u00e9monos!\u201d<\/p>\n<p>&nbsp;<\/p>\n<p>Ted N.C. Wilson, presidente<br \/>\nIglesia Adventista del S\u00e9ptimo D\u00eda Mundial<\/p>\n<p>&nbsp;<\/p>\n<\/div>\n<div class=\"c-block__meta\">\n<p>&nbsp;<\/p>\n<\/div>\n","protected":false},"excerpt":{"rendered":"<p>El presidente de la Iglesia Adventista del S\u00e9ptimo D\u00eda mundial, \u00a0Ted N.C. Wilson, hace un llamado a todos los miembros adventistas a continuar orando por el conflicto en Europa del&#8230;<\/p>\n","protected":false},"author":3,"featured_media":82240,"comment_status":"closed","ping_status":"closed","sticky":false,"template":"","format":"standard","meta":{"_acf_changed":false,"footnotes":""},"categories":[14,15],"tags":[],"class_list":["post-82250","post","type-post","status-publish","format-standard","has-post-thumbnail","hentry","category-de-la-iglesia-mundial","category-rss-espanol"],"acf":[],"yoast_head":"<!-- This site is optimized with the Yoast SEO plugin v27.3 - https:\/\/yoast.com\/product\/yoast-seo-wordpress\/ -->\n<title>Un nuevo llamado a la oraci\u00f3n - Iglesia Adventista del S\u00e9ptimo D\u00eda - Divisi\u00f3n Interamericana<\/title>\n<meta name=\"robots\" content=\"index, follow, max-snippet:-1, max-image-preview:large, max-video-preview:-1\" \/>\n<link rel=\"canonical\" href=\"https:\/\/interamerica.org\/es\/2022\/03\/un-nuevo-llamado-a-la-oracion\/\" \/>\n<meta property=\"og:locale\" content=\"es_ES\" \/>\n<meta property=\"og:type\" content=\"article\" \/>\n<meta property=\"og:title\" content=\"Un nuevo llamado a la oraci\u00f3n - Iglesia Adventista del S\u00e9ptimo D\u00eda - Divisi\u00f3n Interamericana\" \/>\n<meta property=\"og:description\" content=\"El presidente de la Iglesia Adventista del S\u00e9ptimo D\u00eda mundial, \u00a0Ted N.C. Wilson, hace un llamado a todos los miembros adventistas a continuar orando por el conflicto en Europa del...\" \/>\n<meta property=\"og:url\" content=\"https:\/\/interamerica.org\/es\/2022\/03\/un-nuevo-llamado-a-la-oracion\/\" \/>\n<meta property=\"og:site_name\" content=\"Iglesia Adventista del S\u00e9ptimo D\u00eda - Divisi\u00f3n Interamericana\" \/>\n<meta property=\"article:published_time\" content=\"2022-03-07T12:11:20+00:00\" \/>\n<meta property=\"article:modified_time\" content=\"2022-03-08T02:06:46+00:00\" \/>\n<meta property=\"og:image\" content=\"https:\/\/interamerica.org\/wp-content\/uploads\/2022\/03\/patrick-fore-b-shpu5m3nk-unsplash-1280.jpg\" \/>\n\t<meta property=\"og:image:width\" content=\"1280\" \/>\n\t<meta property=\"og:image:height\" content=\"800\" \/>\n\t<meta property=\"og:image:type\" content=\"image\/jpeg\" \/>\n<meta name=\"author\" content=\"libna\" \/>\n<meta name=\"twitter:card\" content=\"summary_large_image\" \/>\n<meta name=\"twitter:label1\" content=\"Escrito por\" \/>\n\t<meta name=\"twitter:data1\" content=\"libna\" \/>\n\t<meta name=\"twitter:label2\" content=\"Tiempo de lectura\" \/>\n\t<meta name=\"twitter:data2\" content=\"2 minutos\" \/>\n<script type=\"application\/ld+json\" class=\"yoast-schema-graph\">{\"@context\":\"https:\\\/\\\/schema.org\",\"@graph\":[{\"@type\":\"Article\",\"@id\":\"https:\\\/\\\/interamerica.org\\\/es\\\/2022\\\/03\\\/un-nuevo-llamado-a-la-oracion\\\/#article\",\"isPartOf\":{\"@id\":\"https:\\\/\\\/interamerica.org\\\/es\\\/2022\\\/03\\\/un-nuevo-llamado-a-la-oracion\\\/\"},\"author\":{\"name\":\"libna\",\"@id\":\"https:\\\/\\\/interamerica.org\\\/es\\\/#\\\/schema\\\/person\\\/29998f2bc2d8bd0d38662909289b54f1\"},\"headline\":\"Un nuevo llamado a la oraci\u00f3n\",\"datePublished\":\"2022-03-07T12:11:20+00:00\",\"dateModified\":\"2022-03-08T02:06:46+00:00\",\"mainEntityOfPage\":{\"@id\":\"https:\\\/\\\/interamerica.org\\\/es\\\/2022\\\/03\\\/un-nuevo-llamado-a-la-oracion\\\/\"},\"wordCount\":369,\"image\":{\"@id\":\"https:\\\/\\\/interamerica.org\\\/es\\\/2022\\\/03\\\/un-nuevo-llamado-a-la-oracion\\\/#primaryimage\"},\"thumbnailUrl\":\"https:\\\/\\\/interamerica.org\\\/wp-content\\\/uploads\\\/2022\\\/03\\\/patrick-fore-b-shpu5m3nk-unsplash-1280.jpg\",\"articleSection\":[\"Desde la iglesia mundial\",\"RSS Espa\u00f1ol\"],\"inLanguage\":\"es\"},{\"@type\":\"WebPage\",\"@id\":\"https:\\\/\\\/interamerica.org\\\/es\\\/2022\\\/03\\\/un-nuevo-llamado-a-la-oracion\\\/\",\"url\":\"https:\\\/\\\/interamerica.org\\\/es\\\/2022\\\/03\\\/un-nuevo-llamado-a-la-oracion\\\/\",\"name\":\"Un nuevo llamado a la oraci\u00f3n - Iglesia Adventista del S\u00e9ptimo D\u00eda - Divisi\u00f3n Interamericana\",\"isPartOf\":{\"@id\":\"https:\\\/\\\/interamerica.org\\\/es\\\/#website\"},\"primaryImageOfPage\":{\"@id\":\"https:\\\/\\\/interamerica.org\\\/es\\\/2022\\\/03\\\/un-nuevo-llamado-a-la-oracion\\\/#primaryimage\"},\"image\":{\"@id\":\"https:\\\/\\\/interamerica.org\\\/es\\\/2022\\\/03\\\/un-nuevo-llamado-a-la-oracion\\\/#primaryimage\"},\"thumbnailUrl\":\"https:\\\/\\\/interamerica.org\\\/wp-content\\\/uploads\\\/2022\\\/03\\\/patrick-fore-b-shpu5m3nk-unsplash-1280.jpg\",\"datePublished\":\"2022-03-07T12:11:20+00:00\",\"dateModified\":\"2022-03-08T02:06:46+00:00\",\"author\":{\"@id\":\"https:\\\/\\\/interamerica.org\\\/es\\\/#\\\/schema\\\/person\\\/29998f2bc2d8bd0d38662909289b54f1\"},\"breadcrumb\":{\"@id\":\"https:\\\/\\\/interamerica.org\\\/es\\\/2022\\\/03\\\/un-nuevo-llamado-a-la-oracion\\\/#breadcrumb\"},\"inLanguage\":\"es\",\"potentialAction\":[{\"@type\":\"ReadAction\",\"target\":[\"https:\\\/\\\/interamerica.org\\\/es\\\/2022\\\/03\\\/un-nuevo-llamado-a-la-oracion\\\/\"]}]},{\"@type\":\"ImageObject\",\"inLanguage\":\"es\",\"@id\":\"https:\\\/\\\/interamerica.org\\\/es\\\/2022\\\/03\\\/un-nuevo-llamado-a-la-oracion\\\/#primaryimage\",\"url\":\"https:\\\/\\\/interamerica.org\\\/wp-content\\\/uploads\\\/2022\\\/03\\\/patrick-fore-b-shpu5m3nk-unsplash-1280.jpg\",\"contentUrl\":\"https:\\\/\\\/interamerica.org\\\/wp-content\\\/uploads\\\/2022\\\/03\\\/patrick-fore-b-shpu5m3nk-unsplash-1280.jpg\",\"width\":1280,\"height\":800,\"caption\":\"[Imagen: Patrick Fore\\\/Unsplash]\"},{\"@type\":\"BreadcrumbList\",\"@id\":\"https:\\\/\\\/interamerica.org\\\/es\\\/2022\\\/03\\\/un-nuevo-llamado-a-la-oracion\\\/#breadcrumb\",\"itemListElement\":[{\"@type\":\"ListItem\",\"position\":1,\"name\":\"Home\",\"item\":\"https:\\\/\\\/interamerica.org\\\/es\\\/\"},{\"@type\":\"ListItem\",\"position\":2,\"name\":\"Un nuevo llamado a la oraci\u00f3n\"}]},{\"@type\":\"WebSite\",\"@id\":\"https:\\\/\\\/interamerica.org\\\/es\\\/#website\",\"url\":\"https:\\\/\\\/interamerica.org\\\/es\\\/\",\"name\":\"Iglesia Adventista del S\u00e9ptimo D\u00eda - Divisi\u00f3n Interamericana\",\"description\":\"\",\"potentialAction\":[{\"@type\":\"SearchAction\",\"target\":{\"@type\":\"EntryPoint\",\"urlTemplate\":\"https:\\\/\\\/interamerica.org\\\/es\\\/?s={search_term_string}\"},\"query-input\":{\"@type\":\"PropertyValueSpecification\",\"valueRequired\":true,\"valueName\":\"search_term_string\"}}],\"inLanguage\":\"es\"},{\"@type\":\"Person\",\"@id\":\"https:\\\/\\\/interamerica.org\\\/es\\\/#\\\/schema\\\/person\\\/29998f2bc2d8bd0d38662909289b54f1\",\"name\":\"libna\",\"image\":{\"@type\":\"ImageObject\",\"inLanguage\":\"es\",\"@id\":\"https:\\\/\\\/secure.gravatar.com\\\/avatar\\\/7c5bd30ae4b47a9ba3c856590957fd1d96dc588bf3ac05719d247e126840331f?s=96&d=mm&r=g\",\"url\":\"https:\\\/\\\/secure.gravatar.com\\\/avatar\\\/7c5bd30ae4b47a9ba3c856590957fd1d96dc588bf3ac05719d247e126840331f?s=96&d=mm&r=g\",\"contentUrl\":\"https:\\\/\\\/secure.gravatar.com\\\/avatar\\\/7c5bd30ae4b47a9ba3c856590957fd1d96dc588bf3ac05719d247e126840331f?s=96&d=mm&r=g\",\"caption\":\"libna\"}}]}<\/script>\n<!-- \/ Yoast SEO plugin. -->","yoast_head_json":{"title":"Un nuevo llamado a la oraci\u00f3n - Iglesia Adventista del S\u00e9ptimo D\u00eda - Divisi\u00f3n Interamericana","robots":{"index":"index","follow":"follow","max-snippet":"max-snippet:-1","max-image-preview":"max-image-preview:large","max-video-preview":"max-video-preview:-1"},"canonical":"https:\/\/interamerica.org\/es\/2022\/03\/un-nuevo-llamado-a-la-oracion\/","og_locale":"es_ES","og_type":"article","og_title":"Un nuevo llamado a la oraci\u00f3n - Iglesia Adventista del S\u00e9ptimo D\u00eda - Divisi\u00f3n Interamericana","og_description":"El presidente de la Iglesia Adventista del S\u00e9ptimo D\u00eda mundial, \u00a0Ted N.C. Wilson, hace un llamado a todos los miembros adventistas a continuar orando por el conflicto en Europa del...","og_url":"https:\/\/interamerica.org\/es\/2022\/03\/un-nuevo-llamado-a-la-oracion\/","og_site_name":"Iglesia Adventista del S\u00e9ptimo D\u00eda - Divisi\u00f3n Interamericana","article_published_time":"2022-03-07T12:11:20+00:00","article_modified_time":"2022-03-08T02:06:46+00:00","og_image":[{"width":1280,"height":800,"url":"https:\/\/interamerica.org\/wp-content\/uploads\/2022\/03\/patrick-fore-b-shpu5m3nk-unsplash-1280.jpg","type":"image\/jpeg"}],"author":"libna","twitter_card":"summary_large_image","twitter_misc":{"Escrito por":"libna","Tiempo de lectura":"2 minutos"},"schema":{"@context":"https:\/\/schema.org","@graph":[{"@type":"Article","@id":"https:\/\/interamerica.org\/es\/2022\/03\/un-nuevo-llamado-a-la-oracion\/#article","isPartOf":{"@id":"https:\/\/interamerica.org\/es\/2022\/03\/un-nuevo-llamado-a-la-oracion\/"},"author":{"name":"libna","@id":"https:\/\/interamerica.org\/es\/#\/schema\/person\/29998f2bc2d8bd0d38662909289b54f1"},"headline":"Un nuevo llamado a la oraci\u00f3n","datePublished":"2022-03-07T12:11:20+00:00","dateModified":"2022-03-08T02:06:46+00:00","mainEntityOfPage":{"@id":"https:\/\/interamerica.org\/es\/2022\/03\/un-nuevo-llamado-a-la-oracion\/"},"wordCount":369,"image":{"@id":"https:\/\/interamerica.org\/es\/2022\/03\/un-nuevo-llamado-a-la-oracion\/#primaryimage"},"thumbnailUrl":"https:\/\/interamerica.org\/wp-content\/uploads\/2022\/03\/patrick-fore-b-shpu5m3nk-unsplash-1280.jpg","articleSection":["Desde la iglesia mundial","RSS Espa\u00f1ol"],"inLanguage":"es"},{"@type":"WebPage","@id":"https:\/\/interamerica.org\/es\/2022\/03\/un-nuevo-llamado-a-la-oracion\/","url":"https:\/\/interamerica.org\/es\/2022\/03\/un-nuevo-llamado-a-la-oracion\/","name":"Un nuevo llamado a la oraci\u00f3n - Iglesia Adventista del S\u00e9ptimo D\u00eda - Divisi\u00f3n Interamericana","isPartOf":{"@id":"https:\/\/interamerica.org\/es\/#website"},"primaryImageOfPage":{"@id":"https:\/\/interamerica.org\/es\/2022\/03\/un-nuevo-llamado-a-la-oracion\/#primaryimage"},"image":{"@id":"https:\/\/interamerica.org\/es\/2022\/03\/un-nuevo-llamado-a-la-oracion\/#primaryimage"},"thumbnailUrl":"https:\/\/interamerica.org\/wp-content\/uploads\/2022\/03\/patrick-fore-b-shpu5m3nk-unsplash-1280.jpg","datePublished":"2022-03-07T12:11:20+00:00","dateModified":"2022-03-08T02:06:46+00:00","author":{"@id":"https:\/\/interamerica.org\/es\/#\/schema\/person\/29998f2bc2d8bd0d38662909289b54f1"},"breadcrumb":{"@id":"https:\/\/interamerica.org\/es\/2022\/03\/un-nuevo-llamado-a-la-oracion\/#breadcrumb"},"inLanguage":"es","potentialAction":[{"@type":"ReadAction","target":["https:\/\/interamerica.org\/es\/2022\/03\/un-nuevo-llamado-a-la-oracion\/"]}]},{"@type":"ImageObject","inLanguage":"es","@id":"https:\/\/interamerica.org\/es\/2022\/03\/un-nuevo-llamado-a-la-oracion\/#primaryimage","url":"https:\/\/interamerica.org\/wp-content\/uploads\/2022\/03\/patrick-fore-b-shpu5m3nk-unsplash-1280.jpg","contentUrl":"https:\/\/interamerica.org\/wp-content\/uploads\/2022\/03\/patrick-fore-b-shpu5m3nk-unsplash-1280.jpg","width":1280,"height":800,"caption":"[Imagen: Patrick Fore\/Unsplash]"},{"@type":"BreadcrumbList","@id":"https:\/\/interamerica.org\/es\/2022\/03\/un-nuevo-llamado-a-la-oracion\/#breadcrumb","itemListElement":[{"@type":"ListItem","position":1,"name":"Home","item":"https:\/\/interamerica.org\/es\/"},{"@type":"ListItem","position":2,"name":"Un nuevo llamado a la oraci\u00f3n"}]},{"@type":"WebSite","@id":"https:\/\/interamerica.org\/es\/#website","url":"https:\/\/interamerica.org\/es\/","name":"Iglesia Adventista del S\u00e9ptimo D\u00eda - Divisi\u00f3n Interamericana","description":"","potentialAction":[{"@type":"SearchAction","target":{"@type":"EntryPoint","urlTemplate":"https:\/\/interamerica.org\/es\/?s={search_term_string}"},"query-input":{"@type":"PropertyValueSpecification","valueRequired":true,"valueName":"search_term_string"}}],"inLanguage":"es"},{"@type":"Person","@id":"https:\/\/interamerica.org\/es\/#\/schema\/person\/29998f2bc2d8bd0d38662909289b54f1","name":"libna","image":{"@type":"ImageObject","inLanguage":"es","@id":"https:\/\/secure.gravatar.com\/avatar\/7c5bd30ae4b47a9ba3c856590957fd1d96dc588bf3ac05719d247e126840331f?s=96&d=mm&r=g","url":"https:\/\/secure.gravatar.com\/avatar\/7c5bd30ae4b47a9ba3c856590957fd1d96dc588bf3ac05719d247e126840331f?s=96&d=mm&r=g","contentUrl":"https:\/\/secure.gravatar.com\/avatar\/7c5bd30ae4b47a9ba3c856590957fd1d96dc588bf3ac05719d247e126840331f?s=96&d=mm&r=g","caption":"libna"}}]}},"_links":{"self":[{"href":"https:\/\/interamerica.org\/es\/wp-json\/wp\/v2\/posts\/82250","targetHints":{"allow":["GET"]}}],"collection":[{"href":"https:\/\/interamerica.org\/es\/wp-json\/wp\/v2\/posts"}],"about":[{"href":"https:\/\/interamerica.org\/es\/wp-json\/wp\/v2\/types\/post"}],"author":[{"embeddable":true,"href":"https:\/\/interamerica.org\/es\/wp-json\/wp\/v2\/users\/3"}],"replies":[{"embeddable":true,"href":"https:\/\/interamerica.org\/es\/wp-json\/wp\/v2\/comments?post=82250"}],"version-history":[{"count":0,"href":"https:\/\/interamerica.org\/es\/wp-json\/wp\/v2\/posts\/82250\/revisions"}],"wp:featuredmedia":[{"embeddable":true,"href":"https:\/\/interamerica.org\/es\/wp-json\/wp\/v2\/media\/82240"}],"wp:attachment":[{"href":"https:\/\/interamerica.org\/es\/wp-json\/wp\/v2\/media?parent=82250"}],"wp:term":[{"taxonomy":"category","embeddable":true,"href":"https:\/\/interamerica.org\/es\/wp-json\/wp\/v2\/categories?post=82250"},{"taxonomy":"post_tag","embeddable":true,"href":"https:\/\/interamerica.org\/es\/wp-json\/wp\/v2\/tags?post=82250"}],"curies":[{"name":"wp","href":"https:\/\/api.w.org\/{rel}","templated":true}]}}