{"id":82251,"date":"2022-03-07T18:06:14","date_gmt":"2022-03-07T22:06:14","guid":{"rendered":"https:\/\/recursing-golick.147-182-135-0.plesk.page\/?p=82251"},"modified":"2022-03-07T22:06:11","modified_gmt":"2022-03-08T02:06:11","slug":"voluntarios-y-miembros-adventistas-muestran-que-el-amor-de-dios-es-mas-fuerte-que-la-guerra","status":"publish","type":"post","link":"https:\/\/interamerica.org\/es\/2022\/03\/voluntarios-y-miembros-adventistas-muestran-que-el-amor-de-dios-es-mas-fuerte-que-la-guerra\/","title":{"rendered":"Voluntarios y miembros adventistas muestran que el amor de Dios es m\u00e1s fuerte que la guerra"},"content":{"rendered":"<h4 id=\"headline-6-7\" class=\"ct-headline\"><span id=\"span-21-7\" class=\"ct-span\">En Europa Oriental, ADRA y otros se movilizan para recibir a los que huyen de Ucrania.<\/span><\/h4>\n<p id=\"headline-7-7\" class=\"ct-headline\"><span id=\"span-20-7\" class=\"ct-span\">7 de marzo de 2022 | Silver Spring, Maryland, Estados Unidos | Marcos Paseggi, Adventist Review<\/span><\/p>\n<p>Solo unas pocas horas despu\u00e9s de que comenzara el ataque ruso a Ucrania el 24 de febrero de 2022, los miembros de la Iglesia Adventista, voluntarios y agencias humanitarias se movilizaron para ayudar a los necesitados. A lo largo y a lo ancho de Europa Oriental, la Agencia Adventista de Desarrollo y Recursos Asistenciales (ADRA) y congregaciones y campos de la Iglesia Adventista se est\u00e1n moviendo para cuidar de los desplazados internos en Ucrania y los miles que est\u00e1n cruzando las fronteras a Polonia y Rumania cada d\u00eda.<\/p>\n<p>El 2 de marzo, ADRA Europa report\u00f3 que aun cuando ellos mismos est\u00e1n en crisis, el equipo de ADRA Ucrania contin\u00faa brindando ayuda humanitaria junto con sus socios y con apoyo desde fuera del pa\u00eds. \u201cEst\u00e1n trabajando con la Iglesia Adventista en el pa\u00eds para brindar alojamiento, alimento, agua y art\u00edculos de higiene a los desplazados en Ucrania\u201d, dijo el informe. \u201cOtra \u00e1rea de \u00e9nfasis brinda apoyo psicosocial a los desplazados y a los refugiados que han huido del pa\u00eds\u201d.<\/p>\n<p><div id=\"attachment_82214\" style=\"width: 793px\" class=\"wp-caption aligncenter\"><img fetchpriority=\"high\" decoding=\"async\" aria-describedby=\"caption-attachment-82214\" class=\" wp-image-82214\" src=\"https:\/\/recursing-golick.147-182-135-0.plesk.page\/wp-content\/uploads\/2022\/03\/adra-romania-1.jpg\" alt=\"\" width=\"783\" height=\"587\" srcset=\"https:\/\/interamerica.org\/wp-content\/uploads\/2022\/03\/adra-romania-1.jpg 800w, https:\/\/interamerica.org\/wp-content\/uploads\/2022\/03\/adra-romania-1-300x225.jpg 300w, https:\/\/interamerica.org\/wp-content\/uploads\/2022\/03\/adra-romania-1-768x576.jpg 768w\" sizes=\"(max-width: 783px) 100vw, 783px\" \/><p id=\"caption-attachment-82214\" class=\"wp-caption-text\">Un trabajador de ADRA asiste a los refugiados que llegan a un campamento improvisado cerca de la frontera entre Polonia y Ucrania. Los l\u00edderes de ADRA dijeron que el n\u00famero de refugiados se est\u00e1 incrementando \u201cminuto a minuto\u201d. [Fotograf\u00eda: ADRA Polonia]<\/p><\/div><strong>El papel de las sedes naciones de ADRA<\/strong><\/p>\n<p>Cerca de la frontera entre Rumania-Ucrania, un equipo de ADRA Rumania avanz\u00f3 r\u00e1pidamente hasta uno de los cruces a Ucrania, donde se les sumaron trabajadores de ADRA Ucrania. Los dos equipos, que viajaban en furgonetas de ADRA cargadas con asistencia para los desplazados, condujeron con \u00e9xito al otro lado de la frontera. Para el 5 de marzo, ya hab\u00edan completado dos viajes dentro de Ucrania. Ambos equipos est\u00e1n simult\u00e1neamente coordinando el apoyo en centros de bienvenida del lado de Rumania, y preparando alojamiento para los que van llegando.<\/p>\n<p>\u201cHabl\u00e9 con un voluntario que hab\u00eda preparado su casa para recibir a los refugiados\u201d, report\u00f3 un l\u00edder de ADRA en mensaje de video el 5 de marzo. \u201cMe dijo que unos cien refugiados ya hab\u00edan pasado para dormir una noche en su casa. Tan pronto como esas camas ocupadas quedan libres, otros llegan para remplazarlos\u201d, dijo el voluntario.<\/p>\n<p><div id=\"attachment_82217\" style=\"width: 802px\" class=\"wp-caption aligncenter\"><img decoding=\"async\" aria-describedby=\"caption-attachment-82217\" class=\" wp-image-82217\" src=\"https:\/\/recursing-golick.147-182-135-0.plesk.page\/wp-content\/uploads\/2022\/03\/adra-romania-2.jpg\" alt=\"\" width=\"792\" height=\"594\" srcset=\"https:\/\/interamerica.org\/wp-content\/uploads\/2022\/03\/adra-romania-2.jpg 800w, https:\/\/interamerica.org\/wp-content\/uploads\/2022\/03\/adra-romania-2-300x225.jpg 300w, https:\/\/interamerica.org\/wp-content\/uploads\/2022\/03\/adra-romania-2-768x576.jpg 768w\" sizes=\"(max-width: 792px) 100vw, 792px\" \/><p id=\"caption-attachment-82217\" class=\"wp-caption-text\">Una trabajadora de ADRA permanece afuera en el fr\u00edo toda la noche ayudando a los refugiados en uno de los cruces fronterizos en Polonia. El n\u00famero de personas que huyen de Ucrania sigue increment\u00e1ndose. [Fotograf\u00eda: Britt Celine, ADRA Noruega]<\/p><\/div>En Eslovaquia, un equipo de ADRA est\u00e1 recibiendo a los refugiados en la frontera con Ucrania en Vy\u0161n\u00e9, donde la agencia ha establecido su principal tienda humanitaria. En cooperaci\u00f3n con voluntaries de People in Need, voluntarios de ADRA est\u00e1n brindando refugio, calidez, refrescos, un programa para ni\u00f1os y transporte a las ciudades, report\u00f3 la agencia. Un autob\u00fas de ADRA tambi\u00e9n hace las veces de ambulancia.<\/p>\n<p><strong>ADRA Polonia se moviliza para ayudar<\/strong><\/p>\n<p>El equipo de ADRA Polonia tambi\u00e9n se encuentra en la frontera con Ucrania, brindando apoyo a los que est\u00e1n huyendo del conflicto. Junto con paquetes de bienvenida, el equipo est\u00e1 brindando apoyo psicol\u00f3gico y asistencia legal, reportaron los l\u00edderes.<\/p>\n<p>Cientos de miles de refugiados siguen avanzando al oeste desde Ucrania a Polonia. En algunos lugares, la espera para entrar a Polonia ha sido de 60 horas, report\u00f3 ADRA el 1 de marzo. ADRA se encuentra en el lugar para ayudar a los necesitados y a los refugiados para que decidan d\u00f3nde ir despu\u00e9s de cruzar la frontera. \u201cEntre los refugiados hay mayormente mujeres y ni\u00f1os, porque a los hombres de 18 a 60 a\u00f1os se les ha prohibido dejar el pa\u00eds debido a la posibilidad de que se sumen al ej\u00e9rcito\u201d, inform\u00f3 ADRA. \u201cADRA Polonia est\u00e1 ofreciendo paquetes con art\u00edculos de higiene personas y bocadillos de alimentos envasados al vac\u00edo\u201d, dijo el informe. Los paquetes tambi\u00e9n son distribuidos en las estaciones de ferrocarril.<\/p>\n<p><div id=\"attachment_82220\" style=\"width: 624px\" class=\"wp-caption aligncenter\"><img decoding=\"async\" aria-describedby=\"caption-attachment-82220\" class=\" wp-image-82220\" src=\"https:\/\/recursing-golick.147-182-135-0.plesk.page\/wp-content\/uploads\/2022\/03\/adra-europe-274538975-2445160555617775-7051823803925936819-n-1024x1024-1-1024x1024.jpeg\" alt=\"\" width=\"614\" height=\"614\" srcset=\"https:\/\/interamerica.org\/wp-content\/uploads\/2022\/03\/adra-europe-274538975-2445160555617775-7051823803925936819-n-1024x1024-1.jpeg 1024w, https:\/\/interamerica.org\/wp-content\/uploads\/2022\/03\/adra-europe-274538975-2445160555617775-7051823803925936819-n-1024x1024-1-300x300.jpeg 300w, https:\/\/interamerica.org\/wp-content\/uploads\/2022\/03\/adra-europe-274538975-2445160555617775-7051823803925936819-n-1024x1024-1-150x150.jpeg 150w, https:\/\/interamerica.org\/wp-content\/uploads\/2022\/03\/adra-europe-274538975-2445160555617775-7051823803925936819-n-1024x1024-1-768x768.jpeg 768w\" sizes=\"(max-width: 614px) 100vw, 614px\" \/><p id=\"caption-attachment-82220\" class=\"wp-caption-text\">En varios pa\u00edses que tienen frontera con Ucrania, las iglesias adventistas se han convertido r\u00e1pidamente en centros de alojamiento de refugiados en los que aquellos que huyen de la guerra pueden descansar antes de decidir qu\u00e9 hacer a continuaci\u00f3n. [Fotograf\u00eda: ADRA Europa]<\/p><\/div>En el cruce fronterizo cerca de Do\u0142hobycz\u00f3w, el clima era fr\u00edo y h\u00famedo los primeros d\u00edas de marzo. ADRA est\u00e1 de guardia las 24 horas del d\u00eda. Durante los turnos nocturnos, las actividades de ADRA incluyen repartir combustible a los que huyen de la guerra y brindar informaci\u00f3n a los que acaban de cruzar la frontera. \u201cTambi\u00e9n estamos distribuyendo alimentos, medicamentos, mantas t\u00e9rmicas, cables de extensi\u00f3n y otros equipos necesarios\u201d, inform\u00f3 ADRA. \u201cLas acciones de ADRA buscan brindar asistencia esencial, transportar a las personas que cruzan la frontera a los principales centros municipales, brindar informaci\u00f3n y orientaci\u00f3n, y distribuir art\u00edculos de primera necesidad y otras actividades asistenciales\u201d.<\/p>\n<p><strong>Brazos abiertos y un abrazo<\/strong><\/p>\n<p>El 4 de marzo, ADRA Polonia inform\u00f3 que la noche anterior hab\u00eda sido \u201cotra noche llena de temor, incertidumbre y l\u00e1grimas\u201d. Explicaron que en la frontera con Ucrania, el equipo de ADRA Polonia recibi\u00f3 a personas que hu\u00edan durante toda la noche. \u201cEra fr\u00edo y triste, pero los equipos de ADRA est\u00e1n con las personas [\u2026] busc\u00e1ndoles seguridad en los pa\u00edses circundantes\u201d.<\/p>\n<p><div id=\"attachment_82223\" style=\"width: 609px\" class=\"wp-caption aligncenter\"><img loading=\"lazy\" decoding=\"async\" aria-describedby=\"caption-attachment-82223\" class=\" wp-image-82223\" src=\"https:\/\/recursing-golick.147-182-135-0.plesk.page\/wp-content\/uploads\/2022\/03\/adra-europe-274985538-2443737439093420-6114665793772137030-n-1024x1024-1-1024x1024.jpeg\" alt=\"\" width=\"599\" height=\"599\" srcset=\"https:\/\/interamerica.org\/wp-content\/uploads\/2022\/03\/adra-europe-274985538-2443737439093420-6114665793772137030-n-1024x1024-1.jpeg 1024w, https:\/\/interamerica.org\/wp-content\/uploads\/2022\/03\/adra-europe-274985538-2443737439093420-6114665793772137030-n-1024x1024-1-300x300.jpeg 300w, https:\/\/interamerica.org\/wp-content\/uploads\/2022\/03\/adra-europe-274985538-2443737439093420-6114665793772137030-n-1024x1024-1-150x150.jpeg 150w, https:\/\/interamerica.org\/wp-content\/uploads\/2022\/03\/adra-europe-274985538-2443737439093420-6114665793772137030-n-1024x1024-1-768x768.jpeg 768w\" sizes=\"(max-width: 599px) 100vw, 599px\" \/><p id=\"caption-attachment-82223\" class=\"wp-caption-text\">Voluntarios en uno de los cruces fronterizos desde Ucrania sirven platos de comida para los refugiados que huyen hacia el oeste, solo un par de d\u00edas despu\u00e9s del comienzo de la invasi\u00f3n. [Fotograf\u00eda: ADRA Europa]<\/p><\/div>Ese d\u00eda, Michael Peach, de Australia, se sum\u00f3 al equipo de ADRA en Polonia. Peach comparti\u00f3 una historia que toc\u00f3 su coraz\u00f3n de manera especial. \u201cMientras est\u00e1bamos temblando en la frontera, una anciana lleg\u00f3 hasta mi colega, le dio un gran, gran abrazo, irrumpi\u00f3 en l\u00e1grimas, y le dijo: \u2018\u00a1Gracias!\u2019 No hab\u00edamos hecho nada, pero eran los primeros rostros amistosos que ve\u00eda en un buen tiempo\u201d, dijo Peach. \u201cLa gente de Polonia ha abierto literalmente sus hogares a sus vecinos que huyen de Ucrania\u201d, a\u00f1adi\u00f3 Peach. \u201cEs algo maravilloso\u201d.<\/p>\n<p><strong>Apoyo de la comunidad adventista<\/strong><\/p>\n<p>El 5 de marzo, los l\u00edderes de ADRA Internacional reportaron que desde el comienzo del conflicto, las congregaciones locales adventistas de Ucrania y los pa\u00edses circundantes abrieron inmediatamente sus puertas para cuidar de los desplazados internos y de los que huyen del pa\u00eds. Los desplazados internos son personas que se trasladan dentro de su pa\u00eds, y por lo general suelen ser algunos de los individuos m\u00e1s vulnerables, inform\u00f3 ADRA. \u201cLas familias est\u00e1n viviendo en refugios sin electricidad o calefacci\u00f3n. Tienen fr\u00edo. Tienen hambre. Tienen miedo\u201d. La Iglesia Adventista del S\u00e9ptimo D\u00eda est\u00e1 respondiendo a esta necesidad al usar su infraestructura, desde iglesias a campamentos de las asociaciones a centros de j\u00f3venes y escuelas, para atender a todo el que lo necesite.<\/p>\n<p><div id=\"attachment_82226\" style=\"width: 628px\" class=\"wp-caption aligncenter\"><img loading=\"lazy\" decoding=\"async\" aria-describedby=\"caption-attachment-82226\" class=\" wp-image-82226\" src=\"https:\/\/recursing-golick.147-182-135-0.plesk.page\/wp-content\/uploads\/2022\/03\/apoland-274729739-2237849939696579-8472231773697395546-n-1024x768-1.jpeg\" alt=\"\" width=\"618\" height=\"464\" srcset=\"https:\/\/interamerica.org\/wp-content\/uploads\/2022\/03\/apoland-274729739-2237849939696579-8472231773697395546-n-1024x768-1.jpeg 1024w, https:\/\/interamerica.org\/wp-content\/uploads\/2022\/03\/apoland-274729739-2237849939696579-8472231773697395546-n-1024x768-1-300x225.jpeg 300w, https:\/\/interamerica.org\/wp-content\/uploads\/2022\/03\/apoland-274729739-2237849939696579-8472231773697395546-n-1024x768-1-768x576.jpeg 768w\" sizes=\"(max-width: 618px) 100vw, 618px\" \/><p id=\"caption-attachment-82226\" class=\"wp-caption-text\">Trabajadores y voluntarios de ADRA Polonia preparan paquetes para distribuir entre los que escapan de Ucrania en el cruce fronterizo cerca de Do\u0142hobycz\u00f3w. ADRA est\u00e1 brindando ayuda de emergencia, transportando a los que cruzan hasta los principales centros municipales y distribuyendo art\u00edculos de primera necesidad, entre otras actividades. [Fotograf\u00eda: ADRA Polonia]<\/p><\/div>La comunidad adventista, sin embargo, no se detuvo all\u00ed, inform\u00f3 ADRA. En Rumania, \u201clas iglesias [locales] adventistas enviaron un pedido a sus miembros, pidiendo si hab\u00eda alguien que estuviera dispuesto a abrir su hogar. En el primer par de horas, unos doscientos miembros hab\u00edan respondido que estaban dispuestos a abrir sus hogares para albergar a los necesitados\u201d, dijeron los l\u00edderes de ADRA. \u201cNuestro trabajo es posible gracias a los que nos apoyan y a nuestros socios, y una de nuestras m\u00e1s grandes socias es la red de la iglesia global [\u2026]. Somos m\u00e1s fuertes juntos en todo lo que hacemos\u201d.<\/p>\n<p><em>Con informaci\u00f3n de ADRA Internacional, ADRA Europa, ADRA Polonia y Hope Channel, Inc.<\/em><\/p>\n<p>Traducci\u00f3n de Marcos Paseggi<\/p>\n","protected":false},"excerpt":{"rendered":"<p>En Europa Oriental, ADRA y otros se movilizan para recibir a los que huyen de Ucrania. 7 de marzo de 2022 | Silver Spring, Maryland, Estados Unidos | Marcos Paseggi,&#8230;<\/p>\n","protected":false},"author":3,"featured_media":82232,"comment_status":"closed","ping_status":"closed","sticky":false,"template":"","format":"standard","meta":{"_acf_changed":false,"footnotes":""},"categories":[14,15],"tags":[],"class_list":["post-82251","post","type-post","status-publish","format-standard","has-post-thumbnail","hentry","category-de-la-iglesia-mundial","category-rss-espanol"],"acf":[],"yoast_head":"<!-- This site is optimized with the Yoast SEO plugin v27.3 - https:\/\/yoast.com\/product\/yoast-seo-wordpress\/ -->\n<title>Voluntarios y miembros adventistas muestran que el amor de Dios es m\u00e1s fuerte que la guerra - Iglesia Adventista del S\u00e9ptimo D\u00eda - Divisi\u00f3n Interamericana<\/title>\n<meta name=\"robots\" content=\"index, follow, max-snippet:-1, max-image-preview:large, max-video-preview:-1\" \/>\n<link rel=\"canonical\" href=\"https:\/\/interamerica.org\/es\/2022\/03\/voluntarios-y-miembros-adventistas-muestran-que-el-amor-de-dios-es-mas-fuerte-que-la-guerra\/\" \/>\n<meta property=\"og:locale\" content=\"es_ES\" \/>\n<meta property=\"og:type\" content=\"article\" \/>\n<meta property=\"og:title\" content=\"Voluntarios y miembros adventistas muestran que el amor de Dios es m\u00e1s fuerte que la guerra - Iglesia Adventista del S\u00e9ptimo D\u00eda - Divisi\u00f3n Interamericana\" \/>\n<meta property=\"og:description\" content=\"En Europa Oriental, ADRA y otros se movilizan para recibir a los que huyen de Ucrania. 7 de marzo de 2022 | Silver Spring, Maryland, Estados Unidos | Marcos Paseggi,...\" \/>\n<meta property=\"og:url\" content=\"https:\/\/interamerica.org\/es\/2022\/03\/voluntarios-y-miembros-adventistas-muestran-que-el-amor-de-dios-es-mas-fuerte-que-la-guerra\/\" \/>\n<meta property=\"og:site_name\" content=\"Iglesia Adventista del S\u00e9ptimo D\u00eda - Divisi\u00f3n Interamericana\" \/>\n<meta property=\"article:published_time\" content=\"2022-03-07T22:06:14+00:00\" \/>\n<meta property=\"article:modified_time\" content=\"2022-03-08T02:06:11+00:00\" \/>\n<meta property=\"og:image\" content=\"https:\/\/interamerica.org\/wp-content\/uploads\/2022\/03\/volunteers-and-adventist-members-show-that-gods-love-is-stronger-than-war1.png\" \/>\n\t<meta property=\"og:image:width\" content=\"1000\" \/>\n\t<meta property=\"og:image:height\" content=\"500\" \/>\n\t<meta property=\"og:image:type\" content=\"image\/png\" \/>\n<meta name=\"author\" content=\"libna\" \/>\n<meta name=\"twitter:card\" content=\"summary_large_image\" \/>\n<meta name=\"twitter:label1\" content=\"Escrito por\" \/>\n\t<meta name=\"twitter:data1\" content=\"libna\" \/>\n\t<meta name=\"twitter:label2\" content=\"Tiempo de lectura\" \/>\n\t<meta name=\"twitter:data2\" content=\"7 minutos\" \/>\n<script type=\"application\/ld+json\" class=\"yoast-schema-graph\">{\"@context\":\"https:\\\/\\\/schema.org\",\"@graph\":[{\"@type\":\"Article\",\"@id\":\"https:\\\/\\\/interamerica.org\\\/es\\\/2022\\\/03\\\/voluntarios-y-miembros-adventistas-muestran-que-el-amor-de-dios-es-mas-fuerte-que-la-guerra\\\/#article\",\"isPartOf\":{\"@id\":\"https:\\\/\\\/interamerica.org\\\/es\\\/2022\\\/03\\\/voluntarios-y-miembros-adventistas-muestran-que-el-amor-de-dios-es-mas-fuerte-que-la-guerra\\\/\"},\"author\":{\"name\":\"libna\",\"@id\":\"https:\\\/\\\/interamerica.org\\\/es\\\/#\\\/schema\\\/person\\\/29998f2bc2d8bd0d38662909289b54f1\"},\"headline\":\"Voluntarios y miembros adventistas muestran que el amor de Dios es m\u00e1s fuerte que la guerra\",\"datePublished\":\"2022-03-07T22:06:14+00:00\",\"dateModified\":\"2022-03-08T02:06:11+00:00\",\"mainEntityOfPage\":{\"@id\":\"https:\\\/\\\/interamerica.org\\\/es\\\/2022\\\/03\\\/voluntarios-y-miembros-adventistas-muestran-que-el-amor-de-dios-es-mas-fuerte-que-la-guerra\\\/\"},\"wordCount\":1437,\"image\":{\"@id\":\"https:\\\/\\\/interamerica.org\\\/es\\\/2022\\\/03\\\/voluntarios-y-miembros-adventistas-muestran-que-el-amor-de-dios-es-mas-fuerte-que-la-guerra\\\/#primaryimage\"},\"thumbnailUrl\":\"https:\\\/\\\/interamerica.org\\\/wp-content\\\/uploads\\\/2022\\\/03\\\/volunteers-and-adventist-members-show-that-gods-love-is-stronger-than-war1.png\",\"articleSection\":[\"Desde la iglesia mundial\",\"RSS Espa\u00f1ol\"],\"inLanguage\":\"es\"},{\"@type\":\"WebPage\",\"@id\":\"https:\\\/\\\/interamerica.org\\\/es\\\/2022\\\/03\\\/voluntarios-y-miembros-adventistas-muestran-que-el-amor-de-dios-es-mas-fuerte-que-la-guerra\\\/\",\"url\":\"https:\\\/\\\/interamerica.org\\\/es\\\/2022\\\/03\\\/voluntarios-y-miembros-adventistas-muestran-que-el-amor-de-dios-es-mas-fuerte-que-la-guerra\\\/\",\"name\":\"Voluntarios y miembros adventistas muestran que el amor de Dios es m\u00e1s fuerte que la guerra - Iglesia Adventista del S\u00e9ptimo D\u00eda - Divisi\u00f3n Interamericana\",\"isPartOf\":{\"@id\":\"https:\\\/\\\/interamerica.org\\\/es\\\/#website\"},\"primaryImageOfPage\":{\"@id\":\"https:\\\/\\\/interamerica.org\\\/es\\\/2022\\\/03\\\/voluntarios-y-miembros-adventistas-muestran-que-el-amor-de-dios-es-mas-fuerte-que-la-guerra\\\/#primaryimage\"},\"image\":{\"@id\":\"https:\\\/\\\/interamerica.org\\\/es\\\/2022\\\/03\\\/voluntarios-y-miembros-adventistas-muestran-que-el-amor-de-dios-es-mas-fuerte-que-la-guerra\\\/#primaryimage\"},\"thumbnailUrl\":\"https:\\\/\\\/interamerica.org\\\/wp-content\\\/uploads\\\/2022\\\/03\\\/volunteers-and-adventist-members-show-that-gods-love-is-stronger-than-war1.png\",\"datePublished\":\"2022-03-07T22:06:14+00:00\",\"dateModified\":\"2022-03-08T02:06:11+00:00\",\"author\":{\"@id\":\"https:\\\/\\\/interamerica.org\\\/es\\\/#\\\/schema\\\/person\\\/29998f2bc2d8bd0d38662909289b54f1\"},\"breadcrumb\":{\"@id\":\"https:\\\/\\\/interamerica.org\\\/es\\\/2022\\\/03\\\/voluntarios-y-miembros-adventistas-muestran-que-el-amor-de-dios-es-mas-fuerte-que-la-guerra\\\/#breadcrumb\"},\"inLanguage\":\"es\",\"potentialAction\":[{\"@type\":\"ReadAction\",\"target\":[\"https:\\\/\\\/interamerica.org\\\/es\\\/2022\\\/03\\\/voluntarios-y-miembros-adventistas-muestran-que-el-amor-de-dios-es-mas-fuerte-que-la-guerra\\\/\"]}]},{\"@type\":\"ImageObject\",\"inLanguage\":\"es\",\"@id\":\"https:\\\/\\\/interamerica.org\\\/es\\\/2022\\\/03\\\/voluntarios-y-miembros-adventistas-muestran-que-el-amor-de-dios-es-mas-fuerte-que-la-guerra\\\/#primaryimage\",\"url\":\"https:\\\/\\\/interamerica.org\\\/wp-content\\\/uploads\\\/2022\\\/03\\\/volunteers-and-adventist-members-show-that-gods-love-is-stronger-than-war1.png\",\"contentUrl\":\"https:\\\/\\\/interamerica.org\\\/wp-content\\\/uploads\\\/2022\\\/03\\\/volunteers-and-adventist-members-show-that-gods-love-is-stronger-than-war1.png\",\"width\":1000,\"height\":500},{\"@type\":\"BreadcrumbList\",\"@id\":\"https:\\\/\\\/interamerica.org\\\/es\\\/2022\\\/03\\\/voluntarios-y-miembros-adventistas-muestran-que-el-amor-de-dios-es-mas-fuerte-que-la-guerra\\\/#breadcrumb\",\"itemListElement\":[{\"@type\":\"ListItem\",\"position\":1,\"name\":\"Home\",\"item\":\"https:\\\/\\\/interamerica.org\\\/es\\\/\"},{\"@type\":\"ListItem\",\"position\":2,\"name\":\"Voluntarios y miembros adventistas muestran que el amor de Dios es m\u00e1s fuerte que la guerra\"}]},{\"@type\":\"WebSite\",\"@id\":\"https:\\\/\\\/interamerica.org\\\/es\\\/#website\",\"url\":\"https:\\\/\\\/interamerica.org\\\/es\\\/\",\"name\":\"Iglesia Adventista del S\u00e9ptimo D\u00eda - Divisi\u00f3n Interamericana\",\"description\":\"\",\"potentialAction\":[{\"@type\":\"SearchAction\",\"target\":{\"@type\":\"EntryPoint\",\"urlTemplate\":\"https:\\\/\\\/interamerica.org\\\/es\\\/?s={search_term_string}\"},\"query-input\":{\"@type\":\"PropertyValueSpecification\",\"valueRequired\":true,\"valueName\":\"search_term_string\"}}],\"inLanguage\":\"es\"},{\"@type\":\"Person\",\"@id\":\"https:\\\/\\\/interamerica.org\\\/es\\\/#\\\/schema\\\/person\\\/29998f2bc2d8bd0d38662909289b54f1\",\"name\":\"libna\",\"image\":{\"@type\":\"ImageObject\",\"inLanguage\":\"es\",\"@id\":\"https:\\\/\\\/secure.gravatar.com\\\/avatar\\\/7c5bd30ae4b47a9ba3c856590957fd1d96dc588bf3ac05719d247e126840331f?s=96&d=mm&r=g\",\"url\":\"https:\\\/\\\/secure.gravatar.com\\\/avatar\\\/7c5bd30ae4b47a9ba3c856590957fd1d96dc588bf3ac05719d247e126840331f?s=96&d=mm&r=g\",\"contentUrl\":\"https:\\\/\\\/secure.gravatar.com\\\/avatar\\\/7c5bd30ae4b47a9ba3c856590957fd1d96dc588bf3ac05719d247e126840331f?s=96&d=mm&r=g\",\"caption\":\"libna\"}}]}<\/script>\n<!-- \/ Yoast SEO plugin. -->","yoast_head_json":{"title":"Voluntarios y miembros adventistas muestran que el amor de Dios es m\u00e1s fuerte que la guerra - Iglesia Adventista del S\u00e9ptimo D\u00eda - Divisi\u00f3n Interamericana","robots":{"index":"index","follow":"follow","max-snippet":"max-snippet:-1","max-image-preview":"max-image-preview:large","max-video-preview":"max-video-preview:-1"},"canonical":"https:\/\/interamerica.org\/es\/2022\/03\/voluntarios-y-miembros-adventistas-muestran-que-el-amor-de-dios-es-mas-fuerte-que-la-guerra\/","og_locale":"es_ES","og_type":"article","og_title":"Voluntarios y miembros adventistas muestran que el amor de Dios es m\u00e1s fuerte que la guerra - Iglesia Adventista del S\u00e9ptimo D\u00eda - Divisi\u00f3n Interamericana","og_description":"En Europa Oriental, ADRA y otros se movilizan para recibir a los que huyen de Ucrania. 7 de marzo de 2022 | Silver Spring, Maryland, Estados Unidos | Marcos Paseggi,...","og_url":"https:\/\/interamerica.org\/es\/2022\/03\/voluntarios-y-miembros-adventistas-muestran-que-el-amor-de-dios-es-mas-fuerte-que-la-guerra\/","og_site_name":"Iglesia Adventista del S\u00e9ptimo D\u00eda - Divisi\u00f3n Interamericana","article_published_time":"2022-03-07T22:06:14+00:00","article_modified_time":"2022-03-08T02:06:11+00:00","og_image":[{"width":1000,"height":500,"url":"https:\/\/interamerica.org\/wp-content\/uploads\/2022\/03\/volunteers-and-adventist-members-show-that-gods-love-is-stronger-than-war1.png","type":"image\/png"}],"author":"libna","twitter_card":"summary_large_image","twitter_misc":{"Escrito por":"libna","Tiempo de lectura":"7 minutos"},"schema":{"@context":"https:\/\/schema.org","@graph":[{"@type":"Article","@id":"https:\/\/interamerica.org\/es\/2022\/03\/voluntarios-y-miembros-adventistas-muestran-que-el-amor-de-dios-es-mas-fuerte-que-la-guerra\/#article","isPartOf":{"@id":"https:\/\/interamerica.org\/es\/2022\/03\/voluntarios-y-miembros-adventistas-muestran-que-el-amor-de-dios-es-mas-fuerte-que-la-guerra\/"},"author":{"name":"libna","@id":"https:\/\/interamerica.org\/es\/#\/schema\/person\/29998f2bc2d8bd0d38662909289b54f1"},"headline":"Voluntarios y miembros adventistas muestran que el amor de Dios es m\u00e1s fuerte que la guerra","datePublished":"2022-03-07T22:06:14+00:00","dateModified":"2022-03-08T02:06:11+00:00","mainEntityOfPage":{"@id":"https:\/\/interamerica.org\/es\/2022\/03\/voluntarios-y-miembros-adventistas-muestran-que-el-amor-de-dios-es-mas-fuerte-que-la-guerra\/"},"wordCount":1437,"image":{"@id":"https:\/\/interamerica.org\/es\/2022\/03\/voluntarios-y-miembros-adventistas-muestran-que-el-amor-de-dios-es-mas-fuerte-que-la-guerra\/#primaryimage"},"thumbnailUrl":"https:\/\/interamerica.org\/wp-content\/uploads\/2022\/03\/volunteers-and-adventist-members-show-that-gods-love-is-stronger-than-war1.png","articleSection":["Desde la iglesia mundial","RSS Espa\u00f1ol"],"inLanguage":"es"},{"@type":"WebPage","@id":"https:\/\/interamerica.org\/es\/2022\/03\/voluntarios-y-miembros-adventistas-muestran-que-el-amor-de-dios-es-mas-fuerte-que-la-guerra\/","url":"https:\/\/interamerica.org\/es\/2022\/03\/voluntarios-y-miembros-adventistas-muestran-que-el-amor-de-dios-es-mas-fuerte-que-la-guerra\/","name":"Voluntarios y miembros adventistas muestran que el amor de Dios es m\u00e1s fuerte que la guerra - Iglesia Adventista del S\u00e9ptimo D\u00eda - Divisi\u00f3n Interamericana","isPartOf":{"@id":"https:\/\/interamerica.org\/es\/#website"},"primaryImageOfPage":{"@id":"https:\/\/interamerica.org\/es\/2022\/03\/voluntarios-y-miembros-adventistas-muestran-que-el-amor-de-dios-es-mas-fuerte-que-la-guerra\/#primaryimage"},"image":{"@id":"https:\/\/interamerica.org\/es\/2022\/03\/voluntarios-y-miembros-adventistas-muestran-que-el-amor-de-dios-es-mas-fuerte-que-la-guerra\/#primaryimage"},"thumbnailUrl":"https:\/\/interamerica.org\/wp-content\/uploads\/2022\/03\/volunteers-and-adventist-members-show-that-gods-love-is-stronger-than-war1.png","datePublished":"2022-03-07T22:06:14+00:00","dateModified":"2022-03-08T02:06:11+00:00","author":{"@id":"https:\/\/interamerica.org\/es\/#\/schema\/person\/29998f2bc2d8bd0d38662909289b54f1"},"breadcrumb":{"@id":"https:\/\/interamerica.org\/es\/2022\/03\/voluntarios-y-miembros-adventistas-muestran-que-el-amor-de-dios-es-mas-fuerte-que-la-guerra\/#breadcrumb"},"inLanguage":"es","potentialAction":[{"@type":"ReadAction","target":["https:\/\/interamerica.org\/es\/2022\/03\/voluntarios-y-miembros-adventistas-muestran-que-el-amor-de-dios-es-mas-fuerte-que-la-guerra\/"]}]},{"@type":"ImageObject","inLanguage":"es","@id":"https:\/\/interamerica.org\/es\/2022\/03\/voluntarios-y-miembros-adventistas-muestran-que-el-amor-de-dios-es-mas-fuerte-que-la-guerra\/#primaryimage","url":"https:\/\/interamerica.org\/wp-content\/uploads\/2022\/03\/volunteers-and-adventist-members-show-that-gods-love-is-stronger-than-war1.png","contentUrl":"https:\/\/interamerica.org\/wp-content\/uploads\/2022\/03\/volunteers-and-adventist-members-show-that-gods-love-is-stronger-than-war1.png","width":1000,"height":500},{"@type":"BreadcrumbList","@id":"https:\/\/interamerica.org\/es\/2022\/03\/voluntarios-y-miembros-adventistas-muestran-que-el-amor-de-dios-es-mas-fuerte-que-la-guerra\/#breadcrumb","itemListElement":[{"@type":"ListItem","position":1,"name":"Home","item":"https:\/\/interamerica.org\/es\/"},{"@type":"ListItem","position":2,"name":"Voluntarios y miembros adventistas muestran que el amor de Dios es m\u00e1s fuerte que la guerra"}]},{"@type":"WebSite","@id":"https:\/\/interamerica.org\/es\/#website","url":"https:\/\/interamerica.org\/es\/","name":"Iglesia Adventista del S\u00e9ptimo D\u00eda - Divisi\u00f3n Interamericana","description":"","potentialAction":[{"@type":"SearchAction","target":{"@type":"EntryPoint","urlTemplate":"https:\/\/interamerica.org\/es\/?s={search_term_string}"},"query-input":{"@type":"PropertyValueSpecification","valueRequired":true,"valueName":"search_term_string"}}],"inLanguage":"es"},{"@type":"Person","@id":"https:\/\/interamerica.org\/es\/#\/schema\/person\/29998f2bc2d8bd0d38662909289b54f1","name":"libna","image":{"@type":"ImageObject","inLanguage":"es","@id":"https:\/\/secure.gravatar.com\/avatar\/7c5bd30ae4b47a9ba3c856590957fd1d96dc588bf3ac05719d247e126840331f?s=96&d=mm&r=g","url":"https:\/\/secure.gravatar.com\/avatar\/7c5bd30ae4b47a9ba3c856590957fd1d96dc588bf3ac05719d247e126840331f?s=96&d=mm&r=g","contentUrl":"https:\/\/secure.gravatar.com\/avatar\/7c5bd30ae4b47a9ba3c856590957fd1d96dc588bf3ac05719d247e126840331f?s=96&d=mm&r=g","caption":"libna"}}]}},"_links":{"self":[{"href":"https:\/\/interamerica.org\/es\/wp-json\/wp\/v2\/posts\/82251","targetHints":{"allow":["GET"]}}],"collection":[{"href":"https:\/\/interamerica.org\/es\/wp-json\/wp\/v2\/posts"}],"about":[{"href":"https:\/\/interamerica.org\/es\/wp-json\/wp\/v2\/types\/post"}],"author":[{"embeddable":true,"href":"https:\/\/interamerica.org\/es\/wp-json\/wp\/v2\/users\/3"}],"replies":[{"embeddable":true,"href":"https:\/\/interamerica.org\/es\/wp-json\/wp\/v2\/comments?post=82251"}],"version-history":[{"count":0,"href":"https:\/\/interamerica.org\/es\/wp-json\/wp\/v2\/posts\/82251\/revisions"}],"wp:featuredmedia":[{"embeddable":true,"href":"https:\/\/interamerica.org\/es\/wp-json\/wp\/v2\/media\/82232"}],"wp:attachment":[{"href":"https:\/\/interamerica.org\/es\/wp-json\/wp\/v2\/media?parent=82251"}],"wp:term":[{"taxonomy":"category","embeddable":true,"href":"https:\/\/interamerica.org\/es\/wp-json\/wp\/v2\/categories?post=82251"},{"taxonomy":"post_tag","embeddable":true,"href":"https:\/\/interamerica.org\/es\/wp-json\/wp\/v2\/tags?post=82251"}],"curies":[{"name":"wp","href":"https:\/\/api.w.org\/{rel}","templated":true}]}}