{"id":82291,"date":"2022-03-08T17:00:21","date_gmt":"2022-03-08T21:00:21","guid":{"rendered":"https:\/\/recursing-golick.147-182-135-0.plesk.page\/?p=82291"},"modified":"2022-03-09T10:44:18","modified_gmt":"2022-03-09T14:44:18","slug":"escuela-adventista-en-tortola-ensena-a-los-estudiantes-como-impactar-a-la-comunidad-con-sus-cursos-de-agricultura","status":"publish","type":"post","link":"https:\/\/interamerica.org\/es\/2022\/03\/escuela-adventista-en-tortola-ensena-a-los-estudiantes-como-impactar-a-la-comunidad-con-sus-cursos-de-agricultura\/","title":{"rendered":"Escuela adventista en T\u00f3rtola ense\u00f1a a los estudiantes c\u00f3mo impactar a la comunidad con sus cursos de agricultura"},"content":{"rendered":"<p>7 de marzo de 2022 | T\u00f3rtola, Islas V\u00edrgenes Brit\u00e1nicas | Royston Philbert y Noticias de la Divisi\u00f3n Interamericana<\/p>\n<p>Centenares de estudiantes de la Escuela Adventista del S\u00e9ptimo D\u00eda Islas V\u00edrgenes Brit\u00e1nicas, en T\u00f3rtola, contin\u00faan haciendo su contribuci\u00f3n a la comunidad y ayudando financieramente a la escuela, gracias a los cursos sobre ciencias agr\u00edcolas que ense\u00f1an a hacer elecciones saludables sobre estilo de vida y promueven una forma de vida sustentable.<\/p>\n<p>Los estudiantes de escuela primaria se involucran en la siembra de vegetales; mientras que los estudiantes del octavo al doceavo grado plantan, estudian y experimentan con una variedad de semillas, adem\u00e1s de participar en la cr\u00eda de gallinas, a trav\u00e9s de sus clases electivas.<\/p>\n<p><div id=\"attachment_82270\" style=\"width: 827px\" class=\"wp-caption aligncenter\"><img fetchpriority=\"high\" decoding=\"async\" aria-describedby=\"caption-attachment-82270\" class=\" wp-image-82270\" src=\"https:\/\/recursing-golick.147-182-135-0.plesk.page\/wp-content\/uploads\/2022\/03\/bvi-sda-school-students-scallions.jpg\" alt=\"\" width=\"817\" height=\"448\" srcset=\"https:\/\/interamerica.org\/wp-content\/uploads\/2022\/03\/bvi-sda-school-students-scallions.jpg 1000w, https:\/\/interamerica.org\/wp-content\/uploads\/2022\/03\/bvi-sda-school-students-scallions-300x164.jpg 300w, https:\/\/interamerica.org\/wp-content\/uploads\/2022\/03\/bvi-sda-school-students-scallions-768x421.jpg 768w\" sizes=\"(max-width: 817px) 100vw, 817px\" \/><p id=\"caption-attachment-82270\" class=\"wp-caption-text\">[Imagen: Escuela ASD BVI]<\/p><\/div>La maestra de ciencias agr\u00edcolas, Lisa Peters-Powell, dijo que toda la escuela se siente emocionada respecto a esta iniciativa y la forma como eleva la educaci\u00f3n de los estudiantes a un nivel m\u00e1s alto. \u201cEl programa de agricultura tiene la intenci\u00f3n de desarrollar las habilidades que se necesitan en sus carreras futuras y de poner en pr\u00e1ctica lo que han aprendido en el aula de clase\u201d, dijo.<\/p>\n<p>A los estudiantes se les permite tomar una muestra de su arduo trabajo despu\u00e9s de la cosecha; la mayor parte de la producci\u00f3n se vende y las ganancias regresan a la escuela, explic\u00f3 la maestra Peters-Powell. Los estudiantes aprenden a sembrar y cosechar, a manejar los primeros brotes de las plantas y a preservar las semillas, a\u00f1adi\u00f3. \u201cLos estudiantes llevar\u00e1n consigo estos conocimientos y experiencia durante toda su vida y hasta podr\u00e1n ense\u00f1\u00e1rselos a sus hijos\u201d, dijo. Esta experiencia permite adem\u00e1s conexiones con la comunidad local.<\/p>\n<p>\u201cLos estudiantes de grados m\u00e1s avanzados se relacionan bien con la comunidad al vender sus productos vegetales y gallinas en varias zonas de la misma. Hacen contacto con los padres y otras personas y se anuncia tambi\u00e9n a la comunidad adventista que hay productos agr\u00edcolas a la venta\u201d, dijo la maestra Peters-Powell.\u00a0\u201cHa sido una gran ayuda para la comunidad y la escuela. Esta es realmente una experiencia transformadora\u201d. Las sonrisas de los estudiantes que participan en el programa hablan por s\u00ed mismas\u201d, a\u00f1adi\u00f3.<\/p>\n<p><div id=\"attachment_82273\" style=\"width: 829px\" class=\"wp-caption aligncenter\"><img decoding=\"async\" aria-describedby=\"caption-attachment-82273\" class=\" wp-image-82273\" src=\"https:\/\/recursing-golick.147-182-135-0.plesk.page\/wp-content\/uploads\/2022\/03\/bvi-school-lettuce-ckup-1024x698.jpg\" alt=\"\" width=\"819\" height=\"558\" srcset=\"https:\/\/interamerica.org\/wp-content\/uploads\/2022\/03\/bvi-school-lettuce-ckup-1024x698.jpg 1024w, https:\/\/interamerica.org\/wp-content\/uploads\/2022\/03\/bvi-school-lettuce-ckup-300x205.jpg 300w, https:\/\/interamerica.org\/wp-content\/uploads\/2022\/03\/bvi-school-lettuce-ckup-768x524.jpg 768w, https:\/\/interamerica.org\/wp-content\/uploads\/2022\/03\/bvi-school-lettuce-ckup.jpg 1063w\" sizes=\"(max-width: 819px) 100vw, 819px\" \/><p id=\"caption-attachment-82273\" class=\"wp-caption-text\">Estudiante revisa lechugas creciendo en cajas contenedoras. [Imagen: Escuela ASD BVIl]<\/p><\/div>El entusiasmo de Jade Smith fue evidente. Ella es una estudiante del \u00faltimo a\u00f1o inscrita en este curso. \u201cLas dos lecciones que llevar\u00e9 conmigo tienen que ver con producci\u00f3n av\u00edcola y siembra de productos vegetales; los m\u00e9todos org\u00e1nicos e inorg\u00e1nicos\u201d, dijo.<\/p>\n<p>La valoraci\u00f3n pr\u00e1ctica en relaci\u00f3n con temas relacionados con la ciencia fue de gran utilidad para la estudiante de ultimo grado, Jada Barnwell, quien declar\u00f3 que le hab\u00edan impresionado las t\u00e9cnicas de crianza av\u00edcola y su nueva habilidad para identificar toda clase de plantas.<\/p>\n<p>Delroy Prince, estudiante en su \u00faltimo a\u00f1o de nivel secundario, se sinti\u00f3 inspirado por el aspecto pr\u00e1ctico de la ense\u00f1anza y a\u00f1adi\u00f3: \u201cAprend\u00ed mucho acerca de la venta de productos agr\u00edcolas, lo cual me impact\u00f3, porque no me daba cuenta de la forma como las cuentas y otras diferentes \u00a0materias quedan incorporadas a la agricultura\u201d.<\/p>\n<p>Shadae Brewley, otra estudiante de \u00faltimo grado, dijo que apreciaba la creatividad de la maestra, as\u00ed como la relaci\u00f3n vital entre la agricultura y el consumo. \u201cAprend\u00ed c\u00f3mo criar gallinas y cu\u00e1n importante es realmente la agricultura para nosotros\u201d.<\/p>\n<p><div id=\"attachment_82267\" style=\"width: 830px\" class=\"wp-caption aligncenter\"><img decoding=\"async\" aria-describedby=\"caption-attachment-82267\" class=\" wp-image-82267\" src=\"https:\/\/recursing-golick.147-182-135-0.plesk.page\/wp-content\/uploads\/2022\/03\/bvi-school-chinese-cabbage.png\" alt=\"\" width=\"820\" height=\"610\" srcset=\"https:\/\/interamerica.org\/wp-content\/uploads\/2022\/03\/bvi-school-chinese-cabbage.png 800w, https:\/\/interamerica.org\/wp-content\/uploads\/2022\/03\/bvi-school-chinese-cabbage-300x223.png 300w, https:\/\/interamerica.org\/wp-content\/uploads\/2022\/03\/bvi-school-chinese-cabbage-768x571.png 768w\" sizes=\"(max-width: 820px) 100vw, 820px\" \/><p id=\"caption-attachment-82267\" class=\"wp-caption-text\">[Imagen: Escuela ASD BVI]<\/p><\/div>De acuerdo con la maestra Peters-Powell, la clase de \u00faltimo grado evalu\u00f3 recientemente el \u00edndice de crecimiento de cebollines o cebollas de verdeo usando tanto esti\u00e9rcol vacuno, como fertilizante sint\u00e9tico. Los resultados de su investigaci\u00f3n son parte del criterio de evaluaci\u00f3n de la escuela para los ex\u00e1menes del 2022 al 2023. La investigaci\u00f3n llevada a cabo por estudiantes graduandos se hizo mayormente para el Concilio de Ex\u00e1menes de Nivel Secundario del Caribe (CSEC), conocido tambi\u00e9n como CXC, dijo. \u201cLa escuela utiliza tambi\u00e9n dichos resultados para guiar sus pr\u00e1cticas de horticultura y cr\u00eda de animales\u201d.<\/p>\n<p>Las ciencias agr\u00edcolas forman parte de los ex\u00e1menes al dejar la escuela, ofrecidos por el CSEC; y la Escuela Adventista BVI ha gozado de un 100 por ciento de tasa de aprobaci\u00f3n de sus estudiantes desde 2014, inform\u00f3 la maestra Peters-Powell.\u00a0Menciona que tal \u00edndice de aprobaci\u00f3n por parte de la escuela puede atribuirse a la constante orientaci\u00f3n de Dios y los m\u00e9todos de ense\u00f1anza trazados en la Biblia, que le han permitido ayudar sus alumnos a lograr sus objetivos individuales.<\/p>\n<p>El programa de ciencias satisfice los requerimientos que el CSEC y el gobierno de las Islas V\u00edrgenes Brit\u00e1nicas han fijado a las entidades educativas participantes para mantener un huerto din\u00e1mico en cada centro de aprendizaje, a\u00f1adi\u00f3.<\/p>\n<p>El conocimiento y habilidades aprendidos a trav\u00e9s del programa contin\u00faan marcando una gran diferencia en la vida de maestros, estudiantes y la comunidad, dijeron los directivos de la escuela.<\/p>\n<p><div id=\"attachment_82264\" style=\"width: 857px\" class=\"wp-caption aligncenter\"><img loading=\"lazy\" decoding=\"async\" aria-describedby=\"caption-attachment-82264\" class=\" wp-image-82264\" src=\"https:\/\/recursing-golick.147-182-135-0.plesk.page\/wp-content\/uploads\/2022\/03\/bvi-school-chicks.png\" alt=\"\" width=\"847\" height=\"635\" srcset=\"https:\/\/interamerica.org\/wp-content\/uploads\/2022\/03\/bvi-school-chicks.png 664w, https:\/\/interamerica.org\/wp-content\/uploads\/2022\/03\/bvi-school-chicks-300x225.png 300w\" sizes=\"(max-width: 847px) 100vw, 847px\" \/><p id=\"caption-attachment-82264\" class=\"wp-caption-text\">Una estudiante revisa e introduce un pollito a una incubadora en la escuela. [Imagen: Escuela ASD BVI]<\/p><\/div>\u201cNos entusiasman no solamente las oportunidades educativas que brinda el programa, sino tambi\u00e9n la oportunidad de preservar el legado agr\u00edcola\u201d, dijo Wade Tobin, director de la Escuela Adventista del S\u00e9ptimo D\u00eda BVI. \u201cHemos sido parte de una comunidad agr\u00edcola y es un honor llevar adelante la tradici\u00f3n de nuestros fundadores\u201d.<\/p>\n<p>La Escuela Adventista del S\u00e9ptimo D\u00eda BVI, en T\u00f3rtola, cuenta con 300 estudiantes desde\u00a0 Jard\u00edn de Ni\u00f1os hasta el doceavo grado. Esta escuela se estableci\u00f3 en 1954, como escuela de nivel primario y ha a\u00f1adido una divisi\u00f3n de escuela de nivel secundario en 2007.<\/p>\n<p>Para estar mejor enterado acerca de la escuela y sus programas e iniciativas, pulsa <a href=\"https:\/\/www.facebook.com\/bvisdaschool\/\">AQU\u00cd<\/a><\/p>\n<p>Traducci\u00f3n \u2013 Gloria A. Castrej\u00f3n<\/p>\n<p>&nbsp;<\/p>\n","protected":false},"excerpt":{"rendered":"<p>7 de marzo de 2022 | T\u00f3rtola, Islas V\u00edrgenes Brit\u00e1nicas | Royston Philbert y Noticias de la Divisi\u00f3n Interamericana Centenares de estudiantes de la Escuela Adventista del S\u00e9ptimo D\u00eda Islas&#8230;<\/p>\n","protected":false},"author":3,"featured_media":82270,"comment_status":"closed","ping_status":"closed","sticky":false,"template":"","format":"standard","meta":{"_acf_changed":false,"footnotes":""},"categories":[17,15],"tags":[],"class_list":["post-82291","post","type-post","status-publish","format-standard","has-post-thumbnail","hentry","category-desde-el-campo","category-rss-espanol"],"acf":[],"yoast_head":"<!-- This site is optimized with the Yoast SEO plugin v27.3 - https:\/\/yoast.com\/product\/yoast-seo-wordpress\/ -->\n<title>Escuela adventista en T\u00f3rtola ense\u00f1a a los estudiantes c\u00f3mo impactar a la comunidad con sus cursos de agricultura - Iglesia Adventista del S\u00e9ptimo D\u00eda - Divisi\u00f3n Interamericana<\/title>\n<meta name=\"robots\" content=\"index, follow, max-snippet:-1, max-image-preview:large, max-video-preview:-1\" \/>\n<link rel=\"canonical\" href=\"https:\/\/interamerica.org\/es\/2022\/03\/escuela-adventista-en-tortola-ensena-a-los-estudiantes-como-impactar-a-la-comunidad-con-sus-cursos-de-agricultura\/\" \/>\n<meta property=\"og:locale\" content=\"es_ES\" \/>\n<meta property=\"og:type\" content=\"article\" \/>\n<meta property=\"og:title\" content=\"Escuela adventista en T\u00f3rtola ense\u00f1a a los estudiantes c\u00f3mo impactar a la comunidad con sus cursos de agricultura - Iglesia Adventista del S\u00e9ptimo D\u00eda - Divisi\u00f3n Interamericana\" \/>\n<meta property=\"og:description\" content=\"7 de marzo de 2022 | T\u00f3rtola, Islas V\u00edrgenes Brit\u00e1nicas | Royston Philbert y Noticias de la Divisi\u00f3n Interamericana Centenares de estudiantes de la Escuela Adventista del S\u00e9ptimo D\u00eda Islas...\" \/>\n<meta property=\"og:url\" content=\"https:\/\/interamerica.org\/es\/2022\/03\/escuela-adventista-en-tortola-ensena-a-los-estudiantes-como-impactar-a-la-comunidad-con-sus-cursos-de-agricultura\/\" \/>\n<meta property=\"og:site_name\" content=\"Iglesia Adventista del S\u00e9ptimo D\u00eda - Divisi\u00f3n Interamericana\" \/>\n<meta property=\"article:published_time\" content=\"2022-03-08T21:00:21+00:00\" \/>\n<meta property=\"article:modified_time\" content=\"2022-03-09T14:44:18+00:00\" \/>\n<meta property=\"og:image\" content=\"https:\/\/interamerica.org\/wp-content\/uploads\/2022\/03\/bvi-sda-school-students-scallions.jpg\" \/>\n\t<meta property=\"og:image:width\" content=\"1000\" \/>\n\t<meta property=\"og:image:height\" content=\"548\" \/>\n\t<meta property=\"og:image:type\" content=\"image\/jpeg\" \/>\n<meta name=\"author\" content=\"libna\" \/>\n<meta name=\"twitter:card\" content=\"summary_large_image\" \/>\n<meta name=\"twitter:label1\" content=\"Escrito por\" \/>\n\t<meta name=\"twitter:data1\" content=\"libna\" \/>\n\t<meta name=\"twitter:label2\" content=\"Tiempo de lectura\" \/>\n\t<meta name=\"twitter:data2\" content=\"5 minutos\" \/>\n<script type=\"application\/ld+json\" class=\"yoast-schema-graph\">{\"@context\":\"https:\\\/\\\/schema.org\",\"@graph\":[{\"@type\":\"Article\",\"@id\":\"https:\\\/\\\/interamerica.org\\\/es\\\/2022\\\/03\\\/escuela-adventista-en-tortola-ensena-a-los-estudiantes-como-impactar-a-la-comunidad-con-sus-cursos-de-agricultura\\\/#article\",\"isPartOf\":{\"@id\":\"https:\\\/\\\/interamerica.org\\\/es\\\/2022\\\/03\\\/escuela-adventista-en-tortola-ensena-a-los-estudiantes-como-impactar-a-la-comunidad-con-sus-cursos-de-agricultura\\\/\"},\"author\":{\"name\":\"libna\",\"@id\":\"https:\\\/\\\/interamerica.org\\\/es\\\/#\\\/schema\\\/person\\\/29998f2bc2d8bd0d38662909289b54f1\"},\"headline\":\"Escuela adventista en T\u00f3rtola ense\u00f1a a los estudiantes c\u00f3mo impactar a la comunidad con sus cursos de agricultura\",\"datePublished\":\"2022-03-08T21:00:21+00:00\",\"dateModified\":\"2022-03-09T14:44:18+00:00\",\"mainEntityOfPage\":{\"@id\":\"https:\\\/\\\/interamerica.org\\\/es\\\/2022\\\/03\\\/escuela-adventista-en-tortola-ensena-a-los-estudiantes-como-impactar-a-la-comunidad-con-sus-cursos-de-agricultura\\\/\"},\"wordCount\":1050,\"image\":{\"@id\":\"https:\\\/\\\/interamerica.org\\\/es\\\/2022\\\/03\\\/escuela-adventista-en-tortola-ensena-a-los-estudiantes-como-impactar-a-la-comunidad-con-sus-cursos-de-agricultura\\\/#primaryimage\"},\"thumbnailUrl\":\"https:\\\/\\\/interamerica.org\\\/wp-content\\\/uploads\\\/2022\\\/03\\\/bvi-sda-school-students-scallions.jpg\",\"articleSection\":[\"Desde el campo\",\"RSS Espa\u00f1ol\"],\"inLanguage\":\"es\"},{\"@type\":\"WebPage\",\"@id\":\"https:\\\/\\\/interamerica.org\\\/es\\\/2022\\\/03\\\/escuela-adventista-en-tortola-ensena-a-los-estudiantes-como-impactar-a-la-comunidad-con-sus-cursos-de-agricultura\\\/\",\"url\":\"https:\\\/\\\/interamerica.org\\\/es\\\/2022\\\/03\\\/escuela-adventista-en-tortola-ensena-a-los-estudiantes-como-impactar-a-la-comunidad-con-sus-cursos-de-agricultura\\\/\",\"name\":\"Escuela adventista en T\u00f3rtola ense\u00f1a a los estudiantes c\u00f3mo impactar a la comunidad con sus cursos de agricultura - Iglesia Adventista del S\u00e9ptimo D\u00eda - Divisi\u00f3n Interamericana\",\"isPartOf\":{\"@id\":\"https:\\\/\\\/interamerica.org\\\/es\\\/#website\"},\"primaryImageOfPage\":{\"@id\":\"https:\\\/\\\/interamerica.org\\\/es\\\/2022\\\/03\\\/escuela-adventista-en-tortola-ensena-a-los-estudiantes-como-impactar-a-la-comunidad-con-sus-cursos-de-agricultura\\\/#primaryimage\"},\"image\":{\"@id\":\"https:\\\/\\\/interamerica.org\\\/es\\\/2022\\\/03\\\/escuela-adventista-en-tortola-ensena-a-los-estudiantes-como-impactar-a-la-comunidad-con-sus-cursos-de-agricultura\\\/#primaryimage\"},\"thumbnailUrl\":\"https:\\\/\\\/interamerica.org\\\/wp-content\\\/uploads\\\/2022\\\/03\\\/bvi-sda-school-students-scallions.jpg\",\"datePublished\":\"2022-03-08T21:00:21+00:00\",\"dateModified\":\"2022-03-09T14:44:18+00:00\",\"author\":{\"@id\":\"https:\\\/\\\/interamerica.org\\\/es\\\/#\\\/schema\\\/person\\\/29998f2bc2d8bd0d38662909289b54f1\"},\"breadcrumb\":{\"@id\":\"https:\\\/\\\/interamerica.org\\\/es\\\/2022\\\/03\\\/escuela-adventista-en-tortola-ensena-a-los-estudiantes-como-impactar-a-la-comunidad-con-sus-cursos-de-agricultura\\\/#breadcrumb\"},\"inLanguage\":\"es\",\"potentialAction\":[{\"@type\":\"ReadAction\",\"target\":[\"https:\\\/\\\/interamerica.org\\\/es\\\/2022\\\/03\\\/escuela-adventista-en-tortola-ensena-a-los-estudiantes-como-impactar-a-la-comunidad-con-sus-cursos-de-agricultura\\\/\"]}]},{\"@type\":\"ImageObject\",\"inLanguage\":\"es\",\"@id\":\"https:\\\/\\\/interamerica.org\\\/es\\\/2022\\\/03\\\/escuela-adventista-en-tortola-ensena-a-los-estudiantes-como-impactar-a-la-comunidad-con-sus-cursos-de-agricultura\\\/#primaryimage\",\"url\":\"https:\\\/\\\/interamerica.org\\\/wp-content\\\/uploads\\\/2022\\\/03\\\/bvi-sda-school-students-scallions.jpg\",\"contentUrl\":\"https:\\\/\\\/interamerica.org\\\/wp-content\\\/uploads\\\/2022\\\/03\\\/bvi-sda-school-students-scallions.jpg\",\"width\":1000,\"height\":548,\"caption\":\"[Imagen: Escuela ASD BVI]\"},{\"@type\":\"BreadcrumbList\",\"@id\":\"https:\\\/\\\/interamerica.org\\\/es\\\/2022\\\/03\\\/escuela-adventista-en-tortola-ensena-a-los-estudiantes-como-impactar-a-la-comunidad-con-sus-cursos-de-agricultura\\\/#breadcrumb\",\"itemListElement\":[{\"@type\":\"ListItem\",\"position\":1,\"name\":\"Home\",\"item\":\"https:\\\/\\\/interamerica.org\\\/es\\\/\"},{\"@type\":\"ListItem\",\"position\":2,\"name\":\"Escuela adventista en T\u00f3rtola ense\u00f1a a los estudiantes c\u00f3mo impactar a la comunidad con sus cursos de agricultura\"}]},{\"@type\":\"WebSite\",\"@id\":\"https:\\\/\\\/interamerica.org\\\/es\\\/#website\",\"url\":\"https:\\\/\\\/interamerica.org\\\/es\\\/\",\"name\":\"Iglesia Adventista del S\u00e9ptimo D\u00eda - Divisi\u00f3n Interamericana\",\"description\":\"\",\"potentialAction\":[{\"@type\":\"SearchAction\",\"target\":{\"@type\":\"EntryPoint\",\"urlTemplate\":\"https:\\\/\\\/interamerica.org\\\/es\\\/?s={search_term_string}\"},\"query-input\":{\"@type\":\"PropertyValueSpecification\",\"valueRequired\":true,\"valueName\":\"search_term_string\"}}],\"inLanguage\":\"es\"},{\"@type\":\"Person\",\"@id\":\"https:\\\/\\\/interamerica.org\\\/es\\\/#\\\/schema\\\/person\\\/29998f2bc2d8bd0d38662909289b54f1\",\"name\":\"libna\",\"image\":{\"@type\":\"ImageObject\",\"inLanguage\":\"es\",\"@id\":\"https:\\\/\\\/secure.gravatar.com\\\/avatar\\\/7c5bd30ae4b47a9ba3c856590957fd1d96dc588bf3ac05719d247e126840331f?s=96&d=mm&r=g\",\"url\":\"https:\\\/\\\/secure.gravatar.com\\\/avatar\\\/7c5bd30ae4b47a9ba3c856590957fd1d96dc588bf3ac05719d247e126840331f?s=96&d=mm&r=g\",\"contentUrl\":\"https:\\\/\\\/secure.gravatar.com\\\/avatar\\\/7c5bd30ae4b47a9ba3c856590957fd1d96dc588bf3ac05719d247e126840331f?s=96&d=mm&r=g\",\"caption\":\"libna\"}}]}<\/script>\n<!-- \/ Yoast SEO plugin. -->","yoast_head_json":{"title":"Escuela adventista en T\u00f3rtola ense\u00f1a a los estudiantes c\u00f3mo impactar a la comunidad con sus cursos de agricultura - Iglesia Adventista del S\u00e9ptimo D\u00eda - Divisi\u00f3n Interamericana","robots":{"index":"index","follow":"follow","max-snippet":"max-snippet:-1","max-image-preview":"max-image-preview:large","max-video-preview":"max-video-preview:-1"},"canonical":"https:\/\/interamerica.org\/es\/2022\/03\/escuela-adventista-en-tortola-ensena-a-los-estudiantes-como-impactar-a-la-comunidad-con-sus-cursos-de-agricultura\/","og_locale":"es_ES","og_type":"article","og_title":"Escuela adventista en T\u00f3rtola ense\u00f1a a los estudiantes c\u00f3mo impactar a la comunidad con sus cursos de agricultura - Iglesia Adventista del S\u00e9ptimo D\u00eda - Divisi\u00f3n Interamericana","og_description":"7 de marzo de 2022 | T\u00f3rtola, Islas V\u00edrgenes Brit\u00e1nicas | Royston Philbert y Noticias de la Divisi\u00f3n Interamericana Centenares de estudiantes de la Escuela Adventista del S\u00e9ptimo D\u00eda Islas...","og_url":"https:\/\/interamerica.org\/es\/2022\/03\/escuela-adventista-en-tortola-ensena-a-los-estudiantes-como-impactar-a-la-comunidad-con-sus-cursos-de-agricultura\/","og_site_name":"Iglesia Adventista del S\u00e9ptimo D\u00eda - Divisi\u00f3n Interamericana","article_published_time":"2022-03-08T21:00:21+00:00","article_modified_time":"2022-03-09T14:44:18+00:00","og_image":[{"width":1000,"height":548,"url":"https:\/\/interamerica.org\/wp-content\/uploads\/2022\/03\/bvi-sda-school-students-scallions.jpg","type":"image\/jpeg"}],"author":"libna","twitter_card":"summary_large_image","twitter_misc":{"Escrito por":"libna","Tiempo de lectura":"5 minutos"},"schema":{"@context":"https:\/\/schema.org","@graph":[{"@type":"Article","@id":"https:\/\/interamerica.org\/es\/2022\/03\/escuela-adventista-en-tortola-ensena-a-los-estudiantes-como-impactar-a-la-comunidad-con-sus-cursos-de-agricultura\/#article","isPartOf":{"@id":"https:\/\/interamerica.org\/es\/2022\/03\/escuela-adventista-en-tortola-ensena-a-los-estudiantes-como-impactar-a-la-comunidad-con-sus-cursos-de-agricultura\/"},"author":{"name":"libna","@id":"https:\/\/interamerica.org\/es\/#\/schema\/person\/29998f2bc2d8bd0d38662909289b54f1"},"headline":"Escuela adventista en T\u00f3rtola ense\u00f1a a los estudiantes c\u00f3mo impactar a la comunidad con sus cursos de agricultura","datePublished":"2022-03-08T21:00:21+00:00","dateModified":"2022-03-09T14:44:18+00:00","mainEntityOfPage":{"@id":"https:\/\/interamerica.org\/es\/2022\/03\/escuela-adventista-en-tortola-ensena-a-los-estudiantes-como-impactar-a-la-comunidad-con-sus-cursos-de-agricultura\/"},"wordCount":1050,"image":{"@id":"https:\/\/interamerica.org\/es\/2022\/03\/escuela-adventista-en-tortola-ensena-a-los-estudiantes-como-impactar-a-la-comunidad-con-sus-cursos-de-agricultura\/#primaryimage"},"thumbnailUrl":"https:\/\/interamerica.org\/wp-content\/uploads\/2022\/03\/bvi-sda-school-students-scallions.jpg","articleSection":["Desde el campo","RSS Espa\u00f1ol"],"inLanguage":"es"},{"@type":"WebPage","@id":"https:\/\/interamerica.org\/es\/2022\/03\/escuela-adventista-en-tortola-ensena-a-los-estudiantes-como-impactar-a-la-comunidad-con-sus-cursos-de-agricultura\/","url":"https:\/\/interamerica.org\/es\/2022\/03\/escuela-adventista-en-tortola-ensena-a-los-estudiantes-como-impactar-a-la-comunidad-con-sus-cursos-de-agricultura\/","name":"Escuela adventista en T\u00f3rtola ense\u00f1a a los estudiantes c\u00f3mo impactar a la comunidad con sus cursos de agricultura - Iglesia Adventista del S\u00e9ptimo D\u00eda - Divisi\u00f3n Interamericana","isPartOf":{"@id":"https:\/\/interamerica.org\/es\/#website"},"primaryImageOfPage":{"@id":"https:\/\/interamerica.org\/es\/2022\/03\/escuela-adventista-en-tortola-ensena-a-los-estudiantes-como-impactar-a-la-comunidad-con-sus-cursos-de-agricultura\/#primaryimage"},"image":{"@id":"https:\/\/interamerica.org\/es\/2022\/03\/escuela-adventista-en-tortola-ensena-a-los-estudiantes-como-impactar-a-la-comunidad-con-sus-cursos-de-agricultura\/#primaryimage"},"thumbnailUrl":"https:\/\/interamerica.org\/wp-content\/uploads\/2022\/03\/bvi-sda-school-students-scallions.jpg","datePublished":"2022-03-08T21:00:21+00:00","dateModified":"2022-03-09T14:44:18+00:00","author":{"@id":"https:\/\/interamerica.org\/es\/#\/schema\/person\/29998f2bc2d8bd0d38662909289b54f1"},"breadcrumb":{"@id":"https:\/\/interamerica.org\/es\/2022\/03\/escuela-adventista-en-tortola-ensena-a-los-estudiantes-como-impactar-a-la-comunidad-con-sus-cursos-de-agricultura\/#breadcrumb"},"inLanguage":"es","potentialAction":[{"@type":"ReadAction","target":["https:\/\/interamerica.org\/es\/2022\/03\/escuela-adventista-en-tortola-ensena-a-los-estudiantes-como-impactar-a-la-comunidad-con-sus-cursos-de-agricultura\/"]}]},{"@type":"ImageObject","inLanguage":"es","@id":"https:\/\/interamerica.org\/es\/2022\/03\/escuela-adventista-en-tortola-ensena-a-los-estudiantes-como-impactar-a-la-comunidad-con-sus-cursos-de-agricultura\/#primaryimage","url":"https:\/\/interamerica.org\/wp-content\/uploads\/2022\/03\/bvi-sda-school-students-scallions.jpg","contentUrl":"https:\/\/interamerica.org\/wp-content\/uploads\/2022\/03\/bvi-sda-school-students-scallions.jpg","width":1000,"height":548,"caption":"[Imagen: Escuela ASD BVI]"},{"@type":"BreadcrumbList","@id":"https:\/\/interamerica.org\/es\/2022\/03\/escuela-adventista-en-tortola-ensena-a-los-estudiantes-como-impactar-a-la-comunidad-con-sus-cursos-de-agricultura\/#breadcrumb","itemListElement":[{"@type":"ListItem","position":1,"name":"Home","item":"https:\/\/interamerica.org\/es\/"},{"@type":"ListItem","position":2,"name":"Escuela adventista en T\u00f3rtola ense\u00f1a a los estudiantes c\u00f3mo impactar a la comunidad con sus cursos de agricultura"}]},{"@type":"WebSite","@id":"https:\/\/interamerica.org\/es\/#website","url":"https:\/\/interamerica.org\/es\/","name":"Iglesia Adventista del S\u00e9ptimo D\u00eda - Divisi\u00f3n Interamericana","description":"","potentialAction":[{"@type":"SearchAction","target":{"@type":"EntryPoint","urlTemplate":"https:\/\/interamerica.org\/es\/?s={search_term_string}"},"query-input":{"@type":"PropertyValueSpecification","valueRequired":true,"valueName":"search_term_string"}}],"inLanguage":"es"},{"@type":"Person","@id":"https:\/\/interamerica.org\/es\/#\/schema\/person\/29998f2bc2d8bd0d38662909289b54f1","name":"libna","image":{"@type":"ImageObject","inLanguage":"es","@id":"https:\/\/secure.gravatar.com\/avatar\/7c5bd30ae4b47a9ba3c856590957fd1d96dc588bf3ac05719d247e126840331f?s=96&d=mm&r=g","url":"https:\/\/secure.gravatar.com\/avatar\/7c5bd30ae4b47a9ba3c856590957fd1d96dc588bf3ac05719d247e126840331f?s=96&d=mm&r=g","contentUrl":"https:\/\/secure.gravatar.com\/avatar\/7c5bd30ae4b47a9ba3c856590957fd1d96dc588bf3ac05719d247e126840331f?s=96&d=mm&r=g","caption":"libna"}}]}},"_links":{"self":[{"href":"https:\/\/interamerica.org\/es\/wp-json\/wp\/v2\/posts\/82291","targetHints":{"allow":["GET"]}}],"collection":[{"href":"https:\/\/interamerica.org\/es\/wp-json\/wp\/v2\/posts"}],"about":[{"href":"https:\/\/interamerica.org\/es\/wp-json\/wp\/v2\/types\/post"}],"author":[{"embeddable":true,"href":"https:\/\/interamerica.org\/es\/wp-json\/wp\/v2\/users\/3"}],"replies":[{"embeddable":true,"href":"https:\/\/interamerica.org\/es\/wp-json\/wp\/v2\/comments?post=82291"}],"version-history":[{"count":0,"href":"https:\/\/interamerica.org\/es\/wp-json\/wp\/v2\/posts\/82291\/revisions"}],"wp:featuredmedia":[{"embeddable":true,"href":"https:\/\/interamerica.org\/es\/wp-json\/wp\/v2\/media\/82270"}],"wp:attachment":[{"href":"https:\/\/interamerica.org\/es\/wp-json\/wp\/v2\/media?parent=82291"}],"wp:term":[{"taxonomy":"category","embeddable":true,"href":"https:\/\/interamerica.org\/es\/wp-json\/wp\/v2\/categories?post=82291"},{"taxonomy":"post_tag","embeddable":true,"href":"https:\/\/interamerica.org\/es\/wp-json\/wp\/v2\/tags?post=82291"}],"curies":[{"name":"wp","href":"https:\/\/api.w.org\/{rel}","templated":true}]}}