{"id":82329,"date":"2022-03-09T16:33:41","date_gmt":"2022-03-09T20:33:41","guid":{"rendered":"https:\/\/recursing-golick.147-182-135-0.plesk.page\/?p=82329"},"modified":"2022-03-10T16:52:15","modified_gmt":"2022-03-10T20:52:15","slug":"compasion-sin-limites","status":"publish","type":"post","link":"https:\/\/interamerica.org\/es\/2022\/03\/compasion-sin-limites\/","title":{"rendered":"Compasi\u00f3n sin l\u00edmites"},"content":{"rendered":"<h4 id=\"headline-6-7\" class=\"ct-headline\"><span id=\"span-21-7\" class=\"ct-span\">Los miembros adventistas est\u00e1n abriendo sus hogares y sus corazones a los refugiados ucranianos.<\/span><\/h4>\n<p id=\"headline-7-7\" class=\"ct-headline\"><span id=\"span-20-7\" class=\"ct-span\">9 de marzo de 2022 | Polonia | Daniel Kluska, Uni\u00f3n Asociaci\u00f3n Polaca, y Adventist Review<\/span><\/p>\n<p>En los primeros doce d\u00edas de la guerra en Ucrania, m\u00e1s de 1.200.000 refugiados cruzaron la frontera con Polonia para escapar de la agresi\u00f3n de Rusia. El pueblo de Polonia, sin dudarlo, ha abierto no solo el coraz\u00f3n sino tambi\u00e9n sus hogares a los refugiados que cruzan al pa\u00eds.<\/p>\n<p>La Iglesia Adventista de Polonia tambi\u00e9n ofreci\u00f3 su ayuda. La comunidad adventista de unos seis mil miembros ha preparado m\u00e1s de 1200 refugios en propiedades de la iglesia y hogares privados. Para el 4 de marzo, casi cuatrocientas personas se hab\u00edan beneficiado de su asistencia, reportaron los l\u00edderes.<\/p>\n<p><div id=\"attachment_82310\" style=\"width: 814px\" class=\"wp-caption aligncenter\"><img fetchpriority=\"high\" decoding=\"async\" aria-describedby=\"caption-attachment-82310\" class=\" wp-image-82310\" src=\"https:\/\/recursing-golick.147-182-135-0.plesk.page\/wp-content\/uploads\/2022\/03\/poland-2022-03-puc-ua-help-2-1024x768-1.jpeg\" alt=\"\" width=\"804\" height=\"603\" srcset=\"https:\/\/interamerica.org\/wp-content\/uploads\/2022\/03\/poland-2022-03-puc-ua-help-2-1024x768-1.jpeg 1024w, https:\/\/interamerica.org\/wp-content\/uploads\/2022\/03\/poland-2022-03-puc-ua-help-2-1024x768-1-300x225.jpeg 300w, https:\/\/interamerica.org\/wp-content\/uploads\/2022\/03\/poland-2022-03-puc-ua-help-2-1024x768-1-768x576.jpeg 768w\" sizes=\"(max-width: 804px) 100vw, 804px\" \/><p id=\"caption-attachment-82310\" class=\"wp-caption-text\">Las iglesias locales y otros salones se han convertido en salas de almacenamiento a medida que los miembros recolectan donaciones para los refugiados ucranianos. [Fotograf\u00eda: Uni\u00f3n Asociaci\u00f3n Polaca]<\/p><\/div>Hay organizaciones asistenciales adventistas que tambi\u00e9n est\u00e1n involucradas. Voluntarios de la Agencia Adventista de Desarrollo y Recursos Asistenciales (ADRA) en Polonia visitaron varios cruces fronterizos y de bienvenida, donde distribuyeron paquetes y organizaron alojamiento mientras aprend\u00edan sobre las necesidades m\u00e1s urgentes de los que huyen de la guerra. ADRA ha estado preparando y distribuyendo \u201cPaquetes Iniciales\u201d, un conjunto de art\u00edculos b\u00e1sicos de higiene personal para los que cruzan la frontera. Tambi\u00e9n est\u00e1 involucrada en el transporte humanitario a Ucrania.<\/p>\n<p>El Servicio de Beneficiencia Cristiana \u201cBlisko Serca\u201d (Cerca del Coraz\u00f3n) ha destinado dos de sus centros para recibir a los refugiados de Ucrania. En total, el centro Ori\u00f3n en Wis\u0142a y el centro Polubie en Zatonie est\u00e1n preparados para albergar a m\u00e1s de setenta personas.<\/p>\n<p><div id=\"attachment_82313\" style=\"width: 856px\" class=\"wp-caption aligncenter\"><img decoding=\"async\" aria-describedby=\"caption-attachment-82313\" class=\" wp-image-82313\" src=\"https:\/\/recursing-golick.147-182-135-0.plesk.page\/wp-content\/uploads\/2022\/03\/poland-22022-03-puc-ua-help-4-1024x768-1.jpeg\" alt=\"\" width=\"846\" height=\"634\" srcset=\"https:\/\/interamerica.org\/wp-content\/uploads\/2022\/03\/poland-22022-03-puc-ua-help-4-1024x768-1.jpeg 1024w, https:\/\/interamerica.org\/wp-content\/uploads\/2022\/03\/poland-22022-03-puc-ua-help-4-1024x768-1-300x225.jpeg 300w, https:\/\/interamerica.org\/wp-content\/uploads\/2022\/03\/poland-22022-03-puc-ua-help-4-1024x768-1-768x576.jpeg 768w\" sizes=\"(max-width: 846px) 100vw, 846px\" \/><p id=\"caption-attachment-82313\" class=\"wp-caption-text\">Los centros adventistas han sido adaptados en tan solo unas horas para alojar a los ucranianos que se trasladan al oeste mientras huyen de su pa\u00eds y cruzan a Polonia. [Fotograf\u00eda: Uni\u00f3n Asociaci\u00f3n Polaca]<\/p><\/div>El Colegio Superior Polaco de Teolog\u00eda y Humanidades en Podkowa Le\u015bna ya ha dado la bienvenida a m\u00e1s de treinta personas. Se est\u00e1n haciendo planes de poner a disposici\u00f3n edificios e instalaciones adicionales, incrementando el n\u00famero de personas que pueden ser albergadas. En los pr\u00f3ximos d\u00edas tambi\u00e9n se abrir\u00e1 un Jard\u00edn de Infantes para ni\u00f1os refugiados, operado por voluntarios de la iglesia local.<\/p>\n<p>Los miembros m\u00e1s j\u00f3venes de la iglesia tambi\u00e9n est\u00e1n participando de los esfuerzos asistenciales. La Asociaci\u00f3n de Scouts Adventistas (ZHA) y los Conquistadores organizaron recolecciones ben\u00e9ficas en toda Polonia. La respuesta fue inmensa. Ya est\u00e1n en camino bolsas de dormir, colchonetas, mantas, almohadas, ayudas m\u00e9dicas y estufas. Las donaciones fueron enviadas a la regi\u00f3n occidental de Ucrania, para suplir las necesidades de la migraci\u00f3n de personas que vienen de la regi\u00f3n oriental del pa\u00eds.<\/p>\n<p><div id=\"attachment_82301\" style=\"width: 879px\" class=\"wp-caption aligncenter\"><img decoding=\"async\" aria-describedby=\"caption-attachment-82301\" class=\" wp-image-82301\" src=\"https:\/\/recursing-golick.147-182-135-0.plesk.page\/wp-content\/uploads\/2022\/03\/poland-pathfinders-2022-03-puc-ua-help-6-1024x768-1.jpeg\" alt=\"\" width=\"869\" height=\"652\" srcset=\"https:\/\/interamerica.org\/wp-content\/uploads\/2022\/03\/poland-pathfinders-2022-03-puc-ua-help-6-1024x768-1.jpeg 1024w, https:\/\/interamerica.org\/wp-content\/uploads\/2022\/03\/poland-pathfinders-2022-03-puc-ua-help-6-1024x768-1-300x225.jpeg 300w, https:\/\/interamerica.org\/wp-content\/uploads\/2022\/03\/poland-pathfinders-2022-03-puc-ua-help-6-1024x768-1-768x576.jpeg 768w\" sizes=\"(max-width: 869px) 100vw, 869px\" \/><p id=\"caption-attachment-82301\" class=\"wp-caption-text\">Los Conquistadores de Polonia est\u00e1n recolectando cantidades impresionantes de art\u00edculos para asistir a los ucranianos que est\u00e1n huyendo de su pa\u00eds. [Fotograf\u00eda: Uni\u00f3n Asociaci\u00f3n Polaca]<\/p><\/div>Ryszard Jankowski, president de la Uni\u00f3n Asociaci\u00f3n Polaca de la Iglesia Adventista, junto con Tomasz \u017belazko, otro ministro, visitaron uno de los cruces fronterizos, y en camino de regreso a Varsovia, los hombres ofrecieron transporte en su veh\u00edculo a un grupo de refugiados.<\/p>\n<p>\u201cEs imposible describir la escala de actividades que se llevan a cabo no solo por parte de la Iglesia Adventista mediante sus instituciones sino, por sobre todas las cosas, por los miembros individuales de la comunidad y las iglesias locales\u201d, dijeron los l\u00edderes de la iglesia. \u201cMuchas iglesias locales han hecho una pausa en la organizaci\u00f3n de sus cultos de s\u00e1bado mientras sus instalaciones sirven actualmente de alojamiento. Muchas personas est\u00e1n sacrificando no solo sus finanzas sino, por sobre todas las cosas, est\u00e1n abriendo sus hogares y recibiendo a los necesitados\u201d.<\/p>\n<p>Traducci\u00f3n de Marcos Paseggi<\/p>\n","protected":false},"excerpt":{"rendered":"<p>Los miembros adventistas est\u00e1n abriendo sus hogares y sus corazones a los refugiados ucranianos. 9 de marzo de 2022 | Polonia | Daniel Kluska, Uni\u00f3n Asociaci\u00f3n Polaca, y Adventist Review&#8230;<\/p>\n","protected":false},"author":3,"featured_media":82304,"comment_status":"closed","ping_status":"closed","sticky":false,"template":"","format":"standard","meta":{"_acf_changed":false,"footnotes":""},"categories":[14,15],"tags":[],"class_list":["post-82329","post","type-post","status-publish","format-standard","has-post-thumbnail","hentry","category-de-la-iglesia-mundial","category-rss-espanol"],"acf":[],"yoast_head":"<!-- This site is optimized with the Yoast SEO plugin v27.3 - https:\/\/yoast.com\/product\/yoast-seo-wordpress\/ -->\n<title>Compasi\u00f3n sin l\u00edmites - Iglesia Adventista del S\u00e9ptimo D\u00eda - Divisi\u00f3n Interamericana<\/title>\n<meta name=\"robots\" content=\"index, follow, max-snippet:-1, max-image-preview:large, max-video-preview:-1\" \/>\n<link rel=\"canonical\" href=\"https:\/\/interamerica.org\/es\/2022\/03\/compasion-sin-limites\/\" \/>\n<meta property=\"og:locale\" content=\"es_ES\" \/>\n<meta property=\"og:type\" content=\"article\" \/>\n<meta property=\"og:title\" content=\"Compasi\u00f3n sin l\u00edmites - Iglesia Adventista del S\u00e9ptimo D\u00eda - Divisi\u00f3n Interamericana\" \/>\n<meta property=\"og:description\" content=\"Los miembros adventistas est\u00e1n abriendo sus hogares y sus corazones a los refugiados ucranianos. 9 de marzo de 2022 | Polonia | Daniel Kluska, Uni\u00f3n Asociaci\u00f3n Polaca, y Adventist Review...\" \/>\n<meta property=\"og:url\" content=\"https:\/\/interamerica.org\/es\/2022\/03\/compasion-sin-limites\/\" \/>\n<meta property=\"og:site_name\" content=\"Iglesia Adventista del S\u00e9ptimo D\u00eda - Divisi\u00f3n Interamericana\" \/>\n<meta property=\"article:published_time\" content=\"2022-03-09T20:33:41+00:00\" \/>\n<meta property=\"article:modified_time\" content=\"2022-03-10T20:52:15+00:00\" \/>\n<meta property=\"og:image\" content=\"https:\/\/interamerica.org\/wp-content\/uploads\/2022\/03\/compassion-without-limits1-1280.jpg\" \/>\n\t<meta property=\"og:image:width\" content=\"1280\" \/>\n\t<meta property=\"og:image:height\" content=\"800\" \/>\n\t<meta property=\"og:image:type\" content=\"image\/jpeg\" \/>\n<meta name=\"author\" content=\"libna\" \/>\n<meta name=\"twitter:card\" content=\"summary_large_image\" \/>\n<meta name=\"twitter:label1\" content=\"Escrito por\" \/>\n\t<meta name=\"twitter:data1\" content=\"libna\" \/>\n\t<meta name=\"twitter:label2\" content=\"Tiempo de lectura\" \/>\n\t<meta name=\"twitter:data2\" content=\"3 minutos\" \/>\n<script type=\"application\/ld+json\" class=\"yoast-schema-graph\">{\"@context\":\"https:\\\/\\\/schema.org\",\"@graph\":[{\"@type\":\"Article\",\"@id\":\"https:\\\/\\\/interamerica.org\\\/es\\\/2022\\\/03\\\/compasion-sin-limites\\\/#article\",\"isPartOf\":{\"@id\":\"https:\\\/\\\/interamerica.org\\\/es\\\/2022\\\/03\\\/compasion-sin-limites\\\/\"},\"author\":{\"name\":\"libna\",\"@id\":\"https:\\\/\\\/interamerica.org\\\/es\\\/#\\\/schema\\\/person\\\/29998f2bc2d8bd0d38662909289b54f1\"},\"headline\":\"Compasi\u00f3n sin l\u00edmites\",\"datePublished\":\"2022-03-09T20:33:41+00:00\",\"dateModified\":\"2022-03-10T20:52:15+00:00\",\"mainEntityOfPage\":{\"@id\":\"https:\\\/\\\/interamerica.org\\\/es\\\/2022\\\/03\\\/compasion-sin-limites\\\/\"},\"wordCount\":703,\"image\":{\"@id\":\"https:\\\/\\\/interamerica.org\\\/es\\\/2022\\\/03\\\/compasion-sin-limites\\\/#primaryimage\"},\"thumbnailUrl\":\"https:\\\/\\\/interamerica.org\\\/wp-content\\\/uploads\\\/2022\\\/03\\\/compassion-without-limits1-1280.jpg\",\"articleSection\":[\"Desde la iglesia mundial\",\"RSS Espa\u00f1ol\"],\"inLanguage\":\"es\"},{\"@type\":\"WebPage\",\"@id\":\"https:\\\/\\\/interamerica.org\\\/es\\\/2022\\\/03\\\/compasion-sin-limites\\\/\",\"url\":\"https:\\\/\\\/interamerica.org\\\/es\\\/2022\\\/03\\\/compasion-sin-limites\\\/\",\"name\":\"Compasi\u00f3n sin l\u00edmites - Iglesia Adventista del S\u00e9ptimo D\u00eda - Divisi\u00f3n Interamericana\",\"isPartOf\":{\"@id\":\"https:\\\/\\\/interamerica.org\\\/es\\\/#website\"},\"primaryImageOfPage\":{\"@id\":\"https:\\\/\\\/interamerica.org\\\/es\\\/2022\\\/03\\\/compasion-sin-limites\\\/#primaryimage\"},\"image\":{\"@id\":\"https:\\\/\\\/interamerica.org\\\/es\\\/2022\\\/03\\\/compasion-sin-limites\\\/#primaryimage\"},\"thumbnailUrl\":\"https:\\\/\\\/interamerica.org\\\/wp-content\\\/uploads\\\/2022\\\/03\\\/compassion-without-limits1-1280.jpg\",\"datePublished\":\"2022-03-09T20:33:41+00:00\",\"dateModified\":\"2022-03-10T20:52:15+00:00\",\"author\":{\"@id\":\"https:\\\/\\\/interamerica.org\\\/es\\\/#\\\/schema\\\/person\\\/29998f2bc2d8bd0d38662909289b54f1\"},\"breadcrumb\":{\"@id\":\"https:\\\/\\\/interamerica.org\\\/es\\\/2022\\\/03\\\/compasion-sin-limites\\\/#breadcrumb\"},\"inLanguage\":\"es\",\"potentialAction\":[{\"@type\":\"ReadAction\",\"target\":[\"https:\\\/\\\/interamerica.org\\\/es\\\/2022\\\/03\\\/compasion-sin-limites\\\/\"]}]},{\"@type\":\"ImageObject\",\"inLanguage\":\"es\",\"@id\":\"https:\\\/\\\/interamerica.org\\\/es\\\/2022\\\/03\\\/compasion-sin-limites\\\/#primaryimage\",\"url\":\"https:\\\/\\\/interamerica.org\\\/wp-content\\\/uploads\\\/2022\\\/03\\\/compassion-without-limits1-1280.jpg\",\"contentUrl\":\"https:\\\/\\\/interamerica.org\\\/wp-content\\\/uploads\\\/2022\\\/03\\\/compassion-without-limits1-1280.jpg\",\"width\":1280,\"height\":800},{\"@type\":\"BreadcrumbList\",\"@id\":\"https:\\\/\\\/interamerica.org\\\/es\\\/2022\\\/03\\\/compasion-sin-limites\\\/#breadcrumb\",\"itemListElement\":[{\"@type\":\"ListItem\",\"position\":1,\"name\":\"Home\",\"item\":\"https:\\\/\\\/interamerica.org\\\/es\\\/\"},{\"@type\":\"ListItem\",\"position\":2,\"name\":\"Compasi\u00f3n sin l\u00edmites\"}]},{\"@type\":\"WebSite\",\"@id\":\"https:\\\/\\\/interamerica.org\\\/es\\\/#website\",\"url\":\"https:\\\/\\\/interamerica.org\\\/es\\\/\",\"name\":\"Iglesia Adventista del S\u00e9ptimo D\u00eda - Divisi\u00f3n Interamericana\",\"description\":\"\",\"potentialAction\":[{\"@type\":\"SearchAction\",\"target\":{\"@type\":\"EntryPoint\",\"urlTemplate\":\"https:\\\/\\\/interamerica.org\\\/es\\\/?s={search_term_string}\"},\"query-input\":{\"@type\":\"PropertyValueSpecification\",\"valueRequired\":true,\"valueName\":\"search_term_string\"}}],\"inLanguage\":\"es\"},{\"@type\":\"Person\",\"@id\":\"https:\\\/\\\/interamerica.org\\\/es\\\/#\\\/schema\\\/person\\\/29998f2bc2d8bd0d38662909289b54f1\",\"name\":\"libna\",\"image\":{\"@type\":\"ImageObject\",\"inLanguage\":\"es\",\"@id\":\"https:\\\/\\\/secure.gravatar.com\\\/avatar\\\/7c5bd30ae4b47a9ba3c856590957fd1d96dc588bf3ac05719d247e126840331f?s=96&d=mm&r=g\",\"url\":\"https:\\\/\\\/secure.gravatar.com\\\/avatar\\\/7c5bd30ae4b47a9ba3c856590957fd1d96dc588bf3ac05719d247e126840331f?s=96&d=mm&r=g\",\"contentUrl\":\"https:\\\/\\\/secure.gravatar.com\\\/avatar\\\/7c5bd30ae4b47a9ba3c856590957fd1d96dc588bf3ac05719d247e126840331f?s=96&d=mm&r=g\",\"caption\":\"libna\"}}]}<\/script>\n<!-- \/ Yoast SEO plugin. -->","yoast_head_json":{"title":"Compasi\u00f3n sin l\u00edmites - Iglesia Adventista del S\u00e9ptimo D\u00eda - Divisi\u00f3n Interamericana","robots":{"index":"index","follow":"follow","max-snippet":"max-snippet:-1","max-image-preview":"max-image-preview:large","max-video-preview":"max-video-preview:-1"},"canonical":"https:\/\/interamerica.org\/es\/2022\/03\/compasion-sin-limites\/","og_locale":"es_ES","og_type":"article","og_title":"Compasi\u00f3n sin l\u00edmites - Iglesia Adventista del S\u00e9ptimo D\u00eda - Divisi\u00f3n Interamericana","og_description":"Los miembros adventistas est\u00e1n abriendo sus hogares y sus corazones a los refugiados ucranianos. 9 de marzo de 2022 | Polonia | Daniel Kluska, Uni\u00f3n Asociaci\u00f3n Polaca, y Adventist Review...","og_url":"https:\/\/interamerica.org\/es\/2022\/03\/compasion-sin-limites\/","og_site_name":"Iglesia Adventista del S\u00e9ptimo D\u00eda - Divisi\u00f3n Interamericana","article_published_time":"2022-03-09T20:33:41+00:00","article_modified_time":"2022-03-10T20:52:15+00:00","og_image":[{"width":1280,"height":800,"url":"https:\/\/interamerica.org\/wp-content\/uploads\/2022\/03\/compassion-without-limits1-1280.jpg","type":"image\/jpeg"}],"author":"libna","twitter_card":"summary_large_image","twitter_misc":{"Escrito por":"libna","Tiempo de lectura":"3 minutos"},"schema":{"@context":"https:\/\/schema.org","@graph":[{"@type":"Article","@id":"https:\/\/interamerica.org\/es\/2022\/03\/compasion-sin-limites\/#article","isPartOf":{"@id":"https:\/\/interamerica.org\/es\/2022\/03\/compasion-sin-limites\/"},"author":{"name":"libna","@id":"https:\/\/interamerica.org\/es\/#\/schema\/person\/29998f2bc2d8bd0d38662909289b54f1"},"headline":"Compasi\u00f3n sin l\u00edmites","datePublished":"2022-03-09T20:33:41+00:00","dateModified":"2022-03-10T20:52:15+00:00","mainEntityOfPage":{"@id":"https:\/\/interamerica.org\/es\/2022\/03\/compasion-sin-limites\/"},"wordCount":703,"image":{"@id":"https:\/\/interamerica.org\/es\/2022\/03\/compasion-sin-limites\/#primaryimage"},"thumbnailUrl":"https:\/\/interamerica.org\/wp-content\/uploads\/2022\/03\/compassion-without-limits1-1280.jpg","articleSection":["Desde la iglesia mundial","RSS Espa\u00f1ol"],"inLanguage":"es"},{"@type":"WebPage","@id":"https:\/\/interamerica.org\/es\/2022\/03\/compasion-sin-limites\/","url":"https:\/\/interamerica.org\/es\/2022\/03\/compasion-sin-limites\/","name":"Compasi\u00f3n sin l\u00edmites - Iglesia Adventista del S\u00e9ptimo D\u00eda - Divisi\u00f3n Interamericana","isPartOf":{"@id":"https:\/\/interamerica.org\/es\/#website"},"primaryImageOfPage":{"@id":"https:\/\/interamerica.org\/es\/2022\/03\/compasion-sin-limites\/#primaryimage"},"image":{"@id":"https:\/\/interamerica.org\/es\/2022\/03\/compasion-sin-limites\/#primaryimage"},"thumbnailUrl":"https:\/\/interamerica.org\/wp-content\/uploads\/2022\/03\/compassion-without-limits1-1280.jpg","datePublished":"2022-03-09T20:33:41+00:00","dateModified":"2022-03-10T20:52:15+00:00","author":{"@id":"https:\/\/interamerica.org\/es\/#\/schema\/person\/29998f2bc2d8bd0d38662909289b54f1"},"breadcrumb":{"@id":"https:\/\/interamerica.org\/es\/2022\/03\/compasion-sin-limites\/#breadcrumb"},"inLanguage":"es","potentialAction":[{"@type":"ReadAction","target":["https:\/\/interamerica.org\/es\/2022\/03\/compasion-sin-limites\/"]}]},{"@type":"ImageObject","inLanguage":"es","@id":"https:\/\/interamerica.org\/es\/2022\/03\/compasion-sin-limites\/#primaryimage","url":"https:\/\/interamerica.org\/wp-content\/uploads\/2022\/03\/compassion-without-limits1-1280.jpg","contentUrl":"https:\/\/interamerica.org\/wp-content\/uploads\/2022\/03\/compassion-without-limits1-1280.jpg","width":1280,"height":800},{"@type":"BreadcrumbList","@id":"https:\/\/interamerica.org\/es\/2022\/03\/compasion-sin-limites\/#breadcrumb","itemListElement":[{"@type":"ListItem","position":1,"name":"Home","item":"https:\/\/interamerica.org\/es\/"},{"@type":"ListItem","position":2,"name":"Compasi\u00f3n sin l\u00edmites"}]},{"@type":"WebSite","@id":"https:\/\/interamerica.org\/es\/#website","url":"https:\/\/interamerica.org\/es\/","name":"Iglesia Adventista del S\u00e9ptimo D\u00eda - Divisi\u00f3n Interamericana","description":"","potentialAction":[{"@type":"SearchAction","target":{"@type":"EntryPoint","urlTemplate":"https:\/\/interamerica.org\/es\/?s={search_term_string}"},"query-input":{"@type":"PropertyValueSpecification","valueRequired":true,"valueName":"search_term_string"}}],"inLanguage":"es"},{"@type":"Person","@id":"https:\/\/interamerica.org\/es\/#\/schema\/person\/29998f2bc2d8bd0d38662909289b54f1","name":"libna","image":{"@type":"ImageObject","inLanguage":"es","@id":"https:\/\/secure.gravatar.com\/avatar\/7c5bd30ae4b47a9ba3c856590957fd1d96dc588bf3ac05719d247e126840331f?s=96&d=mm&r=g","url":"https:\/\/secure.gravatar.com\/avatar\/7c5bd30ae4b47a9ba3c856590957fd1d96dc588bf3ac05719d247e126840331f?s=96&d=mm&r=g","contentUrl":"https:\/\/secure.gravatar.com\/avatar\/7c5bd30ae4b47a9ba3c856590957fd1d96dc588bf3ac05719d247e126840331f?s=96&d=mm&r=g","caption":"libna"}}]}},"_links":{"self":[{"href":"https:\/\/interamerica.org\/es\/wp-json\/wp\/v2\/posts\/82329","targetHints":{"allow":["GET"]}}],"collection":[{"href":"https:\/\/interamerica.org\/es\/wp-json\/wp\/v2\/posts"}],"about":[{"href":"https:\/\/interamerica.org\/es\/wp-json\/wp\/v2\/types\/post"}],"author":[{"embeddable":true,"href":"https:\/\/interamerica.org\/es\/wp-json\/wp\/v2\/users\/3"}],"replies":[{"embeddable":true,"href":"https:\/\/interamerica.org\/es\/wp-json\/wp\/v2\/comments?post=82329"}],"version-history":[{"count":0,"href":"https:\/\/interamerica.org\/es\/wp-json\/wp\/v2\/posts\/82329\/revisions"}],"wp:featuredmedia":[{"embeddable":true,"href":"https:\/\/interamerica.org\/es\/wp-json\/wp\/v2\/media\/82304"}],"wp:attachment":[{"href":"https:\/\/interamerica.org\/es\/wp-json\/wp\/v2\/media?parent=82329"}],"wp:term":[{"taxonomy":"category","embeddable":true,"href":"https:\/\/interamerica.org\/es\/wp-json\/wp\/v2\/categories?post=82329"},{"taxonomy":"post_tag","embeddable":true,"href":"https:\/\/interamerica.org\/es\/wp-json\/wp\/v2\/tags?post=82329"}],"curies":[{"name":"wp","href":"https:\/\/api.w.org\/{rel}","templated":true}]}}