{"id":82331,"date":"2022-03-09T20:42:12","date_gmt":"2022-03-10T00:42:12","guid":{"rendered":"https:\/\/recursing-golick.147-182-135-0.plesk.page\/?p=82331"},"modified":"2022-03-10T11:19:09","modified_gmt":"2022-03-10T15:19:09","slug":"el-enfoque-del-dia-mundial-de-la-juventud-es-amando-a-los-olvidados","status":"publish","type":"post","link":"https:\/\/interamerica.org\/es\/2022\/03\/el-enfoque-del-dia-mundial-de-la-juventud-es-amando-a-los-olvidados\/","title":{"rendered":"El enfoque del D\u00eda Mundial de la Juventud es &#8216;Amando a los Olvidados&#8217;"},"content":{"rendered":"<p>9 de marzo de 2022 | Miami, Florida, Estados Unidos | Libna Stevens, Noticias de la Divisi\u00f3n Interamericana<\/p>\n<p>El D\u00eda Mundial de la Juventud (GYD, por sus siglas en ingl\u00e9s), una iniciativa del departamento de Ministerio Juvenil de la Iglesia Adventista del S\u00e9ptimo D\u00eda mundial, ser\u00e1 testigo de la actividad de miles de j\u00f3venes involucrados en proyectos de servicio en sus comunidades, el 19 de marzo de 2022.<\/p>\n<p>Esta iniciativa anual motiva a los j\u00f3venes a aunar sus esfuerzos y salir de su zona de confort y \u201cSer el Serm\u00f3n\u201d al manifestar el amor de Jes\u00fas a trav\u00e9s de actos de bondad a dondequiera que vayan.<\/p>\n<p>El enfoque general de este a\u00f1o es \u201cAmando al Olvidado\u201d; ya se trate de un miembro de la iglesia a quien se haya posiblemente descuidado, o a un miembro de la comunidad que est\u00e1 enfrentando necesidades apremiantes, respecto a quien los j\u00f3venes tendr\u00e1n la oportunidad de procurar ser una diferencia en su vida, dijeron los dirigentes.<\/p>\n<p><div id=\"attachment_82286\" style=\"width: 1032px\" class=\"wp-caption aligncenter\"><img fetchpriority=\"high\" decoding=\"async\" aria-describedby=\"caption-attachment-82286\" class=\" wp-image-82286\" src=\"https:\/\/recursing-golick.147-182-135-0.plesk.page\/wp-content\/uploads\/2022\/03\/gyd-2022-header-banner-1024x375.png\" alt=\"\" width=\"1022\" height=\"374\" srcset=\"https:\/\/interamerica.org\/wp-content\/uploads\/2022\/03\/gyd-2022-header-banner-1024x375.png 1024w, https:\/\/interamerica.org\/wp-content\/uploads\/2022\/03\/gyd-2022-header-banner-300x110.png 300w, https:\/\/interamerica.org\/wp-content\/uploads\/2022\/03\/gyd-2022-header-banner-768x281.png 768w, https:\/\/interamerica.org\/wp-content\/uploads\/2022\/03\/gyd-2022-header-banner.png 1300w\" sizes=\"(max-width: 1022px) 100vw, 1022px\" \/><p id=\"caption-attachment-82286\" class=\"wp-caption-text\">[Imagen: Ministerio de J\u00f3venes de la AG]<\/p><\/div>Se trata de ir m\u00e1s all\u00e1 de las paredes de la iglesia, ejerciendo un impacto en la comunidad con prop\u00f3sito y pasi\u00f3n, dijo el pastor Al Powell, director de ministerio de j\u00f3venes de la iglesia en Interam\u00e9rica. El pastor Powell, quien ha estado coordinando los esfuerzos del D\u00eda Mundial de la Juventud a trav\u00e9s de las 24 uniones o regiones de la iglesia en Interam\u00e9rica, dijo que se percibe un gran entusiasmo entre los directores de j\u00f3venes y los j\u00f3venes mismos.<\/p>\n<p>\u201cLos j\u00f3venes est\u00e1n entusiasmados de poder servir a pesar de una pandemia que ha limitado muchas actividades de impacto en 2020\u201d, dijo el director Powell. \u201cNos sentimos contentos de que haya todav\u00eda una avenida a trav\u00e9s de la cual puedan prestar sus servicios y testificar en forma m\u00e1s colectiva este a\u00f1o, ejerciendo un mayor impacto en las comunidades locales\u201d.<\/p>\n<p>Las actividades del D\u00eda Mundial de la Juventud planificadas en todo el territorio de la Divisi\u00f3n Interamericana (DIA), incluyen alimentar a personas y orar con ellas en hogares, ciudades y comunidades rurales; limpieza y reacondicionamiento de parques, dar mensajes de esperanza a trav\u00e9s de libros, medios sociales y grupos virtuales, visitar enfermos en hospitales, orfanatos y asilos de ancianos y acercarse a personas encarceladas o a miembros que se han ausentado de la iglesia, adem\u00e1s de muchas otras actividades, dijo el director Powell.<\/p>\n<p>Para m\u00e1s informaci\u00f3n y detalles acerca de la transmisi\u00f3n en vivo del D\u00eda Mundial de la Juventud, el 19 de marzo de 2022, visita <a href=\"https:\/\/urldefense.proofpoint.com\/v2\/url?u=https-3A__www.globalyouthday.org_&amp;d=DwMFaQ&amp;c=tjPg1sbLxZ1bjgTYa5hhdw&amp;r=QRxhZ6zzWfakIxmZLcYU5ZN_w8zIA8rJMh2h-7AoibY&amp;m=jpMPI8b78PAg1L-85gpiDjvItFluwnkMevtHIS6a6Og&amp;s=Xz8PKD_Oq1DMYFmzuHUKu1ZBzuLi5VeAliailqyfE8w&amp;e=\">globalyouthday.org<\/a><\/p>\n<p>El departamento de Ministerio Juvenil de Interam\u00e9rica presentar\u00e1 un informe de 30 minutos de duraci\u00f3n, de sus 24 uniones, durante el programa del D\u00eda Mundial JA del 19 de marzo, de 5:30 p.m. a 6:00 p.m. tiempo de Miami.<\/p>\n<p>Adem\u00e1s, el D\u00eda Mundial de la Juventud marca el inicio de la semana de oraci\u00f3n de los j\u00f3venes, cuyo enfoque es el Mensaje de los Tres \u00c1ngeles y la celebraci\u00f3n del s\u00e1bado de bienvenida de regreso a la iglesia, el 26 de marzo de 2022.<\/p>\n<p>Para encontrar recursos para el D\u00eda Mundial de la Juventud de este a\u00f1o, en ingl\u00e9s, espa\u00f1ol y franc\u00e9s, pulsa <a href=\"https:\/\/recursing-golick.147-182-135-0.plesk.page\/department\/youth-ministries\/\">AQU\u00cd<\/a><\/p>\n<p>Usa el Hashtag: #GYD22<\/p>\n<p>P\u00e1gina web GYD:\u00a0<a href=\"https:\/\/www.globalyouthday.org\/\">globalyouthday.org<\/a>\u00a0 o <a href=\"https:\/\/www.gcyouthministries.org\/events-and-projects\/global-youth-day-gyd\/\">gcyouthministries.org<\/a><\/p>\n<p>Traducci\u00f3n \u2013 Gloria A. Castrej\u00f3n<\/p>\n<p>&nbsp;<\/p>\n","protected":false},"excerpt":{"rendered":"<p>9 de marzo de 2022 | Miami, Florida, Estados Unidos | Libna Stevens, Noticias de la Divisi\u00f3n Interamericana El D\u00eda Mundial de la Juventud (GYD, por sus siglas en ingl\u00e9s),&#8230;<\/p>\n","protected":false},"author":3,"featured_media":82289,"comment_status":"closed","ping_status":"closed","sticky":false,"template":"","format":"standard","meta":{"_acf_changed":false,"footnotes":""},"categories":[16,15],"tags":[],"class_list":["post-82331","post","type-post","status-publish","format-standard","has-post-thumbnail","hentry","category-desde-la-sede","category-rss-espanol"],"acf":[],"yoast_head":"<!-- This site is optimized with the Yoast SEO plugin v27.3 - https:\/\/yoast.com\/product\/yoast-seo-wordpress\/ -->\n<title>El enfoque del D\u00eda Mundial de la Juventud es &#039;Amando a los Olvidados&#039; - Iglesia Adventista del S\u00e9ptimo D\u00eda - Divisi\u00f3n Interamericana<\/title>\n<meta name=\"robots\" content=\"index, follow, max-snippet:-1, max-image-preview:large, max-video-preview:-1\" \/>\n<link rel=\"canonical\" href=\"https:\/\/interamerica.org\/es\/2022\/03\/el-enfoque-del-dia-mundial-de-la-juventud-es-amando-a-los-olvidados\/\" \/>\n<meta property=\"og:locale\" content=\"es_ES\" \/>\n<meta property=\"og:type\" content=\"article\" \/>\n<meta property=\"og:title\" content=\"El enfoque del D\u00eda Mundial de la Juventud es &#039;Amando a los Olvidados&#039; - Iglesia Adventista del S\u00e9ptimo D\u00eda - Divisi\u00f3n Interamericana\" \/>\n<meta property=\"og:description\" content=\"9 de marzo de 2022 | Miami, Florida, Estados Unidos | Libna Stevens, Noticias de la Divisi\u00f3n Interamericana El D\u00eda Mundial de la Juventud (GYD, por sus siglas en ingl\u00e9s),...\" \/>\n<meta property=\"og:url\" content=\"https:\/\/interamerica.org\/es\/2022\/03\/el-enfoque-del-dia-mundial-de-la-juventud-es-amando-a-los-olvidados\/\" \/>\n<meta property=\"og:site_name\" content=\"Iglesia Adventista del S\u00e9ptimo D\u00eda - Divisi\u00f3n Interamericana\" \/>\n<meta property=\"article:published_time\" content=\"2022-03-10T00:42:12+00:00\" \/>\n<meta property=\"article:modified_time\" content=\"2022-03-10T15:19:09+00:00\" \/>\n<meta property=\"og:image\" content=\"https:\/\/interamerica.org\/wp-content\/uploads\/2022\/03\/gyd-2022-banner1280.jpg\" \/>\n\t<meta property=\"og:image:width\" content=\"1280\" \/>\n\t<meta property=\"og:image:height\" content=\"800\" \/>\n\t<meta property=\"og:image:type\" content=\"image\/jpeg\" \/>\n<meta name=\"author\" content=\"libna\" \/>\n<meta name=\"twitter:card\" content=\"summary_large_image\" \/>\n<meta name=\"twitter:label1\" content=\"Escrito por\" \/>\n\t<meta name=\"twitter:data1\" content=\"libna\" \/>\n\t<meta name=\"twitter:label2\" content=\"Tiempo de lectura\" \/>\n\t<meta name=\"twitter:data2\" content=\"3 minutos\" \/>\n<script type=\"application\/ld+json\" class=\"yoast-schema-graph\">{\"@context\":\"https:\\\/\\\/schema.org\",\"@graph\":[{\"@type\":\"Article\",\"@id\":\"https:\\\/\\\/interamerica.org\\\/es\\\/2022\\\/03\\\/el-enfoque-del-dia-mundial-de-la-juventud-es-amando-a-los-olvidados\\\/#article\",\"isPartOf\":{\"@id\":\"https:\\\/\\\/interamerica.org\\\/es\\\/2022\\\/03\\\/el-enfoque-del-dia-mundial-de-la-juventud-es-amando-a-los-olvidados\\\/\"},\"author\":{\"name\":\"libna\",\"@id\":\"https:\\\/\\\/interamerica.org\\\/es\\\/#\\\/schema\\\/person\\\/29998f2bc2d8bd0d38662909289b54f1\"},\"headline\":\"El enfoque del D\u00eda Mundial de la Juventud es &#8216;Amando a los Olvidados&#8217;\",\"datePublished\":\"2022-03-10T00:42:12+00:00\",\"dateModified\":\"2022-03-10T15:19:09+00:00\",\"mainEntityOfPage\":{\"@id\":\"https:\\\/\\\/interamerica.org\\\/es\\\/2022\\\/03\\\/el-enfoque-del-dia-mundial-de-la-juventud-es-amando-a-los-olvidados\\\/\"},\"wordCount\":600,\"image\":{\"@id\":\"https:\\\/\\\/interamerica.org\\\/es\\\/2022\\\/03\\\/el-enfoque-del-dia-mundial-de-la-juventud-es-amando-a-los-olvidados\\\/#primaryimage\"},\"thumbnailUrl\":\"https:\\\/\\\/interamerica.org\\\/wp-content\\\/uploads\\\/2022\\\/03\\\/gyd-2022-banner1280.jpg\",\"articleSection\":[\"Desde la sede\",\"RSS Espa\u00f1ol\"],\"inLanguage\":\"es\"},{\"@type\":\"WebPage\",\"@id\":\"https:\\\/\\\/interamerica.org\\\/es\\\/2022\\\/03\\\/el-enfoque-del-dia-mundial-de-la-juventud-es-amando-a-los-olvidados\\\/\",\"url\":\"https:\\\/\\\/interamerica.org\\\/es\\\/2022\\\/03\\\/el-enfoque-del-dia-mundial-de-la-juventud-es-amando-a-los-olvidados\\\/\",\"name\":\"El enfoque del D\u00eda Mundial de la Juventud es 'Amando a los Olvidados' - Iglesia Adventista del S\u00e9ptimo D\u00eda - Divisi\u00f3n Interamericana\",\"isPartOf\":{\"@id\":\"https:\\\/\\\/interamerica.org\\\/es\\\/#website\"},\"primaryImageOfPage\":{\"@id\":\"https:\\\/\\\/interamerica.org\\\/es\\\/2022\\\/03\\\/el-enfoque-del-dia-mundial-de-la-juventud-es-amando-a-los-olvidados\\\/#primaryimage\"},\"image\":{\"@id\":\"https:\\\/\\\/interamerica.org\\\/es\\\/2022\\\/03\\\/el-enfoque-del-dia-mundial-de-la-juventud-es-amando-a-los-olvidados\\\/#primaryimage\"},\"thumbnailUrl\":\"https:\\\/\\\/interamerica.org\\\/wp-content\\\/uploads\\\/2022\\\/03\\\/gyd-2022-banner1280.jpg\",\"datePublished\":\"2022-03-10T00:42:12+00:00\",\"dateModified\":\"2022-03-10T15:19:09+00:00\",\"author\":{\"@id\":\"https:\\\/\\\/interamerica.org\\\/es\\\/#\\\/schema\\\/person\\\/29998f2bc2d8bd0d38662909289b54f1\"},\"breadcrumb\":{\"@id\":\"https:\\\/\\\/interamerica.org\\\/es\\\/2022\\\/03\\\/el-enfoque-del-dia-mundial-de-la-juventud-es-amando-a-los-olvidados\\\/#breadcrumb\"},\"inLanguage\":\"es\",\"potentialAction\":[{\"@type\":\"ReadAction\",\"target\":[\"https:\\\/\\\/interamerica.org\\\/es\\\/2022\\\/03\\\/el-enfoque-del-dia-mundial-de-la-juventud-es-amando-a-los-olvidados\\\/\"]}]},{\"@type\":\"ImageObject\",\"inLanguage\":\"es\",\"@id\":\"https:\\\/\\\/interamerica.org\\\/es\\\/2022\\\/03\\\/el-enfoque-del-dia-mundial-de-la-juventud-es-amando-a-los-olvidados\\\/#primaryimage\",\"url\":\"https:\\\/\\\/interamerica.org\\\/wp-content\\\/uploads\\\/2022\\\/03\\\/gyd-2022-banner1280.jpg\",\"contentUrl\":\"https:\\\/\\\/interamerica.org\\\/wp-content\\\/uploads\\\/2022\\\/03\\\/gyd-2022-banner1280.jpg\",\"width\":1280,\"height\":800},{\"@type\":\"BreadcrumbList\",\"@id\":\"https:\\\/\\\/interamerica.org\\\/es\\\/2022\\\/03\\\/el-enfoque-del-dia-mundial-de-la-juventud-es-amando-a-los-olvidados\\\/#breadcrumb\",\"itemListElement\":[{\"@type\":\"ListItem\",\"position\":1,\"name\":\"Home\",\"item\":\"https:\\\/\\\/interamerica.org\\\/es\\\/\"},{\"@type\":\"ListItem\",\"position\":2,\"name\":\"El enfoque del D\u00eda Mundial de la Juventud es &#8216;Amando a los Olvidados&#8217;\"}]},{\"@type\":\"WebSite\",\"@id\":\"https:\\\/\\\/interamerica.org\\\/es\\\/#website\",\"url\":\"https:\\\/\\\/interamerica.org\\\/es\\\/\",\"name\":\"Iglesia Adventista del S\u00e9ptimo D\u00eda - Divisi\u00f3n Interamericana\",\"description\":\"\",\"potentialAction\":[{\"@type\":\"SearchAction\",\"target\":{\"@type\":\"EntryPoint\",\"urlTemplate\":\"https:\\\/\\\/interamerica.org\\\/es\\\/?s={search_term_string}\"},\"query-input\":{\"@type\":\"PropertyValueSpecification\",\"valueRequired\":true,\"valueName\":\"search_term_string\"}}],\"inLanguage\":\"es\"},{\"@type\":\"Person\",\"@id\":\"https:\\\/\\\/interamerica.org\\\/es\\\/#\\\/schema\\\/person\\\/29998f2bc2d8bd0d38662909289b54f1\",\"name\":\"libna\",\"image\":{\"@type\":\"ImageObject\",\"inLanguage\":\"es\",\"@id\":\"https:\\\/\\\/secure.gravatar.com\\\/avatar\\\/7c5bd30ae4b47a9ba3c856590957fd1d96dc588bf3ac05719d247e126840331f?s=96&d=mm&r=g\",\"url\":\"https:\\\/\\\/secure.gravatar.com\\\/avatar\\\/7c5bd30ae4b47a9ba3c856590957fd1d96dc588bf3ac05719d247e126840331f?s=96&d=mm&r=g\",\"contentUrl\":\"https:\\\/\\\/secure.gravatar.com\\\/avatar\\\/7c5bd30ae4b47a9ba3c856590957fd1d96dc588bf3ac05719d247e126840331f?s=96&d=mm&r=g\",\"caption\":\"libna\"}}]}<\/script>\n<!-- \/ Yoast SEO plugin. -->","yoast_head_json":{"title":"El enfoque del D\u00eda Mundial de la Juventud es 'Amando a los Olvidados' - Iglesia Adventista del S\u00e9ptimo D\u00eda - Divisi\u00f3n Interamericana","robots":{"index":"index","follow":"follow","max-snippet":"max-snippet:-1","max-image-preview":"max-image-preview:large","max-video-preview":"max-video-preview:-1"},"canonical":"https:\/\/interamerica.org\/es\/2022\/03\/el-enfoque-del-dia-mundial-de-la-juventud-es-amando-a-los-olvidados\/","og_locale":"es_ES","og_type":"article","og_title":"El enfoque del D\u00eda Mundial de la Juventud es 'Amando a los Olvidados' - Iglesia Adventista del S\u00e9ptimo D\u00eda - Divisi\u00f3n Interamericana","og_description":"9 de marzo de 2022 | Miami, Florida, Estados Unidos | Libna Stevens, Noticias de la Divisi\u00f3n Interamericana El D\u00eda Mundial de la Juventud (GYD, por sus siglas en ingl\u00e9s),...","og_url":"https:\/\/interamerica.org\/es\/2022\/03\/el-enfoque-del-dia-mundial-de-la-juventud-es-amando-a-los-olvidados\/","og_site_name":"Iglesia Adventista del S\u00e9ptimo D\u00eda - Divisi\u00f3n Interamericana","article_published_time":"2022-03-10T00:42:12+00:00","article_modified_time":"2022-03-10T15:19:09+00:00","og_image":[{"width":1280,"height":800,"url":"https:\/\/interamerica.org\/wp-content\/uploads\/2022\/03\/gyd-2022-banner1280.jpg","type":"image\/jpeg"}],"author":"libna","twitter_card":"summary_large_image","twitter_misc":{"Escrito por":"libna","Tiempo de lectura":"3 minutos"},"schema":{"@context":"https:\/\/schema.org","@graph":[{"@type":"Article","@id":"https:\/\/interamerica.org\/es\/2022\/03\/el-enfoque-del-dia-mundial-de-la-juventud-es-amando-a-los-olvidados\/#article","isPartOf":{"@id":"https:\/\/interamerica.org\/es\/2022\/03\/el-enfoque-del-dia-mundial-de-la-juventud-es-amando-a-los-olvidados\/"},"author":{"name":"libna","@id":"https:\/\/interamerica.org\/es\/#\/schema\/person\/29998f2bc2d8bd0d38662909289b54f1"},"headline":"El enfoque del D\u00eda Mundial de la Juventud es &#8216;Amando a los Olvidados&#8217;","datePublished":"2022-03-10T00:42:12+00:00","dateModified":"2022-03-10T15:19:09+00:00","mainEntityOfPage":{"@id":"https:\/\/interamerica.org\/es\/2022\/03\/el-enfoque-del-dia-mundial-de-la-juventud-es-amando-a-los-olvidados\/"},"wordCount":600,"image":{"@id":"https:\/\/interamerica.org\/es\/2022\/03\/el-enfoque-del-dia-mundial-de-la-juventud-es-amando-a-los-olvidados\/#primaryimage"},"thumbnailUrl":"https:\/\/interamerica.org\/wp-content\/uploads\/2022\/03\/gyd-2022-banner1280.jpg","articleSection":["Desde la sede","RSS Espa\u00f1ol"],"inLanguage":"es"},{"@type":"WebPage","@id":"https:\/\/interamerica.org\/es\/2022\/03\/el-enfoque-del-dia-mundial-de-la-juventud-es-amando-a-los-olvidados\/","url":"https:\/\/interamerica.org\/es\/2022\/03\/el-enfoque-del-dia-mundial-de-la-juventud-es-amando-a-los-olvidados\/","name":"El enfoque del D\u00eda Mundial de la Juventud es 'Amando a los Olvidados' - Iglesia Adventista del S\u00e9ptimo D\u00eda - Divisi\u00f3n Interamericana","isPartOf":{"@id":"https:\/\/interamerica.org\/es\/#website"},"primaryImageOfPage":{"@id":"https:\/\/interamerica.org\/es\/2022\/03\/el-enfoque-del-dia-mundial-de-la-juventud-es-amando-a-los-olvidados\/#primaryimage"},"image":{"@id":"https:\/\/interamerica.org\/es\/2022\/03\/el-enfoque-del-dia-mundial-de-la-juventud-es-amando-a-los-olvidados\/#primaryimage"},"thumbnailUrl":"https:\/\/interamerica.org\/wp-content\/uploads\/2022\/03\/gyd-2022-banner1280.jpg","datePublished":"2022-03-10T00:42:12+00:00","dateModified":"2022-03-10T15:19:09+00:00","author":{"@id":"https:\/\/interamerica.org\/es\/#\/schema\/person\/29998f2bc2d8bd0d38662909289b54f1"},"breadcrumb":{"@id":"https:\/\/interamerica.org\/es\/2022\/03\/el-enfoque-del-dia-mundial-de-la-juventud-es-amando-a-los-olvidados\/#breadcrumb"},"inLanguage":"es","potentialAction":[{"@type":"ReadAction","target":["https:\/\/interamerica.org\/es\/2022\/03\/el-enfoque-del-dia-mundial-de-la-juventud-es-amando-a-los-olvidados\/"]}]},{"@type":"ImageObject","inLanguage":"es","@id":"https:\/\/interamerica.org\/es\/2022\/03\/el-enfoque-del-dia-mundial-de-la-juventud-es-amando-a-los-olvidados\/#primaryimage","url":"https:\/\/interamerica.org\/wp-content\/uploads\/2022\/03\/gyd-2022-banner1280.jpg","contentUrl":"https:\/\/interamerica.org\/wp-content\/uploads\/2022\/03\/gyd-2022-banner1280.jpg","width":1280,"height":800},{"@type":"BreadcrumbList","@id":"https:\/\/interamerica.org\/es\/2022\/03\/el-enfoque-del-dia-mundial-de-la-juventud-es-amando-a-los-olvidados\/#breadcrumb","itemListElement":[{"@type":"ListItem","position":1,"name":"Home","item":"https:\/\/interamerica.org\/es\/"},{"@type":"ListItem","position":2,"name":"El enfoque del D\u00eda Mundial de la Juventud es &#8216;Amando a los Olvidados&#8217;"}]},{"@type":"WebSite","@id":"https:\/\/interamerica.org\/es\/#website","url":"https:\/\/interamerica.org\/es\/","name":"Iglesia Adventista del S\u00e9ptimo D\u00eda - Divisi\u00f3n Interamericana","description":"","potentialAction":[{"@type":"SearchAction","target":{"@type":"EntryPoint","urlTemplate":"https:\/\/interamerica.org\/es\/?s={search_term_string}"},"query-input":{"@type":"PropertyValueSpecification","valueRequired":true,"valueName":"search_term_string"}}],"inLanguage":"es"},{"@type":"Person","@id":"https:\/\/interamerica.org\/es\/#\/schema\/person\/29998f2bc2d8bd0d38662909289b54f1","name":"libna","image":{"@type":"ImageObject","inLanguage":"es","@id":"https:\/\/secure.gravatar.com\/avatar\/7c5bd30ae4b47a9ba3c856590957fd1d96dc588bf3ac05719d247e126840331f?s=96&d=mm&r=g","url":"https:\/\/secure.gravatar.com\/avatar\/7c5bd30ae4b47a9ba3c856590957fd1d96dc588bf3ac05719d247e126840331f?s=96&d=mm&r=g","contentUrl":"https:\/\/secure.gravatar.com\/avatar\/7c5bd30ae4b47a9ba3c856590957fd1d96dc588bf3ac05719d247e126840331f?s=96&d=mm&r=g","caption":"libna"}}]}},"_links":{"self":[{"href":"https:\/\/interamerica.org\/es\/wp-json\/wp\/v2\/posts\/82331","targetHints":{"allow":["GET"]}}],"collection":[{"href":"https:\/\/interamerica.org\/es\/wp-json\/wp\/v2\/posts"}],"about":[{"href":"https:\/\/interamerica.org\/es\/wp-json\/wp\/v2\/types\/post"}],"author":[{"embeddable":true,"href":"https:\/\/interamerica.org\/es\/wp-json\/wp\/v2\/users\/3"}],"replies":[{"embeddable":true,"href":"https:\/\/interamerica.org\/es\/wp-json\/wp\/v2\/comments?post=82331"}],"version-history":[{"count":0,"href":"https:\/\/interamerica.org\/es\/wp-json\/wp\/v2\/posts\/82331\/revisions"}],"wp:featuredmedia":[{"embeddable":true,"href":"https:\/\/interamerica.org\/es\/wp-json\/wp\/v2\/media\/82289"}],"wp:attachment":[{"href":"https:\/\/interamerica.org\/es\/wp-json\/wp\/v2\/media?parent=82331"}],"wp:term":[{"taxonomy":"category","embeddable":true,"href":"https:\/\/interamerica.org\/es\/wp-json\/wp\/v2\/categories?post=82331"},{"taxonomy":"post_tag","embeddable":true,"href":"https:\/\/interamerica.org\/es\/wp-json\/wp\/v2\/tags?post=82331"}],"curies":[{"name":"wp","href":"https:\/\/api.w.org\/{rel}","templated":true}]}}