{"id":82379,"date":"2022-03-10T14:00:43","date_gmt":"2022-03-10T18:00:43","guid":{"rendered":"https:\/\/recursing-golick.147-182-135-0.plesk.page\/?p=82379"},"modified":"2022-03-10T16:11:31","modified_gmt":"2022-03-10T20:11:31","slug":"coro-del-colegio-adventista-de-hiroshima-ora-por-ucrania-por-medio-de-un-cantico","status":"publish","type":"post","link":"https:\/\/interamerica.org\/es\/2022\/03\/coro-del-colegio-adventista-de-hiroshima-ora-por-ucrania-por-medio-de-un-cantico\/","title":{"rendered":"Coro del Colegio Adventista de Hiroshima ora por Ucrania por medio de un c\u00e1ntico"},"content":{"rendered":"<h4 id=\"headline-6-7\" class=\"ct-headline\"><span id=\"span-21-7\" class=\"ct-span\">\u201cSiempre oramos para que muchos se vean animados por medio de nuestra alabanza\u201d, afirma l\u00edder.<\/span><\/h4>\n<p id=\"headline-7-7\" class=\"ct-headline\"><span id=\"span-20-7\" class=\"ct-span\">10 de marzo de 2022 | Silver Spring, Maryland, Estados Unidos | Marcos Paseggi, Adventist Review<\/span><\/p>\n<p>El coro del Colegio Adventista de Hiroshima en Jap\u00f3n est\u00e1 orando por el conflicto en Ucrania haciendo lo que mejor sabe hacer: alabando al Se\u00f1or con sus c\u00e1nticos. Un <a href=\"https:\/\/youtu.be\/ST0q2WE1esY\" target=\"_blank\" rel=\"noopener\">video de YouTube<\/a> publicado el 8 de marzo de 2022 recibi\u00f3 casi cinco mil reproducciones en las primeras 24 horas.<\/p>\n<p>El video grabado muestra al coro, cuyas togas tienen por casualidad colores similares a la bandera azul y amarilla de Ucrania, en la reproducci\u00f3n de una versi\u00f3n de \u201cStill, We Sing Alleluia\u201d [Aun as\u00ed, cantamos aleluya], del compositor filipino Paulo K. Tir\u00f3l.* El video comienza con un mensaje de los estudiantes y l\u00edderes, escrito en ingl\u00e9s y japon\u00e9s, que expresa: \u201cOramos por la situaci\u00f3n actual en Ucrania. Que Dios est\u00e9 con ellos en este momento dif\u00edcil y les d\u00e9 su paz. Enviamos nuestras oraciones por medio de la alabanza\u201d.<\/p>\n<p>Tir\u00f3l escribi\u00f3 la m\u00fasica y la letra de ese c\u00e1ntico al comienzo de las cuarentenas por la pandemia a comienzos de 2020. \u201cA trav\u00e9s de las l\u00e1grimas abundantes, Aleluya; A trav\u00e9s de los temores crecientes, Aleluya\u201d, expresan las primeras palabras del c\u00e1ntico. Los directivos de la instituci\u00f3n creen que estas son palabras sumamente aptas para un momento semejante. El c\u00e1ntico anticipa el triunfo final del amor de Dios, garantizado por Cristo, \u201cPorque el Se\u00f1or ha resucitado y conquist\u00f3 el pecado; En \u00c9l sabemos que la luz, la vida y el amor triunfar\u00e1n\u201d, proclama.<\/p>\n<p><div id=\"attachment_82346\" style=\"width: 866px\" class=\"wp-caption aligncenter\"><img fetchpriority=\"high\" decoding=\"async\" aria-describedby=\"caption-attachment-82346\" class=\" wp-image-82346\" src=\"https:\/\/recursing-golick.147-182-135-0.plesk.page\/wp-content\/uploads\/2022\/03\/hiroshima-adventist-academy-choir-prays-for-ukraine-through-song1.jpeg\" alt=\"\" width=\"856\" height=\"428\" srcset=\"https:\/\/interamerica.org\/wp-content\/uploads\/2022\/03\/hiroshima-adventist-academy-choir-prays-for-ukraine-through-song1.jpeg 1000w, https:\/\/interamerica.org\/wp-content\/uploads\/2022\/03\/hiroshima-adventist-academy-choir-prays-for-ukraine-through-song1-300x150.jpeg 300w, https:\/\/interamerica.org\/wp-content\/uploads\/2022\/03\/hiroshima-adventist-academy-choir-prays-for-ukraine-through-song1-768x384.jpeg 768w\" sizes=\"(max-width: 856px) 100vw, 856px\" \/><p id=\"caption-attachment-82346\" class=\"wp-caption-text\">El coro del Colegio Adventista de Hiroshima entona un c\u00e1ntico especial titulado \u201cAun as\u00ed, cantamos aleluya\u201d, del compositor filipino Paulo K. Tir\u00f3l, para el pueblo de Ucrania, durante la situaci\u00f3n actual en ese pa\u00eds. [Fotograf\u00eda: captura de pantalla de YouTube]<\/p><\/div><strong>Un lugar significativo<\/strong><\/p>\n<p>Satoshi Kitabayashi es director del Colegio Adventista de Hiroshima. Destac\u00f3 que la instituci\u00f3n est\u00e1 ubicada cerca del lugar donde, hace 76 a\u00f1os, se tir\u00f3 una bomba at\u00f3mica. Es algo que dej\u00f3 un dolor tremendo, expres\u00f3. \u201cMuchos que viven en Hiroshima han deseado por mucho tiempo un mundo de paz, y han estado esparciendo constantemente el deseo de que haya paz en el mundo\u201d, dijo Kitabayashi.<\/p>\n<p>Record\u00f3 las palabras del profeta Jerem\u00edas en la Biblia, seg\u00fan fueron dadas por Dios: \u201cPorque yo s\u00e9 los pensamientos que tengo acerca de vosotros, dice Jehov\u00e1, pensamientos de paz y no de mal, para daros el fin que esper\u00e1is\u201d (Jerem\u00edas 29:11).<\/p>\n<p>Kitabayashi, que es bisnieto de Terushiko Okohira, el primer adventista de Jap\u00f3n, destac\u00f3 el papel que juega el \u00e9nfasis misionero del colegio. Explic\u00f3 que el personal y los estudiantes han estado esparciendo el mensaje del evangelio, algo que ayuda a que muchos encuentren la paz.<\/p>\n<p>\u201cDesde que golpe\u00f3 la pandemia del COVID-19, el coro de nuestra instituci\u00f3n ha estado produciendo muchos videos musicales y testimonios sobre nuestro colegio en un canal de YouTube y en otros medios. Por ello, preparamos un video musical espec\u00edfico para las personas que est\u00e1n sufriendo como resultado de la situaci\u00f3n actual en Ucrania, con el deseo de que todo termine pronto y puedan tener paz\u201d, dijo Kitabayashi.<\/p>\n<p>A\u00f1adi\u00f3 que para proteger la vida escolar de los estudiantes durante la pandemia, las actividades escolares se han visto limitadas. \u201cPero siempre oramos para que muchas se sientan alentadas y se encuentren con Dios mediante los c\u00e1nticos de alabanza que a nuestros estudiantes les gusta cantar\u201d, dijo Kitabayashi. \u201cTambi\u00e9n queremos animar a nuestros estudiantes para que dediquen sus vidas a Dios y a otras personas mediante la educaci\u00f3n adventista\u201d.<\/p>\n<p><strong>Acerca del Colegio Adventista de Hiroshima<\/strong><\/p>\n<p>El Colegio Adventista de Hiroshima (Hiroshima Saniku Gakuin) es una instituci\u00f3n coeducacional con internado de educaci\u00f3n secundaria en Jap\u00f3n. Establecido en abril de 1977, la instituci\u00f3n incluye una escuela primaria y una escuela secundaria completa. Est\u00e1 ubicada en la prefectura de Hiroshima, cerca del peque\u00f1o pueblo de Daiwa.<\/p>\n<p>Seg\u00fan Kitabayashi, la instituci\u00f3n ofrece un estilo \u00fanico de vida estudiantil, en parte porque es una instituci\u00f3n con internado con estudiantes que provienen de todo Jap\u00f3n, desde Hokkaido a Okinawa, y en parte porque sigue siendo lo suficientemente peque\u00f1a como para retener algo de esa atm\u00f3sfera familiar.<\/p>\n<p>\u201cNosotros los adventistas de Jap\u00f3n nos sentimos orgullosos del Colegio Adventista de Hiroshima\u201d, dijo Yutaka Inada, presidente de la Uni\u00f3n Asociaci\u00f3n de Jap\u00f3n. \u201cQuieren hacer algo para mostrar que su coraz\u00f3n est\u00e1 all\u00ed con las personas que sufren, y hacerles saber que todos los estudiantes y docentes est\u00e1n orando para que el Se\u00f1or les d\u00e9 paz aun en medio de estos momentos dif\u00edciles. Las iglesias adventistas de Jap\u00f3n contin\u00faan orando para pedir la protecci\u00f3n especial de Dios por las personas que sufren, y est\u00e1n listos para apoyarlos todo lo que sea posible\u201d, dijo Inada.<\/p>\n<p>Lisa Beardsley-Hardy, directora de educaci\u00f3n de la Iglesia Adventista, se hizo eco de los comentarios de Inada, al destacar asimismo el amplio alcance que posee la red educacional adventista. \u201cEn total, la Iglesia Adventista del S\u00e9ptimo D\u00eda opera 9429 instituciones educativas, emplea 113.640 docentes, y educa a 2.023.844 estudiantes en todo el mundo\u201d, dijo. \u201cEstos comparten el mismo objetivo de promover el desarrollo del cuerpo, la mente y el alma, para servir plenamente y con alegr\u00eda a Dios y la humanidad\u201d.<\/p>\n<p>Dentro de este contexto, dijo Beardsley-Hardy, los estudiantes del Colegio Adventista de Hiroshima \u201cse encuentran calificados de manera \u00fanica para hablar sobre el poder del amor y la fe en Dios en cada etapa y experiencia de vida con un claro y l\u00facido mensaje\u201d.<\/p>\n<p><em>*Publicado por la Oregon Catholic Press (2020), disponible en https:\/\/www.ocp.org\/en-us\/songs\/90327\/still-we-sing-alleluia.<\/em><\/p>\n<p><em>Richard Sabuin colabor\u00f3 con esta noticia.<\/em><\/p>\n<p>Traducci\u00f3n de Marcos Paseggi<\/p>\n","protected":false},"excerpt":{"rendered":"<p>\u201cSiempre oramos para que muchos se vean animados por medio de nuestra alabanza\u201d, afirma l\u00edder. 10 de marzo de 2022 | Silver Spring, Maryland, Estados Unidos | Marcos Paseggi, Adventist&#8230;<\/p>\n","protected":false},"author":3,"featured_media":82346,"comment_status":"closed","ping_status":"closed","sticky":false,"template":"","format":"standard","meta":{"_acf_changed":false,"footnotes":""},"categories":[14,15],"tags":[],"class_list":["post-82379","post","type-post","status-publish","format-standard","has-post-thumbnail","hentry","category-de-la-iglesia-mundial","category-rss-espanol"],"acf":[],"yoast_head":"<!-- This site is optimized with the Yoast SEO plugin v27.3 - https:\/\/yoast.com\/product\/yoast-seo-wordpress\/ -->\n<title>Coro del Colegio Adventista de Hiroshima ora por Ucrania por medio de un c\u00e1ntico - Iglesia Adventista del S\u00e9ptimo D\u00eda - Divisi\u00f3n Interamericana<\/title>\n<meta name=\"robots\" content=\"index, follow, max-snippet:-1, max-image-preview:large, max-video-preview:-1\" \/>\n<link rel=\"canonical\" href=\"https:\/\/interamerica.org\/es\/2022\/03\/coro-del-colegio-adventista-de-hiroshima-ora-por-ucrania-por-medio-de-un-cantico\/\" \/>\n<meta property=\"og:locale\" content=\"es_ES\" \/>\n<meta property=\"og:type\" content=\"article\" \/>\n<meta property=\"og:title\" content=\"Coro del Colegio Adventista de Hiroshima ora por Ucrania por medio de un c\u00e1ntico - Iglesia Adventista del S\u00e9ptimo D\u00eda - Divisi\u00f3n Interamericana\" \/>\n<meta property=\"og:description\" content=\"\u201cSiempre oramos para que muchos se vean animados por medio de nuestra alabanza\u201d, afirma l\u00edder. 10 de marzo de 2022 | Silver Spring, Maryland, Estados Unidos | Marcos Paseggi, Adventist...\" \/>\n<meta property=\"og:url\" content=\"https:\/\/interamerica.org\/es\/2022\/03\/coro-del-colegio-adventista-de-hiroshima-ora-por-ucrania-por-medio-de-un-cantico\/\" \/>\n<meta property=\"og:site_name\" content=\"Iglesia Adventista del S\u00e9ptimo D\u00eda - Divisi\u00f3n Interamericana\" \/>\n<meta property=\"article:published_time\" content=\"2022-03-10T18:00:43+00:00\" \/>\n<meta property=\"article:modified_time\" content=\"2022-03-10T20:11:31+00:00\" \/>\n<meta property=\"og:image\" content=\"https:\/\/interamerica.org\/wp-content\/uploads\/2022\/03\/hiroshima-adventist-academy-choir-prays-for-ukraine-through-song1.jpeg\" \/>\n\t<meta property=\"og:image:width\" content=\"1000\" \/>\n\t<meta property=\"og:image:height\" content=\"500\" \/>\n\t<meta property=\"og:image:type\" content=\"image\/jpeg\" \/>\n<meta name=\"author\" content=\"libna\" \/>\n<meta name=\"twitter:card\" content=\"summary_large_image\" \/>\n<meta name=\"twitter:label1\" content=\"Escrito por\" \/>\n\t<meta name=\"twitter:data1\" content=\"libna\" \/>\n\t<meta name=\"twitter:label2\" content=\"Tiempo de lectura\" \/>\n\t<meta name=\"twitter:data2\" content=\"5 minutos\" \/>\n<script type=\"application\/ld+json\" class=\"yoast-schema-graph\">{\"@context\":\"https:\\\/\\\/schema.org\",\"@graph\":[{\"@type\":\"Article\",\"@id\":\"https:\\\/\\\/interamerica.org\\\/es\\\/2022\\\/03\\\/coro-del-colegio-adventista-de-hiroshima-ora-por-ucrania-por-medio-de-un-cantico\\\/#article\",\"isPartOf\":{\"@id\":\"https:\\\/\\\/interamerica.org\\\/es\\\/2022\\\/03\\\/coro-del-colegio-adventista-de-hiroshima-ora-por-ucrania-por-medio-de-un-cantico\\\/\"},\"author\":{\"name\":\"libna\",\"@id\":\"https:\\\/\\\/interamerica.org\\\/es\\\/#\\\/schema\\\/person\\\/29998f2bc2d8bd0d38662909289b54f1\"},\"headline\":\"Coro del Colegio Adventista de Hiroshima ora por Ucrania por medio de un c\u00e1ntico\",\"datePublished\":\"2022-03-10T18:00:43+00:00\",\"dateModified\":\"2022-03-10T20:11:31+00:00\",\"mainEntityOfPage\":{\"@id\":\"https:\\\/\\\/interamerica.org\\\/es\\\/2022\\\/03\\\/coro-del-colegio-adventista-de-hiroshima-ora-por-ucrania-por-medio-de-un-cantico\\\/\"},\"wordCount\":1018,\"image\":{\"@id\":\"https:\\\/\\\/interamerica.org\\\/es\\\/2022\\\/03\\\/coro-del-colegio-adventista-de-hiroshima-ora-por-ucrania-por-medio-de-un-cantico\\\/#primaryimage\"},\"thumbnailUrl\":\"https:\\\/\\\/interamerica.org\\\/wp-content\\\/uploads\\\/2022\\\/03\\\/hiroshima-adventist-academy-choir-prays-for-ukraine-through-song1.jpeg\",\"articleSection\":[\"Desde la iglesia mundial\",\"RSS Espa\u00f1ol\"],\"inLanguage\":\"es\"},{\"@type\":\"WebPage\",\"@id\":\"https:\\\/\\\/interamerica.org\\\/es\\\/2022\\\/03\\\/coro-del-colegio-adventista-de-hiroshima-ora-por-ucrania-por-medio-de-un-cantico\\\/\",\"url\":\"https:\\\/\\\/interamerica.org\\\/es\\\/2022\\\/03\\\/coro-del-colegio-adventista-de-hiroshima-ora-por-ucrania-por-medio-de-un-cantico\\\/\",\"name\":\"Coro del Colegio Adventista de Hiroshima ora por Ucrania por medio de un c\u00e1ntico - Iglesia Adventista del S\u00e9ptimo D\u00eda - Divisi\u00f3n Interamericana\",\"isPartOf\":{\"@id\":\"https:\\\/\\\/interamerica.org\\\/es\\\/#website\"},\"primaryImageOfPage\":{\"@id\":\"https:\\\/\\\/interamerica.org\\\/es\\\/2022\\\/03\\\/coro-del-colegio-adventista-de-hiroshima-ora-por-ucrania-por-medio-de-un-cantico\\\/#primaryimage\"},\"image\":{\"@id\":\"https:\\\/\\\/interamerica.org\\\/es\\\/2022\\\/03\\\/coro-del-colegio-adventista-de-hiroshima-ora-por-ucrania-por-medio-de-un-cantico\\\/#primaryimage\"},\"thumbnailUrl\":\"https:\\\/\\\/interamerica.org\\\/wp-content\\\/uploads\\\/2022\\\/03\\\/hiroshima-adventist-academy-choir-prays-for-ukraine-through-song1.jpeg\",\"datePublished\":\"2022-03-10T18:00:43+00:00\",\"dateModified\":\"2022-03-10T20:11:31+00:00\",\"author\":{\"@id\":\"https:\\\/\\\/interamerica.org\\\/es\\\/#\\\/schema\\\/person\\\/29998f2bc2d8bd0d38662909289b54f1\"},\"breadcrumb\":{\"@id\":\"https:\\\/\\\/interamerica.org\\\/es\\\/2022\\\/03\\\/coro-del-colegio-adventista-de-hiroshima-ora-por-ucrania-por-medio-de-un-cantico\\\/#breadcrumb\"},\"inLanguage\":\"es\",\"potentialAction\":[{\"@type\":\"ReadAction\",\"target\":[\"https:\\\/\\\/interamerica.org\\\/es\\\/2022\\\/03\\\/coro-del-colegio-adventista-de-hiroshima-ora-por-ucrania-por-medio-de-un-cantico\\\/\"]}]},{\"@type\":\"ImageObject\",\"inLanguage\":\"es\",\"@id\":\"https:\\\/\\\/interamerica.org\\\/es\\\/2022\\\/03\\\/coro-del-colegio-adventista-de-hiroshima-ora-por-ucrania-por-medio-de-un-cantico\\\/#primaryimage\",\"url\":\"https:\\\/\\\/interamerica.org\\\/wp-content\\\/uploads\\\/2022\\\/03\\\/hiroshima-adventist-academy-choir-prays-for-ukraine-through-song1.jpeg\",\"contentUrl\":\"https:\\\/\\\/interamerica.org\\\/wp-content\\\/uploads\\\/2022\\\/03\\\/hiroshima-adventist-academy-choir-prays-for-ukraine-through-song1.jpeg\",\"width\":1000,\"height\":500,\"caption\":\"El coro del Colegio Adventista de Hiroshima entona un c\u00e1ntico especial titulado \u201cAun as\u00ed, cantamos aleluya\u201d, del compositor filipino Paulo K. Tir\u00f3l, para el pueblo de Ucrania, durante la situaci\u00f3n actual en ese pa\u00eds. [Fotograf\u00eda: captura de pantalla de YouTube]\"},{\"@type\":\"BreadcrumbList\",\"@id\":\"https:\\\/\\\/interamerica.org\\\/es\\\/2022\\\/03\\\/coro-del-colegio-adventista-de-hiroshima-ora-por-ucrania-por-medio-de-un-cantico\\\/#breadcrumb\",\"itemListElement\":[{\"@type\":\"ListItem\",\"position\":1,\"name\":\"Home\",\"item\":\"https:\\\/\\\/interamerica.org\\\/es\\\/\"},{\"@type\":\"ListItem\",\"position\":2,\"name\":\"Coro del Colegio Adventista de Hiroshima ora por Ucrania por medio de un c\u00e1ntico\"}]},{\"@type\":\"WebSite\",\"@id\":\"https:\\\/\\\/interamerica.org\\\/es\\\/#website\",\"url\":\"https:\\\/\\\/interamerica.org\\\/es\\\/\",\"name\":\"Iglesia Adventista del S\u00e9ptimo D\u00eda - Divisi\u00f3n Interamericana\",\"description\":\"\",\"potentialAction\":[{\"@type\":\"SearchAction\",\"target\":{\"@type\":\"EntryPoint\",\"urlTemplate\":\"https:\\\/\\\/interamerica.org\\\/es\\\/?s={search_term_string}\"},\"query-input\":{\"@type\":\"PropertyValueSpecification\",\"valueRequired\":true,\"valueName\":\"search_term_string\"}}],\"inLanguage\":\"es\"},{\"@type\":\"Person\",\"@id\":\"https:\\\/\\\/interamerica.org\\\/es\\\/#\\\/schema\\\/person\\\/29998f2bc2d8bd0d38662909289b54f1\",\"name\":\"libna\",\"image\":{\"@type\":\"ImageObject\",\"inLanguage\":\"es\",\"@id\":\"https:\\\/\\\/secure.gravatar.com\\\/avatar\\\/7c5bd30ae4b47a9ba3c856590957fd1d96dc588bf3ac05719d247e126840331f?s=96&d=mm&r=g\",\"url\":\"https:\\\/\\\/secure.gravatar.com\\\/avatar\\\/7c5bd30ae4b47a9ba3c856590957fd1d96dc588bf3ac05719d247e126840331f?s=96&d=mm&r=g\",\"contentUrl\":\"https:\\\/\\\/secure.gravatar.com\\\/avatar\\\/7c5bd30ae4b47a9ba3c856590957fd1d96dc588bf3ac05719d247e126840331f?s=96&d=mm&r=g\",\"caption\":\"libna\"}}]}<\/script>\n<!-- \/ Yoast SEO plugin. -->","yoast_head_json":{"title":"Coro del Colegio Adventista de Hiroshima ora por Ucrania por medio de un c\u00e1ntico - Iglesia Adventista del S\u00e9ptimo D\u00eda - Divisi\u00f3n Interamericana","robots":{"index":"index","follow":"follow","max-snippet":"max-snippet:-1","max-image-preview":"max-image-preview:large","max-video-preview":"max-video-preview:-1"},"canonical":"https:\/\/interamerica.org\/es\/2022\/03\/coro-del-colegio-adventista-de-hiroshima-ora-por-ucrania-por-medio-de-un-cantico\/","og_locale":"es_ES","og_type":"article","og_title":"Coro del Colegio Adventista de Hiroshima ora por Ucrania por medio de un c\u00e1ntico - Iglesia Adventista del S\u00e9ptimo D\u00eda - Divisi\u00f3n Interamericana","og_description":"\u201cSiempre oramos para que muchos se vean animados por medio de nuestra alabanza\u201d, afirma l\u00edder. 10 de marzo de 2022 | Silver Spring, Maryland, Estados Unidos | Marcos Paseggi, Adventist...","og_url":"https:\/\/interamerica.org\/es\/2022\/03\/coro-del-colegio-adventista-de-hiroshima-ora-por-ucrania-por-medio-de-un-cantico\/","og_site_name":"Iglesia Adventista del S\u00e9ptimo D\u00eda - Divisi\u00f3n Interamericana","article_published_time":"2022-03-10T18:00:43+00:00","article_modified_time":"2022-03-10T20:11:31+00:00","og_image":[{"width":1000,"height":500,"url":"https:\/\/interamerica.org\/wp-content\/uploads\/2022\/03\/hiroshima-adventist-academy-choir-prays-for-ukraine-through-song1.jpeg","type":"image\/jpeg"}],"author":"libna","twitter_card":"summary_large_image","twitter_misc":{"Escrito por":"libna","Tiempo de lectura":"5 minutos"},"schema":{"@context":"https:\/\/schema.org","@graph":[{"@type":"Article","@id":"https:\/\/interamerica.org\/es\/2022\/03\/coro-del-colegio-adventista-de-hiroshima-ora-por-ucrania-por-medio-de-un-cantico\/#article","isPartOf":{"@id":"https:\/\/interamerica.org\/es\/2022\/03\/coro-del-colegio-adventista-de-hiroshima-ora-por-ucrania-por-medio-de-un-cantico\/"},"author":{"name":"libna","@id":"https:\/\/interamerica.org\/es\/#\/schema\/person\/29998f2bc2d8bd0d38662909289b54f1"},"headline":"Coro del Colegio Adventista de Hiroshima ora por Ucrania por medio de un c\u00e1ntico","datePublished":"2022-03-10T18:00:43+00:00","dateModified":"2022-03-10T20:11:31+00:00","mainEntityOfPage":{"@id":"https:\/\/interamerica.org\/es\/2022\/03\/coro-del-colegio-adventista-de-hiroshima-ora-por-ucrania-por-medio-de-un-cantico\/"},"wordCount":1018,"image":{"@id":"https:\/\/interamerica.org\/es\/2022\/03\/coro-del-colegio-adventista-de-hiroshima-ora-por-ucrania-por-medio-de-un-cantico\/#primaryimage"},"thumbnailUrl":"https:\/\/interamerica.org\/wp-content\/uploads\/2022\/03\/hiroshima-adventist-academy-choir-prays-for-ukraine-through-song1.jpeg","articleSection":["Desde la iglesia mundial","RSS Espa\u00f1ol"],"inLanguage":"es"},{"@type":"WebPage","@id":"https:\/\/interamerica.org\/es\/2022\/03\/coro-del-colegio-adventista-de-hiroshima-ora-por-ucrania-por-medio-de-un-cantico\/","url":"https:\/\/interamerica.org\/es\/2022\/03\/coro-del-colegio-adventista-de-hiroshima-ora-por-ucrania-por-medio-de-un-cantico\/","name":"Coro del Colegio Adventista de Hiroshima ora por Ucrania por medio de un c\u00e1ntico - Iglesia Adventista del S\u00e9ptimo D\u00eda - Divisi\u00f3n Interamericana","isPartOf":{"@id":"https:\/\/interamerica.org\/es\/#website"},"primaryImageOfPage":{"@id":"https:\/\/interamerica.org\/es\/2022\/03\/coro-del-colegio-adventista-de-hiroshima-ora-por-ucrania-por-medio-de-un-cantico\/#primaryimage"},"image":{"@id":"https:\/\/interamerica.org\/es\/2022\/03\/coro-del-colegio-adventista-de-hiroshima-ora-por-ucrania-por-medio-de-un-cantico\/#primaryimage"},"thumbnailUrl":"https:\/\/interamerica.org\/wp-content\/uploads\/2022\/03\/hiroshima-adventist-academy-choir-prays-for-ukraine-through-song1.jpeg","datePublished":"2022-03-10T18:00:43+00:00","dateModified":"2022-03-10T20:11:31+00:00","author":{"@id":"https:\/\/interamerica.org\/es\/#\/schema\/person\/29998f2bc2d8bd0d38662909289b54f1"},"breadcrumb":{"@id":"https:\/\/interamerica.org\/es\/2022\/03\/coro-del-colegio-adventista-de-hiroshima-ora-por-ucrania-por-medio-de-un-cantico\/#breadcrumb"},"inLanguage":"es","potentialAction":[{"@type":"ReadAction","target":["https:\/\/interamerica.org\/es\/2022\/03\/coro-del-colegio-adventista-de-hiroshima-ora-por-ucrania-por-medio-de-un-cantico\/"]}]},{"@type":"ImageObject","inLanguage":"es","@id":"https:\/\/interamerica.org\/es\/2022\/03\/coro-del-colegio-adventista-de-hiroshima-ora-por-ucrania-por-medio-de-un-cantico\/#primaryimage","url":"https:\/\/interamerica.org\/wp-content\/uploads\/2022\/03\/hiroshima-adventist-academy-choir-prays-for-ukraine-through-song1.jpeg","contentUrl":"https:\/\/interamerica.org\/wp-content\/uploads\/2022\/03\/hiroshima-adventist-academy-choir-prays-for-ukraine-through-song1.jpeg","width":1000,"height":500,"caption":"El coro del Colegio Adventista de Hiroshima entona un c\u00e1ntico especial titulado \u201cAun as\u00ed, cantamos aleluya\u201d, del compositor filipino Paulo K. Tir\u00f3l, para el pueblo de Ucrania, durante la situaci\u00f3n actual en ese pa\u00eds. [Fotograf\u00eda: captura de pantalla de YouTube]"},{"@type":"BreadcrumbList","@id":"https:\/\/interamerica.org\/es\/2022\/03\/coro-del-colegio-adventista-de-hiroshima-ora-por-ucrania-por-medio-de-un-cantico\/#breadcrumb","itemListElement":[{"@type":"ListItem","position":1,"name":"Home","item":"https:\/\/interamerica.org\/es\/"},{"@type":"ListItem","position":2,"name":"Coro del Colegio Adventista de Hiroshima ora por Ucrania por medio de un c\u00e1ntico"}]},{"@type":"WebSite","@id":"https:\/\/interamerica.org\/es\/#website","url":"https:\/\/interamerica.org\/es\/","name":"Iglesia Adventista del S\u00e9ptimo D\u00eda - Divisi\u00f3n Interamericana","description":"","potentialAction":[{"@type":"SearchAction","target":{"@type":"EntryPoint","urlTemplate":"https:\/\/interamerica.org\/es\/?s={search_term_string}"},"query-input":{"@type":"PropertyValueSpecification","valueRequired":true,"valueName":"search_term_string"}}],"inLanguage":"es"},{"@type":"Person","@id":"https:\/\/interamerica.org\/es\/#\/schema\/person\/29998f2bc2d8bd0d38662909289b54f1","name":"libna","image":{"@type":"ImageObject","inLanguage":"es","@id":"https:\/\/secure.gravatar.com\/avatar\/7c5bd30ae4b47a9ba3c856590957fd1d96dc588bf3ac05719d247e126840331f?s=96&d=mm&r=g","url":"https:\/\/secure.gravatar.com\/avatar\/7c5bd30ae4b47a9ba3c856590957fd1d96dc588bf3ac05719d247e126840331f?s=96&d=mm&r=g","contentUrl":"https:\/\/secure.gravatar.com\/avatar\/7c5bd30ae4b47a9ba3c856590957fd1d96dc588bf3ac05719d247e126840331f?s=96&d=mm&r=g","caption":"libna"}}]}},"_links":{"self":[{"href":"https:\/\/interamerica.org\/es\/wp-json\/wp\/v2\/posts\/82379","targetHints":{"allow":["GET"]}}],"collection":[{"href":"https:\/\/interamerica.org\/es\/wp-json\/wp\/v2\/posts"}],"about":[{"href":"https:\/\/interamerica.org\/es\/wp-json\/wp\/v2\/types\/post"}],"author":[{"embeddable":true,"href":"https:\/\/interamerica.org\/es\/wp-json\/wp\/v2\/users\/3"}],"replies":[{"embeddable":true,"href":"https:\/\/interamerica.org\/es\/wp-json\/wp\/v2\/comments?post=82379"}],"version-history":[{"count":0,"href":"https:\/\/interamerica.org\/es\/wp-json\/wp\/v2\/posts\/82379\/revisions"}],"wp:featuredmedia":[{"embeddable":true,"href":"https:\/\/interamerica.org\/es\/wp-json\/wp\/v2\/media\/82346"}],"wp:attachment":[{"href":"https:\/\/interamerica.org\/es\/wp-json\/wp\/v2\/media?parent=82379"}],"wp:term":[{"taxonomy":"category","embeddable":true,"href":"https:\/\/interamerica.org\/es\/wp-json\/wp\/v2\/categories?post=82379"},{"taxonomy":"post_tag","embeddable":true,"href":"https:\/\/interamerica.org\/es\/wp-json\/wp\/v2\/tags?post=82379"}],"curies":[{"name":"wp","href":"https:\/\/api.w.org\/{rel}","templated":true}]}}