{"id":82421,"date":"2022-03-10T23:50:26","date_gmt":"2022-03-11T03:50:26","guid":{"rendered":"https:\/\/recursing-golick.147-182-135-0.plesk.page\/?p=82421"},"modified":"2022-03-11T08:07:31","modified_gmt":"2022-03-11T12:07:31","slug":"en-la-region-colombiana-del-sur-mas-de-doscientos-ciclistas-adventistas-atraviesan-bogota","status":"publish","type":"post","link":"https:\/\/interamerica.org\/es\/2022\/03\/en-la-region-colombiana-del-sur-mas-de-doscientos-ciclistas-adventistas-atraviesan-bogota\/","title":{"rendered":"En la regi\u00f3n Colombiana del Sur, m\u00e1s de doscientos ciclistas adventistas atraviesan Bogot\u00e1"},"content":{"rendered":"<p><div id=\"attachment_82397\" style=\"width: 854px\" class=\"wp-caption aligncenter\"><img fetchpriority=\"high\" decoding=\"async\" aria-describedby=\"caption-attachment-82397\" class=\" wp-image-82397\" src=\"https:\/\/recursing-golick.147-182-135-0.plesk.page\/wp-content\/uploads\/2022\/03\/socu-cyclist-group.jpg\" alt=\"\" width=\"844\" height=\"475\" srcset=\"https:\/\/interamerica.org\/wp-content\/uploads\/2022\/03\/socu-cyclist-group.jpg 1000w, https:\/\/interamerica.org\/wp-content\/uploads\/2022\/03\/socu-cyclist-group-300x169.jpg 300w, https:\/\/interamerica.org\/wp-content\/uploads\/2022\/03\/socu-cyclist-group-768x432.jpg 768w\" sizes=\"(max-width: 844px) 100vw, 844px\" \/><p id=\"caption-attachment-82397\" class=\"wp-caption-text\">Parte del grupo de ciclistas adventistas mientras se preparaban para salir a andar por Bogot\u00e1, la capital de Colombia, durante una traves\u00eda de 40 kil\u00f3metros para promover la iniciativa \u201cQuiero vivir sano\u201d en las principales calles y avenidas, adem\u00e1s de celebrar los cien a\u00f1os desde que se organiz\u00f3 la Iglesia Adventista en la ciudad. M\u00e1s de doscientas personas en Bogot\u00e1, y otros 80 del departamento de Boyac\u00e1, estado central ubicado en la zona monta\u00f1osa, participaron de la actividad el 27 de febrero de 2022. [Fotograf\u00eda: Juan Alvis]<\/p><\/div>10 de marzo de 2022 | Bogot\u00e1, Colombia | Laura Acosta y Noticias de la Divisi\u00f3n Interamericana<\/p>\n<p>M\u00e1s de doscientos ciclistas recorrieron 40 kil\u00f3metros por la ciudad capital de Colombia para lanzar el comienzo de decenas de iniciativas y actividades para conmemorar cien a\u00f1os desde que se estableci\u00f3 la Iglesia Adventista all\u00ed. Los ni\u00f1os, los j\u00f3venes y los adultos pedalearon por las calles y avenidas principales de Bogot\u00e1 el pasado 27 de febrero de 2022, para promover la vida sana a los transe\u00fantes y due\u00f1os de las tiendas.<\/p>\n<p>Con camisetas que llevaban el logotipo de <em>Quiero vivir sano<\/em>, una iniciativa en el territorio de la Iglesia Adventista en la Divisi\u00f3n Interamericana (IAD), sobre la promoci\u00f3n de los ocho remedios naturales, o h\u00e1bitos saludables, ciclistas profesionales y aficionados compartieron kil\u00f3metros y esperanza.<\/p>\n<p><div id=\"attachment_82400\" style=\"width: 863px\" class=\"wp-caption aligncenter\"><img decoding=\"async\" aria-describedby=\"caption-attachment-82400\" class=\" wp-image-82400\" src=\"https:\/\/recursing-golick.147-182-135-0.plesk.page\/wp-content\/uploads\/2022\/03\/socu-cyclist-alvaro-nino-1024x640.jpg\" alt=\"\" width=\"853\" height=\"533\" srcset=\"https:\/\/interamerica.org\/wp-content\/uploads\/2022\/03\/socu-cyclist-alvaro-nino-1024x640.jpg 1024w, https:\/\/interamerica.org\/wp-content\/uploads\/2022\/03\/socu-cyclist-alvaro-nino-300x188.jpg 300w, https:\/\/interamerica.org\/wp-content\/uploads\/2022\/03\/socu-cyclist-alvaro-nino-768x480.jpg 768w, https:\/\/interamerica.org\/wp-content\/uploads\/2022\/03\/socu-cyclist-alvaro-nino.jpg 1280w\" sizes=\"(max-width: 853px) 100vw, 853px\" \/><p id=\"caption-attachment-82400\" class=\"wp-caption-text\">El pastor Alvaro Ni\u00f1o (derecha), president de la Iglesia Adventista en la regi\u00f3n Colombiana del Sur, y el pastor Leonel Preciado (izquierda), director de ministerios de salud de la uni\u00f3n, se abrazan antes de pedalear 40 kil\u00f3metros por Bogot\u00e1, Colombia. [Fotograf\u00eda: Juan Alvis]<\/p><\/div>Otro grupo de ochenta ciclistas adventistas de Boyac\u00e1, un estado central ubicado en la regi\u00f3n monta\u00f1osa del pa\u00eds, comenzaron a rodar por las principales rutas vistiendo las camisetas de <em>Quiero vivir sano<\/em>.<\/p>\n<p>\u201cEsta [actividad] es parte de la celebraci\u00f3n de cien a\u00f1os desde que se organiz\u00f3 la Iglesia Adventista en Bogot\u00e1, y tambi\u00e9n para seguir conmemorando el establecimiento de la Divisi\u00f3n Interamericana, que se celebra este a\u00f1o\u201d, dijo el pastor \u00c1lvaro Ni\u00f1o, presidente de la Iglesia Adventista en la regi\u00f3n Colombiana del Sur. Ni\u00f1o tambi\u00e9n particip\u00f3 de la inciativa de ciclismo como miembro del Club de Ciclistas <em>Quiero vivir sano<\/em>.<\/p>\n<p>\u201cSomos un grupo que comparte esperanza, somos una iglesia de esperanza, y por ello, estamos invitando a nuestros miembros de la regi\u00f3n para que tambi\u00e9n formen clubes adicionales de ciclistas de <em>Quiero vivir sano<\/em>.<\/p>\n<p><div id=\"attachment_82391\" style=\"width: 860px\" class=\"wp-caption aligncenter\"><img decoding=\"async\" aria-describedby=\"caption-attachment-82391\" class=\" wp-image-82391\" src=\"https:\/\/recursing-golick.147-182-135-0.plesk.page\/wp-content\/uploads\/2022\/03\/socu-adventist-cyclists.jpg\" alt=\"\" width=\"850\" height=\"532\" srcset=\"https:\/\/interamerica.org\/wp-content\/uploads\/2022\/03\/socu-adventist-cyclists.jpg 1000w, https:\/\/interamerica.org\/wp-content\/uploads\/2022\/03\/socu-adventist-cyclists-300x188.jpg 300w, https:\/\/interamerica.org\/wp-content\/uploads\/2022\/03\/socu-adventist-cyclists-768x480.jpg 768w\" sizes=\"(max-width: 850px) 100vw, 850px\" \/><p id=\"caption-attachment-82391\" class=\"wp-caption-text\">Un grupo de ciclistas posan para una fotograf\u00eda grupal, despu\u00e9s de realizar el viaje de cuarenta kil\u00f3metros por Bogot\u00e1, Colombia, el 27 de febrero de 2022. [Fotograf\u00eda: Juan Alvis]<\/p><\/div>El evento comenz\u00f3 a las 8 am en el Parque Nacional Enrique Olaya Herrera en la regi\u00f3n oriental de Bogot\u00e1, con oraci\u00f3n y c\u00e1nticos de alabanza antes de que los ciclistas comenzaran a rodar.<\/p>\n<p>Diomedes Lucumy, un joven del club de ciclistas, se vio impresionado por el mensaje de la iglesia de la vida sana. \u201cUn d\u00eda tuve la oportunidad de andar m\u00e1s de quinientos kil\u00f3metros desde Bogot\u00e1 hasta el departamento de Cauca, y decidi\u00f3 usar mi uniforme de <em>Quiero vivir sano<\/em>, y la us\u00e9 con orgullo porque quiero motivar a las persona para que hagan ejercicio\u201d, expres\u00f3.<\/p>\n<p>El pastor Leonel Preciado, director del departamento de ministerios j\u00f3venes de la Iglesia Adventista en la regi\u00f3n Colombiana del Sur, dijo que ha sido una alegr\u00eda tener a Lucumy como parte del club de ciclistas de la iglesia. Desde que Preciado le extendi\u00f3 una invitaci\u00f3n a Lucumy para que se sumara al club, su compromiso ha resultado inspirador.<\/p>\n<p><div id=\"attachment_82403\" style=\"width: 860px\" class=\"wp-caption aligncenter\"><img loading=\"lazy\" decoding=\"async\" aria-describedby=\"caption-attachment-82403\" class=\" wp-image-82403\" src=\"https:\/\/recursing-golick.147-182-135-0.plesk.page\/wp-content\/uploads\/2022\/03\/diomedes-lucumy-socu-cyclist-1024x640.jpg\" alt=\"\" width=\"850\" height=\"531\" srcset=\"https:\/\/interamerica.org\/wp-content\/uploads\/2022\/03\/diomedes-lucumy-socu-cyclist-1024x640.jpg 1024w, https:\/\/interamerica.org\/wp-content\/uploads\/2022\/03\/diomedes-lucumy-socu-cyclist-300x188.jpg 300w, https:\/\/interamerica.org\/wp-content\/uploads\/2022\/03\/diomedes-lucumy-socu-cyclist-768x480.jpg 768w, https:\/\/interamerica.org\/wp-content\/uploads\/2022\/03\/diomedes-lucumy-socu-cyclist.jpg 1280w\" sizes=\"(max-width: 850px) 100vw, 850px\" \/><p id=\"caption-attachment-82403\" class=\"wp-caption-text\">Diomedes Lucumy se sum\u00f3 al club de ciclistas \u201cQuiero vivir sano\u201d de la iglesia, y ha participado en muchas de las actividades que ha llevado a cabo el club. Hace poco, viaj\u00f3 500 kil\u00f3metros vistiendo la camiseta del club en un viaje a trav\u00e9s de Colombia. Los l\u00edderes de la iglesia dicen que la iniciativa apunta a alcanzar a otros tales como Lucumy que a\u00fan no se han unido a la iglesia. [Fotograf\u00eda: Juan Alvis]<\/p><\/div>\u201cDiomedes fue el primer miembro de nuestro club que adquiri\u00f3 la camiseta del uniforme y el primero en viajar quinientos kil\u00f3metros visti\u00e9ndola\u201d, dijo Preciado. \u201cNo es miembro de nuestra iglesia pero se entrena, participa de cada actividad de impacto, siente pasi\u00f3n por la vida sana, e invita a los j\u00f3venes y a otros amigos ciclistas para que tengan una vida saludable\u201d.<\/p>\n<p>El plan es alcanzar a m\u00e1s personas para que participen del club de ciclistas que organiza la iglesia, dijo Preciado. Implica compartir el mensaje de <em>Quiero vivir sano<\/em> y el amor de Cristo, a\u00f1adi\u00f3.<\/p>\n<p>Mientras se llevaba a cabo la actividad de los ciclistas, un grupo de mujeres caminaba junto a la ruta de los ciclistas en las principales calles, distribuyendo impresos sobre la iniciativa de vivir sano.<\/p>\n<p><div id=\"attachment_82408\" style=\"width: 410px\" class=\"wp-caption aligncenter\"><img loading=\"lazy\" decoding=\"async\" aria-describedby=\"caption-attachment-82408\" class=\"size-full wp-image-82408\" src=\"https:\/\/recursing-golick.147-182-135-0.plesk.page\/wp-content\/uploads\/2022\/03\/socu-group-ladies.jpg\" alt=\"\" width=\"400\" height=\"489\" srcset=\"https:\/\/interamerica.org\/wp-content\/uploads\/2022\/03\/socu-group-ladies.jpg 400w, https:\/\/interamerica.org\/wp-content\/uploads\/2022\/03\/socu-group-ladies-245x300.jpg 245w\" sizes=\"(max-width: 400px) 100vw, 400px\" \/><p id=\"caption-attachment-82408\" class=\"wp-caption-text\">Un grupo de miembros de iglesia muestra volantes sobre la iniciativa de salud. [Fotograf\u00eda: Juan Alvis]<\/p><\/div>\u201cMuchas personas se nos acercaron para conocer m\u00e1s sobre la actividad\u201d, dijo Zharick Boh\u00f3rquez, un joven de la regi\u00f3n eclesi\u00e1stica del noroeste. \u201cSentimos la seguridad de que este mensaje de \u2018Quiero vivir sano\u2019 puede ser compartido por los j\u00f3venes, los pastores y los ni\u00f1os, llevando los ocho remedios naturales y esperanza a la comunidad\u201d, dijo.<\/p>\n<p>El club de ciclistas concluy\u00f3 su traves\u00eda en el Coliseo Adventista de la ciudad. \u201cFue un impacto extraordinario que puede llevar la mente y el coraz\u00f3n de las personas para que conozcan a Jes\u00fas como su Salvador personal\u201d, dijo Ni\u00f1o. El pastor Ni\u00f1o anim\u00f3 a los participantes para que se unan a las pr\u00f3ximas actividades de <em>Quiero vivir sano <\/em>.<\/p>\n<p>Actividades adicionales lideradas por la iglesia incluir\u00e1n exposiciones de salud, campa\u00f1as de donaci\u00f3n de sangre, plantado de \u00e1rboles, rutas de ciclismo y una gran celebraci\u00f3n de ciclismo en la que cien ciclistas viajar\u00e1n cien kil\u00f3metros por Bogot\u00e1, para conmemorar las celebraci\u00f3n del centenario dentro de unos meses.<\/p>\n<p><div id=\"attachment_82385\" style=\"width: 861px\" class=\"wp-caption aligncenter\"><img loading=\"lazy\" decoding=\"async\" aria-describedby=\"caption-attachment-82385\" class=\" wp-image-82385\" src=\"https:\/\/recursing-golick.147-182-135-0.plesk.page\/wp-content\/uploads\/2022\/03\/socu-cyclist-tshirt.jpg\" alt=\"\" width=\"851\" height=\"479\" srcset=\"https:\/\/interamerica.org\/wp-content\/uploads\/2022\/03\/socu-cyclist-tshirt.jpg 1000w, https:\/\/interamerica.org\/wp-content\/uploads\/2022\/03\/socu-cyclist-tshirt-300x169.jpg 300w, https:\/\/interamerica.org\/wp-content\/uploads\/2022\/03\/socu-cyclist-tshirt-768x432.jpg 768w\" sizes=\"(max-width: 851px) 100vw, 851px\" \/><p id=\"caption-attachment-82385\" class=\"wp-caption-text\">La parte trasera de la camiseta del uniforme de los ciclistas adventistas con el logotipo de Quiero vivir sano en la parte del frente de las mangas y una impresi\u00f3n en conmemoraci\u00f3n del centenario de la Iglesia Adventista en Colombia, que anuncia que \u201cCristo viene pronto\u201d. [Fotograf\u00eda: Juan Alvis]<\/p><\/div>Para saber m\u00e1s sobre la Iglesia Adventista en la regi\u00f3n Colombiana del Sur, sus iniciativas y actividades de este a\u00f1o, visite <a href=\"https:\/\/unioncolombianadelsur.org\/\">unioncolombianadelsur.org<\/a><\/p>\n<p>Traducci\u00f3n de Marcos Paseggi<\/p>\n","protected":false},"excerpt":{"rendered":"<p>10 de marzo de 2022 | Bogot\u00e1, Colombia | Laura Acosta y Noticias de la Divisi\u00f3n Interamericana M\u00e1s de doscientos ciclistas recorrieron 40 kil\u00f3metros por la ciudad capital de Colombia&#8230;<\/p>\n","protected":false},"author":3,"featured_media":82397,"comment_status":"closed","ping_status":"closed","sticky":false,"template":"","format":"standard","meta":{"_acf_changed":false,"footnotes":""},"categories":[17,15],"tags":[],"class_list":["post-82421","post","type-post","status-publish","format-standard","has-post-thumbnail","hentry","category-desde-el-campo","category-rss-espanol"],"acf":[],"yoast_head":"<!-- This site is optimized with the Yoast SEO plugin v27.3 - https:\/\/yoast.com\/product\/yoast-seo-wordpress\/ -->\n<title>En la regi\u00f3n Colombiana del Sur, m\u00e1s de doscientos ciclistas adventistas atraviesan Bogot\u00e1 - Iglesia Adventista del S\u00e9ptimo D\u00eda - Divisi\u00f3n Interamericana<\/title>\n<meta name=\"robots\" content=\"index, follow, max-snippet:-1, max-image-preview:large, max-video-preview:-1\" \/>\n<link rel=\"canonical\" href=\"https:\/\/interamerica.org\/es\/2022\/03\/en-la-region-colombiana-del-sur-mas-de-doscientos-ciclistas-adventistas-atraviesan-bogota\/\" \/>\n<meta property=\"og:locale\" content=\"es_ES\" \/>\n<meta property=\"og:type\" content=\"article\" \/>\n<meta property=\"og:title\" content=\"En la regi\u00f3n Colombiana del Sur, m\u00e1s de doscientos ciclistas adventistas atraviesan Bogot\u00e1 - Iglesia Adventista del S\u00e9ptimo D\u00eda - Divisi\u00f3n Interamericana\" \/>\n<meta property=\"og:description\" content=\"10 de marzo de 2022 | Bogot\u00e1, Colombia | Laura Acosta y Noticias de la Divisi\u00f3n Interamericana M\u00e1s de doscientos ciclistas recorrieron 40 kil\u00f3metros por la ciudad capital de Colombia...\" \/>\n<meta property=\"og:url\" content=\"https:\/\/interamerica.org\/es\/2022\/03\/en-la-region-colombiana-del-sur-mas-de-doscientos-ciclistas-adventistas-atraviesan-bogota\/\" \/>\n<meta property=\"og:site_name\" content=\"Iglesia Adventista del S\u00e9ptimo D\u00eda - Divisi\u00f3n Interamericana\" \/>\n<meta property=\"article:published_time\" content=\"2022-03-11T03:50:26+00:00\" \/>\n<meta property=\"article:modified_time\" content=\"2022-03-11T12:07:31+00:00\" \/>\n<meta property=\"og:image\" content=\"https:\/\/interamerica.org\/wp-content\/uploads\/2022\/03\/socu-cyclist-group.jpg\" \/>\n\t<meta property=\"og:image:width\" content=\"1000\" \/>\n\t<meta property=\"og:image:height\" content=\"563\" \/>\n\t<meta property=\"og:image:type\" content=\"image\/jpeg\" \/>\n<meta name=\"author\" content=\"libna\" \/>\n<meta name=\"twitter:card\" content=\"summary_large_image\" \/>\n<meta name=\"twitter:label1\" content=\"Escrito por\" \/>\n\t<meta name=\"twitter:data1\" content=\"libna\" \/>\n\t<meta name=\"twitter:label2\" content=\"Tiempo de lectura\" \/>\n\t<meta name=\"twitter:data2\" content=\"6 minutos\" \/>\n<script type=\"application\/ld+json\" class=\"yoast-schema-graph\">{\"@context\":\"https:\\\/\\\/schema.org\",\"@graph\":[{\"@type\":\"Article\",\"@id\":\"https:\\\/\\\/interamerica.org\\\/es\\\/2022\\\/03\\\/en-la-region-colombiana-del-sur-mas-de-doscientos-ciclistas-adventistas-atraviesan-bogota\\\/#article\",\"isPartOf\":{\"@id\":\"https:\\\/\\\/interamerica.org\\\/es\\\/2022\\\/03\\\/en-la-region-colombiana-del-sur-mas-de-doscientos-ciclistas-adventistas-atraviesan-bogota\\\/\"},\"author\":{\"name\":\"libna\",\"@id\":\"https:\\\/\\\/interamerica.org\\\/es\\\/#\\\/schema\\\/person\\\/29998f2bc2d8bd0d38662909289b54f1\"},\"headline\":\"En la regi\u00f3n Colombiana del Sur, m\u00e1s de doscientos ciclistas adventistas atraviesan Bogot\u00e1\",\"datePublished\":\"2022-03-11T03:50:26+00:00\",\"dateModified\":\"2022-03-11T12:07:31+00:00\",\"mainEntityOfPage\":{\"@id\":\"https:\\\/\\\/interamerica.org\\\/es\\\/2022\\\/03\\\/en-la-region-colombiana-del-sur-mas-de-doscientos-ciclistas-adventistas-atraviesan-bogota\\\/\"},\"wordCount\":1168,\"image\":{\"@id\":\"https:\\\/\\\/interamerica.org\\\/es\\\/2022\\\/03\\\/en-la-region-colombiana-del-sur-mas-de-doscientos-ciclistas-adventistas-atraviesan-bogota\\\/#primaryimage\"},\"thumbnailUrl\":\"https:\\\/\\\/interamerica.org\\\/wp-content\\\/uploads\\\/2022\\\/03\\\/socu-cyclist-group.jpg\",\"articleSection\":[\"Desde el campo\",\"RSS Espa\u00f1ol\"],\"inLanguage\":\"es\"},{\"@type\":\"WebPage\",\"@id\":\"https:\\\/\\\/interamerica.org\\\/es\\\/2022\\\/03\\\/en-la-region-colombiana-del-sur-mas-de-doscientos-ciclistas-adventistas-atraviesan-bogota\\\/\",\"url\":\"https:\\\/\\\/interamerica.org\\\/es\\\/2022\\\/03\\\/en-la-region-colombiana-del-sur-mas-de-doscientos-ciclistas-adventistas-atraviesan-bogota\\\/\",\"name\":\"En la regi\u00f3n Colombiana del Sur, m\u00e1s de doscientos ciclistas adventistas atraviesan Bogot\u00e1 - Iglesia Adventista del S\u00e9ptimo D\u00eda - Divisi\u00f3n Interamericana\",\"isPartOf\":{\"@id\":\"https:\\\/\\\/interamerica.org\\\/es\\\/#website\"},\"primaryImageOfPage\":{\"@id\":\"https:\\\/\\\/interamerica.org\\\/es\\\/2022\\\/03\\\/en-la-region-colombiana-del-sur-mas-de-doscientos-ciclistas-adventistas-atraviesan-bogota\\\/#primaryimage\"},\"image\":{\"@id\":\"https:\\\/\\\/interamerica.org\\\/es\\\/2022\\\/03\\\/en-la-region-colombiana-del-sur-mas-de-doscientos-ciclistas-adventistas-atraviesan-bogota\\\/#primaryimage\"},\"thumbnailUrl\":\"https:\\\/\\\/interamerica.org\\\/wp-content\\\/uploads\\\/2022\\\/03\\\/socu-cyclist-group.jpg\",\"datePublished\":\"2022-03-11T03:50:26+00:00\",\"dateModified\":\"2022-03-11T12:07:31+00:00\",\"author\":{\"@id\":\"https:\\\/\\\/interamerica.org\\\/es\\\/#\\\/schema\\\/person\\\/29998f2bc2d8bd0d38662909289b54f1\"},\"breadcrumb\":{\"@id\":\"https:\\\/\\\/interamerica.org\\\/es\\\/2022\\\/03\\\/en-la-region-colombiana-del-sur-mas-de-doscientos-ciclistas-adventistas-atraviesan-bogota\\\/#breadcrumb\"},\"inLanguage\":\"es\",\"potentialAction\":[{\"@type\":\"ReadAction\",\"target\":[\"https:\\\/\\\/interamerica.org\\\/es\\\/2022\\\/03\\\/en-la-region-colombiana-del-sur-mas-de-doscientos-ciclistas-adventistas-atraviesan-bogota\\\/\"]}]},{\"@type\":\"ImageObject\",\"inLanguage\":\"es\",\"@id\":\"https:\\\/\\\/interamerica.org\\\/es\\\/2022\\\/03\\\/en-la-region-colombiana-del-sur-mas-de-doscientos-ciclistas-adventistas-atraviesan-bogota\\\/#primaryimage\",\"url\":\"https:\\\/\\\/interamerica.org\\\/wp-content\\\/uploads\\\/2022\\\/03\\\/socu-cyclist-group.jpg\",\"contentUrl\":\"https:\\\/\\\/interamerica.org\\\/wp-content\\\/uploads\\\/2022\\\/03\\\/socu-cyclist-group.jpg\",\"width\":1000,\"height\":563,\"caption\":\"[Fotograf\u00eda: Uni\u00f3n Colombiana del Sur]\"},{\"@type\":\"BreadcrumbList\",\"@id\":\"https:\\\/\\\/interamerica.org\\\/es\\\/2022\\\/03\\\/en-la-region-colombiana-del-sur-mas-de-doscientos-ciclistas-adventistas-atraviesan-bogota\\\/#breadcrumb\",\"itemListElement\":[{\"@type\":\"ListItem\",\"position\":1,\"name\":\"Home\",\"item\":\"https:\\\/\\\/interamerica.org\\\/es\\\/\"},{\"@type\":\"ListItem\",\"position\":2,\"name\":\"En la regi\u00f3n Colombiana del Sur, m\u00e1s de doscientos ciclistas adventistas atraviesan Bogot\u00e1\"}]},{\"@type\":\"WebSite\",\"@id\":\"https:\\\/\\\/interamerica.org\\\/es\\\/#website\",\"url\":\"https:\\\/\\\/interamerica.org\\\/es\\\/\",\"name\":\"Iglesia Adventista del S\u00e9ptimo D\u00eda - Divisi\u00f3n Interamericana\",\"description\":\"\",\"potentialAction\":[{\"@type\":\"SearchAction\",\"target\":{\"@type\":\"EntryPoint\",\"urlTemplate\":\"https:\\\/\\\/interamerica.org\\\/es\\\/?s={search_term_string}\"},\"query-input\":{\"@type\":\"PropertyValueSpecification\",\"valueRequired\":true,\"valueName\":\"search_term_string\"}}],\"inLanguage\":\"es\"},{\"@type\":\"Person\",\"@id\":\"https:\\\/\\\/interamerica.org\\\/es\\\/#\\\/schema\\\/person\\\/29998f2bc2d8bd0d38662909289b54f1\",\"name\":\"libna\",\"image\":{\"@type\":\"ImageObject\",\"inLanguage\":\"es\",\"@id\":\"https:\\\/\\\/secure.gravatar.com\\\/avatar\\\/7c5bd30ae4b47a9ba3c856590957fd1d96dc588bf3ac05719d247e126840331f?s=96&d=mm&r=g\",\"url\":\"https:\\\/\\\/secure.gravatar.com\\\/avatar\\\/7c5bd30ae4b47a9ba3c856590957fd1d96dc588bf3ac05719d247e126840331f?s=96&d=mm&r=g\",\"contentUrl\":\"https:\\\/\\\/secure.gravatar.com\\\/avatar\\\/7c5bd30ae4b47a9ba3c856590957fd1d96dc588bf3ac05719d247e126840331f?s=96&d=mm&r=g\",\"caption\":\"libna\"}}]}<\/script>\n<!-- \/ Yoast SEO plugin. -->","yoast_head_json":{"title":"En la regi\u00f3n Colombiana del Sur, m\u00e1s de doscientos ciclistas adventistas atraviesan Bogot\u00e1 - Iglesia Adventista del S\u00e9ptimo D\u00eda - Divisi\u00f3n Interamericana","robots":{"index":"index","follow":"follow","max-snippet":"max-snippet:-1","max-image-preview":"max-image-preview:large","max-video-preview":"max-video-preview:-1"},"canonical":"https:\/\/interamerica.org\/es\/2022\/03\/en-la-region-colombiana-del-sur-mas-de-doscientos-ciclistas-adventistas-atraviesan-bogota\/","og_locale":"es_ES","og_type":"article","og_title":"En la regi\u00f3n Colombiana del Sur, m\u00e1s de doscientos ciclistas adventistas atraviesan Bogot\u00e1 - Iglesia Adventista del S\u00e9ptimo D\u00eda - Divisi\u00f3n Interamericana","og_description":"10 de marzo de 2022 | Bogot\u00e1, Colombia | Laura Acosta y Noticias de la Divisi\u00f3n Interamericana M\u00e1s de doscientos ciclistas recorrieron 40 kil\u00f3metros por la ciudad capital de Colombia...","og_url":"https:\/\/interamerica.org\/es\/2022\/03\/en-la-region-colombiana-del-sur-mas-de-doscientos-ciclistas-adventistas-atraviesan-bogota\/","og_site_name":"Iglesia Adventista del S\u00e9ptimo D\u00eda - Divisi\u00f3n Interamericana","article_published_time":"2022-03-11T03:50:26+00:00","article_modified_time":"2022-03-11T12:07:31+00:00","og_image":[{"width":1000,"height":563,"url":"https:\/\/interamerica.org\/wp-content\/uploads\/2022\/03\/socu-cyclist-group.jpg","type":"image\/jpeg"}],"author":"libna","twitter_card":"summary_large_image","twitter_misc":{"Escrito por":"libna","Tiempo de lectura":"6 minutos"},"schema":{"@context":"https:\/\/schema.org","@graph":[{"@type":"Article","@id":"https:\/\/interamerica.org\/es\/2022\/03\/en-la-region-colombiana-del-sur-mas-de-doscientos-ciclistas-adventistas-atraviesan-bogota\/#article","isPartOf":{"@id":"https:\/\/interamerica.org\/es\/2022\/03\/en-la-region-colombiana-del-sur-mas-de-doscientos-ciclistas-adventistas-atraviesan-bogota\/"},"author":{"name":"libna","@id":"https:\/\/interamerica.org\/es\/#\/schema\/person\/29998f2bc2d8bd0d38662909289b54f1"},"headline":"En la regi\u00f3n Colombiana del Sur, m\u00e1s de doscientos ciclistas adventistas atraviesan Bogot\u00e1","datePublished":"2022-03-11T03:50:26+00:00","dateModified":"2022-03-11T12:07:31+00:00","mainEntityOfPage":{"@id":"https:\/\/interamerica.org\/es\/2022\/03\/en-la-region-colombiana-del-sur-mas-de-doscientos-ciclistas-adventistas-atraviesan-bogota\/"},"wordCount":1168,"image":{"@id":"https:\/\/interamerica.org\/es\/2022\/03\/en-la-region-colombiana-del-sur-mas-de-doscientos-ciclistas-adventistas-atraviesan-bogota\/#primaryimage"},"thumbnailUrl":"https:\/\/interamerica.org\/wp-content\/uploads\/2022\/03\/socu-cyclist-group.jpg","articleSection":["Desde el campo","RSS Espa\u00f1ol"],"inLanguage":"es"},{"@type":"WebPage","@id":"https:\/\/interamerica.org\/es\/2022\/03\/en-la-region-colombiana-del-sur-mas-de-doscientos-ciclistas-adventistas-atraviesan-bogota\/","url":"https:\/\/interamerica.org\/es\/2022\/03\/en-la-region-colombiana-del-sur-mas-de-doscientos-ciclistas-adventistas-atraviesan-bogota\/","name":"En la regi\u00f3n Colombiana del Sur, m\u00e1s de doscientos ciclistas adventistas atraviesan Bogot\u00e1 - Iglesia Adventista del S\u00e9ptimo D\u00eda - Divisi\u00f3n Interamericana","isPartOf":{"@id":"https:\/\/interamerica.org\/es\/#website"},"primaryImageOfPage":{"@id":"https:\/\/interamerica.org\/es\/2022\/03\/en-la-region-colombiana-del-sur-mas-de-doscientos-ciclistas-adventistas-atraviesan-bogota\/#primaryimage"},"image":{"@id":"https:\/\/interamerica.org\/es\/2022\/03\/en-la-region-colombiana-del-sur-mas-de-doscientos-ciclistas-adventistas-atraviesan-bogota\/#primaryimage"},"thumbnailUrl":"https:\/\/interamerica.org\/wp-content\/uploads\/2022\/03\/socu-cyclist-group.jpg","datePublished":"2022-03-11T03:50:26+00:00","dateModified":"2022-03-11T12:07:31+00:00","author":{"@id":"https:\/\/interamerica.org\/es\/#\/schema\/person\/29998f2bc2d8bd0d38662909289b54f1"},"breadcrumb":{"@id":"https:\/\/interamerica.org\/es\/2022\/03\/en-la-region-colombiana-del-sur-mas-de-doscientos-ciclistas-adventistas-atraviesan-bogota\/#breadcrumb"},"inLanguage":"es","potentialAction":[{"@type":"ReadAction","target":["https:\/\/interamerica.org\/es\/2022\/03\/en-la-region-colombiana-del-sur-mas-de-doscientos-ciclistas-adventistas-atraviesan-bogota\/"]}]},{"@type":"ImageObject","inLanguage":"es","@id":"https:\/\/interamerica.org\/es\/2022\/03\/en-la-region-colombiana-del-sur-mas-de-doscientos-ciclistas-adventistas-atraviesan-bogota\/#primaryimage","url":"https:\/\/interamerica.org\/wp-content\/uploads\/2022\/03\/socu-cyclist-group.jpg","contentUrl":"https:\/\/interamerica.org\/wp-content\/uploads\/2022\/03\/socu-cyclist-group.jpg","width":1000,"height":563,"caption":"[Fotograf\u00eda: Uni\u00f3n Colombiana del Sur]"},{"@type":"BreadcrumbList","@id":"https:\/\/interamerica.org\/es\/2022\/03\/en-la-region-colombiana-del-sur-mas-de-doscientos-ciclistas-adventistas-atraviesan-bogota\/#breadcrumb","itemListElement":[{"@type":"ListItem","position":1,"name":"Home","item":"https:\/\/interamerica.org\/es\/"},{"@type":"ListItem","position":2,"name":"En la regi\u00f3n Colombiana del Sur, m\u00e1s de doscientos ciclistas adventistas atraviesan Bogot\u00e1"}]},{"@type":"WebSite","@id":"https:\/\/interamerica.org\/es\/#website","url":"https:\/\/interamerica.org\/es\/","name":"Iglesia Adventista del S\u00e9ptimo D\u00eda - Divisi\u00f3n Interamericana","description":"","potentialAction":[{"@type":"SearchAction","target":{"@type":"EntryPoint","urlTemplate":"https:\/\/interamerica.org\/es\/?s={search_term_string}"},"query-input":{"@type":"PropertyValueSpecification","valueRequired":true,"valueName":"search_term_string"}}],"inLanguage":"es"},{"@type":"Person","@id":"https:\/\/interamerica.org\/es\/#\/schema\/person\/29998f2bc2d8bd0d38662909289b54f1","name":"libna","image":{"@type":"ImageObject","inLanguage":"es","@id":"https:\/\/secure.gravatar.com\/avatar\/7c5bd30ae4b47a9ba3c856590957fd1d96dc588bf3ac05719d247e126840331f?s=96&d=mm&r=g","url":"https:\/\/secure.gravatar.com\/avatar\/7c5bd30ae4b47a9ba3c856590957fd1d96dc588bf3ac05719d247e126840331f?s=96&d=mm&r=g","contentUrl":"https:\/\/secure.gravatar.com\/avatar\/7c5bd30ae4b47a9ba3c856590957fd1d96dc588bf3ac05719d247e126840331f?s=96&d=mm&r=g","caption":"libna"}}]}},"_links":{"self":[{"href":"https:\/\/interamerica.org\/es\/wp-json\/wp\/v2\/posts\/82421","targetHints":{"allow":["GET"]}}],"collection":[{"href":"https:\/\/interamerica.org\/es\/wp-json\/wp\/v2\/posts"}],"about":[{"href":"https:\/\/interamerica.org\/es\/wp-json\/wp\/v2\/types\/post"}],"author":[{"embeddable":true,"href":"https:\/\/interamerica.org\/es\/wp-json\/wp\/v2\/users\/3"}],"replies":[{"embeddable":true,"href":"https:\/\/interamerica.org\/es\/wp-json\/wp\/v2\/comments?post=82421"}],"version-history":[{"count":0,"href":"https:\/\/interamerica.org\/es\/wp-json\/wp\/v2\/posts\/82421\/revisions"}],"wp:featuredmedia":[{"embeddable":true,"href":"https:\/\/interamerica.org\/es\/wp-json\/wp\/v2\/media\/82397"}],"wp:attachment":[{"href":"https:\/\/interamerica.org\/es\/wp-json\/wp\/v2\/media?parent=82421"}],"wp:term":[{"taxonomy":"category","embeddable":true,"href":"https:\/\/interamerica.org\/es\/wp-json\/wp\/v2\/categories?post=82421"},{"taxonomy":"post_tag","embeddable":true,"href":"https:\/\/interamerica.org\/es\/wp-json\/wp\/v2\/tags?post=82421"}],"curies":[{"name":"wp","href":"https:\/\/api.w.org\/{rel}","templated":true}]}}