{"id":82507,"date":"2022-03-14T20:31:37","date_gmt":"2022-03-15T00:31:37","guid":{"rendered":"https:\/\/recursing-golick.147-182-135-0.plesk.page\/?p=82507"},"modified":"2022-03-15T10:12:57","modified_gmt":"2022-03-15T14:12:57","slug":"el-generoso-novio-y-el-buen-nombre-de-la-iglesia","status":"publish","type":"post","link":"https:\/\/interamerica.org\/es\/2022\/03\/el-generoso-novio-y-el-buen-nombre-de-la-iglesia\/","title":{"rendered":"El generoso novio y el buen nombre de la iglesia"},"content":{"rendered":"<div id=\"div_block-184-7\" class=\"ct-div-block\">\n<p><strong>En Bulgaria, peque\u00f1os milagros acompa\u00f1an la ayuda humanitaria a Ucrania <\/strong><\/p>\n<p>13 de marzo de 2022 | Suiza | Andreas Mazza, Divisi\u00f3n Intereuropea y Adventist Review<\/p>\n<p>El conflicto armado en Ucrania ha estado desarroll\u00e1ndose por algunas semanas y el mundo se ha unido para ayudar a millones de refugiados desplazados por la violencia. La Iglesia Adventista del S\u00e9ptimo D\u00eda en Europa es parte de la respuesta adventista mundial para ayudar a quienes\u00a0 necesitan ayuda, a trav\u00e9s de la Agencia Adventista de Desarrollo y Recursos Asistenciales \u00a0\u00a0(ADRA).<\/p>\n<p>Bulgaria, un peque\u00f1o pa\u00eds cuya costa, al igual que la de Ucrania, bordea el Mar Negro, est\u00e1 participando en esfuerzos de labor humanitaria y solidaridad en favor de los refugiados ucranianos.<\/p>\n<p>Durante la segunda semana del conflicto b\u00e9lico, la Uni\u00f3n de Bulgaria recolect\u00f3 algunos fondos monetarios de colegas de las oficinas de la Uni\u00f3n y, Petya Gotseva, coordinador de ayuda humanitaria, compr\u00f3 cobijas gruesas para ser transportadas en una furgoneta, juntamente con alimentos y bebidas para los refugiados alojados en la frontera en tiendas de campa\u00f1a.<\/p>\n<p>Curiosamente, en una reciente ma\u00f1ana de s\u00e1bado, uno de los canales de televisi\u00f3n nacional en Bulgaria transmiti\u00f3 directamente desde la frontera rumana ucraniana, desde donde transmiti\u00f3 algunas tomas en la que aparece una famosa estrella de cine de Bulgaria, moviliz\u00e1ndose en la furgoneta de la Uni\u00f3n adventista y expresando cu\u00e1n complacida se sent\u00eda respecto a las actividades de ADRA.<\/p>\n<p>Pero los ciudadanos comunes juegan tambi\u00e9n un papel importante en esta causa. El siguiente es un testimonio breve de una dirigente adventista en Bulgaria, que subraya el nivel de compasi\u00f3n de los ciudadanos b\u00falgaros; independientemente de que sean o no miembros de la iglesia, hacia la gente que necesita ayuda.<\/p>\n<\/div>\n<p><div id=\"attachment_82495\" style=\"width: 673px\" class=\"wp-caption aligncenter\"><img fetchpriority=\"high\" decoding=\"async\" aria-describedby=\"caption-attachment-82495\" class=\" wp-image-82495\" src=\"https:\/\/recursing-golick.147-182-135-0.plesk.page\/wp-content\/uploads\/2022\/03\/adra-van-filled-with-food-bags.jpeg\" alt=\"\" width=\"663\" height=\"497\" srcset=\"https:\/\/interamerica.org\/wp-content\/uploads\/2022\/03\/adra-van-filled-with-food-bags.jpeg 756w, https:\/\/interamerica.org\/wp-content\/uploads\/2022\/03\/adra-van-filled-with-food-bags-300x225.jpeg 300w\" sizes=\"(max-width: 663px) 100vw, 663px\" \/><p id=\"caption-attachment-82495\" class=\"wp-caption-text\">Una furgoneta de ADRA viaj\u00f3 recientemente para distribuir art\u00edculos entre refugiados ucranianos llegados a Bulgaria. Los dirigentes dijeron que se har\u00edan m\u00e1s viajes futuros. [Imagen: ADRA Bulgaria]<\/p><\/div>\u201cEl 3 de marzo me present\u00e9 en la oficina para una reuni\u00f3n por Zoom, con el equipo de comunicaciones de la Divisi\u00f3n Intereuropea\u201d, se\u00f1al\u00f3 Ivalina Ilieva. \u201cNo se supon\u00eda que fuera a trabajar, siendo que era un d\u00eda festivo nacional en Bulgaria; pero sent\u00ed que ten\u00eda que hacerlo. Durante la reuni\u00f3n, recib\u00ed una llamada telef\u00f3nica de Petya Gotseva, quien me pregunt\u00f3 por cuanto tiempo iba a estar en la oficina. Una joven de nuestra congregaci\u00f3n local deseaba pasar por la oficina para dejar algunos art\u00edculos para los refugiados. Se supon\u00eda que la campa\u00f1a de recolecci\u00f3n al efecto, diera comienzo oficialmente el s\u00e1bado, durante la cual la gente recolectar\u00eda dinero y muchos art\u00edculos necesarios en sus iglesias; as\u00ed que esto era algo un tanto inesperado.<\/p>\n<p>\u201cDespu\u00e9s de terminada la reuni\u00f3n por Zoom, recib\u00ed otra llamada telef\u00f3nica\u201d continu\u00f3 explicando Ivalina Ilieva. \u201cUna voz masculina me inform\u00f3 que se encontraba frente al edificio de la Uni\u00f3n. Me dirig\u00ed a abrir la puerta y vi entonces un autom\u00f3vil con un hombre joven dentro\u201d.<\/p>\n<p>Sonriendo t\u00edmidamente, el hombre le dijo a Ilieva que tra\u00eda consigo una donaci\u00f3n para los refugiados de Ucrania y le pregunt\u00f3 d\u00f3nde pod\u00eda colocarla. Entonces comenz\u00f3 a descargar todo el veh\u00edculo lleno de productos; caja tras caja, tras m\u00e1s cajas llenas de <em>croissants<\/em> (bollos de hojaldre en forma de medialuna), panecillos horneados, galletas, chocolates, barras de muesli o granola, agua, jugos y desinfectante de manos. Despu\u00e9s de terminar, me dijo con la misma t\u00edmida sonrisa: \u201c\u00a1Eso es todo lo que pudimos hacer en tan breve tiempo!\u201d y entonces se fue.<\/p>\n<p>\u201cMe reun\u00ed entonces en la iglesia con la persona donadora y le agradec\u00ed por su generosidad\u201d, dijo \u00a0Ilieva. Me enter\u00e9 as\u00ed de otra fase de la historia. A instancias de su t\u00eda, estuvo hablando con su novio (el joven que trajo las cajas de productos), acerca de que deb\u00edan probablemente hacer algo en favor de los refugiados. Y \u00e9l dijo: \u2018Claro que s\u00ed, al\u00edstate y vamos a la tienda!\u2019 \u2018\u00bfQuieres decir AHORA mismo?\u2019 contest\u00f3 ella. \u2018\u00bfY por qu\u00e9 esperar?\u2019, dijo \u00e9l. Cuando llegaron a la tienda, ella pregunt\u00f3 cu\u00e1nto dinero pod\u00edan gastar. \u2018Tenemos 500 euros\u2019, contest\u00f3 \u00e9l. Los j\u00f3venes buscaron en sus bolsillos y tomaron todo lo que ten\u00edan \u00a0\u2014100 euros, otros 250 euros y aun otros 150 euros\u201d.<\/p>\n<p>\u201cEstas personas no eran adventistas, pero confiaban en nosotros\u201d, concluy\u00f3 Ivalina Ilieva. \u201cDieron todo lo que tra\u00edan en sus bolsillos. As\u00ed que ahora estamos orando no solamente por los refugiados ucranianos, sino tambi\u00e9n por la gente de Bulgaria que desean abrir su coraz\u00f3n y dar de lo que tiene en favor de quienes lo necesitan, confiando en la Iglesia Adventista\u201d.<\/p>\n<p><em>La <\/em><a href=\"https:\/\/news.eud.adventist.org\/en\/all-news\/news\/go\/2022-03-09\/a-story-of-solidarity-from-bulgaria\/\"><em>versi\u00f3n original<\/em><\/a><em>\u00a0de esta historia de public\u00f3 en el <\/em><a href=\"https:\/\/news.eud.adventist.org\/\"><em>sitio de noticias<\/em><\/a> <em>de la Divisi\u00f3n Intereuropea.<\/em><\/p>\n<p>Traducci\u00f3n \u2013 Gloria A. Castrej\u00f3n<\/p>\n","protected":false},"excerpt":{"rendered":"<p>En Bulgaria, peque\u00f1os milagros acompa\u00f1an la ayuda humanitaria a Ucrania 13 de marzo de 2022 | Suiza | Andreas Mazza, Divisi\u00f3n Intereuropea y Adventist Review El conflicto armado en Ucrania&#8230;<\/p>\n","protected":false},"author":3,"featured_media":82501,"comment_status":"closed","ping_status":"closed","sticky":false,"template":"","format":"standard","meta":{"_acf_changed":false,"footnotes":""},"categories":[14,15],"tags":[],"class_list":["post-82507","post","type-post","status-publish","format-standard","has-post-thumbnail","hentry","category-de-la-iglesia-mundial","category-rss-espanol"],"acf":[],"yoast_head":"<!-- This site is optimized with the Yoast SEO plugin v27.3 - https:\/\/yoast.com\/product\/yoast-seo-wordpress\/ -->\n<title>El generoso novio y el buen nombre de la iglesia - Iglesia Adventista del S\u00e9ptimo D\u00eda - Divisi\u00f3n Interamericana<\/title>\n<meta name=\"robots\" content=\"index, follow, max-snippet:-1, max-image-preview:large, max-video-preview:-1\" \/>\n<link rel=\"canonical\" href=\"https:\/\/interamerica.org\/es\/2022\/03\/el-generoso-novio-y-el-buen-nombre-de-la-iglesia\/\" \/>\n<meta property=\"og:locale\" content=\"es_ES\" \/>\n<meta property=\"og:type\" content=\"article\" \/>\n<meta property=\"og:title\" content=\"El generoso novio y el buen nombre de la iglesia - Iglesia Adventista del S\u00e9ptimo D\u00eda - Divisi\u00f3n Interamericana\" \/>\n<meta property=\"og:description\" content=\"En Bulgaria, peque\u00f1os milagros acompa\u00f1an la ayuda humanitaria a Ucrania 13 de marzo de 2022 | Suiza | Andreas Mazza, Divisi\u00f3n Intereuropea y Adventist Review El conflicto armado en Ucrania...\" \/>\n<meta property=\"og:url\" content=\"https:\/\/interamerica.org\/es\/2022\/03\/el-generoso-novio-y-el-buen-nombre-de-la-iglesia\/\" \/>\n<meta property=\"og:site_name\" content=\"Iglesia Adventista del S\u00e9ptimo D\u00eda - Divisi\u00f3n Interamericana\" \/>\n<meta property=\"article:published_time\" content=\"2022-03-15T00:31:37+00:00\" \/>\n<meta property=\"article:modified_time\" content=\"2022-03-15T14:12:57+00:00\" \/>\n<meta property=\"og:image\" content=\"https:\/\/interamerica.org\/wp-content\/uploads\/2022\/03\/the-generous-boyfriend-and-the-churchs-good-name1.jpeg\" \/>\n\t<meta property=\"og:image:width\" content=\"1000\" \/>\n\t<meta property=\"og:image:height\" content=\"625\" \/>\n\t<meta property=\"og:image:type\" content=\"image\/jpeg\" \/>\n<meta name=\"author\" content=\"libna\" \/>\n<meta name=\"twitter:card\" content=\"summary_large_image\" \/>\n<meta name=\"twitter:label1\" content=\"Escrito por\" \/>\n\t<meta name=\"twitter:data1\" content=\"libna\" \/>\n\t<meta name=\"twitter:label2\" content=\"Tiempo de lectura\" \/>\n\t<meta name=\"twitter:data2\" content=\"4 minutos\" \/>\n<script type=\"application\/ld+json\" class=\"yoast-schema-graph\">{\"@context\":\"https:\\\/\\\/schema.org\",\"@graph\":[{\"@type\":\"Article\",\"@id\":\"https:\\\/\\\/interamerica.org\\\/es\\\/2022\\\/03\\\/el-generoso-novio-y-el-buen-nombre-de-la-iglesia\\\/#article\",\"isPartOf\":{\"@id\":\"https:\\\/\\\/interamerica.org\\\/es\\\/2022\\\/03\\\/el-generoso-novio-y-el-buen-nombre-de-la-iglesia\\\/\"},\"author\":{\"name\":\"libna\",\"@id\":\"https:\\\/\\\/interamerica.org\\\/es\\\/#\\\/schema\\\/person\\\/29998f2bc2d8bd0d38662909289b54f1\"},\"headline\":\"El generoso novio y el buen nombre de la iglesia\",\"datePublished\":\"2022-03-15T00:31:37+00:00\",\"dateModified\":\"2022-03-15T14:12:57+00:00\",\"mainEntityOfPage\":{\"@id\":\"https:\\\/\\\/interamerica.org\\\/es\\\/2022\\\/03\\\/el-generoso-novio-y-el-buen-nombre-de-la-iglesia\\\/\"},\"wordCount\":844,\"image\":{\"@id\":\"https:\\\/\\\/interamerica.org\\\/es\\\/2022\\\/03\\\/el-generoso-novio-y-el-buen-nombre-de-la-iglesia\\\/#primaryimage\"},\"thumbnailUrl\":\"https:\\\/\\\/interamerica.org\\\/wp-content\\\/uploads\\\/2022\\\/03\\\/the-generous-boyfriend-and-the-churchs-good-name1.jpeg\",\"articleSection\":[\"Desde la iglesia mundial\",\"RSS Espa\u00f1ol\"],\"inLanguage\":\"es\"},{\"@type\":\"WebPage\",\"@id\":\"https:\\\/\\\/interamerica.org\\\/es\\\/2022\\\/03\\\/el-generoso-novio-y-el-buen-nombre-de-la-iglesia\\\/\",\"url\":\"https:\\\/\\\/interamerica.org\\\/es\\\/2022\\\/03\\\/el-generoso-novio-y-el-buen-nombre-de-la-iglesia\\\/\",\"name\":\"El generoso novio y el buen nombre de la iglesia - Iglesia Adventista del S\u00e9ptimo D\u00eda - Divisi\u00f3n Interamericana\",\"isPartOf\":{\"@id\":\"https:\\\/\\\/interamerica.org\\\/es\\\/#website\"},\"primaryImageOfPage\":{\"@id\":\"https:\\\/\\\/interamerica.org\\\/es\\\/2022\\\/03\\\/el-generoso-novio-y-el-buen-nombre-de-la-iglesia\\\/#primaryimage\"},\"image\":{\"@id\":\"https:\\\/\\\/interamerica.org\\\/es\\\/2022\\\/03\\\/el-generoso-novio-y-el-buen-nombre-de-la-iglesia\\\/#primaryimage\"},\"thumbnailUrl\":\"https:\\\/\\\/interamerica.org\\\/wp-content\\\/uploads\\\/2022\\\/03\\\/the-generous-boyfriend-and-the-churchs-good-name1.jpeg\",\"datePublished\":\"2022-03-15T00:31:37+00:00\",\"dateModified\":\"2022-03-15T14:12:57+00:00\",\"author\":{\"@id\":\"https:\\\/\\\/interamerica.org\\\/es\\\/#\\\/schema\\\/person\\\/29998f2bc2d8bd0d38662909289b54f1\"},\"breadcrumb\":{\"@id\":\"https:\\\/\\\/interamerica.org\\\/es\\\/2022\\\/03\\\/el-generoso-novio-y-el-buen-nombre-de-la-iglesia\\\/#breadcrumb\"},\"inLanguage\":\"es\",\"potentialAction\":[{\"@type\":\"ReadAction\",\"target\":[\"https:\\\/\\\/interamerica.org\\\/es\\\/2022\\\/03\\\/el-generoso-novio-y-el-buen-nombre-de-la-iglesia\\\/\"]}]},{\"@type\":\"ImageObject\",\"inLanguage\":\"es\",\"@id\":\"https:\\\/\\\/interamerica.org\\\/es\\\/2022\\\/03\\\/el-generoso-novio-y-el-buen-nombre-de-la-iglesia\\\/#primaryimage\",\"url\":\"https:\\\/\\\/interamerica.org\\\/wp-content\\\/uploads\\\/2022\\\/03\\\/the-generous-boyfriend-and-the-churchs-good-name1.jpeg\",\"contentUrl\":\"https:\\\/\\\/interamerica.org\\\/wp-content\\\/uploads\\\/2022\\\/03\\\/the-generous-boyfriend-and-the-churchs-good-name1.jpeg\",\"width\":1000,\"height\":625},{\"@type\":\"BreadcrumbList\",\"@id\":\"https:\\\/\\\/interamerica.org\\\/es\\\/2022\\\/03\\\/el-generoso-novio-y-el-buen-nombre-de-la-iglesia\\\/#breadcrumb\",\"itemListElement\":[{\"@type\":\"ListItem\",\"position\":1,\"name\":\"Home\",\"item\":\"https:\\\/\\\/interamerica.org\\\/es\\\/\"},{\"@type\":\"ListItem\",\"position\":2,\"name\":\"El generoso novio y el buen nombre de la iglesia\"}]},{\"@type\":\"WebSite\",\"@id\":\"https:\\\/\\\/interamerica.org\\\/es\\\/#website\",\"url\":\"https:\\\/\\\/interamerica.org\\\/es\\\/\",\"name\":\"Iglesia Adventista del S\u00e9ptimo D\u00eda - Divisi\u00f3n Interamericana\",\"description\":\"\",\"potentialAction\":[{\"@type\":\"SearchAction\",\"target\":{\"@type\":\"EntryPoint\",\"urlTemplate\":\"https:\\\/\\\/interamerica.org\\\/es\\\/?s={search_term_string}\"},\"query-input\":{\"@type\":\"PropertyValueSpecification\",\"valueRequired\":true,\"valueName\":\"search_term_string\"}}],\"inLanguage\":\"es\"},{\"@type\":\"Person\",\"@id\":\"https:\\\/\\\/interamerica.org\\\/es\\\/#\\\/schema\\\/person\\\/29998f2bc2d8bd0d38662909289b54f1\",\"name\":\"libna\",\"image\":{\"@type\":\"ImageObject\",\"inLanguage\":\"es\",\"@id\":\"https:\\\/\\\/secure.gravatar.com\\\/avatar\\\/7c5bd30ae4b47a9ba3c856590957fd1d96dc588bf3ac05719d247e126840331f?s=96&d=mm&r=g\",\"url\":\"https:\\\/\\\/secure.gravatar.com\\\/avatar\\\/7c5bd30ae4b47a9ba3c856590957fd1d96dc588bf3ac05719d247e126840331f?s=96&d=mm&r=g\",\"contentUrl\":\"https:\\\/\\\/secure.gravatar.com\\\/avatar\\\/7c5bd30ae4b47a9ba3c856590957fd1d96dc588bf3ac05719d247e126840331f?s=96&d=mm&r=g\",\"caption\":\"libna\"}}]}<\/script>\n<!-- \/ Yoast SEO plugin. -->","yoast_head_json":{"title":"El generoso novio y el buen nombre de la iglesia - Iglesia Adventista del S\u00e9ptimo D\u00eda - Divisi\u00f3n Interamericana","robots":{"index":"index","follow":"follow","max-snippet":"max-snippet:-1","max-image-preview":"max-image-preview:large","max-video-preview":"max-video-preview:-1"},"canonical":"https:\/\/interamerica.org\/es\/2022\/03\/el-generoso-novio-y-el-buen-nombre-de-la-iglesia\/","og_locale":"es_ES","og_type":"article","og_title":"El generoso novio y el buen nombre de la iglesia - Iglesia Adventista del S\u00e9ptimo D\u00eda - Divisi\u00f3n Interamericana","og_description":"En Bulgaria, peque\u00f1os milagros acompa\u00f1an la ayuda humanitaria a Ucrania 13 de marzo de 2022 | Suiza | Andreas Mazza, Divisi\u00f3n Intereuropea y Adventist Review El conflicto armado en Ucrania...","og_url":"https:\/\/interamerica.org\/es\/2022\/03\/el-generoso-novio-y-el-buen-nombre-de-la-iglesia\/","og_site_name":"Iglesia Adventista del S\u00e9ptimo D\u00eda - Divisi\u00f3n Interamericana","article_published_time":"2022-03-15T00:31:37+00:00","article_modified_time":"2022-03-15T14:12:57+00:00","og_image":[{"width":1000,"height":625,"url":"https:\/\/interamerica.org\/wp-content\/uploads\/2022\/03\/the-generous-boyfriend-and-the-churchs-good-name1.jpeg","type":"image\/jpeg"}],"author":"libna","twitter_card":"summary_large_image","twitter_misc":{"Escrito por":"libna","Tiempo de lectura":"4 minutos"},"schema":{"@context":"https:\/\/schema.org","@graph":[{"@type":"Article","@id":"https:\/\/interamerica.org\/es\/2022\/03\/el-generoso-novio-y-el-buen-nombre-de-la-iglesia\/#article","isPartOf":{"@id":"https:\/\/interamerica.org\/es\/2022\/03\/el-generoso-novio-y-el-buen-nombre-de-la-iglesia\/"},"author":{"name":"libna","@id":"https:\/\/interamerica.org\/es\/#\/schema\/person\/29998f2bc2d8bd0d38662909289b54f1"},"headline":"El generoso novio y el buen nombre de la iglesia","datePublished":"2022-03-15T00:31:37+00:00","dateModified":"2022-03-15T14:12:57+00:00","mainEntityOfPage":{"@id":"https:\/\/interamerica.org\/es\/2022\/03\/el-generoso-novio-y-el-buen-nombre-de-la-iglesia\/"},"wordCount":844,"image":{"@id":"https:\/\/interamerica.org\/es\/2022\/03\/el-generoso-novio-y-el-buen-nombre-de-la-iglesia\/#primaryimage"},"thumbnailUrl":"https:\/\/interamerica.org\/wp-content\/uploads\/2022\/03\/the-generous-boyfriend-and-the-churchs-good-name1.jpeg","articleSection":["Desde la iglesia mundial","RSS Espa\u00f1ol"],"inLanguage":"es"},{"@type":"WebPage","@id":"https:\/\/interamerica.org\/es\/2022\/03\/el-generoso-novio-y-el-buen-nombre-de-la-iglesia\/","url":"https:\/\/interamerica.org\/es\/2022\/03\/el-generoso-novio-y-el-buen-nombre-de-la-iglesia\/","name":"El generoso novio y el buen nombre de la iglesia - Iglesia Adventista del S\u00e9ptimo D\u00eda - Divisi\u00f3n Interamericana","isPartOf":{"@id":"https:\/\/interamerica.org\/es\/#website"},"primaryImageOfPage":{"@id":"https:\/\/interamerica.org\/es\/2022\/03\/el-generoso-novio-y-el-buen-nombre-de-la-iglesia\/#primaryimage"},"image":{"@id":"https:\/\/interamerica.org\/es\/2022\/03\/el-generoso-novio-y-el-buen-nombre-de-la-iglesia\/#primaryimage"},"thumbnailUrl":"https:\/\/interamerica.org\/wp-content\/uploads\/2022\/03\/the-generous-boyfriend-and-the-churchs-good-name1.jpeg","datePublished":"2022-03-15T00:31:37+00:00","dateModified":"2022-03-15T14:12:57+00:00","author":{"@id":"https:\/\/interamerica.org\/es\/#\/schema\/person\/29998f2bc2d8bd0d38662909289b54f1"},"breadcrumb":{"@id":"https:\/\/interamerica.org\/es\/2022\/03\/el-generoso-novio-y-el-buen-nombre-de-la-iglesia\/#breadcrumb"},"inLanguage":"es","potentialAction":[{"@type":"ReadAction","target":["https:\/\/interamerica.org\/es\/2022\/03\/el-generoso-novio-y-el-buen-nombre-de-la-iglesia\/"]}]},{"@type":"ImageObject","inLanguage":"es","@id":"https:\/\/interamerica.org\/es\/2022\/03\/el-generoso-novio-y-el-buen-nombre-de-la-iglesia\/#primaryimage","url":"https:\/\/interamerica.org\/wp-content\/uploads\/2022\/03\/the-generous-boyfriend-and-the-churchs-good-name1.jpeg","contentUrl":"https:\/\/interamerica.org\/wp-content\/uploads\/2022\/03\/the-generous-boyfriend-and-the-churchs-good-name1.jpeg","width":1000,"height":625},{"@type":"BreadcrumbList","@id":"https:\/\/interamerica.org\/es\/2022\/03\/el-generoso-novio-y-el-buen-nombre-de-la-iglesia\/#breadcrumb","itemListElement":[{"@type":"ListItem","position":1,"name":"Home","item":"https:\/\/interamerica.org\/es\/"},{"@type":"ListItem","position":2,"name":"El generoso novio y el buen nombre de la iglesia"}]},{"@type":"WebSite","@id":"https:\/\/interamerica.org\/es\/#website","url":"https:\/\/interamerica.org\/es\/","name":"Iglesia Adventista del S\u00e9ptimo D\u00eda - Divisi\u00f3n Interamericana","description":"","potentialAction":[{"@type":"SearchAction","target":{"@type":"EntryPoint","urlTemplate":"https:\/\/interamerica.org\/es\/?s={search_term_string}"},"query-input":{"@type":"PropertyValueSpecification","valueRequired":true,"valueName":"search_term_string"}}],"inLanguage":"es"},{"@type":"Person","@id":"https:\/\/interamerica.org\/es\/#\/schema\/person\/29998f2bc2d8bd0d38662909289b54f1","name":"libna","image":{"@type":"ImageObject","inLanguage":"es","@id":"https:\/\/secure.gravatar.com\/avatar\/7c5bd30ae4b47a9ba3c856590957fd1d96dc588bf3ac05719d247e126840331f?s=96&d=mm&r=g","url":"https:\/\/secure.gravatar.com\/avatar\/7c5bd30ae4b47a9ba3c856590957fd1d96dc588bf3ac05719d247e126840331f?s=96&d=mm&r=g","contentUrl":"https:\/\/secure.gravatar.com\/avatar\/7c5bd30ae4b47a9ba3c856590957fd1d96dc588bf3ac05719d247e126840331f?s=96&d=mm&r=g","caption":"libna"}}]}},"_links":{"self":[{"href":"https:\/\/interamerica.org\/es\/wp-json\/wp\/v2\/posts\/82507","targetHints":{"allow":["GET"]}}],"collection":[{"href":"https:\/\/interamerica.org\/es\/wp-json\/wp\/v2\/posts"}],"about":[{"href":"https:\/\/interamerica.org\/es\/wp-json\/wp\/v2\/types\/post"}],"author":[{"embeddable":true,"href":"https:\/\/interamerica.org\/es\/wp-json\/wp\/v2\/users\/3"}],"replies":[{"embeddable":true,"href":"https:\/\/interamerica.org\/es\/wp-json\/wp\/v2\/comments?post=82507"}],"version-history":[{"count":0,"href":"https:\/\/interamerica.org\/es\/wp-json\/wp\/v2\/posts\/82507\/revisions"}],"wp:featuredmedia":[{"embeddable":true,"href":"https:\/\/interamerica.org\/es\/wp-json\/wp\/v2\/media\/82501"}],"wp:attachment":[{"href":"https:\/\/interamerica.org\/es\/wp-json\/wp\/v2\/media?parent=82507"}],"wp:term":[{"taxonomy":"category","embeddable":true,"href":"https:\/\/interamerica.org\/es\/wp-json\/wp\/v2\/categories?post=82507"},{"taxonomy":"post_tag","embeddable":true,"href":"https:\/\/interamerica.org\/es\/wp-json\/wp\/v2\/tags?post=82507"}],"curies":[{"name":"wp","href":"https:\/\/api.w.org\/{rel}","templated":true}]}}