{"id":82526,"date":"2022-03-18T09:00:07","date_gmt":"2022-03-18T13:00:07","guid":{"rendered":"https:\/\/recursing-golick.147-182-135-0.plesk.page\/?p=82526"},"modified":"2022-03-20T18:02:21","modified_gmt":"2022-03-20T22:02:21","slug":"reflejos-del-amor-de-dios","status":"publish","type":"post","link":"https:\/\/interamerica.org\/es\/2022\/03\/reflejos-del-amor-de-dios\/","title":{"rendered":"Reflejos del amor de Dios"},"content":{"rendered":"<p><em>A continuaci\u00f3n se encuentra una transcripci\u00f3n de un mensaje dirigido a la Iglesia Adventista del S\u00e9ptimo D\u00eda en Interam\u00e9rica por el presidente de la Divisi\u00f3n Interamericana, Elie Henry\u2013Personal de noticias de la DIA<\/em><\/p>\n<p>18 de marzo de 2022 | Miami, Florida, Estados Unidos | Por Elie Henry, presidente de la Iglesia Adventista del S\u00e9ptimo D\u00eda Divisi\u00f3n Interamericana<\/p>\n<p><span style=\"font-weight: 400;\">Hola, me alegra saludarles una vez m\u00e1s, en este s\u00e1bado tan especial en el que la iglesia Adventista del S\u00e9ptimo D\u00eda en todo el mundo celebra el D\u00eda Mundial de los Ni\u00f1os y el D\u00eda Mundial de la Juventud.<\/span><span style=\"font-weight: 400;\">\u00a0<\/span><\/p>\n<p><span style=\"font-weight: 400;\">Como ya es tradici\u00f3n, nos unimos a los m\u00e1s peque\u00f1os y a los j\u00f3venes, en promover y practicar el servicio; en ayudar a los m\u00e1s necesitados.<\/span><\/p>\n<p><span style=\"font-weight: 400;\">Si combinamos los temas que tanto el ministerio infantil como el de j\u00f3venes han elegido, tenemos un mensaje muy poderoso: \u201cAmando a los Olvidados\u201d y \u201cSirviendo desde el Coraz\u00f3n\u201d. \u00bfSe dan cuenta? De esos temas podemos sacar un serm\u00f3n completo, y eso es lo que los ni\u00f1os y j\u00f3venes han elegido: Ser ellos mismos el serm\u00f3n que predicar\u00e1n en las calles, en orfanatos, hospitales, fronteras, centros de refugio y muchos otros lugares.<\/span><\/p>\n<p><span style=\"font-weight: 400;\">Por las diferentes crisis que vivimos en la actualidad, hoy el mundo est\u00e1 en caos, y millones de personas sufren y viven en el olvido y la incertidumbre. Otros piensan en el consumismo, el placer, los vicios y el ocio, aparentes alicientes que no los llevan a ning\u00fan lado.<\/span><\/p>\n<p><span style=\"font-weight: 400;\">Pero qu\u00e9 bendici\u00f3n es ver a los ni\u00f1os y j\u00f3venes de nuestra iglesia celebrando su d\u00eda, con la premisa de ayudar, de ser ejemplos de fidelidad y reflejos del amor de Dios.<\/span><\/p>\n<p><span style=\"font-weight: 400;\">El Apostol Pablo en su primera carta a Timoteo, dej\u00f3 un consejo muy adecuado:<\/span><\/p>\n<p><b>\u201cNinguno tenga en poco tu juventud, pero s\u00e9 ejemplo de los fieles en palabra, en conversaci\u00f3n, en caridad, en esp\u00edritu, en fe, en limpieza.<\/b><b>\u201d (1 Timoteo 4:12: 12)<\/b><\/p>\n<p><span style=\"font-weight: 400;\">Felicidades ni\u00f1os y j\u00f3venes en su d\u00eda, la iglesia entera se une para orar y acompa\u00f1arles en esta labor de amar a los olvidados y servir desde el coraz\u00f3n.<\/span><\/p>\n<p><span style=\"font-weight: 400;\">Feliz S\u00e1bado<\/span><\/p>\n<p>&nbsp;<\/p>\n<p><iframe title=\"Reflejos del Amor de Dios \/ Pastor Elie Henry\" width=\"500\" height=\"281\" src=\"https:\/\/www.youtube.com\/embed\/gKiXemp7RQY?feature=oembed\" frameborder=\"0\" allow=\"accelerometer; autoplay; clipboard-write; encrypted-media; gyroscope; picture-in-picture; web-share\" referrerpolicy=\"strict-origin-when-cross-origin\" allowfullscreen><\/iframe><\/p>\n","protected":false},"excerpt":{"rendered":"<p>A continuaci\u00f3n se encuentra una transcripci\u00f3n de un mensaje dirigido a la Iglesia Adventista del S\u00e9ptimo D\u00eda en Interam\u00e9rica por el presidente de la Divisi\u00f3n Interamericana, Elie Henry\u2013Personal de noticias&#8230;<\/p>\n","protected":false},"author":3,"featured_media":82595,"comment_status":"closed","ping_status":"closed","sticky":false,"template":"","format":"standard","meta":{"_acf_changed":false,"footnotes":""},"categories":[16,15],"tags":[],"class_list":["post-82526","post","type-post","status-publish","format-standard","has-post-thumbnail","hentry","category-desde-la-sede","category-rss-espanol"],"acf":[],"yoast_head":"<!-- This site is optimized with the Yoast SEO plugin v27.3 - https:\/\/yoast.com\/product\/yoast-seo-wordpress\/ -->\n<title>Reflejos del amor de Dios - Iglesia Adventista del S\u00e9ptimo D\u00eda - Divisi\u00f3n Interamericana<\/title>\n<meta name=\"robots\" content=\"index, follow, max-snippet:-1, max-image-preview:large, max-video-preview:-1\" \/>\n<link rel=\"canonical\" href=\"https:\/\/interamerica.org\/es\/2022\/03\/reflejos-del-amor-de-dios\/\" \/>\n<meta property=\"og:locale\" content=\"es_ES\" \/>\n<meta property=\"og:type\" content=\"article\" \/>\n<meta property=\"og:title\" content=\"Reflejos del amor de Dios - Iglesia Adventista del S\u00e9ptimo D\u00eda - Divisi\u00f3n Interamericana\" \/>\n<meta property=\"og:description\" content=\"A continuaci\u00f3n se encuentra una transcripci\u00f3n de un mensaje dirigido a la Iglesia Adventista del S\u00e9ptimo D\u00eda en Interam\u00e9rica por el presidente de la Divisi\u00f3n Interamericana, Elie Henry\u2013Personal de noticias...\" \/>\n<meta property=\"og:url\" content=\"https:\/\/interamerica.org\/es\/2022\/03\/reflejos-del-amor-de-dios\/\" \/>\n<meta property=\"og:site_name\" content=\"Iglesia Adventista del S\u00e9ptimo D\u00eda - Divisi\u00f3n Interamericana\" \/>\n<meta property=\"article:published_time\" content=\"2022-03-18T13:00:07+00:00\" \/>\n<meta property=\"article:modified_time\" content=\"2022-03-20T22:02:21+00:00\" \/>\n<meta property=\"og:image\" content=\"https:\/\/interamerica.org\/wp-content\/uploads\/2022\/03\/elie-henry-mar18-spanish.png\" \/>\n\t<meta property=\"og:image:width\" content=\"1000\" \/>\n\t<meta property=\"og:image:height\" content=\"562\" \/>\n\t<meta property=\"og:image:type\" content=\"image\/png\" \/>\n<meta name=\"author\" content=\"libna\" \/>\n<meta name=\"twitter:card\" content=\"summary_large_image\" \/>\n<meta name=\"twitter:label1\" content=\"Escrito por\" \/>\n\t<meta name=\"twitter:data1\" content=\"libna\" \/>\n\t<meta name=\"twitter:label2\" content=\"Tiempo de lectura\" \/>\n\t<meta name=\"twitter:data2\" content=\"2 minutos\" \/>\n<script type=\"application\/ld+json\" class=\"yoast-schema-graph\">{\"@context\":\"https:\\\/\\\/schema.org\",\"@graph\":[{\"@type\":\"Article\",\"@id\":\"https:\\\/\\\/interamerica.org\\\/es\\\/2022\\\/03\\\/reflejos-del-amor-de-dios\\\/#article\",\"isPartOf\":{\"@id\":\"https:\\\/\\\/interamerica.org\\\/es\\\/2022\\\/03\\\/reflejos-del-amor-de-dios\\\/\"},\"author\":{\"name\":\"libna\",\"@id\":\"https:\\\/\\\/interamerica.org\\\/es\\\/#\\\/schema\\\/person\\\/29998f2bc2d8bd0d38662909289b54f1\"},\"headline\":\"Reflejos del amor de Dios\",\"datePublished\":\"2022-03-18T13:00:07+00:00\",\"dateModified\":\"2022-03-20T22:02:21+00:00\",\"mainEntityOfPage\":{\"@id\":\"https:\\\/\\\/interamerica.org\\\/es\\\/2022\\\/03\\\/reflejos-del-amor-de-dios\\\/\"},\"wordCount\":397,\"image\":{\"@id\":\"https:\\\/\\\/interamerica.org\\\/es\\\/2022\\\/03\\\/reflejos-del-amor-de-dios\\\/#primaryimage\"},\"thumbnailUrl\":\"https:\\\/\\\/interamerica.org\\\/wp-content\\\/uploads\\\/2022\\\/03\\\/elie-henry-mar18-spanish.png\",\"articleSection\":[\"Desde la sede\",\"RSS Espa\u00f1ol\"],\"inLanguage\":\"es\"},{\"@type\":\"WebPage\",\"@id\":\"https:\\\/\\\/interamerica.org\\\/es\\\/2022\\\/03\\\/reflejos-del-amor-de-dios\\\/\",\"url\":\"https:\\\/\\\/interamerica.org\\\/es\\\/2022\\\/03\\\/reflejos-del-amor-de-dios\\\/\",\"name\":\"Reflejos del amor de Dios - Iglesia Adventista del S\u00e9ptimo D\u00eda - Divisi\u00f3n Interamericana\",\"isPartOf\":{\"@id\":\"https:\\\/\\\/interamerica.org\\\/es\\\/#website\"},\"primaryImageOfPage\":{\"@id\":\"https:\\\/\\\/interamerica.org\\\/es\\\/2022\\\/03\\\/reflejos-del-amor-de-dios\\\/#primaryimage\"},\"image\":{\"@id\":\"https:\\\/\\\/interamerica.org\\\/es\\\/2022\\\/03\\\/reflejos-del-amor-de-dios\\\/#primaryimage\"},\"thumbnailUrl\":\"https:\\\/\\\/interamerica.org\\\/wp-content\\\/uploads\\\/2022\\\/03\\\/elie-henry-mar18-spanish.png\",\"datePublished\":\"2022-03-18T13:00:07+00:00\",\"dateModified\":\"2022-03-20T22:02:21+00:00\",\"author\":{\"@id\":\"https:\\\/\\\/interamerica.org\\\/es\\\/#\\\/schema\\\/person\\\/29998f2bc2d8bd0d38662909289b54f1\"},\"breadcrumb\":{\"@id\":\"https:\\\/\\\/interamerica.org\\\/es\\\/2022\\\/03\\\/reflejos-del-amor-de-dios\\\/#breadcrumb\"},\"inLanguage\":\"es\",\"potentialAction\":[{\"@type\":\"ReadAction\",\"target\":[\"https:\\\/\\\/interamerica.org\\\/es\\\/2022\\\/03\\\/reflejos-del-amor-de-dios\\\/\"]}]},{\"@type\":\"ImageObject\",\"inLanguage\":\"es\",\"@id\":\"https:\\\/\\\/interamerica.org\\\/es\\\/2022\\\/03\\\/reflejos-del-amor-de-dios\\\/#primaryimage\",\"url\":\"https:\\\/\\\/interamerica.org\\\/wp-content\\\/uploads\\\/2022\\\/03\\\/elie-henry-mar18-spanish.png\",\"contentUrl\":\"https:\\\/\\\/interamerica.org\\\/wp-content\\\/uploads\\\/2022\\\/03\\\/elie-henry-mar18-spanish.png\",\"width\":1000,\"height\":562},{\"@type\":\"BreadcrumbList\",\"@id\":\"https:\\\/\\\/interamerica.org\\\/es\\\/2022\\\/03\\\/reflejos-del-amor-de-dios\\\/#breadcrumb\",\"itemListElement\":[{\"@type\":\"ListItem\",\"position\":1,\"name\":\"Home\",\"item\":\"https:\\\/\\\/interamerica.org\\\/es\\\/\"},{\"@type\":\"ListItem\",\"position\":2,\"name\":\"Reflejos del amor de Dios\"}]},{\"@type\":\"WebSite\",\"@id\":\"https:\\\/\\\/interamerica.org\\\/es\\\/#website\",\"url\":\"https:\\\/\\\/interamerica.org\\\/es\\\/\",\"name\":\"Iglesia Adventista del S\u00e9ptimo D\u00eda - Divisi\u00f3n Interamericana\",\"description\":\"\",\"potentialAction\":[{\"@type\":\"SearchAction\",\"target\":{\"@type\":\"EntryPoint\",\"urlTemplate\":\"https:\\\/\\\/interamerica.org\\\/es\\\/?s={search_term_string}\"},\"query-input\":{\"@type\":\"PropertyValueSpecification\",\"valueRequired\":true,\"valueName\":\"search_term_string\"}}],\"inLanguage\":\"es\"},{\"@type\":\"Person\",\"@id\":\"https:\\\/\\\/interamerica.org\\\/es\\\/#\\\/schema\\\/person\\\/29998f2bc2d8bd0d38662909289b54f1\",\"name\":\"libna\",\"image\":{\"@type\":\"ImageObject\",\"inLanguage\":\"es\",\"@id\":\"https:\\\/\\\/secure.gravatar.com\\\/avatar\\\/7c5bd30ae4b47a9ba3c856590957fd1d96dc588bf3ac05719d247e126840331f?s=96&d=mm&r=g\",\"url\":\"https:\\\/\\\/secure.gravatar.com\\\/avatar\\\/7c5bd30ae4b47a9ba3c856590957fd1d96dc588bf3ac05719d247e126840331f?s=96&d=mm&r=g\",\"contentUrl\":\"https:\\\/\\\/secure.gravatar.com\\\/avatar\\\/7c5bd30ae4b47a9ba3c856590957fd1d96dc588bf3ac05719d247e126840331f?s=96&d=mm&r=g\",\"caption\":\"libna\"}}]}<\/script>\n<!-- \/ Yoast SEO plugin. -->","yoast_head_json":{"title":"Reflejos del amor de Dios - Iglesia Adventista del S\u00e9ptimo D\u00eda - Divisi\u00f3n Interamericana","robots":{"index":"index","follow":"follow","max-snippet":"max-snippet:-1","max-image-preview":"max-image-preview:large","max-video-preview":"max-video-preview:-1"},"canonical":"https:\/\/interamerica.org\/es\/2022\/03\/reflejos-del-amor-de-dios\/","og_locale":"es_ES","og_type":"article","og_title":"Reflejos del amor de Dios - Iglesia Adventista del S\u00e9ptimo D\u00eda - Divisi\u00f3n Interamericana","og_description":"A continuaci\u00f3n se encuentra una transcripci\u00f3n de un mensaje dirigido a la Iglesia Adventista del S\u00e9ptimo D\u00eda en Interam\u00e9rica por el presidente de la Divisi\u00f3n Interamericana, Elie Henry\u2013Personal de noticias...","og_url":"https:\/\/interamerica.org\/es\/2022\/03\/reflejos-del-amor-de-dios\/","og_site_name":"Iglesia Adventista del S\u00e9ptimo D\u00eda - Divisi\u00f3n Interamericana","article_published_time":"2022-03-18T13:00:07+00:00","article_modified_time":"2022-03-20T22:02:21+00:00","og_image":[{"width":1000,"height":562,"url":"https:\/\/interamerica.org\/wp-content\/uploads\/2022\/03\/elie-henry-mar18-spanish.png","type":"image\/png"}],"author":"libna","twitter_card":"summary_large_image","twitter_misc":{"Escrito por":"libna","Tiempo de lectura":"2 minutos"},"schema":{"@context":"https:\/\/schema.org","@graph":[{"@type":"Article","@id":"https:\/\/interamerica.org\/es\/2022\/03\/reflejos-del-amor-de-dios\/#article","isPartOf":{"@id":"https:\/\/interamerica.org\/es\/2022\/03\/reflejos-del-amor-de-dios\/"},"author":{"name":"libna","@id":"https:\/\/interamerica.org\/es\/#\/schema\/person\/29998f2bc2d8bd0d38662909289b54f1"},"headline":"Reflejos del amor de Dios","datePublished":"2022-03-18T13:00:07+00:00","dateModified":"2022-03-20T22:02:21+00:00","mainEntityOfPage":{"@id":"https:\/\/interamerica.org\/es\/2022\/03\/reflejos-del-amor-de-dios\/"},"wordCount":397,"image":{"@id":"https:\/\/interamerica.org\/es\/2022\/03\/reflejos-del-amor-de-dios\/#primaryimage"},"thumbnailUrl":"https:\/\/interamerica.org\/wp-content\/uploads\/2022\/03\/elie-henry-mar18-spanish.png","articleSection":["Desde la sede","RSS Espa\u00f1ol"],"inLanguage":"es"},{"@type":"WebPage","@id":"https:\/\/interamerica.org\/es\/2022\/03\/reflejos-del-amor-de-dios\/","url":"https:\/\/interamerica.org\/es\/2022\/03\/reflejos-del-amor-de-dios\/","name":"Reflejos del amor de Dios - Iglesia Adventista del S\u00e9ptimo D\u00eda - Divisi\u00f3n Interamericana","isPartOf":{"@id":"https:\/\/interamerica.org\/es\/#website"},"primaryImageOfPage":{"@id":"https:\/\/interamerica.org\/es\/2022\/03\/reflejos-del-amor-de-dios\/#primaryimage"},"image":{"@id":"https:\/\/interamerica.org\/es\/2022\/03\/reflejos-del-amor-de-dios\/#primaryimage"},"thumbnailUrl":"https:\/\/interamerica.org\/wp-content\/uploads\/2022\/03\/elie-henry-mar18-spanish.png","datePublished":"2022-03-18T13:00:07+00:00","dateModified":"2022-03-20T22:02:21+00:00","author":{"@id":"https:\/\/interamerica.org\/es\/#\/schema\/person\/29998f2bc2d8bd0d38662909289b54f1"},"breadcrumb":{"@id":"https:\/\/interamerica.org\/es\/2022\/03\/reflejos-del-amor-de-dios\/#breadcrumb"},"inLanguage":"es","potentialAction":[{"@type":"ReadAction","target":["https:\/\/interamerica.org\/es\/2022\/03\/reflejos-del-amor-de-dios\/"]}]},{"@type":"ImageObject","inLanguage":"es","@id":"https:\/\/interamerica.org\/es\/2022\/03\/reflejos-del-amor-de-dios\/#primaryimage","url":"https:\/\/interamerica.org\/wp-content\/uploads\/2022\/03\/elie-henry-mar18-spanish.png","contentUrl":"https:\/\/interamerica.org\/wp-content\/uploads\/2022\/03\/elie-henry-mar18-spanish.png","width":1000,"height":562},{"@type":"BreadcrumbList","@id":"https:\/\/interamerica.org\/es\/2022\/03\/reflejos-del-amor-de-dios\/#breadcrumb","itemListElement":[{"@type":"ListItem","position":1,"name":"Home","item":"https:\/\/interamerica.org\/es\/"},{"@type":"ListItem","position":2,"name":"Reflejos del amor de Dios"}]},{"@type":"WebSite","@id":"https:\/\/interamerica.org\/es\/#website","url":"https:\/\/interamerica.org\/es\/","name":"Iglesia Adventista del S\u00e9ptimo D\u00eda - Divisi\u00f3n Interamericana","description":"","potentialAction":[{"@type":"SearchAction","target":{"@type":"EntryPoint","urlTemplate":"https:\/\/interamerica.org\/es\/?s={search_term_string}"},"query-input":{"@type":"PropertyValueSpecification","valueRequired":true,"valueName":"search_term_string"}}],"inLanguage":"es"},{"@type":"Person","@id":"https:\/\/interamerica.org\/es\/#\/schema\/person\/29998f2bc2d8bd0d38662909289b54f1","name":"libna","image":{"@type":"ImageObject","inLanguage":"es","@id":"https:\/\/secure.gravatar.com\/avatar\/7c5bd30ae4b47a9ba3c856590957fd1d96dc588bf3ac05719d247e126840331f?s=96&d=mm&r=g","url":"https:\/\/secure.gravatar.com\/avatar\/7c5bd30ae4b47a9ba3c856590957fd1d96dc588bf3ac05719d247e126840331f?s=96&d=mm&r=g","contentUrl":"https:\/\/secure.gravatar.com\/avatar\/7c5bd30ae4b47a9ba3c856590957fd1d96dc588bf3ac05719d247e126840331f?s=96&d=mm&r=g","caption":"libna"}}]}},"_links":{"self":[{"href":"https:\/\/interamerica.org\/es\/wp-json\/wp\/v2\/posts\/82526","targetHints":{"allow":["GET"]}}],"collection":[{"href":"https:\/\/interamerica.org\/es\/wp-json\/wp\/v2\/posts"}],"about":[{"href":"https:\/\/interamerica.org\/es\/wp-json\/wp\/v2\/types\/post"}],"author":[{"embeddable":true,"href":"https:\/\/interamerica.org\/es\/wp-json\/wp\/v2\/users\/3"}],"replies":[{"embeddable":true,"href":"https:\/\/interamerica.org\/es\/wp-json\/wp\/v2\/comments?post=82526"}],"version-history":[{"count":0,"href":"https:\/\/interamerica.org\/es\/wp-json\/wp\/v2\/posts\/82526\/revisions"}],"wp:featuredmedia":[{"embeddable":true,"href":"https:\/\/interamerica.org\/es\/wp-json\/wp\/v2\/media\/82595"}],"wp:attachment":[{"href":"https:\/\/interamerica.org\/es\/wp-json\/wp\/v2\/media?parent=82526"}],"wp:term":[{"taxonomy":"category","embeddable":true,"href":"https:\/\/interamerica.org\/es\/wp-json\/wp\/v2\/categories?post=82526"},{"taxonomy":"post_tag","embeddable":true,"href":"https:\/\/interamerica.org\/es\/wp-json\/wp\/v2\/tags?post=82526"}],"curies":[{"name":"wp","href":"https:\/\/api.w.org\/{rel}","templated":true}]}}