{"id":82532,"date":"2022-03-15T11:24:27","date_gmt":"2022-03-15T15:24:27","guid":{"rendered":"https:\/\/recursing-golick.147-182-135-0.plesk.page\/?p=82532"},"modified":"2022-03-15T20:45:04","modified_gmt":"2022-03-16T00:45:04","slug":"se-lanza-virtualmente-programa-intencional-para-alcanzar-a-los-jovenes","status":"publish","type":"post","link":"https:\/\/interamerica.org\/es\/2022\/03\/se-lanza-virtualmente-programa-intencional-para-alcanzar-a-los-jovenes\/","title":{"rendered":"Se lanza virtualmente programa intencional para alcanzar a los j\u00f3venes"},"content":{"rendered":"<h4 id=\"headline-6-7\" class=\"ct-headline\"><span id=\"span-21-7\" class=\"ct-span\"> La iniciativa Crecer Juntos 2022 reuni\u00f3 a casi 150 l\u00edderes de cuarenta iglesias.<\/span><\/h4>\n<p id=\"headline-7-7\" class=\"ct-headline\"><span id=\"span-20-7\" class=\"ct-span\">15 de marzo de 2022 | A. Allan Martin, para la Divisi\u00f3n Norteamericana, y Adventist Review<\/span><\/p>\n<p>Hace unas semanas se lanz\u00f3 la cohorte de Crecer Juntos 2022, con casi 150 l\u00edderes de cuarenta iglesias diferentes en la Divisi\u00f3n Norteamericana que asistieron a la cumbre virtual. La iniciativa es un viaje de aprendizaje que busca edificar iglesias adventistas del s\u00e9ptimo d\u00eda que progresen y para todas las generaciones, mientras que se conecta y empodera de manera espec\u00edfica a los j\u00f3venes y adultos j\u00f3venes. \u201cQued\u00e9 deslumbrado por los contextos ministeriales diversos y particulares que todos representaron\u201d, dijo Justin Yang, director de ministerios de adultos j\u00f3venes de la Asociaci\u00f3n de Texas. \u201cQued\u00e9 impresionado por cu\u00e1n apasionados, comprometidos y aut\u00e9nticos fueron para compartir su historia, su viaje hasta el momento\u201d.<\/p>\n<p>Una cumbre virtual inaugural comienza oficialmente el a\u00f1o de traves\u00eda en el aprendizaje. Las iglesias que participan en la cohorte provienen de muchas de las uniones de la Divisi\u00f3n Norteamericana, y representan a todos los tama\u00f1os de iglesias, los principales grupos \u00e9tnicos, y cada ubicaci\u00f3n geogr\u00e1fica (rural, urbana o suburbana) \u2014 todos comprometidos a #GrowingTogether [Crecer Juntos] con Jes\u00fas en el mismo centro.<\/p>\n<p>\u201cCrecer Juntos tiene que ver con cambiar la cultura de las iglesias. Implica alcanzar intencionalmente a los j\u00f3venes y adultos j\u00f3venes con aceptaci\u00f3n, gracia y el amor de Cristo\u201d, dijo John Freedman, presidente de la Uni\u00f3n Asociaci\u00f3n del Pac\u00edfico Norte (NPUC). \u201cAl responder al amor de Jes\u00fas que brilla por medio de su iglesia, necesitamos tambi\u00e9n discipularlos en Cristo, para que ellos puedan alcanzar a otros. Un \u00e9nfasis en Jesucristo y su amor sin par, sacrificial e incondicional transforma vidas. Estoy entusiasmado por los que sienten pasi\u00f3n por alcanzar a los j\u00f3venes y adultos j\u00f3venes inactivos con la verdad del amor de Dios\u201d.<\/p>\n<p><strong>Comentarios de los participantes<\/strong><\/p>\n<p>\u201cLa cumbre de Crecer Juntos fue una experiencia sumamente informativa que me permiti\u00f3 comprender de qu\u00e9 se trataba este programa adem\u00e1s de lo que se esperaba de m\u00ed\u201d, dijo Diana Mogeni. Mogeni es una gerenta de 29 a\u00f1os, y parte de uno de los equipos de la iglesia local. \u201cFue muy bueno evaluar y analizar con m\u00e1s profundidad a la iglesia \u2014 donde nos encontramos y d\u00f3nde nos gustar\u00eda estar. Fue muy bueno analizar qu\u00e9 podemos hacer para cambiar\u201d.<\/p>\n<p>Joan Okemwa, una joven de 22 a\u00f1os que estudia enfermer\u00eda en la Universidad Rasmussen, concord\u00f3. \u201cMe gust\u00f3 c\u00f3mo comenzamos desde el comienzo. Ver lo que tenemos ahora y examinar la salud actual de nuestra iglesia\u201d, dijo. \u201cSer honestos entre nosotros en el grupo es importante, para que podamos saber con qu\u00e9 estamos trabajando\u201d.<\/p>\n<p>Mark Sigue, pastor de adultos j\u00f3venes en la iglesia adventista de Minnetonka en Minnesota, a\u00f1adi\u00f3: \u201cEstoy m\u00e1s que entusiasmado por experimentar que mi iglesia ya no est\u00e1 tan solo diciendo que los j\u00f3venes se van de la iglesia, sino que, por el contrario, est\u00e1n intencionalmente haciendo algo\u2026 Saber es una cosa. Hacer algo al respecto es lo clave. Es solo la primera cumbre y ya estoy s\u00fapercargado\u201d.<\/p>\n<p><strong>Ir m\u00e1s profundo<\/strong><\/p>\n<p>La cohorte se ha hecho posible gracias a la colaboraci\u00f3n entre la NPUC y la Uni\u00f3n Asociaci\u00f3n del Sudoeste (SWUC), que hizo que la experiencia de capacitaci\u00f3n de Crecer Juntos est\u00e9 disponible a las iglesias de la Divisi\u00f3n Norteamericana, adem\u00e1s de una iglesia internacional que particip\u00f3 desde Uganda.<\/p>\n<p>\u201cLa Uni\u00f3n del Sudoeste est\u00e1 entusiasmada de ser socia en Crecer Juntos\u201d, destac\u00f3 Helvis Moody, director de adultos j\u00f3venes y ministerios j\u00f3venes de la SWUC. \u201cEstamos agradecidos por las iglesias que han comenzado esta traves\u00eda, y aguardamos con ansias ver qu\u00e9 es lo que Dios har\u00e1, dado que es nuestro deseo ver que todas nuestras iglesias experimenten el crecimiento del reino\u201d.<\/p>\n<p>A lo largo de la traves\u00eda de cohorte durante todo el a\u00f1o, equipos de las iglesias locales recibir\u00e1n capacitaci\u00f3n, asesoramiento y tareas para ayudar a que su iglesia se adapte y cambie la cultura, de manera que Jes\u00fas ocupe el centro y todas las generaciones puedan progresar juntas. Adem\u00e1s de las cumbres virtuales, los webinars, y las sesiones de asesoramiento, cada iglesia local participar\u00e1 en evaluaciones y con compromisos basados en las investigaciones que han mostrado que mejoran la vitalidad de la vida de la iglesia, en especial entre los j\u00f3venes y las familias j\u00f3venes.<\/p>\n<p>\u201cEn mis viajes por nuestra uni\u00f3n, en persona, y en videollamadas por Zoom, me siento entusiasmado de escuchar las historias positivas y el aprecio por este \u00e9nfasis en Crecer Juntos\u201d, a\u00f1adi\u00f3 Freedman, explicando de qu\u00e9 manera Crecer Juntos comenz\u00f3 como un experimento para responder a la m\u00e1s grande debilidad que los l\u00edderes y los laicos de la iglesia identificaron hace seis a\u00f1os: la tr\u00e1gica p\u00e9rdida de m\u00e1s del 50 por ciento de sus j\u00f3venes y adultos j\u00f3venes de las iglesias adventistas. \u201cCrecer Juntos ha crecido (aun durante la pandemia) de un experimento con unas pocas iglesias a una estrategia de m\u00faltiples asociaciones y uniones para responder a la tr\u00e1gica cuesti\u00f3n de las p\u00e9rdidas de j\u00f3venes y adultos j\u00f3venes de nuestras iglesias. Me siento extremadamente agradecido por todos ustedes que no se contentan por hablar de las p\u00e9rdidas, sino que se est\u00e1n realmente asociando con Cristo para hacer algo al respecto. \u00a1Ustedes est\u00e1n marcando una diferencia!\u201d<\/p>\n<p>Yang dijo: \u201cMi coraz\u00f3n est\u00e1 una vez m\u00e1s lleno de esperanza, dado que fui testigo de que los l\u00edderes locales se comprometieron a aprender, crecer y recalibrar entre una generaci\u00f3n y otra, para reconciliar y colaborar en un momento as\u00ed como este.<\/p>\n<p>\u201c\u00a1Hagamos esto por los ciudadanos del reino!\u201d, dijo Sigue. \u201c\u00a1Gracias, l\u00edderes y organizadores de la cohorte de Crecer Juntos!\u201d<\/p>\n<p><em>La <\/em><a href=\"https:\/\/www.nadadventist.org\/news\/2022-growing-together-cohort-launches-virtually\" target=\"_blank\" rel=\"noopener\"><em>versi\u00f3n original<\/em><\/a><em> de esta noticia fue publicada en el <\/em><a href=\"https:\/\/www.nadadventist.org\/news\" target=\"_blank\" rel=\"noopener\"><em>sitio de noticias <\/em><\/a>de la Divisi\u00f3n Norteamericana<em>.<\/em><\/p>\n<p>Traducci\u00f3n de Marcos Paseggi<\/p>\n","protected":false},"excerpt":{"rendered":"<p>La iniciativa Crecer Juntos 2022 reuni\u00f3 a casi 150 l\u00edderes de cuarenta iglesias. 15 de marzo de 2022 | A. Allan Martin, para la Divisi\u00f3n Norteamericana, y Adventist Review Hace&#8230;<\/p>\n","protected":false},"author":3,"featured_media":82519,"comment_status":"closed","ping_status":"closed","sticky":false,"template":"","format":"standard","meta":{"_acf_changed":false,"footnotes":""},"categories":[14,15],"tags":[],"class_list":["post-82532","post","type-post","status-publish","format-standard","has-post-thumbnail","hentry","category-de-la-iglesia-mundial","category-rss-espanol"],"acf":[],"yoast_head":"<!-- This site is optimized with the Yoast SEO plugin v27.3 - https:\/\/yoast.com\/product\/yoast-seo-wordpress\/ -->\n<title>Se lanza virtualmente programa intencional para alcanzar a los j\u00f3venes - Iglesia Adventista del S\u00e9ptimo D\u00eda - Divisi\u00f3n Interamericana<\/title>\n<meta name=\"robots\" content=\"index, follow, max-snippet:-1, max-image-preview:large, max-video-preview:-1\" \/>\n<link rel=\"canonical\" href=\"https:\/\/interamerica.org\/es\/2022\/03\/se-lanza-virtualmente-programa-intencional-para-alcanzar-a-los-jovenes\/\" \/>\n<meta property=\"og:locale\" content=\"es_ES\" \/>\n<meta property=\"og:type\" content=\"article\" \/>\n<meta property=\"og:title\" content=\"Se lanza virtualmente programa intencional para alcanzar a los j\u00f3venes - Iglesia Adventista del S\u00e9ptimo D\u00eda - Divisi\u00f3n Interamericana\" \/>\n<meta property=\"og:description\" content=\"La iniciativa Crecer Juntos 2022 reuni\u00f3 a casi 150 l\u00edderes de cuarenta iglesias. 15 de marzo de 2022 | A. Allan Martin, para la Divisi\u00f3n Norteamericana, y Adventist Review Hace...\" \/>\n<meta property=\"og:url\" content=\"https:\/\/interamerica.org\/es\/2022\/03\/se-lanza-virtualmente-programa-intencional-para-alcanzar-a-los-jovenes\/\" \/>\n<meta property=\"og:site_name\" content=\"Iglesia Adventista del S\u00e9ptimo D\u00eda - Divisi\u00f3n Interamericana\" \/>\n<meta property=\"article:published_time\" content=\"2022-03-15T15:24:27+00:00\" \/>\n<meta property=\"article:modified_time\" content=\"2022-03-16T00:45:04+00:00\" \/>\n<meta property=\"og:image\" content=\"https:\/\/interamerica.org\/wp-content\/uploads\/2022\/03\/intentional-program-to-reach-out-to-youth-launches-virtually1.jpg\" \/>\n\t<meta property=\"og:image:width\" content=\"1000\" \/>\n\t<meta property=\"og:image:height\" content=\"563\" \/>\n\t<meta property=\"og:image:type\" content=\"image\/jpeg\" \/>\n<meta name=\"author\" content=\"libna\" \/>\n<meta name=\"twitter:card\" content=\"summary_large_image\" \/>\n<meta name=\"twitter:label1\" content=\"Escrito por\" \/>\n\t<meta name=\"twitter:data1\" content=\"libna\" \/>\n\t<meta name=\"twitter:label2\" content=\"Tiempo de lectura\" \/>\n\t<meta name=\"twitter:data2\" content=\"5 minutos\" \/>\n<script type=\"application\/ld+json\" class=\"yoast-schema-graph\">{\"@context\":\"https:\\\/\\\/schema.org\",\"@graph\":[{\"@type\":\"Article\",\"@id\":\"https:\\\/\\\/interamerica.org\\\/es\\\/2022\\\/03\\\/se-lanza-virtualmente-programa-intencional-para-alcanzar-a-los-jovenes\\\/#article\",\"isPartOf\":{\"@id\":\"https:\\\/\\\/interamerica.org\\\/es\\\/2022\\\/03\\\/se-lanza-virtualmente-programa-intencional-para-alcanzar-a-los-jovenes\\\/\"},\"author\":{\"name\":\"libna\",\"@id\":\"https:\\\/\\\/interamerica.org\\\/es\\\/#\\\/schema\\\/person\\\/29998f2bc2d8bd0d38662909289b54f1\"},\"headline\":\"Se lanza virtualmente programa intencional para alcanzar a los j\u00f3venes\",\"datePublished\":\"2022-03-15T15:24:27+00:00\",\"dateModified\":\"2022-03-16T00:45:04+00:00\",\"mainEntityOfPage\":{\"@id\":\"https:\\\/\\\/interamerica.org\\\/es\\\/2022\\\/03\\\/se-lanza-virtualmente-programa-intencional-para-alcanzar-a-los-jovenes\\\/\"},\"wordCount\":1042,\"image\":{\"@id\":\"https:\\\/\\\/interamerica.org\\\/es\\\/2022\\\/03\\\/se-lanza-virtualmente-programa-intencional-para-alcanzar-a-los-jovenes\\\/#primaryimage\"},\"thumbnailUrl\":\"https:\\\/\\\/interamerica.org\\\/wp-content\\\/uploads\\\/2022\\\/03\\\/intentional-program-to-reach-out-to-youth-launches-virtually1.jpg\",\"articleSection\":[\"Desde la iglesia mundial\",\"RSS Espa\u00f1ol\"],\"inLanguage\":\"es\"},{\"@type\":\"WebPage\",\"@id\":\"https:\\\/\\\/interamerica.org\\\/es\\\/2022\\\/03\\\/se-lanza-virtualmente-programa-intencional-para-alcanzar-a-los-jovenes\\\/\",\"url\":\"https:\\\/\\\/interamerica.org\\\/es\\\/2022\\\/03\\\/se-lanza-virtualmente-programa-intencional-para-alcanzar-a-los-jovenes\\\/\",\"name\":\"Se lanza virtualmente programa intencional para alcanzar a los j\u00f3venes - Iglesia Adventista del S\u00e9ptimo D\u00eda - Divisi\u00f3n Interamericana\",\"isPartOf\":{\"@id\":\"https:\\\/\\\/interamerica.org\\\/es\\\/#website\"},\"primaryImageOfPage\":{\"@id\":\"https:\\\/\\\/interamerica.org\\\/es\\\/2022\\\/03\\\/se-lanza-virtualmente-programa-intencional-para-alcanzar-a-los-jovenes\\\/#primaryimage\"},\"image\":{\"@id\":\"https:\\\/\\\/interamerica.org\\\/es\\\/2022\\\/03\\\/se-lanza-virtualmente-programa-intencional-para-alcanzar-a-los-jovenes\\\/#primaryimage\"},\"thumbnailUrl\":\"https:\\\/\\\/interamerica.org\\\/wp-content\\\/uploads\\\/2022\\\/03\\\/intentional-program-to-reach-out-to-youth-launches-virtually1.jpg\",\"datePublished\":\"2022-03-15T15:24:27+00:00\",\"dateModified\":\"2022-03-16T00:45:04+00:00\",\"author\":{\"@id\":\"https:\\\/\\\/interamerica.org\\\/es\\\/#\\\/schema\\\/person\\\/29998f2bc2d8bd0d38662909289b54f1\"},\"breadcrumb\":{\"@id\":\"https:\\\/\\\/interamerica.org\\\/es\\\/2022\\\/03\\\/se-lanza-virtualmente-programa-intencional-para-alcanzar-a-los-jovenes\\\/#breadcrumb\"},\"inLanguage\":\"es\",\"potentialAction\":[{\"@type\":\"ReadAction\",\"target\":[\"https:\\\/\\\/interamerica.org\\\/es\\\/2022\\\/03\\\/se-lanza-virtualmente-programa-intencional-para-alcanzar-a-los-jovenes\\\/\"]}]},{\"@type\":\"ImageObject\",\"inLanguage\":\"es\",\"@id\":\"https:\\\/\\\/interamerica.org\\\/es\\\/2022\\\/03\\\/se-lanza-virtualmente-programa-intencional-para-alcanzar-a-los-jovenes\\\/#primaryimage\",\"url\":\"https:\\\/\\\/interamerica.org\\\/wp-content\\\/uploads\\\/2022\\\/03\\\/intentional-program-to-reach-out-to-youth-launches-virtually1.jpg\",\"contentUrl\":\"https:\\\/\\\/interamerica.org\\\/wp-content\\\/uploads\\\/2022\\\/03\\\/intentional-program-to-reach-out-to-youth-launches-virtually1.jpg\",\"width\":1000,\"height\":563},{\"@type\":\"BreadcrumbList\",\"@id\":\"https:\\\/\\\/interamerica.org\\\/es\\\/2022\\\/03\\\/se-lanza-virtualmente-programa-intencional-para-alcanzar-a-los-jovenes\\\/#breadcrumb\",\"itemListElement\":[{\"@type\":\"ListItem\",\"position\":1,\"name\":\"Home\",\"item\":\"https:\\\/\\\/interamerica.org\\\/es\\\/\"},{\"@type\":\"ListItem\",\"position\":2,\"name\":\"Se lanza virtualmente programa intencional para alcanzar a los j\u00f3venes\"}]},{\"@type\":\"WebSite\",\"@id\":\"https:\\\/\\\/interamerica.org\\\/es\\\/#website\",\"url\":\"https:\\\/\\\/interamerica.org\\\/es\\\/\",\"name\":\"Iglesia Adventista del S\u00e9ptimo D\u00eda - Divisi\u00f3n Interamericana\",\"description\":\"\",\"potentialAction\":[{\"@type\":\"SearchAction\",\"target\":{\"@type\":\"EntryPoint\",\"urlTemplate\":\"https:\\\/\\\/interamerica.org\\\/es\\\/?s={search_term_string}\"},\"query-input\":{\"@type\":\"PropertyValueSpecification\",\"valueRequired\":true,\"valueName\":\"search_term_string\"}}],\"inLanguage\":\"es\"},{\"@type\":\"Person\",\"@id\":\"https:\\\/\\\/interamerica.org\\\/es\\\/#\\\/schema\\\/person\\\/29998f2bc2d8bd0d38662909289b54f1\",\"name\":\"libna\",\"image\":{\"@type\":\"ImageObject\",\"inLanguage\":\"es\",\"@id\":\"https:\\\/\\\/secure.gravatar.com\\\/avatar\\\/7c5bd30ae4b47a9ba3c856590957fd1d96dc588bf3ac05719d247e126840331f?s=96&d=mm&r=g\",\"url\":\"https:\\\/\\\/secure.gravatar.com\\\/avatar\\\/7c5bd30ae4b47a9ba3c856590957fd1d96dc588bf3ac05719d247e126840331f?s=96&d=mm&r=g\",\"contentUrl\":\"https:\\\/\\\/secure.gravatar.com\\\/avatar\\\/7c5bd30ae4b47a9ba3c856590957fd1d96dc588bf3ac05719d247e126840331f?s=96&d=mm&r=g\",\"caption\":\"libna\"}}]}<\/script>\n<!-- \/ Yoast SEO plugin. -->","yoast_head_json":{"title":"Se lanza virtualmente programa intencional para alcanzar a los j\u00f3venes - Iglesia Adventista del S\u00e9ptimo D\u00eda - Divisi\u00f3n Interamericana","robots":{"index":"index","follow":"follow","max-snippet":"max-snippet:-1","max-image-preview":"max-image-preview:large","max-video-preview":"max-video-preview:-1"},"canonical":"https:\/\/interamerica.org\/es\/2022\/03\/se-lanza-virtualmente-programa-intencional-para-alcanzar-a-los-jovenes\/","og_locale":"es_ES","og_type":"article","og_title":"Se lanza virtualmente programa intencional para alcanzar a los j\u00f3venes - Iglesia Adventista del S\u00e9ptimo D\u00eda - Divisi\u00f3n Interamericana","og_description":"La iniciativa Crecer Juntos 2022 reuni\u00f3 a casi 150 l\u00edderes de cuarenta iglesias. 15 de marzo de 2022 | A. Allan Martin, para la Divisi\u00f3n Norteamericana, y Adventist Review Hace...","og_url":"https:\/\/interamerica.org\/es\/2022\/03\/se-lanza-virtualmente-programa-intencional-para-alcanzar-a-los-jovenes\/","og_site_name":"Iglesia Adventista del S\u00e9ptimo D\u00eda - Divisi\u00f3n Interamericana","article_published_time":"2022-03-15T15:24:27+00:00","article_modified_time":"2022-03-16T00:45:04+00:00","og_image":[{"width":1000,"height":563,"url":"https:\/\/interamerica.org\/wp-content\/uploads\/2022\/03\/intentional-program-to-reach-out-to-youth-launches-virtually1.jpg","type":"image\/jpeg"}],"author":"libna","twitter_card":"summary_large_image","twitter_misc":{"Escrito por":"libna","Tiempo de lectura":"5 minutos"},"schema":{"@context":"https:\/\/schema.org","@graph":[{"@type":"Article","@id":"https:\/\/interamerica.org\/es\/2022\/03\/se-lanza-virtualmente-programa-intencional-para-alcanzar-a-los-jovenes\/#article","isPartOf":{"@id":"https:\/\/interamerica.org\/es\/2022\/03\/se-lanza-virtualmente-programa-intencional-para-alcanzar-a-los-jovenes\/"},"author":{"name":"libna","@id":"https:\/\/interamerica.org\/es\/#\/schema\/person\/29998f2bc2d8bd0d38662909289b54f1"},"headline":"Se lanza virtualmente programa intencional para alcanzar a los j\u00f3venes","datePublished":"2022-03-15T15:24:27+00:00","dateModified":"2022-03-16T00:45:04+00:00","mainEntityOfPage":{"@id":"https:\/\/interamerica.org\/es\/2022\/03\/se-lanza-virtualmente-programa-intencional-para-alcanzar-a-los-jovenes\/"},"wordCount":1042,"image":{"@id":"https:\/\/interamerica.org\/es\/2022\/03\/se-lanza-virtualmente-programa-intencional-para-alcanzar-a-los-jovenes\/#primaryimage"},"thumbnailUrl":"https:\/\/interamerica.org\/wp-content\/uploads\/2022\/03\/intentional-program-to-reach-out-to-youth-launches-virtually1.jpg","articleSection":["Desde la iglesia mundial","RSS Espa\u00f1ol"],"inLanguage":"es"},{"@type":"WebPage","@id":"https:\/\/interamerica.org\/es\/2022\/03\/se-lanza-virtualmente-programa-intencional-para-alcanzar-a-los-jovenes\/","url":"https:\/\/interamerica.org\/es\/2022\/03\/se-lanza-virtualmente-programa-intencional-para-alcanzar-a-los-jovenes\/","name":"Se lanza virtualmente programa intencional para alcanzar a los j\u00f3venes - Iglesia Adventista del S\u00e9ptimo D\u00eda - Divisi\u00f3n Interamericana","isPartOf":{"@id":"https:\/\/interamerica.org\/es\/#website"},"primaryImageOfPage":{"@id":"https:\/\/interamerica.org\/es\/2022\/03\/se-lanza-virtualmente-programa-intencional-para-alcanzar-a-los-jovenes\/#primaryimage"},"image":{"@id":"https:\/\/interamerica.org\/es\/2022\/03\/se-lanza-virtualmente-programa-intencional-para-alcanzar-a-los-jovenes\/#primaryimage"},"thumbnailUrl":"https:\/\/interamerica.org\/wp-content\/uploads\/2022\/03\/intentional-program-to-reach-out-to-youth-launches-virtually1.jpg","datePublished":"2022-03-15T15:24:27+00:00","dateModified":"2022-03-16T00:45:04+00:00","author":{"@id":"https:\/\/interamerica.org\/es\/#\/schema\/person\/29998f2bc2d8bd0d38662909289b54f1"},"breadcrumb":{"@id":"https:\/\/interamerica.org\/es\/2022\/03\/se-lanza-virtualmente-programa-intencional-para-alcanzar-a-los-jovenes\/#breadcrumb"},"inLanguage":"es","potentialAction":[{"@type":"ReadAction","target":["https:\/\/interamerica.org\/es\/2022\/03\/se-lanza-virtualmente-programa-intencional-para-alcanzar-a-los-jovenes\/"]}]},{"@type":"ImageObject","inLanguage":"es","@id":"https:\/\/interamerica.org\/es\/2022\/03\/se-lanza-virtualmente-programa-intencional-para-alcanzar-a-los-jovenes\/#primaryimage","url":"https:\/\/interamerica.org\/wp-content\/uploads\/2022\/03\/intentional-program-to-reach-out-to-youth-launches-virtually1.jpg","contentUrl":"https:\/\/interamerica.org\/wp-content\/uploads\/2022\/03\/intentional-program-to-reach-out-to-youth-launches-virtually1.jpg","width":1000,"height":563},{"@type":"BreadcrumbList","@id":"https:\/\/interamerica.org\/es\/2022\/03\/se-lanza-virtualmente-programa-intencional-para-alcanzar-a-los-jovenes\/#breadcrumb","itemListElement":[{"@type":"ListItem","position":1,"name":"Home","item":"https:\/\/interamerica.org\/es\/"},{"@type":"ListItem","position":2,"name":"Se lanza virtualmente programa intencional para alcanzar a los j\u00f3venes"}]},{"@type":"WebSite","@id":"https:\/\/interamerica.org\/es\/#website","url":"https:\/\/interamerica.org\/es\/","name":"Iglesia Adventista del S\u00e9ptimo D\u00eda - Divisi\u00f3n Interamericana","description":"","potentialAction":[{"@type":"SearchAction","target":{"@type":"EntryPoint","urlTemplate":"https:\/\/interamerica.org\/es\/?s={search_term_string}"},"query-input":{"@type":"PropertyValueSpecification","valueRequired":true,"valueName":"search_term_string"}}],"inLanguage":"es"},{"@type":"Person","@id":"https:\/\/interamerica.org\/es\/#\/schema\/person\/29998f2bc2d8bd0d38662909289b54f1","name":"libna","image":{"@type":"ImageObject","inLanguage":"es","@id":"https:\/\/secure.gravatar.com\/avatar\/7c5bd30ae4b47a9ba3c856590957fd1d96dc588bf3ac05719d247e126840331f?s=96&d=mm&r=g","url":"https:\/\/secure.gravatar.com\/avatar\/7c5bd30ae4b47a9ba3c856590957fd1d96dc588bf3ac05719d247e126840331f?s=96&d=mm&r=g","contentUrl":"https:\/\/secure.gravatar.com\/avatar\/7c5bd30ae4b47a9ba3c856590957fd1d96dc588bf3ac05719d247e126840331f?s=96&d=mm&r=g","caption":"libna"}}]}},"_links":{"self":[{"href":"https:\/\/interamerica.org\/es\/wp-json\/wp\/v2\/posts\/82532","targetHints":{"allow":["GET"]}}],"collection":[{"href":"https:\/\/interamerica.org\/es\/wp-json\/wp\/v2\/posts"}],"about":[{"href":"https:\/\/interamerica.org\/es\/wp-json\/wp\/v2\/types\/post"}],"author":[{"embeddable":true,"href":"https:\/\/interamerica.org\/es\/wp-json\/wp\/v2\/users\/3"}],"replies":[{"embeddable":true,"href":"https:\/\/interamerica.org\/es\/wp-json\/wp\/v2\/comments?post=82532"}],"version-history":[{"count":0,"href":"https:\/\/interamerica.org\/es\/wp-json\/wp\/v2\/posts\/82532\/revisions"}],"wp:featuredmedia":[{"embeddable":true,"href":"https:\/\/interamerica.org\/es\/wp-json\/wp\/v2\/media\/82519"}],"wp:attachment":[{"href":"https:\/\/interamerica.org\/es\/wp-json\/wp\/v2\/media?parent=82532"}],"wp:term":[{"taxonomy":"category","embeddable":true,"href":"https:\/\/interamerica.org\/es\/wp-json\/wp\/v2\/categories?post=82532"},{"taxonomy":"post_tag","embeddable":true,"href":"https:\/\/interamerica.org\/es\/wp-json\/wp\/v2\/tags?post=82532"}],"curies":[{"name":"wp","href":"https:\/\/api.w.org\/{rel}","templated":true}]}}