{"id":82680,"date":"2022-03-18T07:33:59","date_gmt":"2022-03-18T11:33:59","guid":{"rendered":"https:\/\/recursing-golick.147-182-135-0.plesk.page\/?p=82680"},"modified":"2022-04-05T10:15:39","modified_gmt":"2022-04-05T14:15:39","slug":"universidad-adventista-ayuda-a-reconstruir-casa-de-familia-destruida-por-el-fuego-en-el-norte-de-mexico","status":"publish","type":"post","link":"https:\/\/interamerica.org\/es\/2022\/03\/universidad-adventista-ayuda-a-reconstruir-casa-de-familia-destruida-por-el-fuego-en-el-norte-de-mexico\/","title":{"rendered":"Universidad Adventista ayuda a reconstruir casa de familia destruida por el fuego en el norte de M\u00e9xico"},"content":{"rendered":"<p><div id=\"attachment_82668\" style=\"width: 900px\" class=\"wp-caption aligncenter\"><img fetchpriority=\"high\" decoding=\"async\" aria-describedby=\"caption-attachment-82668\" class=\" wp-image-82668\" src=\"https:\/\/recursing-golick.147-182-135-0.plesk.page\/wp-content\/uploads\/2022\/03\/um-martha-rocha-home-clean-up-after-fire-1280-1024x640.jpg\" alt=\"\" width=\"890\" height=\"556\" srcset=\"https:\/\/interamerica.org\/wp-content\/uploads\/2022\/03\/um-martha-rocha-home-clean-up-after-fire-1280-1024x640.jpg 1024w, https:\/\/interamerica.org\/wp-content\/uploads\/2022\/03\/um-martha-rocha-home-clean-up-after-fire-1280-300x188.jpg 300w, https:\/\/interamerica.org\/wp-content\/uploads\/2022\/03\/um-martha-rocha-home-clean-up-after-fire-1280-768x480.jpg 768w, https:\/\/interamerica.org\/wp-content\/uploads\/2022\/03\/um-martha-rocha-home-clean-up-after-fire-1280.jpg 1280w\" sizes=\"(max-width: 890px) 100vw, 890px\" \/><p id=\"caption-attachment-82668\" class=\"wp-caption-text\">Estudiantes de la Universidad de Montemorelos limpian el hogar de Martha Rocha y sus hijos, despu\u00e9s de que un cortocircuito el\u00e9ctrico provoc\u00f3 un incendio que quem\u00f3 casi todo en su hogar el pasado 24 de febrero de 2022, en la Comunidad Mar\u00eda Ancer. Los servicios de gesti\u00f3n comunitaria y estudiantiles de la universidad han estado coordinando esfuerzos para brindar necesidades b\u00e1sicas tales como alimentos, art\u00edculos del hogar, y pronto ayudar\u00e1n con la reconstrucci\u00f3n de la casa. [Fotograf\u00eda: Universidad de Montemorelos]<\/p><\/div>17 de marzo de 2022 | Montemorelos, Nuevo Le\u00f3n, M\u00e9xico | Laura Marrero y Noticias de la Divisi\u00f3n Interamericana<\/p>\n<p>Cuando parte de la casa de Martha Rocha comenz\u00f3 a arder despu\u00e9s de que un cortocircuito el\u00e9ctrico dispar\u00f3 llamas dentro de su casa el mes pasado, ella y sus tres hijos estaban en otro lado cenando con familiares. Cuando regresaron, la mayor parte de sus pertenencias, incluidas camas, art\u00edculos del hogar, muebles y prendas de vestir, entre otras cosas, hab\u00edan sido consumidas completamente por el fuego.<\/p>\n<p>Aunque la estructura de la casa sobrevivi\u00f3, Rocha estaba desesperada. Junto con su hermano, ella hered\u00f3 la casa de sus padres. La casa est\u00e1 ubicada en la Comunidad Mar\u00eda Ancer, mejor conocida como Pancho Villa, no lejos de la Universidad de Montemorelos, que pertenece a la Iglesia Adventista.<\/p>\n<p><div id=\"attachment_82659\" style=\"width: 906px\" class=\"wp-caption aligncenter\"><img decoding=\"async\" aria-describedby=\"caption-attachment-82659\" class=\" wp-image-82659\" src=\"https:\/\/recursing-golick.147-182-135-0.plesk.page\/wp-content\/uploads\/2022\/03\/um-rocha-home2.jpg\" alt=\"\" width=\"896\" height=\"597\" srcset=\"https:\/\/interamerica.org\/wp-content\/uploads\/2022\/03\/um-rocha-home2.jpg 1000w, https:\/\/interamerica.org\/wp-content\/uploads\/2022\/03\/um-rocha-home2-300x200.jpg 300w, https:\/\/interamerica.org\/wp-content\/uploads\/2022\/03\/um-rocha-home2-768x511.jpg 768w\" sizes=\"(max-width: 896px) 100vw, 896px\" \/><p id=\"caption-attachment-82659\" class=\"wp-caption-text\">El professor Oscar Castillo, junto con estudiantes de la escuela de m\u00fasica, visita para evaluar la log\u00edstica de los recursos necesarios para cubrir las necesidades b\u00e1sicas. [Fotograf\u00eda: Universidad de Montemorelos]<\/p><\/div>\u201cElla no solo perdi\u00f3 la mayor parte de sus pertenencias materiales sino tambi\u00e9n los medios para ganar dinero para alimentar a sus hijos\u201d, dijo Nalda Hern\u00e1ndez, de la Universidad de Montemorelos, quien coordina gesti\u00f3n comunitaria y visi\u00f3n de servicio entre los estudiantes universitarios en las comunidades cercanas. \u201cEsto le ha producido mucho estr\u00e9s a Martha, quien ya ha estado luchando con problemas de salud como la diabetes, la hipertensi\u00f3n y la obesidad\u201d.<\/p>\n<p>Hern\u00e1ndez fue contactada por l\u00edderes de la comunidad que quisieron ayudarla. Adem\u00e1s, estudiantes de la Universidad de Montemorelos ayudaron inmediatamente a Rocha y su familia con la limpieza del hogar, y trabajaron para conseguir los recursos necesarios para ayudarla a reanudar sus medios de ganar dinero para sustentar a su familia.<\/p>\n<p>Estudiantes de ciencias de la salud y de la escuela de m\u00fasica comenzaron a limpiar la casa y los pocos art\u00edculos que Rocha y su familia lograron salvar. El personal de la instituci\u00f3n se sum\u00f3 a los esfuerzos para trabajar en la log\u00edstica de los fondos necesarios para ayudar a la familia, explic\u00f3 Hern\u00e1ndez.<\/p>\n<p><div id=\"attachment_82662\" style=\"width: 906px\" class=\"wp-caption aligncenter\"><img decoding=\"async\" aria-describedby=\"caption-attachment-82662\" class=\" wp-image-82662\" src=\"https:\/\/recursing-golick.147-182-135-0.plesk.page\/wp-content\/uploads\/2022\/03\/um-marta-rocha-outside.jpg\" alt=\"\" width=\"896\" height=\"597\" srcset=\"https:\/\/interamerica.org\/wp-content\/uploads\/2022\/03\/um-marta-rocha-outside.jpg 1000w, https:\/\/interamerica.org\/wp-content\/uploads\/2022\/03\/um-marta-rocha-outside-300x200.jpg 300w, https:\/\/interamerica.org\/wp-content\/uploads\/2022\/03\/um-marta-rocha-outside-768x511.jpg 768w\" sizes=\"(max-width: 896px) 100vw, 896px\" \/><p id=\"caption-attachment-82662\" class=\"wp-caption-text\">Los muebles, electrodom\u00e9sticos y otros art\u00edculos del hogar amontonados fuera del hogar de Martha Rocha y sus hijos. [Fotograf\u00eda: Universidad de Montemorelos]<\/p><\/div>\u201cPudimos reunir para sus necesidades b\u00e1sicas, como por ejemplo los alimentos, mientras se mudaron a vivir con un pariente all\u00ed cerca\u201d, dijo Hern\u00e1ndez.<\/p>\n<p>Adem\u00e1s de ello, profesionales de la escuela de arquitectura de Montemorelos han comenzado a evaluar y estudiar las fases de la reconstrucci\u00f3n de la casa, en especial el techo, dijeron los l\u00edderes de la universidad.<\/p>\n<p>Miembros de la iglesia de la universidad y la comunidad ya han estado aceptando art\u00edculos donados, equipamientos y dinero, y han registrado a voluntarios que los ayuden en la reconstrucci\u00f3n de la casa.<\/p>\n<p><div id=\"attachment_82665\" style=\"width: 870px\" class=\"wp-caption aligncenter\"><img loading=\"lazy\" decoding=\"async\" aria-describedby=\"caption-attachment-82665\" class=\" wp-image-82665\" src=\"https:\/\/recursing-golick.147-182-135-0.plesk.page\/wp-content\/uploads\/2022\/03\/um-martha-rocha-supplies.jpg\" alt=\"\" width=\"860\" height=\"573\" srcset=\"https:\/\/interamerica.org\/wp-content\/uploads\/2022\/03\/um-martha-rocha-supplies.jpg 1000w, https:\/\/interamerica.org\/wp-content\/uploads\/2022\/03\/um-martha-rocha-supplies-300x200.jpg 300w, https:\/\/interamerica.org\/wp-content\/uploads\/2022\/03\/um-martha-rocha-supplies-768x511.jpg 768w\" sizes=\"(max-width: 860px) 100vw, 860px\" \/><p id=\"caption-attachment-82665\" class=\"wp-caption-text\">Algunos de los art\u00edculos que la familia logr\u00f3 salvar quedaron dentro de la estructura que qued\u00f3 de su casa. [Fotograf\u00eda: Universidad de Montemorelos]<\/p><\/div>\u201cComo parte del apoyo que se le ofreci\u00f3 a la familia Rocha, la universidad se comunic\u00f3 con el Centro de Atenci\u00f3n Familiar en el campus para brindarle apoyo psicol\u00f3gico y brindarle herramientas para vencer la crisis que han atravesado\u201d, dijo Hern\u00e1ndez. A\u00fan se necesitan recursos financieros y apoyo para que Rocha puede restablecer su casa y salir adelante con su familia, a\u00f1adi\u00f3. \u201cAhora es el momento de poner la mission en acci\u00f3n\u201d, dijo Hern\u00e1ndez.<\/p>\n<p>Se est\u00e1n haciendo planes de distribuir camas, colchones y ayuda financiera para la familia. Los coordinadores de servicio comunitario esperan ver muy pronto la reconstrucci\u00f3n de la casa, para que la familia Rocha pueda regresar a su hogar.<\/p>\n<p>Para saber m\u00e1s sobre la obra comunitaria que lleva adelante la Universidad de Montemorelos en las comunidades cercanas, ingrese a <a href=\"https:\/\/www.um.edu.mx\/\">um.edu.mx<\/a><\/p>\n<p>Traducci\u00f3n de Marcos Paseggi<\/p>\n","protected":false},"excerpt":{"rendered":"<p>17 de marzo de 2022 | Montemorelos, Nuevo Le\u00f3n, M\u00e9xico | Laura Marrero y Noticias de la Divisi\u00f3n Interamericana Cuando parte de la casa de Martha Rocha comenz\u00f3 a arder&#8230;<\/p>\n","protected":false},"author":3,"featured_media":82656,"comment_status":"closed","ping_status":"closed","sticky":false,"template":"","format":"standard","meta":{"_acf_changed":false,"footnotes":""},"categories":[16,15],"tags":[],"class_list":["post-82680","post","type-post","status-publish","format-standard","has-post-thumbnail","hentry","category-desde-la-sede","category-rss-espanol"],"acf":[],"yoast_head":"<!-- This site is optimized with the Yoast SEO plugin v27.3 - https:\/\/yoast.com\/product\/yoast-seo-wordpress\/ -->\n<title>Universidad Adventista ayuda a reconstruir casa de familia destruida por el fuego en el norte de M\u00e9xico - Iglesia Adventista del S\u00e9ptimo D\u00eda - Divisi\u00f3n Interamericana<\/title>\n<meta name=\"robots\" content=\"index, follow, max-snippet:-1, max-image-preview:large, max-video-preview:-1\" \/>\n<link rel=\"canonical\" href=\"https:\/\/interamerica.org\/es\/2022\/03\/universidad-adventista-ayuda-a-reconstruir-casa-de-familia-destruida-por-el-fuego-en-el-norte-de-mexico\/\" \/>\n<meta property=\"og:locale\" content=\"es_ES\" \/>\n<meta property=\"og:type\" content=\"article\" \/>\n<meta property=\"og:title\" content=\"Universidad Adventista ayuda a reconstruir casa de familia destruida por el fuego en el norte de M\u00e9xico - Iglesia Adventista del S\u00e9ptimo D\u00eda - Divisi\u00f3n Interamericana\" \/>\n<meta property=\"og:description\" content=\"17 de marzo de 2022 | Montemorelos, Nuevo Le\u00f3n, M\u00e9xico | Laura Marrero y Noticias de la Divisi\u00f3n Interamericana Cuando parte de la casa de Martha Rocha comenz\u00f3 a arder...\" \/>\n<meta property=\"og:url\" content=\"https:\/\/interamerica.org\/es\/2022\/03\/universidad-adventista-ayuda-a-reconstruir-casa-de-familia-destruida-por-el-fuego-en-el-norte-de-mexico\/\" \/>\n<meta property=\"og:site_name\" content=\"Iglesia Adventista del S\u00e9ptimo D\u00eda - Divisi\u00f3n Interamericana\" \/>\n<meta property=\"article:published_time\" content=\"2022-03-18T11:33:59+00:00\" \/>\n<meta property=\"article:modified_time\" content=\"2022-04-05T14:15:39+00:00\" \/>\n<meta property=\"og:image\" content=\"https:\/\/interamerica.org\/wp-content\/uploads\/2022\/03\/um-martha-rocha-home-clean-up-after-fire.jpg\" \/>\n\t<meta property=\"og:image:width\" content=\"1280\" \/>\n\t<meta property=\"og:image:height\" content=\"800\" \/>\n\t<meta property=\"og:image:type\" content=\"image\/jpeg\" \/>\n<meta name=\"author\" content=\"libna\" \/>\n<meta name=\"twitter:card\" content=\"summary_large_image\" \/>\n<meta name=\"twitter:label1\" content=\"Escrito por\" \/>\n\t<meta name=\"twitter:data1\" content=\"libna\" \/>\n\t<meta name=\"twitter:label2\" content=\"Tiempo de lectura\" \/>\n\t<meta name=\"twitter:data2\" content=\"4 minutos\" \/>\n<script type=\"application\/ld+json\" class=\"yoast-schema-graph\">{\"@context\":\"https:\\\/\\\/schema.org\",\"@graph\":[{\"@type\":\"Article\",\"@id\":\"https:\\\/\\\/interamerica.org\\\/es\\\/2022\\\/03\\\/universidad-adventista-ayuda-a-reconstruir-casa-de-familia-destruida-por-el-fuego-en-el-norte-de-mexico\\\/#article\",\"isPartOf\":{\"@id\":\"https:\\\/\\\/interamerica.org\\\/es\\\/2022\\\/03\\\/universidad-adventista-ayuda-a-reconstruir-casa-de-familia-destruida-por-el-fuego-en-el-norte-de-mexico\\\/\"},\"author\":{\"name\":\"libna\",\"@id\":\"https:\\\/\\\/interamerica.org\\\/es\\\/#\\\/schema\\\/person\\\/29998f2bc2d8bd0d38662909289b54f1\"},\"headline\":\"Universidad Adventista ayuda a reconstruir casa de familia destruida por el fuego en el norte de M\u00e9xico\",\"datePublished\":\"2022-03-18T11:33:59+00:00\",\"dateModified\":\"2022-04-05T14:15:39+00:00\",\"mainEntityOfPage\":{\"@id\":\"https:\\\/\\\/interamerica.org\\\/es\\\/2022\\\/03\\\/universidad-adventista-ayuda-a-reconstruir-casa-de-familia-destruida-por-el-fuego-en-el-norte-de-mexico\\\/\"},\"wordCount\":793,\"image\":{\"@id\":\"https:\\\/\\\/interamerica.org\\\/es\\\/2022\\\/03\\\/universidad-adventista-ayuda-a-reconstruir-casa-de-familia-destruida-por-el-fuego-en-el-norte-de-mexico\\\/#primaryimage\"},\"thumbnailUrl\":\"https:\\\/\\\/interamerica.org\\\/wp-content\\\/uploads\\\/2022\\\/03\\\/um-martha-rocha-home-clean-up-after-fire.jpg\",\"articleSection\":[\"Desde la sede\",\"RSS Espa\u00f1ol\"],\"inLanguage\":\"es\"},{\"@type\":\"WebPage\",\"@id\":\"https:\\\/\\\/interamerica.org\\\/es\\\/2022\\\/03\\\/universidad-adventista-ayuda-a-reconstruir-casa-de-familia-destruida-por-el-fuego-en-el-norte-de-mexico\\\/\",\"url\":\"https:\\\/\\\/interamerica.org\\\/es\\\/2022\\\/03\\\/universidad-adventista-ayuda-a-reconstruir-casa-de-familia-destruida-por-el-fuego-en-el-norte-de-mexico\\\/\",\"name\":\"Universidad Adventista ayuda a reconstruir casa de familia destruida por el fuego en el norte de M\u00e9xico - Iglesia Adventista del S\u00e9ptimo D\u00eda - Divisi\u00f3n Interamericana\",\"isPartOf\":{\"@id\":\"https:\\\/\\\/interamerica.org\\\/es\\\/#website\"},\"primaryImageOfPage\":{\"@id\":\"https:\\\/\\\/interamerica.org\\\/es\\\/2022\\\/03\\\/universidad-adventista-ayuda-a-reconstruir-casa-de-familia-destruida-por-el-fuego-en-el-norte-de-mexico\\\/#primaryimage\"},\"image\":{\"@id\":\"https:\\\/\\\/interamerica.org\\\/es\\\/2022\\\/03\\\/universidad-adventista-ayuda-a-reconstruir-casa-de-familia-destruida-por-el-fuego-en-el-norte-de-mexico\\\/#primaryimage\"},\"thumbnailUrl\":\"https:\\\/\\\/interamerica.org\\\/wp-content\\\/uploads\\\/2022\\\/03\\\/um-martha-rocha-home-clean-up-after-fire.jpg\",\"datePublished\":\"2022-03-18T11:33:59+00:00\",\"dateModified\":\"2022-04-05T14:15:39+00:00\",\"author\":{\"@id\":\"https:\\\/\\\/interamerica.org\\\/es\\\/#\\\/schema\\\/person\\\/29998f2bc2d8bd0d38662909289b54f1\"},\"breadcrumb\":{\"@id\":\"https:\\\/\\\/interamerica.org\\\/es\\\/2022\\\/03\\\/universidad-adventista-ayuda-a-reconstruir-casa-de-familia-destruida-por-el-fuego-en-el-norte-de-mexico\\\/#breadcrumb\"},\"inLanguage\":\"es\",\"potentialAction\":[{\"@type\":\"ReadAction\",\"target\":[\"https:\\\/\\\/interamerica.org\\\/es\\\/2022\\\/03\\\/universidad-adventista-ayuda-a-reconstruir-casa-de-familia-destruida-por-el-fuego-en-el-norte-de-mexico\\\/\"]}]},{\"@type\":\"ImageObject\",\"inLanguage\":\"es\",\"@id\":\"https:\\\/\\\/interamerica.org\\\/es\\\/2022\\\/03\\\/universidad-adventista-ayuda-a-reconstruir-casa-de-familia-destruida-por-el-fuego-en-el-norte-de-mexico\\\/#primaryimage\",\"url\":\"https:\\\/\\\/interamerica.org\\\/wp-content\\\/uploads\\\/2022\\\/03\\\/um-martha-rocha-home-clean-up-after-fire.jpg\",\"contentUrl\":\"https:\\\/\\\/interamerica.org\\\/wp-content\\\/uploads\\\/2022\\\/03\\\/um-martha-rocha-home-clean-up-after-fire.jpg\",\"width\":1280,\"height\":800},{\"@type\":\"BreadcrumbList\",\"@id\":\"https:\\\/\\\/interamerica.org\\\/es\\\/2022\\\/03\\\/universidad-adventista-ayuda-a-reconstruir-casa-de-familia-destruida-por-el-fuego-en-el-norte-de-mexico\\\/#breadcrumb\",\"itemListElement\":[{\"@type\":\"ListItem\",\"position\":1,\"name\":\"Home\",\"item\":\"https:\\\/\\\/interamerica.org\\\/es\\\/\"},{\"@type\":\"ListItem\",\"position\":2,\"name\":\"Universidad Adventista ayuda a reconstruir casa de familia destruida por el fuego en el norte de M\u00e9xico\"}]},{\"@type\":\"WebSite\",\"@id\":\"https:\\\/\\\/interamerica.org\\\/es\\\/#website\",\"url\":\"https:\\\/\\\/interamerica.org\\\/es\\\/\",\"name\":\"Iglesia Adventista del S\u00e9ptimo D\u00eda - Divisi\u00f3n Interamericana\",\"description\":\"\",\"potentialAction\":[{\"@type\":\"SearchAction\",\"target\":{\"@type\":\"EntryPoint\",\"urlTemplate\":\"https:\\\/\\\/interamerica.org\\\/es\\\/?s={search_term_string}\"},\"query-input\":{\"@type\":\"PropertyValueSpecification\",\"valueRequired\":true,\"valueName\":\"search_term_string\"}}],\"inLanguage\":\"es\"},{\"@type\":\"Person\",\"@id\":\"https:\\\/\\\/interamerica.org\\\/es\\\/#\\\/schema\\\/person\\\/29998f2bc2d8bd0d38662909289b54f1\",\"name\":\"libna\",\"image\":{\"@type\":\"ImageObject\",\"inLanguage\":\"es\",\"@id\":\"https:\\\/\\\/secure.gravatar.com\\\/avatar\\\/7c5bd30ae4b47a9ba3c856590957fd1d96dc588bf3ac05719d247e126840331f?s=96&d=mm&r=g\",\"url\":\"https:\\\/\\\/secure.gravatar.com\\\/avatar\\\/7c5bd30ae4b47a9ba3c856590957fd1d96dc588bf3ac05719d247e126840331f?s=96&d=mm&r=g\",\"contentUrl\":\"https:\\\/\\\/secure.gravatar.com\\\/avatar\\\/7c5bd30ae4b47a9ba3c856590957fd1d96dc588bf3ac05719d247e126840331f?s=96&d=mm&r=g\",\"caption\":\"libna\"}}]}<\/script>\n<!-- \/ Yoast SEO plugin. -->","yoast_head_json":{"title":"Universidad Adventista ayuda a reconstruir casa de familia destruida por el fuego en el norte de M\u00e9xico - Iglesia Adventista del S\u00e9ptimo D\u00eda - Divisi\u00f3n Interamericana","robots":{"index":"index","follow":"follow","max-snippet":"max-snippet:-1","max-image-preview":"max-image-preview:large","max-video-preview":"max-video-preview:-1"},"canonical":"https:\/\/interamerica.org\/es\/2022\/03\/universidad-adventista-ayuda-a-reconstruir-casa-de-familia-destruida-por-el-fuego-en-el-norte-de-mexico\/","og_locale":"es_ES","og_type":"article","og_title":"Universidad Adventista ayuda a reconstruir casa de familia destruida por el fuego en el norte de M\u00e9xico - Iglesia Adventista del S\u00e9ptimo D\u00eda - Divisi\u00f3n Interamericana","og_description":"17 de marzo de 2022 | Montemorelos, Nuevo Le\u00f3n, M\u00e9xico | Laura Marrero y Noticias de la Divisi\u00f3n Interamericana Cuando parte de la casa de Martha Rocha comenz\u00f3 a arder...","og_url":"https:\/\/interamerica.org\/es\/2022\/03\/universidad-adventista-ayuda-a-reconstruir-casa-de-familia-destruida-por-el-fuego-en-el-norte-de-mexico\/","og_site_name":"Iglesia Adventista del S\u00e9ptimo D\u00eda - Divisi\u00f3n Interamericana","article_published_time":"2022-03-18T11:33:59+00:00","article_modified_time":"2022-04-05T14:15:39+00:00","og_image":[{"width":1280,"height":800,"url":"https:\/\/interamerica.org\/wp-content\/uploads\/2022\/03\/um-martha-rocha-home-clean-up-after-fire.jpg","type":"image\/jpeg"}],"author":"libna","twitter_card":"summary_large_image","twitter_misc":{"Escrito por":"libna","Tiempo de lectura":"4 minutos"},"schema":{"@context":"https:\/\/schema.org","@graph":[{"@type":"Article","@id":"https:\/\/interamerica.org\/es\/2022\/03\/universidad-adventista-ayuda-a-reconstruir-casa-de-familia-destruida-por-el-fuego-en-el-norte-de-mexico\/#article","isPartOf":{"@id":"https:\/\/interamerica.org\/es\/2022\/03\/universidad-adventista-ayuda-a-reconstruir-casa-de-familia-destruida-por-el-fuego-en-el-norte-de-mexico\/"},"author":{"name":"libna","@id":"https:\/\/interamerica.org\/es\/#\/schema\/person\/29998f2bc2d8bd0d38662909289b54f1"},"headline":"Universidad Adventista ayuda a reconstruir casa de familia destruida por el fuego en el norte de M\u00e9xico","datePublished":"2022-03-18T11:33:59+00:00","dateModified":"2022-04-05T14:15:39+00:00","mainEntityOfPage":{"@id":"https:\/\/interamerica.org\/es\/2022\/03\/universidad-adventista-ayuda-a-reconstruir-casa-de-familia-destruida-por-el-fuego-en-el-norte-de-mexico\/"},"wordCount":793,"image":{"@id":"https:\/\/interamerica.org\/es\/2022\/03\/universidad-adventista-ayuda-a-reconstruir-casa-de-familia-destruida-por-el-fuego-en-el-norte-de-mexico\/#primaryimage"},"thumbnailUrl":"https:\/\/interamerica.org\/wp-content\/uploads\/2022\/03\/um-martha-rocha-home-clean-up-after-fire.jpg","articleSection":["Desde la sede","RSS Espa\u00f1ol"],"inLanguage":"es"},{"@type":"WebPage","@id":"https:\/\/interamerica.org\/es\/2022\/03\/universidad-adventista-ayuda-a-reconstruir-casa-de-familia-destruida-por-el-fuego-en-el-norte-de-mexico\/","url":"https:\/\/interamerica.org\/es\/2022\/03\/universidad-adventista-ayuda-a-reconstruir-casa-de-familia-destruida-por-el-fuego-en-el-norte-de-mexico\/","name":"Universidad Adventista ayuda a reconstruir casa de familia destruida por el fuego en el norte de M\u00e9xico - Iglesia Adventista del S\u00e9ptimo D\u00eda - Divisi\u00f3n Interamericana","isPartOf":{"@id":"https:\/\/interamerica.org\/es\/#website"},"primaryImageOfPage":{"@id":"https:\/\/interamerica.org\/es\/2022\/03\/universidad-adventista-ayuda-a-reconstruir-casa-de-familia-destruida-por-el-fuego-en-el-norte-de-mexico\/#primaryimage"},"image":{"@id":"https:\/\/interamerica.org\/es\/2022\/03\/universidad-adventista-ayuda-a-reconstruir-casa-de-familia-destruida-por-el-fuego-en-el-norte-de-mexico\/#primaryimage"},"thumbnailUrl":"https:\/\/interamerica.org\/wp-content\/uploads\/2022\/03\/um-martha-rocha-home-clean-up-after-fire.jpg","datePublished":"2022-03-18T11:33:59+00:00","dateModified":"2022-04-05T14:15:39+00:00","author":{"@id":"https:\/\/interamerica.org\/es\/#\/schema\/person\/29998f2bc2d8bd0d38662909289b54f1"},"breadcrumb":{"@id":"https:\/\/interamerica.org\/es\/2022\/03\/universidad-adventista-ayuda-a-reconstruir-casa-de-familia-destruida-por-el-fuego-en-el-norte-de-mexico\/#breadcrumb"},"inLanguage":"es","potentialAction":[{"@type":"ReadAction","target":["https:\/\/interamerica.org\/es\/2022\/03\/universidad-adventista-ayuda-a-reconstruir-casa-de-familia-destruida-por-el-fuego-en-el-norte-de-mexico\/"]}]},{"@type":"ImageObject","inLanguage":"es","@id":"https:\/\/interamerica.org\/es\/2022\/03\/universidad-adventista-ayuda-a-reconstruir-casa-de-familia-destruida-por-el-fuego-en-el-norte-de-mexico\/#primaryimage","url":"https:\/\/interamerica.org\/wp-content\/uploads\/2022\/03\/um-martha-rocha-home-clean-up-after-fire.jpg","contentUrl":"https:\/\/interamerica.org\/wp-content\/uploads\/2022\/03\/um-martha-rocha-home-clean-up-after-fire.jpg","width":1280,"height":800},{"@type":"BreadcrumbList","@id":"https:\/\/interamerica.org\/es\/2022\/03\/universidad-adventista-ayuda-a-reconstruir-casa-de-familia-destruida-por-el-fuego-en-el-norte-de-mexico\/#breadcrumb","itemListElement":[{"@type":"ListItem","position":1,"name":"Home","item":"https:\/\/interamerica.org\/es\/"},{"@type":"ListItem","position":2,"name":"Universidad Adventista ayuda a reconstruir casa de familia destruida por el fuego en el norte de M\u00e9xico"}]},{"@type":"WebSite","@id":"https:\/\/interamerica.org\/es\/#website","url":"https:\/\/interamerica.org\/es\/","name":"Iglesia Adventista del S\u00e9ptimo D\u00eda - Divisi\u00f3n Interamericana","description":"","potentialAction":[{"@type":"SearchAction","target":{"@type":"EntryPoint","urlTemplate":"https:\/\/interamerica.org\/es\/?s={search_term_string}"},"query-input":{"@type":"PropertyValueSpecification","valueRequired":true,"valueName":"search_term_string"}}],"inLanguage":"es"},{"@type":"Person","@id":"https:\/\/interamerica.org\/es\/#\/schema\/person\/29998f2bc2d8bd0d38662909289b54f1","name":"libna","image":{"@type":"ImageObject","inLanguage":"es","@id":"https:\/\/secure.gravatar.com\/avatar\/7c5bd30ae4b47a9ba3c856590957fd1d96dc588bf3ac05719d247e126840331f?s=96&d=mm&r=g","url":"https:\/\/secure.gravatar.com\/avatar\/7c5bd30ae4b47a9ba3c856590957fd1d96dc588bf3ac05719d247e126840331f?s=96&d=mm&r=g","contentUrl":"https:\/\/secure.gravatar.com\/avatar\/7c5bd30ae4b47a9ba3c856590957fd1d96dc588bf3ac05719d247e126840331f?s=96&d=mm&r=g","caption":"libna"}}]}},"_links":{"self":[{"href":"https:\/\/interamerica.org\/es\/wp-json\/wp\/v2\/posts\/82680","targetHints":{"allow":["GET"]}}],"collection":[{"href":"https:\/\/interamerica.org\/es\/wp-json\/wp\/v2\/posts"}],"about":[{"href":"https:\/\/interamerica.org\/es\/wp-json\/wp\/v2\/types\/post"}],"author":[{"embeddable":true,"href":"https:\/\/interamerica.org\/es\/wp-json\/wp\/v2\/users\/3"}],"replies":[{"embeddable":true,"href":"https:\/\/interamerica.org\/es\/wp-json\/wp\/v2\/comments?post=82680"}],"version-history":[{"count":0,"href":"https:\/\/interamerica.org\/es\/wp-json\/wp\/v2\/posts\/82680\/revisions"}],"wp:featuredmedia":[{"embeddable":true,"href":"https:\/\/interamerica.org\/es\/wp-json\/wp\/v2\/media\/82656"}],"wp:attachment":[{"href":"https:\/\/interamerica.org\/es\/wp-json\/wp\/v2\/media?parent=82680"}],"wp:term":[{"taxonomy":"category","embeddable":true,"href":"https:\/\/interamerica.org\/es\/wp-json\/wp\/v2\/categories?post=82680"},{"taxonomy":"post_tag","embeddable":true,"href":"https:\/\/interamerica.org\/es\/wp-json\/wp\/v2\/tags?post=82680"}],"curies":[{"name":"wp","href":"https:\/\/api.w.org\/{rel}","templated":true}]}}