{"id":82681,"date":"2022-03-17T20:45:17","date_gmt":"2022-03-18T00:45:17","guid":{"rendered":"https:\/\/recursing-golick.147-182-135-0.plesk.page\/?p=82681"},"modified":"2022-03-18T09:14:09","modified_gmt":"2022-03-18T13:14:09","slug":"en-mexico-mas-de-15-mil-jovenes-limpian-calles-en-anticipo-del-dia-mundial-de-la-juventud","status":"publish","type":"post","link":"https:\/\/interamerica.org\/es\/2022\/03\/en-mexico-mas-de-15-mil-jovenes-limpian-calles-en-anticipo-del-dia-mundial-de-la-juventud\/","title":{"rendered":"En M\u00e9xico, m\u00e1s de 15 mil j\u00f3venes limpian calles en anticipo del D\u00eda Mundial de la Juventud"},"content":{"rendered":"<p><div id=\"attachment_82635\" style=\"width: 887px\" class=\"wp-caption aligncenter\"><img fetchpriority=\"high\" decoding=\"async\" aria-describedby=\"caption-attachment-82635\" class=\" wp-image-82635\" src=\"https:\/\/recursing-golick.147-182-135-0.plesk.page\/wp-content\/uploads\/2022\/03\/chiapas-limpia-tu-ciudad-rake-1024x681.jpg\" alt=\"\" width=\"877\" height=\"583\" srcset=\"https:\/\/interamerica.org\/wp-content\/uploads\/2022\/03\/chiapas-limpia-tu-ciudad-rake-1024x681.jpg 1024w, https:\/\/interamerica.org\/wp-content\/uploads\/2022\/03\/chiapas-limpia-tu-ciudad-rake-300x199.jpg 300w, https:\/\/interamerica.org\/wp-content\/uploads\/2022\/03\/chiapas-limpia-tu-ciudad-rake-768x511.jpg 768w, https:\/\/interamerica.org\/wp-content\/uploads\/2022\/03\/chiapas-limpia-tu-ciudad-rake.jpg 1083w\" sizes=\"(max-width: 877px) 100vw, 877px\" \/><p id=\"caption-attachment-82635\" class=\"wp-caption-text\">J\u00f3venes adventistas rastrillan escombros y embellecen \u00e1reas p\u00fablicas en la regi\u00f3n sur de Chiapas, M\u00e9xico, el 13 de marzo de 2022. El grupo es parte de m\u00e1s de 15 mil j\u00f3venes que salieron a las calles en sus ciudades, comunidades, parques y espacios p\u00fablicos, como parte de la iniciativa de la iglesia \u201cLimpia tu ciudad\u201d, una semana antes del D\u00eda Mundial de la Juventud de la Iglesia Adventista. [Fotograf\u00eda: Uni\u00f3n Mexicana de Chiapas]<\/p><\/div>17 de marzo de 2022 | Tuxtla Guti\u00e9rrez, Chiapas, M\u00e9xico | Uriel Castellanos y Noticias de la Divisi\u00f3n Interamericana<\/p>\n<p>Una semana antes del D\u00eda Mundial de la Juventud de la Iglesia Adventista, m\u00e1s de 15 mil adventistas de Chiapas, M\u00e9xico, salieron a las calles, parques y espacios p\u00fablicos el pasado 13 de marzo de 2022 para limpiar e inspirar a otros a sumarse a sus esfuerzos.<\/p>\n<p>Desde muy temprano, muchos clubes de j\u00f3venes locales vistieron sus pa\u00f1uelos de Aventureros, Conquistadores y Gu\u00edas Mayores, o sus camisetas con el lema \u201cLa Esperanza Final\u201d, mientras barr\u00edan, limpiaban y juntaban los desperdicios.<\/p>\n<p><div id=\"attachment_82638\" style=\"width: 858px\" class=\"wp-caption aligncenter\"><img decoding=\"async\" aria-describedby=\"caption-attachment-82638\" class=\" wp-image-82638\" src=\"https:\/\/recursing-golick.147-182-135-0.plesk.page\/wp-content\/uploads\/2022\/03\/chiapas-limbia-tu-ciudad-garbagetruck.png\" alt=\"\" width=\"848\" height=\"633\" srcset=\"https:\/\/interamerica.org\/wp-content\/uploads\/2022\/03\/chiapas-limbia-tu-ciudad-garbagetruck.png 900w, https:\/\/interamerica.org\/wp-content\/uploads\/2022\/03\/chiapas-limbia-tu-ciudad-garbagetruck-300x224.png 300w, https:\/\/interamerica.org\/wp-content\/uploads\/2022\/03\/chiapas-limbia-tu-ciudad-garbagetruck-768x573.png 768w\" sizes=\"(max-width: 848px) 100vw, 848px\" \/><p id=\"caption-attachment-82638\" class=\"wp-caption-text\">J\u00f3venes de Motozintla, en el sur de Chiapas, cargan bolsas de residuos que les brindaron las autoridades locales. [Fotograf\u00eda: Uni\u00f3n Mexicana de Chiapas]<\/p><\/div>La iniciativa en todo el estado de la iglesia, denominada \u201cLimpia tu ciudad\u201d, fue creada hace tres a\u00f1os por los ministerios j\u00f3venes de Chiapas, para motivar a los j\u00f3venes y a los viejos a que cuiden del medio ambiente como mayordomos de Dios, dijo el pastor Daniel Torreblanca, director de ministerios j\u00f3venes de la Iglesia Adventista en Chiapas.<\/p>\n<p>\u201cDebido a la pandemia, los j\u00f3venes no hab\u00edan sido capaces de limpiar libremente las calles de Tuxtla Guti\u00e9rrez seg\u00fan era su intenci\u00f3n, pero este a\u00f1o, lograron motivar a los j\u00f3venes para que limpien sus ciudades y comunidades\u201d, dijo Torreblanca.<\/p>\n<p>\u201cNos agrad\u00f3 tanto ver a los ni\u00f1os y j\u00f3venes que pasaron limpiando porque tienen en claro su funci\u00f3n de ser buenos mayordomos\u201d, explic\u00f3 Torreblanca. Al mismo tiempo, la iniciativa est\u00e1 ense\u00f1ando a los j\u00f3venes que participar de la actividad es parte de enviar un mensaje sobre la creaci\u00f3n, lo que es un serm\u00f3n tranquilo y efectivo, a\u00f1adi\u00f3.<\/p>\n<p><div id=\"attachment_82641\" style=\"width: 844px\" class=\"wp-caption aligncenter\"><img decoding=\"async\" aria-describedby=\"caption-attachment-82641\" class=\" wp-image-82641\" src=\"https:\/\/recursing-golick.147-182-135-0.plesk.page\/wp-content\/uploads\/2022\/03\/chiapas-limpia-tu-ciudad-park.png\" alt=\"\" width=\"834\" height=\"622\" srcset=\"https:\/\/interamerica.org\/wp-content\/uploads\/2022\/03\/chiapas-limpia-tu-ciudad-park.png 900w, https:\/\/interamerica.org\/wp-content\/uploads\/2022\/03\/chiapas-limpia-tu-ciudad-park-300x224.png 300w, https:\/\/interamerica.org\/wp-content\/uploads\/2022\/03\/chiapas-limpia-tu-ciudad-park-768x573.png 768w\" sizes=\"(max-width: 834px) 100vw, 834px\" \/><p id=\"caption-attachment-82641\" class=\"wp-caption-text\">Con escobas en las manos, los j\u00f3venes limpian el parque central en El Limar, en la parte norte de Chiapas. [Fotograf\u00eda: Uni\u00f3n Mexicana de Chiapas]<\/p><\/div>En Tuxtla Guti\u00e9rrez, la ciudad capital, cerca de 1500 j\u00f3venes limpiaron el lecho en los alrededores del R\u00edo Sabinal, sum\u00e1ndose a los esfuerzos de las autoridades municipales en una campa\u00f1a por restaurar la zona de drenaje que atraviesa la ciudad y que fue usada previamente como canal para aguas servidas.<\/p>\n<p>Carlos Morales, el presidente municipal de Tuxtla Guti\u00e9rrez, se reuni\u00f3 con los j\u00f3venes voluntarios para felicitarlos por su esp\u00edritu de servicio, y agradeci\u00f3 a la iglesia por hacer del mundo un lugar mejor.<\/p>\n<p>A lo largo y a lo ancho de Chiapas, los l\u00edderes municipales visitaron a los j\u00f3venes, all\u00ed donde estaban prestando servicios para felicitarlos.<\/p>\n<p><div id=\"attachment_82646\" style=\"width: 853px\" class=\"wp-caption aligncenter\"><img loading=\"lazy\" decoding=\"async\" aria-describedby=\"caption-attachment-82646\" class=\" wp-image-82646\" src=\"https:\/\/recursing-golick.147-182-135-0.plesk.page\/wp-content\/uploads\/2022\/03\/chiapas-climpia-tu-ciudad.png\" alt=\"\" width=\"843\" height=\"528\" srcset=\"https:\/\/interamerica.org\/wp-content\/uploads\/2022\/03\/chiapas-climpia-tu-ciudad.png 1000w, https:\/\/interamerica.org\/wp-content\/uploads\/2022\/03\/chiapas-climpia-tu-ciudad-300x188.png 300w, https:\/\/interamerica.org\/wp-content\/uploads\/2022\/03\/chiapas-climpia-tu-ciudad-768x480.png 768w\" sizes=\"(max-width: 843px) 100vw, 843px\" \/><p id=\"caption-attachment-82646\" class=\"wp-caption-text\">Los j\u00f3venes agitan la mano mientras sostienen una bolsa de residuos que recolectaron en Comit\u00e1n, Chiapas. [Fotograf\u00eda: Uni\u00f3n Mexicana de Chiapas]<\/p><\/div>El pastor Ignacio Navarro, presidente de la Iglesia Adventista en Chiapas, expres\u00f3 cu\u00e1n satisfecho estaba por el entusiasmo y el compromiso de tantos ni\u00f1os y j\u00f3venes durante la limpieza. \u201cEsto es simplemente una demostraci\u00f3n de que la iglesia se interesa en la sociedad y presenta a Jes\u00fas en nuestras ciudades y comunidades por medio del mensaje pr\u00e1ctico del evangelio\u201d, dijo Navarro.<\/p>\n<p>Muchos transe\u00fantes se unieron a los j\u00f3venes durante la actividad de limpieza, dijeron los l\u00edderes de la iglesia. El evento fue cubierto por la televisi\u00f3n y los medios impresos.<\/p>\n<p>\u201cMe siento muy alegre de ver que tantos ni\u00f1os se han involucrado en la tarea de limpieza, de ver que a esa edad tan temprana tienen la motivaci\u00f3n en nombre de la Iglesia Adventista de cuidar del medio ambiente, dijo \u00c9lida Garc\u00eda, residente de Huixtla, en la parte sur del estado.<\/p>\n<p><div id=\"attachment_82629\" style=\"width: 852px\" class=\"wp-caption aligncenter\"><img loading=\"lazy\" decoding=\"async\" aria-describedby=\"caption-attachment-82629\" class=\" wp-image-82629\" src=\"https:\/\/recursing-golick.147-182-135-0.plesk.page\/wp-content\/uploads\/2022\/03\/chiapas-limpia-tu-ciudad-group-rio-sabinal.jpg\" alt=\"\" width=\"842\" height=\"526\" srcset=\"https:\/\/interamerica.org\/wp-content\/uploads\/2022\/03\/chiapas-limpia-tu-ciudad-group-rio-sabinal.jpg 1000w, https:\/\/interamerica.org\/wp-content\/uploads\/2022\/03\/chiapas-limpia-tu-ciudad-group-rio-sabinal-300x188.jpg 300w, https:\/\/interamerica.org\/wp-content\/uploads\/2022\/03\/chiapas-limpia-tu-ciudad-group-rio-sabinal-768x480.jpg 768w\" sizes=\"(max-width: 842px) 100vw, 842px\" \/><p id=\"caption-attachment-82629\" class=\"wp-caption-text\">Un grupo de j\u00f3venes posan para una fotograf\u00eda despu\u00e9s de limpiar la zona del R\u00edo Sabinal en Tuxtla Guti\u00e9rrez. [Fotograf\u00eda: Uni\u00f3n Mexicana de Chiapas]<\/p><\/div>La iniciativa \u201cLimpia tu ciudad\u201d fue organizada como parte de la campa\u00f1a de impacto nacional dirigida por la Iglesia Adventista de M\u00e9xico. La campa\u00f1a, denominada \u201cLa esperanza final\u201d, busca la distribuci\u00f3n de tres millones de ejemplares del libro misionero titulado <em>La esperanza final <\/em> de Clifford Goldstein. M\u00e1s de 800 mil adventistas de M\u00e9xico distribuir\u00e1n los libros el D\u00eda Mundial de la Juventud el pr\u00f3ximo 19 de marzo de 2022.<\/p>\n<p>Para saber m\u00e1s sobre la Iglesia Adventista del S\u00e9ptimo D\u00eda en Chiapas, M\u00e9xico, una de cinco grandes regiones de M\u00e9xico, ingrese a <a href=\"https:\/\/urldefense.proofpoint.com\/v2\/url?u=http-3A__umch.org.mx_&amp;d=DwMFaQ&amp;c=tjPg1sbLxZ1bjgTYa5hhdyzvrRQ5lIm-1PubXARxg7w&amp;r=QRxhZ6zzWfakIxmZLcYU5ZN_w8zIA8rJMh2h-7AoibY&amp;m=dGJW1Pg4tG_CwbBXckgL5vgv8AcJc7XzSrwYEaNf_wQ7KYgjlLmEqFRVrsDKlhmN&amp;s=wtHvuOtvgMFBwlDlwjMU4-eUS2x6rSOZ0TB4Zb2lIbU&amp;e=\" data-saferedirecturl=\"https:\/\/www.google.com\/url?q=https:\/\/urldefense.proofpoint.com\/v2\/url?u%3Dhttp-3A__umch.org.mx_%26d%3DDwMFaQ%26c%3DtjPg1sbLxZ1bjgTYa5hhdyzvrRQ5lIm-1PubXARxg7w%26r%3DQRxhZ6zzWfakIxmZLcYU5ZN_w8zIA8rJMh2h-7AoibY%26m%3DdGJW1Pg4tG_CwbBXckgL5vgv8AcJc7XzSrwYEaNf_wQ7KYgjlLmEqFRVrsDKlhmN%26s%3DwtHvuOtvgMFBwlDlwjMU4-eUS2x6rSOZ0TB4Zb2lIbU%26e%3D&amp;source=gmail&amp;ust=1647629927887000&amp;usg=AOvVaw19-0Abbu_-HWJWtWT9t7n6\">umch.org.mx<\/a><\/p>\n<p>Traducci\u00f3n de Marcos Paseggi<\/p>\n","protected":false},"excerpt":{"rendered":"<p>17 de marzo de 2022 | Tuxtla Guti\u00e9rrez, Chiapas, M\u00e9xico | Uriel Castellanos y Noticias de la Divisi\u00f3n Interamericana Una semana antes del D\u00eda Mundial de la Juventud de la&#8230;<\/p>\n","protected":false},"author":3,"featured_media":82635,"comment_status":"closed","ping_status":"closed","sticky":false,"template":"","format":"standard","meta":{"_acf_changed":false,"footnotes":""},"categories":[17,15],"tags":[],"class_list":["post-82681","post","type-post","status-publish","format-standard","has-post-thumbnail","hentry","category-desde-el-campo","category-rss-espanol"],"acf":[],"yoast_head":"<!-- This site is optimized with the Yoast SEO plugin v27.3 - https:\/\/yoast.com\/product\/yoast-seo-wordpress\/ -->\n<title>En M\u00e9xico, m\u00e1s de 15 mil j\u00f3venes limpian calles en anticipo del D\u00eda Mundial de la Juventud - Iglesia Adventista del S\u00e9ptimo D\u00eda - Divisi\u00f3n Interamericana<\/title>\n<meta name=\"robots\" content=\"index, follow, max-snippet:-1, max-image-preview:large, max-video-preview:-1\" \/>\n<link rel=\"canonical\" href=\"https:\/\/interamerica.org\/es\/2022\/03\/en-mexico-mas-de-15-mil-jovenes-limpian-calles-en-anticipo-del-dia-mundial-de-la-juventud\/\" \/>\n<meta property=\"og:locale\" content=\"es_ES\" \/>\n<meta property=\"og:type\" content=\"article\" \/>\n<meta property=\"og:title\" content=\"En M\u00e9xico, m\u00e1s de 15 mil j\u00f3venes limpian calles en anticipo del D\u00eda Mundial de la Juventud - Iglesia Adventista del S\u00e9ptimo D\u00eda - Divisi\u00f3n Interamericana\" \/>\n<meta property=\"og:description\" content=\"17 de marzo de 2022 | Tuxtla Guti\u00e9rrez, Chiapas, M\u00e9xico | Uriel Castellanos y Noticias de la Divisi\u00f3n Interamericana Una semana antes del D\u00eda Mundial de la Juventud de la...\" \/>\n<meta property=\"og:url\" content=\"https:\/\/interamerica.org\/es\/2022\/03\/en-mexico-mas-de-15-mil-jovenes-limpian-calles-en-anticipo-del-dia-mundial-de-la-juventud\/\" \/>\n<meta property=\"og:site_name\" content=\"Iglesia Adventista del S\u00e9ptimo D\u00eda - Divisi\u00f3n Interamericana\" \/>\n<meta property=\"article:published_time\" content=\"2022-03-18T00:45:17+00:00\" \/>\n<meta property=\"article:modified_time\" content=\"2022-03-18T13:14:09+00:00\" \/>\n<meta property=\"og:image\" content=\"https:\/\/interamerica.org\/wp-content\/uploads\/2022\/03\/chiapas-limpia-tu-ciudad-rake.jpg\" \/>\n\t<meta property=\"og:image:width\" content=\"1083\" \/>\n\t<meta property=\"og:image:height\" content=\"720\" \/>\n\t<meta property=\"og:image:type\" content=\"image\/jpeg\" \/>\n<meta name=\"author\" content=\"libna\" \/>\n<meta name=\"twitter:card\" content=\"summary_large_image\" \/>\n<meta name=\"twitter:label1\" content=\"Escrito por\" \/>\n\t<meta name=\"twitter:data1\" content=\"libna\" \/>\n\t<meta name=\"twitter:label2\" content=\"Tiempo de lectura\" \/>\n\t<meta name=\"twitter:data2\" content=\"4 minutos\" \/>\n<script type=\"application\/ld+json\" class=\"yoast-schema-graph\">{\"@context\":\"https:\\\/\\\/schema.org\",\"@graph\":[{\"@type\":\"Article\",\"@id\":\"https:\\\/\\\/interamerica.org\\\/es\\\/2022\\\/03\\\/en-mexico-mas-de-15-mil-jovenes-limpian-calles-en-anticipo-del-dia-mundial-de-la-juventud\\\/#article\",\"isPartOf\":{\"@id\":\"https:\\\/\\\/interamerica.org\\\/es\\\/2022\\\/03\\\/en-mexico-mas-de-15-mil-jovenes-limpian-calles-en-anticipo-del-dia-mundial-de-la-juventud\\\/\"},\"author\":{\"name\":\"libna\",\"@id\":\"https:\\\/\\\/interamerica.org\\\/es\\\/#\\\/schema\\\/person\\\/29998f2bc2d8bd0d38662909289b54f1\"},\"headline\":\"En M\u00e9xico, m\u00e1s de 15 mil j\u00f3venes limpian calles en anticipo del D\u00eda Mundial de la Juventud\",\"datePublished\":\"2022-03-18T00:45:17+00:00\",\"dateModified\":\"2022-03-18T13:14:09+00:00\",\"mainEntityOfPage\":{\"@id\":\"https:\\\/\\\/interamerica.org\\\/es\\\/2022\\\/03\\\/en-mexico-mas-de-15-mil-jovenes-limpian-calles-en-anticipo-del-dia-mundial-de-la-juventud\\\/\"},\"wordCount\":900,\"image\":{\"@id\":\"https:\\\/\\\/interamerica.org\\\/es\\\/2022\\\/03\\\/en-mexico-mas-de-15-mil-jovenes-limpian-calles-en-anticipo-del-dia-mundial-de-la-juventud\\\/#primaryimage\"},\"thumbnailUrl\":\"https:\\\/\\\/interamerica.org\\\/wp-content\\\/uploads\\\/2022\\\/03\\\/chiapas-limpia-tu-ciudad-rake.jpg\",\"articleSection\":[\"Desde el campo\",\"RSS Espa\u00f1ol\"],\"inLanguage\":\"es\"},{\"@type\":\"WebPage\",\"@id\":\"https:\\\/\\\/interamerica.org\\\/es\\\/2022\\\/03\\\/en-mexico-mas-de-15-mil-jovenes-limpian-calles-en-anticipo-del-dia-mundial-de-la-juventud\\\/\",\"url\":\"https:\\\/\\\/interamerica.org\\\/es\\\/2022\\\/03\\\/en-mexico-mas-de-15-mil-jovenes-limpian-calles-en-anticipo-del-dia-mundial-de-la-juventud\\\/\",\"name\":\"En M\u00e9xico, m\u00e1s de 15 mil j\u00f3venes limpian calles en anticipo del D\u00eda Mundial de la Juventud - Iglesia Adventista del S\u00e9ptimo D\u00eda - Divisi\u00f3n Interamericana\",\"isPartOf\":{\"@id\":\"https:\\\/\\\/interamerica.org\\\/es\\\/#website\"},\"primaryImageOfPage\":{\"@id\":\"https:\\\/\\\/interamerica.org\\\/es\\\/2022\\\/03\\\/en-mexico-mas-de-15-mil-jovenes-limpian-calles-en-anticipo-del-dia-mundial-de-la-juventud\\\/#primaryimage\"},\"image\":{\"@id\":\"https:\\\/\\\/interamerica.org\\\/es\\\/2022\\\/03\\\/en-mexico-mas-de-15-mil-jovenes-limpian-calles-en-anticipo-del-dia-mundial-de-la-juventud\\\/#primaryimage\"},\"thumbnailUrl\":\"https:\\\/\\\/interamerica.org\\\/wp-content\\\/uploads\\\/2022\\\/03\\\/chiapas-limpia-tu-ciudad-rake.jpg\",\"datePublished\":\"2022-03-18T00:45:17+00:00\",\"dateModified\":\"2022-03-18T13:14:09+00:00\",\"author\":{\"@id\":\"https:\\\/\\\/interamerica.org\\\/es\\\/#\\\/schema\\\/person\\\/29998f2bc2d8bd0d38662909289b54f1\"},\"breadcrumb\":{\"@id\":\"https:\\\/\\\/interamerica.org\\\/es\\\/2022\\\/03\\\/en-mexico-mas-de-15-mil-jovenes-limpian-calles-en-anticipo-del-dia-mundial-de-la-juventud\\\/#breadcrumb\"},\"inLanguage\":\"es\",\"potentialAction\":[{\"@type\":\"ReadAction\",\"target\":[\"https:\\\/\\\/interamerica.org\\\/es\\\/2022\\\/03\\\/en-mexico-mas-de-15-mil-jovenes-limpian-calles-en-anticipo-del-dia-mundial-de-la-juventud\\\/\"]}]},{\"@type\":\"ImageObject\",\"inLanguage\":\"es\",\"@id\":\"https:\\\/\\\/interamerica.org\\\/es\\\/2022\\\/03\\\/en-mexico-mas-de-15-mil-jovenes-limpian-calles-en-anticipo-del-dia-mundial-de-la-juventud\\\/#primaryimage\",\"url\":\"https:\\\/\\\/interamerica.org\\\/wp-content\\\/uploads\\\/2022\\\/03\\\/chiapas-limpia-tu-ciudad-rake.jpg\",\"contentUrl\":\"https:\\\/\\\/interamerica.org\\\/wp-content\\\/uploads\\\/2022\\\/03\\\/chiapas-limpia-tu-ciudad-rake.jpg\",\"width\":1083,\"height\":720,\"caption\":\"[Fotograf\u00eda: Uni\u00f3n Mexicana de Chiapas]\"},{\"@type\":\"BreadcrumbList\",\"@id\":\"https:\\\/\\\/interamerica.org\\\/es\\\/2022\\\/03\\\/en-mexico-mas-de-15-mil-jovenes-limpian-calles-en-anticipo-del-dia-mundial-de-la-juventud\\\/#breadcrumb\",\"itemListElement\":[{\"@type\":\"ListItem\",\"position\":1,\"name\":\"Home\",\"item\":\"https:\\\/\\\/interamerica.org\\\/es\\\/\"},{\"@type\":\"ListItem\",\"position\":2,\"name\":\"En M\u00e9xico, m\u00e1s de 15 mil j\u00f3venes limpian calles en anticipo del D\u00eda Mundial de la Juventud\"}]},{\"@type\":\"WebSite\",\"@id\":\"https:\\\/\\\/interamerica.org\\\/es\\\/#website\",\"url\":\"https:\\\/\\\/interamerica.org\\\/es\\\/\",\"name\":\"Iglesia Adventista del S\u00e9ptimo D\u00eda - Divisi\u00f3n Interamericana\",\"description\":\"\",\"potentialAction\":[{\"@type\":\"SearchAction\",\"target\":{\"@type\":\"EntryPoint\",\"urlTemplate\":\"https:\\\/\\\/interamerica.org\\\/es\\\/?s={search_term_string}\"},\"query-input\":{\"@type\":\"PropertyValueSpecification\",\"valueRequired\":true,\"valueName\":\"search_term_string\"}}],\"inLanguage\":\"es\"},{\"@type\":\"Person\",\"@id\":\"https:\\\/\\\/interamerica.org\\\/es\\\/#\\\/schema\\\/person\\\/29998f2bc2d8bd0d38662909289b54f1\",\"name\":\"libna\",\"image\":{\"@type\":\"ImageObject\",\"inLanguage\":\"es\",\"@id\":\"https:\\\/\\\/secure.gravatar.com\\\/avatar\\\/7c5bd30ae4b47a9ba3c856590957fd1d96dc588bf3ac05719d247e126840331f?s=96&d=mm&r=g\",\"url\":\"https:\\\/\\\/secure.gravatar.com\\\/avatar\\\/7c5bd30ae4b47a9ba3c856590957fd1d96dc588bf3ac05719d247e126840331f?s=96&d=mm&r=g\",\"contentUrl\":\"https:\\\/\\\/secure.gravatar.com\\\/avatar\\\/7c5bd30ae4b47a9ba3c856590957fd1d96dc588bf3ac05719d247e126840331f?s=96&d=mm&r=g\",\"caption\":\"libna\"}}]}<\/script>\n<!-- \/ Yoast SEO plugin. -->","yoast_head_json":{"title":"En M\u00e9xico, m\u00e1s de 15 mil j\u00f3venes limpian calles en anticipo del D\u00eda Mundial de la Juventud - Iglesia Adventista del S\u00e9ptimo D\u00eda - Divisi\u00f3n Interamericana","robots":{"index":"index","follow":"follow","max-snippet":"max-snippet:-1","max-image-preview":"max-image-preview:large","max-video-preview":"max-video-preview:-1"},"canonical":"https:\/\/interamerica.org\/es\/2022\/03\/en-mexico-mas-de-15-mil-jovenes-limpian-calles-en-anticipo-del-dia-mundial-de-la-juventud\/","og_locale":"es_ES","og_type":"article","og_title":"En M\u00e9xico, m\u00e1s de 15 mil j\u00f3venes limpian calles en anticipo del D\u00eda Mundial de la Juventud - Iglesia Adventista del S\u00e9ptimo D\u00eda - Divisi\u00f3n Interamericana","og_description":"17 de marzo de 2022 | Tuxtla Guti\u00e9rrez, Chiapas, M\u00e9xico | Uriel Castellanos y Noticias de la Divisi\u00f3n Interamericana Una semana antes del D\u00eda Mundial de la Juventud de la...","og_url":"https:\/\/interamerica.org\/es\/2022\/03\/en-mexico-mas-de-15-mil-jovenes-limpian-calles-en-anticipo-del-dia-mundial-de-la-juventud\/","og_site_name":"Iglesia Adventista del S\u00e9ptimo D\u00eda - Divisi\u00f3n Interamericana","article_published_time":"2022-03-18T00:45:17+00:00","article_modified_time":"2022-03-18T13:14:09+00:00","og_image":[{"width":1083,"height":720,"url":"https:\/\/interamerica.org\/wp-content\/uploads\/2022\/03\/chiapas-limpia-tu-ciudad-rake.jpg","type":"image\/jpeg"}],"author":"libna","twitter_card":"summary_large_image","twitter_misc":{"Escrito por":"libna","Tiempo de lectura":"4 minutos"},"schema":{"@context":"https:\/\/schema.org","@graph":[{"@type":"Article","@id":"https:\/\/interamerica.org\/es\/2022\/03\/en-mexico-mas-de-15-mil-jovenes-limpian-calles-en-anticipo-del-dia-mundial-de-la-juventud\/#article","isPartOf":{"@id":"https:\/\/interamerica.org\/es\/2022\/03\/en-mexico-mas-de-15-mil-jovenes-limpian-calles-en-anticipo-del-dia-mundial-de-la-juventud\/"},"author":{"name":"libna","@id":"https:\/\/interamerica.org\/es\/#\/schema\/person\/29998f2bc2d8bd0d38662909289b54f1"},"headline":"En M\u00e9xico, m\u00e1s de 15 mil j\u00f3venes limpian calles en anticipo del D\u00eda Mundial de la Juventud","datePublished":"2022-03-18T00:45:17+00:00","dateModified":"2022-03-18T13:14:09+00:00","mainEntityOfPage":{"@id":"https:\/\/interamerica.org\/es\/2022\/03\/en-mexico-mas-de-15-mil-jovenes-limpian-calles-en-anticipo-del-dia-mundial-de-la-juventud\/"},"wordCount":900,"image":{"@id":"https:\/\/interamerica.org\/es\/2022\/03\/en-mexico-mas-de-15-mil-jovenes-limpian-calles-en-anticipo-del-dia-mundial-de-la-juventud\/#primaryimage"},"thumbnailUrl":"https:\/\/interamerica.org\/wp-content\/uploads\/2022\/03\/chiapas-limpia-tu-ciudad-rake.jpg","articleSection":["Desde el campo","RSS Espa\u00f1ol"],"inLanguage":"es"},{"@type":"WebPage","@id":"https:\/\/interamerica.org\/es\/2022\/03\/en-mexico-mas-de-15-mil-jovenes-limpian-calles-en-anticipo-del-dia-mundial-de-la-juventud\/","url":"https:\/\/interamerica.org\/es\/2022\/03\/en-mexico-mas-de-15-mil-jovenes-limpian-calles-en-anticipo-del-dia-mundial-de-la-juventud\/","name":"En M\u00e9xico, m\u00e1s de 15 mil j\u00f3venes limpian calles en anticipo del D\u00eda Mundial de la Juventud - Iglesia Adventista del S\u00e9ptimo D\u00eda - Divisi\u00f3n Interamericana","isPartOf":{"@id":"https:\/\/interamerica.org\/es\/#website"},"primaryImageOfPage":{"@id":"https:\/\/interamerica.org\/es\/2022\/03\/en-mexico-mas-de-15-mil-jovenes-limpian-calles-en-anticipo-del-dia-mundial-de-la-juventud\/#primaryimage"},"image":{"@id":"https:\/\/interamerica.org\/es\/2022\/03\/en-mexico-mas-de-15-mil-jovenes-limpian-calles-en-anticipo-del-dia-mundial-de-la-juventud\/#primaryimage"},"thumbnailUrl":"https:\/\/interamerica.org\/wp-content\/uploads\/2022\/03\/chiapas-limpia-tu-ciudad-rake.jpg","datePublished":"2022-03-18T00:45:17+00:00","dateModified":"2022-03-18T13:14:09+00:00","author":{"@id":"https:\/\/interamerica.org\/es\/#\/schema\/person\/29998f2bc2d8bd0d38662909289b54f1"},"breadcrumb":{"@id":"https:\/\/interamerica.org\/es\/2022\/03\/en-mexico-mas-de-15-mil-jovenes-limpian-calles-en-anticipo-del-dia-mundial-de-la-juventud\/#breadcrumb"},"inLanguage":"es","potentialAction":[{"@type":"ReadAction","target":["https:\/\/interamerica.org\/es\/2022\/03\/en-mexico-mas-de-15-mil-jovenes-limpian-calles-en-anticipo-del-dia-mundial-de-la-juventud\/"]}]},{"@type":"ImageObject","inLanguage":"es","@id":"https:\/\/interamerica.org\/es\/2022\/03\/en-mexico-mas-de-15-mil-jovenes-limpian-calles-en-anticipo-del-dia-mundial-de-la-juventud\/#primaryimage","url":"https:\/\/interamerica.org\/wp-content\/uploads\/2022\/03\/chiapas-limpia-tu-ciudad-rake.jpg","contentUrl":"https:\/\/interamerica.org\/wp-content\/uploads\/2022\/03\/chiapas-limpia-tu-ciudad-rake.jpg","width":1083,"height":720,"caption":"[Fotograf\u00eda: Uni\u00f3n Mexicana de Chiapas]"},{"@type":"BreadcrumbList","@id":"https:\/\/interamerica.org\/es\/2022\/03\/en-mexico-mas-de-15-mil-jovenes-limpian-calles-en-anticipo-del-dia-mundial-de-la-juventud\/#breadcrumb","itemListElement":[{"@type":"ListItem","position":1,"name":"Home","item":"https:\/\/interamerica.org\/es\/"},{"@type":"ListItem","position":2,"name":"En M\u00e9xico, m\u00e1s de 15 mil j\u00f3venes limpian calles en anticipo del D\u00eda Mundial de la Juventud"}]},{"@type":"WebSite","@id":"https:\/\/interamerica.org\/es\/#website","url":"https:\/\/interamerica.org\/es\/","name":"Iglesia Adventista del S\u00e9ptimo D\u00eda - Divisi\u00f3n Interamericana","description":"","potentialAction":[{"@type":"SearchAction","target":{"@type":"EntryPoint","urlTemplate":"https:\/\/interamerica.org\/es\/?s={search_term_string}"},"query-input":{"@type":"PropertyValueSpecification","valueRequired":true,"valueName":"search_term_string"}}],"inLanguage":"es"},{"@type":"Person","@id":"https:\/\/interamerica.org\/es\/#\/schema\/person\/29998f2bc2d8bd0d38662909289b54f1","name":"libna","image":{"@type":"ImageObject","inLanguage":"es","@id":"https:\/\/secure.gravatar.com\/avatar\/7c5bd30ae4b47a9ba3c856590957fd1d96dc588bf3ac05719d247e126840331f?s=96&d=mm&r=g","url":"https:\/\/secure.gravatar.com\/avatar\/7c5bd30ae4b47a9ba3c856590957fd1d96dc588bf3ac05719d247e126840331f?s=96&d=mm&r=g","contentUrl":"https:\/\/secure.gravatar.com\/avatar\/7c5bd30ae4b47a9ba3c856590957fd1d96dc588bf3ac05719d247e126840331f?s=96&d=mm&r=g","caption":"libna"}}]}},"_links":{"self":[{"href":"https:\/\/interamerica.org\/es\/wp-json\/wp\/v2\/posts\/82681","targetHints":{"allow":["GET"]}}],"collection":[{"href":"https:\/\/interamerica.org\/es\/wp-json\/wp\/v2\/posts"}],"about":[{"href":"https:\/\/interamerica.org\/es\/wp-json\/wp\/v2\/types\/post"}],"author":[{"embeddable":true,"href":"https:\/\/interamerica.org\/es\/wp-json\/wp\/v2\/users\/3"}],"replies":[{"embeddable":true,"href":"https:\/\/interamerica.org\/es\/wp-json\/wp\/v2\/comments?post=82681"}],"version-history":[{"count":0,"href":"https:\/\/interamerica.org\/es\/wp-json\/wp\/v2\/posts\/82681\/revisions"}],"wp:featuredmedia":[{"embeddable":true,"href":"https:\/\/interamerica.org\/es\/wp-json\/wp\/v2\/media\/82635"}],"wp:attachment":[{"href":"https:\/\/interamerica.org\/es\/wp-json\/wp\/v2\/media?parent=82681"}],"wp:term":[{"taxonomy":"category","embeddable":true,"href":"https:\/\/interamerica.org\/es\/wp-json\/wp\/v2\/categories?post=82681"},{"taxonomy":"post_tag","embeddable":true,"href":"https:\/\/interamerica.org\/es\/wp-json\/wp\/v2\/tags?post=82681"}],"curies":[{"name":"wp","href":"https:\/\/api.w.org\/{rel}","templated":true}]}}