{"id":82762,"date":"2022-03-21T11:14:14","date_gmt":"2022-03-21T15:14:14","guid":{"rendered":"https:\/\/recursing-golick.147-182-135-0.plesk.page\/?p=82762"},"modified":"2022-03-21T20:57:54","modified_gmt":"2022-03-22T00:57:54","slug":"familia-ucraniana-encuentra-refugio-en-hogar-de-hombre-de-negocios-adventista","status":"publish","type":"post","link":"https:\/\/interamerica.org\/es\/2022\/03\/familia-ucraniana-encuentra-refugio-en-hogar-de-hombre-de-negocios-adventista\/","title":{"rendered":"Familia ucraniana encuentra refugio en hogar de hombre de negocios adventista"},"content":{"rendered":"<div class=\"u-width--100p u-spacing\">\n<p><strong>Adem\u00e1s de brindarles albergue, Carlos Dias ayuda a la madre e hijas a regularizar su situaci\u00f3n en Portugal<\/strong><\/p>\n<p>21 de marzo de 2022 | Portugal | Charlise Alves<\/p>\n<p>Una familia de refugiados de Ucrania encontr\u00f3 albergue en el hogar del hombre de negocios Carlos Dias, presidente de <a href=\"https:\/\/www.feadventistas.org.br\/\">la Federaci\u00f3n de Empresarios Adventistas (FE)<\/a>\u00a0en Portugal. Los miembros portugueses de FE se encuentran\u00a0 en la frontera con Ucrania, ayudando a las personas a huir de la guerra y encontrar refugio en su pa\u00eds. El grupo de voluntarios ayuda a resolver asuntos relacionados con transporte, legalizaci\u00f3n, burocracia, conectarlos con familias que proporcionen albergue y proporcionar escuela y trabajo para los refugiados.<\/p>\n<p>Dias les abri\u00f3 las puertas de su casa a Alla Kozlova, de 44 a\u00f1os y a sus dos hijas, Veronika y Alexandra, de 15 y 19 a\u00f1os, respectivamente. En forma coincidente, esta familia result\u00f3 ser \u00a0tambi\u00e9n adventista y, a pesar de que nunca se hab\u00edan visto anteriormente, no dud\u00f3 ni un momento en ayudarlas. \u201cUn miembro de FE Portugal es rumano y acudi\u00f3 a la frontera de Ucrania a ayudar. Una familia expres\u00f3 su inter\u00e9s en venir a Portugal. Me llamaron y yo acept\u00e9 en forma inmediata\u201d, dijo. Adem\u00e1s de abrirles las puertas de su hogar, el empresario Dias les ayud\u00f3 a legalizar documentos para permanecer en el pa\u00eds. \u201cTenemos que darles tanta comodidad y amor como sea posible\u201d.<\/p>\n<\/div>\n<div class=\"c-block__meta\">\n<div class=\"c-block__category u-text-transform--upper\">\n<div id=\"attachment_82737\" style=\"width: 810px\" class=\"wp-caption aligncenter\"><img fetchpriority=\"high\" decoding=\"async\" aria-describedby=\"caption-attachment-82737\" class=\"size-full wp-image-82737\" src=\"https:\/\/recursing-golick.147-182-135-0.plesk.page\/wp-content\/uploads\/2022\/03\/portugal-family-shelter.jpg\" alt=\"\" width=\"800\" height=\"450\" srcset=\"https:\/\/interamerica.org\/wp-content\/uploads\/2022\/03\/portugal-family-shelter.jpg 800w, https:\/\/interamerica.org\/wp-content\/uploads\/2022\/03\/portugal-family-shelter-300x169.jpg 300w, https:\/\/interamerica.org\/wp-content\/uploads\/2022\/03\/portugal-family-shelter-768x432.jpg 768w\" sizes=\"(max-width: 800px) 100vw, 800px\" \/><p id=\"caption-attachment-82737\" class=\"wp-caption-text\">Carlos Dias (derecha) y esposa (izquierda) han estado ayudando a una familia ucraniana a sobreponerse a los efectos de la guerra. (Imagen: Cortes\u00eda de Carlos Dias)<\/p><\/div>\n<p>[\/caption]Alexandra describi\u00f3 a CNN Portugal la forma en que abandon\u00f3 su pa\u00eds, que est\u00e1 sufriendo por el ataque ruso. \u201cAl iniciarse la guerra, empacamos nuestras cosas a la 1:30 y dejamos Ucrania. La jornada fue muy dif\u00edcil y terrible. Pasamos mucho tiempo en el camino sin alimento, pero sin deseos de comer por causa de la situaci\u00f3n; y sin poder dormir\u201d, dijo. Consiguieron finalmente dejar Ucrania, pasar por Ruman\u00eda y llegar finalmente a Portugal, habiendo recorrido un total de m\u00e1s de 4,000 kil\u00f3metros. Ellas fueron el primer grupo de refugiados ucranianos que arribaron a Portugal.<\/p>\n<p>La familia resid\u00eda en Chernihiv, que se encuentra cerca de la frontera compartida con Bielorrusia, Rusia y Ucrania. Este lugar es conocido como el \u201ccorredor de la muerte\u201d, por donde hicieron su entrada las tropas invasoras. El esposo de Alla y padre de las jovencitas habl\u00f3 con su esposa e hijas a trav\u00e9s de los medios sociales y envi\u00f3 una fotograf\u00eda de la casa en donde viv\u00eda la familia, la cual est\u00e1 ahora completamente destruida. \u00c9l tiene que permanecer en la zona de conflicto porque tiene prohibido abandonar Ucrania. Se proh\u00edbe que los hombres de entre 18 y 60 a\u00f1os naturalizados en el pa\u00eds salgan del mismo.<\/p>\n<p>Alexandra dice que el plan para los siguientes d\u00edas es tratar de organizar su vida en Aveiro. \u201cMi hermana va a tratar de regresar a la escuela y ella y yo deseamos encontrar un trabajo porque necesitamos ayudar a la familia\u201d, dijo. Sin embargo, Alexandra hizo muy claro que su gran deseo es que termine la guerra y pueda ser capaz de regresar a Ucrania y estar all\u00ed con su familia. Aunque la guerra no ha terminado todav\u00eda, el empresario Dias trata de minimizar hasta donde sea posible el sufrimiento de esta familia de refugiados y ha establecido una regla dentro de su casa: \u201cNo hablar acerca de guerra, pol\u00edtica o tristeza\u201d.<\/p>\n<p><strong>APOYO DE ADRA <\/strong><\/p>\n<p>La \u00a0Iglesia Adventista del S\u00e9ptimo D\u00eda provee apoyo en la crisis de Ucrania a trav\u00e9s de <a href=\"http:\/\/adra.org.br\/\">la Agencia Adventista de Desarrollo y Recursos Asistenciales (ADRA)<\/a>. Est\u00e1 prestando ayuda en las fronteras de este pa\u00eds de Europa del Este distribuyendo alimentos, agua, art\u00edculos de higiene y albergue a los refugiados.<\/p>\n<p><a href=\"https:\/\/noticias.adventistas.org\/pt\/noticia\/gente\/familia-ucraniana-encontra-abrigo-em-casa-de-empresario-adventista\/\">Este art\u00edculo<\/a>\u00a0se public\u00f3 originalmente en el <a href=\"https:\/\/noticias.adventistas.org\/pt\/?orderby=date&amp;order=DESC&amp;post_status=publish&amp;post_type=post&amp;seemore_title=%C3%9Altimas+Not%C3%ADcias&amp;xtt-pa-sedes=dsa\">sitio de noticias de la Divisi\u00f3n Sudamericana\u00a0 <\/a><\/p>\n<p>Traducci\u00f3n \u2013 Gloria A. Castrej\u00f3n<\/p>\n<p>&nbsp;<\/p>\n<p>&nbsp;<\/p>\n<\/div>\n<\/div>\n","protected":false},"excerpt":{"rendered":"<p>Adem\u00e1s de brindarles albergue, Carlos Dias ayuda a la madre e hijas a regularizar su situaci\u00f3n en Portugal 21 de marzo de 2022 | Portugal | Charlise Alves Una familia&#8230;<\/p>\n","protected":false},"author":3,"featured_media":82737,"comment_status":"closed","ping_status":"closed","sticky":false,"template":"","format":"standard","meta":{"_acf_changed":false,"footnotes":""},"categories":[14,15],"tags":[],"class_list":["post-82762","post","type-post","status-publish","format-standard","has-post-thumbnail","hentry","category-de-la-iglesia-mundial","category-rss-espanol"],"acf":[],"yoast_head":"<!-- This site is optimized with the Yoast SEO plugin v27.3 - https:\/\/yoast.com\/product\/yoast-seo-wordpress\/ -->\n<title>Familia ucraniana encuentra refugio en hogar de hombre de negocios adventista - Iglesia Adventista del S\u00e9ptimo D\u00eda - Divisi\u00f3n Interamericana<\/title>\n<meta name=\"robots\" content=\"index, follow, max-snippet:-1, max-image-preview:large, max-video-preview:-1\" \/>\n<link rel=\"canonical\" href=\"https:\/\/interamerica.org\/es\/2022\/03\/familia-ucraniana-encuentra-refugio-en-hogar-de-hombre-de-negocios-adventista\/\" \/>\n<meta property=\"og:locale\" content=\"es_ES\" \/>\n<meta property=\"og:type\" content=\"article\" \/>\n<meta property=\"og:title\" content=\"Familia ucraniana encuentra refugio en hogar de hombre de negocios adventista - Iglesia Adventista del S\u00e9ptimo D\u00eda - Divisi\u00f3n Interamericana\" \/>\n<meta property=\"og:description\" content=\"Adem\u00e1s de brindarles albergue, Carlos Dias ayuda a la madre e hijas a regularizar su situaci\u00f3n en Portugal 21 de marzo de 2022 | Portugal | Charlise Alves Una familia...\" \/>\n<meta property=\"og:url\" content=\"https:\/\/interamerica.org\/es\/2022\/03\/familia-ucraniana-encuentra-refugio-en-hogar-de-hombre-de-negocios-adventista\/\" \/>\n<meta property=\"og:site_name\" content=\"Iglesia Adventista del S\u00e9ptimo D\u00eda - Divisi\u00f3n Interamericana\" \/>\n<meta property=\"article:published_time\" content=\"2022-03-21T15:14:14+00:00\" \/>\n<meta property=\"article:modified_time\" content=\"2022-03-22T00:57:54+00:00\" \/>\n<meta property=\"og:image\" content=\"https:\/\/interamerica.org\/wp-content\/uploads\/2022\/03\/portugal-family-shelter.jpg\" \/>\n\t<meta property=\"og:image:width\" content=\"800\" \/>\n\t<meta property=\"og:image:height\" content=\"450\" \/>\n\t<meta property=\"og:image:type\" content=\"image\/jpeg\" \/>\n<meta name=\"author\" content=\"libna\" \/>\n<meta name=\"twitter:card\" content=\"summary_large_image\" \/>\n<meta name=\"twitter:label1\" content=\"Escrito por\" \/>\n\t<meta name=\"twitter:data1\" content=\"libna\" \/>\n\t<meta name=\"twitter:label2\" content=\"Tiempo de lectura\" \/>\n\t<meta name=\"twitter:data2\" content=\"3 minutos\" \/>\n<script type=\"application\/ld+json\" class=\"yoast-schema-graph\">{\"@context\":\"https:\\\/\\\/schema.org\",\"@graph\":[{\"@type\":\"Article\",\"@id\":\"https:\\\/\\\/interamerica.org\\\/es\\\/2022\\\/03\\\/familia-ucraniana-encuentra-refugio-en-hogar-de-hombre-de-negocios-adventista\\\/#article\",\"isPartOf\":{\"@id\":\"https:\\\/\\\/interamerica.org\\\/es\\\/2022\\\/03\\\/familia-ucraniana-encuentra-refugio-en-hogar-de-hombre-de-negocios-adventista\\\/\"},\"author\":{\"name\":\"libna\",\"@id\":\"https:\\\/\\\/interamerica.org\\\/es\\\/#\\\/schema\\\/person\\\/29998f2bc2d8bd0d38662909289b54f1\"},\"headline\":\"Familia ucraniana encuentra refugio en hogar de hombre de negocios adventista\",\"datePublished\":\"2022-03-21T15:14:14+00:00\",\"dateModified\":\"2022-03-22T00:57:54+00:00\",\"mainEntityOfPage\":{\"@id\":\"https:\\\/\\\/interamerica.org\\\/es\\\/2022\\\/03\\\/familia-ucraniana-encuentra-refugio-en-hogar-de-hombre-de-negocios-adventista\\\/\"},\"wordCount\":686,\"image\":{\"@id\":\"https:\\\/\\\/interamerica.org\\\/es\\\/2022\\\/03\\\/familia-ucraniana-encuentra-refugio-en-hogar-de-hombre-de-negocios-adventista\\\/#primaryimage\"},\"thumbnailUrl\":\"https:\\\/\\\/interamerica.org\\\/wp-content\\\/uploads\\\/2022\\\/03\\\/portugal-family-shelter.jpg\",\"articleSection\":[\"Desde la iglesia mundial\",\"RSS Espa\u00f1ol\"],\"inLanguage\":\"es\"},{\"@type\":\"WebPage\",\"@id\":\"https:\\\/\\\/interamerica.org\\\/es\\\/2022\\\/03\\\/familia-ucraniana-encuentra-refugio-en-hogar-de-hombre-de-negocios-adventista\\\/\",\"url\":\"https:\\\/\\\/interamerica.org\\\/es\\\/2022\\\/03\\\/familia-ucraniana-encuentra-refugio-en-hogar-de-hombre-de-negocios-adventista\\\/\",\"name\":\"Familia ucraniana encuentra refugio en hogar de hombre de negocios adventista - Iglesia Adventista del S\u00e9ptimo D\u00eda - Divisi\u00f3n Interamericana\",\"isPartOf\":{\"@id\":\"https:\\\/\\\/interamerica.org\\\/es\\\/#website\"},\"primaryImageOfPage\":{\"@id\":\"https:\\\/\\\/interamerica.org\\\/es\\\/2022\\\/03\\\/familia-ucraniana-encuentra-refugio-en-hogar-de-hombre-de-negocios-adventista\\\/#primaryimage\"},\"image\":{\"@id\":\"https:\\\/\\\/interamerica.org\\\/es\\\/2022\\\/03\\\/familia-ucraniana-encuentra-refugio-en-hogar-de-hombre-de-negocios-adventista\\\/#primaryimage\"},\"thumbnailUrl\":\"https:\\\/\\\/interamerica.org\\\/wp-content\\\/uploads\\\/2022\\\/03\\\/portugal-family-shelter.jpg\",\"datePublished\":\"2022-03-21T15:14:14+00:00\",\"dateModified\":\"2022-03-22T00:57:54+00:00\",\"author\":{\"@id\":\"https:\\\/\\\/interamerica.org\\\/es\\\/#\\\/schema\\\/person\\\/29998f2bc2d8bd0d38662909289b54f1\"},\"breadcrumb\":{\"@id\":\"https:\\\/\\\/interamerica.org\\\/es\\\/2022\\\/03\\\/familia-ucraniana-encuentra-refugio-en-hogar-de-hombre-de-negocios-adventista\\\/#breadcrumb\"},\"inLanguage\":\"es\",\"potentialAction\":[{\"@type\":\"ReadAction\",\"target\":[\"https:\\\/\\\/interamerica.org\\\/es\\\/2022\\\/03\\\/familia-ucraniana-encuentra-refugio-en-hogar-de-hombre-de-negocios-adventista\\\/\"]}]},{\"@type\":\"ImageObject\",\"inLanguage\":\"es\",\"@id\":\"https:\\\/\\\/interamerica.org\\\/es\\\/2022\\\/03\\\/familia-ucraniana-encuentra-refugio-en-hogar-de-hombre-de-negocios-adventista\\\/#primaryimage\",\"url\":\"https:\\\/\\\/interamerica.org\\\/wp-content\\\/uploads\\\/2022\\\/03\\\/portugal-family-shelter.jpg\",\"contentUrl\":\"https:\\\/\\\/interamerica.org\\\/wp-content\\\/uploads\\\/2022\\\/03\\\/portugal-family-shelter.jpg\",\"width\":800,\"height\":450,\"caption\":\"Carlos y su esposa (a la izquierda con chaqueta color caf\u00e9) han estado ayudando a la familia a sobrellevar los efectos de la guerra Imagen: (Archivo personal)\"},{\"@type\":\"BreadcrumbList\",\"@id\":\"https:\\\/\\\/interamerica.org\\\/es\\\/2022\\\/03\\\/familia-ucraniana-encuentra-refugio-en-hogar-de-hombre-de-negocios-adventista\\\/#breadcrumb\",\"itemListElement\":[{\"@type\":\"ListItem\",\"position\":1,\"name\":\"Home\",\"item\":\"https:\\\/\\\/interamerica.org\\\/es\\\/\"},{\"@type\":\"ListItem\",\"position\":2,\"name\":\"Familia ucraniana encuentra refugio en hogar de hombre de negocios adventista\"}]},{\"@type\":\"WebSite\",\"@id\":\"https:\\\/\\\/interamerica.org\\\/es\\\/#website\",\"url\":\"https:\\\/\\\/interamerica.org\\\/es\\\/\",\"name\":\"Iglesia Adventista del S\u00e9ptimo D\u00eda - Divisi\u00f3n Interamericana\",\"description\":\"\",\"potentialAction\":[{\"@type\":\"SearchAction\",\"target\":{\"@type\":\"EntryPoint\",\"urlTemplate\":\"https:\\\/\\\/interamerica.org\\\/es\\\/?s={search_term_string}\"},\"query-input\":{\"@type\":\"PropertyValueSpecification\",\"valueRequired\":true,\"valueName\":\"search_term_string\"}}],\"inLanguage\":\"es\"},{\"@type\":\"Person\",\"@id\":\"https:\\\/\\\/interamerica.org\\\/es\\\/#\\\/schema\\\/person\\\/29998f2bc2d8bd0d38662909289b54f1\",\"name\":\"libna\",\"image\":{\"@type\":\"ImageObject\",\"inLanguage\":\"es\",\"@id\":\"https:\\\/\\\/secure.gravatar.com\\\/avatar\\\/7c5bd30ae4b47a9ba3c856590957fd1d96dc588bf3ac05719d247e126840331f?s=96&d=mm&r=g\",\"url\":\"https:\\\/\\\/secure.gravatar.com\\\/avatar\\\/7c5bd30ae4b47a9ba3c856590957fd1d96dc588bf3ac05719d247e126840331f?s=96&d=mm&r=g\",\"contentUrl\":\"https:\\\/\\\/secure.gravatar.com\\\/avatar\\\/7c5bd30ae4b47a9ba3c856590957fd1d96dc588bf3ac05719d247e126840331f?s=96&d=mm&r=g\",\"caption\":\"libna\"}}]}<\/script>\n<!-- \/ Yoast SEO plugin. -->","yoast_head_json":{"title":"Familia ucraniana encuentra refugio en hogar de hombre de negocios adventista - Iglesia Adventista del S\u00e9ptimo D\u00eda - Divisi\u00f3n Interamericana","robots":{"index":"index","follow":"follow","max-snippet":"max-snippet:-1","max-image-preview":"max-image-preview:large","max-video-preview":"max-video-preview:-1"},"canonical":"https:\/\/interamerica.org\/es\/2022\/03\/familia-ucraniana-encuentra-refugio-en-hogar-de-hombre-de-negocios-adventista\/","og_locale":"es_ES","og_type":"article","og_title":"Familia ucraniana encuentra refugio en hogar de hombre de negocios adventista - Iglesia Adventista del S\u00e9ptimo D\u00eda - Divisi\u00f3n Interamericana","og_description":"Adem\u00e1s de brindarles albergue, Carlos Dias ayuda a la madre e hijas a regularizar su situaci\u00f3n en Portugal 21 de marzo de 2022 | Portugal | Charlise Alves Una familia...","og_url":"https:\/\/interamerica.org\/es\/2022\/03\/familia-ucraniana-encuentra-refugio-en-hogar-de-hombre-de-negocios-adventista\/","og_site_name":"Iglesia Adventista del S\u00e9ptimo D\u00eda - Divisi\u00f3n Interamericana","article_published_time":"2022-03-21T15:14:14+00:00","article_modified_time":"2022-03-22T00:57:54+00:00","og_image":[{"width":800,"height":450,"url":"https:\/\/interamerica.org\/wp-content\/uploads\/2022\/03\/portugal-family-shelter.jpg","type":"image\/jpeg"}],"author":"libna","twitter_card":"summary_large_image","twitter_misc":{"Escrito por":"libna","Tiempo de lectura":"3 minutos"},"schema":{"@context":"https:\/\/schema.org","@graph":[{"@type":"Article","@id":"https:\/\/interamerica.org\/es\/2022\/03\/familia-ucraniana-encuentra-refugio-en-hogar-de-hombre-de-negocios-adventista\/#article","isPartOf":{"@id":"https:\/\/interamerica.org\/es\/2022\/03\/familia-ucraniana-encuentra-refugio-en-hogar-de-hombre-de-negocios-adventista\/"},"author":{"name":"libna","@id":"https:\/\/interamerica.org\/es\/#\/schema\/person\/29998f2bc2d8bd0d38662909289b54f1"},"headline":"Familia ucraniana encuentra refugio en hogar de hombre de negocios adventista","datePublished":"2022-03-21T15:14:14+00:00","dateModified":"2022-03-22T00:57:54+00:00","mainEntityOfPage":{"@id":"https:\/\/interamerica.org\/es\/2022\/03\/familia-ucraniana-encuentra-refugio-en-hogar-de-hombre-de-negocios-adventista\/"},"wordCount":686,"image":{"@id":"https:\/\/interamerica.org\/es\/2022\/03\/familia-ucraniana-encuentra-refugio-en-hogar-de-hombre-de-negocios-adventista\/#primaryimage"},"thumbnailUrl":"https:\/\/interamerica.org\/wp-content\/uploads\/2022\/03\/portugal-family-shelter.jpg","articleSection":["Desde la iglesia mundial","RSS Espa\u00f1ol"],"inLanguage":"es"},{"@type":"WebPage","@id":"https:\/\/interamerica.org\/es\/2022\/03\/familia-ucraniana-encuentra-refugio-en-hogar-de-hombre-de-negocios-adventista\/","url":"https:\/\/interamerica.org\/es\/2022\/03\/familia-ucraniana-encuentra-refugio-en-hogar-de-hombre-de-negocios-adventista\/","name":"Familia ucraniana encuentra refugio en hogar de hombre de negocios adventista - Iglesia Adventista del S\u00e9ptimo D\u00eda - Divisi\u00f3n Interamericana","isPartOf":{"@id":"https:\/\/interamerica.org\/es\/#website"},"primaryImageOfPage":{"@id":"https:\/\/interamerica.org\/es\/2022\/03\/familia-ucraniana-encuentra-refugio-en-hogar-de-hombre-de-negocios-adventista\/#primaryimage"},"image":{"@id":"https:\/\/interamerica.org\/es\/2022\/03\/familia-ucraniana-encuentra-refugio-en-hogar-de-hombre-de-negocios-adventista\/#primaryimage"},"thumbnailUrl":"https:\/\/interamerica.org\/wp-content\/uploads\/2022\/03\/portugal-family-shelter.jpg","datePublished":"2022-03-21T15:14:14+00:00","dateModified":"2022-03-22T00:57:54+00:00","author":{"@id":"https:\/\/interamerica.org\/es\/#\/schema\/person\/29998f2bc2d8bd0d38662909289b54f1"},"breadcrumb":{"@id":"https:\/\/interamerica.org\/es\/2022\/03\/familia-ucraniana-encuentra-refugio-en-hogar-de-hombre-de-negocios-adventista\/#breadcrumb"},"inLanguage":"es","potentialAction":[{"@type":"ReadAction","target":["https:\/\/interamerica.org\/es\/2022\/03\/familia-ucraniana-encuentra-refugio-en-hogar-de-hombre-de-negocios-adventista\/"]}]},{"@type":"ImageObject","inLanguage":"es","@id":"https:\/\/interamerica.org\/es\/2022\/03\/familia-ucraniana-encuentra-refugio-en-hogar-de-hombre-de-negocios-adventista\/#primaryimage","url":"https:\/\/interamerica.org\/wp-content\/uploads\/2022\/03\/portugal-family-shelter.jpg","contentUrl":"https:\/\/interamerica.org\/wp-content\/uploads\/2022\/03\/portugal-family-shelter.jpg","width":800,"height":450,"caption":"Carlos y su esposa (a la izquierda con chaqueta color caf\u00e9) han estado ayudando a la familia a sobrellevar los efectos de la guerra Imagen: (Archivo personal)"},{"@type":"BreadcrumbList","@id":"https:\/\/interamerica.org\/es\/2022\/03\/familia-ucraniana-encuentra-refugio-en-hogar-de-hombre-de-negocios-adventista\/#breadcrumb","itemListElement":[{"@type":"ListItem","position":1,"name":"Home","item":"https:\/\/interamerica.org\/es\/"},{"@type":"ListItem","position":2,"name":"Familia ucraniana encuentra refugio en hogar de hombre de negocios adventista"}]},{"@type":"WebSite","@id":"https:\/\/interamerica.org\/es\/#website","url":"https:\/\/interamerica.org\/es\/","name":"Iglesia Adventista del S\u00e9ptimo D\u00eda - Divisi\u00f3n Interamericana","description":"","potentialAction":[{"@type":"SearchAction","target":{"@type":"EntryPoint","urlTemplate":"https:\/\/interamerica.org\/es\/?s={search_term_string}"},"query-input":{"@type":"PropertyValueSpecification","valueRequired":true,"valueName":"search_term_string"}}],"inLanguage":"es"},{"@type":"Person","@id":"https:\/\/interamerica.org\/es\/#\/schema\/person\/29998f2bc2d8bd0d38662909289b54f1","name":"libna","image":{"@type":"ImageObject","inLanguage":"es","@id":"https:\/\/secure.gravatar.com\/avatar\/7c5bd30ae4b47a9ba3c856590957fd1d96dc588bf3ac05719d247e126840331f?s=96&d=mm&r=g","url":"https:\/\/secure.gravatar.com\/avatar\/7c5bd30ae4b47a9ba3c856590957fd1d96dc588bf3ac05719d247e126840331f?s=96&d=mm&r=g","contentUrl":"https:\/\/secure.gravatar.com\/avatar\/7c5bd30ae4b47a9ba3c856590957fd1d96dc588bf3ac05719d247e126840331f?s=96&d=mm&r=g","caption":"libna"}}]}},"_links":{"self":[{"href":"https:\/\/interamerica.org\/es\/wp-json\/wp\/v2\/posts\/82762","targetHints":{"allow":["GET"]}}],"collection":[{"href":"https:\/\/interamerica.org\/es\/wp-json\/wp\/v2\/posts"}],"about":[{"href":"https:\/\/interamerica.org\/es\/wp-json\/wp\/v2\/types\/post"}],"author":[{"embeddable":true,"href":"https:\/\/interamerica.org\/es\/wp-json\/wp\/v2\/users\/3"}],"replies":[{"embeddable":true,"href":"https:\/\/interamerica.org\/es\/wp-json\/wp\/v2\/comments?post=82762"}],"version-history":[{"count":0,"href":"https:\/\/interamerica.org\/es\/wp-json\/wp\/v2\/posts\/82762\/revisions"}],"wp:featuredmedia":[{"embeddable":true,"href":"https:\/\/interamerica.org\/es\/wp-json\/wp\/v2\/media\/82737"}],"wp:attachment":[{"href":"https:\/\/interamerica.org\/es\/wp-json\/wp\/v2\/media?parent=82762"}],"wp:term":[{"taxonomy":"category","embeddable":true,"href":"https:\/\/interamerica.org\/es\/wp-json\/wp\/v2\/categories?post=82762"},{"taxonomy":"post_tag","embeddable":true,"href":"https:\/\/interamerica.org\/es\/wp-json\/wp\/v2\/tags?post=82762"}],"curies":[{"name":"wp","href":"https:\/\/api.w.org\/{rel}","templated":true}]}}