{"id":82819,"date":"2022-03-21T20:02:42","date_gmt":"2022-03-22T00:02:42","guid":{"rendered":"https:\/\/recursing-golick.147-182-135-0.plesk.page\/?p=82819"},"modified":"2022-03-22T08:52:26","modified_gmt":"2022-03-22T12:52:26","slug":"festival-cinematografico-sonscreen-vuelve-a-celebrarse-en-persona-despues-de-dos-anos","status":"publish","type":"post","link":"https:\/\/interamerica.org\/es\/2022\/03\/festival-cinematografico-sonscreen-vuelve-a-celebrarse-en-persona-despues-de-dos-anos\/","title":{"rendered":"Festival Cinematogr\u00e1fico Sonscreen vuelve a celebrarse en persona despu\u00e9s de dos a\u00f1os"},"content":{"rendered":"<p><strong>El festival estrenar\u00e1 tambi\u00e9n la primera temporada de la serie Encounters, de Hope Media Europa.<\/strong><\/p>\n<p>21 de marzo de 2022 | Columbia, Maryland, Estados Unidos | Rachel Scribner, para Noticias de la Divisi\u00f3n Norteamericanas<\/p>\n<p>Los d\u00edas 7 al 9 de abril de 2022, habr\u00e1n de marcar la fecha para la celebraci\u00f3n presencial del Festival Cinematogr\u00e1fico no ocurrida desde 2019. Los estudiantes de colegios de toda la Divisi\u00f3n Norteamericana se reunir\u00e1n en el nuevo y ya terminado complejo arquitect\u00f3nico de la Iglesia de la Universidad Loma Linda, en Loma Linda, California, para disfrutar de tres d\u00edas de proyecciones cinematogr\u00e1ficas, oportunidades educacionales y conexiones profesionales.<\/p>\n<p>El regreso a la asistencia en persona a este festival ocurre despu\u00e9s de dos a\u00f1os de reuniones en l\u00ednea y un <a href=\"https:\/\/www.nadadventist.org\/news\/sonscreen-film-festival-holds-first-alumni-mixer\">evento especial de exalumnos<\/a>\u00a0el oto\u00f1o pasado.<\/p>\n<p><a href=\"https:\/\/sonscreen.com\/\">Sonscreen,\u00a0<\/a>el \u00fanico festival cinematogr\u00e1fico patrocinado por la Iglesia Adventista del S\u00e9ptimo D\u00eda, es un evento que enfoca su atenci\u00f3n en los estudiantes y en el que solamente pel\u00edculas hechas por estudiantes son elegibles para recibir reconocimientos. Los organizadores han dicho que este a\u00f1o, estudiantes y profesionales podr\u00e1n someter sus producciones para su consideraci\u00f3n, hasta el 20 de marzo.<\/p>\n<p>Sonscreen 2022 estrenar\u00e1 tambi\u00e9n la temporada n\u00famero uno de la serie <em>Encounters<\/em> (Encuentros), de Hope Media Europa.\u00a0<em>Encounters<\/em>\u00a0es una serie de televisi\u00f3n acerca de dos capellanes universitarios y de los estudiantes que vienen a verlos. El <a href=\"https:\/\/encounterstheseries.com\/\">sitio web show <\/a>\u00a0la describe, en el mejor de los casos, como \u201cuna serie acerca de la vida estudiantil\u201d y en el peor, como una serie acerca de la b\u00fasqueda de Dios en el siglo veintiuno\u201d.<\/p>\n<p><em>\u201c<\/em>Nos complace mucho ser los anfitriones del estreno mundial de la serie <em>Encounters<\/em>\u201d, dijo Julio C. Mu\u00f1oz, director ejecutivo de Sonscreen. \u201cEs la culminaci\u00f3n de seis a\u00f1os de elaboraci\u00f3n por parte de varios socios de los medios de comunicaci\u00f3n, incluyendo Sonscreen Films\u201d.<\/p>\n<p>La serie <em>Encounters<\/em>\u00a0trata temas que incluyen enfermedades terminales, fe y duda, adem\u00e1s de diferentes enfoques en relaci\u00f3n con la capellan\u00eda y la labor de consejeros. Est\u00e1 disponible un <a href=\"https:\/\/encounterstheseries.com\/#trailer\">avance cinematogr\u00e1fico de la serie\u00a0<\/a>al que se puede acceder en l\u00ednea. Esta serie es uno de varios trabajos profesionales que los organizadores del festival han elegido para proyectar este a\u00f1o, adem\u00e1s de las selecciones realizadas por los estudiantes.<\/p>\n<p>El director Mu\u00f1oz y la productora del festival, Tanya Musgrave, han a\u00f1adido a la programaci\u00f3n del festival 2022, la nueva competici\u00f3n de \u201clanzamiento\u201d. Los finalistas en esta justa presentar\u00e1n sus ideas de producciones cinematogr\u00e1ficas futuras a un panel de expertos y los ganadores recibir\u00e1n un premio en efectivo para ayudarlos a financiar su proyecto.<\/p>\n<p>La productora Musgrave dijo que este evento ha sido dise\u00f1ado para alentar a artistas en ciernes a volverse, de solamente sue\u00f1os escritos en servilletas de papel, a presentaciones tangibles y viables\u201d. Y a\u00f1adi\u00f3 que \u201cel valor educacional se extiende tambi\u00e9n hacia aquellos que ven tales presentaciones\u201d. Esta competici\u00f3n estar\u00e1 abierta para los participantes hasta el 27 de marzo.<\/p>\n<p><iframe title=\"Encounters | Teaser Trailer | Drama Series\" width=\"500\" height=\"281\" src=\"https:\/\/www.youtube.com\/embed\/mA66Gmdh9Vg?feature=oembed\" frameborder=\"0\" allow=\"accelerometer; autoplay; clipboard-write; encrypted-media; gyroscope; picture-in-picture; web-share\" referrerpolicy=\"strict-origin-when-cross-origin\" allowfullscreen><\/iframe><\/p>\n<h4 class=\"ct-headline\"><span id=\"span-21-7\" class=\"ct-span\">\u00a0<\/span><em>La <\/em><a href=\"https:\/\/www.nadadventist.org\/news\/sonscreen-film-festival-returns-person-event-after-two-years-features-encounters-world\"><em>versi\u00f3n original <\/em><\/a><em>de este contenido se public\u00f3 en el <\/em><a href=\"https:\/\/www.nadadventist.org\/news\"><em>sitio de noticias<\/em><\/a><em> de la Divisi\u00f3n Norteamericana<\/em><\/h4>\n<p>Traducci\u00f3n \u2013 Gloria A. Castrej\u00f3n<\/p>\n<h4 id=\"headline-6-7\" class=\"ct-headline\"><em>\u00a0\u00a0 <\/em><\/h4>\n","protected":false},"excerpt":{"rendered":"<p>El festival estrenar\u00e1 tambi\u00e9n la primera temporada de la serie Encounters, de Hope Media Europa. 21 de marzo de 2022 | Columbia, Maryland, Estados Unidos | Rachel Scribner, para Noticias&#8230;<\/p>\n","protected":false},"author":3,"featured_media":82756,"comment_status":"closed","ping_status":"closed","sticky":false,"template":"","format":"standard","meta":{"_acf_changed":false,"footnotes":""},"categories":[14,15],"tags":[],"class_list":["post-82819","post","type-post","status-publish","format-standard","has-post-thumbnail","hentry","category-de-la-iglesia-mundial","category-rss-espanol"],"acf":[],"yoast_head":"<!-- This site is optimized with the Yoast SEO plugin v27.3 - https:\/\/yoast.com\/product\/yoast-seo-wordpress\/ -->\n<title>Festival Cinematogr\u00e1fico Sonscreen vuelve a celebrarse en persona despu\u00e9s de dos a\u00f1os - Iglesia Adventista del S\u00e9ptimo D\u00eda - Divisi\u00f3n Interamericana<\/title>\n<meta name=\"robots\" content=\"index, follow, max-snippet:-1, max-image-preview:large, max-video-preview:-1\" \/>\n<link rel=\"canonical\" href=\"https:\/\/interamerica.org\/es\/2022\/03\/festival-cinematografico-sonscreen-vuelve-a-celebrarse-en-persona-despues-de-dos-anos\/\" \/>\n<meta property=\"og:locale\" content=\"es_ES\" \/>\n<meta property=\"og:type\" content=\"article\" \/>\n<meta property=\"og:title\" content=\"Festival Cinematogr\u00e1fico Sonscreen vuelve a celebrarse en persona despu\u00e9s de dos a\u00f1os - Iglesia Adventista del S\u00e9ptimo D\u00eda - Divisi\u00f3n Interamericana\" \/>\n<meta property=\"og:description\" content=\"El festival estrenar\u00e1 tambi\u00e9n la primera temporada de la serie Encounters, de Hope Media Europa. 21 de marzo de 2022 | Columbia, Maryland, Estados Unidos | Rachel Scribner, para Noticias...\" \/>\n<meta property=\"og:url\" content=\"https:\/\/interamerica.org\/es\/2022\/03\/festival-cinematografico-sonscreen-vuelve-a-celebrarse-en-persona-despues-de-dos-anos\/\" \/>\n<meta property=\"og:site_name\" content=\"Iglesia Adventista del S\u00e9ptimo D\u00eda - Divisi\u00f3n Interamericana\" \/>\n<meta property=\"article:published_time\" content=\"2022-03-22T00:02:42+00:00\" \/>\n<meta property=\"article:modified_time\" content=\"2022-03-22T12:52:26+00:00\" \/>\n<meta property=\"og:image\" content=\"https:\/\/interamerica.org\/wp-content\/uploads\/2022\/03\/sonscreen-film-festival-returns-to-in-person-event-after-two-years1.jpeg\" \/>\n\t<meta property=\"og:image:width\" content=\"1920\" \/>\n\t<meta property=\"og:image:height\" content=\"1080\" \/>\n\t<meta property=\"og:image:type\" content=\"image\/jpeg\" \/>\n<meta name=\"author\" content=\"libna\" \/>\n<meta name=\"twitter:card\" content=\"summary_large_image\" \/>\n<meta name=\"twitter:label1\" content=\"Escrito por\" \/>\n\t<meta name=\"twitter:data1\" content=\"libna\" \/>\n\t<meta name=\"twitter:label2\" content=\"Tiempo de lectura\" \/>\n\t<meta name=\"twitter:data2\" content=\"3 minutos\" \/>\n<script type=\"application\/ld+json\" class=\"yoast-schema-graph\">{\"@context\":\"https:\\\/\\\/schema.org\",\"@graph\":[{\"@type\":\"Article\",\"@id\":\"https:\\\/\\\/interamerica.org\\\/es\\\/2022\\\/03\\\/festival-cinematografico-sonscreen-vuelve-a-celebrarse-en-persona-despues-de-dos-anos\\\/#article\",\"isPartOf\":{\"@id\":\"https:\\\/\\\/interamerica.org\\\/es\\\/2022\\\/03\\\/festival-cinematografico-sonscreen-vuelve-a-celebrarse-en-persona-despues-de-dos-anos\\\/\"},\"author\":{\"name\":\"libna\",\"@id\":\"https:\\\/\\\/interamerica.org\\\/es\\\/#\\\/schema\\\/person\\\/29998f2bc2d8bd0d38662909289b54f1\"},\"headline\":\"Festival Cinematogr\u00e1fico Sonscreen vuelve a celebrarse en persona despu\u00e9s de dos a\u00f1os\",\"datePublished\":\"2022-03-22T00:02:42+00:00\",\"dateModified\":\"2022-03-22T12:52:26+00:00\",\"mainEntityOfPage\":{\"@id\":\"https:\\\/\\\/interamerica.org\\\/es\\\/2022\\\/03\\\/festival-cinematografico-sonscreen-vuelve-a-celebrarse-en-persona-despues-de-dos-anos\\\/\"},\"wordCount\":577,\"image\":{\"@id\":\"https:\\\/\\\/interamerica.org\\\/es\\\/2022\\\/03\\\/festival-cinematografico-sonscreen-vuelve-a-celebrarse-en-persona-despues-de-dos-anos\\\/#primaryimage\"},\"thumbnailUrl\":\"https:\\\/\\\/interamerica.org\\\/wp-content\\\/uploads\\\/2022\\\/03\\\/sonscreen-film-festival-returns-to-in-person-event-after-two-years1.jpeg\",\"articleSection\":[\"Desde la iglesia mundial\",\"RSS Espa\u00f1ol\"],\"inLanguage\":\"es\"},{\"@type\":\"WebPage\",\"@id\":\"https:\\\/\\\/interamerica.org\\\/es\\\/2022\\\/03\\\/festival-cinematografico-sonscreen-vuelve-a-celebrarse-en-persona-despues-de-dos-anos\\\/\",\"url\":\"https:\\\/\\\/interamerica.org\\\/es\\\/2022\\\/03\\\/festival-cinematografico-sonscreen-vuelve-a-celebrarse-en-persona-despues-de-dos-anos\\\/\",\"name\":\"Festival Cinematogr\u00e1fico Sonscreen vuelve a celebrarse en persona despu\u00e9s de dos a\u00f1os - Iglesia Adventista del S\u00e9ptimo D\u00eda - Divisi\u00f3n Interamericana\",\"isPartOf\":{\"@id\":\"https:\\\/\\\/interamerica.org\\\/es\\\/#website\"},\"primaryImageOfPage\":{\"@id\":\"https:\\\/\\\/interamerica.org\\\/es\\\/2022\\\/03\\\/festival-cinematografico-sonscreen-vuelve-a-celebrarse-en-persona-despues-de-dos-anos\\\/#primaryimage\"},\"image\":{\"@id\":\"https:\\\/\\\/interamerica.org\\\/es\\\/2022\\\/03\\\/festival-cinematografico-sonscreen-vuelve-a-celebrarse-en-persona-despues-de-dos-anos\\\/#primaryimage\"},\"thumbnailUrl\":\"https:\\\/\\\/interamerica.org\\\/wp-content\\\/uploads\\\/2022\\\/03\\\/sonscreen-film-festival-returns-to-in-person-event-after-two-years1.jpeg\",\"datePublished\":\"2022-03-22T00:02:42+00:00\",\"dateModified\":\"2022-03-22T12:52:26+00:00\",\"author\":{\"@id\":\"https:\\\/\\\/interamerica.org\\\/es\\\/#\\\/schema\\\/person\\\/29998f2bc2d8bd0d38662909289b54f1\"},\"breadcrumb\":{\"@id\":\"https:\\\/\\\/interamerica.org\\\/es\\\/2022\\\/03\\\/festival-cinematografico-sonscreen-vuelve-a-celebrarse-en-persona-despues-de-dos-anos\\\/#breadcrumb\"},\"inLanguage\":\"es\",\"potentialAction\":[{\"@type\":\"ReadAction\",\"target\":[\"https:\\\/\\\/interamerica.org\\\/es\\\/2022\\\/03\\\/festival-cinematografico-sonscreen-vuelve-a-celebrarse-en-persona-despues-de-dos-anos\\\/\"]}]},{\"@type\":\"ImageObject\",\"inLanguage\":\"es\",\"@id\":\"https:\\\/\\\/interamerica.org\\\/es\\\/2022\\\/03\\\/festival-cinematografico-sonscreen-vuelve-a-celebrarse-en-persona-despues-de-dos-anos\\\/#primaryimage\",\"url\":\"https:\\\/\\\/interamerica.org\\\/wp-content\\\/uploads\\\/2022\\\/03\\\/sonscreen-film-festival-returns-to-in-person-event-after-two-years1.jpeg\",\"contentUrl\":\"https:\\\/\\\/interamerica.org\\\/wp-content\\\/uploads\\\/2022\\\/03\\\/sonscreen-film-festival-returns-to-in-person-event-after-two-years1.jpeg\",\"width\":1920,\"height\":1080},{\"@type\":\"BreadcrumbList\",\"@id\":\"https:\\\/\\\/interamerica.org\\\/es\\\/2022\\\/03\\\/festival-cinematografico-sonscreen-vuelve-a-celebrarse-en-persona-despues-de-dos-anos\\\/#breadcrumb\",\"itemListElement\":[{\"@type\":\"ListItem\",\"position\":1,\"name\":\"Home\",\"item\":\"https:\\\/\\\/interamerica.org\\\/es\\\/\"},{\"@type\":\"ListItem\",\"position\":2,\"name\":\"Festival Cinematogr\u00e1fico Sonscreen vuelve a celebrarse en persona despu\u00e9s de dos a\u00f1os\"}]},{\"@type\":\"WebSite\",\"@id\":\"https:\\\/\\\/interamerica.org\\\/es\\\/#website\",\"url\":\"https:\\\/\\\/interamerica.org\\\/es\\\/\",\"name\":\"Iglesia Adventista del S\u00e9ptimo D\u00eda - Divisi\u00f3n Interamericana\",\"description\":\"\",\"potentialAction\":[{\"@type\":\"SearchAction\",\"target\":{\"@type\":\"EntryPoint\",\"urlTemplate\":\"https:\\\/\\\/interamerica.org\\\/es\\\/?s={search_term_string}\"},\"query-input\":{\"@type\":\"PropertyValueSpecification\",\"valueRequired\":true,\"valueName\":\"search_term_string\"}}],\"inLanguage\":\"es\"},{\"@type\":\"Person\",\"@id\":\"https:\\\/\\\/interamerica.org\\\/es\\\/#\\\/schema\\\/person\\\/29998f2bc2d8bd0d38662909289b54f1\",\"name\":\"libna\",\"image\":{\"@type\":\"ImageObject\",\"inLanguage\":\"es\",\"@id\":\"https:\\\/\\\/secure.gravatar.com\\\/avatar\\\/7c5bd30ae4b47a9ba3c856590957fd1d96dc588bf3ac05719d247e126840331f?s=96&d=mm&r=g\",\"url\":\"https:\\\/\\\/secure.gravatar.com\\\/avatar\\\/7c5bd30ae4b47a9ba3c856590957fd1d96dc588bf3ac05719d247e126840331f?s=96&d=mm&r=g\",\"contentUrl\":\"https:\\\/\\\/secure.gravatar.com\\\/avatar\\\/7c5bd30ae4b47a9ba3c856590957fd1d96dc588bf3ac05719d247e126840331f?s=96&d=mm&r=g\",\"caption\":\"libna\"}}]}<\/script>\n<!-- \/ Yoast SEO plugin. -->","yoast_head_json":{"title":"Festival Cinematogr\u00e1fico Sonscreen vuelve a celebrarse en persona despu\u00e9s de dos a\u00f1os - Iglesia Adventista del S\u00e9ptimo D\u00eda - Divisi\u00f3n Interamericana","robots":{"index":"index","follow":"follow","max-snippet":"max-snippet:-1","max-image-preview":"max-image-preview:large","max-video-preview":"max-video-preview:-1"},"canonical":"https:\/\/interamerica.org\/es\/2022\/03\/festival-cinematografico-sonscreen-vuelve-a-celebrarse-en-persona-despues-de-dos-anos\/","og_locale":"es_ES","og_type":"article","og_title":"Festival Cinematogr\u00e1fico Sonscreen vuelve a celebrarse en persona despu\u00e9s de dos a\u00f1os - Iglesia Adventista del S\u00e9ptimo D\u00eda - Divisi\u00f3n Interamericana","og_description":"El festival estrenar\u00e1 tambi\u00e9n la primera temporada de la serie Encounters, de Hope Media Europa. 21 de marzo de 2022 | Columbia, Maryland, Estados Unidos | Rachel Scribner, para Noticias...","og_url":"https:\/\/interamerica.org\/es\/2022\/03\/festival-cinematografico-sonscreen-vuelve-a-celebrarse-en-persona-despues-de-dos-anos\/","og_site_name":"Iglesia Adventista del S\u00e9ptimo D\u00eda - Divisi\u00f3n Interamericana","article_published_time":"2022-03-22T00:02:42+00:00","article_modified_time":"2022-03-22T12:52:26+00:00","og_image":[{"width":1920,"height":1080,"url":"https:\/\/interamerica.org\/wp-content\/uploads\/2022\/03\/sonscreen-film-festival-returns-to-in-person-event-after-two-years1.jpeg","type":"image\/jpeg"}],"author":"libna","twitter_card":"summary_large_image","twitter_misc":{"Escrito por":"libna","Tiempo de lectura":"3 minutos"},"schema":{"@context":"https:\/\/schema.org","@graph":[{"@type":"Article","@id":"https:\/\/interamerica.org\/es\/2022\/03\/festival-cinematografico-sonscreen-vuelve-a-celebrarse-en-persona-despues-de-dos-anos\/#article","isPartOf":{"@id":"https:\/\/interamerica.org\/es\/2022\/03\/festival-cinematografico-sonscreen-vuelve-a-celebrarse-en-persona-despues-de-dos-anos\/"},"author":{"name":"libna","@id":"https:\/\/interamerica.org\/es\/#\/schema\/person\/29998f2bc2d8bd0d38662909289b54f1"},"headline":"Festival Cinematogr\u00e1fico Sonscreen vuelve a celebrarse en persona despu\u00e9s de dos a\u00f1os","datePublished":"2022-03-22T00:02:42+00:00","dateModified":"2022-03-22T12:52:26+00:00","mainEntityOfPage":{"@id":"https:\/\/interamerica.org\/es\/2022\/03\/festival-cinematografico-sonscreen-vuelve-a-celebrarse-en-persona-despues-de-dos-anos\/"},"wordCount":577,"image":{"@id":"https:\/\/interamerica.org\/es\/2022\/03\/festival-cinematografico-sonscreen-vuelve-a-celebrarse-en-persona-despues-de-dos-anos\/#primaryimage"},"thumbnailUrl":"https:\/\/interamerica.org\/wp-content\/uploads\/2022\/03\/sonscreen-film-festival-returns-to-in-person-event-after-two-years1.jpeg","articleSection":["Desde la iglesia mundial","RSS Espa\u00f1ol"],"inLanguage":"es"},{"@type":"WebPage","@id":"https:\/\/interamerica.org\/es\/2022\/03\/festival-cinematografico-sonscreen-vuelve-a-celebrarse-en-persona-despues-de-dos-anos\/","url":"https:\/\/interamerica.org\/es\/2022\/03\/festival-cinematografico-sonscreen-vuelve-a-celebrarse-en-persona-despues-de-dos-anos\/","name":"Festival Cinematogr\u00e1fico Sonscreen vuelve a celebrarse en persona despu\u00e9s de dos a\u00f1os - Iglesia Adventista del S\u00e9ptimo D\u00eda - Divisi\u00f3n Interamericana","isPartOf":{"@id":"https:\/\/interamerica.org\/es\/#website"},"primaryImageOfPage":{"@id":"https:\/\/interamerica.org\/es\/2022\/03\/festival-cinematografico-sonscreen-vuelve-a-celebrarse-en-persona-despues-de-dos-anos\/#primaryimage"},"image":{"@id":"https:\/\/interamerica.org\/es\/2022\/03\/festival-cinematografico-sonscreen-vuelve-a-celebrarse-en-persona-despues-de-dos-anos\/#primaryimage"},"thumbnailUrl":"https:\/\/interamerica.org\/wp-content\/uploads\/2022\/03\/sonscreen-film-festival-returns-to-in-person-event-after-two-years1.jpeg","datePublished":"2022-03-22T00:02:42+00:00","dateModified":"2022-03-22T12:52:26+00:00","author":{"@id":"https:\/\/interamerica.org\/es\/#\/schema\/person\/29998f2bc2d8bd0d38662909289b54f1"},"breadcrumb":{"@id":"https:\/\/interamerica.org\/es\/2022\/03\/festival-cinematografico-sonscreen-vuelve-a-celebrarse-en-persona-despues-de-dos-anos\/#breadcrumb"},"inLanguage":"es","potentialAction":[{"@type":"ReadAction","target":["https:\/\/interamerica.org\/es\/2022\/03\/festival-cinematografico-sonscreen-vuelve-a-celebrarse-en-persona-despues-de-dos-anos\/"]}]},{"@type":"ImageObject","inLanguage":"es","@id":"https:\/\/interamerica.org\/es\/2022\/03\/festival-cinematografico-sonscreen-vuelve-a-celebrarse-en-persona-despues-de-dos-anos\/#primaryimage","url":"https:\/\/interamerica.org\/wp-content\/uploads\/2022\/03\/sonscreen-film-festival-returns-to-in-person-event-after-two-years1.jpeg","contentUrl":"https:\/\/interamerica.org\/wp-content\/uploads\/2022\/03\/sonscreen-film-festival-returns-to-in-person-event-after-two-years1.jpeg","width":1920,"height":1080},{"@type":"BreadcrumbList","@id":"https:\/\/interamerica.org\/es\/2022\/03\/festival-cinematografico-sonscreen-vuelve-a-celebrarse-en-persona-despues-de-dos-anos\/#breadcrumb","itemListElement":[{"@type":"ListItem","position":1,"name":"Home","item":"https:\/\/interamerica.org\/es\/"},{"@type":"ListItem","position":2,"name":"Festival Cinematogr\u00e1fico Sonscreen vuelve a celebrarse en persona despu\u00e9s de dos a\u00f1os"}]},{"@type":"WebSite","@id":"https:\/\/interamerica.org\/es\/#website","url":"https:\/\/interamerica.org\/es\/","name":"Iglesia Adventista del S\u00e9ptimo D\u00eda - Divisi\u00f3n Interamericana","description":"","potentialAction":[{"@type":"SearchAction","target":{"@type":"EntryPoint","urlTemplate":"https:\/\/interamerica.org\/es\/?s={search_term_string}"},"query-input":{"@type":"PropertyValueSpecification","valueRequired":true,"valueName":"search_term_string"}}],"inLanguage":"es"},{"@type":"Person","@id":"https:\/\/interamerica.org\/es\/#\/schema\/person\/29998f2bc2d8bd0d38662909289b54f1","name":"libna","image":{"@type":"ImageObject","inLanguage":"es","@id":"https:\/\/secure.gravatar.com\/avatar\/7c5bd30ae4b47a9ba3c856590957fd1d96dc588bf3ac05719d247e126840331f?s=96&d=mm&r=g","url":"https:\/\/secure.gravatar.com\/avatar\/7c5bd30ae4b47a9ba3c856590957fd1d96dc588bf3ac05719d247e126840331f?s=96&d=mm&r=g","contentUrl":"https:\/\/secure.gravatar.com\/avatar\/7c5bd30ae4b47a9ba3c856590957fd1d96dc588bf3ac05719d247e126840331f?s=96&d=mm&r=g","caption":"libna"}}]}},"_links":{"self":[{"href":"https:\/\/interamerica.org\/es\/wp-json\/wp\/v2\/posts\/82819","targetHints":{"allow":["GET"]}}],"collection":[{"href":"https:\/\/interamerica.org\/es\/wp-json\/wp\/v2\/posts"}],"about":[{"href":"https:\/\/interamerica.org\/es\/wp-json\/wp\/v2\/types\/post"}],"author":[{"embeddable":true,"href":"https:\/\/interamerica.org\/es\/wp-json\/wp\/v2\/users\/3"}],"replies":[{"embeddable":true,"href":"https:\/\/interamerica.org\/es\/wp-json\/wp\/v2\/comments?post=82819"}],"version-history":[{"count":0,"href":"https:\/\/interamerica.org\/es\/wp-json\/wp\/v2\/posts\/82819\/revisions"}],"wp:featuredmedia":[{"embeddable":true,"href":"https:\/\/interamerica.org\/es\/wp-json\/wp\/v2\/media\/82756"}],"wp:attachment":[{"href":"https:\/\/interamerica.org\/es\/wp-json\/wp\/v2\/media?parent=82819"}],"wp:term":[{"taxonomy":"category","embeddable":true,"href":"https:\/\/interamerica.org\/es\/wp-json\/wp\/v2\/categories?post=82819"},{"taxonomy":"post_tag","embeddable":true,"href":"https:\/\/interamerica.org\/es\/wp-json\/wp\/v2\/tags?post=82819"}],"curies":[{"name":"wp","href":"https:\/\/api.w.org\/{rel}","templated":true}]}}