{"id":82896,"date":"2022-03-24T19:07:53","date_gmt":"2022-03-24T23:07:53","guid":{"rendered":"https:\/\/recursing-golick.147-182-135-0.plesk.page\/?p=82896"},"modified":"2022-03-25T10:09:35","modified_gmt":"2022-03-25T14:09:35","slug":"creencia-10-la-experiencia-de-la-salvacion","status":"publish","type":"post","link":"https:\/\/interamerica.org\/es\/2022\/03\/creencia-10-la-experiencia-de-la-salvacion\/","title":{"rendered":"Creencia #10: La Experiencia de la Salvaci\u00f3n\u00a0"},"content":{"rendered":"<p>24 de marzo de 2022 | Silver Spring, Maryland, Estados Unidos | Ted N.C. Wilson, President de la Asociaci\u00f3n General de los Adventistas del S\u00e9ptimo D\u00eda<\/p>\n<p><span style=\"font-weight: 400;\">Amigos, \u00bfalguna vez se han preguntado c\u00f3mo las personas que alguna vez fueron malas se vuelven buenas? \u00bfC\u00f3mo es que aquellos que antes estaban llenos de odio se vuelven amorosos y amables? \u00bfLlegan a ser libres aquellos que fueron esclavizados por las drogas, el alcohol, el tabaco y otros h\u00e1bitos debilitantes? \u00bfC\u00f3mo se produce esta transformaci\u00f3n? \u00bfSe vuelve uno \u00abbueno\u00bb simplemente esforz\u00e1ndose?<\/span><\/p>\n<p><span style=\"font-weight: 400;\">La verdad es que tratar de ser \u00abbueno\u00bb, separado de Cristo, puede volverse muy desalentador porque nunca podremos, por nuestra cuenta, ser \u00absuficientemente buenos\u00bb para ser salvos del pecado.<\/span><\/p>\n<p><span style=\"font-weight: 400;\">La experiencia de la salvaci\u00f3n que llega hasta lo m\u00e1s profundo del alma viene s\u00f3lo de Dios. Hablando de esta experiencia, Cristo dijo en <\/span><b>Juan 3, vers\u00edculos 3 y 5<\/b><span style=\"font-weight: 400;\">: <\/span><b>\u201cEl que no naciere de nuevo, no puede ver el reino de Dios\u2026 El que no naciere de agua y del Esp\u00edritu, no puede entrar en el reino de Dios.\u00bb<\/b><\/p>\n<p><span style=\"font-weight: 400;\">S\u00f3lo a trav\u00e9s de Jesucristo se puede experimentar la salvaci\u00f3n, porque, como se nos dice en <\/span><b>Hechos 4:12, \u00abNo hay otro nombre bajo el cielo, dado a los hombres, en que podamos ser salvos.\u00bb<\/b> <span style=\"font-weight: 400;\">Y Jes\u00fas mismo dijo:<\/span> <b>\u00abYo soy el camino, la verdad y la vida. Nadie viene al Padre sino por m\u00ed\u00bb Juan 14:6.<\/b><\/p>\n<p><span style=\"font-weight: 400;\">La experiencia de la transformaci\u00f3n, es decir, la salvaci\u00f3n, viene solo a trav\u00e9s de Jesucristo.<\/span><\/p>\n<p><span style=\"font-weight: 400;\">Nuestra <\/span><b>d\u00e9cima Creencia Fundamental Adventista del S\u00e9ptimo D\u00eda<\/b> <span style=\"font-weight: 400;\">lo explica de esta manera:<\/span><\/p>\n<p><b>\u201cEn infinito amor y misericordia Dios hizo a Cristo, que no conoc\u00eda el pecado, para que fuera para nosotros pecado, para que en \u00c9l pudi\u00e9ramos experimentar la justicia de Dios. Guiados por el Esp\u00edritu Santo sentimos nuestra necesidad, reconocemos nuestra pecaminosidad, nos arrepentimos de nuestras transgresiones y ejercemos la fe en Jes\u00fas como Salvador y Se\u00f1or, Sustituto y Ejemplo. Esta fe salvadora viene a trav\u00e9s del poder divino de la Palabra y es el regalo de la gracia de Dios. A trav\u00e9s de Cristo somos justificados, adoptados como hijos e hijas de Dios, y liberados del se\u00f1or\u00edo del pecado. A trav\u00e9s del Esp\u00edritu nacemos de nuevo y somos santificados; el Esp\u00edritu renueva nuestras mentes, escribe la ley de amor de Dios en nuestros corazones, y se nos da el poder de vivir una vida santa. Permaneciendo en \u00c9l nos hacemos part\u00edcipes de la naturaleza divina y tenemos la seguridad de la salvaci\u00f3n ahora y en el juicio. \u00ab<\/b><\/p>\n<p><span style=\"font-weight: 400;\">Jes\u00fas nos ofrece gratuitamente a cada uno de nosotros el don de la salvaci\u00f3n total del pecado. Nuestra parte al aceptar este regalo se explica en <\/span><b>Romanos 10:9-10: \u00abSi confesares con tu boca que Jes\u00fas es el Se\u00f1or, y creyeres en tu coraz\u00f3n que Dios le levant\u00f3 de los muertos, ser\u00e1s salvo. Porque con el coraz\u00f3n se cree para justicia, pero con la boca se confiesa para salvaci\u00f3n\u00bb.<\/b><\/p>\n<p><span style=\"font-weight: 400;\">Una vez que aceptas el maravilloso regalo de Dios, \u00c9l perdona tus pecados pasados \u200b\u200by te mira como si nunca hubieras pecado. Luego promete ayudarte a vencer el pecado a trav\u00e9s de \u00c9l. Leemos esta hermosa promesa en el libro de <\/span><b>Judas, vers\u00edculos 24 y 25: \u201dY a aquel que es poderoso para guardaros sin ca\u00edda, y presentaros sin mancha delante de su gloria con gran alegr\u00eda, al \u00fanico y sabio Dios, nuestro Salvador, sea gloria y majestad, imperio y potencia, ahora y por todos los siglos. Am\u00e9n.\u00bb<\/b><span style=\"font-weight: 400;\">\u00a0<\/span><\/p>\n<p><span style=\"font-weight: 400;\">\u00bfSe dan cuenta?, despu\u00e9s de aceptar a Jes\u00fas, somos llamados, como dice en <\/span><b>Romanos 6:4<\/b><span style=\"font-weight: 400;\">, a <\/span><b>\u00abandar en vida nueva\u00bb.<\/b><span style=\"font-weight: 400;\"> El Hijo de Dios vino a <\/span><b>\u00absalvar a su pueblo de sus pecados\u00bb Mat. 1:21.<\/b><span style=\"font-weight: 400;\"> Dios quiere mostrarte una mejor y m\u00e1s feliz manera de vivir. En <\/span><b>Ezequiel 36:26<\/b><span style=\"font-weight: 400;\"> leemos esta hermosa promesa: <\/span><b>\u00abOs dar\u00e9 coraz\u00f3n nuevo, y pondr\u00e9 esp\u00edritu nuevo dentro de vosotros.\u201d<\/b><\/p>\n<p><span style=\"font-weight: 400;\">Jes\u00fas nos encuentra donde estemos y se deleita en salvarnos de nuestra condici\u00f3n perdida. No hay camino demasiado oscuro para que \u00c9l viaje para salvarnos. No hay vida demasiado pecaminosa que Su gracia y perd\u00f3n no puedan rehacernos.<\/span><\/p>\n<p><span style=\"font-weight: 400;\">Debido a Su gran amor, le respondemos con amor y agradecimiento. <\/span><b>\u00abSi me am\u00e1is\u00bb,<\/b><span style=\"font-weight: 400;\"> dice Jes\u00fas, <\/span><b>\u00abguardad mis mandamientos\u00bb (Juan 14:15).<\/b><span style=\"font-weight: 400;\"> Nuestra respuesta de amor al asombroso sacrificio de Jesucristo es seguirlo y obedecer sus ense\u00f1anzas. Si profesamos amar a Dios, pero rehusamos seguir Su liderazgo, nuestra profesi\u00f3n no significa mucho. Nuestra elecci\u00f3n de seguir Su gu\u00eda es nuestra respuesta de amor por Su asombroso sacrificio.<\/span><\/p>\n<p><span style=\"font-weight: 400;\">Pero si cometemos errores o nos desviamos, Dios todav\u00eda est\u00e1 ah\u00ed para nosotros. La noche antes de que Jes\u00fas fuera crucificado, advirti\u00f3 a sus disc\u00edpulos: <\/span><b>\u00abVelad y orad, para que no entr\u00e9is en tentaci\u00f3n; el esp\u00edritu a la verdad est\u00e1 dispuesto, pero la carne es d\u00e9bil.\u00bb (Marcos 14:38).<\/b><span style=\"font-weight: 400;\"> Aunque hayamos escogido a Jes\u00fas, a\u00fan seremos tentados a pecar. Pero Dios no nos deja solos. \u00c9l promete en <\/span><b>Hebreos 13:5: \u00abNo te desamparar\u00e9, ni te dejar\u00e9\u00bb.<\/b><\/p>\n<p><span style=\"font-weight: 400;\">En respuesta al amor y cuidado de Dios por nosotros, y a trav\u00e9s del poder del Esp\u00edritu Santo, podemos vivir vidas transformadas. <\/span><b>\u201cPorque el amor de Cristo nos constri\u00f1e\u201d<\/b><span style=\"font-weight: 400;\">, escribe el ap\u00f3stol Pablo, \u201c<\/span><b>a que los que viven, ya no vivan para s\u00ed, sino para aquel que muri\u00f3 y resucit\u00f3 por ellos\u201d 2 Cor. 5:14, 15<\/b><span style=\"font-weight: 400;\">.<\/span><\/p>\n<p><span style=\"font-weight: 400;\">Pablo contin\u00faa diciendo: <\/span><b>\u00abDe modo que si alguno est\u00e1 en Cristo, nueva criatura es; las cosas viejas pasaron; he aqu\u00ed todas son hechas nuevas.\u00bb (2 Corintios 5:17).<\/b><\/p>\n<p><span style=\"font-weight: 400;\">Cuando aceptamos a Jes\u00fas como nuestro Salvador y entregamos nuestra vida a Su control, podemos estar seguros de nuestra salvaci\u00f3n eterna. Juan escribe, <\/span><b>\u00abY ahora, hijitos, permaneced en \u00e9l, para que cuando se manifieste, tengamos confianza, para que en su venida no nos alejemos de \u00e9l avergonzados. <\/b><b>(1 Juan 2:28).<\/b><\/p>\n<p><span style=\"font-weight: 400;\">Para concluir, me gustar\u00eda compartir con ustedes esta hermosa descripci\u00f3n de lo que significa experimentar verdaderamente la salvaci\u00f3n en Cristo. Viene de un libro maravilloso, <\/span><b><i>El Camino a Cristo<\/i><\/b><span style=\"font-weight: 400;\">, que est\u00e1 disponible sin costo, en <\/span><b>egwwritings.org<\/b><span style=\"font-weight: 400;\">. Esto es lo que escribe la autora inspirada:<\/span><\/p>\n<p><b>\u00abLa vida en Cristo es una vida de reposo. Tal vez no haya \u00e9xtasis de los sentimientos, pero debe haber una confianza continua y apacible. Tu esperanza no se cifra en ti mismo, sino en Cristo. Tu debilidad est\u00e1 unida a su fuerza, tu ignorancia a su sabidur\u00eda, tu fragilidad a su eterno poder. As\u00ed que no has de mirar a ti mismo ni depender de ti, sino mirar a Cristo. Piensa en su amor, en la belleza y perfecci\u00f3n de su car\u00e1cter. Cristo en su abnegaci\u00f3n, Cristo en su humillaci\u00f3n, Cristo en su pureza y santidad, Cristo en su incomparable amor: tal es el tema que debe contemplar el alma.\u00a0 Am\u00e1ndole, imit\u00e1ndole, dependiendo enteramente de El, es como ser\u00e1s transformado a su semejanza.\u00bb (El Camino a Cristo, p. 70).<\/b><\/p>\n<p><span style=\"font-weight: 400;\">Si a\u00fan no has experimentado esta vida de descanso en Cristo, te invito a aceptar hoy esta hermosa experiencia de salvaci\u00f3n. Por favor, un\u00e1monos en oraci\u00f3n.<\/span><\/p>\n<p><span style=\"font-weight: 400;\">Padre que est\u00e1s en los cielos, gracias por la forma en que el Esp\u00edritu Santo obra en el coraz\u00f3n. C\u00f3mo Cristo transforma nuestras vidas, nos lleva a una correcta relaci\u00f3n con el Padre. Se\u00f1or, a medida que cada uno de nosotros enfrenta los desaf\u00edos que se nos presentan cada d\u00eda, ay\u00fadanos a apoyarnos completamente en Cristo y en Su poder para transformar nuestras vidas, para que seamos cada vez m\u00e1s como Jes\u00fas. Gracias por esta promesa, ahora y por la eternidad y por la promesa del pronto regreso de Jes\u00fas, cuando seremos completamente nuevos, y viviremos en un ambiente perfecto para siempre. Gracias por escucharnos. En el nombre de Jes\u00fas te lo pedimos, am\u00e9n.\u00a0<\/span><\/p>\n<p><iframe title=\"Creencia #10 - Salvaci\u00f3n [\u00bfC\u00f3mo Podemos tenerla?] \u2013 Pastor Ted Wilson\" width=\"500\" height=\"281\" src=\"https:\/\/www.youtube.com\/embed\/1W_4QuakECw?feature=oembed\" frameborder=\"0\" allow=\"accelerometer; autoplay; clipboard-write; encrypted-media; gyroscope; picture-in-picture; web-share\" referrerpolicy=\"strict-origin-when-cross-origin\" allowfullscreen><\/iframe><\/p>\n","protected":false},"excerpt":{"rendered":"<p>24 de marzo de 2022 | Silver Spring, Maryland, Estados Unidos | Ted N.C. Wilson, President de la Asociaci\u00f3n General de los Adventistas del S\u00e9ptimo D\u00eda Amigos, \u00bfalguna vez se&#8230;<\/p>\n","protected":false},"author":3,"featured_media":82900,"comment_status":"closed","ping_status":"closed","sticky":false,"template":"","format":"standard","meta":{"_acf_changed":false,"footnotes":""},"categories":[14,15],"tags":[],"class_list":["post-82896","post","type-post","status-publish","format-standard","has-post-thumbnail","hentry","category-de-la-iglesia-mundial","category-rss-espanol"],"acf":[],"yoast_head":"<!-- This site is optimized with the Yoast SEO plugin v27.3 - https:\/\/yoast.com\/product\/yoast-seo-wordpress\/ -->\n<title>Creencia #10: La Experiencia de la Salvaci\u00f3n\u00a0 - Iglesia Adventista del S\u00e9ptimo D\u00eda - Divisi\u00f3n Interamericana<\/title>\n<meta name=\"robots\" content=\"index, follow, max-snippet:-1, max-image-preview:large, max-video-preview:-1\" \/>\n<link rel=\"canonical\" href=\"https:\/\/interamerica.org\/es\/2022\/03\/creencia-10-la-experiencia-de-la-salvacion\/\" \/>\n<meta property=\"og:locale\" content=\"es_ES\" \/>\n<meta property=\"og:type\" content=\"article\" \/>\n<meta property=\"og:title\" content=\"Creencia #10: La Experiencia de la Salvaci\u00f3n\u00a0 - Iglesia Adventista del S\u00e9ptimo D\u00eda - Divisi\u00f3n Interamericana\" \/>\n<meta property=\"og:description\" content=\"24 de marzo de 2022 | Silver Spring, Maryland, Estados Unidos | Ted N.C. Wilson, President de la Asociaci\u00f3n General de los Adventistas del S\u00e9ptimo D\u00eda Amigos, \u00bfalguna vez se...\" \/>\n<meta property=\"og:url\" content=\"https:\/\/interamerica.org\/es\/2022\/03\/creencia-10-la-experiencia-de-la-salvacion\/\" \/>\n<meta property=\"og:site_name\" content=\"Iglesia Adventista del S\u00e9ptimo D\u00eda - Divisi\u00f3n Interamericana\" \/>\n<meta property=\"article:published_time\" content=\"2022-03-24T23:07:53+00:00\" \/>\n<meta property=\"article:modified_time\" content=\"2022-03-25T14:09:35+00:00\" \/>\n<meta property=\"og:image\" content=\"https:\/\/interamerica.org\/wp-content\/uploads\/2022\/03\/wilson-mar24-spanish.png\" \/>\n\t<meta property=\"og:image:width\" content=\"1000\" \/>\n\t<meta property=\"og:image:height\" content=\"562\" \/>\n\t<meta property=\"og:image:type\" content=\"image\/png\" \/>\n<meta name=\"author\" content=\"libna\" \/>\n<meta name=\"twitter:card\" content=\"summary_large_image\" \/>\n<meta name=\"twitter:label1\" content=\"Escrito por\" \/>\n\t<meta name=\"twitter:data1\" content=\"libna\" \/>\n\t<meta name=\"twitter:label2\" content=\"Tiempo de lectura\" \/>\n\t<meta name=\"twitter:data2\" content=\"7 minutos\" \/>\n<script type=\"application\/ld+json\" class=\"yoast-schema-graph\">{\"@context\":\"https:\\\/\\\/schema.org\",\"@graph\":[{\"@type\":\"Article\",\"@id\":\"https:\\\/\\\/interamerica.org\\\/es\\\/2022\\\/03\\\/creencia-10-la-experiencia-de-la-salvacion\\\/#article\",\"isPartOf\":{\"@id\":\"https:\\\/\\\/interamerica.org\\\/es\\\/2022\\\/03\\\/creencia-10-la-experiencia-de-la-salvacion\\\/\"},\"author\":{\"name\":\"libna\",\"@id\":\"https:\\\/\\\/interamerica.org\\\/es\\\/#\\\/schema\\\/person\\\/29998f2bc2d8bd0d38662909289b54f1\"},\"headline\":\"Creencia #10: La Experiencia de la Salvaci\u00f3n\u00a0\",\"datePublished\":\"2022-03-24T23:07:53+00:00\",\"dateModified\":\"2022-03-25T14:09:35+00:00\",\"mainEntityOfPage\":{\"@id\":\"https:\\\/\\\/interamerica.org\\\/es\\\/2022\\\/03\\\/creencia-10-la-experiencia-de-la-salvacion\\\/\"},\"wordCount\":1366,\"image\":{\"@id\":\"https:\\\/\\\/interamerica.org\\\/es\\\/2022\\\/03\\\/creencia-10-la-experiencia-de-la-salvacion\\\/#primaryimage\"},\"thumbnailUrl\":\"https:\\\/\\\/interamerica.org\\\/wp-content\\\/uploads\\\/2022\\\/03\\\/wilson-mar24-spanish.png\",\"articleSection\":[\"Desde la iglesia mundial\",\"RSS Espa\u00f1ol\"],\"inLanguage\":\"es\"},{\"@type\":\"WebPage\",\"@id\":\"https:\\\/\\\/interamerica.org\\\/es\\\/2022\\\/03\\\/creencia-10-la-experiencia-de-la-salvacion\\\/\",\"url\":\"https:\\\/\\\/interamerica.org\\\/es\\\/2022\\\/03\\\/creencia-10-la-experiencia-de-la-salvacion\\\/\",\"name\":\"Creencia #10: La Experiencia de la Salvaci\u00f3n\u00a0 - Iglesia Adventista del S\u00e9ptimo D\u00eda - Divisi\u00f3n Interamericana\",\"isPartOf\":{\"@id\":\"https:\\\/\\\/interamerica.org\\\/es\\\/#website\"},\"primaryImageOfPage\":{\"@id\":\"https:\\\/\\\/interamerica.org\\\/es\\\/2022\\\/03\\\/creencia-10-la-experiencia-de-la-salvacion\\\/#primaryimage\"},\"image\":{\"@id\":\"https:\\\/\\\/interamerica.org\\\/es\\\/2022\\\/03\\\/creencia-10-la-experiencia-de-la-salvacion\\\/#primaryimage\"},\"thumbnailUrl\":\"https:\\\/\\\/interamerica.org\\\/wp-content\\\/uploads\\\/2022\\\/03\\\/wilson-mar24-spanish.png\",\"datePublished\":\"2022-03-24T23:07:53+00:00\",\"dateModified\":\"2022-03-25T14:09:35+00:00\",\"author\":{\"@id\":\"https:\\\/\\\/interamerica.org\\\/es\\\/#\\\/schema\\\/person\\\/29998f2bc2d8bd0d38662909289b54f1\"},\"breadcrumb\":{\"@id\":\"https:\\\/\\\/interamerica.org\\\/es\\\/2022\\\/03\\\/creencia-10-la-experiencia-de-la-salvacion\\\/#breadcrumb\"},\"inLanguage\":\"es\",\"potentialAction\":[{\"@type\":\"ReadAction\",\"target\":[\"https:\\\/\\\/interamerica.org\\\/es\\\/2022\\\/03\\\/creencia-10-la-experiencia-de-la-salvacion\\\/\"]}]},{\"@type\":\"ImageObject\",\"inLanguage\":\"es\",\"@id\":\"https:\\\/\\\/interamerica.org\\\/es\\\/2022\\\/03\\\/creencia-10-la-experiencia-de-la-salvacion\\\/#primaryimage\",\"url\":\"https:\\\/\\\/interamerica.org\\\/wp-content\\\/uploads\\\/2022\\\/03\\\/wilson-mar24-spanish.png\",\"contentUrl\":\"https:\\\/\\\/interamerica.org\\\/wp-content\\\/uploads\\\/2022\\\/03\\\/wilson-mar24-spanish.png\",\"width\":1000,\"height\":562},{\"@type\":\"BreadcrumbList\",\"@id\":\"https:\\\/\\\/interamerica.org\\\/es\\\/2022\\\/03\\\/creencia-10-la-experiencia-de-la-salvacion\\\/#breadcrumb\",\"itemListElement\":[{\"@type\":\"ListItem\",\"position\":1,\"name\":\"Home\",\"item\":\"https:\\\/\\\/interamerica.org\\\/es\\\/\"},{\"@type\":\"ListItem\",\"position\":2,\"name\":\"Creencia #10: La Experiencia de la Salvaci\u00f3n\u00a0\"}]},{\"@type\":\"WebSite\",\"@id\":\"https:\\\/\\\/interamerica.org\\\/es\\\/#website\",\"url\":\"https:\\\/\\\/interamerica.org\\\/es\\\/\",\"name\":\"Iglesia Adventista del S\u00e9ptimo D\u00eda - Divisi\u00f3n Interamericana\",\"description\":\"\",\"potentialAction\":[{\"@type\":\"SearchAction\",\"target\":{\"@type\":\"EntryPoint\",\"urlTemplate\":\"https:\\\/\\\/interamerica.org\\\/es\\\/?s={search_term_string}\"},\"query-input\":{\"@type\":\"PropertyValueSpecification\",\"valueRequired\":true,\"valueName\":\"search_term_string\"}}],\"inLanguage\":\"es\"},{\"@type\":\"Person\",\"@id\":\"https:\\\/\\\/interamerica.org\\\/es\\\/#\\\/schema\\\/person\\\/29998f2bc2d8bd0d38662909289b54f1\",\"name\":\"libna\",\"image\":{\"@type\":\"ImageObject\",\"inLanguage\":\"es\",\"@id\":\"https:\\\/\\\/secure.gravatar.com\\\/avatar\\\/7c5bd30ae4b47a9ba3c856590957fd1d96dc588bf3ac05719d247e126840331f?s=96&d=mm&r=g\",\"url\":\"https:\\\/\\\/secure.gravatar.com\\\/avatar\\\/7c5bd30ae4b47a9ba3c856590957fd1d96dc588bf3ac05719d247e126840331f?s=96&d=mm&r=g\",\"contentUrl\":\"https:\\\/\\\/secure.gravatar.com\\\/avatar\\\/7c5bd30ae4b47a9ba3c856590957fd1d96dc588bf3ac05719d247e126840331f?s=96&d=mm&r=g\",\"caption\":\"libna\"}}]}<\/script>\n<!-- \/ Yoast SEO plugin. -->","yoast_head_json":{"title":"Creencia #10: La Experiencia de la Salvaci\u00f3n\u00a0 - Iglesia Adventista del S\u00e9ptimo D\u00eda - Divisi\u00f3n Interamericana","robots":{"index":"index","follow":"follow","max-snippet":"max-snippet:-1","max-image-preview":"max-image-preview:large","max-video-preview":"max-video-preview:-1"},"canonical":"https:\/\/interamerica.org\/es\/2022\/03\/creencia-10-la-experiencia-de-la-salvacion\/","og_locale":"es_ES","og_type":"article","og_title":"Creencia #10: La Experiencia de la Salvaci\u00f3n\u00a0 - Iglesia Adventista del S\u00e9ptimo D\u00eda - Divisi\u00f3n Interamericana","og_description":"24 de marzo de 2022 | Silver Spring, Maryland, Estados Unidos | Ted N.C. Wilson, President de la Asociaci\u00f3n General de los Adventistas del S\u00e9ptimo D\u00eda Amigos, \u00bfalguna vez se...","og_url":"https:\/\/interamerica.org\/es\/2022\/03\/creencia-10-la-experiencia-de-la-salvacion\/","og_site_name":"Iglesia Adventista del S\u00e9ptimo D\u00eda - Divisi\u00f3n Interamericana","article_published_time":"2022-03-24T23:07:53+00:00","article_modified_time":"2022-03-25T14:09:35+00:00","og_image":[{"width":1000,"height":562,"url":"https:\/\/interamerica.org\/wp-content\/uploads\/2022\/03\/wilson-mar24-spanish.png","type":"image\/png"}],"author":"libna","twitter_card":"summary_large_image","twitter_misc":{"Escrito por":"libna","Tiempo de lectura":"7 minutos"},"schema":{"@context":"https:\/\/schema.org","@graph":[{"@type":"Article","@id":"https:\/\/interamerica.org\/es\/2022\/03\/creencia-10-la-experiencia-de-la-salvacion\/#article","isPartOf":{"@id":"https:\/\/interamerica.org\/es\/2022\/03\/creencia-10-la-experiencia-de-la-salvacion\/"},"author":{"name":"libna","@id":"https:\/\/interamerica.org\/es\/#\/schema\/person\/29998f2bc2d8bd0d38662909289b54f1"},"headline":"Creencia #10: La Experiencia de la Salvaci\u00f3n\u00a0","datePublished":"2022-03-24T23:07:53+00:00","dateModified":"2022-03-25T14:09:35+00:00","mainEntityOfPage":{"@id":"https:\/\/interamerica.org\/es\/2022\/03\/creencia-10-la-experiencia-de-la-salvacion\/"},"wordCount":1366,"image":{"@id":"https:\/\/interamerica.org\/es\/2022\/03\/creencia-10-la-experiencia-de-la-salvacion\/#primaryimage"},"thumbnailUrl":"https:\/\/interamerica.org\/wp-content\/uploads\/2022\/03\/wilson-mar24-spanish.png","articleSection":["Desde la iglesia mundial","RSS Espa\u00f1ol"],"inLanguage":"es"},{"@type":"WebPage","@id":"https:\/\/interamerica.org\/es\/2022\/03\/creencia-10-la-experiencia-de-la-salvacion\/","url":"https:\/\/interamerica.org\/es\/2022\/03\/creencia-10-la-experiencia-de-la-salvacion\/","name":"Creencia #10: La Experiencia de la Salvaci\u00f3n\u00a0 - Iglesia Adventista del S\u00e9ptimo D\u00eda - Divisi\u00f3n Interamericana","isPartOf":{"@id":"https:\/\/interamerica.org\/es\/#website"},"primaryImageOfPage":{"@id":"https:\/\/interamerica.org\/es\/2022\/03\/creencia-10-la-experiencia-de-la-salvacion\/#primaryimage"},"image":{"@id":"https:\/\/interamerica.org\/es\/2022\/03\/creencia-10-la-experiencia-de-la-salvacion\/#primaryimage"},"thumbnailUrl":"https:\/\/interamerica.org\/wp-content\/uploads\/2022\/03\/wilson-mar24-spanish.png","datePublished":"2022-03-24T23:07:53+00:00","dateModified":"2022-03-25T14:09:35+00:00","author":{"@id":"https:\/\/interamerica.org\/es\/#\/schema\/person\/29998f2bc2d8bd0d38662909289b54f1"},"breadcrumb":{"@id":"https:\/\/interamerica.org\/es\/2022\/03\/creencia-10-la-experiencia-de-la-salvacion\/#breadcrumb"},"inLanguage":"es","potentialAction":[{"@type":"ReadAction","target":["https:\/\/interamerica.org\/es\/2022\/03\/creencia-10-la-experiencia-de-la-salvacion\/"]}]},{"@type":"ImageObject","inLanguage":"es","@id":"https:\/\/interamerica.org\/es\/2022\/03\/creencia-10-la-experiencia-de-la-salvacion\/#primaryimage","url":"https:\/\/interamerica.org\/wp-content\/uploads\/2022\/03\/wilson-mar24-spanish.png","contentUrl":"https:\/\/interamerica.org\/wp-content\/uploads\/2022\/03\/wilson-mar24-spanish.png","width":1000,"height":562},{"@type":"BreadcrumbList","@id":"https:\/\/interamerica.org\/es\/2022\/03\/creencia-10-la-experiencia-de-la-salvacion\/#breadcrumb","itemListElement":[{"@type":"ListItem","position":1,"name":"Home","item":"https:\/\/interamerica.org\/es\/"},{"@type":"ListItem","position":2,"name":"Creencia #10: La Experiencia de la Salvaci\u00f3n\u00a0"}]},{"@type":"WebSite","@id":"https:\/\/interamerica.org\/es\/#website","url":"https:\/\/interamerica.org\/es\/","name":"Iglesia Adventista del S\u00e9ptimo D\u00eda - Divisi\u00f3n Interamericana","description":"","potentialAction":[{"@type":"SearchAction","target":{"@type":"EntryPoint","urlTemplate":"https:\/\/interamerica.org\/es\/?s={search_term_string}"},"query-input":{"@type":"PropertyValueSpecification","valueRequired":true,"valueName":"search_term_string"}}],"inLanguage":"es"},{"@type":"Person","@id":"https:\/\/interamerica.org\/es\/#\/schema\/person\/29998f2bc2d8bd0d38662909289b54f1","name":"libna","image":{"@type":"ImageObject","inLanguage":"es","@id":"https:\/\/secure.gravatar.com\/avatar\/7c5bd30ae4b47a9ba3c856590957fd1d96dc588bf3ac05719d247e126840331f?s=96&d=mm&r=g","url":"https:\/\/secure.gravatar.com\/avatar\/7c5bd30ae4b47a9ba3c856590957fd1d96dc588bf3ac05719d247e126840331f?s=96&d=mm&r=g","contentUrl":"https:\/\/secure.gravatar.com\/avatar\/7c5bd30ae4b47a9ba3c856590957fd1d96dc588bf3ac05719d247e126840331f?s=96&d=mm&r=g","caption":"libna"}}]}},"_links":{"self":[{"href":"https:\/\/interamerica.org\/es\/wp-json\/wp\/v2\/posts\/82896","targetHints":{"allow":["GET"]}}],"collection":[{"href":"https:\/\/interamerica.org\/es\/wp-json\/wp\/v2\/posts"}],"about":[{"href":"https:\/\/interamerica.org\/es\/wp-json\/wp\/v2\/types\/post"}],"author":[{"embeddable":true,"href":"https:\/\/interamerica.org\/es\/wp-json\/wp\/v2\/users\/3"}],"replies":[{"embeddable":true,"href":"https:\/\/interamerica.org\/es\/wp-json\/wp\/v2\/comments?post=82896"}],"version-history":[{"count":0,"href":"https:\/\/interamerica.org\/es\/wp-json\/wp\/v2\/posts\/82896\/revisions"}],"wp:featuredmedia":[{"embeddable":true,"href":"https:\/\/interamerica.org\/es\/wp-json\/wp\/v2\/media\/82900"}],"wp:attachment":[{"href":"https:\/\/interamerica.org\/es\/wp-json\/wp\/v2\/media?parent=82896"}],"wp:term":[{"taxonomy":"category","embeddable":true,"href":"https:\/\/interamerica.org\/es\/wp-json\/wp\/v2\/categories?post=82896"},{"taxonomy":"post_tag","embeddable":true,"href":"https:\/\/interamerica.org\/es\/wp-json\/wp\/v2\/tags?post=82896"}],"curies":[{"name":"wp","href":"https:\/\/api.w.org\/{rel}","templated":true}]}}