{"id":82905,"date":"2022-03-24T12:45:11","date_gmt":"2022-03-24T16:45:11","guid":{"rendered":"https:\/\/recursing-golick.147-182-135-0.plesk.page\/?p=82905"},"modified":"2022-03-24T15:08:25","modified_gmt":"2022-03-24T19:08:25","slug":"hospital-adventista-en-berlin-recibe-a-refugiados-de-ucrania","status":"publish","type":"post","link":"https:\/\/interamerica.org\/es\/2022\/03\/hospital-adventista-en-berlin-recibe-a-refugiados-de-ucrania\/","title":{"rendered":"Hospital adventista en Berl\u00edn recibe a refugiados de Ucrania"},"content":{"rendered":"<p><strong>Instituci\u00f3n recolecta suministros y ayuda a refugiados a reasentarse en su pa\u00eds anfitri\u00f3n.<\/strong><\/p>\n<p>22 de marzo de 2022 | Adventistische Pressedienst y Adventist Review<\/p>\n<p>Berl\u00edn se ha convertido en el destino alem\u00e1n m\u00e1s importante para refugiados procedentes de Ucrania. Desde el 9 de marzo de 2022,\u00a0el <a href=\"http:\/\/www.krankenhaus-waldfriede.de\/\">Hospital Adventista Waldfriede<\/a>, en Berl\u00edn-Zehlendorf ha recibido a refugiados ucranianos y les est\u00e1 ayudando a dar sus primeros pasos al procurar adaptarse a su nueva vida en Alemania.<\/p>\n<p>Inform\u00f3 el hospital que, en el mes de marzo, los empleados recolectaron donaciones de suministros de ayuda para los refugiados, los cargaron en un veh\u00edculo y los llevaron a la frontera ucraniana. Tales suministros inclu\u00edan medicinas, anestesia, alimentos para beb\u00e9 y agua, entre otras cosas. En su viaje de regreso, quienes estuvieron a cargo de llevar las donaciones trajeron consigo a un grupo de refugiados (parientes lejanos). El director ejecutivo del Hospital Waldfriede, Bernd Quoss y la directora de enfermeras, Maria G\u00f6ssler, ayudaron a organizar las opciones de alojamiento para los reci\u00e9n llegados, inform\u00f3 esta instituci\u00f3n adventista de salud.<\/p>\n<p>La organizaci\u00f3n F\u00f6rderverein des Krankenhauses Waldfriede cuenta con una larga historia de apoyo a proyectos sociales en Berl\u00edn y en todo el mundo. \u201cActualmente, el hospital y dicha organizaci\u00f3n se han unido para proveer ayuda de emergencia a Ucrania, al recolectar suministros y donaciones para satisfacer las necesidades b\u00e1sicas de la gente de la localidad y de los refugiados en Berl\u00edn, a fin de que puedan iniciar una nueva vida\u201d, dijeron los dirigentes del hospital. Informaron adem\u00e1s que, dos veces a la semana, los capellanes del hospital celebran momentos especiales de oraci\u00f3n, rogando por paz y solidaridad. Cualquier persona que se interese en la paz est\u00e1 invitada a asistir.<\/p>\n<p><strong>Hospital Waldfriede <\/strong><\/p>\n<p>El Hospital Adventista Waldfriede en Berl\u00edn-Zehlendorf, una instituci\u00f3n sin \u00e1nimo de lucro, es un hospital de ense\u00f1anza acad\u00e9mica de Charit\u00e9-Universit\u00e4tsmedizin de Berl\u00edn. Ha sido certificado varias veces de acuerdo a las normas de calidad legales y ha recibido ya muchos reconocimientos por su calidad m\u00e9dica y de enfermer\u00eda. Cada a\u00f1o se atienden en \u00e9l aproximadamente 15,000 pacientes internos y 120,000 pacientes externos.<\/p>\n<p>La Iglesia Adventista del S\u00e9ptimo D\u00eda patrocina este hospital, que es una de sus 900 instituciones m\u00e9dicas adventistas en todo el mundo. El Hospital Waldfriede es miembro de Diakonisches Werk Berlin-Brandenburg-Silesian Upper Lusatia, la Asociaci\u00f3n de Hospitales Evang\u00e9licos Alemanes (DEKV) y socio cooperativo de la red de hospitales adventistas AdventHealth, con base en los Estados Unidos.<\/p>\n<p>El Hospital Waldfriede es parte de la red de salud Waldfriede, que incluye tambi\u00e9n, entre otras cosas, una cl\u00ednica diurna, una academia de salud y enfermer\u00eda, un hogar de ancianos, el centro de salud PrimaVita, la cl\u00ednica privada Nikolassee y el Centro Desert Flower.<\/p>\n<p><em>La versi\u00f3n original de esta noticia se public\u00f3 en <\/em><a href=\"https:\/\/www.apd.info\/\"><em>Adventistische Pressedienst<\/em><\/a><em>.<\/em><\/p>\n<p>Traducci\u00f3n \u2013 Gloria A Castrej\u00f3n<\/p>\n<p>&nbsp;<\/p>\n","protected":false},"excerpt":{"rendered":"<p>Instituci\u00f3n recolecta suministros y ayuda a refugiados a reasentarse en su pa\u00eds anfitri\u00f3n. 22 de marzo de 2022 | Adventistische Pressedienst y Adventist Review Berl\u00edn se ha convertido en el&#8230;<\/p>\n","protected":false},"author":3,"featured_media":82882,"comment_status":"closed","ping_status":"closed","sticky":false,"template":"","format":"standard","meta":{"_acf_changed":false,"footnotes":""},"categories":[14,15],"tags":[],"class_list":["post-82905","post","type-post","status-publish","format-standard","has-post-thumbnail","hentry","category-de-la-iglesia-mundial","category-rss-espanol"],"acf":[],"yoast_head":"<!-- This site is optimized with the Yoast SEO plugin v27.3 - https:\/\/yoast.com\/product\/yoast-seo-wordpress\/ -->\n<title>Hospital adventista en Berl\u00edn recibe a refugiados de Ucrania - Iglesia Adventista del S\u00e9ptimo D\u00eda - Divisi\u00f3n Interamericana<\/title>\n<meta name=\"robots\" content=\"index, follow, max-snippet:-1, max-image-preview:large, max-video-preview:-1\" \/>\n<link rel=\"canonical\" href=\"https:\/\/interamerica.org\/es\/2022\/03\/hospital-adventista-en-berlin-recibe-a-refugiados-de-ucrania\/\" \/>\n<meta property=\"og:locale\" content=\"es_ES\" \/>\n<meta property=\"og:type\" content=\"article\" \/>\n<meta property=\"og:title\" content=\"Hospital adventista en Berl\u00edn recibe a refugiados de Ucrania - Iglesia Adventista del S\u00e9ptimo D\u00eda - Divisi\u00f3n Interamericana\" \/>\n<meta property=\"og:description\" content=\"Instituci\u00f3n recolecta suministros y ayuda a refugiados a reasentarse en su pa\u00eds anfitri\u00f3n. 22 de marzo de 2022 | Adventistische Pressedienst y Adventist Review Berl\u00edn se ha convertido en el...\" \/>\n<meta property=\"og:url\" content=\"https:\/\/interamerica.org\/es\/2022\/03\/hospital-adventista-en-berlin-recibe-a-refugiados-de-ucrania\/\" \/>\n<meta property=\"og:site_name\" content=\"Iglesia Adventista del S\u00e9ptimo D\u00eda - Divisi\u00f3n Interamericana\" \/>\n<meta property=\"article:published_time\" content=\"2022-03-24T16:45:11+00:00\" \/>\n<meta property=\"article:modified_time\" content=\"2022-03-24T19:08:25+00:00\" \/>\n<meta property=\"og:image\" content=\"https:\/\/interamerica.org\/wp-content\/uploads\/2022\/03\/adventist-hospital-in-berlin-welcome-refugees-from-ukraine1.jpeg\" \/>\n\t<meta property=\"og:image:width\" content=\"1920\" \/>\n\t<meta property=\"og:image:height\" content=\"1080\" \/>\n\t<meta property=\"og:image:type\" content=\"image\/jpeg\" \/>\n<meta name=\"author\" content=\"libna\" \/>\n<meta name=\"twitter:card\" content=\"summary_large_image\" \/>\n<meta name=\"twitter:label1\" content=\"Escrito por\" \/>\n\t<meta name=\"twitter:data1\" content=\"libna\" \/>\n\t<meta name=\"twitter:label2\" content=\"Tiempo de lectura\" \/>\n\t<meta name=\"twitter:data2\" content=\"2 minutos\" \/>\n<script type=\"application\/ld+json\" class=\"yoast-schema-graph\">{\"@context\":\"https:\\\/\\\/schema.org\",\"@graph\":[{\"@type\":\"Article\",\"@id\":\"https:\\\/\\\/interamerica.org\\\/es\\\/2022\\\/03\\\/hospital-adventista-en-berlin-recibe-a-refugiados-de-ucrania\\\/#article\",\"isPartOf\":{\"@id\":\"https:\\\/\\\/interamerica.org\\\/es\\\/2022\\\/03\\\/hospital-adventista-en-berlin-recibe-a-refugiados-de-ucrania\\\/\"},\"author\":{\"name\":\"libna\",\"@id\":\"https:\\\/\\\/interamerica.org\\\/es\\\/#\\\/schema\\\/person\\\/29998f2bc2d8bd0d38662909289b54f1\"},\"headline\":\"Hospital adventista en Berl\u00edn recibe a refugiados de Ucrania\",\"datePublished\":\"2022-03-24T16:45:11+00:00\",\"dateModified\":\"2022-03-24T19:08:25+00:00\",\"mainEntityOfPage\":{\"@id\":\"https:\\\/\\\/interamerica.org\\\/es\\\/2022\\\/03\\\/hospital-adventista-en-berlin-recibe-a-refugiados-de-ucrania\\\/\"},\"wordCount\":507,\"image\":{\"@id\":\"https:\\\/\\\/interamerica.org\\\/es\\\/2022\\\/03\\\/hospital-adventista-en-berlin-recibe-a-refugiados-de-ucrania\\\/#primaryimage\"},\"thumbnailUrl\":\"https:\\\/\\\/interamerica.org\\\/wp-content\\\/uploads\\\/2022\\\/03\\\/adventist-hospital-in-berlin-welcome-refugees-from-ukraine1.jpeg\",\"articleSection\":[\"Desde la iglesia mundial\",\"RSS Espa\u00f1ol\"],\"inLanguage\":\"es\"},{\"@type\":\"WebPage\",\"@id\":\"https:\\\/\\\/interamerica.org\\\/es\\\/2022\\\/03\\\/hospital-adventista-en-berlin-recibe-a-refugiados-de-ucrania\\\/\",\"url\":\"https:\\\/\\\/interamerica.org\\\/es\\\/2022\\\/03\\\/hospital-adventista-en-berlin-recibe-a-refugiados-de-ucrania\\\/\",\"name\":\"Hospital adventista en Berl\u00edn recibe a refugiados de Ucrania - Iglesia Adventista del S\u00e9ptimo D\u00eda - Divisi\u00f3n Interamericana\",\"isPartOf\":{\"@id\":\"https:\\\/\\\/interamerica.org\\\/es\\\/#website\"},\"primaryImageOfPage\":{\"@id\":\"https:\\\/\\\/interamerica.org\\\/es\\\/2022\\\/03\\\/hospital-adventista-en-berlin-recibe-a-refugiados-de-ucrania\\\/#primaryimage\"},\"image\":{\"@id\":\"https:\\\/\\\/interamerica.org\\\/es\\\/2022\\\/03\\\/hospital-adventista-en-berlin-recibe-a-refugiados-de-ucrania\\\/#primaryimage\"},\"thumbnailUrl\":\"https:\\\/\\\/interamerica.org\\\/wp-content\\\/uploads\\\/2022\\\/03\\\/adventist-hospital-in-berlin-welcome-refugees-from-ukraine1.jpeg\",\"datePublished\":\"2022-03-24T16:45:11+00:00\",\"dateModified\":\"2022-03-24T19:08:25+00:00\",\"author\":{\"@id\":\"https:\\\/\\\/interamerica.org\\\/es\\\/#\\\/schema\\\/person\\\/29998f2bc2d8bd0d38662909289b54f1\"},\"breadcrumb\":{\"@id\":\"https:\\\/\\\/interamerica.org\\\/es\\\/2022\\\/03\\\/hospital-adventista-en-berlin-recibe-a-refugiados-de-ucrania\\\/#breadcrumb\"},\"inLanguage\":\"es\",\"potentialAction\":[{\"@type\":\"ReadAction\",\"target\":[\"https:\\\/\\\/interamerica.org\\\/es\\\/2022\\\/03\\\/hospital-adventista-en-berlin-recibe-a-refugiados-de-ucrania\\\/\"]}]},{\"@type\":\"ImageObject\",\"inLanguage\":\"es\",\"@id\":\"https:\\\/\\\/interamerica.org\\\/es\\\/2022\\\/03\\\/hospital-adventista-en-berlin-recibe-a-refugiados-de-ucrania\\\/#primaryimage\",\"url\":\"https:\\\/\\\/interamerica.org\\\/wp-content\\\/uploads\\\/2022\\\/03\\\/adventist-hospital-in-berlin-welcome-refugees-from-ukraine1.jpeg\",\"contentUrl\":\"https:\\\/\\\/interamerica.org\\\/wp-content\\\/uploads\\\/2022\\\/03\\\/adventist-hospital-in-berlin-welcome-refugees-from-ukraine1.jpeg\",\"width\":1920,\"height\":1080},{\"@type\":\"BreadcrumbList\",\"@id\":\"https:\\\/\\\/interamerica.org\\\/es\\\/2022\\\/03\\\/hospital-adventista-en-berlin-recibe-a-refugiados-de-ucrania\\\/#breadcrumb\",\"itemListElement\":[{\"@type\":\"ListItem\",\"position\":1,\"name\":\"Home\",\"item\":\"https:\\\/\\\/interamerica.org\\\/es\\\/\"},{\"@type\":\"ListItem\",\"position\":2,\"name\":\"Hospital adventista en Berl\u00edn recibe a refugiados de Ucrania\"}]},{\"@type\":\"WebSite\",\"@id\":\"https:\\\/\\\/interamerica.org\\\/es\\\/#website\",\"url\":\"https:\\\/\\\/interamerica.org\\\/es\\\/\",\"name\":\"Iglesia Adventista del S\u00e9ptimo D\u00eda - Divisi\u00f3n Interamericana\",\"description\":\"\",\"potentialAction\":[{\"@type\":\"SearchAction\",\"target\":{\"@type\":\"EntryPoint\",\"urlTemplate\":\"https:\\\/\\\/interamerica.org\\\/es\\\/?s={search_term_string}\"},\"query-input\":{\"@type\":\"PropertyValueSpecification\",\"valueRequired\":true,\"valueName\":\"search_term_string\"}}],\"inLanguage\":\"es\"},{\"@type\":\"Person\",\"@id\":\"https:\\\/\\\/interamerica.org\\\/es\\\/#\\\/schema\\\/person\\\/29998f2bc2d8bd0d38662909289b54f1\",\"name\":\"libna\",\"image\":{\"@type\":\"ImageObject\",\"inLanguage\":\"es\",\"@id\":\"https:\\\/\\\/secure.gravatar.com\\\/avatar\\\/7c5bd30ae4b47a9ba3c856590957fd1d96dc588bf3ac05719d247e126840331f?s=96&d=mm&r=g\",\"url\":\"https:\\\/\\\/secure.gravatar.com\\\/avatar\\\/7c5bd30ae4b47a9ba3c856590957fd1d96dc588bf3ac05719d247e126840331f?s=96&d=mm&r=g\",\"contentUrl\":\"https:\\\/\\\/secure.gravatar.com\\\/avatar\\\/7c5bd30ae4b47a9ba3c856590957fd1d96dc588bf3ac05719d247e126840331f?s=96&d=mm&r=g\",\"caption\":\"libna\"}}]}<\/script>\n<!-- \/ Yoast SEO plugin. -->","yoast_head_json":{"title":"Hospital adventista en Berl\u00edn recibe a refugiados de Ucrania - Iglesia Adventista del S\u00e9ptimo D\u00eda - Divisi\u00f3n Interamericana","robots":{"index":"index","follow":"follow","max-snippet":"max-snippet:-1","max-image-preview":"max-image-preview:large","max-video-preview":"max-video-preview:-1"},"canonical":"https:\/\/interamerica.org\/es\/2022\/03\/hospital-adventista-en-berlin-recibe-a-refugiados-de-ucrania\/","og_locale":"es_ES","og_type":"article","og_title":"Hospital adventista en Berl\u00edn recibe a refugiados de Ucrania - Iglesia Adventista del S\u00e9ptimo D\u00eda - Divisi\u00f3n Interamericana","og_description":"Instituci\u00f3n recolecta suministros y ayuda a refugiados a reasentarse en su pa\u00eds anfitri\u00f3n. 22 de marzo de 2022 | Adventistische Pressedienst y Adventist Review Berl\u00edn se ha convertido en el...","og_url":"https:\/\/interamerica.org\/es\/2022\/03\/hospital-adventista-en-berlin-recibe-a-refugiados-de-ucrania\/","og_site_name":"Iglesia Adventista del S\u00e9ptimo D\u00eda - Divisi\u00f3n Interamericana","article_published_time":"2022-03-24T16:45:11+00:00","article_modified_time":"2022-03-24T19:08:25+00:00","og_image":[{"width":1920,"height":1080,"url":"https:\/\/interamerica.org\/wp-content\/uploads\/2022\/03\/adventist-hospital-in-berlin-welcome-refugees-from-ukraine1.jpeg","type":"image\/jpeg"}],"author":"libna","twitter_card":"summary_large_image","twitter_misc":{"Escrito por":"libna","Tiempo de lectura":"2 minutos"},"schema":{"@context":"https:\/\/schema.org","@graph":[{"@type":"Article","@id":"https:\/\/interamerica.org\/es\/2022\/03\/hospital-adventista-en-berlin-recibe-a-refugiados-de-ucrania\/#article","isPartOf":{"@id":"https:\/\/interamerica.org\/es\/2022\/03\/hospital-adventista-en-berlin-recibe-a-refugiados-de-ucrania\/"},"author":{"name":"libna","@id":"https:\/\/interamerica.org\/es\/#\/schema\/person\/29998f2bc2d8bd0d38662909289b54f1"},"headline":"Hospital adventista en Berl\u00edn recibe a refugiados de Ucrania","datePublished":"2022-03-24T16:45:11+00:00","dateModified":"2022-03-24T19:08:25+00:00","mainEntityOfPage":{"@id":"https:\/\/interamerica.org\/es\/2022\/03\/hospital-adventista-en-berlin-recibe-a-refugiados-de-ucrania\/"},"wordCount":507,"image":{"@id":"https:\/\/interamerica.org\/es\/2022\/03\/hospital-adventista-en-berlin-recibe-a-refugiados-de-ucrania\/#primaryimage"},"thumbnailUrl":"https:\/\/interamerica.org\/wp-content\/uploads\/2022\/03\/adventist-hospital-in-berlin-welcome-refugees-from-ukraine1.jpeg","articleSection":["Desde la iglesia mundial","RSS Espa\u00f1ol"],"inLanguage":"es"},{"@type":"WebPage","@id":"https:\/\/interamerica.org\/es\/2022\/03\/hospital-adventista-en-berlin-recibe-a-refugiados-de-ucrania\/","url":"https:\/\/interamerica.org\/es\/2022\/03\/hospital-adventista-en-berlin-recibe-a-refugiados-de-ucrania\/","name":"Hospital adventista en Berl\u00edn recibe a refugiados de Ucrania - Iglesia Adventista del S\u00e9ptimo D\u00eda - Divisi\u00f3n Interamericana","isPartOf":{"@id":"https:\/\/interamerica.org\/es\/#website"},"primaryImageOfPage":{"@id":"https:\/\/interamerica.org\/es\/2022\/03\/hospital-adventista-en-berlin-recibe-a-refugiados-de-ucrania\/#primaryimage"},"image":{"@id":"https:\/\/interamerica.org\/es\/2022\/03\/hospital-adventista-en-berlin-recibe-a-refugiados-de-ucrania\/#primaryimage"},"thumbnailUrl":"https:\/\/interamerica.org\/wp-content\/uploads\/2022\/03\/adventist-hospital-in-berlin-welcome-refugees-from-ukraine1.jpeg","datePublished":"2022-03-24T16:45:11+00:00","dateModified":"2022-03-24T19:08:25+00:00","author":{"@id":"https:\/\/interamerica.org\/es\/#\/schema\/person\/29998f2bc2d8bd0d38662909289b54f1"},"breadcrumb":{"@id":"https:\/\/interamerica.org\/es\/2022\/03\/hospital-adventista-en-berlin-recibe-a-refugiados-de-ucrania\/#breadcrumb"},"inLanguage":"es","potentialAction":[{"@type":"ReadAction","target":["https:\/\/interamerica.org\/es\/2022\/03\/hospital-adventista-en-berlin-recibe-a-refugiados-de-ucrania\/"]}]},{"@type":"ImageObject","inLanguage":"es","@id":"https:\/\/interamerica.org\/es\/2022\/03\/hospital-adventista-en-berlin-recibe-a-refugiados-de-ucrania\/#primaryimage","url":"https:\/\/interamerica.org\/wp-content\/uploads\/2022\/03\/adventist-hospital-in-berlin-welcome-refugees-from-ukraine1.jpeg","contentUrl":"https:\/\/interamerica.org\/wp-content\/uploads\/2022\/03\/adventist-hospital-in-berlin-welcome-refugees-from-ukraine1.jpeg","width":1920,"height":1080},{"@type":"BreadcrumbList","@id":"https:\/\/interamerica.org\/es\/2022\/03\/hospital-adventista-en-berlin-recibe-a-refugiados-de-ucrania\/#breadcrumb","itemListElement":[{"@type":"ListItem","position":1,"name":"Home","item":"https:\/\/interamerica.org\/es\/"},{"@type":"ListItem","position":2,"name":"Hospital adventista en Berl\u00edn recibe a refugiados de Ucrania"}]},{"@type":"WebSite","@id":"https:\/\/interamerica.org\/es\/#website","url":"https:\/\/interamerica.org\/es\/","name":"Iglesia Adventista del S\u00e9ptimo D\u00eda - Divisi\u00f3n Interamericana","description":"","potentialAction":[{"@type":"SearchAction","target":{"@type":"EntryPoint","urlTemplate":"https:\/\/interamerica.org\/es\/?s={search_term_string}"},"query-input":{"@type":"PropertyValueSpecification","valueRequired":true,"valueName":"search_term_string"}}],"inLanguage":"es"},{"@type":"Person","@id":"https:\/\/interamerica.org\/es\/#\/schema\/person\/29998f2bc2d8bd0d38662909289b54f1","name":"libna","image":{"@type":"ImageObject","inLanguage":"es","@id":"https:\/\/secure.gravatar.com\/avatar\/7c5bd30ae4b47a9ba3c856590957fd1d96dc588bf3ac05719d247e126840331f?s=96&d=mm&r=g","url":"https:\/\/secure.gravatar.com\/avatar\/7c5bd30ae4b47a9ba3c856590957fd1d96dc588bf3ac05719d247e126840331f?s=96&d=mm&r=g","contentUrl":"https:\/\/secure.gravatar.com\/avatar\/7c5bd30ae4b47a9ba3c856590957fd1d96dc588bf3ac05719d247e126840331f?s=96&d=mm&r=g","caption":"libna"}}]}},"_links":{"self":[{"href":"https:\/\/interamerica.org\/es\/wp-json\/wp\/v2\/posts\/82905","targetHints":{"allow":["GET"]}}],"collection":[{"href":"https:\/\/interamerica.org\/es\/wp-json\/wp\/v2\/posts"}],"about":[{"href":"https:\/\/interamerica.org\/es\/wp-json\/wp\/v2\/types\/post"}],"author":[{"embeddable":true,"href":"https:\/\/interamerica.org\/es\/wp-json\/wp\/v2\/users\/3"}],"replies":[{"embeddable":true,"href":"https:\/\/interamerica.org\/es\/wp-json\/wp\/v2\/comments?post=82905"}],"version-history":[{"count":0,"href":"https:\/\/interamerica.org\/es\/wp-json\/wp\/v2\/posts\/82905\/revisions"}],"wp:featuredmedia":[{"embeddable":true,"href":"https:\/\/interamerica.org\/es\/wp-json\/wp\/v2\/media\/82882"}],"wp:attachment":[{"href":"https:\/\/interamerica.org\/es\/wp-json\/wp\/v2\/media?parent=82905"}],"wp:term":[{"taxonomy":"category","embeddable":true,"href":"https:\/\/interamerica.org\/es\/wp-json\/wp\/v2\/categories?post=82905"},{"taxonomy":"post_tag","embeddable":true,"href":"https:\/\/interamerica.org\/es\/wp-json\/wp\/v2\/tags?post=82905"}],"curies":[{"name":"wp","href":"https:\/\/api.w.org\/{rel}","templated":true}]}}