{"id":82953,"date":"2022-03-25T13:39:47","date_gmt":"2022-03-25T17:39:47","guid":{"rendered":"https:\/\/recursing-golick.147-182-135-0.plesk.page\/?p=82953"},"modified":"2022-03-29T10:59:07","modified_gmt":"2022-03-29T14:59:07","slug":"universidad-adventista-impacta-las-comunidades-necesitadas-con-iniciativa-cero-caries","status":"publish","type":"post","link":"https:\/\/interamerica.org\/es\/2022\/03\/universidad-adventista-impacta-las-comunidades-necesitadas-con-iniciativa-cero-caries\/","title":{"rendered":"Universidad adventista impacta las comunidades necesitadas con iniciativa \u201cCero Caries Dental\u201d"},"content":{"rendered":"<p>25 de marzo de 2022 | Montemorelos, Nuevo Le\u00f3n, M\u00e9xico | Laura Marrero y Noticias de la Divisi\u00f3n Interamericana<\/p>\n<p>Despu\u00e9s de un retraso causado por la pandemia que comenz\u00f3 hace dos a\u00f1os, los estudiantes y el personal docente de la Escuela de Odontolog\u00eda de la Universidad de Montemorelos en Montemorelos, Nuevo Le\u00f3n, M\u00e9xico, han reanudado la oferta de servicios odontol\u00f3gicos gratuitos para la comunidad.<\/p>\n<p>La iniciativa, que se llama \u201cCero Caries Dental\u201d, es parte de un programa especial bajo la direcci\u00f3n de Universidades Promotoras de la Salud (UPS) en Montemorelos, que crea conciencia de la salud odontol\u00f3gica, dijo el doctor Roel Cea, director de la Universidad Promotora de la Salud en Montemorelos. \u201cEsto implica brindar acceso a tratamientos odontol\u00f3gicos b\u00e1sicos para las personas que m\u00e1s lo necesitan en la regi\u00f3n de los citrus\u201d.<\/p>\n<p><div id=\"attachment_82912\" style=\"width: 844px\" class=\"wp-caption aligncenter\"><img fetchpriority=\"high\" decoding=\"async\" aria-describedby=\"caption-attachment-82912\" class=\" wp-image-82912\" src=\"https:\/\/recursing-golick.147-182-135-0.plesk.page\/wp-content\/uploads\/2022\/03\/um-zero-cavities-initiative1.jpg\" alt=\"\" width=\"834\" height=\"469\" srcset=\"https:\/\/interamerica.org\/wp-content\/uploads\/2022\/03\/um-zero-cavities-initiative1.jpg 1024w, https:\/\/interamerica.org\/wp-content\/uploads\/2022\/03\/um-zero-cavities-initiative1-300x169.jpg 300w, https:\/\/interamerica.org\/wp-content\/uploads\/2022\/03\/um-zero-cavities-initiative1-768x432.jpg 768w\" sizes=\"(max-width: 834px) 100vw, 834px\" \/><p id=\"caption-attachment-82912\" class=\"wp-caption-text\">Un estudiante de odontolog\u00eda de Montemorelos se apresta a anestesiar la boca de un paciente para brindar servicios odontol\u00f3gicos gratuitos, como parte de la iniciativa \u201cCero Caries Dental\u201d, que busca beneficiar a familias de bajos ingresos de la ciudad de Montemorelos, Nuevo Le\u00f3n, M\u00e9xico. [Fotograf\u00eda: Universidad de Montemorelos]<\/p><\/div><em>Cero Caries Dental<\/em>, que ofrece chequeos odontol\u00f3gicos, limpieza, servicios de endodoncia, extracciones y obturaciones con resina, es organizado por los l\u00edderes de Universidad Promotora de la Salud, en colaboraci\u00f3n con la Escuela de Medicina Dental, la Cl\u00ednica Dental Luz y Vida, y el Centro Odontol\u00f3gico Lloyd Baum del Hospital Adventista La Carlota, en conjunci\u00f3n con la Secretar\u00eda de Salud de Nuevo Le\u00f3n y los gobiernos municipales de Montemorelos, Allende y General Ter\u00e1n.<\/p>\n<p>La iniciativa ofrece servicios odontol\u00f3gicos gratuitos una vez por mes.<\/p>\n<p>Entre 16 a 20\u00a0 estudiantes del tercero al d\u00e9cimo semestre de la carrera de odontolog\u00eda prestan a cabo los servicios, bajo la supervisi\u00f3n de los profesionales del \u00e1rea, dijo Alma Calder\u00f3n, coordinadora de la carrera de cirujano dentista.<\/p>\n<p>\u00abEl que los alumnos se involucren en este tipo de iniciativas les ayuda a sensibilizar su atenci\u00f3n hacias las personas, les ayuda adquirir m\u00e1s desarrollo manual y sobre todo les ayuda a crear un v\u00ednculo con su carrera, y la sociedad,\u201d dijo Calder\u00f3n. \u201cSe sienten \u00fatiles para la sociedad y satisfechos al aplicar sus conocimientos para ayudar a otros\u00bb.<\/p>\n<p><div id=\"attachment_82909\" style=\"width: 392px\" class=\"wp-caption aligncenter\"><img decoding=\"async\" aria-describedby=\"caption-attachment-82909\" class=\" wp-image-82909\" src=\"https:\/\/recursing-golick.147-182-135-0.plesk.page\/wp-content\/uploads\/2022\/03\/um-zero-cavities-2.jpg\" alt=\"\" width=\"382\" height=\"511\" srcset=\"https:\/\/interamerica.org\/wp-content\/uploads\/2022\/03\/um-zero-cavities-2.jpg 431w, https:\/\/interamerica.org\/wp-content\/uploads\/2022\/03\/um-zero-cavities-2-224x300.jpg 224w\" sizes=\"(max-width: 382px) 100vw, 382px\" \/><p id=\"caption-attachment-82909\" class=\"wp-caption-text\">Un estudiante de odontolog\u00eda lleva a cabo un chequeo dental a un ni\u00f1o, durante la m\u00e1s reciente brigada de salud de la Universidad de Montemorelos en febrero. La iniciativa Cero Caries Dental se llevar\u00e1 a cabo cada mes en las tres municipalidades de Allende, General Ter\u00e1n y Montemorelos. [Fotograf\u00eda: Universidad de Montemorelos]<\/p><\/div>Cero Caries comenz\u00f3 una segunda fase en 2019, despu\u00e9s de que se firmaron acuerdos de colaboraci\u00f3n con los nuevos gobiernos de Allende, General Ter\u00e1n y Montemorelos, dijo Cea. \u00abEn ese entonces, el \u00e9nfasis estaba casi exclusivamente en la escuela primaria, pero hoy d\u00eda, esos acuerdos se han extendido a toda la comunidad,\u00bb explic\u00f3.<\/p>\n<p>Aunque la odontolog\u00eda en persona se detuvo durante la pandemia, la iniciativa brind\u00f3 igualmente charlas de salud, foros y preguntas y respuestas a la comunidad de los usuarios en l\u00ednea. Profesionales de la universidad, la Uni\u00f3n Mexicana del Norte y AdventHealth, entre otros, participaron de los programas virtuales.<\/p>\n<p>Hasta el momento este a\u00f1o, la intervenci\u00f3n m\u00e1s reciente de Cero Caries se llev\u00f3 a cabo el mes pasado en los tres distritos municipales, lo que incluye una semana completa de servicios odontol\u00f3gicos gratuitos, en un esfuerzo por crear distritos municipales m\u00e1s saludables, dijeron los organizadores.<\/p>\n<p>El doctor Arturo King, subdirector de la Universidad Promotora de la Salud en Montemorelos, dijo que la iniciativa les da mucha alegr\u00eda, porque est\u00e1 dedicada a beneficiar a la comunidad. \u201cNos sentimos felices de poner nuestro granito de arena, para que los residentes de Montemorelos puedan llegar a ser una comunidad m\u00e1s saludable\u201d, dijo King.<\/p>\n<p>Traducci\u00f3n de Marcos Paseggi<\/p>\n","protected":false},"excerpt":{"rendered":"<p>25 de marzo de 2022 | Montemorelos, Nuevo Le\u00f3n, M\u00e9xico | Laura Marrero y Noticias de la Divisi\u00f3n Interamericana Despu\u00e9s de un retraso causado por la pandemia que comenz\u00f3 hace&#8230;<\/p>\n","protected":false},"author":3,"featured_media":82912,"comment_status":"closed","ping_status":"closed","sticky":false,"template":"","format":"standard","meta":{"_acf_changed":false,"footnotes":""},"categories":[16,15],"tags":[],"class_list":["post-82953","post","type-post","status-publish","format-standard","has-post-thumbnail","hentry","category-desde-la-sede","category-rss-espanol"],"acf":[],"yoast_head":"<!-- This site is optimized with the Yoast SEO plugin v27.3 - https:\/\/yoast.com\/product\/yoast-seo-wordpress\/ -->\n<title>Universidad adventista impacta las comunidades necesitadas con iniciativa \u201cCero Caries Dental\u201d - Iglesia Adventista del S\u00e9ptimo D\u00eda - Divisi\u00f3n Interamericana<\/title>\n<meta name=\"robots\" content=\"index, follow, max-snippet:-1, max-image-preview:large, max-video-preview:-1\" \/>\n<link rel=\"canonical\" href=\"https:\/\/interamerica.org\/es\/2022\/03\/universidad-adventista-impacta-las-comunidades-necesitadas-con-iniciativa-cero-caries\/\" \/>\n<meta property=\"og:locale\" content=\"es_ES\" \/>\n<meta property=\"og:type\" content=\"article\" \/>\n<meta property=\"og:title\" content=\"Universidad adventista impacta las comunidades necesitadas con iniciativa \u201cCero Caries Dental\u201d - Iglesia Adventista del S\u00e9ptimo D\u00eda - Divisi\u00f3n Interamericana\" \/>\n<meta property=\"og:description\" content=\"25 de marzo de 2022 | Montemorelos, Nuevo Le\u00f3n, M\u00e9xico | Laura Marrero y Noticias de la Divisi\u00f3n Interamericana Despu\u00e9s de un retraso causado por la pandemia que comenz\u00f3 hace...\" \/>\n<meta property=\"og:url\" content=\"https:\/\/interamerica.org\/es\/2022\/03\/universidad-adventista-impacta-las-comunidades-necesitadas-con-iniciativa-cero-caries\/\" \/>\n<meta property=\"og:site_name\" content=\"Iglesia Adventista del S\u00e9ptimo D\u00eda - Divisi\u00f3n Interamericana\" \/>\n<meta property=\"article:published_time\" content=\"2022-03-25T17:39:47+00:00\" \/>\n<meta property=\"article:modified_time\" content=\"2022-03-29T14:59:07+00:00\" \/>\n<meta property=\"og:image\" content=\"https:\/\/interamerica.org\/wp-content\/uploads\/2022\/03\/um-zero-cavities-initiative1.jpg\" \/>\n\t<meta property=\"og:image:width\" content=\"1024\" \/>\n\t<meta property=\"og:image:height\" content=\"576\" \/>\n\t<meta property=\"og:image:type\" content=\"image\/jpeg\" \/>\n<meta name=\"author\" content=\"libna\" \/>\n<meta name=\"twitter:card\" content=\"summary_large_image\" \/>\n<meta name=\"twitter:label1\" content=\"Escrito por\" \/>\n\t<meta name=\"twitter:data1\" content=\"libna\" \/>\n\t<meta name=\"twitter:label2\" content=\"Tiempo de lectura\" \/>\n\t<meta name=\"twitter:data2\" content=\"3 minutos\" \/>\n<script type=\"application\/ld+json\" class=\"yoast-schema-graph\">{\"@context\":\"https:\\\/\\\/schema.org\",\"@graph\":[{\"@type\":\"Article\",\"@id\":\"https:\\\/\\\/interamerica.org\\\/es\\\/2022\\\/03\\\/universidad-adventista-impacta-las-comunidades-necesitadas-con-iniciativa-cero-caries\\\/#article\",\"isPartOf\":{\"@id\":\"https:\\\/\\\/interamerica.org\\\/es\\\/2022\\\/03\\\/universidad-adventista-impacta-las-comunidades-necesitadas-con-iniciativa-cero-caries\\\/\"},\"author\":{\"name\":\"libna\",\"@id\":\"https:\\\/\\\/interamerica.org\\\/es\\\/#\\\/schema\\\/person\\\/29998f2bc2d8bd0d38662909289b54f1\"},\"headline\":\"Universidad adventista impacta las comunidades necesitadas con iniciativa \u201cCero Caries Dental\u201d\",\"datePublished\":\"2022-03-25T17:39:47+00:00\",\"dateModified\":\"2022-03-29T14:59:07+00:00\",\"mainEntityOfPage\":{\"@id\":\"https:\\\/\\\/interamerica.org\\\/es\\\/2022\\\/03\\\/universidad-adventista-impacta-las-comunidades-necesitadas-con-iniciativa-cero-caries\\\/\"},\"wordCount\":694,\"image\":{\"@id\":\"https:\\\/\\\/interamerica.org\\\/es\\\/2022\\\/03\\\/universidad-adventista-impacta-las-comunidades-necesitadas-con-iniciativa-cero-caries\\\/#primaryimage\"},\"thumbnailUrl\":\"https:\\\/\\\/interamerica.org\\\/wp-content\\\/uploads\\\/2022\\\/03\\\/um-zero-cavities-initiative1.jpg\",\"articleSection\":[\"Desde la sede\",\"RSS Espa\u00f1ol\"],\"inLanguage\":\"es\"},{\"@type\":\"WebPage\",\"@id\":\"https:\\\/\\\/interamerica.org\\\/es\\\/2022\\\/03\\\/universidad-adventista-impacta-las-comunidades-necesitadas-con-iniciativa-cero-caries\\\/\",\"url\":\"https:\\\/\\\/interamerica.org\\\/es\\\/2022\\\/03\\\/universidad-adventista-impacta-las-comunidades-necesitadas-con-iniciativa-cero-caries\\\/\",\"name\":\"Universidad adventista impacta las comunidades necesitadas con iniciativa \u201cCero Caries Dental\u201d - Iglesia Adventista del S\u00e9ptimo D\u00eda - Divisi\u00f3n Interamericana\",\"isPartOf\":{\"@id\":\"https:\\\/\\\/interamerica.org\\\/es\\\/#website\"},\"primaryImageOfPage\":{\"@id\":\"https:\\\/\\\/interamerica.org\\\/es\\\/2022\\\/03\\\/universidad-adventista-impacta-las-comunidades-necesitadas-con-iniciativa-cero-caries\\\/#primaryimage\"},\"image\":{\"@id\":\"https:\\\/\\\/interamerica.org\\\/es\\\/2022\\\/03\\\/universidad-adventista-impacta-las-comunidades-necesitadas-con-iniciativa-cero-caries\\\/#primaryimage\"},\"thumbnailUrl\":\"https:\\\/\\\/interamerica.org\\\/wp-content\\\/uploads\\\/2022\\\/03\\\/um-zero-cavities-initiative1.jpg\",\"datePublished\":\"2022-03-25T17:39:47+00:00\",\"dateModified\":\"2022-03-29T14:59:07+00:00\",\"author\":{\"@id\":\"https:\\\/\\\/interamerica.org\\\/es\\\/#\\\/schema\\\/person\\\/29998f2bc2d8bd0d38662909289b54f1\"},\"breadcrumb\":{\"@id\":\"https:\\\/\\\/interamerica.org\\\/es\\\/2022\\\/03\\\/universidad-adventista-impacta-las-comunidades-necesitadas-con-iniciativa-cero-caries\\\/#breadcrumb\"},\"inLanguage\":\"es\",\"potentialAction\":[{\"@type\":\"ReadAction\",\"target\":[\"https:\\\/\\\/interamerica.org\\\/es\\\/2022\\\/03\\\/universidad-adventista-impacta-las-comunidades-necesitadas-con-iniciativa-cero-caries\\\/\"]}]},{\"@type\":\"ImageObject\",\"inLanguage\":\"es\",\"@id\":\"https:\\\/\\\/interamerica.org\\\/es\\\/2022\\\/03\\\/universidad-adventista-impacta-las-comunidades-necesitadas-con-iniciativa-cero-caries\\\/#primaryimage\",\"url\":\"https:\\\/\\\/interamerica.org\\\/wp-content\\\/uploads\\\/2022\\\/03\\\/um-zero-cavities-initiative1.jpg\",\"contentUrl\":\"https:\\\/\\\/interamerica.org\\\/wp-content\\\/uploads\\\/2022\\\/03\\\/um-zero-cavities-initiative1.jpg\",\"width\":1024,\"height\":576,\"caption\":\"Un estudiante de odontolog\u00eda de Montemorelos se apresta a anestesiar la boca de un paciente para brindar servicios odontol\u00f3gicos gratuitos, como parte de la iniciativa \u201cCero Caries\u201d, que busca beneficiar a familias de bajos ingresos de la ciudad de Montemorelos, Nuevo Le\u00f3n, M\u00e9xico. [Fotograf\u00eda: Universidad de Montemorelos]\"},{\"@type\":\"BreadcrumbList\",\"@id\":\"https:\\\/\\\/interamerica.org\\\/es\\\/2022\\\/03\\\/universidad-adventista-impacta-las-comunidades-necesitadas-con-iniciativa-cero-caries\\\/#breadcrumb\",\"itemListElement\":[{\"@type\":\"ListItem\",\"position\":1,\"name\":\"Home\",\"item\":\"https:\\\/\\\/interamerica.org\\\/es\\\/\"},{\"@type\":\"ListItem\",\"position\":2,\"name\":\"Universidad adventista impacta las comunidades necesitadas con iniciativa \u201cCero Caries Dental\u201d\"}]},{\"@type\":\"WebSite\",\"@id\":\"https:\\\/\\\/interamerica.org\\\/es\\\/#website\",\"url\":\"https:\\\/\\\/interamerica.org\\\/es\\\/\",\"name\":\"Iglesia Adventista del S\u00e9ptimo D\u00eda - Divisi\u00f3n Interamericana\",\"description\":\"\",\"potentialAction\":[{\"@type\":\"SearchAction\",\"target\":{\"@type\":\"EntryPoint\",\"urlTemplate\":\"https:\\\/\\\/interamerica.org\\\/es\\\/?s={search_term_string}\"},\"query-input\":{\"@type\":\"PropertyValueSpecification\",\"valueRequired\":true,\"valueName\":\"search_term_string\"}}],\"inLanguage\":\"es\"},{\"@type\":\"Person\",\"@id\":\"https:\\\/\\\/interamerica.org\\\/es\\\/#\\\/schema\\\/person\\\/29998f2bc2d8bd0d38662909289b54f1\",\"name\":\"libna\",\"image\":{\"@type\":\"ImageObject\",\"inLanguage\":\"es\",\"@id\":\"https:\\\/\\\/secure.gravatar.com\\\/avatar\\\/7c5bd30ae4b47a9ba3c856590957fd1d96dc588bf3ac05719d247e126840331f?s=96&d=mm&r=g\",\"url\":\"https:\\\/\\\/secure.gravatar.com\\\/avatar\\\/7c5bd30ae4b47a9ba3c856590957fd1d96dc588bf3ac05719d247e126840331f?s=96&d=mm&r=g\",\"contentUrl\":\"https:\\\/\\\/secure.gravatar.com\\\/avatar\\\/7c5bd30ae4b47a9ba3c856590957fd1d96dc588bf3ac05719d247e126840331f?s=96&d=mm&r=g\",\"caption\":\"libna\"}}]}<\/script>\n<!-- \/ Yoast SEO plugin. -->","yoast_head_json":{"title":"Universidad adventista impacta las comunidades necesitadas con iniciativa \u201cCero Caries Dental\u201d - Iglesia Adventista del S\u00e9ptimo D\u00eda - Divisi\u00f3n Interamericana","robots":{"index":"index","follow":"follow","max-snippet":"max-snippet:-1","max-image-preview":"max-image-preview:large","max-video-preview":"max-video-preview:-1"},"canonical":"https:\/\/interamerica.org\/es\/2022\/03\/universidad-adventista-impacta-las-comunidades-necesitadas-con-iniciativa-cero-caries\/","og_locale":"es_ES","og_type":"article","og_title":"Universidad adventista impacta las comunidades necesitadas con iniciativa \u201cCero Caries Dental\u201d - Iglesia Adventista del S\u00e9ptimo D\u00eda - Divisi\u00f3n Interamericana","og_description":"25 de marzo de 2022 | Montemorelos, Nuevo Le\u00f3n, M\u00e9xico | Laura Marrero y Noticias de la Divisi\u00f3n Interamericana Despu\u00e9s de un retraso causado por la pandemia que comenz\u00f3 hace...","og_url":"https:\/\/interamerica.org\/es\/2022\/03\/universidad-adventista-impacta-las-comunidades-necesitadas-con-iniciativa-cero-caries\/","og_site_name":"Iglesia Adventista del S\u00e9ptimo D\u00eda - Divisi\u00f3n Interamericana","article_published_time":"2022-03-25T17:39:47+00:00","article_modified_time":"2022-03-29T14:59:07+00:00","og_image":[{"width":1024,"height":576,"url":"https:\/\/interamerica.org\/wp-content\/uploads\/2022\/03\/um-zero-cavities-initiative1.jpg","type":"image\/jpeg"}],"author":"libna","twitter_card":"summary_large_image","twitter_misc":{"Escrito por":"libna","Tiempo de lectura":"3 minutos"},"schema":{"@context":"https:\/\/schema.org","@graph":[{"@type":"Article","@id":"https:\/\/interamerica.org\/es\/2022\/03\/universidad-adventista-impacta-las-comunidades-necesitadas-con-iniciativa-cero-caries\/#article","isPartOf":{"@id":"https:\/\/interamerica.org\/es\/2022\/03\/universidad-adventista-impacta-las-comunidades-necesitadas-con-iniciativa-cero-caries\/"},"author":{"name":"libna","@id":"https:\/\/interamerica.org\/es\/#\/schema\/person\/29998f2bc2d8bd0d38662909289b54f1"},"headline":"Universidad adventista impacta las comunidades necesitadas con iniciativa \u201cCero Caries Dental\u201d","datePublished":"2022-03-25T17:39:47+00:00","dateModified":"2022-03-29T14:59:07+00:00","mainEntityOfPage":{"@id":"https:\/\/interamerica.org\/es\/2022\/03\/universidad-adventista-impacta-las-comunidades-necesitadas-con-iniciativa-cero-caries\/"},"wordCount":694,"image":{"@id":"https:\/\/interamerica.org\/es\/2022\/03\/universidad-adventista-impacta-las-comunidades-necesitadas-con-iniciativa-cero-caries\/#primaryimage"},"thumbnailUrl":"https:\/\/interamerica.org\/wp-content\/uploads\/2022\/03\/um-zero-cavities-initiative1.jpg","articleSection":["Desde la sede","RSS Espa\u00f1ol"],"inLanguage":"es"},{"@type":"WebPage","@id":"https:\/\/interamerica.org\/es\/2022\/03\/universidad-adventista-impacta-las-comunidades-necesitadas-con-iniciativa-cero-caries\/","url":"https:\/\/interamerica.org\/es\/2022\/03\/universidad-adventista-impacta-las-comunidades-necesitadas-con-iniciativa-cero-caries\/","name":"Universidad adventista impacta las comunidades necesitadas con iniciativa \u201cCero Caries Dental\u201d - Iglesia Adventista del S\u00e9ptimo D\u00eda - Divisi\u00f3n Interamericana","isPartOf":{"@id":"https:\/\/interamerica.org\/es\/#website"},"primaryImageOfPage":{"@id":"https:\/\/interamerica.org\/es\/2022\/03\/universidad-adventista-impacta-las-comunidades-necesitadas-con-iniciativa-cero-caries\/#primaryimage"},"image":{"@id":"https:\/\/interamerica.org\/es\/2022\/03\/universidad-adventista-impacta-las-comunidades-necesitadas-con-iniciativa-cero-caries\/#primaryimage"},"thumbnailUrl":"https:\/\/interamerica.org\/wp-content\/uploads\/2022\/03\/um-zero-cavities-initiative1.jpg","datePublished":"2022-03-25T17:39:47+00:00","dateModified":"2022-03-29T14:59:07+00:00","author":{"@id":"https:\/\/interamerica.org\/es\/#\/schema\/person\/29998f2bc2d8bd0d38662909289b54f1"},"breadcrumb":{"@id":"https:\/\/interamerica.org\/es\/2022\/03\/universidad-adventista-impacta-las-comunidades-necesitadas-con-iniciativa-cero-caries\/#breadcrumb"},"inLanguage":"es","potentialAction":[{"@type":"ReadAction","target":["https:\/\/interamerica.org\/es\/2022\/03\/universidad-adventista-impacta-las-comunidades-necesitadas-con-iniciativa-cero-caries\/"]}]},{"@type":"ImageObject","inLanguage":"es","@id":"https:\/\/interamerica.org\/es\/2022\/03\/universidad-adventista-impacta-las-comunidades-necesitadas-con-iniciativa-cero-caries\/#primaryimage","url":"https:\/\/interamerica.org\/wp-content\/uploads\/2022\/03\/um-zero-cavities-initiative1.jpg","contentUrl":"https:\/\/interamerica.org\/wp-content\/uploads\/2022\/03\/um-zero-cavities-initiative1.jpg","width":1024,"height":576,"caption":"Un estudiante de odontolog\u00eda de Montemorelos se apresta a anestesiar la boca de un paciente para brindar servicios odontol\u00f3gicos gratuitos, como parte de la iniciativa \u201cCero Caries\u201d, que busca beneficiar a familias de bajos ingresos de la ciudad de Montemorelos, Nuevo Le\u00f3n, M\u00e9xico. [Fotograf\u00eda: Universidad de Montemorelos]"},{"@type":"BreadcrumbList","@id":"https:\/\/interamerica.org\/es\/2022\/03\/universidad-adventista-impacta-las-comunidades-necesitadas-con-iniciativa-cero-caries\/#breadcrumb","itemListElement":[{"@type":"ListItem","position":1,"name":"Home","item":"https:\/\/interamerica.org\/es\/"},{"@type":"ListItem","position":2,"name":"Universidad adventista impacta las comunidades necesitadas con iniciativa \u201cCero Caries Dental\u201d"}]},{"@type":"WebSite","@id":"https:\/\/interamerica.org\/es\/#website","url":"https:\/\/interamerica.org\/es\/","name":"Iglesia Adventista del S\u00e9ptimo D\u00eda - Divisi\u00f3n Interamericana","description":"","potentialAction":[{"@type":"SearchAction","target":{"@type":"EntryPoint","urlTemplate":"https:\/\/interamerica.org\/es\/?s={search_term_string}"},"query-input":{"@type":"PropertyValueSpecification","valueRequired":true,"valueName":"search_term_string"}}],"inLanguage":"es"},{"@type":"Person","@id":"https:\/\/interamerica.org\/es\/#\/schema\/person\/29998f2bc2d8bd0d38662909289b54f1","name":"libna","image":{"@type":"ImageObject","inLanguage":"es","@id":"https:\/\/secure.gravatar.com\/avatar\/7c5bd30ae4b47a9ba3c856590957fd1d96dc588bf3ac05719d247e126840331f?s=96&d=mm&r=g","url":"https:\/\/secure.gravatar.com\/avatar\/7c5bd30ae4b47a9ba3c856590957fd1d96dc588bf3ac05719d247e126840331f?s=96&d=mm&r=g","contentUrl":"https:\/\/secure.gravatar.com\/avatar\/7c5bd30ae4b47a9ba3c856590957fd1d96dc588bf3ac05719d247e126840331f?s=96&d=mm&r=g","caption":"libna"}}]}},"_links":{"self":[{"href":"https:\/\/interamerica.org\/es\/wp-json\/wp\/v2\/posts\/82953","targetHints":{"allow":["GET"]}}],"collection":[{"href":"https:\/\/interamerica.org\/es\/wp-json\/wp\/v2\/posts"}],"about":[{"href":"https:\/\/interamerica.org\/es\/wp-json\/wp\/v2\/types\/post"}],"author":[{"embeddable":true,"href":"https:\/\/interamerica.org\/es\/wp-json\/wp\/v2\/users\/3"}],"replies":[{"embeddable":true,"href":"https:\/\/interamerica.org\/es\/wp-json\/wp\/v2\/comments?post=82953"}],"version-history":[{"count":0,"href":"https:\/\/interamerica.org\/es\/wp-json\/wp\/v2\/posts\/82953\/revisions"}],"wp:featuredmedia":[{"embeddable":true,"href":"https:\/\/interamerica.org\/es\/wp-json\/wp\/v2\/media\/82912"}],"wp:attachment":[{"href":"https:\/\/interamerica.org\/es\/wp-json\/wp\/v2\/media?parent=82953"}],"wp:term":[{"taxonomy":"category","embeddable":true,"href":"https:\/\/interamerica.org\/es\/wp-json\/wp\/v2\/categories?post=82953"},{"taxonomy":"post_tag","embeddable":true,"href":"https:\/\/interamerica.org\/es\/wp-json\/wp\/v2\/tags?post=82953"}],"curies":[{"name":"wp","href":"https:\/\/api.w.org\/{rel}","templated":true}]}}