{"id":82958,"date":"2022-03-25T10:26:46","date_gmt":"2022-03-25T14:26:46","guid":{"rendered":"https:\/\/recursing-golick.147-182-135-0.plesk.page\/?p=82958"},"modified":"2022-03-25T21:50:55","modified_gmt":"2022-03-26T01:50:55","slug":"james-g-fulfer-expansion-de-la-evangelizacion-y-crecimiento-en-el-caribe-del-este","status":"publish","type":"post","link":"https:\/\/interamerica.org\/es\/2022\/03\/james-g-fulfer-expansion-de-la-evangelizacion-y-crecimiento-en-el-caribe-del-este\/","title":{"rendered":"James G. Fulfer: Expansi\u00f3n de la evangelizaci\u00f3n y crecimiento en el Caribe del Este"},"content":{"rendered":"<p>24 de marzo del 2022 | Silver Spring, Maryland, Estados Unidos | Por Cardie Welch<\/p>\n<p><em>Esta historia fue tomada de La Enciclopedia de los Adventistas del S\u00e9ptimo D\u00eda (ESDA), accesible gratuitamente en <a href=\"https:\/\/encyclopedia.adventist.org\/\">encyclopedia.adventist.org<\/a>.<\/em><\/p>\n<p>James G. Fulfer fue uno de los \u00faltimos administradores adventistas estadounidenses en prestar sus servicios en territorios no hispanos de la Divisi\u00f3n Interamericana.<\/p>\n<p>Fulfer fue el \u00faltimo presidente de la Misi\u00f3n Adventista del S\u00e9ptimo D\u00eda de las Islas de Sotavento, 1958-1961; presidente de la Uni\u00f3n Asociaci\u00f3n del Caribe de ASD, 1961-1966 y presidente de la Uni\u00f3n Franco Haitiana, 1966-1968.<a href=\"https:\/\/encyclopedia.adventist.org\/article?id=DC5U#fn1\"><sup>1<\/sup><\/a>\u00a0El presidente Fulfer y su familia llegaron al territorio oriental del Caribe procedentes de Estados Unidos, cuando la regi\u00f3n estaba experimentando una de las \u00e9pocas de mayor turbulencia pol\u00edtica en la historia moderna. Estas colonias primordialmente brit\u00e1nicas estaban procurando su independencia pol\u00edtica.<\/p>\n<p>Se estaba promoviendo el nacionalismo caribe\u00f1o, as\u00ed como la idea ampliamente sostenida de que la mayor\u00eda de las instituciones en el Caribe deb\u00edan tener dirigentes caribe\u00f1os, a fin de poder marchar hacia adelante. El matrimonio Fulfer manifest\u00f3 una clara comprensi\u00f3n con respecto a esos tiempos de cambio y mostr\u00f3 gran sensibilidad al tratar los asuntos relacionados con ello. Su buena disposici\u00f3n a continuar ayudando a la evangelizaci\u00f3n y al crecimiento y desarrollo del adventismo en el Caribe del Este, le gan\u00f3 el reconocimiento de todos los que laboraron con \u00e9l. Llevaron tambi\u00e9n consigo esos atributos personales a su liderazgo en la Uni\u00f3n Haitiana, antes de regresar a los Estados Unidos para continuar prestando sus servicios a la iglesia.<\/p>\n<p><div id=\"attachment_82922\" style=\"width: 434px\" class=\"wp-caption alignright\"><img fetchpriority=\"high\" decoding=\"async\" aria-describedby=\"caption-attachment-82922\" class=\" wp-image-82922\" src=\"https:\/\/recursing-golick.147-182-135-0.plesk.page\/wp-content\/uploads\/2022\/03\/james-g-fulfer.jpg\" alt=\"\" width=\"424\" height=\"773\" srcset=\"https:\/\/interamerica.org\/wp-content\/uploads\/2022\/03\/james-g-fulfer.jpg 550w, https:\/\/interamerica.org\/wp-content\/uploads\/2022\/03\/james-g-fulfer-165x300.jpg 165w\" sizes=\"(max-width: 424px) 100vw, 424px\" \/><p id=\"caption-attachment-82922\" class=\"wp-caption-text\">James G. Fulfer [Imagen: tomada de Glenn O. Philipps, Adventistas del s\u00e9ptimo d\u00eda en Barbados m\u00e1s de cien a\u00f1os de aventismo,1884-1991.]<\/p><\/div><strong>Primeros a\u00f1os de su vida y su educaci\u00f3n <\/strong><\/p>\n<p>James G. Fulfer naci\u00f3 el 6 de diciembre de 1921 en Akron Ohio. Prest\u00f3 sus servicios a la Iglesia Adventista del S\u00e9ptimo D\u00eda a trav\u00e9s de una larga y distinguida carrera como pastor, director de departamento y presidente, tanto de asociaci\u00f3n como de uni\u00f3n. Antes de formar parte del\u00a0 ministerio de la Iglesia Adventista del S\u00e9ptimo D\u00eda, sirvi\u00f3 a su pa\u00eds en el Cuerpo A\u00e9reo del Ej\u00e9rcito de los Estados Unidos como t\u00e9cnico dental. Asisti\u00f3 al Colegio Misionero Washington (ahora Universidad Adventista Washington) y se gradu\u00f3 del Colegio Misionero Southern en 1950, antes de comenzar su temprana carrera ministerial. M\u00e1s tarde curs\u00f3 una maestr\u00eda en divinidades en la Universidad Andrews.<a href=\"https:\/\/encyclopedia.adventist.org\/article?id=DC5U#fn2\"><sup>2<\/sup><\/a><\/p>\n<p><strong>Servicio en la Divisi\u00f3n Interamericana<\/strong><\/p>\n<p>Antes de comenzar su servicio en la Divisi\u00f3n Interamericana, el pastor Fulfer fue secretario asistente de publicaciones y pastor de distrito durante ocho a\u00f1os en la Asociaci\u00f3n Georgia Cumberland, con oficinas en Atlanta, Georgia<a href=\"https:\/\/encyclopedia.adventist.org\/article?id=DC5U#fn3\"><sup>3<\/sup><\/a>. Vivi\u00f3 en Crossville, Tennessee. En 1957, el pastor Fulfer fue nombrado presidente de la Misi\u00f3n de las Islas de Sotavento, con oficinas en Barbados, Indias Occidentales. Fue un siervo de coraz\u00f3n. Southern Tidings public\u00f3 el 27 de noviembre de 1957, su siguiente declaraci\u00f3n: \u201cAl partir rumbo al servicio misionero, anhelamos con gran expectativa sus oraciones porque podamos hacer nuestra parte en la terminaci\u00f3n de la obra de Dios y que podamos ir todos juntos al hogar. Nuestras oraciones siguen en favor de ustedes al dejar la Uni\u00f3n del Sur\u201d.<a href=\"https:\/\/encyclopedia.adventist.org\/article?id=DC5U#fn4\"><sup>4<\/sup><\/a>\u00a0 Seg\u00fan los informes, James G. Fulfer viaj\u00f3 desde Miami, el 29 de noviembre de 1957, rumbo a Bridgetown, Barbados, para iniciar su servicio en la DIA. Su esposa y sus hijos se le unieron el 17 de diciembre de 1957. La Sra. Fulfer era una maestra de escuela elemental.<a href=\"https:\/\/encyclopedia.adventist.org\/article?id=DC5U#fn5\"><sup>5<\/sup><\/a>\u00a0Durante el tiempo de su servicio en la Misi\u00f3n de las Islas de Sotavento, la misi\u00f3n fue actualizada al estatus de asociaci\u00f3n.<a href=\"https:\/\/encyclopedia.adventist.org\/article?id=DC5U#fn6\"><sup>6<\/sup><\/a><\/p>\n<p>La siguiente asignaci\u00f3n del pastor Fulfer en 1961 fue la de presidente de la Uni\u00f3n Misi\u00f3n del Caribe de los adventistas del s\u00e9ptimo d\u00eda, con oficinas en Puerto Espa\u00f1a, Trinidad, Indias Occidentales. Bajo su liderazgo, se termin\u00f3 el Hospital Puerto Espa\u00f1a y se convirti\u00f3 en una eficiente instituci\u00f3n de salud en servicio de la comunidad. La Uni\u00f3n Misi\u00f3n del Caribe se convirti\u00f3 tambi\u00e9n en asociaci\u00f3n bajo su liderazgo.<a href=\"https:\/\/encyclopedia.adventist.org\/article?id=DC5U#fn7\"><sup>7<\/sup><\/a>\u00a0 En 1966, el pastor Fulfer fue llamado a prestar sus servicios en la Uni\u00f3n Franco Haitiana, como presidente de la misma, posici\u00f3n en la que se mantuvo hasta su retorno permanente del servicio misionero en 1969.<a href=\"https:\/\/encyclopedia.adventist.org\/article?id=DC5U#fn8\"><sup>8<\/sup><\/a><\/p>\n<p><strong>\u00daltimos a\u00f1os y fallecimiento<\/strong><\/p>\n<p>Despu\u00e9s de su retorno permanente del servicio misionero a la Divisi\u00f3n Norteamericana, James G. Fulfer obtuvo el grado de maestr\u00eda en divinidades del Seminario Teol\u00f3gico de la Universidad Andrews, en Berrien Springs, Michigan. Continu\u00f3 sirviendo a su iglesia en varias posiciones administrativas, incluyendo la de director de la Agencia Adventista de Desarrollo y Recursos Asistenciales (ADRA) de Hait\u00ed. El pastor Fulfer concluy\u00f3 su registro de servicios en ministerio pastoral en la Uni\u00f3n del Sur (Southern Union) de los Estados Unidos. Pas\u00f3 sus a\u00f1os como jubilado, juntamente con su esposa, en una comunidad adventista de personas jubiladas, en Carolina del Norte. Falleci\u00f3 el 8 de febrero de 2010, en Hendersonville N.C., habiendo servido fielmente a su iglesia.<a href=\"https:\/\/encyclopedia.adventist.org\/article?id=DC5U#fn9\"><sup>9<\/sup><\/a>\u00a0Al tiempo de su fallecimiento era miembro de la Iglesia Adventista del S\u00e9ptimo D\u00eda Fletcher N.C. Le sobrevivieron su esposa de 66 a\u00f1os, Olive May Tyson, una hermana, Mildred Fulfer, un hijo, Bob Fulfer y dos hijas, Nancy Merz y Ellen Story, seis nietos y varios sobrinos y sobrinas.<a href=\"https:\/\/encyclopedia.adventist.org\/article?id=DC5U#fn10\"><sup>10<\/sup><\/a><\/p>\n<p>Para acceder a las notas y referencias, pulsa <a href=\"https:\/\/encyclopedia.adventist.org\/article?id=DC5U\">AQU\u00cd<\/a><\/p>\n<p>Traducci\u00f3n &#8211; Gloria A. Castrej\u00f3n<\/p>\n<p>&nbsp;<\/p>\n","protected":false},"excerpt":{"rendered":"<p>24 de marzo del 2022 | Silver Spring, Maryland, Estados Unidos | Por Cardie Welch Esta historia fue tomada de La Enciclopedia de los Adventistas del S\u00e9ptimo D\u00eda (ESDA), accesible&#8230;<\/p>\n","protected":false},"author":3,"featured_media":82925,"comment_status":"closed","ping_status":"closed","sticky":false,"template":"","format":"standard","meta":{"_acf_changed":false,"footnotes":""},"categories":[14,15],"tags":[],"class_list":["post-82958","post","type-post","status-publish","format-standard","has-post-thumbnail","hentry","category-de-la-iglesia-mundial","category-rss-espanol"],"acf":[],"yoast_head":"<!-- This site is optimized with the Yoast SEO plugin v27.3 - https:\/\/yoast.com\/product\/yoast-seo-wordpress\/ -->\n<title>James G. Fulfer: Expansi\u00f3n de la evangelizaci\u00f3n y crecimiento en el Caribe del Este - Iglesia Adventista del S\u00e9ptimo D\u00eda - Divisi\u00f3n Interamericana<\/title>\n<meta name=\"robots\" content=\"index, follow, max-snippet:-1, max-image-preview:large, max-video-preview:-1\" \/>\n<link rel=\"canonical\" href=\"https:\/\/interamerica.org\/es\/2022\/03\/james-g-fulfer-expansion-de-la-evangelizacion-y-crecimiento-en-el-caribe-del-este\/\" \/>\n<meta property=\"og:locale\" content=\"es_ES\" \/>\n<meta property=\"og:type\" content=\"article\" \/>\n<meta property=\"og:title\" content=\"James G. Fulfer: Expansi\u00f3n de la evangelizaci\u00f3n y crecimiento en el Caribe del Este - Iglesia Adventista del S\u00e9ptimo D\u00eda - Divisi\u00f3n Interamericana\" \/>\n<meta property=\"og:description\" content=\"24 de marzo del 2022 | Silver Spring, Maryland, Estados Unidos | Por Cardie Welch Esta historia fue tomada de La Enciclopedia de los Adventistas del S\u00e9ptimo D\u00eda (ESDA), accesible...\" \/>\n<meta property=\"og:url\" content=\"https:\/\/interamerica.org\/es\/2022\/03\/james-g-fulfer-expansion-de-la-evangelizacion-y-crecimiento-en-el-caribe-del-este\/\" \/>\n<meta property=\"og:site_name\" content=\"Iglesia Adventista del S\u00e9ptimo D\u00eda - Divisi\u00f3n Interamericana\" \/>\n<meta property=\"article:published_time\" content=\"2022-03-25T14:26:46+00:00\" \/>\n<meta property=\"article:modified_time\" content=\"2022-03-26T01:50:55+00:00\" \/>\n<meta property=\"og:image\" content=\"https:\/\/interamerica.org\/wp-content\/uploads\/2022\/03\/trinidad-maud-slaats-vecu29oj4ce-unsplash-1280.jpg\" \/>\n\t<meta property=\"og:image:width\" content=\"1280\" \/>\n\t<meta property=\"og:image:height\" content=\"800\" \/>\n\t<meta property=\"og:image:type\" content=\"image\/jpeg\" \/>\n<meta name=\"author\" content=\"libna\" \/>\n<meta name=\"twitter:card\" content=\"summary_large_image\" \/>\n<meta name=\"twitter:label1\" content=\"Escrito por\" \/>\n\t<meta name=\"twitter:data1\" content=\"libna\" \/>\n\t<meta name=\"twitter:label2\" content=\"Tiempo de lectura\" \/>\n\t<meta name=\"twitter:data2\" content=\"5 minutos\" \/>\n<script type=\"application\/ld+json\" class=\"yoast-schema-graph\">{\"@context\":\"https:\\\/\\\/schema.org\",\"@graph\":[{\"@type\":\"Article\",\"@id\":\"https:\\\/\\\/interamerica.org\\\/es\\\/2022\\\/03\\\/james-g-fulfer-expansion-de-la-evangelizacion-y-crecimiento-en-el-caribe-del-este\\\/#article\",\"isPartOf\":{\"@id\":\"https:\\\/\\\/interamerica.org\\\/es\\\/2022\\\/03\\\/james-g-fulfer-expansion-de-la-evangelizacion-y-crecimiento-en-el-caribe-del-este\\\/\"},\"author\":{\"name\":\"libna\",\"@id\":\"https:\\\/\\\/interamerica.org\\\/es\\\/#\\\/schema\\\/person\\\/29998f2bc2d8bd0d38662909289b54f1\"},\"headline\":\"James G. Fulfer: Expansi\u00f3n de la evangelizaci\u00f3n y crecimiento en el Caribe del Este\",\"datePublished\":\"2022-03-25T14:26:46+00:00\",\"dateModified\":\"2022-03-26T01:50:55+00:00\",\"mainEntityOfPage\":{\"@id\":\"https:\\\/\\\/interamerica.org\\\/es\\\/2022\\\/03\\\/james-g-fulfer-expansion-de-la-evangelizacion-y-crecimiento-en-el-caribe-del-este\\\/\"},\"wordCount\":966,\"image\":{\"@id\":\"https:\\\/\\\/interamerica.org\\\/es\\\/2022\\\/03\\\/james-g-fulfer-expansion-de-la-evangelizacion-y-crecimiento-en-el-caribe-del-este\\\/#primaryimage\"},\"thumbnailUrl\":\"https:\\\/\\\/interamerica.org\\\/wp-content\\\/uploads\\\/2022\\\/03\\\/trinidad-maud-slaats-vecu29oj4ce-unsplash-1280.jpg\",\"articleSection\":[\"Desde la iglesia mundial\",\"RSS Espa\u00f1ol\"],\"inLanguage\":\"es\"},{\"@type\":\"WebPage\",\"@id\":\"https:\\\/\\\/interamerica.org\\\/es\\\/2022\\\/03\\\/james-g-fulfer-expansion-de-la-evangelizacion-y-crecimiento-en-el-caribe-del-este\\\/\",\"url\":\"https:\\\/\\\/interamerica.org\\\/es\\\/2022\\\/03\\\/james-g-fulfer-expansion-de-la-evangelizacion-y-crecimiento-en-el-caribe-del-este\\\/\",\"name\":\"James G. Fulfer: Expansi\u00f3n de la evangelizaci\u00f3n y crecimiento en el Caribe del Este - Iglesia Adventista del S\u00e9ptimo D\u00eda - Divisi\u00f3n Interamericana\",\"isPartOf\":{\"@id\":\"https:\\\/\\\/interamerica.org\\\/es\\\/#website\"},\"primaryImageOfPage\":{\"@id\":\"https:\\\/\\\/interamerica.org\\\/es\\\/2022\\\/03\\\/james-g-fulfer-expansion-de-la-evangelizacion-y-crecimiento-en-el-caribe-del-este\\\/#primaryimage\"},\"image\":{\"@id\":\"https:\\\/\\\/interamerica.org\\\/es\\\/2022\\\/03\\\/james-g-fulfer-expansion-de-la-evangelizacion-y-crecimiento-en-el-caribe-del-este\\\/#primaryimage\"},\"thumbnailUrl\":\"https:\\\/\\\/interamerica.org\\\/wp-content\\\/uploads\\\/2022\\\/03\\\/trinidad-maud-slaats-vecu29oj4ce-unsplash-1280.jpg\",\"datePublished\":\"2022-03-25T14:26:46+00:00\",\"dateModified\":\"2022-03-26T01:50:55+00:00\",\"author\":{\"@id\":\"https:\\\/\\\/interamerica.org\\\/es\\\/#\\\/schema\\\/person\\\/29998f2bc2d8bd0d38662909289b54f1\"},\"breadcrumb\":{\"@id\":\"https:\\\/\\\/interamerica.org\\\/es\\\/2022\\\/03\\\/james-g-fulfer-expansion-de-la-evangelizacion-y-crecimiento-en-el-caribe-del-este\\\/#breadcrumb\"},\"inLanguage\":\"es\",\"potentialAction\":[{\"@type\":\"ReadAction\",\"target\":[\"https:\\\/\\\/interamerica.org\\\/es\\\/2022\\\/03\\\/james-g-fulfer-expansion-de-la-evangelizacion-y-crecimiento-en-el-caribe-del-este\\\/\"]}]},{\"@type\":\"ImageObject\",\"inLanguage\":\"es\",\"@id\":\"https:\\\/\\\/interamerica.org\\\/es\\\/2022\\\/03\\\/james-g-fulfer-expansion-de-la-evangelizacion-y-crecimiento-en-el-caribe-del-este\\\/#primaryimage\",\"url\":\"https:\\\/\\\/interamerica.org\\\/wp-content\\\/uploads\\\/2022\\\/03\\\/trinidad-maud-slaats-vecu29oj4ce-unsplash-1280.jpg\",\"contentUrl\":\"https:\\\/\\\/interamerica.org\\\/wp-content\\\/uploads\\\/2022\\\/03\\\/trinidad-maud-slaats-vecu29oj4ce-unsplash-1280.jpg\",\"width\":1280,\"height\":800},{\"@type\":\"BreadcrumbList\",\"@id\":\"https:\\\/\\\/interamerica.org\\\/es\\\/2022\\\/03\\\/james-g-fulfer-expansion-de-la-evangelizacion-y-crecimiento-en-el-caribe-del-este\\\/#breadcrumb\",\"itemListElement\":[{\"@type\":\"ListItem\",\"position\":1,\"name\":\"Home\",\"item\":\"https:\\\/\\\/interamerica.org\\\/es\\\/\"},{\"@type\":\"ListItem\",\"position\":2,\"name\":\"James G. Fulfer: Expansi\u00f3n de la evangelizaci\u00f3n y crecimiento en el Caribe del Este\"}]},{\"@type\":\"WebSite\",\"@id\":\"https:\\\/\\\/interamerica.org\\\/es\\\/#website\",\"url\":\"https:\\\/\\\/interamerica.org\\\/es\\\/\",\"name\":\"Iglesia Adventista del S\u00e9ptimo D\u00eda - Divisi\u00f3n Interamericana\",\"description\":\"\",\"potentialAction\":[{\"@type\":\"SearchAction\",\"target\":{\"@type\":\"EntryPoint\",\"urlTemplate\":\"https:\\\/\\\/interamerica.org\\\/es\\\/?s={search_term_string}\"},\"query-input\":{\"@type\":\"PropertyValueSpecification\",\"valueRequired\":true,\"valueName\":\"search_term_string\"}}],\"inLanguage\":\"es\"},{\"@type\":\"Person\",\"@id\":\"https:\\\/\\\/interamerica.org\\\/es\\\/#\\\/schema\\\/person\\\/29998f2bc2d8bd0d38662909289b54f1\",\"name\":\"libna\",\"image\":{\"@type\":\"ImageObject\",\"inLanguage\":\"es\",\"@id\":\"https:\\\/\\\/secure.gravatar.com\\\/avatar\\\/7c5bd30ae4b47a9ba3c856590957fd1d96dc588bf3ac05719d247e126840331f?s=96&d=mm&r=g\",\"url\":\"https:\\\/\\\/secure.gravatar.com\\\/avatar\\\/7c5bd30ae4b47a9ba3c856590957fd1d96dc588bf3ac05719d247e126840331f?s=96&d=mm&r=g\",\"contentUrl\":\"https:\\\/\\\/secure.gravatar.com\\\/avatar\\\/7c5bd30ae4b47a9ba3c856590957fd1d96dc588bf3ac05719d247e126840331f?s=96&d=mm&r=g\",\"caption\":\"libna\"}}]}<\/script>\n<!-- \/ Yoast SEO plugin. -->","yoast_head_json":{"title":"James G. Fulfer: Expansi\u00f3n de la evangelizaci\u00f3n y crecimiento en el Caribe del Este - Iglesia Adventista del S\u00e9ptimo D\u00eda - Divisi\u00f3n Interamericana","robots":{"index":"index","follow":"follow","max-snippet":"max-snippet:-1","max-image-preview":"max-image-preview:large","max-video-preview":"max-video-preview:-1"},"canonical":"https:\/\/interamerica.org\/es\/2022\/03\/james-g-fulfer-expansion-de-la-evangelizacion-y-crecimiento-en-el-caribe-del-este\/","og_locale":"es_ES","og_type":"article","og_title":"James G. Fulfer: Expansi\u00f3n de la evangelizaci\u00f3n y crecimiento en el Caribe del Este - Iglesia Adventista del S\u00e9ptimo D\u00eda - Divisi\u00f3n Interamericana","og_description":"24 de marzo del 2022 | Silver Spring, Maryland, Estados Unidos | Por Cardie Welch Esta historia fue tomada de La Enciclopedia de los Adventistas del S\u00e9ptimo D\u00eda (ESDA), accesible...","og_url":"https:\/\/interamerica.org\/es\/2022\/03\/james-g-fulfer-expansion-de-la-evangelizacion-y-crecimiento-en-el-caribe-del-este\/","og_site_name":"Iglesia Adventista del S\u00e9ptimo D\u00eda - Divisi\u00f3n Interamericana","article_published_time":"2022-03-25T14:26:46+00:00","article_modified_time":"2022-03-26T01:50:55+00:00","og_image":[{"width":1280,"height":800,"url":"https:\/\/interamerica.org\/wp-content\/uploads\/2022\/03\/trinidad-maud-slaats-vecu29oj4ce-unsplash-1280.jpg","type":"image\/jpeg"}],"author":"libna","twitter_card":"summary_large_image","twitter_misc":{"Escrito por":"libna","Tiempo de lectura":"5 minutos"},"schema":{"@context":"https:\/\/schema.org","@graph":[{"@type":"Article","@id":"https:\/\/interamerica.org\/es\/2022\/03\/james-g-fulfer-expansion-de-la-evangelizacion-y-crecimiento-en-el-caribe-del-este\/#article","isPartOf":{"@id":"https:\/\/interamerica.org\/es\/2022\/03\/james-g-fulfer-expansion-de-la-evangelizacion-y-crecimiento-en-el-caribe-del-este\/"},"author":{"name":"libna","@id":"https:\/\/interamerica.org\/es\/#\/schema\/person\/29998f2bc2d8bd0d38662909289b54f1"},"headline":"James G. Fulfer: Expansi\u00f3n de la evangelizaci\u00f3n y crecimiento en el Caribe del Este","datePublished":"2022-03-25T14:26:46+00:00","dateModified":"2022-03-26T01:50:55+00:00","mainEntityOfPage":{"@id":"https:\/\/interamerica.org\/es\/2022\/03\/james-g-fulfer-expansion-de-la-evangelizacion-y-crecimiento-en-el-caribe-del-este\/"},"wordCount":966,"image":{"@id":"https:\/\/interamerica.org\/es\/2022\/03\/james-g-fulfer-expansion-de-la-evangelizacion-y-crecimiento-en-el-caribe-del-este\/#primaryimage"},"thumbnailUrl":"https:\/\/interamerica.org\/wp-content\/uploads\/2022\/03\/trinidad-maud-slaats-vecu29oj4ce-unsplash-1280.jpg","articleSection":["Desde la iglesia mundial","RSS Espa\u00f1ol"],"inLanguage":"es"},{"@type":"WebPage","@id":"https:\/\/interamerica.org\/es\/2022\/03\/james-g-fulfer-expansion-de-la-evangelizacion-y-crecimiento-en-el-caribe-del-este\/","url":"https:\/\/interamerica.org\/es\/2022\/03\/james-g-fulfer-expansion-de-la-evangelizacion-y-crecimiento-en-el-caribe-del-este\/","name":"James G. Fulfer: Expansi\u00f3n de la evangelizaci\u00f3n y crecimiento en el Caribe del Este - Iglesia Adventista del S\u00e9ptimo D\u00eda - Divisi\u00f3n Interamericana","isPartOf":{"@id":"https:\/\/interamerica.org\/es\/#website"},"primaryImageOfPage":{"@id":"https:\/\/interamerica.org\/es\/2022\/03\/james-g-fulfer-expansion-de-la-evangelizacion-y-crecimiento-en-el-caribe-del-este\/#primaryimage"},"image":{"@id":"https:\/\/interamerica.org\/es\/2022\/03\/james-g-fulfer-expansion-de-la-evangelizacion-y-crecimiento-en-el-caribe-del-este\/#primaryimage"},"thumbnailUrl":"https:\/\/interamerica.org\/wp-content\/uploads\/2022\/03\/trinidad-maud-slaats-vecu29oj4ce-unsplash-1280.jpg","datePublished":"2022-03-25T14:26:46+00:00","dateModified":"2022-03-26T01:50:55+00:00","author":{"@id":"https:\/\/interamerica.org\/es\/#\/schema\/person\/29998f2bc2d8bd0d38662909289b54f1"},"breadcrumb":{"@id":"https:\/\/interamerica.org\/es\/2022\/03\/james-g-fulfer-expansion-de-la-evangelizacion-y-crecimiento-en-el-caribe-del-este\/#breadcrumb"},"inLanguage":"es","potentialAction":[{"@type":"ReadAction","target":["https:\/\/interamerica.org\/es\/2022\/03\/james-g-fulfer-expansion-de-la-evangelizacion-y-crecimiento-en-el-caribe-del-este\/"]}]},{"@type":"ImageObject","inLanguage":"es","@id":"https:\/\/interamerica.org\/es\/2022\/03\/james-g-fulfer-expansion-de-la-evangelizacion-y-crecimiento-en-el-caribe-del-este\/#primaryimage","url":"https:\/\/interamerica.org\/wp-content\/uploads\/2022\/03\/trinidad-maud-slaats-vecu29oj4ce-unsplash-1280.jpg","contentUrl":"https:\/\/interamerica.org\/wp-content\/uploads\/2022\/03\/trinidad-maud-slaats-vecu29oj4ce-unsplash-1280.jpg","width":1280,"height":800},{"@type":"BreadcrumbList","@id":"https:\/\/interamerica.org\/es\/2022\/03\/james-g-fulfer-expansion-de-la-evangelizacion-y-crecimiento-en-el-caribe-del-este\/#breadcrumb","itemListElement":[{"@type":"ListItem","position":1,"name":"Home","item":"https:\/\/interamerica.org\/es\/"},{"@type":"ListItem","position":2,"name":"James G. Fulfer: Expansi\u00f3n de la evangelizaci\u00f3n y crecimiento en el Caribe del Este"}]},{"@type":"WebSite","@id":"https:\/\/interamerica.org\/es\/#website","url":"https:\/\/interamerica.org\/es\/","name":"Iglesia Adventista del S\u00e9ptimo D\u00eda - Divisi\u00f3n Interamericana","description":"","potentialAction":[{"@type":"SearchAction","target":{"@type":"EntryPoint","urlTemplate":"https:\/\/interamerica.org\/es\/?s={search_term_string}"},"query-input":{"@type":"PropertyValueSpecification","valueRequired":true,"valueName":"search_term_string"}}],"inLanguage":"es"},{"@type":"Person","@id":"https:\/\/interamerica.org\/es\/#\/schema\/person\/29998f2bc2d8bd0d38662909289b54f1","name":"libna","image":{"@type":"ImageObject","inLanguage":"es","@id":"https:\/\/secure.gravatar.com\/avatar\/7c5bd30ae4b47a9ba3c856590957fd1d96dc588bf3ac05719d247e126840331f?s=96&d=mm&r=g","url":"https:\/\/secure.gravatar.com\/avatar\/7c5bd30ae4b47a9ba3c856590957fd1d96dc588bf3ac05719d247e126840331f?s=96&d=mm&r=g","contentUrl":"https:\/\/secure.gravatar.com\/avatar\/7c5bd30ae4b47a9ba3c856590957fd1d96dc588bf3ac05719d247e126840331f?s=96&d=mm&r=g","caption":"libna"}}]}},"_links":{"self":[{"href":"https:\/\/interamerica.org\/es\/wp-json\/wp\/v2\/posts\/82958","targetHints":{"allow":["GET"]}}],"collection":[{"href":"https:\/\/interamerica.org\/es\/wp-json\/wp\/v2\/posts"}],"about":[{"href":"https:\/\/interamerica.org\/es\/wp-json\/wp\/v2\/types\/post"}],"author":[{"embeddable":true,"href":"https:\/\/interamerica.org\/es\/wp-json\/wp\/v2\/users\/3"}],"replies":[{"embeddable":true,"href":"https:\/\/interamerica.org\/es\/wp-json\/wp\/v2\/comments?post=82958"}],"version-history":[{"count":0,"href":"https:\/\/interamerica.org\/es\/wp-json\/wp\/v2\/posts\/82958\/revisions"}],"wp:featuredmedia":[{"embeddable":true,"href":"https:\/\/interamerica.org\/es\/wp-json\/wp\/v2\/media\/82925"}],"wp:attachment":[{"href":"https:\/\/interamerica.org\/es\/wp-json\/wp\/v2\/media?parent=82958"}],"wp:term":[{"taxonomy":"category","embeddable":true,"href":"https:\/\/interamerica.org\/es\/wp-json\/wp\/v2\/categories?post=82958"},{"taxonomy":"post_tag","embeddable":true,"href":"https:\/\/interamerica.org\/es\/wp-json\/wp\/v2\/tags?post=82958"}],"curies":[{"name":"wp","href":"https:\/\/api.w.org\/{rel}","templated":true}]}}