{"id":83092,"date":"2022-03-30T20:02:42","date_gmt":"2022-03-31T00:02:42","guid":{"rendered":"https:\/\/recursing-golick.147-182-135-0.plesk.page\/?p=83092"},"modified":"2022-03-31T11:17:07","modified_gmt":"2022-03-31T15:17:07","slug":"interamerica-llevara-a-cabo-simposio-virtual-de-salud-para-profesionales-de-salud","status":"publish","type":"post","link":"https:\/\/interamerica.org\/es\/2022\/03\/interamerica-llevara-a-cabo-simposio-virtual-de-salud-para-profesionales-de-salud\/","title":{"rendered":"Interam\u00e9rica llevar\u00e1 a cabo simposio virtual de salud para profesionales de salud"},"content":{"rendered":"<p>30 de marzo de 2022 | Miami, Florida, Estados Unidos | Libna Stevens, Noticias de la Divisi\u00f3n Interamericana<\/p>\n<p>Se espera que un simposio virtual de salud atraiga a miles de profesionales de la salud de todas las instituciones y cl\u00ednicas de salud de la Iglesia Adventista del 7-8 de abril de 2022. El evento es el primer simposio de salud en todo el territorio que apunta a los profesionales de la salud y de salud en los 14 hospitales adventistas y las 21 cl\u00ednicas del territorio.<\/p>\n<p>\u201cTenemos que garantizar que todos los profesionales de salud y sus colegas que est\u00e1n empleados en las instituciones adventistas de salud entiendan la filosof\u00eda, la historia, los logros y las especificaciones del ministerio abarcador adventista de salud\u201d, dijo Franck G\u00e9n\u00e9us, M.D., que es director de ministerios de salud de la Iglesia Adventista en Interam\u00e9rica y principal organizador del evento.<\/p>\n<p>Es importante mantener la cultura de promover la salud y el bienestar de manera sistem\u00e1tica, como una parte esencial de nuestras creencias adventistas, para continuar con la misi\u00f3n de sanaci\u00f3n y compasi\u00f3n que inici\u00f3 Jesucristo en la tierra hace dos mil a\u00f1os, dijo el doctor G\u00e9n\u00e9us. El evento no solo apunta a los m\u00e1s de 2500 profesionales de la salud y obreros de los hospitales y cl\u00ednicas, sino tambi\u00e9n a los profesionales adventistas de salud que trabajan fuera de la organizaci\u00f3n de la iglesia y sus colegas.<\/p>\n<p><div id=\"attachment_83074\" style=\"width: 611px\" class=\"wp-caption aligncenter\"><img fetchpriority=\"high\" decoding=\"async\" aria-describedby=\"caption-attachment-83074\" class=\" wp-image-83074\" src=\"https:\/\/recursing-golick.147-182-135-0.plesk.page\/wp-content\/uploads\/2022\/03\/health-symposium-2022-eng.jpg\" alt=\"\" width=\"601\" height=\"850\" srcset=\"https:\/\/interamerica.org\/wp-content\/uploads\/2022\/03\/health-symposium-2022-eng.jpg 700w, https:\/\/interamerica.org\/wp-content\/uploads\/2022\/03\/health-symposium-2022-eng-212x300.jpg 212w\" sizes=\"(max-width: 601px) 100vw, 601px\" \/><p id=\"caption-attachment-83074\" class=\"wp-caption-text\">[Imagen: Keila Trejo\/DIA]<\/p><\/div>\u201cComo profesionales de salud, tenemos que traducir nuestra fe en acciones mientras brindamos servicios de salud a las personas y a los colegas con quienes nos relacionamos en la vida diaria\u201d, dijo G\u00e9n\u00e9us. \u201cTenemos que comprender el mensaje de salud, sus beneficios, y las evidencias cient\u00edficas que apoyan el enfoque integral que practicamos, lo que es fundamental para asegurarnos de que estamos trabajando en sinton\u00eda\u201d.<\/p>\n<p>Bajo el lema \u201cLograr la misi\u00f3n de Dios mediante el ministerio abarcador de salud\u201d, el simposio se referir\u00e1 a los comienzos del ministerio de salud de la iglesia, que ya tiene m\u00e1s de 150 a\u00f1os, repasar\u00e1 la red de instituciones adventistas de Interam\u00e9rica y del mundo, se enfocar\u00e1 en dar la misi\u00f3n de Dios por medio del ministerio de salud, se\u00f1alar\u00e1 los principios guiadores y valores claves de los Servicios Adventistas de Salud, y ofrecer\u00e1 sesiones de preguntas y respuestas, entre otras cosas.<\/p>\n<p>Los principales oradores incluir\u00e1n a Peter Landless, MD, director de ministerios de salud de la Iglesia Adventista mundial, Richard Hart, MD, presidente de la Universidad de Loma Linda, Lowell Cooper, exvicepresidente general de la Iglesia Adventista mundial, Elie Honor\u00e9, MD, expresidente de Servicios Adventistas de Salud de Interam\u00e9rica, y el doctor Franck G\u00e9n\u00e9us, entre otros.<\/p>\n<p>El evento estar\u00e1 disponible en l\u00ednea en ingl\u00e9s, espa\u00f1ol y franc\u00e9s.<\/p>\n<p>Para ver el Simposio Virtual para Profesionales de Salud de Interam\u00e9rica el pr\u00f3ximo 7 y 8 de abril de 2022, de 19:00 a 21:00, Hora de Miami, ingrese a <a href=\"https:\/\/www.youtube.com\/c\/InterAmericanDivision\">webcast.interamerica.org<\/a><\/p>\n<p>Traducci\u00f3n de Marcos Paseggi<\/p>\n","protected":false},"excerpt":{"rendered":"<p>30 de marzo de 2022 | Miami, Florida, Estados Unidos | Libna Stevens, Noticias de la Divisi\u00f3n Interamericana Se espera que un simposio virtual de salud atraiga a miles de&#8230;<\/p>\n","protected":false},"author":3,"featured_media":83081,"comment_status":"closed","ping_status":"closed","sticky":false,"template":"","format":"standard","meta":{"_acf_changed":false,"footnotes":""},"categories":[16,15],"tags":[],"class_list":["post-83092","post","type-post","status-publish","format-standard","has-post-thumbnail","hentry","category-desde-la-sede","category-rss-espanol"],"acf":[],"yoast_head":"<!-- This site is optimized with the Yoast SEO plugin v27.3 - https:\/\/yoast.com\/product\/yoast-seo-wordpress\/ -->\n<title>Interam\u00e9rica llevar\u00e1 a cabo simposio virtual de salud para profesionales de salud - Iglesia Adventista del S\u00e9ptimo D\u00eda - Divisi\u00f3n Interamericana<\/title>\n<meta name=\"robots\" content=\"index, follow, max-snippet:-1, max-image-preview:large, max-video-preview:-1\" \/>\n<link rel=\"canonical\" href=\"https:\/\/interamerica.org\/es\/2022\/03\/interamerica-llevara-a-cabo-simposio-virtual-de-salud-para-profesionales-de-salud\/\" \/>\n<meta property=\"og:locale\" content=\"es_ES\" \/>\n<meta property=\"og:type\" content=\"article\" \/>\n<meta property=\"og:title\" content=\"Interam\u00e9rica llevar\u00e1 a cabo simposio virtual de salud para profesionales de salud - Iglesia Adventista del S\u00e9ptimo D\u00eda - Divisi\u00f3n Interamericana\" \/>\n<meta property=\"og:description\" content=\"30 de marzo de 2022 | Miami, Florida, Estados Unidos | Libna Stevens, Noticias de la Divisi\u00f3n Interamericana Se espera que un simposio virtual de salud atraiga a miles de...\" \/>\n<meta property=\"og:url\" content=\"https:\/\/interamerica.org\/es\/2022\/03\/interamerica-llevara-a-cabo-simposio-virtual-de-salud-para-profesionales-de-salud\/\" \/>\n<meta property=\"og:site_name\" content=\"Iglesia Adventista del S\u00e9ptimo D\u00eda - Divisi\u00f3n Interamericana\" \/>\n<meta property=\"article:published_time\" content=\"2022-03-31T00:02:42+00:00\" \/>\n<meta property=\"article:modified_time\" content=\"2022-03-31T15:17:07+00:00\" \/>\n<meta property=\"og:image\" content=\"https:\/\/interamerica.org\/wp-content\/uploads\/2022\/03\/virtual-health-symposium-for-healthcare-professionals-youtube-thumbnail-presentation-1280-1.jpg\" \/>\n\t<meta property=\"og:image:width\" content=\"1280\" \/>\n\t<meta property=\"og:image:height\" content=\"800\" \/>\n\t<meta property=\"og:image:type\" content=\"image\/jpeg\" \/>\n<meta name=\"author\" content=\"libna\" \/>\n<meta name=\"twitter:card\" content=\"summary_large_image\" \/>\n<meta name=\"twitter:label1\" content=\"Escrito por\" \/>\n\t<meta name=\"twitter:data1\" content=\"libna\" \/>\n\t<meta name=\"twitter:label2\" content=\"Tiempo de lectura\" \/>\n\t<meta name=\"twitter:data2\" content=\"3 minutos\" \/>\n<script type=\"application\/ld+json\" class=\"yoast-schema-graph\">{\"@context\":\"https:\\\/\\\/schema.org\",\"@graph\":[{\"@type\":\"Article\",\"@id\":\"https:\\\/\\\/interamerica.org\\\/es\\\/2022\\\/03\\\/interamerica-llevara-a-cabo-simposio-virtual-de-salud-para-profesionales-de-salud\\\/#article\",\"isPartOf\":{\"@id\":\"https:\\\/\\\/interamerica.org\\\/es\\\/2022\\\/03\\\/interamerica-llevara-a-cabo-simposio-virtual-de-salud-para-profesionales-de-salud\\\/\"},\"author\":{\"name\":\"libna\",\"@id\":\"https:\\\/\\\/interamerica.org\\\/es\\\/#\\\/schema\\\/person\\\/29998f2bc2d8bd0d38662909289b54f1\"},\"headline\":\"Interam\u00e9rica llevar\u00e1 a cabo simposio virtual de salud para profesionales de salud\",\"datePublished\":\"2022-03-31T00:02:42+00:00\",\"dateModified\":\"2022-03-31T15:17:07+00:00\",\"mainEntityOfPage\":{\"@id\":\"https:\\\/\\\/interamerica.org\\\/es\\\/2022\\\/03\\\/interamerica-llevara-a-cabo-simposio-virtual-de-salud-para-profesionales-de-salud\\\/\"},\"wordCount\":533,\"image\":{\"@id\":\"https:\\\/\\\/interamerica.org\\\/es\\\/2022\\\/03\\\/interamerica-llevara-a-cabo-simposio-virtual-de-salud-para-profesionales-de-salud\\\/#primaryimage\"},\"thumbnailUrl\":\"https:\\\/\\\/interamerica.org\\\/wp-content\\\/uploads\\\/2022\\\/03\\\/virtual-health-symposium-for-healthcare-professionals-youtube-thumbnail-presentation-1280-1.jpg\",\"articleSection\":[\"Desde la sede\",\"RSS Espa\u00f1ol\"],\"inLanguage\":\"es\"},{\"@type\":\"WebPage\",\"@id\":\"https:\\\/\\\/interamerica.org\\\/es\\\/2022\\\/03\\\/interamerica-llevara-a-cabo-simposio-virtual-de-salud-para-profesionales-de-salud\\\/\",\"url\":\"https:\\\/\\\/interamerica.org\\\/es\\\/2022\\\/03\\\/interamerica-llevara-a-cabo-simposio-virtual-de-salud-para-profesionales-de-salud\\\/\",\"name\":\"Interam\u00e9rica llevar\u00e1 a cabo simposio virtual de salud para profesionales de salud - Iglesia Adventista del S\u00e9ptimo D\u00eda - Divisi\u00f3n Interamericana\",\"isPartOf\":{\"@id\":\"https:\\\/\\\/interamerica.org\\\/es\\\/#website\"},\"primaryImageOfPage\":{\"@id\":\"https:\\\/\\\/interamerica.org\\\/es\\\/2022\\\/03\\\/interamerica-llevara-a-cabo-simposio-virtual-de-salud-para-profesionales-de-salud\\\/#primaryimage\"},\"image\":{\"@id\":\"https:\\\/\\\/interamerica.org\\\/es\\\/2022\\\/03\\\/interamerica-llevara-a-cabo-simposio-virtual-de-salud-para-profesionales-de-salud\\\/#primaryimage\"},\"thumbnailUrl\":\"https:\\\/\\\/interamerica.org\\\/wp-content\\\/uploads\\\/2022\\\/03\\\/virtual-health-symposium-for-healthcare-professionals-youtube-thumbnail-presentation-1280-1.jpg\",\"datePublished\":\"2022-03-31T00:02:42+00:00\",\"dateModified\":\"2022-03-31T15:17:07+00:00\",\"author\":{\"@id\":\"https:\\\/\\\/interamerica.org\\\/es\\\/#\\\/schema\\\/person\\\/29998f2bc2d8bd0d38662909289b54f1\"},\"breadcrumb\":{\"@id\":\"https:\\\/\\\/interamerica.org\\\/es\\\/2022\\\/03\\\/interamerica-llevara-a-cabo-simposio-virtual-de-salud-para-profesionales-de-salud\\\/#breadcrumb\"},\"inLanguage\":\"es\",\"potentialAction\":[{\"@type\":\"ReadAction\",\"target\":[\"https:\\\/\\\/interamerica.org\\\/es\\\/2022\\\/03\\\/interamerica-llevara-a-cabo-simposio-virtual-de-salud-para-profesionales-de-salud\\\/\"]}]},{\"@type\":\"ImageObject\",\"inLanguage\":\"es\",\"@id\":\"https:\\\/\\\/interamerica.org\\\/es\\\/2022\\\/03\\\/interamerica-llevara-a-cabo-simposio-virtual-de-salud-para-profesionales-de-salud\\\/#primaryimage\",\"url\":\"https:\\\/\\\/interamerica.org\\\/wp-content\\\/uploads\\\/2022\\\/03\\\/virtual-health-symposium-for-healthcare-professionals-youtube-thumbnail-presentation-1280-1.jpg\",\"contentUrl\":\"https:\\\/\\\/interamerica.org\\\/wp-content\\\/uploads\\\/2022\\\/03\\\/virtual-health-symposium-for-healthcare-professionals-youtube-thumbnail-presentation-1280-1.jpg\",\"width\":1280,\"height\":800},{\"@type\":\"BreadcrumbList\",\"@id\":\"https:\\\/\\\/interamerica.org\\\/es\\\/2022\\\/03\\\/interamerica-llevara-a-cabo-simposio-virtual-de-salud-para-profesionales-de-salud\\\/#breadcrumb\",\"itemListElement\":[{\"@type\":\"ListItem\",\"position\":1,\"name\":\"Home\",\"item\":\"https:\\\/\\\/interamerica.org\\\/es\\\/\"},{\"@type\":\"ListItem\",\"position\":2,\"name\":\"Interam\u00e9rica llevar\u00e1 a cabo simposio virtual de salud para profesionales de salud\"}]},{\"@type\":\"WebSite\",\"@id\":\"https:\\\/\\\/interamerica.org\\\/es\\\/#website\",\"url\":\"https:\\\/\\\/interamerica.org\\\/es\\\/\",\"name\":\"Iglesia Adventista del S\u00e9ptimo D\u00eda - Divisi\u00f3n Interamericana\",\"description\":\"\",\"potentialAction\":[{\"@type\":\"SearchAction\",\"target\":{\"@type\":\"EntryPoint\",\"urlTemplate\":\"https:\\\/\\\/interamerica.org\\\/es\\\/?s={search_term_string}\"},\"query-input\":{\"@type\":\"PropertyValueSpecification\",\"valueRequired\":true,\"valueName\":\"search_term_string\"}}],\"inLanguage\":\"es\"},{\"@type\":\"Person\",\"@id\":\"https:\\\/\\\/interamerica.org\\\/es\\\/#\\\/schema\\\/person\\\/29998f2bc2d8bd0d38662909289b54f1\",\"name\":\"libna\",\"image\":{\"@type\":\"ImageObject\",\"inLanguage\":\"es\",\"@id\":\"https:\\\/\\\/secure.gravatar.com\\\/avatar\\\/7c5bd30ae4b47a9ba3c856590957fd1d96dc588bf3ac05719d247e126840331f?s=96&d=mm&r=g\",\"url\":\"https:\\\/\\\/secure.gravatar.com\\\/avatar\\\/7c5bd30ae4b47a9ba3c856590957fd1d96dc588bf3ac05719d247e126840331f?s=96&d=mm&r=g\",\"contentUrl\":\"https:\\\/\\\/secure.gravatar.com\\\/avatar\\\/7c5bd30ae4b47a9ba3c856590957fd1d96dc588bf3ac05719d247e126840331f?s=96&d=mm&r=g\",\"caption\":\"libna\"}}]}<\/script>\n<!-- \/ Yoast SEO plugin. -->","yoast_head_json":{"title":"Interam\u00e9rica llevar\u00e1 a cabo simposio virtual de salud para profesionales de salud - Iglesia Adventista del S\u00e9ptimo D\u00eda - Divisi\u00f3n Interamericana","robots":{"index":"index","follow":"follow","max-snippet":"max-snippet:-1","max-image-preview":"max-image-preview:large","max-video-preview":"max-video-preview:-1"},"canonical":"https:\/\/interamerica.org\/es\/2022\/03\/interamerica-llevara-a-cabo-simposio-virtual-de-salud-para-profesionales-de-salud\/","og_locale":"es_ES","og_type":"article","og_title":"Interam\u00e9rica llevar\u00e1 a cabo simposio virtual de salud para profesionales de salud - Iglesia Adventista del S\u00e9ptimo D\u00eda - Divisi\u00f3n Interamericana","og_description":"30 de marzo de 2022 | Miami, Florida, Estados Unidos | Libna Stevens, Noticias de la Divisi\u00f3n Interamericana Se espera que un simposio virtual de salud atraiga a miles de...","og_url":"https:\/\/interamerica.org\/es\/2022\/03\/interamerica-llevara-a-cabo-simposio-virtual-de-salud-para-profesionales-de-salud\/","og_site_name":"Iglesia Adventista del S\u00e9ptimo D\u00eda - Divisi\u00f3n Interamericana","article_published_time":"2022-03-31T00:02:42+00:00","article_modified_time":"2022-03-31T15:17:07+00:00","og_image":[{"width":1280,"height":800,"url":"https:\/\/interamerica.org\/wp-content\/uploads\/2022\/03\/virtual-health-symposium-for-healthcare-professionals-youtube-thumbnail-presentation-1280-1.jpg","type":"image\/jpeg"}],"author":"libna","twitter_card":"summary_large_image","twitter_misc":{"Escrito por":"libna","Tiempo de lectura":"3 minutos"},"schema":{"@context":"https:\/\/schema.org","@graph":[{"@type":"Article","@id":"https:\/\/interamerica.org\/es\/2022\/03\/interamerica-llevara-a-cabo-simposio-virtual-de-salud-para-profesionales-de-salud\/#article","isPartOf":{"@id":"https:\/\/interamerica.org\/es\/2022\/03\/interamerica-llevara-a-cabo-simposio-virtual-de-salud-para-profesionales-de-salud\/"},"author":{"name":"libna","@id":"https:\/\/interamerica.org\/es\/#\/schema\/person\/29998f2bc2d8bd0d38662909289b54f1"},"headline":"Interam\u00e9rica llevar\u00e1 a cabo simposio virtual de salud para profesionales de salud","datePublished":"2022-03-31T00:02:42+00:00","dateModified":"2022-03-31T15:17:07+00:00","mainEntityOfPage":{"@id":"https:\/\/interamerica.org\/es\/2022\/03\/interamerica-llevara-a-cabo-simposio-virtual-de-salud-para-profesionales-de-salud\/"},"wordCount":533,"image":{"@id":"https:\/\/interamerica.org\/es\/2022\/03\/interamerica-llevara-a-cabo-simposio-virtual-de-salud-para-profesionales-de-salud\/#primaryimage"},"thumbnailUrl":"https:\/\/interamerica.org\/wp-content\/uploads\/2022\/03\/virtual-health-symposium-for-healthcare-professionals-youtube-thumbnail-presentation-1280-1.jpg","articleSection":["Desde la sede","RSS Espa\u00f1ol"],"inLanguage":"es"},{"@type":"WebPage","@id":"https:\/\/interamerica.org\/es\/2022\/03\/interamerica-llevara-a-cabo-simposio-virtual-de-salud-para-profesionales-de-salud\/","url":"https:\/\/interamerica.org\/es\/2022\/03\/interamerica-llevara-a-cabo-simposio-virtual-de-salud-para-profesionales-de-salud\/","name":"Interam\u00e9rica llevar\u00e1 a cabo simposio virtual de salud para profesionales de salud - Iglesia Adventista del S\u00e9ptimo D\u00eda - Divisi\u00f3n Interamericana","isPartOf":{"@id":"https:\/\/interamerica.org\/es\/#website"},"primaryImageOfPage":{"@id":"https:\/\/interamerica.org\/es\/2022\/03\/interamerica-llevara-a-cabo-simposio-virtual-de-salud-para-profesionales-de-salud\/#primaryimage"},"image":{"@id":"https:\/\/interamerica.org\/es\/2022\/03\/interamerica-llevara-a-cabo-simposio-virtual-de-salud-para-profesionales-de-salud\/#primaryimage"},"thumbnailUrl":"https:\/\/interamerica.org\/wp-content\/uploads\/2022\/03\/virtual-health-symposium-for-healthcare-professionals-youtube-thumbnail-presentation-1280-1.jpg","datePublished":"2022-03-31T00:02:42+00:00","dateModified":"2022-03-31T15:17:07+00:00","author":{"@id":"https:\/\/interamerica.org\/es\/#\/schema\/person\/29998f2bc2d8bd0d38662909289b54f1"},"breadcrumb":{"@id":"https:\/\/interamerica.org\/es\/2022\/03\/interamerica-llevara-a-cabo-simposio-virtual-de-salud-para-profesionales-de-salud\/#breadcrumb"},"inLanguage":"es","potentialAction":[{"@type":"ReadAction","target":["https:\/\/interamerica.org\/es\/2022\/03\/interamerica-llevara-a-cabo-simposio-virtual-de-salud-para-profesionales-de-salud\/"]}]},{"@type":"ImageObject","inLanguage":"es","@id":"https:\/\/interamerica.org\/es\/2022\/03\/interamerica-llevara-a-cabo-simposio-virtual-de-salud-para-profesionales-de-salud\/#primaryimage","url":"https:\/\/interamerica.org\/wp-content\/uploads\/2022\/03\/virtual-health-symposium-for-healthcare-professionals-youtube-thumbnail-presentation-1280-1.jpg","contentUrl":"https:\/\/interamerica.org\/wp-content\/uploads\/2022\/03\/virtual-health-symposium-for-healthcare-professionals-youtube-thumbnail-presentation-1280-1.jpg","width":1280,"height":800},{"@type":"BreadcrumbList","@id":"https:\/\/interamerica.org\/es\/2022\/03\/interamerica-llevara-a-cabo-simposio-virtual-de-salud-para-profesionales-de-salud\/#breadcrumb","itemListElement":[{"@type":"ListItem","position":1,"name":"Home","item":"https:\/\/interamerica.org\/es\/"},{"@type":"ListItem","position":2,"name":"Interam\u00e9rica llevar\u00e1 a cabo simposio virtual de salud para profesionales de salud"}]},{"@type":"WebSite","@id":"https:\/\/interamerica.org\/es\/#website","url":"https:\/\/interamerica.org\/es\/","name":"Iglesia Adventista del S\u00e9ptimo D\u00eda - Divisi\u00f3n Interamericana","description":"","potentialAction":[{"@type":"SearchAction","target":{"@type":"EntryPoint","urlTemplate":"https:\/\/interamerica.org\/es\/?s={search_term_string}"},"query-input":{"@type":"PropertyValueSpecification","valueRequired":true,"valueName":"search_term_string"}}],"inLanguage":"es"},{"@type":"Person","@id":"https:\/\/interamerica.org\/es\/#\/schema\/person\/29998f2bc2d8bd0d38662909289b54f1","name":"libna","image":{"@type":"ImageObject","inLanguage":"es","@id":"https:\/\/secure.gravatar.com\/avatar\/7c5bd30ae4b47a9ba3c856590957fd1d96dc588bf3ac05719d247e126840331f?s=96&d=mm&r=g","url":"https:\/\/secure.gravatar.com\/avatar\/7c5bd30ae4b47a9ba3c856590957fd1d96dc588bf3ac05719d247e126840331f?s=96&d=mm&r=g","contentUrl":"https:\/\/secure.gravatar.com\/avatar\/7c5bd30ae4b47a9ba3c856590957fd1d96dc588bf3ac05719d247e126840331f?s=96&d=mm&r=g","caption":"libna"}}]}},"_links":{"self":[{"href":"https:\/\/interamerica.org\/es\/wp-json\/wp\/v2\/posts\/83092","targetHints":{"allow":["GET"]}}],"collection":[{"href":"https:\/\/interamerica.org\/es\/wp-json\/wp\/v2\/posts"}],"about":[{"href":"https:\/\/interamerica.org\/es\/wp-json\/wp\/v2\/types\/post"}],"author":[{"embeddable":true,"href":"https:\/\/interamerica.org\/es\/wp-json\/wp\/v2\/users\/3"}],"replies":[{"embeddable":true,"href":"https:\/\/interamerica.org\/es\/wp-json\/wp\/v2\/comments?post=83092"}],"version-history":[{"count":0,"href":"https:\/\/interamerica.org\/es\/wp-json\/wp\/v2\/posts\/83092\/revisions"}],"wp:featuredmedia":[{"embeddable":true,"href":"https:\/\/interamerica.org\/es\/wp-json\/wp\/v2\/media\/83081"}],"wp:attachment":[{"href":"https:\/\/interamerica.org\/es\/wp-json\/wp\/v2\/media?parent=83092"}],"wp:term":[{"taxonomy":"category","embeddable":true,"href":"https:\/\/interamerica.org\/es\/wp-json\/wp\/v2\/categories?post=83092"},{"taxonomy":"post_tag","embeddable":true,"href":"https:\/\/interamerica.org\/es\/wp-json\/wp\/v2\/tags?post=83092"}],"curies":[{"name":"wp","href":"https:\/\/api.w.org\/{rel}","templated":true}]}}