{"id":83094,"date":"2022-03-30T10:38:06","date_gmt":"2022-03-30T14:38:06","guid":{"rendered":"https:\/\/recursing-golick.147-182-135-0.plesk.page\/?p=83094"},"modified":"2022-03-31T11:17:53","modified_gmt":"2022-03-31T15:17:53","slug":"cuando-alguien-dice-que-sufre-dolor-se-lo-que-siente","status":"publish","type":"post","link":"https:\/\/interamerica.org\/es\/2022\/03\/cuando-alguien-dice-que-sufre-dolor-se-lo-que-siente\/","title":{"rendered":"\u2018Cuando alguien dice que sufre dolor, s\u00e9 lo que siente\u2019"},"content":{"rendered":"<p>AdventHealth ayuda a emigrante haitiana en los Estados Unidos a cumplir su sue\u00f1o de ser enfermera.<\/p>\n<p>30 de marzo de 2022 | Florida, Estados Unidos | AdventHealth News<\/p>\n<p>Gladys Franck, una enfermera registrada (RN) de AdventHealth Celebration, es una muestra viviente de que la educaci\u00f3n puede abrir la puerta de oportunidades y crear una reacci\u00f3n en cadena que puede transformar vidas.<\/p>\n<p>Despu\u00e9s de emigrar a los Estados Unidos procedente de Hait\u00ed, Gladys Franck tuvo que reiniciar completamente su carrera y comenzar una nueva vida para ella y sus dos hijos. Con el sue\u00f1o de trabajar en el ramo de atenci\u00f3n a la salud, Gladys Franck comenz\u00f3 su carrera en AdventHealth a trav\u00e9s de un programa de asistencia educacional que le permit\u00eda trabajar mientras recib\u00eda entrenamiento gratuito para llegar a ser una asistente de enfermera registrada (CNA).<\/p>\n<p><div id=\"attachment_83032\" style=\"width: 880px\" class=\"wp-caption aligncenter\"><img fetchpriority=\"high\" decoding=\"async\" aria-describedby=\"caption-attachment-83032\" class=\" wp-image-83032\" src=\"https:\/\/recursing-golick.147-182-135-0.plesk.page\/wp-content\/uploads\/2022\/03\/gladys-study-3-1024x711.jpeg\" alt=\"\" width=\"870\" height=\"604\" srcset=\"https:\/\/interamerica.org\/wp-content\/uploads\/2022\/03\/gladys-study-3-1024x711.jpeg 1024w, https:\/\/interamerica.org\/wp-content\/uploads\/2022\/03\/gladys-study-3-300x208.jpeg 300w, https:\/\/interamerica.org\/wp-content\/uploads\/2022\/03\/gladys-study-3-768x533.jpeg 768w, https:\/\/interamerica.org\/wp-content\/uploads\/2022\/03\/gladys-study-3-1536x1067.jpeg 1536w, https:\/\/interamerica.org\/wp-content\/uploads\/2022\/03\/gladys-study-3.jpeg 1600w\" sizes=\"(max-width: 870px) 100vw, 870px\" \/><p id=\"caption-attachment-83032\" class=\"wp-caption-text\">\u201cDeseo aprender constantemente\u201d, dice Gladys Franck. \u201cDeseo mejorar mi vida a trav\u00e9s de cada oportunidad que pueda encontrar\u201d. [Imagen: AdventHealth News]<\/p><\/div>\u201cDeseo aprender constantemente\u201d, dijo Gladys Franck. \u201cDeseo mejorar mi vida a trav\u00e9s de cada oportunidad que pueda tener\u201d. [Imagen: AdventHealth News]<\/p>\n<p>A fin de ayudar a m\u00e1s personas como Gladys Franck, AdventHealth est\u00e1 aumentando sus ofrecimientos para atraer, retener y captar personas talentosas a trav\u00e9s de asistencia educacional que ayuda a los miembros del equipo a avanzar en su carrera y pulir sus talentos.<\/p>\n<p>Al continuar su sed de conocimiento y todav\u00eda con su sue\u00f1o en mente de convertirse en enfermera, Gladys Franck procur\u00f3 la obtenci\u00f3n de su diplomado en enfermer\u00eda (ADN) y est\u00e1 viviendo ahora su sue\u00f1o de haberse convertido en enfermera registrada. Dice que sus luchas como emigrante haitiana inspiran la forma como cuida de sus propios pacientes.<\/p>\n<p>\u201cHe luchado mucho. S\u00e9 bien lo que es luchar. He tambi\u00e9n sufrido. S\u00e9 lo que es el sufrimiento\u201d, dijo. Cuando alguien dice que sufre un dolor, s\u00e9 bien lo que es eso\u201d, a\u00f1adi\u00f3. Mi lucha es lo que me inspira a atender a otros y tratar de comprender c\u00f3mo se sienten al \u2018ponerme en sus zapatos\u2019. Esa empat\u00eda me gu\u00eda a saber exactamente la forma como debo responder a su necesidad\u201d.<\/p>\n<p><div id=\"attachment_83035\" style=\"width: 842px\" class=\"wp-caption aligncenter\"><img decoding=\"async\" aria-describedby=\"caption-attachment-83035\" class=\" wp-image-83035\" src=\"https:\/\/recursing-golick.147-182-135-0.plesk.page\/wp-content\/uploads\/2022\/03\/gladys-ah-pride-2-1024x797.jpeg\" alt=\"\" width=\"832\" height=\"648\" srcset=\"https:\/\/interamerica.org\/wp-content\/uploads\/2022\/03\/gladys-ah-pride-2-1024x797.jpeg 1024w, https:\/\/interamerica.org\/wp-content\/uploads\/2022\/03\/gladys-ah-pride-2-300x233.jpeg 300w, https:\/\/interamerica.org\/wp-content\/uploads\/2022\/03\/gladys-ah-pride-2-768x598.jpeg 768w, https:\/\/interamerica.org\/wp-content\/uploads\/2022\/03\/gladys-ah-pride-2-1536x1195.jpeg 1536w, https:\/\/interamerica.org\/wp-content\/uploads\/2022\/03\/gladys-ah-pride-2.jpeg 1600w\" sizes=\"(max-width: 832px) 100vw, 832px\" \/><p id=\"caption-attachment-83035\" class=\"wp-caption-text\">\u201cNo debo un solo centavo, gracias a AdventHealth\u201d, dice Gladys Franck. [Imagen: AdventHealth News]<\/p><\/div>Gracias a los ofrecimientos de asistencia educacional, la colegiatura de toda su jornada hasta convertirse en enfermera registrada fue totalmente pagada por la organizaci\u00f3n, de manera que no tuvo que contraer ninguna deuda estudiantil.<\/p>\n<p>\u201cEl quitar la carga de pagar la colegiatura es un gran alivio\u201d, dijo. Conozco personas que tuvieron que contraer deuda estudiantil y tienen que pagar ahora los pr\u00e9stamos que solicitaron para estudiar, pero yo no debo un solo centavo, gracias a AdventHealth\u201d.<\/p>\n<p>Actualmente, despu\u00e9s de m\u00e1s de 14 a\u00f1os con la organizaci\u00f3n, la enfermera Franck tiene la intenci\u00f3n de continuar avanzando su carrera en AdventHealth\u00a0y est\u00e1 estudiando actualmente para obtener su licenciatura en ciencias, en el ramo de enfermer\u00eda.<\/p>\n<p>\u201cNo me voy a dar por vencida. Mis planes son de ir a la escuela hasta que ya no pueda leer. Amo la escuela y el aprender a c\u00f3mo ayudar mejor a las personas\u201d, dijo.<\/p>\n<p><div id=\"attachment_83038\" style=\"width: 531px\" class=\"wp-caption aligncenter\"><img decoding=\"async\" aria-describedby=\"caption-attachment-83038\" class=\" wp-image-83038\" src=\"https:\/\/recursing-golick.147-182-135-0.plesk.page\/wp-content\/uploads\/2022\/03\/gladys-badge-1-1024x1024-1-1024x1024.jpeg\" alt=\"\" width=\"521\" height=\"521\" srcset=\"https:\/\/interamerica.org\/wp-content\/uploads\/2022\/03\/gladys-badge-1-1024x1024-1.jpeg 1024w, https:\/\/interamerica.org\/wp-content\/uploads\/2022\/03\/gladys-badge-1-1024x1024-1-300x300.jpeg 300w, https:\/\/interamerica.org\/wp-content\/uploads\/2022\/03\/gladys-badge-1-1024x1024-1-150x150.jpeg 150w, https:\/\/interamerica.org\/wp-content\/uploads\/2022\/03\/gladys-badge-1-1024x1024-1-768x768.jpeg 768w\" sizes=\"(max-width: 521px) 100vw, 521px\" \/><p id=\"caption-attachment-83038\" class=\"wp-caption-text\">El distintivo de Gladys Franck dice: \u201cCuido de ti como a mis propios hijos Roggy y Jade\u201d. [Photo: AdventHealth News]<\/p><\/div>Adem\u00e1s de proveer reembolso de colegiatura y asistencia educacional libre de deuda, AdventHealth ofrece tambi\u00e9n a los miembros de su equipo, asesoramiento sobre pr\u00e9stamos estudiantiles, apoyo para retribuci\u00f3n de pr\u00e9stamos existentes y muchos otros recursos para avanzar en su carrera dentro de la organizaci\u00f3n.<\/p>\n<p>Para Gladys Franck, las oportunidades de desarrollo profesional en AdventHealth la han animado a procurar alcanzar su m\u00e1s alto potencial como profesional.<\/p>\n<p>\u201cDeseo aprender constantemente. Cuando llegu\u00e9 a AdventHealth y trabaj\u00e9 como asistente, me dije a s\u00ed misma: \u2018\u00bfPor qu\u00e9 no ser una enfermera?\u2019 Sab\u00eda que pod\u00eda hacerlo y eso fue lo que determin\u00e9 hacer. Sab\u00eda que ten\u00eda que ser una enfermera\u201d, dijo. Deseo mejorar mi vida a trav\u00e9s de cada oportunidad que pueda encontrar\u201d.<\/p>\n<p>La <a href=\"https:\/\/www.adventhealth.com\/news\/nurse-overcomes-struggles-achieves-dream-becoming-rn-adventhealths-education-assistance\">versi\u00f3n original <\/a>de esta historia se public\u00f3 en el sitio de noticias de <a href=\"https:\/\/www.adventhealth.com\/\">AdventHealth<\/a>.<\/p>\n<p>Traducci\u00f3n \u2013 Gloria A Castrej\u00f3n<\/p>\n<p>&nbsp;<\/p>\n","protected":false},"excerpt":{"rendered":"<p>AdventHealth ayuda a emigrante haitiana en los Estados Unidos a cumplir su sue\u00f1o de ser enfermera. 30 de marzo de 2022 | Florida, Estados Unidos | AdventHealth News Gladys Franck,&#8230;<\/p>\n","protected":false},"author":3,"featured_media":83045,"comment_status":"closed","ping_status":"closed","sticky":false,"template":"","format":"standard","meta":{"_acf_changed":false,"footnotes":""},"categories":[14,15],"tags":[],"class_list":["post-83094","post","type-post","status-publish","format-standard","has-post-thumbnail","hentry","category-de-la-iglesia-mundial","category-rss-espanol"],"acf":[],"yoast_head":"<!-- This site is optimized with the Yoast SEO plugin v27.3 - https:\/\/yoast.com\/product\/yoast-seo-wordpress\/ -->\n<title>\u2018Cuando alguien dice que sufre dolor, s\u00e9 lo que siente\u2019 - Iglesia Adventista del S\u00e9ptimo D\u00eda - Divisi\u00f3n Interamericana<\/title>\n<meta name=\"robots\" content=\"index, follow, max-snippet:-1, max-image-preview:large, max-video-preview:-1\" \/>\n<link rel=\"canonical\" href=\"https:\/\/interamerica.org\/es\/2022\/03\/cuando-alguien-dice-que-sufre-dolor-se-lo-que-siente\/\" \/>\n<meta property=\"og:locale\" content=\"es_ES\" \/>\n<meta property=\"og:type\" content=\"article\" \/>\n<meta property=\"og:title\" content=\"\u2018Cuando alguien dice que sufre dolor, s\u00e9 lo que siente\u2019 - Iglesia Adventista del S\u00e9ptimo D\u00eda - Divisi\u00f3n Interamericana\" \/>\n<meta property=\"og:description\" content=\"AdventHealth ayuda a emigrante haitiana en los Estados Unidos a cumplir su sue\u00f1o de ser enfermera. 30 de marzo de 2022 | Florida, Estados Unidos | AdventHealth News Gladys Franck,...\" \/>\n<meta property=\"og:url\" content=\"https:\/\/interamerica.org\/es\/2022\/03\/cuando-alguien-dice-que-sufre-dolor-se-lo-que-siente\/\" \/>\n<meta property=\"og:site_name\" content=\"Iglesia Adventista del S\u00e9ptimo D\u00eda - Divisi\u00f3n Interamericana\" \/>\n<meta property=\"article:published_time\" content=\"2022-03-30T14:38:06+00:00\" \/>\n<meta property=\"article:modified_time\" content=\"2022-03-31T15:17:53+00:00\" \/>\n<meta property=\"og:image\" content=\"https:\/\/interamerica.org\/wp-content\/uploads\/2022\/03\/gladys-hero-1-1280.jpg\" \/>\n\t<meta property=\"og:image:width\" content=\"1280\" \/>\n\t<meta property=\"og:image:height\" content=\"800\" \/>\n\t<meta property=\"og:image:type\" content=\"image\/jpeg\" \/>\n<meta name=\"author\" content=\"libna\" \/>\n<meta name=\"twitter:card\" content=\"summary_large_image\" \/>\n<meta name=\"twitter:label1\" content=\"Escrito por\" \/>\n\t<meta name=\"twitter:data1\" content=\"libna\" \/>\n\t<meta name=\"twitter:label2\" content=\"Tiempo de lectura\" \/>\n\t<meta name=\"twitter:data2\" content=\"4 minutos\" \/>\n<script type=\"application\/ld+json\" class=\"yoast-schema-graph\">{\"@context\":\"https:\\\/\\\/schema.org\",\"@graph\":[{\"@type\":\"Article\",\"@id\":\"https:\\\/\\\/interamerica.org\\\/es\\\/2022\\\/03\\\/cuando-alguien-dice-que-sufre-dolor-se-lo-que-siente\\\/#article\",\"isPartOf\":{\"@id\":\"https:\\\/\\\/interamerica.org\\\/es\\\/2022\\\/03\\\/cuando-alguien-dice-que-sufre-dolor-se-lo-que-siente\\\/\"},\"author\":{\"name\":\"libna\",\"@id\":\"https:\\\/\\\/interamerica.org\\\/es\\\/#\\\/schema\\\/person\\\/29998f2bc2d8bd0d38662909289b54f1\"},\"headline\":\"\u2018Cuando alguien dice que sufre dolor, s\u00e9 lo que siente\u2019\",\"datePublished\":\"2022-03-30T14:38:06+00:00\",\"dateModified\":\"2022-03-31T15:17:53+00:00\",\"mainEntityOfPage\":{\"@id\":\"https:\\\/\\\/interamerica.org\\\/es\\\/2022\\\/03\\\/cuando-alguien-dice-que-sufre-dolor-se-lo-que-siente\\\/\"},\"wordCount\":743,\"image\":{\"@id\":\"https:\\\/\\\/interamerica.org\\\/es\\\/2022\\\/03\\\/cuando-alguien-dice-que-sufre-dolor-se-lo-que-siente\\\/#primaryimage\"},\"thumbnailUrl\":\"https:\\\/\\\/interamerica.org\\\/wp-content\\\/uploads\\\/2022\\\/03\\\/gladys-hero-1-1280.jpg\",\"articleSection\":[\"Desde la iglesia mundial\",\"RSS Espa\u00f1ol\"],\"inLanguage\":\"es\"},{\"@type\":\"WebPage\",\"@id\":\"https:\\\/\\\/interamerica.org\\\/es\\\/2022\\\/03\\\/cuando-alguien-dice-que-sufre-dolor-se-lo-que-siente\\\/\",\"url\":\"https:\\\/\\\/interamerica.org\\\/es\\\/2022\\\/03\\\/cuando-alguien-dice-que-sufre-dolor-se-lo-que-siente\\\/\",\"name\":\"\u2018Cuando alguien dice que sufre dolor, s\u00e9 lo que siente\u2019 - Iglesia Adventista del S\u00e9ptimo D\u00eda - Divisi\u00f3n Interamericana\",\"isPartOf\":{\"@id\":\"https:\\\/\\\/interamerica.org\\\/es\\\/#website\"},\"primaryImageOfPage\":{\"@id\":\"https:\\\/\\\/interamerica.org\\\/es\\\/2022\\\/03\\\/cuando-alguien-dice-que-sufre-dolor-se-lo-que-siente\\\/#primaryimage\"},\"image\":{\"@id\":\"https:\\\/\\\/interamerica.org\\\/es\\\/2022\\\/03\\\/cuando-alguien-dice-que-sufre-dolor-se-lo-que-siente\\\/#primaryimage\"},\"thumbnailUrl\":\"https:\\\/\\\/interamerica.org\\\/wp-content\\\/uploads\\\/2022\\\/03\\\/gladys-hero-1-1280.jpg\",\"datePublished\":\"2022-03-30T14:38:06+00:00\",\"dateModified\":\"2022-03-31T15:17:53+00:00\",\"author\":{\"@id\":\"https:\\\/\\\/interamerica.org\\\/es\\\/#\\\/schema\\\/person\\\/29998f2bc2d8bd0d38662909289b54f1\"},\"breadcrumb\":{\"@id\":\"https:\\\/\\\/interamerica.org\\\/es\\\/2022\\\/03\\\/cuando-alguien-dice-que-sufre-dolor-se-lo-que-siente\\\/#breadcrumb\"},\"inLanguage\":\"es\",\"potentialAction\":[{\"@type\":\"ReadAction\",\"target\":[\"https:\\\/\\\/interamerica.org\\\/es\\\/2022\\\/03\\\/cuando-alguien-dice-que-sufre-dolor-se-lo-que-siente\\\/\"]}]},{\"@type\":\"ImageObject\",\"inLanguage\":\"es\",\"@id\":\"https:\\\/\\\/interamerica.org\\\/es\\\/2022\\\/03\\\/cuando-alguien-dice-que-sufre-dolor-se-lo-que-siente\\\/#primaryimage\",\"url\":\"https:\\\/\\\/interamerica.org\\\/wp-content\\\/uploads\\\/2022\\\/03\\\/gladys-hero-1-1280.jpg\",\"contentUrl\":\"https:\\\/\\\/interamerica.org\\\/wp-content\\\/uploads\\\/2022\\\/03\\\/gladys-hero-1-1280.jpg\",\"width\":1280,\"height\":800},{\"@type\":\"BreadcrumbList\",\"@id\":\"https:\\\/\\\/interamerica.org\\\/es\\\/2022\\\/03\\\/cuando-alguien-dice-que-sufre-dolor-se-lo-que-siente\\\/#breadcrumb\",\"itemListElement\":[{\"@type\":\"ListItem\",\"position\":1,\"name\":\"Home\",\"item\":\"https:\\\/\\\/interamerica.org\\\/es\\\/\"},{\"@type\":\"ListItem\",\"position\":2,\"name\":\"\u2018Cuando alguien dice que sufre dolor, s\u00e9 lo que siente\u2019\"}]},{\"@type\":\"WebSite\",\"@id\":\"https:\\\/\\\/interamerica.org\\\/es\\\/#website\",\"url\":\"https:\\\/\\\/interamerica.org\\\/es\\\/\",\"name\":\"Iglesia Adventista del S\u00e9ptimo D\u00eda - Divisi\u00f3n Interamericana\",\"description\":\"\",\"potentialAction\":[{\"@type\":\"SearchAction\",\"target\":{\"@type\":\"EntryPoint\",\"urlTemplate\":\"https:\\\/\\\/interamerica.org\\\/es\\\/?s={search_term_string}\"},\"query-input\":{\"@type\":\"PropertyValueSpecification\",\"valueRequired\":true,\"valueName\":\"search_term_string\"}}],\"inLanguage\":\"es\"},{\"@type\":\"Person\",\"@id\":\"https:\\\/\\\/interamerica.org\\\/es\\\/#\\\/schema\\\/person\\\/29998f2bc2d8bd0d38662909289b54f1\",\"name\":\"libna\",\"image\":{\"@type\":\"ImageObject\",\"inLanguage\":\"es\",\"@id\":\"https:\\\/\\\/secure.gravatar.com\\\/avatar\\\/7c5bd30ae4b47a9ba3c856590957fd1d96dc588bf3ac05719d247e126840331f?s=96&d=mm&r=g\",\"url\":\"https:\\\/\\\/secure.gravatar.com\\\/avatar\\\/7c5bd30ae4b47a9ba3c856590957fd1d96dc588bf3ac05719d247e126840331f?s=96&d=mm&r=g\",\"contentUrl\":\"https:\\\/\\\/secure.gravatar.com\\\/avatar\\\/7c5bd30ae4b47a9ba3c856590957fd1d96dc588bf3ac05719d247e126840331f?s=96&d=mm&r=g\",\"caption\":\"libna\"}}]}<\/script>\n<!-- \/ Yoast SEO plugin. -->","yoast_head_json":{"title":"\u2018Cuando alguien dice que sufre dolor, s\u00e9 lo que siente\u2019 - Iglesia Adventista del S\u00e9ptimo D\u00eda - Divisi\u00f3n Interamericana","robots":{"index":"index","follow":"follow","max-snippet":"max-snippet:-1","max-image-preview":"max-image-preview:large","max-video-preview":"max-video-preview:-1"},"canonical":"https:\/\/interamerica.org\/es\/2022\/03\/cuando-alguien-dice-que-sufre-dolor-se-lo-que-siente\/","og_locale":"es_ES","og_type":"article","og_title":"\u2018Cuando alguien dice que sufre dolor, s\u00e9 lo que siente\u2019 - Iglesia Adventista del S\u00e9ptimo D\u00eda - Divisi\u00f3n Interamericana","og_description":"AdventHealth ayuda a emigrante haitiana en los Estados Unidos a cumplir su sue\u00f1o de ser enfermera. 30 de marzo de 2022 | Florida, Estados Unidos | AdventHealth News Gladys Franck,...","og_url":"https:\/\/interamerica.org\/es\/2022\/03\/cuando-alguien-dice-que-sufre-dolor-se-lo-que-siente\/","og_site_name":"Iglesia Adventista del S\u00e9ptimo D\u00eda - Divisi\u00f3n Interamericana","article_published_time":"2022-03-30T14:38:06+00:00","article_modified_time":"2022-03-31T15:17:53+00:00","og_image":[{"width":1280,"height":800,"url":"https:\/\/interamerica.org\/wp-content\/uploads\/2022\/03\/gladys-hero-1-1280.jpg","type":"image\/jpeg"}],"author":"libna","twitter_card":"summary_large_image","twitter_misc":{"Escrito por":"libna","Tiempo de lectura":"4 minutos"},"schema":{"@context":"https:\/\/schema.org","@graph":[{"@type":"Article","@id":"https:\/\/interamerica.org\/es\/2022\/03\/cuando-alguien-dice-que-sufre-dolor-se-lo-que-siente\/#article","isPartOf":{"@id":"https:\/\/interamerica.org\/es\/2022\/03\/cuando-alguien-dice-que-sufre-dolor-se-lo-que-siente\/"},"author":{"name":"libna","@id":"https:\/\/interamerica.org\/es\/#\/schema\/person\/29998f2bc2d8bd0d38662909289b54f1"},"headline":"\u2018Cuando alguien dice que sufre dolor, s\u00e9 lo que siente\u2019","datePublished":"2022-03-30T14:38:06+00:00","dateModified":"2022-03-31T15:17:53+00:00","mainEntityOfPage":{"@id":"https:\/\/interamerica.org\/es\/2022\/03\/cuando-alguien-dice-que-sufre-dolor-se-lo-que-siente\/"},"wordCount":743,"image":{"@id":"https:\/\/interamerica.org\/es\/2022\/03\/cuando-alguien-dice-que-sufre-dolor-se-lo-que-siente\/#primaryimage"},"thumbnailUrl":"https:\/\/interamerica.org\/wp-content\/uploads\/2022\/03\/gladys-hero-1-1280.jpg","articleSection":["Desde la iglesia mundial","RSS Espa\u00f1ol"],"inLanguage":"es"},{"@type":"WebPage","@id":"https:\/\/interamerica.org\/es\/2022\/03\/cuando-alguien-dice-que-sufre-dolor-se-lo-que-siente\/","url":"https:\/\/interamerica.org\/es\/2022\/03\/cuando-alguien-dice-que-sufre-dolor-se-lo-que-siente\/","name":"\u2018Cuando alguien dice que sufre dolor, s\u00e9 lo que siente\u2019 - Iglesia Adventista del S\u00e9ptimo D\u00eda - Divisi\u00f3n Interamericana","isPartOf":{"@id":"https:\/\/interamerica.org\/es\/#website"},"primaryImageOfPage":{"@id":"https:\/\/interamerica.org\/es\/2022\/03\/cuando-alguien-dice-que-sufre-dolor-se-lo-que-siente\/#primaryimage"},"image":{"@id":"https:\/\/interamerica.org\/es\/2022\/03\/cuando-alguien-dice-que-sufre-dolor-se-lo-que-siente\/#primaryimage"},"thumbnailUrl":"https:\/\/interamerica.org\/wp-content\/uploads\/2022\/03\/gladys-hero-1-1280.jpg","datePublished":"2022-03-30T14:38:06+00:00","dateModified":"2022-03-31T15:17:53+00:00","author":{"@id":"https:\/\/interamerica.org\/es\/#\/schema\/person\/29998f2bc2d8bd0d38662909289b54f1"},"breadcrumb":{"@id":"https:\/\/interamerica.org\/es\/2022\/03\/cuando-alguien-dice-que-sufre-dolor-se-lo-que-siente\/#breadcrumb"},"inLanguage":"es","potentialAction":[{"@type":"ReadAction","target":["https:\/\/interamerica.org\/es\/2022\/03\/cuando-alguien-dice-que-sufre-dolor-se-lo-que-siente\/"]}]},{"@type":"ImageObject","inLanguage":"es","@id":"https:\/\/interamerica.org\/es\/2022\/03\/cuando-alguien-dice-que-sufre-dolor-se-lo-que-siente\/#primaryimage","url":"https:\/\/interamerica.org\/wp-content\/uploads\/2022\/03\/gladys-hero-1-1280.jpg","contentUrl":"https:\/\/interamerica.org\/wp-content\/uploads\/2022\/03\/gladys-hero-1-1280.jpg","width":1280,"height":800},{"@type":"BreadcrumbList","@id":"https:\/\/interamerica.org\/es\/2022\/03\/cuando-alguien-dice-que-sufre-dolor-se-lo-que-siente\/#breadcrumb","itemListElement":[{"@type":"ListItem","position":1,"name":"Home","item":"https:\/\/interamerica.org\/es\/"},{"@type":"ListItem","position":2,"name":"\u2018Cuando alguien dice que sufre dolor, s\u00e9 lo que siente\u2019"}]},{"@type":"WebSite","@id":"https:\/\/interamerica.org\/es\/#website","url":"https:\/\/interamerica.org\/es\/","name":"Iglesia Adventista del S\u00e9ptimo D\u00eda - Divisi\u00f3n Interamericana","description":"","potentialAction":[{"@type":"SearchAction","target":{"@type":"EntryPoint","urlTemplate":"https:\/\/interamerica.org\/es\/?s={search_term_string}"},"query-input":{"@type":"PropertyValueSpecification","valueRequired":true,"valueName":"search_term_string"}}],"inLanguage":"es"},{"@type":"Person","@id":"https:\/\/interamerica.org\/es\/#\/schema\/person\/29998f2bc2d8bd0d38662909289b54f1","name":"libna","image":{"@type":"ImageObject","inLanguage":"es","@id":"https:\/\/secure.gravatar.com\/avatar\/7c5bd30ae4b47a9ba3c856590957fd1d96dc588bf3ac05719d247e126840331f?s=96&d=mm&r=g","url":"https:\/\/secure.gravatar.com\/avatar\/7c5bd30ae4b47a9ba3c856590957fd1d96dc588bf3ac05719d247e126840331f?s=96&d=mm&r=g","contentUrl":"https:\/\/secure.gravatar.com\/avatar\/7c5bd30ae4b47a9ba3c856590957fd1d96dc588bf3ac05719d247e126840331f?s=96&d=mm&r=g","caption":"libna"}}]}},"_links":{"self":[{"href":"https:\/\/interamerica.org\/es\/wp-json\/wp\/v2\/posts\/83094","targetHints":{"allow":["GET"]}}],"collection":[{"href":"https:\/\/interamerica.org\/es\/wp-json\/wp\/v2\/posts"}],"about":[{"href":"https:\/\/interamerica.org\/es\/wp-json\/wp\/v2\/types\/post"}],"author":[{"embeddable":true,"href":"https:\/\/interamerica.org\/es\/wp-json\/wp\/v2\/users\/3"}],"replies":[{"embeddable":true,"href":"https:\/\/interamerica.org\/es\/wp-json\/wp\/v2\/comments?post=83094"}],"version-history":[{"count":0,"href":"https:\/\/interamerica.org\/es\/wp-json\/wp\/v2\/posts\/83094\/revisions"}],"wp:featuredmedia":[{"embeddable":true,"href":"https:\/\/interamerica.org\/es\/wp-json\/wp\/v2\/media\/83045"}],"wp:attachment":[{"href":"https:\/\/interamerica.org\/es\/wp-json\/wp\/v2\/media?parent=83094"}],"wp:term":[{"taxonomy":"category","embeddable":true,"href":"https:\/\/interamerica.org\/es\/wp-json\/wp\/v2\/categories?post=83094"},{"taxonomy":"post_tag","embeddable":true,"href":"https:\/\/interamerica.org\/es\/wp-json\/wp\/v2\/tags?post=83094"}],"curies":[{"name":"wp","href":"https:\/\/api.w.org\/{rel}","templated":true}]}}