{"id":83261,"date":"2022-04-03T12:14:06","date_gmt":"2022-04-03T16:14:06","guid":{"rendered":"https:\/\/recursing-golick.147-182-135-0.plesk.page\/?p=83261"},"modified":"2022-04-04T14:00:15","modified_gmt":"2022-04-04T18:00:15","slug":"dos-adventistas-reciben-el-mas-alto-honor-de-servicio-voluntario-de-los-ee-uu","status":"publish","type":"post","link":"https:\/\/interamerica.org\/es\/2022\/04\/dos-adventistas-reciben-el-mas-alto-honor-de-servicio-voluntario-de-los-ee-uu\/","title":{"rendered":"Dos adventistas reciben el m\u00e1s alto honor de Servicio Voluntario de los EE. UU."},"content":{"rendered":"<h4>Prudence Pollard y Calvin Rock reciben el Premio del Presidente a la Trayectoria.<\/h4>\n<p>2 de abril de 2022 | Washington D.C., Estados Unidos | Lael Caesar y Marcos Paseggi, Adventist Review<\/p>\n<p>Los eruditos adventistas Calvin Rock y Prudence LaBeach Pollard estuvieron entre los cuatro individuos que recibieron el Premio a la Trayectoria del Presidente de los Estados Unidos en Washington D.C., el 20 de marzo de 2022. El premio es el reconocimiento civil m\u00e1s elevado por el servicio voluntario, que otorga el presidente de los Estados Unidos. Pollard, que actualmente es vicerrectora de la Universidad Oakwook, fue reconocida de manera particular por estar al frente del ministerio de la universidad en los as\u00ed llamados \u201cdesiertos alimentarios\u201d en Huntsville, Alabama, Estados Unidos, donde se encuentra la instituci\u00f3n. Rock, exrector tambi\u00e9n de esa instituci\u00f3n adem\u00e1s de expresidente de la Iglesia Adventista mundial, fue citado por sus m\u00e1s de sesenta a\u00f1os de servicio en una diversidad de \u00e1reas que incluyen lo acad\u00e9mico, el ministerio pastoral y la administraci\u00f3n eclesi\u00e1stica.<\/p>\n<p><div id=\"attachment_83236\" style=\"width: 860px\" class=\"wp-caption aligncenter\"><img fetchpriority=\"high\" decoding=\"async\" aria-describedby=\"caption-attachment-83236\" class=\"wp-image-83236\" src=\"https:\/\/recursing-golick.147-182-135-0.plesk.page\/wp-content\/uploads\/2022\/04\/two-seventh-day-adventists-awarded-the-u-s-voluntary-service-highest-honor1-1280-1024x640.jpg\" alt=\"\" width=\"850\" height=\"531\" srcset=\"https:\/\/interamerica.org\/wp-content\/uploads\/2022\/04\/two-seventh-day-adventists-awarded-the-u-s-voluntary-service-highest-honor1-1280-1024x640.jpg 1024w, https:\/\/interamerica.org\/wp-content\/uploads\/2022\/04\/two-seventh-day-adventists-awarded-the-u-s-voluntary-service-highest-honor1-1280-300x188.jpg 300w, https:\/\/interamerica.org\/wp-content\/uploads\/2022\/04\/two-seventh-day-adventists-awarded-the-u-s-voluntary-service-highest-honor1-1280-768x480.jpg 768w, https:\/\/interamerica.org\/wp-content\/uploads\/2022\/04\/two-seventh-day-adventists-awarded-the-u-s-voluntary-service-highest-honor1-1280.jpg 1280w\" sizes=\"(max-width: 850px) 100vw, 850px\" \/><p id=\"caption-attachment-83236\" class=\"wp-caption-text\">Fotograf\u00eda grupal de los condecorados con el Premio del Presidente de los Estados Unidos a la Trayectoria en Washington D.C., el 20 de marzo de 2022, lo que incluye a Calvin Rock (extremo izquierdo) y Prudence LaBeach Pollard (segunda desde la derecha). [Fotograf\u00eda: cortes\u00eda de Prudence LaBeach Pollard]<\/p><\/div>La carta de reconocimiento del presidente Joseph Biden expres\u00f3 que el \u00e9xito del pa\u00eds depende \u201cno de tan solo uno de nosotros ni de algunos, sino de todos\u201d. Y a\u00f1adi\u00f3: \u201cAl dar de su tiempo y pasi\u00f3n, usted est\u00e1 ayudando a descubrir y brindar soluciones a los desaf\u00edos que enfrentamos, soluciones que necesitamos m\u00e1s que nunca\u201d. Biden escribi\u00f3 que hoy d\u00eda, vivimos \u201cen un momento que hace un llamado a la luz y la esperanza y el amor\u201d. Su carta concluye diciendo: \u201cEl pa\u00eds cuenta con usted\u201d.<\/p>\n<p>Rock hizo re\u00edr a los presentes en la ceremonia en el Club del Ej\u00e9rcito y la Armada cuando dijo que estaba \u201ccon toda justicia avergonzado\u201d de recibir ese reconocimiento, \u201cpero a los 91 a\u00f1os, mejor que lo acepte mientras pueda hacerlo\u201d.<\/p>\n<p>Pollard agradeci\u00f3 al presidente Biden y al pueblo de los Estados Unidos por el premio. Mencion\u00f3 espec\u00edficamente a \u201clos que murieron en el campus de la Universidad Oakwood cuando era una plantaci\u00f3n de esclavos\u201d. Pollard explic\u00f3 que se ha dado cuenta de que se encuentra sobre un legado que la expuso a la idea de servir a la comunidad y a la gente de la comunidad donde ella vive.<\/p>\n<p>Durante sus breves declaraciones, Pollard tambi\u00e9n destac\u00f3 la Iniciativa de Universidad Saludable, que busca mejorar los marcadores de salud, especialmente entre los estadounidenses afroamericanos en Oakwood y las comunidades cercanas. La instituci\u00f3n fue certificada como Campus Saludable en 2018. Tambi\u00e9n mencion\u00f3 la iniciativa de distribuir frutas y verduras frescas en la comunidad que rodea a Oakwood. \u201cLe llamamos \u2018embellecimiento del campus\u2019\u201d, dijo Pollard.<\/p>\n<p><div id=\"attachment_83245\" style=\"width: 868px\" class=\"wp-caption aligncenter\"><img decoding=\"async\" aria-describedby=\"caption-attachment-83245\" class=\" wp-image-83245\" src=\"https:\/\/recursing-golick.147-182-135-0.plesk.page\/wp-content\/uploads\/2022\/04\/calvin-rock-award-1024x749.png\" alt=\"\" width=\"858\" height=\"627\" srcset=\"https:\/\/interamerica.org\/wp-content\/uploads\/2022\/04\/calvin-rock-award-1024x749.png 1024w, https:\/\/interamerica.org\/wp-content\/uploads\/2022\/04\/calvin-rock-award-300x219.png 300w, https:\/\/interamerica.org\/wp-content\/uploads\/2022\/04\/calvin-rock-award-768x562.png 768w, https:\/\/interamerica.org\/wp-content\/uploads\/2022\/04\/calvin-rock-award-1536x1124.png 1536w, https:\/\/interamerica.org\/wp-content\/uploads\/2022\/04\/calvin-rock-award.png 2048w\" sizes=\"(max-width: 858px) 100vw, 858px\" \/><p id=\"caption-attachment-83245\" class=\"wp-caption-text\">Lael Caesar, director asociado de Adventist Review (izquierda), con Calvin Rock y Sharon, esposa de Rock. [Fotograf\u00eda: cortes\u00eda de Calvin Rock]<\/p><\/div>La ceremonia, patrocinada por el Proyecto Lowcountry Rice Culture, reconoci\u00f3 a otras dos personas: el brigadier general Terence Adams y la doctora Kimberley Jeffries Leonard. Adams, que actualmente es asistente de Operaciones de Efectos Cibern\u00e9ticos, en la sede central de la Fuerza A\u00e9rea, trabaja para familiar el acceso de los estudiantes a las asignaturas de ciencia, tecnolog\u00eda, ingenier\u00eda y matem\u00e1tica (conocidas como STEM). Leonard es la decimos\u00e9ptima presidenta nacional de The Links, Incorporated, y The Links Foundation, Incorporated. The Links, Incorporated, trabaja por la equidad en la educaci\u00f3n, un acceso m\u00e1s f\u00e1cil a la atenci\u00f3n de salud, la reforma del sistema de justicia penal, y por poner fin al racismo ambiental.<\/p>\n<p>Al comienzo del programa, Barry Black, capell\u00e1n del Senado de los Estados Unidos, elev\u00f3 una oraci\u00f3n. Black agradeci\u00f3 a Dios por su generosidad al darnos el don de los cuatro condecorados, y or\u00f3 para que el servicio de ellos resulte una inspiraci\u00f3n. \u201cQue pueda ayudar a todos a estar listos para responder las seis preguntas de Mateo 25 en lo que respecta a atender a los hambrientos y sedientos, a los extranjeros y a los desnudos, a los enfermos y a los que est\u00e1n en la c\u00e1rcel\u201d, expres\u00f3.<\/p>\n<p>Traducci\u00f3n de Marcos Paseggi<\/p>\n","protected":false},"excerpt":{"rendered":"<p>Prudence Pollard y Calvin Rock reciben el Premio del Presidente a la Trayectoria. 2 de abril de 2022 | Washington D.C., Estados Unidos | Lael Caesar y Marcos Paseggi, Adventist&#8230;<\/p>\n","protected":false},"author":3,"featured_media":83236,"comment_status":"closed","ping_status":"closed","sticky":false,"template":"","format":"standard","meta":{"_acf_changed":false,"footnotes":""},"categories":[14,15],"tags":[],"class_list":["post-83261","post","type-post","status-publish","format-standard","has-post-thumbnail","hentry","category-de-la-iglesia-mundial","category-rss-espanol"],"acf":[],"yoast_head":"<!-- This site is optimized with the Yoast SEO plugin v27.3 - https:\/\/yoast.com\/product\/yoast-seo-wordpress\/ -->\n<title>Dos adventistas reciben el m\u00e1s alto honor de Servicio Voluntario de los EE. UU. - Iglesia Adventista del S\u00e9ptimo D\u00eda - Divisi\u00f3n Interamericana<\/title>\n<meta name=\"robots\" content=\"index, follow, max-snippet:-1, max-image-preview:large, max-video-preview:-1\" \/>\n<link rel=\"canonical\" href=\"https:\/\/interamerica.org\/es\/2022\/04\/dos-adventistas-reciben-el-mas-alto-honor-de-servicio-voluntario-de-los-ee-uu\/\" \/>\n<meta property=\"og:locale\" content=\"es_ES\" \/>\n<meta property=\"og:type\" content=\"article\" \/>\n<meta property=\"og:title\" content=\"Dos adventistas reciben el m\u00e1s alto honor de Servicio Voluntario de los EE. UU. - Iglesia Adventista del S\u00e9ptimo D\u00eda - Divisi\u00f3n Interamericana\" \/>\n<meta property=\"og:description\" content=\"Prudence Pollard y Calvin Rock reciben el Premio del Presidente a la Trayectoria. 2 de abril de 2022 | Washington D.C., Estados Unidos | Lael Caesar y Marcos Paseggi, Adventist...\" \/>\n<meta property=\"og:url\" content=\"https:\/\/interamerica.org\/es\/2022\/04\/dos-adventistas-reciben-el-mas-alto-honor-de-servicio-voluntario-de-los-ee-uu\/\" \/>\n<meta property=\"og:site_name\" content=\"Iglesia Adventista del S\u00e9ptimo D\u00eda - Divisi\u00f3n Interamericana\" \/>\n<meta property=\"article:published_time\" content=\"2022-04-03T16:14:06+00:00\" \/>\n<meta property=\"article:modified_time\" content=\"2022-04-04T18:00:15+00:00\" \/>\n<meta property=\"og:image\" content=\"https:\/\/interamerica.org\/wp-content\/uploads\/2022\/04\/two-seventh-day-adventists-awarded-the-u-s-voluntary-service-highest-honor1-1280.jpg\" \/>\n\t<meta property=\"og:image:width\" content=\"1280\" \/>\n\t<meta property=\"og:image:height\" content=\"800\" \/>\n\t<meta property=\"og:image:type\" content=\"image\/jpeg\" \/>\n<meta name=\"author\" content=\"libna\" \/>\n<meta name=\"twitter:card\" content=\"summary_large_image\" \/>\n<meta name=\"twitter:label1\" content=\"Escrito por\" \/>\n\t<meta name=\"twitter:data1\" content=\"libna\" \/>\n\t<meta name=\"twitter:label2\" content=\"Tiempo de lectura\" \/>\n\t<meta name=\"twitter:data2\" content=\"4 minutos\" \/>\n<script type=\"application\/ld+json\" class=\"yoast-schema-graph\">{\"@context\":\"https:\\\/\\\/schema.org\",\"@graph\":[{\"@type\":\"Article\",\"@id\":\"https:\\\/\\\/interamerica.org\\\/es\\\/2022\\\/04\\\/dos-adventistas-reciben-el-mas-alto-honor-de-servicio-voluntario-de-los-ee-uu\\\/#article\",\"isPartOf\":{\"@id\":\"https:\\\/\\\/interamerica.org\\\/es\\\/2022\\\/04\\\/dos-adventistas-reciben-el-mas-alto-honor-de-servicio-voluntario-de-los-ee-uu\\\/\"},\"author\":{\"name\":\"libna\",\"@id\":\"https:\\\/\\\/interamerica.org\\\/es\\\/#\\\/schema\\\/person\\\/29998f2bc2d8bd0d38662909289b54f1\"},\"headline\":\"Dos adventistas reciben el m\u00e1s alto honor de Servicio Voluntario de los EE. UU.\",\"datePublished\":\"2022-04-03T16:14:06+00:00\",\"dateModified\":\"2022-04-04T18:00:15+00:00\",\"mainEntityOfPage\":{\"@id\":\"https:\\\/\\\/interamerica.org\\\/es\\\/2022\\\/04\\\/dos-adventistas-reciben-el-mas-alto-honor-de-servicio-voluntario-de-los-ee-uu\\\/\"},\"wordCount\":765,\"image\":{\"@id\":\"https:\\\/\\\/interamerica.org\\\/es\\\/2022\\\/04\\\/dos-adventistas-reciben-el-mas-alto-honor-de-servicio-voluntario-de-los-ee-uu\\\/#primaryimage\"},\"thumbnailUrl\":\"https:\\\/\\\/interamerica.org\\\/wp-content\\\/uploads\\\/2022\\\/04\\\/two-seventh-day-adventists-awarded-the-u-s-voluntary-service-highest-honor1-1280.jpg\",\"articleSection\":[\"Desde la iglesia mundial\",\"RSS Espa\u00f1ol\"],\"inLanguage\":\"es\"},{\"@type\":\"WebPage\",\"@id\":\"https:\\\/\\\/interamerica.org\\\/es\\\/2022\\\/04\\\/dos-adventistas-reciben-el-mas-alto-honor-de-servicio-voluntario-de-los-ee-uu\\\/\",\"url\":\"https:\\\/\\\/interamerica.org\\\/es\\\/2022\\\/04\\\/dos-adventistas-reciben-el-mas-alto-honor-de-servicio-voluntario-de-los-ee-uu\\\/\",\"name\":\"Dos adventistas reciben el m\u00e1s alto honor de Servicio Voluntario de los EE. UU. - Iglesia Adventista del S\u00e9ptimo D\u00eda - Divisi\u00f3n Interamericana\",\"isPartOf\":{\"@id\":\"https:\\\/\\\/interamerica.org\\\/es\\\/#website\"},\"primaryImageOfPage\":{\"@id\":\"https:\\\/\\\/interamerica.org\\\/es\\\/2022\\\/04\\\/dos-adventistas-reciben-el-mas-alto-honor-de-servicio-voluntario-de-los-ee-uu\\\/#primaryimage\"},\"image\":{\"@id\":\"https:\\\/\\\/interamerica.org\\\/es\\\/2022\\\/04\\\/dos-adventistas-reciben-el-mas-alto-honor-de-servicio-voluntario-de-los-ee-uu\\\/#primaryimage\"},\"thumbnailUrl\":\"https:\\\/\\\/interamerica.org\\\/wp-content\\\/uploads\\\/2022\\\/04\\\/two-seventh-day-adventists-awarded-the-u-s-voluntary-service-highest-honor1-1280.jpg\",\"datePublished\":\"2022-04-03T16:14:06+00:00\",\"dateModified\":\"2022-04-04T18:00:15+00:00\",\"author\":{\"@id\":\"https:\\\/\\\/interamerica.org\\\/es\\\/#\\\/schema\\\/person\\\/29998f2bc2d8bd0d38662909289b54f1\"},\"breadcrumb\":{\"@id\":\"https:\\\/\\\/interamerica.org\\\/es\\\/2022\\\/04\\\/dos-adventistas-reciben-el-mas-alto-honor-de-servicio-voluntario-de-los-ee-uu\\\/#breadcrumb\"},\"inLanguage\":\"es\",\"potentialAction\":[{\"@type\":\"ReadAction\",\"target\":[\"https:\\\/\\\/interamerica.org\\\/es\\\/2022\\\/04\\\/dos-adventistas-reciben-el-mas-alto-honor-de-servicio-voluntario-de-los-ee-uu\\\/\"]}]},{\"@type\":\"ImageObject\",\"inLanguage\":\"es\",\"@id\":\"https:\\\/\\\/interamerica.org\\\/es\\\/2022\\\/04\\\/dos-adventistas-reciben-el-mas-alto-honor-de-servicio-voluntario-de-los-ee-uu\\\/#primaryimage\",\"url\":\"https:\\\/\\\/interamerica.org\\\/wp-content\\\/uploads\\\/2022\\\/04\\\/two-seventh-day-adventists-awarded-the-u-s-voluntary-service-highest-honor1-1280.jpg\",\"contentUrl\":\"https:\\\/\\\/interamerica.org\\\/wp-content\\\/uploads\\\/2022\\\/04\\\/two-seventh-day-adventists-awarded-the-u-s-voluntary-service-highest-honor1-1280.jpg\",\"width\":1280,\"height\":800},{\"@type\":\"BreadcrumbList\",\"@id\":\"https:\\\/\\\/interamerica.org\\\/es\\\/2022\\\/04\\\/dos-adventistas-reciben-el-mas-alto-honor-de-servicio-voluntario-de-los-ee-uu\\\/#breadcrumb\",\"itemListElement\":[{\"@type\":\"ListItem\",\"position\":1,\"name\":\"Home\",\"item\":\"https:\\\/\\\/interamerica.org\\\/es\\\/\"},{\"@type\":\"ListItem\",\"position\":2,\"name\":\"Dos adventistas reciben el m\u00e1s alto honor de Servicio Voluntario de los EE. UU.\"}]},{\"@type\":\"WebSite\",\"@id\":\"https:\\\/\\\/interamerica.org\\\/es\\\/#website\",\"url\":\"https:\\\/\\\/interamerica.org\\\/es\\\/\",\"name\":\"Iglesia Adventista del S\u00e9ptimo D\u00eda - Divisi\u00f3n Interamericana\",\"description\":\"\",\"potentialAction\":[{\"@type\":\"SearchAction\",\"target\":{\"@type\":\"EntryPoint\",\"urlTemplate\":\"https:\\\/\\\/interamerica.org\\\/es\\\/?s={search_term_string}\"},\"query-input\":{\"@type\":\"PropertyValueSpecification\",\"valueRequired\":true,\"valueName\":\"search_term_string\"}}],\"inLanguage\":\"es\"},{\"@type\":\"Person\",\"@id\":\"https:\\\/\\\/interamerica.org\\\/es\\\/#\\\/schema\\\/person\\\/29998f2bc2d8bd0d38662909289b54f1\",\"name\":\"libna\",\"image\":{\"@type\":\"ImageObject\",\"inLanguage\":\"es\",\"@id\":\"https:\\\/\\\/secure.gravatar.com\\\/avatar\\\/7c5bd30ae4b47a9ba3c856590957fd1d96dc588bf3ac05719d247e126840331f?s=96&d=mm&r=g\",\"url\":\"https:\\\/\\\/secure.gravatar.com\\\/avatar\\\/7c5bd30ae4b47a9ba3c856590957fd1d96dc588bf3ac05719d247e126840331f?s=96&d=mm&r=g\",\"contentUrl\":\"https:\\\/\\\/secure.gravatar.com\\\/avatar\\\/7c5bd30ae4b47a9ba3c856590957fd1d96dc588bf3ac05719d247e126840331f?s=96&d=mm&r=g\",\"caption\":\"libna\"}}]}<\/script>\n<!-- \/ Yoast SEO plugin. -->","yoast_head_json":{"title":"Dos adventistas reciben el m\u00e1s alto honor de Servicio Voluntario de los EE. UU. - Iglesia Adventista del S\u00e9ptimo D\u00eda - Divisi\u00f3n Interamericana","robots":{"index":"index","follow":"follow","max-snippet":"max-snippet:-1","max-image-preview":"max-image-preview:large","max-video-preview":"max-video-preview:-1"},"canonical":"https:\/\/interamerica.org\/es\/2022\/04\/dos-adventistas-reciben-el-mas-alto-honor-de-servicio-voluntario-de-los-ee-uu\/","og_locale":"es_ES","og_type":"article","og_title":"Dos adventistas reciben el m\u00e1s alto honor de Servicio Voluntario de los EE. UU. - Iglesia Adventista del S\u00e9ptimo D\u00eda - Divisi\u00f3n Interamericana","og_description":"Prudence Pollard y Calvin Rock reciben el Premio del Presidente a la Trayectoria. 2 de abril de 2022 | Washington D.C., Estados Unidos | Lael Caesar y Marcos Paseggi, Adventist...","og_url":"https:\/\/interamerica.org\/es\/2022\/04\/dos-adventistas-reciben-el-mas-alto-honor-de-servicio-voluntario-de-los-ee-uu\/","og_site_name":"Iglesia Adventista del S\u00e9ptimo D\u00eda - Divisi\u00f3n Interamericana","article_published_time":"2022-04-03T16:14:06+00:00","article_modified_time":"2022-04-04T18:00:15+00:00","og_image":[{"width":1280,"height":800,"url":"https:\/\/interamerica.org\/wp-content\/uploads\/2022\/04\/two-seventh-day-adventists-awarded-the-u-s-voluntary-service-highest-honor1-1280.jpg","type":"image\/jpeg"}],"author":"libna","twitter_card":"summary_large_image","twitter_misc":{"Escrito por":"libna","Tiempo de lectura":"4 minutos"},"schema":{"@context":"https:\/\/schema.org","@graph":[{"@type":"Article","@id":"https:\/\/interamerica.org\/es\/2022\/04\/dos-adventistas-reciben-el-mas-alto-honor-de-servicio-voluntario-de-los-ee-uu\/#article","isPartOf":{"@id":"https:\/\/interamerica.org\/es\/2022\/04\/dos-adventistas-reciben-el-mas-alto-honor-de-servicio-voluntario-de-los-ee-uu\/"},"author":{"name":"libna","@id":"https:\/\/interamerica.org\/es\/#\/schema\/person\/29998f2bc2d8bd0d38662909289b54f1"},"headline":"Dos adventistas reciben el m\u00e1s alto honor de Servicio Voluntario de los EE. UU.","datePublished":"2022-04-03T16:14:06+00:00","dateModified":"2022-04-04T18:00:15+00:00","mainEntityOfPage":{"@id":"https:\/\/interamerica.org\/es\/2022\/04\/dos-adventistas-reciben-el-mas-alto-honor-de-servicio-voluntario-de-los-ee-uu\/"},"wordCount":765,"image":{"@id":"https:\/\/interamerica.org\/es\/2022\/04\/dos-adventistas-reciben-el-mas-alto-honor-de-servicio-voluntario-de-los-ee-uu\/#primaryimage"},"thumbnailUrl":"https:\/\/interamerica.org\/wp-content\/uploads\/2022\/04\/two-seventh-day-adventists-awarded-the-u-s-voluntary-service-highest-honor1-1280.jpg","articleSection":["Desde la iglesia mundial","RSS Espa\u00f1ol"],"inLanguage":"es"},{"@type":"WebPage","@id":"https:\/\/interamerica.org\/es\/2022\/04\/dos-adventistas-reciben-el-mas-alto-honor-de-servicio-voluntario-de-los-ee-uu\/","url":"https:\/\/interamerica.org\/es\/2022\/04\/dos-adventistas-reciben-el-mas-alto-honor-de-servicio-voluntario-de-los-ee-uu\/","name":"Dos adventistas reciben el m\u00e1s alto honor de Servicio Voluntario de los EE. UU. - Iglesia Adventista del S\u00e9ptimo D\u00eda - Divisi\u00f3n Interamericana","isPartOf":{"@id":"https:\/\/interamerica.org\/es\/#website"},"primaryImageOfPage":{"@id":"https:\/\/interamerica.org\/es\/2022\/04\/dos-adventistas-reciben-el-mas-alto-honor-de-servicio-voluntario-de-los-ee-uu\/#primaryimage"},"image":{"@id":"https:\/\/interamerica.org\/es\/2022\/04\/dos-adventistas-reciben-el-mas-alto-honor-de-servicio-voluntario-de-los-ee-uu\/#primaryimage"},"thumbnailUrl":"https:\/\/interamerica.org\/wp-content\/uploads\/2022\/04\/two-seventh-day-adventists-awarded-the-u-s-voluntary-service-highest-honor1-1280.jpg","datePublished":"2022-04-03T16:14:06+00:00","dateModified":"2022-04-04T18:00:15+00:00","author":{"@id":"https:\/\/interamerica.org\/es\/#\/schema\/person\/29998f2bc2d8bd0d38662909289b54f1"},"breadcrumb":{"@id":"https:\/\/interamerica.org\/es\/2022\/04\/dos-adventistas-reciben-el-mas-alto-honor-de-servicio-voluntario-de-los-ee-uu\/#breadcrumb"},"inLanguage":"es","potentialAction":[{"@type":"ReadAction","target":["https:\/\/interamerica.org\/es\/2022\/04\/dos-adventistas-reciben-el-mas-alto-honor-de-servicio-voluntario-de-los-ee-uu\/"]}]},{"@type":"ImageObject","inLanguage":"es","@id":"https:\/\/interamerica.org\/es\/2022\/04\/dos-adventistas-reciben-el-mas-alto-honor-de-servicio-voluntario-de-los-ee-uu\/#primaryimage","url":"https:\/\/interamerica.org\/wp-content\/uploads\/2022\/04\/two-seventh-day-adventists-awarded-the-u-s-voluntary-service-highest-honor1-1280.jpg","contentUrl":"https:\/\/interamerica.org\/wp-content\/uploads\/2022\/04\/two-seventh-day-adventists-awarded-the-u-s-voluntary-service-highest-honor1-1280.jpg","width":1280,"height":800},{"@type":"BreadcrumbList","@id":"https:\/\/interamerica.org\/es\/2022\/04\/dos-adventistas-reciben-el-mas-alto-honor-de-servicio-voluntario-de-los-ee-uu\/#breadcrumb","itemListElement":[{"@type":"ListItem","position":1,"name":"Home","item":"https:\/\/interamerica.org\/es\/"},{"@type":"ListItem","position":2,"name":"Dos adventistas reciben el m\u00e1s alto honor de Servicio Voluntario de los EE. UU."}]},{"@type":"WebSite","@id":"https:\/\/interamerica.org\/es\/#website","url":"https:\/\/interamerica.org\/es\/","name":"Iglesia Adventista del S\u00e9ptimo D\u00eda - Divisi\u00f3n Interamericana","description":"","potentialAction":[{"@type":"SearchAction","target":{"@type":"EntryPoint","urlTemplate":"https:\/\/interamerica.org\/es\/?s={search_term_string}"},"query-input":{"@type":"PropertyValueSpecification","valueRequired":true,"valueName":"search_term_string"}}],"inLanguage":"es"},{"@type":"Person","@id":"https:\/\/interamerica.org\/es\/#\/schema\/person\/29998f2bc2d8bd0d38662909289b54f1","name":"libna","image":{"@type":"ImageObject","inLanguage":"es","@id":"https:\/\/secure.gravatar.com\/avatar\/7c5bd30ae4b47a9ba3c856590957fd1d96dc588bf3ac05719d247e126840331f?s=96&d=mm&r=g","url":"https:\/\/secure.gravatar.com\/avatar\/7c5bd30ae4b47a9ba3c856590957fd1d96dc588bf3ac05719d247e126840331f?s=96&d=mm&r=g","contentUrl":"https:\/\/secure.gravatar.com\/avatar\/7c5bd30ae4b47a9ba3c856590957fd1d96dc588bf3ac05719d247e126840331f?s=96&d=mm&r=g","caption":"libna"}}]}},"_links":{"self":[{"href":"https:\/\/interamerica.org\/es\/wp-json\/wp\/v2\/posts\/83261","targetHints":{"allow":["GET"]}}],"collection":[{"href":"https:\/\/interamerica.org\/es\/wp-json\/wp\/v2\/posts"}],"about":[{"href":"https:\/\/interamerica.org\/es\/wp-json\/wp\/v2\/types\/post"}],"author":[{"embeddable":true,"href":"https:\/\/interamerica.org\/es\/wp-json\/wp\/v2\/users\/3"}],"replies":[{"embeddable":true,"href":"https:\/\/interamerica.org\/es\/wp-json\/wp\/v2\/comments?post=83261"}],"version-history":[{"count":0,"href":"https:\/\/interamerica.org\/es\/wp-json\/wp\/v2\/posts\/83261\/revisions"}],"wp:featuredmedia":[{"embeddable":true,"href":"https:\/\/interamerica.org\/es\/wp-json\/wp\/v2\/media\/83236"}],"wp:attachment":[{"href":"https:\/\/interamerica.org\/es\/wp-json\/wp\/v2\/media?parent=83261"}],"wp:term":[{"taxonomy":"category","embeddable":true,"href":"https:\/\/interamerica.org\/es\/wp-json\/wp\/v2\/categories?post=83261"},{"taxonomy":"post_tag","embeddable":true,"href":"https:\/\/interamerica.org\/es\/wp-json\/wp\/v2\/tags?post=83261"}],"curies":[{"name":"wp","href":"https:\/\/api.w.org\/{rel}","templated":true}]}}