{"id":83264,"date":"2022-04-03T22:32:15","date_gmt":"2022-04-04T02:32:15","guid":{"rendered":"https:\/\/recursing-golick.147-182-135-0.plesk.page\/?p=83264"},"modified":"2022-04-04T13:59:40","modified_gmt":"2022-04-04T17:59:40","slug":"conferencia-sobre-el-papel-que-desempena-la-fe-en-la-sanidad-y-el-florecimiento-humanos","status":"publish","type":"post","link":"https:\/\/interamerica.org\/es\/2022\/04\/conferencia-sobre-el-papel-que-desempena-la-fe-en-la-sanidad-y-el-florecimiento-humanos\/","title":{"rendered":"Conferencia sobre el papel que desempe\u00f1a la fe en la sanidad y el florecimiento humanos"},"content":{"rendered":"<p><strong>El evento AHSRA 2022 se llevar\u00e1 a cabo en la Universidad AdventHealth.<\/strong><\/p>\n<p>2 de abril de 2022 | Florida, Estados Unidos | Pat Spangler, AdventHealth University y Adventist Review<\/p>\n<p>La Conferencia Anual 2022 de la Asociaci\u00f3n Adventista de Investigadores sobre el Ser Humano\u00a0(AHSRA, por sus siglas en ingl\u00e9s), se llevar\u00e1 a cabo en la Universidad AdventHealth, en Orlando, Florida, Estados Unidos, del 18 al 21 de mayo. La\u00a0 conferencia ser\u00e1 de naturaleza h\u00edbrida, con opciones para asistir personalmente, adem\u00e1s de asistencia virtual.<\/p>\n<p>El tema general de la Conferencia AHSRA 2022, es \u201cFe y Bienestar Integral \u2014 El Papel de la Fe en la Sanidad y Florecimiento Humano\u201d. Este tema es muy amplio e intenta cubrir una gran variedad de estudios cuyo sujeto de investigaci\u00f3n es el ser humano, en t\u00e9rminos de comportamientos de salud, investigaciones basadas en la comunidad, investigaci\u00f3n educacional y misi\u00f3n de la iglesia. Se anima adem\u00e1s a someter para el efecto, sinopsis de otros temas fuera del principal ya mencionado.<\/p>\n<p>Duane McBride, actual presidente de AHSRA; director ejecutivo del Instituto para la Prevenci\u00f3n de Adicciones; director del Centro de Investigaci\u00f3n de Reglamentos sobre Drogas; y profesor s\u00e9nior de investigaci\u00f3n sociol\u00f3gica en la Universidad Andrews, animan a la facultad de la universidad y alumnos de posgrado a someter sinopsis hasta el 8 de abril del presente. El a\u00f1o pasado se descargaron unas 5,000 presentaciones y publicaciones de AHSRA a trav\u00e9s de Digital Commons.<\/p>\n<p>\u201cLa buena erudici\u00f3n es una forma de evangelizaci\u00f3n\u201d, dijo el director McBride. \u201cMuestra la calidad de la investigaci\u00f3n adventista y la fuerza de muchas de nuestras creencias acerca del efecto de la religi\u00f3n sobre la salud y la prosperidad. Muchos de nuestros estudios se han visto repetidos en otras comunidades religiosas, ampliando as\u00ed el impacto de nuestra investigaci\u00f3n\u201d.<\/p>\n<p>AHSRA es una organizaci\u00f3n de investigaci\u00f3n cient\u00edfica, as\u00ed que vamos a seguir una pr\u00e1ctica adecuada en la conferencia, dijeron los organizadores. Esto incluye prueba de completa vacunaci\u00f3n en relaci\u00f3n con el COVID y el uso de mascarillas de protecci\u00f3n en todas las reuniones.<\/p>\n<p>Los organizadores dieron a conocer tambi\u00e9n que habr\u00e1 tres sesiones plenarias con destacados oradores internacionales, as\u00ed como m\u00faltiples presentaciones en papel y afiches por parte de los presentadores de todo el mundo.<\/p>\n<p>Tyler VanderWeele estar\u00e1 a cargo de la primera sesi\u00f3n plenaria llamada \u201cComunidad Religiosa y Florecimiento Humano\u201d. \u00a0El presentador VanderWeele es profesor de Epidemiolog\u00eda en el Departamento de Epidemiolog\u00eda y Bioestad\u00edstica John L. Loeb y Frances Lehman Loeb de la Escuela de Salud P\u00fablica Harvard T.H. Chan y director del Programa de Florecimiento Humano, as\u00ed como codirector de la Iniciativa sobre Salud, Religi\u00f3n y Espiritualidad en la Universidad Harvard. Es una figura de renombre en el campo de la investigaci\u00f3n que examina el papel que desempe\u00f1an la religi\u00f3n y la espiritualidad en el florecimiento y progreso humanos. Sus descubrimientos indican que la espiritualidad es un elemento significativo que contribuye a una mejor salud mental y f\u00edsica.<\/p>\n<p>Daniel Ganu, profesor de Salud P\u00fablica en la Universidad Adventista de \u00c1frica, ser\u00e1 el orador a cargo de la presentaci\u00f3n \u201cSalud Integral Adventista: La Perspectiva Africana\u201d. El profesor Ganu es el investigador principal del Estudio de Salud Adventista en \u00c1frica; preside AHSRA-\u00c1frica y es editor en jefe de la Revista Panafricana de Ciencias de la Salud y el Medio Ambiente.<\/p>\n<p>En la tercera sesi\u00f3n plenaria, David Williams discutir\u00e1 el tema \u201cEn qu\u00e9 Forma el Racismo Moldea Nuestra Salud\u201d y participar\u00e1 tambi\u00e9n en una presentaci\u00f3n nocturna que lleva como t\u00edtulo \u201cEl Papel de las Comunidades Religiosas y la Equidad\u201d. David Williams es profesor de Salud P\u00fablica Florence Sprague Norman y Laura Smart Norman y director del Departamento de Ciencias Sociales y del Comportamiento en la Escuela de Salud P\u00fablica Harvard T.H. Chan. Es tambi\u00e9n profesor de Estudios y Sociolog\u00eda Africana y Afroamericana en la Universidad Harvard. El profesor Williams ha provisto algunas de las investigaciones de m\u00e1s envergadura sobre el papel que desempe\u00f1a la religi\u00f3n en la salud y la importancia de la equidad para garantizar la salud. Su trabajo muestra que la involucraci\u00f3n religiosa contribuye a una vida m\u00e1s larga y saludable, pero las inequidades en la sociedad traen como resultado una pobre salud mental y f\u00edsica.<\/p>\n<p>\u201cEl Papel de las Comunidades Religiosas y el Bienestar Integral\u201d ser\u00e1 el enfoque de la adoraci\u00f3n el s\u00e1bado, seguida de una visita por la tarde a Leu Gardens.<\/p>\n<p>La Asociaci\u00f3n Adventista de Investigadores del Ser Humano se organiz\u00f3 formalmente en el oto\u00f1o de 2013 con el patrocinio de la Oficina de Archivos, Estad\u00edstica e Investigaci\u00f3n de la Asociaci\u00f3n General. Esta asociaci\u00f3n se desarroll\u00f3 durante dos conferencias; la primera en la Universidad Andrews, en la primavera de 2012 y la segunda en la Asociaci\u00f3n General en el oto\u00f1o de 2013.<\/p>\n<p>Ent\u00e9rate m\u00e1s en: https:\/\/adventistreview.org\/release\/conference-will-discuss-the-role-of-faith-in-healing-and-thriving\/<\/p>\n<p>Traducci\u00f3n \u2013 Gloria A. Castrej\u00f3n<\/p>\n<p>&nbsp;<\/p>\n<h4>\u00a0\u00a0 0<\/h4>\n","protected":false},"excerpt":{"rendered":"<p>El evento AHSRA 2022 se llevar\u00e1 a cabo en la Universidad AdventHealth. 2 de abril de 2022 | Florida, Estados Unidos | Pat Spangler, AdventHealth University y Adventist Review La&#8230;<\/p>\n","protected":false},"author":3,"featured_media":83259,"comment_status":"closed","ping_status":"closed","sticky":false,"template":"","format":"standard","meta":{"_acf_changed":false,"footnotes":""},"categories":[14,15],"tags":[],"class_list":["post-83264","post","type-post","status-publish","format-standard","has-post-thumbnail","hentry","category-de-la-iglesia-mundial","category-rss-espanol"],"acf":[],"yoast_head":"<!-- This site is optimized with the Yoast SEO plugin v27.3 - https:\/\/yoast.com\/product\/yoast-seo-wordpress\/ -->\n<title>Conferencia sobre el papel que desempe\u00f1a la fe en la sanidad y el florecimiento humanos - Iglesia Adventista del S\u00e9ptimo D\u00eda - Divisi\u00f3n Interamericana<\/title>\n<meta name=\"robots\" content=\"index, follow, max-snippet:-1, max-image-preview:large, max-video-preview:-1\" \/>\n<link rel=\"canonical\" href=\"https:\/\/interamerica.org\/es\/2022\/04\/conferencia-sobre-el-papel-que-desempena-la-fe-en-la-sanidad-y-el-florecimiento-humanos\/\" \/>\n<meta property=\"og:locale\" content=\"es_ES\" \/>\n<meta property=\"og:type\" content=\"article\" \/>\n<meta property=\"og:title\" content=\"Conferencia sobre el papel que desempe\u00f1a la fe en la sanidad y el florecimiento humanos - Iglesia Adventista del S\u00e9ptimo D\u00eda - Divisi\u00f3n Interamericana\" \/>\n<meta property=\"og:description\" content=\"El evento AHSRA 2022 se llevar\u00e1 a cabo en la Universidad AdventHealth. 2 de abril de 2022 | Florida, Estados Unidos | Pat Spangler, AdventHealth University y Adventist Review La...\" \/>\n<meta property=\"og:url\" content=\"https:\/\/interamerica.org\/es\/2022\/04\/conferencia-sobre-el-papel-que-desempena-la-fe-en-la-sanidad-y-el-florecimiento-humanos\/\" \/>\n<meta property=\"og:site_name\" content=\"Iglesia Adventista del S\u00e9ptimo D\u00eda - Divisi\u00f3n Interamericana\" \/>\n<meta property=\"article:published_time\" content=\"2022-04-04T02:32:15+00:00\" \/>\n<meta property=\"article:modified_time\" content=\"2022-04-04T17:59:40+00:00\" \/>\n<meta property=\"og:image\" content=\"https:\/\/interamerica.org\/wp-content\/uploads\/2022\/04\/conference-will-discuss-the-role-of-faith-in-healing-and-thriving1.jpeg\" \/>\n\t<meta property=\"og:image:width\" content=\"1920\" \/>\n\t<meta property=\"og:image:height\" content=\"1080\" \/>\n\t<meta property=\"og:image:type\" content=\"image\/jpeg\" \/>\n<meta name=\"author\" content=\"libna\" \/>\n<meta name=\"twitter:card\" content=\"summary_large_image\" \/>\n<meta name=\"twitter:label1\" content=\"Escrito por\" \/>\n\t<meta name=\"twitter:data1\" content=\"libna\" \/>\n\t<meta name=\"twitter:label2\" content=\"Tiempo de lectura\" \/>\n\t<meta name=\"twitter:data2\" content=\"4 minutos\" \/>\n<script type=\"application\/ld+json\" class=\"yoast-schema-graph\">{\"@context\":\"https:\\\/\\\/schema.org\",\"@graph\":[{\"@type\":\"Article\",\"@id\":\"https:\\\/\\\/interamerica.org\\\/es\\\/2022\\\/04\\\/conferencia-sobre-el-papel-que-desempena-la-fe-en-la-sanidad-y-el-florecimiento-humanos\\\/#article\",\"isPartOf\":{\"@id\":\"https:\\\/\\\/interamerica.org\\\/es\\\/2022\\\/04\\\/conferencia-sobre-el-papel-que-desempena-la-fe-en-la-sanidad-y-el-florecimiento-humanos\\\/\"},\"author\":{\"name\":\"libna\",\"@id\":\"https:\\\/\\\/interamerica.org\\\/es\\\/#\\\/schema\\\/person\\\/29998f2bc2d8bd0d38662909289b54f1\"},\"headline\":\"Conferencia sobre el papel que desempe\u00f1a la fe en la sanidad y el florecimiento humanos\",\"datePublished\":\"2022-04-04T02:32:15+00:00\",\"dateModified\":\"2022-04-04T17:59:40+00:00\",\"mainEntityOfPage\":{\"@id\":\"https:\\\/\\\/interamerica.org\\\/es\\\/2022\\\/04\\\/conferencia-sobre-el-papel-que-desempena-la-fe-en-la-sanidad-y-el-florecimiento-humanos\\\/\"},\"wordCount\":867,\"image\":{\"@id\":\"https:\\\/\\\/interamerica.org\\\/es\\\/2022\\\/04\\\/conferencia-sobre-el-papel-que-desempena-la-fe-en-la-sanidad-y-el-florecimiento-humanos\\\/#primaryimage\"},\"thumbnailUrl\":\"https:\\\/\\\/interamerica.org\\\/wp-content\\\/uploads\\\/2022\\\/04\\\/conference-will-discuss-the-role-of-faith-in-healing-and-thriving1.jpeg\",\"articleSection\":[\"Desde la iglesia mundial\",\"RSS Espa\u00f1ol\"],\"inLanguage\":\"es\"},{\"@type\":\"WebPage\",\"@id\":\"https:\\\/\\\/interamerica.org\\\/es\\\/2022\\\/04\\\/conferencia-sobre-el-papel-que-desempena-la-fe-en-la-sanidad-y-el-florecimiento-humanos\\\/\",\"url\":\"https:\\\/\\\/interamerica.org\\\/es\\\/2022\\\/04\\\/conferencia-sobre-el-papel-que-desempena-la-fe-en-la-sanidad-y-el-florecimiento-humanos\\\/\",\"name\":\"Conferencia sobre el papel que desempe\u00f1a la fe en la sanidad y el florecimiento humanos - Iglesia Adventista del S\u00e9ptimo D\u00eda - Divisi\u00f3n Interamericana\",\"isPartOf\":{\"@id\":\"https:\\\/\\\/interamerica.org\\\/es\\\/#website\"},\"primaryImageOfPage\":{\"@id\":\"https:\\\/\\\/interamerica.org\\\/es\\\/2022\\\/04\\\/conferencia-sobre-el-papel-que-desempena-la-fe-en-la-sanidad-y-el-florecimiento-humanos\\\/#primaryimage\"},\"image\":{\"@id\":\"https:\\\/\\\/interamerica.org\\\/es\\\/2022\\\/04\\\/conferencia-sobre-el-papel-que-desempena-la-fe-en-la-sanidad-y-el-florecimiento-humanos\\\/#primaryimage\"},\"thumbnailUrl\":\"https:\\\/\\\/interamerica.org\\\/wp-content\\\/uploads\\\/2022\\\/04\\\/conference-will-discuss-the-role-of-faith-in-healing-and-thriving1.jpeg\",\"datePublished\":\"2022-04-04T02:32:15+00:00\",\"dateModified\":\"2022-04-04T17:59:40+00:00\",\"author\":{\"@id\":\"https:\\\/\\\/interamerica.org\\\/es\\\/#\\\/schema\\\/person\\\/29998f2bc2d8bd0d38662909289b54f1\"},\"breadcrumb\":{\"@id\":\"https:\\\/\\\/interamerica.org\\\/es\\\/2022\\\/04\\\/conferencia-sobre-el-papel-que-desempena-la-fe-en-la-sanidad-y-el-florecimiento-humanos\\\/#breadcrumb\"},\"inLanguage\":\"es\",\"potentialAction\":[{\"@type\":\"ReadAction\",\"target\":[\"https:\\\/\\\/interamerica.org\\\/es\\\/2022\\\/04\\\/conferencia-sobre-el-papel-que-desempena-la-fe-en-la-sanidad-y-el-florecimiento-humanos\\\/\"]}]},{\"@type\":\"ImageObject\",\"inLanguage\":\"es\",\"@id\":\"https:\\\/\\\/interamerica.org\\\/es\\\/2022\\\/04\\\/conferencia-sobre-el-papel-que-desempena-la-fe-en-la-sanidad-y-el-florecimiento-humanos\\\/#primaryimage\",\"url\":\"https:\\\/\\\/interamerica.org\\\/wp-content\\\/uploads\\\/2022\\\/04\\\/conference-will-discuss-the-role-of-faith-in-healing-and-thriving1.jpeg\",\"contentUrl\":\"https:\\\/\\\/interamerica.org\\\/wp-content\\\/uploads\\\/2022\\\/04\\\/conference-will-discuss-the-role-of-faith-in-healing-and-thriving1.jpeg\",\"width\":1920,\"height\":1080},{\"@type\":\"BreadcrumbList\",\"@id\":\"https:\\\/\\\/interamerica.org\\\/es\\\/2022\\\/04\\\/conferencia-sobre-el-papel-que-desempena-la-fe-en-la-sanidad-y-el-florecimiento-humanos\\\/#breadcrumb\",\"itemListElement\":[{\"@type\":\"ListItem\",\"position\":1,\"name\":\"Home\",\"item\":\"https:\\\/\\\/interamerica.org\\\/es\\\/\"},{\"@type\":\"ListItem\",\"position\":2,\"name\":\"Conferencia sobre el papel que desempe\u00f1a la fe en la sanidad y el florecimiento humanos\"}]},{\"@type\":\"WebSite\",\"@id\":\"https:\\\/\\\/interamerica.org\\\/es\\\/#website\",\"url\":\"https:\\\/\\\/interamerica.org\\\/es\\\/\",\"name\":\"Iglesia Adventista del S\u00e9ptimo D\u00eda - Divisi\u00f3n Interamericana\",\"description\":\"\",\"potentialAction\":[{\"@type\":\"SearchAction\",\"target\":{\"@type\":\"EntryPoint\",\"urlTemplate\":\"https:\\\/\\\/interamerica.org\\\/es\\\/?s={search_term_string}\"},\"query-input\":{\"@type\":\"PropertyValueSpecification\",\"valueRequired\":true,\"valueName\":\"search_term_string\"}}],\"inLanguage\":\"es\"},{\"@type\":\"Person\",\"@id\":\"https:\\\/\\\/interamerica.org\\\/es\\\/#\\\/schema\\\/person\\\/29998f2bc2d8bd0d38662909289b54f1\",\"name\":\"libna\",\"image\":{\"@type\":\"ImageObject\",\"inLanguage\":\"es\",\"@id\":\"https:\\\/\\\/secure.gravatar.com\\\/avatar\\\/7c5bd30ae4b47a9ba3c856590957fd1d96dc588bf3ac05719d247e126840331f?s=96&d=mm&r=g\",\"url\":\"https:\\\/\\\/secure.gravatar.com\\\/avatar\\\/7c5bd30ae4b47a9ba3c856590957fd1d96dc588bf3ac05719d247e126840331f?s=96&d=mm&r=g\",\"contentUrl\":\"https:\\\/\\\/secure.gravatar.com\\\/avatar\\\/7c5bd30ae4b47a9ba3c856590957fd1d96dc588bf3ac05719d247e126840331f?s=96&d=mm&r=g\",\"caption\":\"libna\"}}]}<\/script>\n<!-- \/ Yoast SEO plugin. -->","yoast_head_json":{"title":"Conferencia sobre el papel que desempe\u00f1a la fe en la sanidad y el florecimiento humanos - Iglesia Adventista del S\u00e9ptimo D\u00eda - Divisi\u00f3n Interamericana","robots":{"index":"index","follow":"follow","max-snippet":"max-snippet:-1","max-image-preview":"max-image-preview:large","max-video-preview":"max-video-preview:-1"},"canonical":"https:\/\/interamerica.org\/es\/2022\/04\/conferencia-sobre-el-papel-que-desempena-la-fe-en-la-sanidad-y-el-florecimiento-humanos\/","og_locale":"es_ES","og_type":"article","og_title":"Conferencia sobre el papel que desempe\u00f1a la fe en la sanidad y el florecimiento humanos - Iglesia Adventista del S\u00e9ptimo D\u00eda - Divisi\u00f3n Interamericana","og_description":"El evento AHSRA 2022 se llevar\u00e1 a cabo en la Universidad AdventHealth. 2 de abril de 2022 | Florida, Estados Unidos | Pat Spangler, AdventHealth University y Adventist Review La...","og_url":"https:\/\/interamerica.org\/es\/2022\/04\/conferencia-sobre-el-papel-que-desempena-la-fe-en-la-sanidad-y-el-florecimiento-humanos\/","og_site_name":"Iglesia Adventista del S\u00e9ptimo D\u00eda - Divisi\u00f3n Interamericana","article_published_time":"2022-04-04T02:32:15+00:00","article_modified_time":"2022-04-04T17:59:40+00:00","og_image":[{"width":1920,"height":1080,"url":"https:\/\/interamerica.org\/wp-content\/uploads\/2022\/04\/conference-will-discuss-the-role-of-faith-in-healing-and-thriving1.jpeg","type":"image\/jpeg"}],"author":"libna","twitter_card":"summary_large_image","twitter_misc":{"Escrito por":"libna","Tiempo de lectura":"4 minutos"},"schema":{"@context":"https:\/\/schema.org","@graph":[{"@type":"Article","@id":"https:\/\/interamerica.org\/es\/2022\/04\/conferencia-sobre-el-papel-que-desempena-la-fe-en-la-sanidad-y-el-florecimiento-humanos\/#article","isPartOf":{"@id":"https:\/\/interamerica.org\/es\/2022\/04\/conferencia-sobre-el-papel-que-desempena-la-fe-en-la-sanidad-y-el-florecimiento-humanos\/"},"author":{"name":"libna","@id":"https:\/\/interamerica.org\/es\/#\/schema\/person\/29998f2bc2d8bd0d38662909289b54f1"},"headline":"Conferencia sobre el papel que desempe\u00f1a la fe en la sanidad y el florecimiento humanos","datePublished":"2022-04-04T02:32:15+00:00","dateModified":"2022-04-04T17:59:40+00:00","mainEntityOfPage":{"@id":"https:\/\/interamerica.org\/es\/2022\/04\/conferencia-sobre-el-papel-que-desempena-la-fe-en-la-sanidad-y-el-florecimiento-humanos\/"},"wordCount":867,"image":{"@id":"https:\/\/interamerica.org\/es\/2022\/04\/conferencia-sobre-el-papel-que-desempena-la-fe-en-la-sanidad-y-el-florecimiento-humanos\/#primaryimage"},"thumbnailUrl":"https:\/\/interamerica.org\/wp-content\/uploads\/2022\/04\/conference-will-discuss-the-role-of-faith-in-healing-and-thriving1.jpeg","articleSection":["Desde la iglesia mundial","RSS Espa\u00f1ol"],"inLanguage":"es"},{"@type":"WebPage","@id":"https:\/\/interamerica.org\/es\/2022\/04\/conferencia-sobre-el-papel-que-desempena-la-fe-en-la-sanidad-y-el-florecimiento-humanos\/","url":"https:\/\/interamerica.org\/es\/2022\/04\/conferencia-sobre-el-papel-que-desempena-la-fe-en-la-sanidad-y-el-florecimiento-humanos\/","name":"Conferencia sobre el papel que desempe\u00f1a la fe en la sanidad y el florecimiento humanos - Iglesia Adventista del S\u00e9ptimo D\u00eda - Divisi\u00f3n Interamericana","isPartOf":{"@id":"https:\/\/interamerica.org\/es\/#website"},"primaryImageOfPage":{"@id":"https:\/\/interamerica.org\/es\/2022\/04\/conferencia-sobre-el-papel-que-desempena-la-fe-en-la-sanidad-y-el-florecimiento-humanos\/#primaryimage"},"image":{"@id":"https:\/\/interamerica.org\/es\/2022\/04\/conferencia-sobre-el-papel-que-desempena-la-fe-en-la-sanidad-y-el-florecimiento-humanos\/#primaryimage"},"thumbnailUrl":"https:\/\/interamerica.org\/wp-content\/uploads\/2022\/04\/conference-will-discuss-the-role-of-faith-in-healing-and-thriving1.jpeg","datePublished":"2022-04-04T02:32:15+00:00","dateModified":"2022-04-04T17:59:40+00:00","author":{"@id":"https:\/\/interamerica.org\/es\/#\/schema\/person\/29998f2bc2d8bd0d38662909289b54f1"},"breadcrumb":{"@id":"https:\/\/interamerica.org\/es\/2022\/04\/conferencia-sobre-el-papel-que-desempena-la-fe-en-la-sanidad-y-el-florecimiento-humanos\/#breadcrumb"},"inLanguage":"es","potentialAction":[{"@type":"ReadAction","target":["https:\/\/interamerica.org\/es\/2022\/04\/conferencia-sobre-el-papel-que-desempena-la-fe-en-la-sanidad-y-el-florecimiento-humanos\/"]}]},{"@type":"ImageObject","inLanguage":"es","@id":"https:\/\/interamerica.org\/es\/2022\/04\/conferencia-sobre-el-papel-que-desempena-la-fe-en-la-sanidad-y-el-florecimiento-humanos\/#primaryimage","url":"https:\/\/interamerica.org\/wp-content\/uploads\/2022\/04\/conference-will-discuss-the-role-of-faith-in-healing-and-thriving1.jpeg","contentUrl":"https:\/\/interamerica.org\/wp-content\/uploads\/2022\/04\/conference-will-discuss-the-role-of-faith-in-healing-and-thriving1.jpeg","width":1920,"height":1080},{"@type":"BreadcrumbList","@id":"https:\/\/interamerica.org\/es\/2022\/04\/conferencia-sobre-el-papel-que-desempena-la-fe-en-la-sanidad-y-el-florecimiento-humanos\/#breadcrumb","itemListElement":[{"@type":"ListItem","position":1,"name":"Home","item":"https:\/\/interamerica.org\/es\/"},{"@type":"ListItem","position":2,"name":"Conferencia sobre el papel que desempe\u00f1a la fe en la sanidad y el florecimiento humanos"}]},{"@type":"WebSite","@id":"https:\/\/interamerica.org\/es\/#website","url":"https:\/\/interamerica.org\/es\/","name":"Iglesia Adventista del S\u00e9ptimo D\u00eda - Divisi\u00f3n Interamericana","description":"","potentialAction":[{"@type":"SearchAction","target":{"@type":"EntryPoint","urlTemplate":"https:\/\/interamerica.org\/es\/?s={search_term_string}"},"query-input":{"@type":"PropertyValueSpecification","valueRequired":true,"valueName":"search_term_string"}}],"inLanguage":"es"},{"@type":"Person","@id":"https:\/\/interamerica.org\/es\/#\/schema\/person\/29998f2bc2d8bd0d38662909289b54f1","name":"libna","image":{"@type":"ImageObject","inLanguage":"es","@id":"https:\/\/secure.gravatar.com\/avatar\/7c5bd30ae4b47a9ba3c856590957fd1d96dc588bf3ac05719d247e126840331f?s=96&d=mm&r=g","url":"https:\/\/secure.gravatar.com\/avatar\/7c5bd30ae4b47a9ba3c856590957fd1d96dc588bf3ac05719d247e126840331f?s=96&d=mm&r=g","contentUrl":"https:\/\/secure.gravatar.com\/avatar\/7c5bd30ae4b47a9ba3c856590957fd1d96dc588bf3ac05719d247e126840331f?s=96&d=mm&r=g","caption":"libna"}}]}},"_links":{"self":[{"href":"https:\/\/interamerica.org\/es\/wp-json\/wp\/v2\/posts\/83264","targetHints":{"allow":["GET"]}}],"collection":[{"href":"https:\/\/interamerica.org\/es\/wp-json\/wp\/v2\/posts"}],"about":[{"href":"https:\/\/interamerica.org\/es\/wp-json\/wp\/v2\/types\/post"}],"author":[{"embeddable":true,"href":"https:\/\/interamerica.org\/es\/wp-json\/wp\/v2\/users\/3"}],"replies":[{"embeddable":true,"href":"https:\/\/interamerica.org\/es\/wp-json\/wp\/v2\/comments?post=83264"}],"version-history":[{"count":0,"href":"https:\/\/interamerica.org\/es\/wp-json\/wp\/v2\/posts\/83264\/revisions"}],"wp:featuredmedia":[{"embeddable":true,"href":"https:\/\/interamerica.org\/es\/wp-json\/wp\/v2\/media\/83259"}],"wp:attachment":[{"href":"https:\/\/interamerica.org\/es\/wp-json\/wp\/v2\/media?parent=83264"}],"wp:term":[{"taxonomy":"category","embeddable":true,"href":"https:\/\/interamerica.org\/es\/wp-json\/wp\/v2\/categories?post=83264"},{"taxonomy":"post_tag","embeddable":true,"href":"https:\/\/interamerica.org\/es\/wp-json\/wp\/v2\/tags?post=83264"}],"curies":[{"name":"wp","href":"https:\/\/api.w.org\/{rel}","templated":true}]}}