{"id":83337,"date":"2022-04-04T20:53:31","date_gmt":"2022-04-05T00:53:31","guid":{"rendered":"https:\/\/recursing-golick.147-182-135-0.plesk.page\/?p=83337"},"modified":"2022-04-05T07:15:11","modified_gmt":"2022-04-05T11:15:11","slug":"se-lanza-la-primera-de-dos-campanas-de-evangelizacion-para-los-territorio-francofonos-de-interamerica","status":"publish","type":"post","link":"https:\/\/interamerica.org\/es\/2022\/04\/se-lanza-la-primera-de-dos-campanas-de-evangelizacion-para-los-territorio-francofonos-de-interamerica\/","title":{"rendered":"Se lanza la primera de dos campa\u00f1as de evangelizaci\u00f3n para los territorio franc\u00f3fonos de Interam\u00e9rica"},"content":{"rendered":"<p><div id=\"attachment_83308\" style=\"width: 845px\" class=\"wp-caption aligncenter\"><img fetchpriority=\"high\" decoding=\"async\" aria-describedby=\"caption-attachment-83308\" class=\" wp-image-83308\" src=\"https:\/\/recursing-golick.147-182-135-0.plesk.page\/wp-content\/uploads\/2022\/04\/bethanie-church-petion-ville.jpg\" alt=\"\" width=\"835\" height=\"626\" srcset=\"https:\/\/interamerica.org\/wp-content\/uploads\/2022\/04\/bethanie-church-petion-ville.jpg 924w, https:\/\/interamerica.org\/wp-content\/uploads\/2022\/04\/bethanie-church-petion-ville-300x225.jpg 300w, https:\/\/interamerica.org\/wp-content\/uploads\/2022\/04\/bethanie-church-petion-ville-768x576.jpg 768w\" sizes=\"(max-width: 835px) 100vw, 835px\" \/><p id=\"caption-attachment-83308\" class=\"wp-caption-text\">M\u00e1s de trescientas personas llenan la iglesia adventista B\u00e9thanie en P\u00e9tion-Ville, Puerto Pr\u00edncipe, Hait\u00ed, el pasado 3 de abril de 2022, en el comienzo de una campa\u00f1a de evangelizaci\u00f3n en l\u00ednea de dos semanas de duraci\u00f3n que se est\u00e1 transmitiendo al territorio franc\u00f3fono de la Divisi\u00f3n Interamericana, que incluye a Guadalupe, Martinica y la Guyana Francesa, del 3-16 de abril de 2022. La campa\u00f1a es la primera parte de dos de una serie en l\u00ednea que comparten la Uni\u00f3n Haitiana y las Uni\u00f3n de las Antillas y Guyana Francesas. [Fotograf\u00eda: Uni\u00f3n Haitiana]<\/p><\/div>4 de abril de 2022 | Miami, Florida, Estados Unidos | Libna Stevens, Noticias de la Divisi\u00f3n Interamericana<\/p>\n<p>Cientos de adventistas se reunieron anoche en la iglesia adventista B\u00e9thanie en P\u00e9tion-Ville, Puerto Pr\u00edncipe, Hait\u00ed, para el comienzo de dos semanas de reuniones de evangelizaci\u00f3n en l\u00ednea, como parte de la culminaci\u00f3n de decenas de esfuerzos de evangelizaci\u00f3n que comenzaron en enero. El evento marca la primera parte de esfuerzos en todo el territorio de iglesias de habla franc\u00f3fona de la Divisi\u00f3n Interamericana, lo que incluye a Hait\u00ed, Martinica, Guadalupe y la Guyana Francesa. Esto se espera que traiga como resultado miles de bautismos, dijeron los l\u00edderes de la iglesia.<\/p>\n<p>\u201cNos sentimos muy felices de poder organizar esta primera campa\u00f1a internacional, junto con la Uni\u00f3n las Antillas Francesas y Guyana\u201d, dijo el pastor Pierre Caporal, presidente de la Iglesia Adventista en Hait\u00ed. \u201cHemos trabajado duro para planificar, discutir, orar y tomar decisiones juntos para llevar a cabo la tarea que Cristo nos ha dado de compartir el evangelio\u201d.<\/p>\n<p><div id=\"attachment_83314\" style=\"width: 841px\" class=\"wp-caption aligncenter\"><img decoding=\"async\" aria-describedby=\"caption-attachment-83314\" class=\" wp-image-83314\" src=\"https:\/\/recursing-golick.147-182-135-0.plesk.page\/wp-content\/uploads\/2022\/04\/vanel-louissaint-petion-ville-1024x640.png\" alt=\"\" width=\"831\" height=\"519\" srcset=\"https:\/\/interamerica.org\/wp-content\/uploads\/2022\/04\/vanel-louissaint-petion-ville-1024x640.png 1024w, https:\/\/interamerica.org\/wp-content\/uploads\/2022\/04\/vanel-louissaint-petion-ville-300x188.png 300w, https:\/\/interamerica.org\/wp-content\/uploads\/2022\/04\/vanel-louissaint-petion-ville-768x480.png 768w, https:\/\/interamerica.org\/wp-content\/uploads\/2022\/04\/vanel-louissaint-petion-ville.png 1280w\" sizes=\"(max-width: 831px) 100vw, 831px\" \/><p id=\"caption-attachment-83314\" class=\"wp-caption-text\">El pastor Vanel Louissaint, pastor evangelista y director de ministerios personales de la Iglesia Adventista en la Asociaci\u00f3n Central de Hait\u00ed, dirige el mensaje principal del 3 de abril de 2022, desde la iglesia adventista B\u00e9thanie en P\u00e9tion-Ville, Puerto Pr\u00edncipe, Hait\u00ed. [Fotograf\u00eda: captura de pantalla de la DIA]<\/p><\/div>La campa\u00f1a, que se llevar\u00e1 a cabo hasta el 16 de abril, es parte de un cl\u00edmax de trabajo abarcador en equipo entre m\u00e1s de doscientos pastores distritales y cientos de lacios que sin cansancio se han esforzado por esparcir el mensaje de esperanza y salvaci\u00f3n por medio de estudios b\u00edblicos en grupos peque\u00f1os y actividades de impacto comunitario, durante el aniversario del centenario de Interam\u00e9rica este a\u00f1o, dijo Caporal.<\/p>\n<p>Bajo el lema \u201cAm\u00e9n, ven, se\u00f1or Jes\u00fas\u201d, la campa\u00f1a se est\u00e1 llevando a cabo en el canal Hope Media Hait\u00ed de la Iglesia Adventista. El orador destacado es el pastor Vanel Louissaint, pastor evangelista y director de ministerios personales de la Iglesia Adventista en la Asociaci\u00f3n Central de Hait\u00ed. Las reuniones se llevar\u00e1n a cabo cada noche hasta el 16 de abril de 2022, desde las 18:00 hasta las 19:00, hora de Miami.<\/p>\n<p>El pastor Louissaint comenz\u00f3 la campa\u00f1a enfoc\u00e1ndose en la segunda venida de Cristo y la esperanza que todos pueden hallar en \u00e9l. \u201cJes\u00fas pondr\u00e1 fin a muchos de los problemas que enfrenta el mundo hoy\u201d, dijo Louissaint. \u201cHay una falta de amor, soledad, sufrimiento y muchas injusticias en el mundo. Tambi\u00e9n est\u00e1 la muerte, pero tenemos a Jes\u00fas, y \u00e9l vendr\u00e1 a llevarnos al hogar\u201d.<\/p>\n<p><div id=\"attachment_83302\" style=\"width: 821px\" class=\"wp-caption aligncenter\"><img decoding=\"async\" aria-describedby=\"caption-attachment-83302\" class=\" wp-image-83302\" src=\"https:\/\/recursing-golick.147-182-135-0.plesk.page\/wp-content\/uploads\/2022\/04\/south-haiti-campaign.jpg\" alt=\"\" width=\"811\" height=\"608\" srcset=\"https:\/\/interamerica.org\/wp-content\/uploads\/2022\/04\/south-haiti-campaign.jpg 800w, https:\/\/interamerica.org\/wp-content\/uploads\/2022\/04\/south-haiti-campaign-300x225.jpg 300w, https:\/\/interamerica.org\/wp-content\/uploads\/2022\/04\/south-haiti-campaign-768x576.jpg 768w\" sizes=\"(max-width: 811px) 100vw, 811px\" \/><p id=\"caption-attachment-83302\" class=\"wp-caption-text\">Una gran campa\u00f1a reciente de evangelizaci\u00f3n llevada a cabo en Ciudad Leogane, en la Misi\u00f3n Sur de Hait\u00ed. [Fotograf\u00eda: Misi\u00f3n Sur de Hait\u00ed]<\/p><\/div>Los l\u00edderes de la iglesia dijeron que era importante lanzar la campa\u00f1a en iglesia adventista B\u00e9thanie en P\u00e9tion-Ville, un suburbio de Puerto Pr\u00edncipe, la capital de Hait\u00ed. P\u00e9tion-Ville tiene cientos de empresas y muchas comunidades que necesitan ser alcanzadas por el evangelio, dijo Caporal. Decenas miraron el programa en persona, mientras que otros lo siguieron en l\u00ednea, lo escucharon la estaci\u00f3n de radio Voix de l\u2019Esp\u00e9rance de la Iglesia Adventista, como as\u00ed tambi\u00e9n en los hogares de la Uni\u00f3n de las Antillas y Guyana Francesas, mediante el canal en l\u00ednea de Esperance TV Interamerique.<\/p>\n<p>Se espera que los l\u00edderes de la Iglesia Adventista en Hait\u00ed a\u00f1adan 2500 nuevos creyentes al final de la campa\u00f1a. Desde el comienzo del a\u00f1o, se han bautizado m\u00e1s de 6400 nuevos creyentes en Hait\u00ed, dijo Caporal.<\/p>\n<p>El pastor Max Laurent, quien hace poco se jubil\u00f3 como secretario de campo de la Iglesia Adventista en Interam\u00e9rica y fue presidente de la Uni\u00f3n de las Antillas y Guyana Francesas, dijo que ambas uniones de habla francesa han trabajado juntas desde el a\u00f1o pasado para prepararse para la campa\u00f1a.<\/p>\n<p><div id=\"attachment_83318\" style=\"width: 812px\" class=\"wp-caption aligncenter\"><img loading=\"lazy\" decoding=\"async\" aria-describedby=\"caption-attachment-83318\" class=\" wp-image-83318\" src=\"https:\/\/recursing-golick.147-182-135-0.plesk.page\/wp-content\/uploads\/2022\/04\/south-haiti-2022-candidates.jpg\" alt=\"\" width=\"802\" height=\"601\" srcset=\"https:\/\/interamerica.org\/wp-content\/uploads\/2022\/04\/south-haiti-2022-candidates.jpg 900w, https:\/\/interamerica.org\/wp-content\/uploads\/2022\/04\/south-haiti-2022-candidates-300x225.jpg 300w, https:\/\/interamerica.org\/wp-content\/uploads\/2022\/04\/south-haiti-2022-candidates-768x576.jpg 768w\" sizes=\"(max-width: 802px) 100vw, 802px\" \/><p id=\"caption-attachment-83318\" class=\"wp-caption-text\">M\u00e1s de una decena de j\u00f3venes con sus t\u00fanicas posan para una fotograf\u00eda grupal con su pastor, antes de ser bautizados en la Misi\u00f3n Sur de Hait\u00ed. [Fotograf\u00eda: Misi\u00f3n Sur de Hait\u00ed]<\/p><\/div>\u201cFue un sue\u00f1o para m\u00ed ver a los l\u00edderes de las Uni\u00f3n Haitiana y de las Antillas y Guyana Francesas que trabajaron de cerca como un cuerpo, un equipo, para alcanzar a m\u00e1s personas con el evangelio este a\u00f1o\u201d, dijo Laurent. La intenci\u00f3n inicial era llevar a cabo una campa\u00f1a para ambas regiones, pero debido a las diferencias horarias y algunas cuestiones de seguridad, se est\u00e1 llevando a cabo la campa\u00f1a en Hait\u00ed en la primera parte de abril, y la Uni\u00f3n de las Antillas Francesas y Guaya llevar\u00e1 a cabo su campa\u00f1a del 8 al 22 de mayo de 2022 desde Martinica.<\/p>\n<p>El evangelista Pierre-Manuel Fleurantin, quien es secretario ejecutivo de la Misi\u00f3n de la Guyana Francesa, ser\u00e1 el orador destacado durante la campa\u00f1a de dos semanas titulada \u201cVivir en el coraz\u00f3n de la crisis\u201d, que se llevar\u00e1 a cabo desde una iglesia adventista en Martinica.<\/p>\n<p>Los l\u00edderes de la Uni\u00f3n de las Antillas y Guyana Francesas han estado redoblando sus esfuerzos de evangelizaci\u00f3n, y est\u00e1n apuntando a bautizar mil personas este a\u00f1o, dijeron los l\u00edderes de la iglesia.<\/p>\n<p><div id=\"attachment_83305\" style=\"width: 545px\" class=\"wp-caption aligncenter\"><img loading=\"lazy\" decoding=\"async\" aria-describedby=\"caption-attachment-83305\" class=\"wp-image-83305\" src=\"https:\/\/recursing-golick.147-182-135-0.plesk.page\/wp-content\/uploads\/2022\/04\/haiti-fagu-campaigns-poster.jpg\" alt=\"\" width=\"535\" height=\"758\" srcset=\"https:\/\/interamerica.org\/wp-content\/uploads\/2022\/04\/haiti-fagu-campaigns-poster.jpg 600w, https:\/\/interamerica.org\/wp-content\/uploads\/2022\/04\/haiti-fagu-campaigns-poster-212x300.jpg 212w\" sizes=\"(max-width: 535px) 100vw, 535px\" \/><p id=\"caption-attachment-83305\" class=\"wp-caption-text\">Las campa\u00f1as regionales de la Divisi\u00f3n Interamericana para los territorios franc\u00f3fonos est\u00e1n planificadas para que se lleven a cabo del 3 al 16 de abril de 2022 en Hait\u00ed, y del 8 al 22 de mayo en Martinica. [Imagen: Divisi\u00f3n Interamericana]<\/p><\/div>Para mirar tanto la campa\u00f1a de evangelizaci\u00f3n desde Hait\u00ed del 3 al 16 de abril, de 18:00 a 19:00, hora de Miami, y la campa\u00f1a de las Uni\u00f3n de las Antillas y Guyana Francesas del 8 al 22 de mayo, de 19:00 a 20:00, hora de Martinica, ingrese a:<\/p>\n<p>Hope Media Haiti <a href=\"https:\/\/www.youtube.com\/channel\/UCe8dvnv8D-gGo0yvjdaJQjw\">AQU\u00cd<\/a>,<\/p>\n<p>Esperance TV Interamerique, <a href=\"https:\/\/www.youtube.com\/channel\/UCLcy5jHr0DmUoOslLM82JlQ\">AQU\u00cd<\/a><\/p>\n<p><em>Auguste Richner colabor\u00f3 con este informe.<\/em><\/p>\n<p>Traducci\u00f3n de Marcos Paseggi<\/p>\n","protected":false},"excerpt":{"rendered":"<p>4 de abril de 2022 | Miami, Florida, Estados Unidos | Libna Stevens, Noticias de la Divisi\u00f3n Interamericana Cientos de adventistas se reunieron anoche en la iglesia adventista B\u00e9thanie en&#8230;<\/p>\n","protected":false},"author":3,"featured_media":83323,"comment_status":"closed","ping_status":"closed","sticky":false,"template":"","format":"standard","meta":{"_acf_changed":false,"footnotes":""},"categories":[16,15],"tags":[],"class_list":["post-83337","post","type-post","status-publish","format-standard","has-post-thumbnail","hentry","category-desde-la-sede","category-rss-espanol"],"acf":[],"yoast_head":"<!-- This site is optimized with the Yoast SEO plugin v27.3 - https:\/\/yoast.com\/product\/yoast-seo-wordpress\/ -->\n<title>Se lanza la primera de dos campa\u00f1as de evangelizaci\u00f3n para los territorio franc\u00f3fonos de Interam\u00e9rica - Iglesia Adventista del S\u00e9ptimo D\u00eda - Divisi\u00f3n Interamericana<\/title>\n<meta name=\"robots\" content=\"index, follow, max-snippet:-1, max-image-preview:large, max-video-preview:-1\" \/>\n<link rel=\"canonical\" href=\"https:\/\/interamerica.org\/es\/2022\/04\/se-lanza-la-primera-de-dos-campanas-de-evangelizacion-para-los-territorio-francofonos-de-interamerica\/\" \/>\n<meta property=\"og:locale\" content=\"es_ES\" \/>\n<meta property=\"og:type\" content=\"article\" \/>\n<meta property=\"og:title\" content=\"Se lanza la primera de dos campa\u00f1as de evangelizaci\u00f3n para los territorio franc\u00f3fonos de Interam\u00e9rica - Iglesia Adventista del S\u00e9ptimo D\u00eda - Divisi\u00f3n Interamericana\" \/>\n<meta property=\"og:description\" content=\"4 de abril de 2022 | Miami, Florida, Estados Unidos | Libna Stevens, Noticias de la Divisi\u00f3n Interamericana Cientos de adventistas se reunieron anoche en la iglesia adventista B\u00e9thanie en...\" \/>\n<meta property=\"og:url\" content=\"https:\/\/interamerica.org\/es\/2022\/04\/se-lanza-la-primera-de-dos-campanas-de-evangelizacion-para-los-territorio-francofonos-de-interamerica\/\" \/>\n<meta property=\"og:site_name\" content=\"Iglesia Adventista del S\u00e9ptimo D\u00eda - Divisi\u00f3n Interamericana\" \/>\n<meta property=\"article:published_time\" content=\"2022-04-05T00:53:31+00:00\" \/>\n<meta property=\"article:modified_time\" content=\"2022-04-05T11:15:11+00:00\" \/>\n<meta property=\"og:image\" content=\"https:\/\/interamerica.org\/wp-content\/uploads\/2022\/04\/bethanie-petion-ville-haiti2-1280.jpg\" \/>\n\t<meta property=\"og:image:width\" content=\"1280\" \/>\n\t<meta property=\"og:image:height\" content=\"800\" \/>\n\t<meta property=\"og:image:type\" content=\"image\/jpeg\" \/>\n<meta name=\"author\" content=\"libna\" \/>\n<meta name=\"twitter:card\" content=\"summary_large_image\" \/>\n<meta name=\"twitter:label1\" content=\"Escrito por\" \/>\n\t<meta name=\"twitter:data1\" content=\"libna\" \/>\n\t<meta name=\"twitter:label2\" content=\"Tiempo de lectura\" \/>\n\t<meta name=\"twitter:data2\" content=\"6 minutos\" \/>\n<script type=\"application\/ld+json\" class=\"yoast-schema-graph\">{\"@context\":\"https:\\\/\\\/schema.org\",\"@graph\":[{\"@type\":\"Article\",\"@id\":\"https:\\\/\\\/interamerica.org\\\/es\\\/2022\\\/04\\\/se-lanza-la-primera-de-dos-campanas-de-evangelizacion-para-los-territorio-francofonos-de-interamerica\\\/#article\",\"isPartOf\":{\"@id\":\"https:\\\/\\\/interamerica.org\\\/es\\\/2022\\\/04\\\/se-lanza-la-primera-de-dos-campanas-de-evangelizacion-para-los-territorio-francofonos-de-interamerica\\\/\"},\"author\":{\"name\":\"libna\",\"@id\":\"https:\\\/\\\/interamerica.org\\\/es\\\/#\\\/schema\\\/person\\\/29998f2bc2d8bd0d38662909289b54f1\"},\"headline\":\"Se lanza la primera de dos campa\u00f1as de evangelizaci\u00f3n para los territorio franc\u00f3fonos de Interam\u00e9rica\",\"datePublished\":\"2022-04-05T00:53:31+00:00\",\"dateModified\":\"2022-04-05T11:15:11+00:00\",\"mainEntityOfPage\":{\"@id\":\"https:\\\/\\\/interamerica.org\\\/es\\\/2022\\\/04\\\/se-lanza-la-primera-de-dos-campanas-de-evangelizacion-para-los-territorio-francofonos-de-interamerica\\\/\"},\"wordCount\":1177,\"image\":{\"@id\":\"https:\\\/\\\/interamerica.org\\\/es\\\/2022\\\/04\\\/se-lanza-la-primera-de-dos-campanas-de-evangelizacion-para-los-territorio-francofonos-de-interamerica\\\/#primaryimage\"},\"thumbnailUrl\":\"https:\\\/\\\/interamerica.org\\\/wp-content\\\/uploads\\\/2022\\\/04\\\/bethanie-petion-ville-haiti2-1280.jpg\",\"articleSection\":[\"Desde la sede\",\"RSS Espa\u00f1ol\"],\"inLanguage\":\"es\"},{\"@type\":\"WebPage\",\"@id\":\"https:\\\/\\\/interamerica.org\\\/es\\\/2022\\\/04\\\/se-lanza-la-primera-de-dos-campanas-de-evangelizacion-para-los-territorio-francofonos-de-interamerica\\\/\",\"url\":\"https:\\\/\\\/interamerica.org\\\/es\\\/2022\\\/04\\\/se-lanza-la-primera-de-dos-campanas-de-evangelizacion-para-los-territorio-francofonos-de-interamerica\\\/\",\"name\":\"Se lanza la primera de dos campa\u00f1as de evangelizaci\u00f3n para los territorio franc\u00f3fonos de Interam\u00e9rica - Iglesia Adventista del S\u00e9ptimo D\u00eda - Divisi\u00f3n Interamericana\",\"isPartOf\":{\"@id\":\"https:\\\/\\\/interamerica.org\\\/es\\\/#website\"},\"primaryImageOfPage\":{\"@id\":\"https:\\\/\\\/interamerica.org\\\/es\\\/2022\\\/04\\\/se-lanza-la-primera-de-dos-campanas-de-evangelizacion-para-los-territorio-francofonos-de-interamerica\\\/#primaryimage\"},\"image\":{\"@id\":\"https:\\\/\\\/interamerica.org\\\/es\\\/2022\\\/04\\\/se-lanza-la-primera-de-dos-campanas-de-evangelizacion-para-los-territorio-francofonos-de-interamerica\\\/#primaryimage\"},\"thumbnailUrl\":\"https:\\\/\\\/interamerica.org\\\/wp-content\\\/uploads\\\/2022\\\/04\\\/bethanie-petion-ville-haiti2-1280.jpg\",\"datePublished\":\"2022-04-05T00:53:31+00:00\",\"dateModified\":\"2022-04-05T11:15:11+00:00\",\"author\":{\"@id\":\"https:\\\/\\\/interamerica.org\\\/es\\\/#\\\/schema\\\/person\\\/29998f2bc2d8bd0d38662909289b54f1\"},\"breadcrumb\":{\"@id\":\"https:\\\/\\\/interamerica.org\\\/es\\\/2022\\\/04\\\/se-lanza-la-primera-de-dos-campanas-de-evangelizacion-para-los-territorio-francofonos-de-interamerica\\\/#breadcrumb\"},\"inLanguage\":\"es\",\"potentialAction\":[{\"@type\":\"ReadAction\",\"target\":[\"https:\\\/\\\/interamerica.org\\\/es\\\/2022\\\/04\\\/se-lanza-la-primera-de-dos-campanas-de-evangelizacion-para-los-territorio-francofonos-de-interamerica\\\/\"]}]},{\"@type\":\"ImageObject\",\"inLanguage\":\"es\",\"@id\":\"https:\\\/\\\/interamerica.org\\\/es\\\/2022\\\/04\\\/se-lanza-la-primera-de-dos-campanas-de-evangelizacion-para-los-territorio-francofonos-de-interamerica\\\/#primaryimage\",\"url\":\"https:\\\/\\\/interamerica.org\\\/wp-content\\\/uploads\\\/2022\\\/04\\\/bethanie-petion-ville-haiti2-1280.jpg\",\"contentUrl\":\"https:\\\/\\\/interamerica.org\\\/wp-content\\\/uploads\\\/2022\\\/04\\\/bethanie-petion-ville-haiti2-1280.jpg\",\"width\":1280,\"height\":800,\"caption\":\"[Fotograf\u00eda: Misi\u00f3n Haitiana]\"},{\"@type\":\"BreadcrumbList\",\"@id\":\"https:\\\/\\\/interamerica.org\\\/es\\\/2022\\\/04\\\/se-lanza-la-primera-de-dos-campanas-de-evangelizacion-para-los-territorio-francofonos-de-interamerica\\\/#breadcrumb\",\"itemListElement\":[{\"@type\":\"ListItem\",\"position\":1,\"name\":\"Home\",\"item\":\"https:\\\/\\\/interamerica.org\\\/es\\\/\"},{\"@type\":\"ListItem\",\"position\":2,\"name\":\"Se lanza la primera de dos campa\u00f1as de evangelizaci\u00f3n para los territorio franc\u00f3fonos de Interam\u00e9rica\"}]},{\"@type\":\"WebSite\",\"@id\":\"https:\\\/\\\/interamerica.org\\\/es\\\/#website\",\"url\":\"https:\\\/\\\/interamerica.org\\\/es\\\/\",\"name\":\"Iglesia Adventista del S\u00e9ptimo D\u00eda - Divisi\u00f3n Interamericana\",\"description\":\"\",\"potentialAction\":[{\"@type\":\"SearchAction\",\"target\":{\"@type\":\"EntryPoint\",\"urlTemplate\":\"https:\\\/\\\/interamerica.org\\\/es\\\/?s={search_term_string}\"},\"query-input\":{\"@type\":\"PropertyValueSpecification\",\"valueRequired\":true,\"valueName\":\"search_term_string\"}}],\"inLanguage\":\"es\"},{\"@type\":\"Person\",\"@id\":\"https:\\\/\\\/interamerica.org\\\/es\\\/#\\\/schema\\\/person\\\/29998f2bc2d8bd0d38662909289b54f1\",\"name\":\"libna\",\"image\":{\"@type\":\"ImageObject\",\"inLanguage\":\"es\",\"@id\":\"https:\\\/\\\/secure.gravatar.com\\\/avatar\\\/7c5bd30ae4b47a9ba3c856590957fd1d96dc588bf3ac05719d247e126840331f?s=96&d=mm&r=g\",\"url\":\"https:\\\/\\\/secure.gravatar.com\\\/avatar\\\/7c5bd30ae4b47a9ba3c856590957fd1d96dc588bf3ac05719d247e126840331f?s=96&d=mm&r=g\",\"contentUrl\":\"https:\\\/\\\/secure.gravatar.com\\\/avatar\\\/7c5bd30ae4b47a9ba3c856590957fd1d96dc588bf3ac05719d247e126840331f?s=96&d=mm&r=g\",\"caption\":\"libna\"}}]}<\/script>\n<!-- \/ Yoast SEO plugin. -->","yoast_head_json":{"title":"Se lanza la primera de dos campa\u00f1as de evangelizaci\u00f3n para los territorio franc\u00f3fonos de Interam\u00e9rica - Iglesia Adventista del S\u00e9ptimo D\u00eda - Divisi\u00f3n Interamericana","robots":{"index":"index","follow":"follow","max-snippet":"max-snippet:-1","max-image-preview":"max-image-preview:large","max-video-preview":"max-video-preview:-1"},"canonical":"https:\/\/interamerica.org\/es\/2022\/04\/se-lanza-la-primera-de-dos-campanas-de-evangelizacion-para-los-territorio-francofonos-de-interamerica\/","og_locale":"es_ES","og_type":"article","og_title":"Se lanza la primera de dos campa\u00f1as de evangelizaci\u00f3n para los territorio franc\u00f3fonos de Interam\u00e9rica - Iglesia Adventista del S\u00e9ptimo D\u00eda - Divisi\u00f3n Interamericana","og_description":"4 de abril de 2022 | Miami, Florida, Estados Unidos | Libna Stevens, Noticias de la Divisi\u00f3n Interamericana Cientos de adventistas se reunieron anoche en la iglesia adventista B\u00e9thanie en...","og_url":"https:\/\/interamerica.org\/es\/2022\/04\/se-lanza-la-primera-de-dos-campanas-de-evangelizacion-para-los-territorio-francofonos-de-interamerica\/","og_site_name":"Iglesia Adventista del S\u00e9ptimo D\u00eda - Divisi\u00f3n Interamericana","article_published_time":"2022-04-05T00:53:31+00:00","article_modified_time":"2022-04-05T11:15:11+00:00","og_image":[{"width":1280,"height":800,"url":"https:\/\/interamerica.org\/wp-content\/uploads\/2022\/04\/bethanie-petion-ville-haiti2-1280.jpg","type":"image\/jpeg"}],"author":"libna","twitter_card":"summary_large_image","twitter_misc":{"Escrito por":"libna","Tiempo de lectura":"6 minutos"},"schema":{"@context":"https:\/\/schema.org","@graph":[{"@type":"Article","@id":"https:\/\/interamerica.org\/es\/2022\/04\/se-lanza-la-primera-de-dos-campanas-de-evangelizacion-para-los-territorio-francofonos-de-interamerica\/#article","isPartOf":{"@id":"https:\/\/interamerica.org\/es\/2022\/04\/se-lanza-la-primera-de-dos-campanas-de-evangelizacion-para-los-territorio-francofonos-de-interamerica\/"},"author":{"name":"libna","@id":"https:\/\/interamerica.org\/es\/#\/schema\/person\/29998f2bc2d8bd0d38662909289b54f1"},"headline":"Se lanza la primera de dos campa\u00f1as de evangelizaci\u00f3n para los territorio franc\u00f3fonos de Interam\u00e9rica","datePublished":"2022-04-05T00:53:31+00:00","dateModified":"2022-04-05T11:15:11+00:00","mainEntityOfPage":{"@id":"https:\/\/interamerica.org\/es\/2022\/04\/se-lanza-la-primera-de-dos-campanas-de-evangelizacion-para-los-territorio-francofonos-de-interamerica\/"},"wordCount":1177,"image":{"@id":"https:\/\/interamerica.org\/es\/2022\/04\/se-lanza-la-primera-de-dos-campanas-de-evangelizacion-para-los-territorio-francofonos-de-interamerica\/#primaryimage"},"thumbnailUrl":"https:\/\/interamerica.org\/wp-content\/uploads\/2022\/04\/bethanie-petion-ville-haiti2-1280.jpg","articleSection":["Desde la sede","RSS Espa\u00f1ol"],"inLanguage":"es"},{"@type":"WebPage","@id":"https:\/\/interamerica.org\/es\/2022\/04\/se-lanza-la-primera-de-dos-campanas-de-evangelizacion-para-los-territorio-francofonos-de-interamerica\/","url":"https:\/\/interamerica.org\/es\/2022\/04\/se-lanza-la-primera-de-dos-campanas-de-evangelizacion-para-los-territorio-francofonos-de-interamerica\/","name":"Se lanza la primera de dos campa\u00f1as de evangelizaci\u00f3n para los territorio franc\u00f3fonos de Interam\u00e9rica - Iglesia Adventista del S\u00e9ptimo D\u00eda - Divisi\u00f3n Interamericana","isPartOf":{"@id":"https:\/\/interamerica.org\/es\/#website"},"primaryImageOfPage":{"@id":"https:\/\/interamerica.org\/es\/2022\/04\/se-lanza-la-primera-de-dos-campanas-de-evangelizacion-para-los-territorio-francofonos-de-interamerica\/#primaryimage"},"image":{"@id":"https:\/\/interamerica.org\/es\/2022\/04\/se-lanza-la-primera-de-dos-campanas-de-evangelizacion-para-los-territorio-francofonos-de-interamerica\/#primaryimage"},"thumbnailUrl":"https:\/\/interamerica.org\/wp-content\/uploads\/2022\/04\/bethanie-petion-ville-haiti2-1280.jpg","datePublished":"2022-04-05T00:53:31+00:00","dateModified":"2022-04-05T11:15:11+00:00","author":{"@id":"https:\/\/interamerica.org\/es\/#\/schema\/person\/29998f2bc2d8bd0d38662909289b54f1"},"breadcrumb":{"@id":"https:\/\/interamerica.org\/es\/2022\/04\/se-lanza-la-primera-de-dos-campanas-de-evangelizacion-para-los-territorio-francofonos-de-interamerica\/#breadcrumb"},"inLanguage":"es","potentialAction":[{"@type":"ReadAction","target":["https:\/\/interamerica.org\/es\/2022\/04\/se-lanza-la-primera-de-dos-campanas-de-evangelizacion-para-los-territorio-francofonos-de-interamerica\/"]}]},{"@type":"ImageObject","inLanguage":"es","@id":"https:\/\/interamerica.org\/es\/2022\/04\/se-lanza-la-primera-de-dos-campanas-de-evangelizacion-para-los-territorio-francofonos-de-interamerica\/#primaryimage","url":"https:\/\/interamerica.org\/wp-content\/uploads\/2022\/04\/bethanie-petion-ville-haiti2-1280.jpg","contentUrl":"https:\/\/interamerica.org\/wp-content\/uploads\/2022\/04\/bethanie-petion-ville-haiti2-1280.jpg","width":1280,"height":800,"caption":"[Fotograf\u00eda: Misi\u00f3n Haitiana]"},{"@type":"BreadcrumbList","@id":"https:\/\/interamerica.org\/es\/2022\/04\/se-lanza-la-primera-de-dos-campanas-de-evangelizacion-para-los-territorio-francofonos-de-interamerica\/#breadcrumb","itemListElement":[{"@type":"ListItem","position":1,"name":"Home","item":"https:\/\/interamerica.org\/es\/"},{"@type":"ListItem","position":2,"name":"Se lanza la primera de dos campa\u00f1as de evangelizaci\u00f3n para los territorio franc\u00f3fonos de Interam\u00e9rica"}]},{"@type":"WebSite","@id":"https:\/\/interamerica.org\/es\/#website","url":"https:\/\/interamerica.org\/es\/","name":"Iglesia Adventista del S\u00e9ptimo D\u00eda - Divisi\u00f3n Interamericana","description":"","potentialAction":[{"@type":"SearchAction","target":{"@type":"EntryPoint","urlTemplate":"https:\/\/interamerica.org\/es\/?s={search_term_string}"},"query-input":{"@type":"PropertyValueSpecification","valueRequired":true,"valueName":"search_term_string"}}],"inLanguage":"es"},{"@type":"Person","@id":"https:\/\/interamerica.org\/es\/#\/schema\/person\/29998f2bc2d8bd0d38662909289b54f1","name":"libna","image":{"@type":"ImageObject","inLanguage":"es","@id":"https:\/\/secure.gravatar.com\/avatar\/7c5bd30ae4b47a9ba3c856590957fd1d96dc588bf3ac05719d247e126840331f?s=96&d=mm&r=g","url":"https:\/\/secure.gravatar.com\/avatar\/7c5bd30ae4b47a9ba3c856590957fd1d96dc588bf3ac05719d247e126840331f?s=96&d=mm&r=g","contentUrl":"https:\/\/secure.gravatar.com\/avatar\/7c5bd30ae4b47a9ba3c856590957fd1d96dc588bf3ac05719d247e126840331f?s=96&d=mm&r=g","caption":"libna"}}]}},"_links":{"self":[{"href":"https:\/\/interamerica.org\/es\/wp-json\/wp\/v2\/posts\/83337","targetHints":{"allow":["GET"]}}],"collection":[{"href":"https:\/\/interamerica.org\/es\/wp-json\/wp\/v2\/posts"}],"about":[{"href":"https:\/\/interamerica.org\/es\/wp-json\/wp\/v2\/types\/post"}],"author":[{"embeddable":true,"href":"https:\/\/interamerica.org\/es\/wp-json\/wp\/v2\/users\/3"}],"replies":[{"embeddable":true,"href":"https:\/\/interamerica.org\/es\/wp-json\/wp\/v2\/comments?post=83337"}],"version-history":[{"count":0,"href":"https:\/\/interamerica.org\/es\/wp-json\/wp\/v2\/posts\/83337\/revisions"}],"wp:featuredmedia":[{"embeddable":true,"href":"https:\/\/interamerica.org\/es\/wp-json\/wp\/v2\/media\/83323"}],"wp:attachment":[{"href":"https:\/\/interamerica.org\/es\/wp-json\/wp\/v2\/media?parent=83337"}],"wp:term":[{"taxonomy":"category","embeddable":true,"href":"https:\/\/interamerica.org\/es\/wp-json\/wp\/v2\/categories?post=83337"},{"taxonomy":"post_tag","embeddable":true,"href":"https:\/\/interamerica.org\/es\/wp-json\/wp\/v2\/tags?post=83337"}],"curies":[{"name":"wp","href":"https:\/\/api.w.org\/{rel}","templated":true}]}}