{"id":83383,"date":"2022-04-06T11:33:20","date_gmt":"2022-04-06T15:33:20","guid":{"rendered":"https:\/\/recursing-golick.147-182-135-0.plesk.page\/?p=83383"},"modified":"2022-04-06T16:11:35","modified_gmt":"2022-04-06T20:11:35","slug":"maranatha-volunteers-international-lleva-a-cabo-primer-evento-presencial-en-dos-anos","status":"publish","type":"post","link":"https:\/\/interamerica.org\/es\/2022\/04\/maranatha-volunteers-international-lleva-a-cabo-primer-evento-presencial-en-dos-anos\/","title":{"rendered":"Maranatha Volunteers International lleva a cabo primer evento presencial en dos a\u00f1os"},"content":{"rendered":"<h4>Casi quinientas personas se reunieron a escuchar testimonios, informes y m\u00fasica inspiradora.<\/h4>\n<p>6 de abril de 2022 | Chattanooga, Tennessee, Estados Unidos | Maranatha Volunteers International, y Adventist Review<\/p>\n<p>El 26 de marzo de 2022, despu\u00e9s de una pausa de dos a\u00f1os en los eventos presenciales, Maranatha Volunteers International dio la bienvenida a casi quinientas personas a Go Maranatha!, una miniconvenci\u00f3n anual en Chattanooga, Tennessee, Estados Unidos. El programa del s\u00e1bado por la tarde cont\u00f3 con testimonios de voluntarios, reportes informativos del campo misionero, y m\u00fasica a cargo de los Aeolians, el premiado coro de la Universidad Oakwood en Huntsville, Alabama.<\/p>\n<p>Gabriel Paulino, presidente de la regi\u00f3n Sudeste de la Iglesia Adventista en la Rep\u00fablica Dominicana, estuvo entre los invitados especiales que tuvieron la palabra. Paulino habl\u00f3 sobre la historia de Maranatha en su pa\u00eds, cuando los voluntarios llegaron a construir 25 iglesias en 1992. \u00c9l, que en ese entonces era adolescente, record\u00f3 el impacto del primer proyecto en su propia vida, y el efecto domin\u00f3 de esas primeras iglesias en el pa\u00eds, dado que a\u00f1o tras a\u00f1o, la feligres\u00eda de la Iglesia Adventista en la Rep\u00fablica Dominicana creci\u00f3, cre\u00e1ndose congregaci\u00f3n tras congregaci\u00f3n nuevas. Ahora como l\u00edder de la iglesia, Paulino explic\u00f3 por qu\u00e9 se le est\u00e1 pidiendo a Maranatha que regrese al pa\u00eds por cuarta vez.<\/p>\n<p><div id=\"attachment_83378\" style=\"width: 838px\" class=\"wp-caption aligncenter\"><img fetchpriority=\"high\" decoding=\"async\" aria-describedby=\"caption-attachment-83378\" class=\" wp-image-83378\" src=\"https:\/\/recursing-golick.147-182-135-0.plesk.page\/wp-content\/uploads\/2022\/04\/go-maranatha-2022-audience-3-1.jpeg\" alt=\"\" width=\"828\" height=\"456\" srcset=\"https:\/\/interamerica.org\/wp-content\/uploads\/2022\/04\/go-maranatha-2022-audience-3-1.jpeg 725w, https:\/\/interamerica.org\/wp-content\/uploads\/2022\/04\/go-maranatha-2022-audience-3-1-300x166.jpeg 300w\" sizes=\"(max-width: 828px) 100vw, 828px\" \/><p id=\"caption-attachment-83378\" class=\"wp-caption-text\">Los Aeolians, el premiado coro de la Universidad Oakwood en Huntsville, Alabama, tuvo a su cargo la m\u00fasica inspiradora. [Fotograf\u00eda: Maranatha Volunteers International]<\/p><\/div>\u201cLa asociaci\u00f3n que represento, la asociaci\u00f3n del Sudeste, es la asociaci\u00f3n m\u00e1s grande de la Rep\u00fablica Dominicana. Tenemos unos noventa mil miembros. Y tan solo en nuestra asociaci\u00f3n, hemos establecido cien [congregaciones] adicionales\u201d, dijo Paulino. \u201cTuvimos que comprar muchas propiedades para construir los nuevos templos. Hemos tenido que contratar unos veinte pastores m\u00e1s [\u2026]. Tenemos lugares muy humildes, atestados y terribles donde se est\u00e1 reuniendo la gente [\u2026], y necesitamos que Maranatha traiga otra vez esos milagros a la Rep\u00fablica Dominicana.<\/p>\n<p>Maranatha ya ha estado preparando un equipo para llevar a la Rep\u00fablica Dominicana, con planes de identificar nuevos proyectos y movilizar a voluntarios m\u00e1s hacia fines de este a\u00f1o.<\/p>\n<p>Otros oradores del evento Go Maranatha! incluyeron a representantes de la India, Per\u00fa, Zambia, Kenia y los Estados Unidos, pa\u00edses en los que Maranatha est\u00e1 trabajando actualmente.<\/p>\n<p><div id=\"attachment_83381\" style=\"width: 823px\" class=\"wp-caption aligncenter\"><img decoding=\"async\" aria-describedby=\"caption-attachment-83381\" class=\" wp-image-83381\" src=\"https:\/\/recursing-golick.147-182-135-0.plesk.page\/wp-content\/uploads\/2022\/04\/go-maranatha-2022-audience-4-1.jpeg\" alt=\"\" width=\"813\" height=\"448\" srcset=\"https:\/\/interamerica.org\/wp-content\/uploads\/2022\/04\/go-maranatha-2022-audience-4-1.jpeg 725w, https:\/\/interamerica.org\/wp-content\/uploads\/2022\/04\/go-maranatha-2022-audience-4-1-300x166.jpeg 300w\" sizes=\"(max-width: 813px) 100vw, 813px\" \/><p id=\"caption-attachment-83381\" class=\"wp-caption-text\">Las personas que asistieron a la miniconvenci\u00f3n Go Maranatha! en Chattanooga escucharon testimonios de video y reportes sobre algunos de los proyectos del ministerio. [Fotograf\u00eda: Maranatha Volunteers International]<\/p><\/div>Asimismo, voluntarios compartieron historias de sus experiencias personales con Maranatha, y de c\u00f3mo los viajes misioneros cambiaron sus vidas de maneras significativas. David Mack, que es voluntario y apoya a Maranatha, comparti\u00f3 su historia de fe en el campo misionero, y entonces inst\u00f3 a todos los del auditorio a que participen en el plan divino de salvar el mundo.<\/p>\n<p>\u201cEste plan, \u00e9l nos quiere. \u00c9l quiere que seamos parte de \u00e9l. \u00bfNo es eso maravilloso? \u00bfQue somos invitados a ayudarle?\u201d, dijo Mack. \u201cUno simplemente le permiso al Se\u00f1or para que utilice nuestra vida, capacidades y talentos [\u2026]. Si uno dice, \u2018hazte cargo\u2019, que el Esp\u00edritu Santo act\u00fae libremente en mi vida, esperen ver que les suceder\u00e1n las cosas m\u00e1s maravillosas\u201d.<\/p>\n<p>La convenci\u00f3n anual de Maranatha se llevar\u00e1 a cabo de manera presencial este a\u00f1o, en Sacramento, California, el fin de semana del 17 de septiembre de 2022. Los l\u00edderes dijeron que se publicar\u00e1n actualizaciones en el sitio web del ministerio en los pr\u00f3ximos meses.<\/p>\n<p>La <a href=\"https:\/\/maranatha.org\/news-events\/first-in-person-event-in-two-years\/\">versi\u00f3n original<\/a> de esta noticia fue publicada por <a href=\"https:\/\/maranatha.org\/\">Maranatha Volunteers International<\/a>.<\/p>\n<p>Traducci\u00f3n de Marcos Paseggi<\/p>\n","protected":false},"excerpt":{"rendered":"<p>Casi quinientas personas se reunieron a escuchar testimonios, informes y m\u00fasica inspiradora. 6 de abril de 2022 | Chattanooga, Tennessee, Estados Unidos | Maranatha Volunteers International, y Adventist Review El&#8230;<\/p>\n","protected":false},"author":3,"featured_media":83374,"comment_status":"closed","ping_status":"closed","sticky":false,"template":"","format":"standard","meta":{"_acf_changed":false,"footnotes":""},"categories":[14,15],"tags":[],"class_list":["post-83383","post","type-post","status-publish","format-standard","has-post-thumbnail","hentry","category-de-la-iglesia-mundial","category-rss-espanol"],"acf":[],"yoast_head":"<!-- This site is optimized with the Yoast SEO plugin v27.3 - https:\/\/yoast.com\/product\/yoast-seo-wordpress\/ -->\n<title>Maranatha Volunteers International lleva a cabo primer evento presencial en dos a\u00f1os - Iglesia Adventista del S\u00e9ptimo D\u00eda - Divisi\u00f3n Interamericana<\/title>\n<meta name=\"robots\" content=\"index, follow, max-snippet:-1, max-image-preview:large, max-video-preview:-1\" \/>\n<link rel=\"canonical\" href=\"https:\/\/interamerica.org\/es\/2022\/04\/maranatha-volunteers-international-lleva-a-cabo-primer-evento-presencial-en-dos-anos\/\" \/>\n<meta property=\"og:locale\" content=\"es_ES\" \/>\n<meta property=\"og:type\" content=\"article\" \/>\n<meta property=\"og:title\" content=\"Maranatha Volunteers International lleva a cabo primer evento presencial en dos a\u00f1os - Iglesia Adventista del S\u00e9ptimo D\u00eda - Divisi\u00f3n Interamericana\" \/>\n<meta property=\"og:description\" content=\"Casi quinientas personas se reunieron a escuchar testimonios, informes y m\u00fasica inspiradora. 6 de abril de 2022 | Chattanooga, Tennessee, Estados Unidos | Maranatha Volunteers International, y Adventist Review El...\" \/>\n<meta property=\"og:url\" content=\"https:\/\/interamerica.org\/es\/2022\/04\/maranatha-volunteers-international-lleva-a-cabo-primer-evento-presencial-en-dos-anos\/\" \/>\n<meta property=\"og:site_name\" content=\"Iglesia Adventista del S\u00e9ptimo D\u00eda - Divisi\u00f3n Interamericana\" \/>\n<meta property=\"article:published_time\" content=\"2022-04-06T15:33:20+00:00\" \/>\n<meta property=\"article:modified_time\" content=\"2022-04-06T20:11:35+00:00\" \/>\n<meta property=\"og:image\" content=\"https:\/\/interamerica.org\/wp-content\/uploads\/2022\/04\/maranatha-volunteers-international-holds-first-in-person-event-in-two-years1.jpeg\" \/>\n\t<meta property=\"og:image:width\" content=\"1920\" \/>\n\t<meta property=\"og:image:height\" content=\"1080\" \/>\n\t<meta property=\"og:image:type\" content=\"image\/jpeg\" \/>\n<meta name=\"author\" content=\"libna\" \/>\n<meta name=\"twitter:card\" content=\"summary_large_image\" \/>\n<meta name=\"twitter:label1\" content=\"Escrito por\" \/>\n\t<meta name=\"twitter:data1\" content=\"libna\" \/>\n\t<meta name=\"twitter:label2\" content=\"Tiempo de lectura\" \/>\n\t<meta name=\"twitter:data2\" content=\"3 minutos\" \/>\n<script type=\"application\/ld+json\" class=\"yoast-schema-graph\">{\"@context\":\"https:\\\/\\\/schema.org\",\"@graph\":[{\"@type\":\"Article\",\"@id\":\"https:\\\/\\\/interamerica.org\\\/es\\\/2022\\\/04\\\/maranatha-volunteers-international-lleva-a-cabo-primer-evento-presencial-en-dos-anos\\\/#article\",\"isPartOf\":{\"@id\":\"https:\\\/\\\/interamerica.org\\\/es\\\/2022\\\/04\\\/maranatha-volunteers-international-lleva-a-cabo-primer-evento-presencial-en-dos-anos\\\/\"},\"author\":{\"name\":\"libna\",\"@id\":\"https:\\\/\\\/interamerica.org\\\/es\\\/#\\\/schema\\\/person\\\/29998f2bc2d8bd0d38662909289b54f1\"},\"headline\":\"Maranatha Volunteers International lleva a cabo primer evento presencial en dos a\u00f1os\",\"datePublished\":\"2022-04-06T15:33:20+00:00\",\"dateModified\":\"2022-04-06T20:11:35+00:00\",\"mainEntityOfPage\":{\"@id\":\"https:\\\/\\\/interamerica.org\\\/es\\\/2022\\\/04\\\/maranatha-volunteers-international-lleva-a-cabo-primer-evento-presencial-en-dos-anos\\\/\"},\"wordCount\":647,\"image\":{\"@id\":\"https:\\\/\\\/interamerica.org\\\/es\\\/2022\\\/04\\\/maranatha-volunteers-international-lleva-a-cabo-primer-evento-presencial-en-dos-anos\\\/#primaryimage\"},\"thumbnailUrl\":\"https:\\\/\\\/interamerica.org\\\/wp-content\\\/uploads\\\/2022\\\/04\\\/maranatha-volunteers-international-holds-first-in-person-event-in-two-years1.jpeg\",\"articleSection\":[\"Desde la iglesia mundial\",\"RSS Espa\u00f1ol\"],\"inLanguage\":\"es\"},{\"@type\":\"WebPage\",\"@id\":\"https:\\\/\\\/interamerica.org\\\/es\\\/2022\\\/04\\\/maranatha-volunteers-international-lleva-a-cabo-primer-evento-presencial-en-dos-anos\\\/\",\"url\":\"https:\\\/\\\/interamerica.org\\\/es\\\/2022\\\/04\\\/maranatha-volunteers-international-lleva-a-cabo-primer-evento-presencial-en-dos-anos\\\/\",\"name\":\"Maranatha Volunteers International lleva a cabo primer evento presencial en dos a\u00f1os - Iglesia Adventista del S\u00e9ptimo D\u00eda - Divisi\u00f3n Interamericana\",\"isPartOf\":{\"@id\":\"https:\\\/\\\/interamerica.org\\\/es\\\/#website\"},\"primaryImageOfPage\":{\"@id\":\"https:\\\/\\\/interamerica.org\\\/es\\\/2022\\\/04\\\/maranatha-volunteers-international-lleva-a-cabo-primer-evento-presencial-en-dos-anos\\\/#primaryimage\"},\"image\":{\"@id\":\"https:\\\/\\\/interamerica.org\\\/es\\\/2022\\\/04\\\/maranatha-volunteers-international-lleva-a-cabo-primer-evento-presencial-en-dos-anos\\\/#primaryimage\"},\"thumbnailUrl\":\"https:\\\/\\\/interamerica.org\\\/wp-content\\\/uploads\\\/2022\\\/04\\\/maranatha-volunteers-international-holds-first-in-person-event-in-two-years1.jpeg\",\"datePublished\":\"2022-04-06T15:33:20+00:00\",\"dateModified\":\"2022-04-06T20:11:35+00:00\",\"author\":{\"@id\":\"https:\\\/\\\/interamerica.org\\\/es\\\/#\\\/schema\\\/person\\\/29998f2bc2d8bd0d38662909289b54f1\"},\"breadcrumb\":{\"@id\":\"https:\\\/\\\/interamerica.org\\\/es\\\/2022\\\/04\\\/maranatha-volunteers-international-lleva-a-cabo-primer-evento-presencial-en-dos-anos\\\/#breadcrumb\"},\"inLanguage\":\"es\",\"potentialAction\":[{\"@type\":\"ReadAction\",\"target\":[\"https:\\\/\\\/interamerica.org\\\/es\\\/2022\\\/04\\\/maranatha-volunteers-international-lleva-a-cabo-primer-evento-presencial-en-dos-anos\\\/\"]}]},{\"@type\":\"ImageObject\",\"inLanguage\":\"es\",\"@id\":\"https:\\\/\\\/interamerica.org\\\/es\\\/2022\\\/04\\\/maranatha-volunteers-international-lleva-a-cabo-primer-evento-presencial-en-dos-anos\\\/#primaryimage\",\"url\":\"https:\\\/\\\/interamerica.org\\\/wp-content\\\/uploads\\\/2022\\\/04\\\/maranatha-volunteers-international-holds-first-in-person-event-in-two-years1.jpeg\",\"contentUrl\":\"https:\\\/\\\/interamerica.org\\\/wp-content\\\/uploads\\\/2022\\\/04\\\/maranatha-volunteers-international-holds-first-in-person-event-in-two-years1.jpeg\",\"width\":1920,\"height\":1080},{\"@type\":\"BreadcrumbList\",\"@id\":\"https:\\\/\\\/interamerica.org\\\/es\\\/2022\\\/04\\\/maranatha-volunteers-international-lleva-a-cabo-primer-evento-presencial-en-dos-anos\\\/#breadcrumb\",\"itemListElement\":[{\"@type\":\"ListItem\",\"position\":1,\"name\":\"Home\",\"item\":\"https:\\\/\\\/interamerica.org\\\/es\\\/\"},{\"@type\":\"ListItem\",\"position\":2,\"name\":\"Maranatha Volunteers International lleva a cabo primer evento presencial en dos a\u00f1os\"}]},{\"@type\":\"WebSite\",\"@id\":\"https:\\\/\\\/interamerica.org\\\/es\\\/#website\",\"url\":\"https:\\\/\\\/interamerica.org\\\/es\\\/\",\"name\":\"Iglesia Adventista del S\u00e9ptimo D\u00eda - Divisi\u00f3n Interamericana\",\"description\":\"\",\"potentialAction\":[{\"@type\":\"SearchAction\",\"target\":{\"@type\":\"EntryPoint\",\"urlTemplate\":\"https:\\\/\\\/interamerica.org\\\/es\\\/?s={search_term_string}\"},\"query-input\":{\"@type\":\"PropertyValueSpecification\",\"valueRequired\":true,\"valueName\":\"search_term_string\"}}],\"inLanguage\":\"es\"},{\"@type\":\"Person\",\"@id\":\"https:\\\/\\\/interamerica.org\\\/es\\\/#\\\/schema\\\/person\\\/29998f2bc2d8bd0d38662909289b54f1\",\"name\":\"libna\",\"image\":{\"@type\":\"ImageObject\",\"inLanguage\":\"es\",\"@id\":\"https:\\\/\\\/secure.gravatar.com\\\/avatar\\\/7c5bd30ae4b47a9ba3c856590957fd1d96dc588bf3ac05719d247e126840331f?s=96&d=mm&r=g\",\"url\":\"https:\\\/\\\/secure.gravatar.com\\\/avatar\\\/7c5bd30ae4b47a9ba3c856590957fd1d96dc588bf3ac05719d247e126840331f?s=96&d=mm&r=g\",\"contentUrl\":\"https:\\\/\\\/secure.gravatar.com\\\/avatar\\\/7c5bd30ae4b47a9ba3c856590957fd1d96dc588bf3ac05719d247e126840331f?s=96&d=mm&r=g\",\"caption\":\"libna\"}}]}<\/script>\n<!-- \/ Yoast SEO plugin. -->","yoast_head_json":{"title":"Maranatha Volunteers International lleva a cabo primer evento presencial en dos a\u00f1os - Iglesia Adventista del S\u00e9ptimo D\u00eda - Divisi\u00f3n Interamericana","robots":{"index":"index","follow":"follow","max-snippet":"max-snippet:-1","max-image-preview":"max-image-preview:large","max-video-preview":"max-video-preview:-1"},"canonical":"https:\/\/interamerica.org\/es\/2022\/04\/maranatha-volunteers-international-lleva-a-cabo-primer-evento-presencial-en-dos-anos\/","og_locale":"es_ES","og_type":"article","og_title":"Maranatha Volunteers International lleva a cabo primer evento presencial en dos a\u00f1os - Iglesia Adventista del S\u00e9ptimo D\u00eda - Divisi\u00f3n Interamericana","og_description":"Casi quinientas personas se reunieron a escuchar testimonios, informes y m\u00fasica inspiradora. 6 de abril de 2022 | Chattanooga, Tennessee, Estados Unidos | Maranatha Volunteers International, y Adventist Review El...","og_url":"https:\/\/interamerica.org\/es\/2022\/04\/maranatha-volunteers-international-lleva-a-cabo-primer-evento-presencial-en-dos-anos\/","og_site_name":"Iglesia Adventista del S\u00e9ptimo D\u00eda - Divisi\u00f3n Interamericana","article_published_time":"2022-04-06T15:33:20+00:00","article_modified_time":"2022-04-06T20:11:35+00:00","og_image":[{"width":1920,"height":1080,"url":"https:\/\/interamerica.org\/wp-content\/uploads\/2022\/04\/maranatha-volunteers-international-holds-first-in-person-event-in-two-years1.jpeg","type":"image\/jpeg"}],"author":"libna","twitter_card":"summary_large_image","twitter_misc":{"Escrito por":"libna","Tiempo de lectura":"3 minutos"},"schema":{"@context":"https:\/\/schema.org","@graph":[{"@type":"Article","@id":"https:\/\/interamerica.org\/es\/2022\/04\/maranatha-volunteers-international-lleva-a-cabo-primer-evento-presencial-en-dos-anos\/#article","isPartOf":{"@id":"https:\/\/interamerica.org\/es\/2022\/04\/maranatha-volunteers-international-lleva-a-cabo-primer-evento-presencial-en-dos-anos\/"},"author":{"name":"libna","@id":"https:\/\/interamerica.org\/es\/#\/schema\/person\/29998f2bc2d8bd0d38662909289b54f1"},"headline":"Maranatha Volunteers International lleva a cabo primer evento presencial en dos a\u00f1os","datePublished":"2022-04-06T15:33:20+00:00","dateModified":"2022-04-06T20:11:35+00:00","mainEntityOfPage":{"@id":"https:\/\/interamerica.org\/es\/2022\/04\/maranatha-volunteers-international-lleva-a-cabo-primer-evento-presencial-en-dos-anos\/"},"wordCount":647,"image":{"@id":"https:\/\/interamerica.org\/es\/2022\/04\/maranatha-volunteers-international-lleva-a-cabo-primer-evento-presencial-en-dos-anos\/#primaryimage"},"thumbnailUrl":"https:\/\/interamerica.org\/wp-content\/uploads\/2022\/04\/maranatha-volunteers-international-holds-first-in-person-event-in-two-years1.jpeg","articleSection":["Desde la iglesia mundial","RSS Espa\u00f1ol"],"inLanguage":"es"},{"@type":"WebPage","@id":"https:\/\/interamerica.org\/es\/2022\/04\/maranatha-volunteers-international-lleva-a-cabo-primer-evento-presencial-en-dos-anos\/","url":"https:\/\/interamerica.org\/es\/2022\/04\/maranatha-volunteers-international-lleva-a-cabo-primer-evento-presencial-en-dos-anos\/","name":"Maranatha Volunteers International lleva a cabo primer evento presencial en dos a\u00f1os - Iglesia Adventista del S\u00e9ptimo D\u00eda - Divisi\u00f3n Interamericana","isPartOf":{"@id":"https:\/\/interamerica.org\/es\/#website"},"primaryImageOfPage":{"@id":"https:\/\/interamerica.org\/es\/2022\/04\/maranatha-volunteers-international-lleva-a-cabo-primer-evento-presencial-en-dos-anos\/#primaryimage"},"image":{"@id":"https:\/\/interamerica.org\/es\/2022\/04\/maranatha-volunteers-international-lleva-a-cabo-primer-evento-presencial-en-dos-anos\/#primaryimage"},"thumbnailUrl":"https:\/\/interamerica.org\/wp-content\/uploads\/2022\/04\/maranatha-volunteers-international-holds-first-in-person-event-in-two-years1.jpeg","datePublished":"2022-04-06T15:33:20+00:00","dateModified":"2022-04-06T20:11:35+00:00","author":{"@id":"https:\/\/interamerica.org\/es\/#\/schema\/person\/29998f2bc2d8bd0d38662909289b54f1"},"breadcrumb":{"@id":"https:\/\/interamerica.org\/es\/2022\/04\/maranatha-volunteers-international-lleva-a-cabo-primer-evento-presencial-en-dos-anos\/#breadcrumb"},"inLanguage":"es","potentialAction":[{"@type":"ReadAction","target":["https:\/\/interamerica.org\/es\/2022\/04\/maranatha-volunteers-international-lleva-a-cabo-primer-evento-presencial-en-dos-anos\/"]}]},{"@type":"ImageObject","inLanguage":"es","@id":"https:\/\/interamerica.org\/es\/2022\/04\/maranatha-volunteers-international-lleva-a-cabo-primer-evento-presencial-en-dos-anos\/#primaryimage","url":"https:\/\/interamerica.org\/wp-content\/uploads\/2022\/04\/maranatha-volunteers-international-holds-first-in-person-event-in-two-years1.jpeg","contentUrl":"https:\/\/interamerica.org\/wp-content\/uploads\/2022\/04\/maranatha-volunteers-international-holds-first-in-person-event-in-two-years1.jpeg","width":1920,"height":1080},{"@type":"BreadcrumbList","@id":"https:\/\/interamerica.org\/es\/2022\/04\/maranatha-volunteers-international-lleva-a-cabo-primer-evento-presencial-en-dos-anos\/#breadcrumb","itemListElement":[{"@type":"ListItem","position":1,"name":"Home","item":"https:\/\/interamerica.org\/es\/"},{"@type":"ListItem","position":2,"name":"Maranatha Volunteers International lleva a cabo primer evento presencial en dos a\u00f1os"}]},{"@type":"WebSite","@id":"https:\/\/interamerica.org\/es\/#website","url":"https:\/\/interamerica.org\/es\/","name":"Iglesia Adventista del S\u00e9ptimo D\u00eda - Divisi\u00f3n Interamericana","description":"","potentialAction":[{"@type":"SearchAction","target":{"@type":"EntryPoint","urlTemplate":"https:\/\/interamerica.org\/es\/?s={search_term_string}"},"query-input":{"@type":"PropertyValueSpecification","valueRequired":true,"valueName":"search_term_string"}}],"inLanguage":"es"},{"@type":"Person","@id":"https:\/\/interamerica.org\/es\/#\/schema\/person\/29998f2bc2d8bd0d38662909289b54f1","name":"libna","image":{"@type":"ImageObject","inLanguage":"es","@id":"https:\/\/secure.gravatar.com\/avatar\/7c5bd30ae4b47a9ba3c856590957fd1d96dc588bf3ac05719d247e126840331f?s=96&d=mm&r=g","url":"https:\/\/secure.gravatar.com\/avatar\/7c5bd30ae4b47a9ba3c856590957fd1d96dc588bf3ac05719d247e126840331f?s=96&d=mm&r=g","contentUrl":"https:\/\/secure.gravatar.com\/avatar\/7c5bd30ae4b47a9ba3c856590957fd1d96dc588bf3ac05719d247e126840331f?s=96&d=mm&r=g","caption":"libna"}}]}},"_links":{"self":[{"href":"https:\/\/interamerica.org\/es\/wp-json\/wp\/v2\/posts\/83383","targetHints":{"allow":["GET"]}}],"collection":[{"href":"https:\/\/interamerica.org\/es\/wp-json\/wp\/v2\/posts"}],"about":[{"href":"https:\/\/interamerica.org\/es\/wp-json\/wp\/v2\/types\/post"}],"author":[{"embeddable":true,"href":"https:\/\/interamerica.org\/es\/wp-json\/wp\/v2\/users\/3"}],"replies":[{"embeddable":true,"href":"https:\/\/interamerica.org\/es\/wp-json\/wp\/v2\/comments?post=83383"}],"version-history":[{"count":0,"href":"https:\/\/interamerica.org\/es\/wp-json\/wp\/v2\/posts\/83383\/revisions"}],"wp:featuredmedia":[{"embeddable":true,"href":"https:\/\/interamerica.org\/es\/wp-json\/wp\/v2\/media\/83374"}],"wp:attachment":[{"href":"https:\/\/interamerica.org\/es\/wp-json\/wp\/v2\/media?parent=83383"}],"wp:term":[{"taxonomy":"category","embeddable":true,"href":"https:\/\/interamerica.org\/es\/wp-json\/wp\/v2\/categories?post=83383"},{"taxonomy":"post_tag","embeddable":true,"href":"https:\/\/interamerica.org\/es\/wp-json\/wp\/v2\/tags?post=83383"}],"curies":[{"name":"wp","href":"https:\/\/api.w.org\/{rel}","templated":true}]}}