{"id":83679,"date":"2022-04-12T16:22:29","date_gmt":"2022-04-12T20:22:29","guid":{"rendered":"https:\/\/recursing-golick.147-182-135-0.plesk.page\/?p=83679"},"modified":"2022-04-14T10:10:31","modified_gmt":"2022-04-14T14:10:31","slug":"junta-ejecutiva-de-la-iglesia-adventista-acuerda-adjuntar-temporariamente-la-oficina-administrativa-ucraniana-a-la-asociacion-general","status":"publish","type":"post","link":"https:\/\/interamerica.org\/es\/2022\/04\/junta-ejecutiva-de-la-iglesia-adventista-acuerda-adjuntar-temporariamente-la-oficina-administrativa-ucraniana-a-la-asociacion-general\/","title":{"rendered":"Junta ejecutiva de la Iglesia Adventista acuerda adjuntar temporariamente la oficina administrativa ucraniana a la Asociaci\u00f3n General"},"content":{"rendered":"<p>Se tom\u00f3 la decisi\u00f3n al continuar los asuntos geopol\u00edticos causando desaf\u00edos administrativos en Ucrania.<\/p>\n<p>12 de abril de 2022 | Silver Spring, Maryland, Estados Unidos | Red de Noticias Adventistas y \u00a0Adventist Review<\/p>\n<p>Durante su Junta de Primavera anual, la Junta Ejecutiva de la Asociaci\u00f3n General (AG) de los Adventistas del S\u00e9ptimo D\u00eda, vot\u00f3 un\u00e1nimemente el 12 de abril, adjuntar directamente a la Asociaci\u00f3n General, la Uni\u00f3n Asociaci\u00f3n Ucraniana (UUC), la regi\u00f3n administrativa de la iglesia que abarca el pa\u00eds de Ucrania, hasta que puedan hacerse otros arreglos, La Asociaci\u00f3n General es la entidad administrativa con sede en Silver Spring, Maryland, Estados Unidos, que supervisa la iglesia mundial.<\/p>\n<p>Previamente, dicha Uni\u00f3n Ucraniana formaba parte de la Divisi\u00f3n Euroasi\u00e1tica de la Asociaci\u00f3n General.<\/p>\n<p>De acuerdo con el voto tomado por la Junta Ejecutiva de la AG, la condici\u00f3n de campo adjunto de la Uni\u00f3n Ucraniana a la AG es efectivo inmediatamente y viene a ser resultado de los \u201casuntos geopol\u00edticos actuales que est\u00e1n causando desaf\u00edos administrativos y misionales a la Uni\u00f3n Asociaci\u00f3n Ucraniana y a la Divisi\u00f3n Euroasi\u00e1tica\u201d.<\/p>\n<p>\u201cEn el contexto de los eventos actuales\u201d, dijo el presidente de la AG, Ted N. C. Wilson, \u201cse ha hecho por dem\u00e1s evidente que la Uni\u00f3n Asociaci\u00f3n Ucraniana de los Adventistas del S\u00e9ptimo D\u00eda, debe separarse de la Divisi\u00f3n Euroasi\u00e1tica y adjuntarse temporariamente en forma directa a la \u00a0Asociaci\u00f3n General de los Adventistas del S\u00e9ptimo D\u00eda. Pido por favor que oren porque Dios gu\u00ede su obra \u00a0en Ucrania, al continuar la iglesia siguiendo en las pisadas de Cristo, al ministrar en favor de la gente en forma f\u00edsica, mental, social y espiritual, durante estos tiempos desafiantes\u201d.<\/p>\n<p>De acuerdo con el voto tomado hoy por la Junta Ejecutiva de la AG, 21 miembros de la Comisi\u00f3n de Supervisi\u00f3n de la Uni\u00f3n Asociaci\u00f3n Ucraniana, presidida por el vicepresidente de la AG, Artur Stele, proveer\u00e1n orientaci\u00f3n y supervisi\u00f3n directa desde la AG, en las actividades de la denominaci\u00f3n en Ucrania. Adem\u00e1s de lo anterior y de acuerdo con el voto acordado, la calidad de campo adjunto de la Uni\u00f3n Ucraniana a la Asociaci\u00f3n General, habr\u00e1 de revisarse peri\u00f3dicamente \u201cpara determinar el mejor camino a seguir para el avance de la organizaci\u00f3n y su misi\u00f3n\u201d.<\/p>\n<p>\u201cLa estructura de la iglesia debe estar sujeta siempre a la misi\u00f3n de la iglesia\u201d, dijo el vicepresidente Stele. \u201cDesafortunadamente, no vivimos en un mundo perfecto. La tr\u00e1gica situaci\u00f3n actual en Ucrania simplemente requiere un cambio en la estructura operativa a fin de que pueda cumplirse la misi\u00f3n. Hemos escuchado atentamente a nuestros dirigentes en Ucrania, as\u00ed como a los dirigentes de la Divisi\u00f3n Euroasi\u00e1tica y se ha hecho m\u00e1s que patente que era necesario un cambio\u201d, dijo.<\/p>\n<p>\u201cLos traum\u00e1ticos y tr\u00e1gicos eventos que han tenido lugar recientemente en Ucrania han afectado profundamente el mundo\u201d, dijo el presidente Wilson. \u201cNuestro coraz\u00f3n est\u00e1 sumamente entristecido y cargado por la terrible violencia y p\u00e9rdida de vidas en Ucrania. Oramos fervientemente porque se ponga fin al derramamiento de sangre y por paz, a fin de que podamos estar nuevamente en Ucrania y en Rusia; y estamos muy agradecidos por la manifestaci\u00f3n de amor y solicitud cristiana manifestada por tantos miembros de iglesia en Europa del Este y en todo el mundo en relaci\u00f3n con esta tragedia de tantos refugiados huyendo de su pa\u00eds\u201d.<\/p>\n<p>La Divisi\u00f3n Euroasi\u00e1tica continuar\u00e1 su labor de administrar las actividades de la Iglesia Adventista del S\u00e9ptimo D\u00eda en el resto de su territorio asignado.<\/p>\n<p>\u201cOren por favor en procura de la bendici\u00f3n y gu\u00eda de Dios en esta importante regi\u00f3n de la gran iglesia mundial de Dios, especialmente durante estos d\u00edas tan llenos de desaf\u00edos\u201d, dijo el presidente Wilson.<\/p>\n<p>El vicepresidente Stele hizo notar que es importante\u00a0 recordar que aun en esas circunstancias, todos somos hijos de Dios y deseamos estar juntos cuando Jes\u00fas regrese. \u201cTenemos el mismo Padre. Estamos esperando el mismo reino celestial\u201d, dijo. \u201cNuestros feligreses en la Divisi\u00f3n Euroasi\u00e1tica son miembros de la misma familia. Se aman unos a otros, se preocupan los unos por los otros, se desean lo mejor unos a otros y tienen planes de estar juntos en el cielo. Aun con el cambio de estructura, aun cuando la horrible situaci\u00f3n ha forzado a nuestro pueblo a estar separados unos de otros, ellos todav\u00eda oran unos por otros y esperan con anhelo un d\u00eda cuando todos podamos estar unidos y podamos adorar juntos cara a cara a nuestro Salvador Cristo Jes\u00fas\u201d.<\/p>\n<p>Traducci\u00f3n \u2013 Gloria A. Castrej\u00f3n<\/p>\n<p>&nbsp;<\/p>\n<p>h<\/p>\n","protected":false},"excerpt":{"rendered":"<p>Se tom\u00f3 la decisi\u00f3n al continuar los asuntos geopol\u00edticos causando desaf\u00edos administrativos en Ucrania. 12 de abril de 2022 | Silver Spring, Maryland, Estados Unidos | Red de Noticias Adventistas&#8230;<\/p>\n","protected":false},"author":3,"featured_media":83658,"comment_status":"closed","ping_status":"closed","sticky":false,"template":"","format":"standard","meta":{"_acf_changed":false,"footnotes":""},"categories":[14,15],"tags":[],"class_list":["post-83679","post","type-post","status-publish","format-standard","has-post-thumbnail","hentry","category-de-la-iglesia-mundial","category-rss-espanol"],"acf":[],"yoast_head":"<!-- This site is optimized with the Yoast SEO plugin v27.3 - https:\/\/yoast.com\/product\/yoast-seo-wordpress\/ -->\n<title>Junta ejecutiva de la Iglesia Adventista acuerda adjuntar temporariamente la oficina administrativa ucraniana a la Asociaci\u00f3n General - Iglesia Adventista del S\u00e9ptimo D\u00eda - Divisi\u00f3n Interamericana<\/title>\n<meta name=\"robots\" content=\"index, follow, max-snippet:-1, max-image-preview:large, max-video-preview:-1\" \/>\n<link rel=\"canonical\" href=\"https:\/\/interamerica.org\/es\/2022\/04\/junta-ejecutiva-de-la-iglesia-adventista-acuerda-adjuntar-temporariamente-la-oficina-administrativa-ucraniana-a-la-asociacion-general\/\" \/>\n<meta property=\"og:locale\" content=\"es_ES\" \/>\n<meta property=\"og:type\" content=\"article\" \/>\n<meta property=\"og:title\" content=\"Junta ejecutiva de la Iglesia Adventista acuerda adjuntar temporariamente la oficina administrativa ucraniana a la Asociaci\u00f3n General - Iglesia Adventista del S\u00e9ptimo D\u00eda - Divisi\u00f3n Interamericana\" \/>\n<meta property=\"og:description\" content=\"Se tom\u00f3 la decisi\u00f3n al continuar los asuntos geopol\u00edticos causando desaf\u00edos administrativos en Ucrania. 12 de abril de 2022 | Silver Spring, Maryland, Estados Unidos | Red de Noticias Adventistas...\" \/>\n<meta property=\"og:url\" content=\"https:\/\/interamerica.org\/es\/2022\/04\/junta-ejecutiva-de-la-iglesia-adventista-acuerda-adjuntar-temporariamente-la-oficina-administrativa-ucraniana-a-la-asociacion-general\/\" \/>\n<meta property=\"og:site_name\" content=\"Iglesia Adventista del S\u00e9ptimo D\u00eda - Divisi\u00f3n Interamericana\" \/>\n<meta property=\"article:published_time\" content=\"2022-04-12T20:22:29+00:00\" \/>\n<meta property=\"article:modified_time\" content=\"2022-04-14T14:10:31+00:00\" \/>\n<meta property=\"og:image\" content=\"https:\/\/interamerica.org\/wp-content\/uploads\/2022\/04\/ukraine-max-kukurudziak-qbc3zmxw0g8-unsplash.jpg\" \/>\n\t<meta property=\"og:image:width\" content=\"1280\" \/>\n\t<meta property=\"og:image:height\" content=\"800\" \/>\n\t<meta property=\"og:image:type\" content=\"image\/jpeg\" \/>\n<meta name=\"author\" content=\"libna\" \/>\n<meta name=\"twitter:card\" content=\"summary_large_image\" \/>\n<meta name=\"twitter:label1\" content=\"Escrito por\" \/>\n\t<meta name=\"twitter:data1\" content=\"libna\" \/>\n\t<meta name=\"twitter:label2\" content=\"Tiempo de lectura\" \/>\n\t<meta name=\"twitter:data2\" content=\"4 minutos\" \/>\n<script type=\"application\/ld+json\" class=\"yoast-schema-graph\">{\"@context\":\"https:\\\/\\\/schema.org\",\"@graph\":[{\"@type\":\"Article\",\"@id\":\"https:\\\/\\\/interamerica.org\\\/es\\\/2022\\\/04\\\/junta-ejecutiva-de-la-iglesia-adventista-acuerda-adjuntar-temporariamente-la-oficina-administrativa-ucraniana-a-la-asociacion-general\\\/#article\",\"isPartOf\":{\"@id\":\"https:\\\/\\\/interamerica.org\\\/es\\\/2022\\\/04\\\/junta-ejecutiva-de-la-iglesia-adventista-acuerda-adjuntar-temporariamente-la-oficina-administrativa-ucraniana-a-la-asociacion-general\\\/\"},\"author\":{\"name\":\"libna\",\"@id\":\"https:\\\/\\\/interamerica.org\\\/es\\\/#\\\/schema\\\/person\\\/29998f2bc2d8bd0d38662909289b54f1\"},\"headline\":\"Junta ejecutiva de la Iglesia Adventista acuerda adjuntar temporariamente la oficina administrativa ucraniana a la Asociaci\u00f3n General\",\"datePublished\":\"2022-04-12T20:22:29+00:00\",\"dateModified\":\"2022-04-14T14:10:31+00:00\",\"mainEntityOfPage\":{\"@id\":\"https:\\\/\\\/interamerica.org\\\/es\\\/2022\\\/04\\\/junta-ejecutiva-de-la-iglesia-adventista-acuerda-adjuntar-temporariamente-la-oficina-administrativa-ucraniana-a-la-asociacion-general\\\/\"},\"wordCount\":837,\"image\":{\"@id\":\"https:\\\/\\\/interamerica.org\\\/es\\\/2022\\\/04\\\/junta-ejecutiva-de-la-iglesia-adventista-acuerda-adjuntar-temporariamente-la-oficina-administrativa-ucraniana-a-la-asociacion-general\\\/#primaryimage\"},\"thumbnailUrl\":\"https:\\\/\\\/interamerica.org\\\/wp-content\\\/uploads\\\/2022\\\/04\\\/ukraine-max-kukurudziak-qbc3zmxw0g8-unsplash.jpg\",\"articleSection\":[\"Desde la iglesia mundial\",\"RSS Espa\u00f1ol\"],\"inLanguage\":\"es\"},{\"@type\":\"WebPage\",\"@id\":\"https:\\\/\\\/interamerica.org\\\/es\\\/2022\\\/04\\\/junta-ejecutiva-de-la-iglesia-adventista-acuerda-adjuntar-temporariamente-la-oficina-administrativa-ucraniana-a-la-asociacion-general\\\/\",\"url\":\"https:\\\/\\\/interamerica.org\\\/es\\\/2022\\\/04\\\/junta-ejecutiva-de-la-iglesia-adventista-acuerda-adjuntar-temporariamente-la-oficina-administrativa-ucraniana-a-la-asociacion-general\\\/\",\"name\":\"Junta ejecutiva de la Iglesia Adventista acuerda adjuntar temporariamente la oficina administrativa ucraniana a la Asociaci\u00f3n General - Iglesia Adventista del S\u00e9ptimo D\u00eda - Divisi\u00f3n Interamericana\",\"isPartOf\":{\"@id\":\"https:\\\/\\\/interamerica.org\\\/es\\\/#website\"},\"primaryImageOfPage\":{\"@id\":\"https:\\\/\\\/interamerica.org\\\/es\\\/2022\\\/04\\\/junta-ejecutiva-de-la-iglesia-adventista-acuerda-adjuntar-temporariamente-la-oficina-administrativa-ucraniana-a-la-asociacion-general\\\/#primaryimage\"},\"image\":{\"@id\":\"https:\\\/\\\/interamerica.org\\\/es\\\/2022\\\/04\\\/junta-ejecutiva-de-la-iglesia-adventista-acuerda-adjuntar-temporariamente-la-oficina-administrativa-ucraniana-a-la-asociacion-general\\\/#primaryimage\"},\"thumbnailUrl\":\"https:\\\/\\\/interamerica.org\\\/wp-content\\\/uploads\\\/2022\\\/04\\\/ukraine-max-kukurudziak-qbc3zmxw0g8-unsplash.jpg\",\"datePublished\":\"2022-04-12T20:22:29+00:00\",\"dateModified\":\"2022-04-14T14:10:31+00:00\",\"author\":{\"@id\":\"https:\\\/\\\/interamerica.org\\\/es\\\/#\\\/schema\\\/person\\\/29998f2bc2d8bd0d38662909289b54f1\"},\"breadcrumb\":{\"@id\":\"https:\\\/\\\/interamerica.org\\\/es\\\/2022\\\/04\\\/junta-ejecutiva-de-la-iglesia-adventista-acuerda-adjuntar-temporariamente-la-oficina-administrativa-ucraniana-a-la-asociacion-general\\\/#breadcrumb\"},\"inLanguage\":\"es\",\"potentialAction\":[{\"@type\":\"ReadAction\",\"target\":[\"https:\\\/\\\/interamerica.org\\\/es\\\/2022\\\/04\\\/junta-ejecutiva-de-la-iglesia-adventista-acuerda-adjuntar-temporariamente-la-oficina-administrativa-ucraniana-a-la-asociacion-general\\\/\"]}]},{\"@type\":\"ImageObject\",\"inLanguage\":\"es\",\"@id\":\"https:\\\/\\\/interamerica.org\\\/es\\\/2022\\\/04\\\/junta-ejecutiva-de-la-iglesia-adventista-acuerda-adjuntar-temporariamente-la-oficina-administrativa-ucraniana-a-la-asociacion-general\\\/#primaryimage\",\"url\":\"https:\\\/\\\/interamerica.org\\\/wp-content\\\/uploads\\\/2022\\\/04\\\/ukraine-max-kukurudziak-qbc3zmxw0g8-unsplash.jpg\",\"contentUrl\":\"https:\\\/\\\/interamerica.org\\\/wp-content\\\/uploads\\\/2022\\\/04\\\/ukraine-max-kukurudziak-qbc3zmxw0g8-unsplash.jpg\",\"width\":1280,\"height\":800,\"caption\":\"[Imagen: Max Kukurdziak\\\/Unsplash]\"},{\"@type\":\"BreadcrumbList\",\"@id\":\"https:\\\/\\\/interamerica.org\\\/es\\\/2022\\\/04\\\/junta-ejecutiva-de-la-iglesia-adventista-acuerda-adjuntar-temporariamente-la-oficina-administrativa-ucraniana-a-la-asociacion-general\\\/#breadcrumb\",\"itemListElement\":[{\"@type\":\"ListItem\",\"position\":1,\"name\":\"Home\",\"item\":\"https:\\\/\\\/interamerica.org\\\/es\\\/\"},{\"@type\":\"ListItem\",\"position\":2,\"name\":\"Junta ejecutiva de la Iglesia Adventista acuerda adjuntar temporariamente la oficina administrativa ucraniana a la Asociaci\u00f3n General\"}]},{\"@type\":\"WebSite\",\"@id\":\"https:\\\/\\\/interamerica.org\\\/es\\\/#website\",\"url\":\"https:\\\/\\\/interamerica.org\\\/es\\\/\",\"name\":\"Iglesia Adventista del S\u00e9ptimo D\u00eda - Divisi\u00f3n Interamericana\",\"description\":\"\",\"potentialAction\":[{\"@type\":\"SearchAction\",\"target\":{\"@type\":\"EntryPoint\",\"urlTemplate\":\"https:\\\/\\\/interamerica.org\\\/es\\\/?s={search_term_string}\"},\"query-input\":{\"@type\":\"PropertyValueSpecification\",\"valueRequired\":true,\"valueName\":\"search_term_string\"}}],\"inLanguage\":\"es\"},{\"@type\":\"Person\",\"@id\":\"https:\\\/\\\/interamerica.org\\\/es\\\/#\\\/schema\\\/person\\\/29998f2bc2d8bd0d38662909289b54f1\",\"name\":\"libna\",\"image\":{\"@type\":\"ImageObject\",\"inLanguage\":\"es\",\"@id\":\"https:\\\/\\\/secure.gravatar.com\\\/avatar\\\/7c5bd30ae4b47a9ba3c856590957fd1d96dc588bf3ac05719d247e126840331f?s=96&d=mm&r=g\",\"url\":\"https:\\\/\\\/secure.gravatar.com\\\/avatar\\\/7c5bd30ae4b47a9ba3c856590957fd1d96dc588bf3ac05719d247e126840331f?s=96&d=mm&r=g\",\"contentUrl\":\"https:\\\/\\\/secure.gravatar.com\\\/avatar\\\/7c5bd30ae4b47a9ba3c856590957fd1d96dc588bf3ac05719d247e126840331f?s=96&d=mm&r=g\",\"caption\":\"libna\"}}]}<\/script>\n<!-- \/ Yoast SEO plugin. -->","yoast_head_json":{"title":"Junta ejecutiva de la Iglesia Adventista acuerda adjuntar temporariamente la oficina administrativa ucraniana a la Asociaci\u00f3n General - Iglesia Adventista del S\u00e9ptimo D\u00eda - Divisi\u00f3n Interamericana","robots":{"index":"index","follow":"follow","max-snippet":"max-snippet:-1","max-image-preview":"max-image-preview:large","max-video-preview":"max-video-preview:-1"},"canonical":"https:\/\/interamerica.org\/es\/2022\/04\/junta-ejecutiva-de-la-iglesia-adventista-acuerda-adjuntar-temporariamente-la-oficina-administrativa-ucraniana-a-la-asociacion-general\/","og_locale":"es_ES","og_type":"article","og_title":"Junta ejecutiva de la Iglesia Adventista acuerda adjuntar temporariamente la oficina administrativa ucraniana a la Asociaci\u00f3n General - Iglesia Adventista del S\u00e9ptimo D\u00eda - Divisi\u00f3n Interamericana","og_description":"Se tom\u00f3 la decisi\u00f3n al continuar los asuntos geopol\u00edticos causando desaf\u00edos administrativos en Ucrania. 12 de abril de 2022 | Silver Spring, Maryland, Estados Unidos | Red de Noticias Adventistas...","og_url":"https:\/\/interamerica.org\/es\/2022\/04\/junta-ejecutiva-de-la-iglesia-adventista-acuerda-adjuntar-temporariamente-la-oficina-administrativa-ucraniana-a-la-asociacion-general\/","og_site_name":"Iglesia Adventista del S\u00e9ptimo D\u00eda - Divisi\u00f3n Interamericana","article_published_time":"2022-04-12T20:22:29+00:00","article_modified_time":"2022-04-14T14:10:31+00:00","og_image":[{"width":1280,"height":800,"url":"https:\/\/interamerica.org\/wp-content\/uploads\/2022\/04\/ukraine-max-kukurudziak-qbc3zmxw0g8-unsplash.jpg","type":"image\/jpeg"}],"author":"libna","twitter_card":"summary_large_image","twitter_misc":{"Escrito por":"libna","Tiempo de lectura":"4 minutos"},"schema":{"@context":"https:\/\/schema.org","@graph":[{"@type":"Article","@id":"https:\/\/interamerica.org\/es\/2022\/04\/junta-ejecutiva-de-la-iglesia-adventista-acuerda-adjuntar-temporariamente-la-oficina-administrativa-ucraniana-a-la-asociacion-general\/#article","isPartOf":{"@id":"https:\/\/interamerica.org\/es\/2022\/04\/junta-ejecutiva-de-la-iglesia-adventista-acuerda-adjuntar-temporariamente-la-oficina-administrativa-ucraniana-a-la-asociacion-general\/"},"author":{"name":"libna","@id":"https:\/\/interamerica.org\/es\/#\/schema\/person\/29998f2bc2d8bd0d38662909289b54f1"},"headline":"Junta ejecutiva de la Iglesia Adventista acuerda adjuntar temporariamente la oficina administrativa ucraniana a la Asociaci\u00f3n General","datePublished":"2022-04-12T20:22:29+00:00","dateModified":"2022-04-14T14:10:31+00:00","mainEntityOfPage":{"@id":"https:\/\/interamerica.org\/es\/2022\/04\/junta-ejecutiva-de-la-iglesia-adventista-acuerda-adjuntar-temporariamente-la-oficina-administrativa-ucraniana-a-la-asociacion-general\/"},"wordCount":837,"image":{"@id":"https:\/\/interamerica.org\/es\/2022\/04\/junta-ejecutiva-de-la-iglesia-adventista-acuerda-adjuntar-temporariamente-la-oficina-administrativa-ucraniana-a-la-asociacion-general\/#primaryimage"},"thumbnailUrl":"https:\/\/interamerica.org\/wp-content\/uploads\/2022\/04\/ukraine-max-kukurudziak-qbc3zmxw0g8-unsplash.jpg","articleSection":["Desde la iglesia mundial","RSS Espa\u00f1ol"],"inLanguage":"es"},{"@type":"WebPage","@id":"https:\/\/interamerica.org\/es\/2022\/04\/junta-ejecutiva-de-la-iglesia-adventista-acuerda-adjuntar-temporariamente-la-oficina-administrativa-ucraniana-a-la-asociacion-general\/","url":"https:\/\/interamerica.org\/es\/2022\/04\/junta-ejecutiva-de-la-iglesia-adventista-acuerda-adjuntar-temporariamente-la-oficina-administrativa-ucraniana-a-la-asociacion-general\/","name":"Junta ejecutiva de la Iglesia Adventista acuerda adjuntar temporariamente la oficina administrativa ucraniana a la Asociaci\u00f3n General - Iglesia Adventista del S\u00e9ptimo D\u00eda - Divisi\u00f3n Interamericana","isPartOf":{"@id":"https:\/\/interamerica.org\/es\/#website"},"primaryImageOfPage":{"@id":"https:\/\/interamerica.org\/es\/2022\/04\/junta-ejecutiva-de-la-iglesia-adventista-acuerda-adjuntar-temporariamente-la-oficina-administrativa-ucraniana-a-la-asociacion-general\/#primaryimage"},"image":{"@id":"https:\/\/interamerica.org\/es\/2022\/04\/junta-ejecutiva-de-la-iglesia-adventista-acuerda-adjuntar-temporariamente-la-oficina-administrativa-ucraniana-a-la-asociacion-general\/#primaryimage"},"thumbnailUrl":"https:\/\/interamerica.org\/wp-content\/uploads\/2022\/04\/ukraine-max-kukurudziak-qbc3zmxw0g8-unsplash.jpg","datePublished":"2022-04-12T20:22:29+00:00","dateModified":"2022-04-14T14:10:31+00:00","author":{"@id":"https:\/\/interamerica.org\/es\/#\/schema\/person\/29998f2bc2d8bd0d38662909289b54f1"},"breadcrumb":{"@id":"https:\/\/interamerica.org\/es\/2022\/04\/junta-ejecutiva-de-la-iglesia-adventista-acuerda-adjuntar-temporariamente-la-oficina-administrativa-ucraniana-a-la-asociacion-general\/#breadcrumb"},"inLanguage":"es","potentialAction":[{"@type":"ReadAction","target":["https:\/\/interamerica.org\/es\/2022\/04\/junta-ejecutiva-de-la-iglesia-adventista-acuerda-adjuntar-temporariamente-la-oficina-administrativa-ucraniana-a-la-asociacion-general\/"]}]},{"@type":"ImageObject","inLanguage":"es","@id":"https:\/\/interamerica.org\/es\/2022\/04\/junta-ejecutiva-de-la-iglesia-adventista-acuerda-adjuntar-temporariamente-la-oficina-administrativa-ucraniana-a-la-asociacion-general\/#primaryimage","url":"https:\/\/interamerica.org\/wp-content\/uploads\/2022\/04\/ukraine-max-kukurudziak-qbc3zmxw0g8-unsplash.jpg","contentUrl":"https:\/\/interamerica.org\/wp-content\/uploads\/2022\/04\/ukraine-max-kukurudziak-qbc3zmxw0g8-unsplash.jpg","width":1280,"height":800,"caption":"[Imagen: Max Kukurdziak\/Unsplash]"},{"@type":"BreadcrumbList","@id":"https:\/\/interamerica.org\/es\/2022\/04\/junta-ejecutiva-de-la-iglesia-adventista-acuerda-adjuntar-temporariamente-la-oficina-administrativa-ucraniana-a-la-asociacion-general\/#breadcrumb","itemListElement":[{"@type":"ListItem","position":1,"name":"Home","item":"https:\/\/interamerica.org\/es\/"},{"@type":"ListItem","position":2,"name":"Junta ejecutiva de la Iglesia Adventista acuerda adjuntar temporariamente la oficina administrativa ucraniana a la Asociaci\u00f3n General"}]},{"@type":"WebSite","@id":"https:\/\/interamerica.org\/es\/#website","url":"https:\/\/interamerica.org\/es\/","name":"Iglesia Adventista del S\u00e9ptimo D\u00eda - Divisi\u00f3n Interamericana","description":"","potentialAction":[{"@type":"SearchAction","target":{"@type":"EntryPoint","urlTemplate":"https:\/\/interamerica.org\/es\/?s={search_term_string}"},"query-input":{"@type":"PropertyValueSpecification","valueRequired":true,"valueName":"search_term_string"}}],"inLanguage":"es"},{"@type":"Person","@id":"https:\/\/interamerica.org\/es\/#\/schema\/person\/29998f2bc2d8bd0d38662909289b54f1","name":"libna","image":{"@type":"ImageObject","inLanguage":"es","@id":"https:\/\/secure.gravatar.com\/avatar\/7c5bd30ae4b47a9ba3c856590957fd1d96dc588bf3ac05719d247e126840331f?s=96&d=mm&r=g","url":"https:\/\/secure.gravatar.com\/avatar\/7c5bd30ae4b47a9ba3c856590957fd1d96dc588bf3ac05719d247e126840331f?s=96&d=mm&r=g","contentUrl":"https:\/\/secure.gravatar.com\/avatar\/7c5bd30ae4b47a9ba3c856590957fd1d96dc588bf3ac05719d247e126840331f?s=96&d=mm&r=g","caption":"libna"}}]}},"_links":{"self":[{"href":"https:\/\/interamerica.org\/es\/wp-json\/wp\/v2\/posts\/83679","targetHints":{"allow":["GET"]}}],"collection":[{"href":"https:\/\/interamerica.org\/es\/wp-json\/wp\/v2\/posts"}],"about":[{"href":"https:\/\/interamerica.org\/es\/wp-json\/wp\/v2\/types\/post"}],"author":[{"embeddable":true,"href":"https:\/\/interamerica.org\/es\/wp-json\/wp\/v2\/users\/3"}],"replies":[{"embeddable":true,"href":"https:\/\/interamerica.org\/es\/wp-json\/wp\/v2\/comments?post=83679"}],"version-history":[{"count":0,"href":"https:\/\/interamerica.org\/es\/wp-json\/wp\/v2\/posts\/83679\/revisions"}],"wp:featuredmedia":[{"embeddable":true,"href":"https:\/\/interamerica.org\/es\/wp-json\/wp\/v2\/media\/83658"}],"wp:attachment":[{"href":"https:\/\/interamerica.org\/es\/wp-json\/wp\/v2\/media?parent=83679"}],"wp:term":[{"taxonomy":"category","embeddable":true,"href":"https:\/\/interamerica.org\/es\/wp-json\/wp\/v2\/categories?post=83679"},{"taxonomy":"post_tag","embeddable":true,"href":"https:\/\/interamerica.org\/es\/wp-json\/wp\/v2\/tags?post=83679"}],"curies":[{"name":"wp","href":"https:\/\/api.w.org\/{rel}","templated":true}]}}