{"id":83843,"date":"2022-04-19T12:28:28","date_gmt":"2022-04-19T16:28:28","guid":{"rendered":"https:\/\/recursing-golick.147-182-135-0.plesk.page\/?p=83843"},"modified":"2022-04-20T20:52:41","modified_gmt":"2022-04-21T00:52:41","slug":"vicepresidente-de-bolivia-visita-sitio-de-investigacion-sobre-dinosaurios-del-instituto-de-investigacion-de-geociencias","status":"publish","type":"post","link":"https:\/\/interamerica.org\/es\/2022\/04\/vicepresidente-de-bolivia-visita-sitio-de-investigacion-sobre-dinosaurios-del-instituto-de-investigacion-de-geociencias\/","title":{"rendered":"Vicepresidente de Bolivia visita sitio de investigaci\u00f3n sobre dinosaurios del Instituto de Investigaci\u00f3n de Geociencias"},"content":{"rendered":"<div id=\"attachment_83805\" style=\"width: 814px\" class=\"wp-caption aligncenter\"><img fetchpriority=\"high\" decoding=\"async\" aria-describedby=\"caption-attachment-83805\" class=\" wp-image-83805\" src=\"https:\/\/recursing-golick.147-182-135-0.plesk.page\/wp-content\/uploads\/2022\/04\/bolivian-vp-tours-geoscience-research-institute-dinosaur-site1-1024x576.jpeg\" alt=\"\" width=\"804\" height=\"452\" srcset=\"https:\/\/interamerica.org\/wp-content\/uploads\/2022\/04\/bolivian-vp-tours-geoscience-research-institute-dinosaur-site1-1024x576.jpeg 1024w, https:\/\/interamerica.org\/wp-content\/uploads\/2022\/04\/bolivian-vp-tours-geoscience-research-institute-dinosaur-site1-300x169.jpeg 300w, https:\/\/interamerica.org\/wp-content\/uploads\/2022\/04\/bolivian-vp-tours-geoscience-research-institute-dinosaur-site1-768x432.jpeg 768w, https:\/\/interamerica.org\/wp-content\/uploads\/2022\/04\/bolivian-vp-tours-geoscience-research-institute-dinosaur-site1-1536x864.jpeg 1536w, https:\/\/interamerica.org\/wp-content\/uploads\/2022\/04\/bolivian-vp-tours-geoscience-research-institute-dinosaur-site1.jpeg 1920w\" sizes=\"(max-width: 804px) 100vw, 804px\" \/><p id=\"caption-attachment-83805\" class=\"wp-caption-text\">Ra\u00fal Esperante (izquierda), vicepersidente de Bolivia, David Choquehuanca C\u00e9spedes (centro) y Teodoreo Mamani, director del Parque Nacional Boliviano (derecha), examinan ejemplares de Vertigia, una publicaci\u00f3n preparada por el Dr. Esperante para explicar el sitio de huellas de dinosaurio Carreras Pampa. Imagen: Instituto de Investigaci\u00f3n de Geociencias]<\/p><\/div>\n<p><strong>Cient\u00edficos adventistas dan a conocer descubrimientos y aconsejan a las autoridades sobre c\u00f3mo proteger mejor los hallazgos. \u00a0<\/strong><\/p>\n<p>18 de abril de 2022\u00a0 | Bolivia | Instituto de Investigaci\u00f3n de Geociencias y Adventist Review<\/p>\n<p>El vicepresidente de Bolivia, David Choquehuanca C\u00e9spedes, visit\u00f3 el 22 de marzo de 2022, el sitio en Bolivia donde se llevan a cabo investigaciones sobre dinosaurios por parte del Instituto de Investigaci\u00f3n de Geociencias (GRI, por sus siglas en ingl\u00e9s). Ra\u00fal Esperante, un cient\u00edfico s\u00e9nior de GRI, guio el grupo de investigaci\u00f3n en la zona de Carreras Pampa, cerca de la poblaci\u00f3n de Torotoro.<\/p>\n<p>Este sitio contiene lo que aparentemente es la cantidad r\u00e9cord de huellas de dinosaurio, juntamente con otras misteriosas marcas interpretadas como impresiones dejadas al arrastrarse la cola de algunos animales al caminar por el lugar. El Dr. Esperante est\u00e1 trabajando en el sitio con estudiantes de posgrado de la Universidad Loma Linda y algunos investigadores locales, as\u00ed como con investigadores de otros pa\u00edses de Am\u00e9rica del Sur.<\/p>\n<h4><\/h4>\n<p><div id=\"attachment_83812\" style=\"width: 816px\" class=\"wp-caption aligncenter\"><img decoding=\"async\" aria-describedby=\"caption-attachment-83812\" class=\" wp-image-83812\" src=\"https:\/\/recursing-golick.147-182-135-0.plesk.page\/wp-content\/uploads\/2022\/04\/picture7-1024x682-1.jpg\" alt=\"\" width=\"806\" height=\"537\" srcset=\"https:\/\/interamerica.org\/wp-content\/uploads\/2022\/04\/picture7-1024x682-1.jpg 1024w, https:\/\/interamerica.org\/wp-content\/uploads\/2022\/04\/picture7-1024x682-1-300x200.jpg 300w, https:\/\/interamerica.org\/wp-content\/uploads\/2022\/04\/picture7-1024x682-1-768x512.jpg 768w\" sizes=\"(max-width: 806px) 100vw, 806px\" \/><p id=\"caption-attachment-83812\" class=\"wp-caption-text\">El sitio de huellas de dinosaurios Carreras Pampa, en Bolivia, ha sido estudiado por un equipo dirigido por Raul Esperante, del Instituto de Investigaci\u00f3n de Geociencias, de la Iglesia Adventista del S\u00e9ptimo D\u00eda [Imagen: Instituto de Investigaci\u00f3n de Geociencias]<\/p><\/div>\u201cLes dimos al vicepresidente y a su grupo acompa\u00f1ante \u2014incluyendo a Teodoreo Mamani, director del Servicio de Parques Nacionales Bolivianos\u2014, una presentaci\u00f3n de 30 minutos sobre las huellas y otros detalles\u201d, inform\u00f3 el Dr. Esperante. \u201cAmbos caballeros se mostraron particularmente interesados en la forma como estos sitios pueden ser mejor preservados; y discutimos lo que se ha hecho al respecto en otros pa\u00edses, incluyendo los Estados Unidos, Espa\u00f1a e Italia. Les ofrecimos tambi\u00e9n ayuda en la preparaci\u00f3n de se\u00f1alizaciones y de carteles con explicaciones y descripciones para beneficio de los visitantes al sitio\u201d.<\/p>\n<p>El vicepresidente Choquehuanca C\u00e9spedes se interes\u00f3 tambi\u00e9n en el entrenamiento de investigadores bolivianos. La posici\u00f3n del GRI es, que la mejor forma de hacer esto es a trav\u00e9s de esfuerzos de colaboraci\u00f3n. Los cient\u00edficos de GRI est\u00e1n interesados tambi\u00e9n en ayudar en la elaboraci\u00f3n de nuevos recursos que contribuyan al crecimiento econ\u00f3mico de comunidades. De la misma manera, procuran asegurarse de que investigadores adventistas reciban instrucci\u00f3n, a fin de que puedan investigar profesionalmente la evidencia que sitios como este en Bolivia proveen acerca del pasado. Por esta raz\u00f3n, el grupo de investigaci\u00f3n actual incluye a dos j\u00f3venes ge\u00f3logas adventistas bolivianas, \u00a0Helen Baltazar y \u00c1ngela Limachi.<\/p>\n<p>&nbsp;<\/p>\n<p><div id=\"attachment_83815\" style=\"width: 816px\" class=\"wp-caption aligncenter\"><img decoding=\"async\" aria-describedby=\"caption-attachment-83815\" class=\" wp-image-83815\" src=\"https:\/\/recursing-golick.147-182-135-0.plesk.page\/wp-content\/uploads\/2022\/04\/picture9-1024x682-1.jpg\" alt=\"\" width=\"806\" height=\"537\" srcset=\"https:\/\/interamerica.org\/wp-content\/uploads\/2022\/04\/picture9-1024x682-1.jpg 1024w, https:\/\/interamerica.org\/wp-content\/uploads\/2022\/04\/picture9-1024x682-1-300x200.jpg 300w, https:\/\/interamerica.org\/wp-content\/uploads\/2022\/04\/picture9-1024x682-1-768x512.jpg 768w\" sizes=\"(max-width: 806px) 100vw, 806px\" \/><p id=\"caption-attachment-83815\" class=\"wp-caption-text\">Una huella de dinosaurio ter\u00f3podo en Bolivia. Escala en cent\u00edmetros. [Imagen: Instituto de Investigaci\u00f3n de Geociencias]<\/p><\/div>\u00a0\u00a0 [\/caption]Como contribuyente activo en la comunidad de investigadores en la Universidad Loma Linda, GRI inform\u00f3 que sus cient\u00edficos trabajan en estrecha relaci\u00f3n con el Departamento de Ciencias Biol\u00f3gicas y de la Tierra, de esta universidad, al ense\u00f1ar clases y actuar como mentores de estudiantes de posgrado. \u00a0Uno de los estudiantes que trabaja en este proyecto es Jeremy McLarty, quien obtuvo una maestr\u00eda en la Universidad Andrews. \u201cEl estudiar huellas de dinosaurios en Bolivia ha sido una incre\u00edble oportunidad para m\u00ed\u201d, dijo el estudiante de posgrado McLarty. \u201cHemos encontrado aqu\u00ed cosas que aparentemente son \u00fanicas en el mundo\u201d.<\/p>\n<p>La posici\u00f3n del GRI es dar alta prioridad a la divulgaci\u00f3n de informaci\u00f3n. \u201cEl dar a conocer algunas de las cosas que hemos encontrado en el sitio de trabajo al vicepresidente y otros funcionarios visitantes, fue una emocionante experiencia no solamente para nuestro grupo, sino tambi\u00e9n para los guardaparques locales\u201d, dijo el estudiante McLarty.<\/p>\n<p>&nbsp;<\/p>\n<p><div id=\"attachment_83809\" style=\"width: 534px\" class=\"wp-caption aligncenter\"><img loading=\"lazy\" decoding=\"async\" aria-describedby=\"caption-attachment-83809\" class=\" wp-image-83809\" src=\"https:\/\/recursing-golick.147-182-135-0.plesk.page\/wp-content\/uploads\/2022\/04\/picture10-683x1024-1.jpg\" alt=\"\" width=\"524\" height=\"785\" srcset=\"https:\/\/interamerica.org\/wp-content\/uploads\/2022\/04\/picture10-683x1024-1.jpg 683w, https:\/\/interamerica.org\/wp-content\/uploads\/2022\/04\/picture10-683x1024-1-200x300.jpg 200w\" sizes=\"(max-width: 524px) 100vw, 524px\" \/><p id=\"caption-attachment-83809\" class=\"wp-caption-text\">Una huella de dinosaurio ter\u00f3podo en Bolivia. Escala en cent\u00edmetros. [Imagen: Instituto de Investigaci\u00f3n de Geociencias]<\/p><\/div>\u00a0\u00a0 [\/caption]<strong>W<\/strong><\/p>\n<p><strong>Por qu\u00e9 invertir en investigaci\u00f3n sobre dinosaurios<\/strong><\/p>\n<p>El GRI, cuyas oficinas centrales se encuentran en Loma Linda, California, Estados Unidos, es un instituto de la Iglesia Adventista dedicado al estudio de asuntos relacionados con ciencia y fe. \u00a0El estudio de huellas de dinosaurios en Bolivia es un ejemplo de la forma como el instituto pone en pr\u00e1ctica su misi\u00f3n. De acuerdo con el director de GRI, Ronny Nalin, \u201cExisten puntos de vista profundamente diferentes acerca de lo que sucedi\u00f3 en el pasado y algunos interpretan la evidencia actualmente disponible en formas que contradicen el registro de la historia encontrado en las Escrituras. El GRI est\u00e1 interesado en esta investigaci\u00f3n porque nos ense\u00f1a mucho acerca de la evidencia primaria a partir del registro de f\u00f3siles y los principios de interpretaci\u00f3n que llevan a varias conclusiones\u201d.<\/p>\n<p>El director Nalin explic\u00f3 que al evaluar la evidencia y la hermen\u00e9utica utilizada, los cient\u00edficos adventistas est\u00e1n en una mejor posici\u00f3n de entender la raz\u00f3n por la que, aquellos con los que no estamos de acuerdo, ven las cosas en forma diferente a nosotros. \u201cNos coloca tambi\u00e9n a nosotros y a la Iglesia Adventista en una mejor posici\u00f3n para ofrecer alternativas y explicaciones bien documentadas\u201d, dijo.<\/p>\n<p>Traducci\u00f3n \u2013 Gloria A. Castrej\u00f3n<\/p>\n<p><strong>\u00a0\u00a0\u00a0\u00a0<\/strong><\/p>\n","protected":false},"excerpt":{"rendered":"<p>Cient\u00edficos adventistas dan a conocer descubrimientos y aconsejan a las autoridades sobre c\u00f3mo proteger mejor los hallazgos. \u00a0 18 de abril de 2022\u00a0 | Bolivia | Instituto de Investigaci\u00f3n de&#8230;<\/p>\n","protected":false},"author":3,"featured_media":83805,"comment_status":"closed","ping_status":"closed","sticky":false,"template":"","format":"standard","meta":{"_acf_changed":false,"footnotes":""},"categories":[14,15],"tags":[],"class_list":["post-83843","post","type-post","status-publish","format-standard","has-post-thumbnail","hentry","category-de-la-iglesia-mundial","category-rss-espanol"],"acf":[],"yoast_head":"<!-- This site is optimized with the Yoast SEO plugin v27.3 - https:\/\/yoast.com\/product\/yoast-seo-wordpress\/ -->\n<title>Vicepresidente de Bolivia visita sitio de investigaci\u00f3n sobre dinosaurios del Instituto de Investigaci\u00f3n de Geociencias - Iglesia Adventista del S\u00e9ptimo D\u00eda - Divisi\u00f3n Interamericana<\/title>\n<meta name=\"robots\" content=\"index, follow, max-snippet:-1, max-image-preview:large, max-video-preview:-1\" \/>\n<link rel=\"canonical\" href=\"https:\/\/interamerica.org\/es\/2022\/04\/vicepresidente-de-bolivia-visita-sitio-de-investigacion-sobre-dinosaurios-del-instituto-de-investigacion-de-geociencias\/\" \/>\n<meta property=\"og:locale\" content=\"es_ES\" \/>\n<meta property=\"og:type\" content=\"article\" \/>\n<meta property=\"og:title\" content=\"Vicepresidente de Bolivia visita sitio de investigaci\u00f3n sobre dinosaurios del Instituto de Investigaci\u00f3n de Geociencias - Iglesia Adventista del S\u00e9ptimo D\u00eda - Divisi\u00f3n Interamericana\" \/>\n<meta property=\"og:description\" content=\"Cient\u00edficos adventistas dan a conocer descubrimientos y aconsejan a las autoridades sobre c\u00f3mo proteger mejor los hallazgos. \u00a0 18 de abril de 2022\u00a0 | Bolivia | Instituto de Investigaci\u00f3n de...\" \/>\n<meta property=\"og:url\" content=\"https:\/\/interamerica.org\/es\/2022\/04\/vicepresidente-de-bolivia-visita-sitio-de-investigacion-sobre-dinosaurios-del-instituto-de-investigacion-de-geociencias\/\" \/>\n<meta property=\"og:site_name\" content=\"Iglesia Adventista del S\u00e9ptimo D\u00eda - Divisi\u00f3n Interamericana\" \/>\n<meta property=\"article:published_time\" content=\"2022-04-19T16:28:28+00:00\" \/>\n<meta property=\"article:modified_time\" content=\"2022-04-21T00:52:41+00:00\" \/>\n<meta property=\"og:image\" content=\"https:\/\/interamerica.org\/wp-content\/uploads\/2022\/04\/bolivian-vp-tours-geoscience-research-institute-dinosaur-site1.jpeg\" \/>\n\t<meta property=\"og:image:width\" content=\"1920\" \/>\n\t<meta property=\"og:image:height\" content=\"1080\" \/>\n\t<meta property=\"og:image:type\" content=\"image\/jpeg\" \/>\n<meta name=\"author\" content=\"libna\" \/>\n<meta name=\"twitter:card\" content=\"summary_large_image\" \/>\n<meta name=\"twitter:label1\" content=\"Escrito por\" \/>\n\t<meta name=\"twitter:data1\" content=\"libna\" \/>\n\t<meta name=\"twitter:label2\" content=\"Tiempo de lectura\" \/>\n\t<meta name=\"twitter:data2\" content=\"5 minutos\" \/>\n<script type=\"application\/ld+json\" class=\"yoast-schema-graph\">{\"@context\":\"https:\\\/\\\/schema.org\",\"@graph\":[{\"@type\":\"Article\",\"@id\":\"https:\\\/\\\/interamerica.org\\\/es\\\/2022\\\/04\\\/vicepresidente-de-bolivia-visita-sitio-de-investigacion-sobre-dinosaurios-del-instituto-de-investigacion-de-geociencias\\\/#article\",\"isPartOf\":{\"@id\":\"https:\\\/\\\/interamerica.org\\\/es\\\/2022\\\/04\\\/vicepresidente-de-bolivia-visita-sitio-de-investigacion-sobre-dinosaurios-del-instituto-de-investigacion-de-geociencias\\\/\"},\"author\":{\"name\":\"libna\",\"@id\":\"https:\\\/\\\/interamerica.org\\\/es\\\/#\\\/schema\\\/person\\\/29998f2bc2d8bd0d38662909289b54f1\"},\"headline\":\"Vicepresidente de Bolivia visita sitio de investigaci\u00f3n sobre dinosaurios del Instituto de Investigaci\u00f3n de Geociencias\",\"datePublished\":\"2022-04-19T16:28:28+00:00\",\"dateModified\":\"2022-04-21T00:52:41+00:00\",\"mainEntityOfPage\":{\"@id\":\"https:\\\/\\\/interamerica.org\\\/es\\\/2022\\\/04\\\/vicepresidente-de-bolivia-visita-sitio-de-investigacion-sobre-dinosaurios-del-instituto-de-investigacion-de-geociencias\\\/\"},\"wordCount\":953,\"image\":{\"@id\":\"https:\\\/\\\/interamerica.org\\\/es\\\/2022\\\/04\\\/vicepresidente-de-bolivia-visita-sitio-de-investigacion-sobre-dinosaurios-del-instituto-de-investigacion-de-geociencias\\\/#primaryimage\"},\"thumbnailUrl\":\"https:\\\/\\\/interamerica.org\\\/wp-content\\\/uploads\\\/2022\\\/04\\\/bolivian-vp-tours-geoscience-research-institute-dinosaur-site1.jpeg\",\"articleSection\":[\"Desde la iglesia mundial\",\"RSS Espa\u00f1ol\"],\"inLanguage\":\"es\"},{\"@type\":\"WebPage\",\"@id\":\"https:\\\/\\\/interamerica.org\\\/es\\\/2022\\\/04\\\/vicepresidente-de-bolivia-visita-sitio-de-investigacion-sobre-dinosaurios-del-instituto-de-investigacion-de-geociencias\\\/\",\"url\":\"https:\\\/\\\/interamerica.org\\\/es\\\/2022\\\/04\\\/vicepresidente-de-bolivia-visita-sitio-de-investigacion-sobre-dinosaurios-del-instituto-de-investigacion-de-geociencias\\\/\",\"name\":\"Vicepresidente de Bolivia visita sitio de investigaci\u00f3n sobre dinosaurios del Instituto de Investigaci\u00f3n de Geociencias - Iglesia Adventista del S\u00e9ptimo D\u00eda - Divisi\u00f3n Interamericana\",\"isPartOf\":{\"@id\":\"https:\\\/\\\/interamerica.org\\\/es\\\/#website\"},\"primaryImageOfPage\":{\"@id\":\"https:\\\/\\\/interamerica.org\\\/es\\\/2022\\\/04\\\/vicepresidente-de-bolivia-visita-sitio-de-investigacion-sobre-dinosaurios-del-instituto-de-investigacion-de-geociencias\\\/#primaryimage\"},\"image\":{\"@id\":\"https:\\\/\\\/interamerica.org\\\/es\\\/2022\\\/04\\\/vicepresidente-de-bolivia-visita-sitio-de-investigacion-sobre-dinosaurios-del-instituto-de-investigacion-de-geociencias\\\/#primaryimage\"},\"thumbnailUrl\":\"https:\\\/\\\/interamerica.org\\\/wp-content\\\/uploads\\\/2022\\\/04\\\/bolivian-vp-tours-geoscience-research-institute-dinosaur-site1.jpeg\",\"datePublished\":\"2022-04-19T16:28:28+00:00\",\"dateModified\":\"2022-04-21T00:52:41+00:00\",\"author\":{\"@id\":\"https:\\\/\\\/interamerica.org\\\/es\\\/#\\\/schema\\\/person\\\/29998f2bc2d8bd0d38662909289b54f1\"},\"breadcrumb\":{\"@id\":\"https:\\\/\\\/interamerica.org\\\/es\\\/2022\\\/04\\\/vicepresidente-de-bolivia-visita-sitio-de-investigacion-sobre-dinosaurios-del-instituto-de-investigacion-de-geociencias\\\/#breadcrumb\"},\"inLanguage\":\"es\",\"potentialAction\":[{\"@type\":\"ReadAction\",\"target\":[\"https:\\\/\\\/interamerica.org\\\/es\\\/2022\\\/04\\\/vicepresidente-de-bolivia-visita-sitio-de-investigacion-sobre-dinosaurios-del-instituto-de-investigacion-de-geociencias\\\/\"]}]},{\"@type\":\"ImageObject\",\"inLanguage\":\"es\",\"@id\":\"https:\\\/\\\/interamerica.org\\\/es\\\/2022\\\/04\\\/vicepresidente-de-bolivia-visita-sitio-de-investigacion-sobre-dinosaurios-del-instituto-de-investigacion-de-geociencias\\\/#primaryimage\",\"url\":\"https:\\\/\\\/interamerica.org\\\/wp-content\\\/uploads\\\/2022\\\/04\\\/bolivian-vp-tours-geoscience-research-institute-dinosaur-site1.jpeg\",\"contentUrl\":\"https:\\\/\\\/interamerica.org\\\/wp-content\\\/uploads\\\/2022\\\/04\\\/bolivian-vp-tours-geoscience-research-institute-dinosaur-site1.jpeg\",\"width\":1920,\"height\":1080,\"caption\":\"Ra\u00fal Esperante (izquierda), vicepersidente de Bolivia, David Choquehuanca C\u00e9spedes (centro) y Teodoreo Mamani, director del Parque Nacional Boliviano (derecha), examinan ejemplares de Vertigia, una publicaci\u00f3n preparada por el Dr. Esperante para explicar el sitio de huellas de dinosaurio Carreras Pampa. Imagen: Instituto de Investigaci\u00f3n de Geociencias]\"},{\"@type\":\"BreadcrumbList\",\"@id\":\"https:\\\/\\\/interamerica.org\\\/es\\\/2022\\\/04\\\/vicepresidente-de-bolivia-visita-sitio-de-investigacion-sobre-dinosaurios-del-instituto-de-investigacion-de-geociencias\\\/#breadcrumb\",\"itemListElement\":[{\"@type\":\"ListItem\",\"position\":1,\"name\":\"Home\",\"item\":\"https:\\\/\\\/interamerica.org\\\/es\\\/\"},{\"@type\":\"ListItem\",\"position\":2,\"name\":\"Vicepresidente de Bolivia visita sitio de investigaci\u00f3n sobre dinosaurios del Instituto de Investigaci\u00f3n de Geociencias\"}]},{\"@type\":\"WebSite\",\"@id\":\"https:\\\/\\\/interamerica.org\\\/es\\\/#website\",\"url\":\"https:\\\/\\\/interamerica.org\\\/es\\\/\",\"name\":\"Iglesia Adventista del S\u00e9ptimo D\u00eda - Divisi\u00f3n Interamericana\",\"description\":\"\",\"potentialAction\":[{\"@type\":\"SearchAction\",\"target\":{\"@type\":\"EntryPoint\",\"urlTemplate\":\"https:\\\/\\\/interamerica.org\\\/es\\\/?s={search_term_string}\"},\"query-input\":{\"@type\":\"PropertyValueSpecification\",\"valueRequired\":true,\"valueName\":\"search_term_string\"}}],\"inLanguage\":\"es\"},{\"@type\":\"Person\",\"@id\":\"https:\\\/\\\/interamerica.org\\\/es\\\/#\\\/schema\\\/person\\\/29998f2bc2d8bd0d38662909289b54f1\",\"name\":\"libna\",\"image\":{\"@type\":\"ImageObject\",\"inLanguage\":\"es\",\"@id\":\"https:\\\/\\\/secure.gravatar.com\\\/avatar\\\/7c5bd30ae4b47a9ba3c856590957fd1d96dc588bf3ac05719d247e126840331f?s=96&d=mm&r=g\",\"url\":\"https:\\\/\\\/secure.gravatar.com\\\/avatar\\\/7c5bd30ae4b47a9ba3c856590957fd1d96dc588bf3ac05719d247e126840331f?s=96&d=mm&r=g\",\"contentUrl\":\"https:\\\/\\\/secure.gravatar.com\\\/avatar\\\/7c5bd30ae4b47a9ba3c856590957fd1d96dc588bf3ac05719d247e126840331f?s=96&d=mm&r=g\",\"caption\":\"libna\"}}]}<\/script>\n<!-- \/ Yoast SEO plugin. -->","yoast_head_json":{"title":"Vicepresidente de Bolivia visita sitio de investigaci\u00f3n sobre dinosaurios del Instituto de Investigaci\u00f3n de Geociencias - Iglesia Adventista del S\u00e9ptimo D\u00eda - Divisi\u00f3n Interamericana","robots":{"index":"index","follow":"follow","max-snippet":"max-snippet:-1","max-image-preview":"max-image-preview:large","max-video-preview":"max-video-preview:-1"},"canonical":"https:\/\/interamerica.org\/es\/2022\/04\/vicepresidente-de-bolivia-visita-sitio-de-investigacion-sobre-dinosaurios-del-instituto-de-investigacion-de-geociencias\/","og_locale":"es_ES","og_type":"article","og_title":"Vicepresidente de Bolivia visita sitio de investigaci\u00f3n sobre dinosaurios del Instituto de Investigaci\u00f3n de Geociencias - Iglesia Adventista del S\u00e9ptimo D\u00eda - Divisi\u00f3n Interamericana","og_description":"Cient\u00edficos adventistas dan a conocer descubrimientos y aconsejan a las autoridades sobre c\u00f3mo proteger mejor los hallazgos. \u00a0 18 de abril de 2022\u00a0 | Bolivia | Instituto de Investigaci\u00f3n de...","og_url":"https:\/\/interamerica.org\/es\/2022\/04\/vicepresidente-de-bolivia-visita-sitio-de-investigacion-sobre-dinosaurios-del-instituto-de-investigacion-de-geociencias\/","og_site_name":"Iglesia Adventista del S\u00e9ptimo D\u00eda - Divisi\u00f3n Interamericana","article_published_time":"2022-04-19T16:28:28+00:00","article_modified_time":"2022-04-21T00:52:41+00:00","og_image":[{"width":1920,"height":1080,"url":"https:\/\/interamerica.org\/wp-content\/uploads\/2022\/04\/bolivian-vp-tours-geoscience-research-institute-dinosaur-site1.jpeg","type":"image\/jpeg"}],"author":"libna","twitter_card":"summary_large_image","twitter_misc":{"Escrito por":"libna","Tiempo de lectura":"5 minutos"},"schema":{"@context":"https:\/\/schema.org","@graph":[{"@type":"Article","@id":"https:\/\/interamerica.org\/es\/2022\/04\/vicepresidente-de-bolivia-visita-sitio-de-investigacion-sobre-dinosaurios-del-instituto-de-investigacion-de-geociencias\/#article","isPartOf":{"@id":"https:\/\/interamerica.org\/es\/2022\/04\/vicepresidente-de-bolivia-visita-sitio-de-investigacion-sobre-dinosaurios-del-instituto-de-investigacion-de-geociencias\/"},"author":{"name":"libna","@id":"https:\/\/interamerica.org\/es\/#\/schema\/person\/29998f2bc2d8bd0d38662909289b54f1"},"headline":"Vicepresidente de Bolivia visita sitio de investigaci\u00f3n sobre dinosaurios del Instituto de Investigaci\u00f3n de Geociencias","datePublished":"2022-04-19T16:28:28+00:00","dateModified":"2022-04-21T00:52:41+00:00","mainEntityOfPage":{"@id":"https:\/\/interamerica.org\/es\/2022\/04\/vicepresidente-de-bolivia-visita-sitio-de-investigacion-sobre-dinosaurios-del-instituto-de-investigacion-de-geociencias\/"},"wordCount":953,"image":{"@id":"https:\/\/interamerica.org\/es\/2022\/04\/vicepresidente-de-bolivia-visita-sitio-de-investigacion-sobre-dinosaurios-del-instituto-de-investigacion-de-geociencias\/#primaryimage"},"thumbnailUrl":"https:\/\/interamerica.org\/wp-content\/uploads\/2022\/04\/bolivian-vp-tours-geoscience-research-institute-dinosaur-site1.jpeg","articleSection":["Desde la iglesia mundial","RSS Espa\u00f1ol"],"inLanguage":"es"},{"@type":"WebPage","@id":"https:\/\/interamerica.org\/es\/2022\/04\/vicepresidente-de-bolivia-visita-sitio-de-investigacion-sobre-dinosaurios-del-instituto-de-investigacion-de-geociencias\/","url":"https:\/\/interamerica.org\/es\/2022\/04\/vicepresidente-de-bolivia-visita-sitio-de-investigacion-sobre-dinosaurios-del-instituto-de-investigacion-de-geociencias\/","name":"Vicepresidente de Bolivia visita sitio de investigaci\u00f3n sobre dinosaurios del Instituto de Investigaci\u00f3n de Geociencias - Iglesia Adventista del S\u00e9ptimo D\u00eda - Divisi\u00f3n Interamericana","isPartOf":{"@id":"https:\/\/interamerica.org\/es\/#website"},"primaryImageOfPage":{"@id":"https:\/\/interamerica.org\/es\/2022\/04\/vicepresidente-de-bolivia-visita-sitio-de-investigacion-sobre-dinosaurios-del-instituto-de-investigacion-de-geociencias\/#primaryimage"},"image":{"@id":"https:\/\/interamerica.org\/es\/2022\/04\/vicepresidente-de-bolivia-visita-sitio-de-investigacion-sobre-dinosaurios-del-instituto-de-investigacion-de-geociencias\/#primaryimage"},"thumbnailUrl":"https:\/\/interamerica.org\/wp-content\/uploads\/2022\/04\/bolivian-vp-tours-geoscience-research-institute-dinosaur-site1.jpeg","datePublished":"2022-04-19T16:28:28+00:00","dateModified":"2022-04-21T00:52:41+00:00","author":{"@id":"https:\/\/interamerica.org\/es\/#\/schema\/person\/29998f2bc2d8bd0d38662909289b54f1"},"breadcrumb":{"@id":"https:\/\/interamerica.org\/es\/2022\/04\/vicepresidente-de-bolivia-visita-sitio-de-investigacion-sobre-dinosaurios-del-instituto-de-investigacion-de-geociencias\/#breadcrumb"},"inLanguage":"es","potentialAction":[{"@type":"ReadAction","target":["https:\/\/interamerica.org\/es\/2022\/04\/vicepresidente-de-bolivia-visita-sitio-de-investigacion-sobre-dinosaurios-del-instituto-de-investigacion-de-geociencias\/"]}]},{"@type":"ImageObject","inLanguage":"es","@id":"https:\/\/interamerica.org\/es\/2022\/04\/vicepresidente-de-bolivia-visita-sitio-de-investigacion-sobre-dinosaurios-del-instituto-de-investigacion-de-geociencias\/#primaryimage","url":"https:\/\/interamerica.org\/wp-content\/uploads\/2022\/04\/bolivian-vp-tours-geoscience-research-institute-dinosaur-site1.jpeg","contentUrl":"https:\/\/interamerica.org\/wp-content\/uploads\/2022\/04\/bolivian-vp-tours-geoscience-research-institute-dinosaur-site1.jpeg","width":1920,"height":1080,"caption":"Ra\u00fal Esperante (izquierda), vicepersidente de Bolivia, David Choquehuanca C\u00e9spedes (centro) y Teodoreo Mamani, director del Parque Nacional Boliviano (derecha), examinan ejemplares de Vertigia, una publicaci\u00f3n preparada por el Dr. Esperante para explicar el sitio de huellas de dinosaurio Carreras Pampa. Imagen: Instituto de Investigaci\u00f3n de Geociencias]"},{"@type":"BreadcrumbList","@id":"https:\/\/interamerica.org\/es\/2022\/04\/vicepresidente-de-bolivia-visita-sitio-de-investigacion-sobre-dinosaurios-del-instituto-de-investigacion-de-geociencias\/#breadcrumb","itemListElement":[{"@type":"ListItem","position":1,"name":"Home","item":"https:\/\/interamerica.org\/es\/"},{"@type":"ListItem","position":2,"name":"Vicepresidente de Bolivia visita sitio de investigaci\u00f3n sobre dinosaurios del Instituto de Investigaci\u00f3n de Geociencias"}]},{"@type":"WebSite","@id":"https:\/\/interamerica.org\/es\/#website","url":"https:\/\/interamerica.org\/es\/","name":"Iglesia Adventista del S\u00e9ptimo D\u00eda - Divisi\u00f3n Interamericana","description":"","potentialAction":[{"@type":"SearchAction","target":{"@type":"EntryPoint","urlTemplate":"https:\/\/interamerica.org\/es\/?s={search_term_string}"},"query-input":{"@type":"PropertyValueSpecification","valueRequired":true,"valueName":"search_term_string"}}],"inLanguage":"es"},{"@type":"Person","@id":"https:\/\/interamerica.org\/es\/#\/schema\/person\/29998f2bc2d8bd0d38662909289b54f1","name":"libna","image":{"@type":"ImageObject","inLanguage":"es","@id":"https:\/\/secure.gravatar.com\/avatar\/7c5bd30ae4b47a9ba3c856590957fd1d96dc588bf3ac05719d247e126840331f?s=96&d=mm&r=g","url":"https:\/\/secure.gravatar.com\/avatar\/7c5bd30ae4b47a9ba3c856590957fd1d96dc588bf3ac05719d247e126840331f?s=96&d=mm&r=g","contentUrl":"https:\/\/secure.gravatar.com\/avatar\/7c5bd30ae4b47a9ba3c856590957fd1d96dc588bf3ac05719d247e126840331f?s=96&d=mm&r=g","caption":"libna"}}]}},"_links":{"self":[{"href":"https:\/\/interamerica.org\/es\/wp-json\/wp\/v2\/posts\/83843","targetHints":{"allow":["GET"]}}],"collection":[{"href":"https:\/\/interamerica.org\/es\/wp-json\/wp\/v2\/posts"}],"about":[{"href":"https:\/\/interamerica.org\/es\/wp-json\/wp\/v2\/types\/post"}],"author":[{"embeddable":true,"href":"https:\/\/interamerica.org\/es\/wp-json\/wp\/v2\/users\/3"}],"replies":[{"embeddable":true,"href":"https:\/\/interamerica.org\/es\/wp-json\/wp\/v2\/comments?post=83843"}],"version-history":[{"count":0,"href":"https:\/\/interamerica.org\/es\/wp-json\/wp\/v2\/posts\/83843\/revisions"}],"wp:featuredmedia":[{"embeddable":true,"href":"https:\/\/interamerica.org\/es\/wp-json\/wp\/v2\/media\/83805"}],"wp:attachment":[{"href":"https:\/\/interamerica.org\/es\/wp-json\/wp\/v2\/media?parent=83843"}],"wp:term":[{"taxonomy":"category","embeddable":true,"href":"https:\/\/interamerica.org\/es\/wp-json\/wp\/v2\/categories?post=83843"},{"taxonomy":"post_tag","embeddable":true,"href":"https:\/\/interamerica.org\/es\/wp-json\/wp\/v2\/tags?post=83843"}],"curies":[{"name":"wp","href":"https:\/\/api.w.org\/{rel}","templated":true}]}}