{"id":86734,"date":"2022-06-22T13:38:38","date_gmt":"2022-06-22T17:38:38","guid":{"rendered":"https:\/\/recursing-golick.147-182-135-0.plesk.page\/?p=86734"},"modified":"2022-07-02T09:17:17","modified_gmt":"2022-07-02T13:17:17","slug":"iglesia-adventista-de-interamerica-compartira-el-evangelio-en-cientos-de-territorios-no-alcanzados","status":"publish","type":"post","link":"https:\/\/interamerica.org\/es\/2022\/06\/iglesia-adventista-de-interamerica-compartira-el-evangelio-en-cientos-de-territorios-no-alcanzados\/","title":{"rendered":"Iglesia Adventista de Interam\u00e9rica compartir\u00e1 el evangelio en cientos de territorios no alcanzados"},"content":{"rendered":"<p>22 de junio de 2022 | Miami, Florida, Estados Unidos | Libna Stevens, Noticias de la Divisi\u00f3n Interamericana<\/p>\n<p>Mientras contin\u00faan las celebraciones en todo el territorio de la Divisi\u00f3n Interamericana, los l\u00edderes y miembros adventistas se han estado preparando para apuntar a cientos de comunidades no alcanzadas con el evangelio a partir del 3 de julio de 2022.<\/p>\n<p>La iniciativa, denominada \u201cCaravana del Evangelismo\u201d, incluir\u00e1 traspasar una antorcha desde la sede de la Divisi\u00f3n Interamericana a las 24 uniones del territorio. Cada uni\u00f3n lanzar\u00e1 actividades misioneras que provocar\u00e1n un impacto en decenas de zonas dentro de sus territorios, buscando responder a las necesidades sociales de los residentes, presentar una imagen positiva de la iglesia y reforzar a los ministerios que fueron pioneros del adventismo en el territorio, dijeron los l\u00edderes de la iglesia.<\/p>\n<p>\u201cLa celebraci\u00f3n central de la divisi\u00f3n no es un ejercicio de felicitarnos a nosotros mismos por lo que hemos logrado\u201d, dijo el pastor Balvin Braham, vicepresidente de la Divisi\u00f3n Interamericana. \u201cEs un programa en el que estamos celebrando lo que Dios ha hecho para glorificar su propio nombre en toda la divisi\u00f3n durante los \u00faltimos cien a\u00f1os\u201d. La iglesia ha estado llevando a cabo iniciativas y actividades especiales desde comienzos de este a\u00f1o para conmemorar el establecimiento de la Divisi\u00f3n Interamericana en 1922.<\/p>\n<p><div id=\"attachment_85595\" style=\"width: 774px\" class=\"wp-caption aligncenter\"><img fetchpriority=\"high\" decoding=\"async\" aria-describedby=\"caption-attachment-85595\" class=\" wp-image-85595\" src=\"https:\/\/recursing-golick.147-182-135-0.plesk.page\/wp-content\/uploads\/2021\/08\/es-fb-cover-gospel-caravan-1024x576.jpg\" alt=\"\" width=\"764\" height=\"430\" srcset=\"https:\/\/interamerica.org\/wp-content\/uploads\/2021\/08\/es-fb-cover-gospel-caravan-1024x576.jpg 1024w, https:\/\/interamerica.org\/wp-content\/uploads\/2021\/08\/es-fb-cover-gospel-caravan-300x169.jpg 300w, https:\/\/interamerica.org\/wp-content\/uploads\/2021\/08\/es-fb-cover-gospel-caravan-768x432.jpg 768w, https:\/\/interamerica.org\/wp-content\/uploads\/2021\/08\/es-fb-cover-gospel-caravan-1536x864.jpg 1536w, https:\/\/interamerica.org\/wp-content\/uploads\/2021\/08\/es-fb-cover-gospel-caravan-2048x1152.jpg 2048w\" sizes=\"(max-width: 764px) 100vw, 764px\" \/><p id=\"caption-attachment-85595\" class=\"wp-caption-text\">[Imagen: Divisi\u00f3n Interamericana]<\/p><\/div>El plan inicial de la iniciativa de la Caravana del Evangelismo fue alcanzar a cien zonas donde a\u00fan no hay presencia adventista, pero a medida que los esfuerzos crecieron a lo largo y a lo ancho del territorio, los l\u00edderes regionales identificaron 800 nuevas zonas donde ministrar en las pr\u00f3ximas semanas, dijo Braham. \u201cAlgunos peque\u00f1os campos que no tienen zonas sin alcanzar se dedicar\u00e1n a mejorar la imagen de la Iglesia Adventista con actividades de impacto, por medio de centros de influencia, centros comunitarios, exposiciones de salud, distribuci\u00f3n de bolsas de alimento, y la provisi\u00f3n de servicios de consejer\u00eda, entre otros\u201d, dijo.<\/p>\n<p>Los l\u00edderes de la Divisi\u00f3n Interamericana lanzar\u00e1n la iniciativa de la <em>Caravana del Evangelismo<\/em> durante un programa en l\u00ednea el pr\u00f3ximo 3 de julio de 2022 a las 19:00, Hora de Miami, con el traspaso de la antorcha a los l\u00edderes de la Uni\u00f3n del Caribe Atl\u00e1ntico. Esa \u201cantorcha simb\u00f3lica\u201d ser\u00e1 entonces traspasada de uni\u00f3n en uni\u00f3n durante los programas vespertinos designados, hasta que llegue al ya planificado Festival de los Laicos de Interam\u00e9rica, que se llevar\u00e1 a cabo del 4-6 de agosto de 2022. El cronograma es el siguiente:<\/p>\n<ul>\n<li>Uni\u00f3n del Caribe Atl\u00e1ntico \u2013 Domingo 3 de julio<\/li>\n<li>Uni\u00f3n de Belice \u2013 Lunes 4 de julio<\/li>\n<li>Uni\u00f3n del Caribe \u2013 Martes 5 de julio<\/li>\n<li>Uni\u00f3n Mexicana Central \u2013 Mi\u00e9rcoles 6 de julio<\/li>\n<li>Uni\u00f3n Mexicana de Chiapas \u2013 Jueves 7 de julio<\/li>\n<li>Uni\u00f3n Cubana \u2013 Domingo 10 de julio<\/li>\n<li>Uni\u00f3n Dominicana \u2013 Lunes 11 de julio<\/li>\n<li>Uni\u00f3n del Caribe Holand\u00e9s \u2013 Martes 12 de julio<\/li>\n<li>Uni\u00f3n Salvadore\u00f1a \u2013 Mi\u00e9rcoles 13 de julio<\/li>\n<li>Uni\u00f3n Venezolana Oriental \u2013 Jueves 14 de julio<\/li>\n<li>Uni\u00f3n de Guyana y Antillas Francesas \u2013 Domingo 17 de julio<\/li>\n<li>Uni\u00f3n Guatemalteca \u2013 Lunes 18 de julio<\/li>\n<li>Uni\u00f3n Hondure\u00f1a \u2013 Martes 19 de julio<\/li>\n<li>Uni\u00f3n Haitiana \u2013 Mi\u00e9rcoles 20 de julio<\/li>\n<li>Uni\u00f3n Mexicana Interoce\u00e1nica \u2013 Jueves 21 de julio<\/li>\n<li>Uni\u00f3n Jamaiquina \u2013 Domingo 24 de julio<\/li>\n<li>Uni\u00f3n Colombiana del Norte \u2013 Lunes 25 de julio<\/li>\n<li>Uni\u00f3n Mexicana del Norte \u2013 Martes 26 de julio<\/li>\n<li>Uni\u00f3n Paname\u00f1a \u2013 Mi\u00e9rcoles 27 de julio<\/li>\n<li>Uni\u00f3n Puertorrique\u00f1a \u2013 Jueves de 28 de julio<\/li>\n<li>Uni\u00f3n Centroamericana Sur \u2013 Domingo 31 de julio<\/li>\n<li>Uni\u00f3n Colombiana del Sur \u2013 Lunes 1 de agosto<\/li>\n<li>Uni\u00f3n Mexicana del Sur \u2013 Martes 2 de agosto<\/li>\n<li>Uni\u00f3n Venezolana Occidental \u2013 Mi\u00e9rcoles 3 de agosto<\/li>\n<\/ul>\n<p>Para ver el lanzamiento de la <em>Caravana del Evangelismo en Interam\u00e9rica<\/em> el 3 de julio a las 19:00 Hora de Miami, ingrese a\u00a0<a href=\"https:\/\/www.youtube.com\/c\/InterAmericanDivision\">webcast.interamerica.org:<\/a><\/p>\n<p>Para ingl\u00e9s, pulse <a href=\"https:\/\/www.youtube.com\/watch?v=37RDkH89BFc\">AQUI<\/a><\/p>\n<p>Para espa\u00f1ol, pulse <a href=\"https:\/\/www.youtube.com\/watch?v=hV9BO6U_Yzw\">AQUI<\/a><\/p>\n<p>Para franc\u00e9s, pulse\u00a0 <a href=\"https:\/\/www.youtube.com\/watch?v=5jgzcrd_Nsw\">AQUI<\/a><\/p>\n<p>&nbsp;<\/p>\n<p>Traducci\u00f3n de Marcos Paseggi<\/p>\n","protected":false},"excerpt":{"rendered":"<p>22 de junio de 2022 | Miami, Florida, Estados Unidos | Libna Stevens, Noticias de la Divisi\u00f3n Interamericana Mientras contin\u00faan las celebraciones en todo el territorio de la Divisi\u00f3n Interamericana,&#8230;<\/p>\n","protected":false},"author":3,"featured_media":85591,"comment_status":"closed","ping_status":"closed","sticky":false,"template":"","format":"standard","meta":{"_acf_changed":false,"footnotes":""},"categories":[16,15],"tags":[],"class_list":["post-86734","post","type-post","status-publish","format-standard","has-post-thumbnail","hentry","category-desde-la-sede","category-rss-espanol"],"acf":[],"yoast_head":"<!-- This site is optimized with the Yoast SEO plugin v27.3 - https:\/\/yoast.com\/product\/yoast-seo-wordpress\/ -->\n<title>Iglesia Adventista de Interam\u00e9rica compartir\u00e1 el evangelio en cientos de territorios no alcanzados - Iglesia Adventista del S\u00e9ptimo D\u00eda - Divisi\u00f3n Interamericana<\/title>\n<meta name=\"robots\" content=\"index, follow, max-snippet:-1, max-image-preview:large, max-video-preview:-1\" \/>\n<link rel=\"canonical\" href=\"https:\/\/interamerica.org\/es\/2022\/06\/iglesia-adventista-de-interamerica-compartira-el-evangelio-en-cientos-de-territorios-no-alcanzados\/\" \/>\n<meta property=\"og:locale\" content=\"es_ES\" \/>\n<meta property=\"og:type\" content=\"article\" \/>\n<meta property=\"og:title\" content=\"Iglesia Adventista de Interam\u00e9rica compartir\u00e1 el evangelio en cientos de territorios no alcanzados - Iglesia Adventista del S\u00e9ptimo D\u00eda - Divisi\u00f3n Interamericana\" \/>\n<meta property=\"og:description\" content=\"22 de junio de 2022 | Miami, Florida, Estados Unidos | Libna Stevens, Noticias de la Divisi\u00f3n Interamericana Mientras contin\u00faan las celebraciones en todo el territorio de la Divisi\u00f3n Interamericana,...\" \/>\n<meta property=\"og:url\" content=\"https:\/\/interamerica.org\/es\/2022\/06\/iglesia-adventista-de-interamerica-compartira-el-evangelio-en-cientos-de-territorios-no-alcanzados\/\" \/>\n<meta property=\"og:site_name\" content=\"Iglesia Adventista del S\u00e9ptimo D\u00eda - Divisi\u00f3n Interamericana\" \/>\n<meta property=\"article:published_time\" content=\"2022-06-22T17:38:38+00:00\" \/>\n<meta property=\"article:modified_time\" content=\"2022-07-02T13:17:17+00:00\" \/>\n<meta property=\"og:image\" content=\"https:\/\/interamerica.org\/wp-content\/uploads\/2021\/08\/en-fb-cover-gospel-caravan-scaled.jpg\" \/>\n\t<meta property=\"og:image:width\" content=\"2560\" \/>\n\t<meta property=\"og:image:height\" content=\"1440\" \/>\n\t<meta property=\"og:image:type\" content=\"image\/jpeg\" \/>\n<meta name=\"author\" content=\"libna\" \/>\n<meta name=\"twitter:card\" content=\"summary_large_image\" \/>\n<meta name=\"twitter:label1\" content=\"Escrito por\" \/>\n\t<meta name=\"twitter:data1\" content=\"libna\" \/>\n\t<meta name=\"twitter:label2\" content=\"Tiempo de lectura\" \/>\n\t<meta name=\"twitter:data2\" content=\"3 minutos\" \/>\n<script type=\"application\/ld+json\" class=\"yoast-schema-graph\">{\"@context\":\"https:\\\/\\\/schema.org\",\"@graph\":[{\"@type\":\"Article\",\"@id\":\"https:\\\/\\\/interamerica.org\\\/es\\\/2022\\\/06\\\/iglesia-adventista-de-interamerica-compartira-el-evangelio-en-cientos-de-territorios-no-alcanzados\\\/#article\",\"isPartOf\":{\"@id\":\"https:\\\/\\\/interamerica.org\\\/es\\\/2022\\\/06\\\/iglesia-adventista-de-interamerica-compartira-el-evangelio-en-cientos-de-territorios-no-alcanzados\\\/\"},\"author\":{\"name\":\"libna\",\"@id\":\"https:\\\/\\\/interamerica.org\\\/es\\\/#\\\/schema\\\/person\\\/29998f2bc2d8bd0d38662909289b54f1\"},\"headline\":\"Iglesia Adventista de Interam\u00e9rica compartir\u00e1 el evangelio en cientos de territorios no alcanzados\",\"datePublished\":\"2022-06-22T17:38:38+00:00\",\"dateModified\":\"2022-07-02T13:17:17+00:00\",\"mainEntityOfPage\":{\"@id\":\"https:\\\/\\\/interamerica.org\\\/es\\\/2022\\\/06\\\/iglesia-adventista-de-interamerica-compartira-el-evangelio-en-cientos-de-territorios-no-alcanzados\\\/\"},\"wordCount\":683,\"image\":{\"@id\":\"https:\\\/\\\/interamerica.org\\\/es\\\/2022\\\/06\\\/iglesia-adventista-de-interamerica-compartira-el-evangelio-en-cientos-de-territorios-no-alcanzados\\\/#primaryimage\"},\"thumbnailUrl\":\"https:\\\/\\\/interamerica.org\\\/wp-content\\\/uploads\\\/2021\\\/08\\\/en-fb-cover-gospel-caravan-scaled.jpg\",\"articleSection\":[\"Desde la sede\",\"RSS Espa\u00f1ol\"],\"inLanguage\":\"es\"},{\"@type\":\"WebPage\",\"@id\":\"https:\\\/\\\/interamerica.org\\\/es\\\/2022\\\/06\\\/iglesia-adventista-de-interamerica-compartira-el-evangelio-en-cientos-de-territorios-no-alcanzados\\\/\",\"url\":\"https:\\\/\\\/interamerica.org\\\/es\\\/2022\\\/06\\\/iglesia-adventista-de-interamerica-compartira-el-evangelio-en-cientos-de-territorios-no-alcanzados\\\/\",\"name\":\"Iglesia Adventista de Interam\u00e9rica compartir\u00e1 el evangelio en cientos de territorios no alcanzados - Iglesia Adventista del S\u00e9ptimo D\u00eda - Divisi\u00f3n Interamericana\",\"isPartOf\":{\"@id\":\"https:\\\/\\\/interamerica.org\\\/es\\\/#website\"},\"primaryImageOfPage\":{\"@id\":\"https:\\\/\\\/interamerica.org\\\/es\\\/2022\\\/06\\\/iglesia-adventista-de-interamerica-compartira-el-evangelio-en-cientos-de-territorios-no-alcanzados\\\/#primaryimage\"},\"image\":{\"@id\":\"https:\\\/\\\/interamerica.org\\\/es\\\/2022\\\/06\\\/iglesia-adventista-de-interamerica-compartira-el-evangelio-en-cientos-de-territorios-no-alcanzados\\\/#primaryimage\"},\"thumbnailUrl\":\"https:\\\/\\\/interamerica.org\\\/wp-content\\\/uploads\\\/2021\\\/08\\\/en-fb-cover-gospel-caravan-scaled.jpg\",\"datePublished\":\"2022-06-22T17:38:38+00:00\",\"dateModified\":\"2022-07-02T13:17:17+00:00\",\"author\":{\"@id\":\"https:\\\/\\\/interamerica.org\\\/es\\\/#\\\/schema\\\/person\\\/29998f2bc2d8bd0d38662909289b54f1\"},\"breadcrumb\":{\"@id\":\"https:\\\/\\\/interamerica.org\\\/es\\\/2022\\\/06\\\/iglesia-adventista-de-interamerica-compartira-el-evangelio-en-cientos-de-territorios-no-alcanzados\\\/#breadcrumb\"},\"inLanguage\":\"es\",\"potentialAction\":[{\"@type\":\"ReadAction\",\"target\":[\"https:\\\/\\\/interamerica.org\\\/es\\\/2022\\\/06\\\/iglesia-adventista-de-interamerica-compartira-el-evangelio-en-cientos-de-territorios-no-alcanzados\\\/\"]}]},{\"@type\":\"ImageObject\",\"inLanguage\":\"es\",\"@id\":\"https:\\\/\\\/interamerica.org\\\/es\\\/2022\\\/06\\\/iglesia-adventista-de-interamerica-compartira-el-evangelio-en-cientos-de-territorios-no-alcanzados\\\/#primaryimage\",\"url\":\"https:\\\/\\\/interamerica.org\\\/wp-content\\\/uploads\\\/2021\\\/08\\\/en-fb-cover-gospel-caravan-scaled.jpg\",\"contentUrl\":\"https:\\\/\\\/interamerica.org\\\/wp-content\\\/uploads\\\/2021\\\/08\\\/en-fb-cover-gospel-caravan-scaled.jpg\",\"width\":2560,\"height\":1440,\"caption\":\"[Imagen: Divisi\u00f3n Interamericana]\"},{\"@type\":\"BreadcrumbList\",\"@id\":\"https:\\\/\\\/interamerica.org\\\/es\\\/2022\\\/06\\\/iglesia-adventista-de-interamerica-compartira-el-evangelio-en-cientos-de-territorios-no-alcanzados\\\/#breadcrumb\",\"itemListElement\":[{\"@type\":\"ListItem\",\"position\":1,\"name\":\"Home\",\"item\":\"https:\\\/\\\/interamerica.org\\\/es\\\/\"},{\"@type\":\"ListItem\",\"position\":2,\"name\":\"Iglesia Adventista de Interam\u00e9rica compartir\u00e1 el evangelio en cientos de territorios no alcanzados\"}]},{\"@type\":\"WebSite\",\"@id\":\"https:\\\/\\\/interamerica.org\\\/es\\\/#website\",\"url\":\"https:\\\/\\\/interamerica.org\\\/es\\\/\",\"name\":\"Iglesia Adventista del S\u00e9ptimo D\u00eda - Divisi\u00f3n Interamericana\",\"description\":\"\",\"potentialAction\":[{\"@type\":\"SearchAction\",\"target\":{\"@type\":\"EntryPoint\",\"urlTemplate\":\"https:\\\/\\\/interamerica.org\\\/es\\\/?s={search_term_string}\"},\"query-input\":{\"@type\":\"PropertyValueSpecification\",\"valueRequired\":true,\"valueName\":\"search_term_string\"}}],\"inLanguage\":\"es\"},{\"@type\":\"Person\",\"@id\":\"https:\\\/\\\/interamerica.org\\\/es\\\/#\\\/schema\\\/person\\\/29998f2bc2d8bd0d38662909289b54f1\",\"name\":\"libna\",\"image\":{\"@type\":\"ImageObject\",\"inLanguage\":\"es\",\"@id\":\"https:\\\/\\\/secure.gravatar.com\\\/avatar\\\/7c5bd30ae4b47a9ba3c856590957fd1d96dc588bf3ac05719d247e126840331f?s=96&d=mm&r=g\",\"url\":\"https:\\\/\\\/secure.gravatar.com\\\/avatar\\\/7c5bd30ae4b47a9ba3c856590957fd1d96dc588bf3ac05719d247e126840331f?s=96&d=mm&r=g\",\"contentUrl\":\"https:\\\/\\\/secure.gravatar.com\\\/avatar\\\/7c5bd30ae4b47a9ba3c856590957fd1d96dc588bf3ac05719d247e126840331f?s=96&d=mm&r=g\",\"caption\":\"libna\"}}]}<\/script>\n<!-- \/ Yoast SEO plugin. -->","yoast_head_json":{"title":"Iglesia Adventista de Interam\u00e9rica compartir\u00e1 el evangelio en cientos de territorios no alcanzados - Iglesia Adventista del S\u00e9ptimo D\u00eda - Divisi\u00f3n Interamericana","robots":{"index":"index","follow":"follow","max-snippet":"max-snippet:-1","max-image-preview":"max-image-preview:large","max-video-preview":"max-video-preview:-1"},"canonical":"https:\/\/interamerica.org\/es\/2022\/06\/iglesia-adventista-de-interamerica-compartira-el-evangelio-en-cientos-de-territorios-no-alcanzados\/","og_locale":"es_ES","og_type":"article","og_title":"Iglesia Adventista de Interam\u00e9rica compartir\u00e1 el evangelio en cientos de territorios no alcanzados - Iglesia Adventista del S\u00e9ptimo D\u00eda - Divisi\u00f3n Interamericana","og_description":"22 de junio de 2022 | Miami, Florida, Estados Unidos | Libna Stevens, Noticias de la Divisi\u00f3n Interamericana Mientras contin\u00faan las celebraciones en todo el territorio de la Divisi\u00f3n Interamericana,...","og_url":"https:\/\/interamerica.org\/es\/2022\/06\/iglesia-adventista-de-interamerica-compartira-el-evangelio-en-cientos-de-territorios-no-alcanzados\/","og_site_name":"Iglesia Adventista del S\u00e9ptimo D\u00eda - Divisi\u00f3n Interamericana","article_published_time":"2022-06-22T17:38:38+00:00","article_modified_time":"2022-07-02T13:17:17+00:00","og_image":[{"width":2560,"height":1440,"url":"https:\/\/interamerica.org\/wp-content\/uploads\/2021\/08\/en-fb-cover-gospel-caravan-scaled.jpg","type":"image\/jpeg"}],"author":"libna","twitter_card":"summary_large_image","twitter_misc":{"Escrito por":"libna","Tiempo de lectura":"3 minutos"},"schema":{"@context":"https:\/\/schema.org","@graph":[{"@type":"Article","@id":"https:\/\/interamerica.org\/es\/2022\/06\/iglesia-adventista-de-interamerica-compartira-el-evangelio-en-cientos-de-territorios-no-alcanzados\/#article","isPartOf":{"@id":"https:\/\/interamerica.org\/es\/2022\/06\/iglesia-adventista-de-interamerica-compartira-el-evangelio-en-cientos-de-territorios-no-alcanzados\/"},"author":{"name":"libna","@id":"https:\/\/interamerica.org\/es\/#\/schema\/person\/29998f2bc2d8bd0d38662909289b54f1"},"headline":"Iglesia Adventista de Interam\u00e9rica compartir\u00e1 el evangelio en cientos de territorios no alcanzados","datePublished":"2022-06-22T17:38:38+00:00","dateModified":"2022-07-02T13:17:17+00:00","mainEntityOfPage":{"@id":"https:\/\/interamerica.org\/es\/2022\/06\/iglesia-adventista-de-interamerica-compartira-el-evangelio-en-cientos-de-territorios-no-alcanzados\/"},"wordCount":683,"image":{"@id":"https:\/\/interamerica.org\/es\/2022\/06\/iglesia-adventista-de-interamerica-compartira-el-evangelio-en-cientos-de-territorios-no-alcanzados\/#primaryimage"},"thumbnailUrl":"https:\/\/interamerica.org\/wp-content\/uploads\/2021\/08\/en-fb-cover-gospel-caravan-scaled.jpg","articleSection":["Desde la sede","RSS Espa\u00f1ol"],"inLanguage":"es"},{"@type":"WebPage","@id":"https:\/\/interamerica.org\/es\/2022\/06\/iglesia-adventista-de-interamerica-compartira-el-evangelio-en-cientos-de-territorios-no-alcanzados\/","url":"https:\/\/interamerica.org\/es\/2022\/06\/iglesia-adventista-de-interamerica-compartira-el-evangelio-en-cientos-de-territorios-no-alcanzados\/","name":"Iglesia Adventista de Interam\u00e9rica compartir\u00e1 el evangelio en cientos de territorios no alcanzados - Iglesia Adventista del S\u00e9ptimo D\u00eda - Divisi\u00f3n Interamericana","isPartOf":{"@id":"https:\/\/interamerica.org\/es\/#website"},"primaryImageOfPage":{"@id":"https:\/\/interamerica.org\/es\/2022\/06\/iglesia-adventista-de-interamerica-compartira-el-evangelio-en-cientos-de-territorios-no-alcanzados\/#primaryimage"},"image":{"@id":"https:\/\/interamerica.org\/es\/2022\/06\/iglesia-adventista-de-interamerica-compartira-el-evangelio-en-cientos-de-territorios-no-alcanzados\/#primaryimage"},"thumbnailUrl":"https:\/\/interamerica.org\/wp-content\/uploads\/2021\/08\/en-fb-cover-gospel-caravan-scaled.jpg","datePublished":"2022-06-22T17:38:38+00:00","dateModified":"2022-07-02T13:17:17+00:00","author":{"@id":"https:\/\/interamerica.org\/es\/#\/schema\/person\/29998f2bc2d8bd0d38662909289b54f1"},"breadcrumb":{"@id":"https:\/\/interamerica.org\/es\/2022\/06\/iglesia-adventista-de-interamerica-compartira-el-evangelio-en-cientos-de-territorios-no-alcanzados\/#breadcrumb"},"inLanguage":"es","potentialAction":[{"@type":"ReadAction","target":["https:\/\/interamerica.org\/es\/2022\/06\/iglesia-adventista-de-interamerica-compartira-el-evangelio-en-cientos-de-territorios-no-alcanzados\/"]}]},{"@type":"ImageObject","inLanguage":"es","@id":"https:\/\/interamerica.org\/es\/2022\/06\/iglesia-adventista-de-interamerica-compartira-el-evangelio-en-cientos-de-territorios-no-alcanzados\/#primaryimage","url":"https:\/\/interamerica.org\/wp-content\/uploads\/2021\/08\/en-fb-cover-gospel-caravan-scaled.jpg","contentUrl":"https:\/\/interamerica.org\/wp-content\/uploads\/2021\/08\/en-fb-cover-gospel-caravan-scaled.jpg","width":2560,"height":1440,"caption":"[Imagen: Divisi\u00f3n Interamericana]"},{"@type":"BreadcrumbList","@id":"https:\/\/interamerica.org\/es\/2022\/06\/iglesia-adventista-de-interamerica-compartira-el-evangelio-en-cientos-de-territorios-no-alcanzados\/#breadcrumb","itemListElement":[{"@type":"ListItem","position":1,"name":"Home","item":"https:\/\/interamerica.org\/es\/"},{"@type":"ListItem","position":2,"name":"Iglesia Adventista de Interam\u00e9rica compartir\u00e1 el evangelio en cientos de territorios no alcanzados"}]},{"@type":"WebSite","@id":"https:\/\/interamerica.org\/es\/#website","url":"https:\/\/interamerica.org\/es\/","name":"Iglesia Adventista del S\u00e9ptimo D\u00eda - Divisi\u00f3n Interamericana","description":"","potentialAction":[{"@type":"SearchAction","target":{"@type":"EntryPoint","urlTemplate":"https:\/\/interamerica.org\/es\/?s={search_term_string}"},"query-input":{"@type":"PropertyValueSpecification","valueRequired":true,"valueName":"search_term_string"}}],"inLanguage":"es"},{"@type":"Person","@id":"https:\/\/interamerica.org\/es\/#\/schema\/person\/29998f2bc2d8bd0d38662909289b54f1","name":"libna","image":{"@type":"ImageObject","inLanguage":"es","@id":"https:\/\/secure.gravatar.com\/avatar\/7c5bd30ae4b47a9ba3c856590957fd1d96dc588bf3ac05719d247e126840331f?s=96&d=mm&r=g","url":"https:\/\/secure.gravatar.com\/avatar\/7c5bd30ae4b47a9ba3c856590957fd1d96dc588bf3ac05719d247e126840331f?s=96&d=mm&r=g","contentUrl":"https:\/\/secure.gravatar.com\/avatar\/7c5bd30ae4b47a9ba3c856590957fd1d96dc588bf3ac05719d247e126840331f?s=96&d=mm&r=g","caption":"libna"}}]}},"_links":{"self":[{"href":"https:\/\/interamerica.org\/es\/wp-json\/wp\/v2\/posts\/86734","targetHints":{"allow":["GET"]}}],"collection":[{"href":"https:\/\/interamerica.org\/es\/wp-json\/wp\/v2\/posts"}],"about":[{"href":"https:\/\/interamerica.org\/es\/wp-json\/wp\/v2\/types\/post"}],"author":[{"embeddable":true,"href":"https:\/\/interamerica.org\/es\/wp-json\/wp\/v2\/users\/3"}],"replies":[{"embeddable":true,"href":"https:\/\/interamerica.org\/es\/wp-json\/wp\/v2\/comments?post=86734"}],"version-history":[{"count":0,"href":"https:\/\/interamerica.org\/es\/wp-json\/wp\/v2\/posts\/86734\/revisions"}],"wp:featuredmedia":[{"embeddable":true,"href":"https:\/\/interamerica.org\/es\/wp-json\/wp\/v2\/media\/85591"}],"wp:attachment":[{"href":"https:\/\/interamerica.org\/es\/wp-json\/wp\/v2\/media?parent=86734"}],"wp:term":[{"taxonomy":"category","embeddable":true,"href":"https:\/\/interamerica.org\/es\/wp-json\/wp\/v2\/categories?post=86734"},{"taxonomy":"post_tag","embeddable":true,"href":"https:\/\/interamerica.org\/es\/wp-json\/wp\/v2\/tags?post=86734"}],"curies":[{"name":"wp","href":"https:\/\/api.w.org\/{rel}","templated":true}]}}