{"id":87211,"date":"2022-07-06T20:12:05","date_gmt":"2022-07-07T00:12:05","guid":{"rendered":"https:\/\/recursing-golick.147-182-135-0.plesk.page\/?p=87211"},"modified":"2022-07-07T08:56:59","modified_gmt":"2022-07-07T12:56:59","slug":"iglesia-adventista-lanza-caravana-del-evangelio-por-interamerica","status":"publish","type":"post","link":"https:\/\/interamerica.org\/es\/2022\/07\/iglesia-adventista-lanza-caravana-del-evangelio-por-interamerica\/","title":{"rendered":"Iglesia Adventista lanza \u2018Caravana del Evangelio\u2019 por Interam\u00e9rica"},"content":{"rendered":"<p><div id=\"attachment_87191\" style=\"width: 1192px\" class=\"wp-caption aligncenter\"><img fetchpriority=\"high\" decoding=\"async\" aria-describedby=\"caption-attachment-87191\" class=\" wp-image-87191\" src=\"https:\/\/recursing-golick.147-182-135-0.plesk.page\/wp-content\/uploads\/2022\/07\/eliehenry-passing-torch-atcu-1024x338.png\" alt=\"\" width=\"1182\" height=\"390\" srcset=\"https:\/\/interamerica.org\/wp-content\/uploads\/2022\/07\/eliehenry-passing-torch-atcu-1024x338.png 1024w, https:\/\/interamerica.org\/wp-content\/uploads\/2022\/07\/eliehenry-passing-torch-atcu-300x99.png 300w, https:\/\/interamerica.org\/wp-content\/uploads\/2022\/07\/eliehenry-passing-torch-atcu-768x253.png 768w, https:\/\/interamerica.org\/wp-content\/uploads\/2022\/07\/eliehenry-passing-torch-atcu.png 1200w\" sizes=\"(max-width: 1182px) 100vw, 1182px\" \/><p id=\"caption-attachment-87191\" class=\"wp-caption-text\">El pastor Elie Henry, presidente de la Divisi\u00f3n Interamericana, se prepara para pasar la antorcha al pastor Peter Kerr y sus l\u00edderes de la iglesia en la Uni\u00f3n del Caribe Atl\u00e1ntico el 2 de julio de 2022, durante el lanzamiento de la \u201cCaravana del Evangelio\u201d, que buscar\u00e1 movilizar a los miembros de iglesia activos para que lleguen a 800 territorios no alcanzados con el evangelio este mes. [Fotograf\u00eda: captura de pantalla de la DIA]<\/p><\/div>6 de julio de 2022 | Miami, Florida, Estados Unidos | Libna Stevens, Noticias de la Divisi\u00f3n Interamericana<\/p>\n<p>La Divisi\u00f3n Interamericana lanz\u00f3 la iniciativa \u201cCaravana del Evangelio\u201d esta semana como un esfuerzo abarcador que busca llegar a cientos de comunidades no alcanzadas con el mensaje del evangelio en las pr\u00f3ximas semanas. La iniciativa comenz\u00f3 con el traspaso virtual de la antorcha de parte de los l\u00edderes de la Divisi\u00f3n Interamericana en Miami, Florida, Estados Unidos, a los principales l\u00edderes de la Uni\u00f3n del Caribe Atl\u00e1ntico en Nassau, Bahamas, durante una breve ceremonia el 2 de julio de 2022.<\/p>\n<p>\u201cEstamos aqu\u00ed para un momento especial en el que recordamos lo que sucedi\u00f3 a\u00f1os atr\u00e1s al fin del siglo XIX, cuando el evangelio lleg\u00f3 a nuestro territorio\u201d, dijo el pastor Elie Henry, presidente de la Iglesia Adventista en la Divisi\u00f3n Interamericana. \u201cEl evangelio lleg\u00f3 gracias a hombres y mujeres que llamamos misioneros, quienes predicaron el evangelio eterno de Cristo nuestro Salvador\u201d.<\/p>\n<p><div id=\"attachment_87184\" style=\"width: 855px\" class=\"wp-caption aligncenter\"><img decoding=\"async\" aria-describedby=\"caption-attachment-87184\" class=\" wp-image-87184\" src=\"https:\/\/recursing-golick.147-182-135-0.plesk.page\/wp-content\/uploads\/2022\/07\/peter-kerr-torch.png\" alt=\"\" width=\"845\" height=\"459\" srcset=\"https:\/\/interamerica.org\/wp-content\/uploads\/2022\/07\/peter-kerr-torch.png 1000w, https:\/\/interamerica.org\/wp-content\/uploads\/2022\/07\/peter-kerr-torch-300x163.png 300w, https:\/\/interamerica.org\/wp-content\/uploads\/2022\/07\/peter-kerr-torch-768x417.png 768w\" sizes=\"(max-width: 845px) 100vw, 845px\" \/><p id=\"caption-attachment-87184\" class=\"wp-caption-text\">El pastor Peter Kerr, presidente de la Asociaci\u00f3n del Caribe Atl\u00e1ntico, afirma el liderazgo y el compromiso de los miembros con la tarea de esparcir el evangelio del pronto regreso de Cristo en las pr\u00f3ximas semanas. [Fotograf\u00eda: captura de pantalla de la DIA]<\/p><\/div>En los \u00faltimos cien a\u00f1os, el pastor Henry dijo que el mensaje del evangelio ha ingresado a cada uno de los 42 pa\u00edses e islas del territorio, pero que a\u00fan hay mucho trabajo por delante y muchas comunidades que alcanzar.<\/p>\n<p>Cada uni\u00f3n ya ha comenzado a lanzar actividades misioneras que responden a las necesidades sociales, presentan una imagen positiva de la iglesia, y refuerzan los ministerios que fueron pioneros del adventismo en la Divisi\u00f3n Interamericana, dijo el pastor Balvin Braham, vicepresidente de la Divisi\u00f3n Interamericana a cargo de la Caravana del Evangelio. \u201cQueremos impactar a las comunidades y ayudar a que la gente se prepare para la segunda venida de Cristo\u201d, expres\u00f3.<\/p>\n<p>La iniciativa es parte de las actividades y esfuerzos de celebraci\u00f3n del centenario que han movilizado a los l\u00edderes y miembros de la iglesia durante un a\u00f1o en el que la iglesia est\u00e1 conmemorando el establecimiento de la Divisi\u00f3n Interamericana desde 1922.<\/p>\n<p><div id=\"attachment_87188\" style=\"width: 871px\" class=\"wp-caption aligncenter\"><img decoding=\"async\" aria-describedby=\"caption-attachment-87188\" class=\" wp-image-87188\" src=\"https:\/\/recursing-golick.147-182-135-0.plesk.page\/wp-content\/uploads\/2022\/07\/atcu-nassau-camp-white-dove.jpg\" alt=\"\" width=\"861\" height=\"485\" srcset=\"https:\/\/interamerica.org\/wp-content\/uploads\/2022\/07\/atcu-nassau-camp-white-dove.jpg 1000w, https:\/\/interamerica.org\/wp-content\/uploads\/2022\/07\/atcu-nassau-camp-white-dove-300x169.jpg 300w, https:\/\/interamerica.org\/wp-content\/uploads\/2022\/07\/atcu-nassau-camp-white-dove-768x432.jpg 768w\" sizes=\"(max-width: 861px) 100vw, 861px\" \/><p id=\"caption-attachment-87188\" class=\"wp-caption-text\">Ni\u00f1os en el campamento de verano inclinan la cabeza para la oraci\u00f3n durante la sesi\u00f3n de entrenamiento y actividades del Instituto de Artes Marciales White Dove, donde los ni\u00f1os de zonas vulnerables aprenden valores morales, buscando maneras de ser pac\u00edficos, alejarse de los conflictos, y donde aprenden c\u00f3mo protegerse. La organizaci\u00f3n es administrada por miembros laicos activos de Nassau, y es uno de los programas misioneros que la Iglesia Adventista est\u00e1 usando para llegar a las comunidades no alcanzadas con el evangelio. [Fotograf\u00eda: John Garcia]<\/p><\/div>Cuando el pastor Peter Kerr, presidente de la Iglesia Adventista, recibi\u00f3 la antorcha durante el programa en l\u00ednea, dijo que los l\u00edderes y los miembros celebraban la oportunidad de ser parte de algo grande y \u00e9pico. \u201cGracias por invitarnos a participar de algo tan monumental como esta misi\u00f3n\u201d, dijo. \u201cLa Uni\u00f3n del Caribe Atl\u00e1ntico afirma nuestro compromiso de esparcir el evangelio en nuevos territorios y de abrir camino en nombre de nuestro Se\u00f1or y Salvador Jesucristo\u201d.<\/p>\n<p>Algunos de los proyectos para penetrar en comunidades no alcanzadas incluir\u00e1n en las pr\u00f3ximas semanas y meses exposiciones de salud, distribuci\u00f3n de publicaciones adventistas, campamentos de verano dirigidos por miembros laicos, ministerios de oraci\u00f3n por radio, programas de alabanza y adoraci\u00f3n a cargo de los j\u00f3venes en los parques, y el establecimiento de un centro comunitario, entre otros, en Bahamas, las Islas Caim\u00e1n y Turcos y Caicos, dijeron los l\u00edderes.<\/p>\n<p>El 3 de julio el pastor Kerr traspas\u00f3 la antorcha al pastor Dennis Slusher, presidente de la Uni\u00f3n de Belice, durante la ceremonia en l\u00ednea. \u201cHe recibido esta antorcha con humildad y satisfacci\u00f3n debido a lo que significa\u201d, dijo Slusher. \u201cEstamos destinados a predicar el evangelio eterno en Belice, en cada ciudad, lengua y pueblo, hasta la \u00faltima aldea\u201d.<\/p>\n<p><div id=\"attachment_87198\" style=\"width: 1174px\" class=\"wp-caption aligncenter\"><img loading=\"lazy\" decoding=\"async\" aria-describedby=\"caption-attachment-87198\" class=\" wp-image-87198\" src=\"https:\/\/recursing-golick.147-182-135-0.plesk.page\/wp-content\/uploads\/2022\/07\/belize-union-torch-july4.png\" alt=\"\" width=\"1164\" height=\"432\" srcset=\"https:\/\/interamerica.org\/wp-content\/uploads\/2022\/07\/belize-union-torch-july4.png 1000w, https:\/\/interamerica.org\/wp-content\/uploads\/2022\/07\/belize-union-torch-july4-300x111.png 300w, https:\/\/interamerica.org\/wp-content\/uploads\/2022\/07\/belize-union-torch-july4-768x285.png 768w\" sizes=\"(max-width: 1164px) 100vw, 1164px\" \/><p id=\"caption-attachment-87198\" class=\"wp-caption-text\">El pastor Dennis Slusher (derecha) presidente de la Uni\u00f3n de Belize, se alista a pasar la antorcha al pastor Kern Tobias, presidente de la Iglesia Adventista en la Uni\u00f3n del Caribe, el 4 de julio de 2022. [Fotograf\u00eda: captura de pantalla de la DIA]<\/p><\/div>El plan para los pr\u00f3ximos d\u00edas y semanas es que m\u00e1s miembros de iglesia participen de varias actividades, que incluyen intervenciones m\u00e9dicas gratuitas, distribuci\u00f3n de prendas de vestir, oraci\u00f3n por los residentes, ense\u00f1anza sobre ocho h\u00e1bitos naturales para la salud, y otras actividades de impacto comunitario.<\/p>\n<p>Los j\u00f3venes de la Asociaci\u00f3n Central de Belice se dedicaron a correr con una antorcha, mientras que una caravana de veh\u00edculos los sigui\u00f3 por las calles, distribuyendo impresos sobre los beneficios de tener un estilo de vida saludable, distribuyendo almuerzos a m\u00e1s de 250 familia, y distribuyendo \u00e1rboles para que sean plantados.<\/p>\n<p>Cuando los l\u00edderes de la Uni\u00f3n del Caribe dieron la bienvenida a la antorcha el 4 de julio, el pastor Kern Tobias, presidente de la iglesia en esa regi\u00f3n, abraz\u00f3 la iniciativa en nombre de las decenas de islas esparcidas por el territorio. \u201cLa Uni\u00f3n Asociaci\u00f3n del Caribe comprende la comisi\u00f3n de Cristo de llevar el evangelio a todo el mundo, y de que somos luces en el mundo y tenemos que, en efecto, reflejar la bondad de Dios, para que los hombres y las mujeres vean nuestras buenas obras y glorifiquen a nuestro Padre en el cielo\u201d, dijo Tobias.<\/p>\n<p><div id=\"attachment_87201\" style=\"width: 861px\" class=\"wp-caption aligncenter\"><img loading=\"lazy\" decoding=\"async\" aria-describedby=\"caption-attachment-87201\" class=\" wp-image-87201\" src=\"https:\/\/recursing-golick.147-182-135-0.plesk.page\/wp-content\/uploads\/2022\/07\/central-belize-youth-torch.png\" alt=\"\" width=\"851\" height=\"567\" srcset=\"https:\/\/interamerica.org\/wp-content\/uploads\/2022\/07\/central-belize-youth-torch.png 1000w, https:\/\/interamerica.org\/wp-content\/uploads\/2022\/07\/central-belize-youth-torch-300x200.png 300w, https:\/\/interamerica.org\/wp-content\/uploads\/2022\/07\/central-belize-youth-torch-768x512.png 768w\" sizes=\"(max-width: 851px) 100vw, 851px\" \/><p id=\"caption-attachment-87201\" class=\"wp-caption-text\">J\u00f3venes de la Misi\u00f3n de Belice Central posan para una fotograf\u00eda grupal despu\u00e9s de trotar por las principales calles llevando una antorcha y enfatizando la importancia de vivir una vida sana. Fueron seguidos por una caravana de veh\u00edculos con miembros que distribuyeron folletos sobre los ocho remedios naturales, como parte de las muchas actividades misioneras que comenzaron en ese pa\u00eds de Am\u00e9rica Central el 4 de julio de 2022. [Fotograf\u00eda: Misi\u00f3n de Belice Central]<\/p><\/div>Los l\u00edderes compartieron que algunas de las iniciativas para alcanzar el territorio no alcanzado incluir\u00e1n adoptar un hogar geri\u00e1trico en Surinam, alimentar a los sin techo, y lanzar una instituci\u00f3n para sordos en Antigua, adem\u00e1s de alcanzar a las zonas hind\u00faes e hispanas de Trinidad, alimentar a los sin techo y distribuir bolsas de alimentos en Guyana, entre otras actividades.<\/p>\n<p>L\u00edderes de la Uni\u00f3n Mexicana Central reciben la antorcha durante la ceremonia en l\u00ednea del 5 de julio. \u201cQueremos reiterar nuestro compromiso ante Dios de continuar predicando el evangelio en la gran metr\u00f3polis de Ciudad de M\u00e9xico\u201d, dijo Jos\u00e9 Dzul, presidente de la Iglesia Adventista en la regi\u00f3n Mexicana Central.<\/p>\n<p>Los miembros de iglesia participar\u00e1n en la distribuci\u00f3n de publicaciones, plantando \u00e1rboles, ofreciendo cortes de cabello, dando charlas de salud, distribuyendo alimentos y apuntando a las zonas no alcanzadas de las regiones Azteca, Baj\u00edo, Metropolitana y el resto del territorio.<\/p>\n<p><div id=\"attachment_87194\" style=\"width: 1157px\" class=\"wp-caption aligncenter\"><img loading=\"lazy\" decoding=\"async\" aria-describedby=\"caption-attachment-87194\" class=\" wp-image-87194\" src=\"https:\/\/recursing-golick.147-182-135-0.plesk.page\/wp-content\/uploads\/2022\/07\/jose-dzul-torch-july5.png\" alt=\"\" width=\"1147\" height=\"584\" srcset=\"https:\/\/interamerica.org\/wp-content\/uploads\/2022\/07\/jose-dzul-torch-july5.png 1000w, https:\/\/interamerica.org\/wp-content\/uploads\/2022\/07\/jose-dzul-torch-july5-300x153.png 300w, https:\/\/interamerica.org\/wp-content\/uploads\/2022\/07\/jose-dzul-torch-july5-768x391.png 768w\" sizes=\"(max-width: 1147px) 100vw, 1147px\" \/><p id=\"caption-attachment-87194\" class=\"wp-caption-text\">El pastor Jos\u00e9 Dzul, presidente de la Iglesia Adventista en la regi\u00f3n Mexicana Central, recibe la antorcha del pastor Kern Tobias, presidente de la Uni\u00f3n del Caribe, durante la ceremonia del traspaso de la antorcha el 5 de julio de 2022. [Fotograf\u00eda: captura de pantalla de la DIA]<\/p><\/div>La antorcha de la Caravana del Evangelio ser\u00e1 traspasada de uni\u00f3n en uni\u00f3n durante los programas vespertinos a las 19:00, Hora de Miami, hasta que llegue al ya planificado Festival de los Laicos de Interam\u00e9rica, que se llevar\u00e1 a cabo en Ciudad de Panam\u00e1 el pr\u00f3ximo 4 de agosto, seg\u00fan el siguiente cronograma:<\/p>\n<ul>\n<li>Uni\u00f3n del Caribe Atl\u00e1ntico \u2013 Domingo 3 de julio<\/li>\n<li>Uni\u00f3n de Belice \u2013 Lunes 4 de julio<\/li>\n<li>Uni\u00f3n del Caribe \u2013 Martes 5 de julio<\/li>\n<li>Uni\u00f3n Mexicana Central \u2013 Mi\u00e9rcoles 6 de julio<\/li>\n<li>Uni\u00f3n Mexicana de Chiapas \u2013 Jueves 7 de julio<\/li>\n<li>Uni\u00f3n Cubana \u2013 Domingo 10 de julio<\/li>\n<li>Uni\u00f3n Dominicana \u2013 Lunes 11 de julio<\/li>\n<li>Uni\u00f3n del Caribe Holand\u00e9s \u2013 Martes 12 de julio<\/li>\n<li>Uni\u00f3n Salvadore\u00f1a \u2013 Mi\u00e9rcoles 13 de julio<\/li>\n<li>Uni\u00f3n Venezolana Oriental \u2013 Jueves 14 de julio<\/li>\n<li>Uni\u00f3n de Guyana y Antillas Francesas \u2013 Domingo 17 de julio<\/li>\n<li>Uni\u00f3n Guatemalteca \u2013 Lunes 18 de julio<\/li>\n<li>Uni\u00f3n Hondure\u00f1a \u2013 Martes 19 de julio<\/li>\n<li>Uni\u00f3n Haitiana \u2013 Mi\u00e9rcoles 20 de julio<\/li>\n<li>Uni\u00f3n Mexicana Interoce\u00e1nica \u2013 Jueves 21 de julio<\/li>\n<li>Uni\u00f3n Jamaiquina \u2013 Domingo 24 de julio<\/li>\n<li>Uni\u00f3n Colombiana del Norte \u2013 Lunes 25 de julio<\/li>\n<li>Uni\u00f3n Mexicana del Norte \u2013 Martes 26 de julio<\/li>\n<li>Uni\u00f3n Paname\u00f1a \u2013 Mi\u00e9rcoles 27 de julio<\/li>\n<li>Uni\u00f3n Puertorrique\u00f1a \u2013 Jueves de 28 de julio<\/li>\n<li>Uni\u00f3n Centroamericana Sur \u2013 Domingo 31 de julio<\/li>\n<li>Uni\u00f3n Colombiana del Sur \u2013 Lunes 1 de agosto<\/li>\n<li>Uni\u00f3n Mexicana del Sur \u2013 Martes 2 de agosto<\/li>\n<li>Uni\u00f3n Venezolana Occidental \u2013 Mi\u00e9rcoles 3 de agosto<\/li>\n<\/ul>\n<p>Para ver el traspaso de la antorcha durante la Caravana del Evangelio, ingrese <a href=\"https:\/\/www.youtube.com\/channel\/UCmmSViewmBZOIO4HVliq71A\">AQU\u00cd<\/a><\/p>\n<p>Traducci\u00f3n de Marcos Paseggi<\/p>\n","protected":false},"excerpt":{"rendered":"<p>6 de julio de 2022 | Miami, Florida, Estados Unidos | Libna Stevens, Noticias de la Divisi\u00f3n Interamericana La Divisi\u00f3n Interamericana lanz\u00f3 la iniciativa \u201cCaravana del Evangelio\u201d esta semana como&#8230;<\/p>\n","protected":false},"author":3,"featured_media":87176,"comment_status":"closed","ping_status":"closed","sticky":false,"template":"","format":"standard","meta":{"_acf_changed":false,"footnotes":""},"categories":[16,15],"tags":[],"class_list":["post-87211","post","type-post","status-publish","format-standard","has-post-thumbnail","hentry","category-desde-la-sede","category-rss-espanol"],"acf":[],"yoast_head":"<!-- This site is optimized with the Yoast SEO plugin v27.3 - https:\/\/yoast.com\/product\/yoast-seo-wordpress\/ -->\n<title>Iglesia Adventista lanza \u2018Caravana del Evangelio\u2019 por Interam\u00e9rica - Iglesia Adventista del S\u00e9ptimo D\u00eda - Divisi\u00f3n Interamericana<\/title>\n<meta name=\"robots\" content=\"index, follow, max-snippet:-1, max-image-preview:large, max-video-preview:-1\" \/>\n<link rel=\"canonical\" href=\"https:\/\/interamerica.org\/es\/2022\/07\/iglesia-adventista-lanza-caravana-del-evangelio-por-interamerica\/\" \/>\n<meta property=\"og:locale\" content=\"es_ES\" \/>\n<meta property=\"og:type\" content=\"article\" \/>\n<meta property=\"og:title\" content=\"Iglesia Adventista lanza \u2018Caravana del Evangelio\u2019 por Interam\u00e9rica - Iglesia Adventista del S\u00e9ptimo D\u00eda - Divisi\u00f3n Interamericana\" \/>\n<meta property=\"og:description\" content=\"6 de julio de 2022 | Miami, Florida, Estados Unidos | Libna Stevens, Noticias de la Divisi\u00f3n Interamericana La Divisi\u00f3n Interamericana lanz\u00f3 la iniciativa \u201cCaravana del Evangelio\u201d esta semana como...\" \/>\n<meta property=\"og:url\" content=\"https:\/\/interamerica.org\/es\/2022\/07\/iglesia-adventista-lanza-caravana-del-evangelio-por-interamerica\/\" \/>\n<meta property=\"og:site_name\" content=\"Iglesia Adventista del S\u00e9ptimo D\u00eda - Divisi\u00f3n Interamericana\" \/>\n<meta property=\"article:published_time\" content=\"2022-07-07T00:12:05+00:00\" \/>\n<meta property=\"article:modified_time\" content=\"2022-07-07T12:56:59+00:00\" \/>\n<meta property=\"og:image\" content=\"https:\/\/interamerica.org\/wp-content\/uploads\/2022\/07\/elie-henry-torch.png\" \/>\n\t<meta property=\"og:image:width\" content=\"1280\" \/>\n\t<meta property=\"og:image:height\" content=\"800\" \/>\n\t<meta property=\"og:image:type\" content=\"image\/png\" \/>\n<meta name=\"author\" content=\"libna\" \/>\n<meta name=\"twitter:card\" content=\"summary_large_image\" \/>\n<meta name=\"twitter:label1\" content=\"Escrito por\" \/>\n\t<meta name=\"twitter:data1\" content=\"libna\" \/>\n\t<meta name=\"twitter:label2\" content=\"Tiempo de lectura\" \/>\n\t<meta name=\"twitter:data2\" content=\"8 minutos\" \/>\n<script type=\"application\/ld+json\" class=\"yoast-schema-graph\">{\"@context\":\"https:\\\/\\\/schema.org\",\"@graph\":[{\"@type\":\"Article\",\"@id\":\"https:\\\/\\\/interamerica.org\\\/es\\\/2022\\\/07\\\/iglesia-adventista-lanza-caravana-del-evangelio-por-interamerica\\\/#article\",\"isPartOf\":{\"@id\":\"https:\\\/\\\/interamerica.org\\\/es\\\/2022\\\/07\\\/iglesia-adventista-lanza-caravana-del-evangelio-por-interamerica\\\/\"},\"author\":{\"name\":\"libna\",\"@id\":\"https:\\\/\\\/interamerica.org\\\/es\\\/#\\\/schema\\\/person\\\/29998f2bc2d8bd0d38662909289b54f1\"},\"headline\":\"Iglesia Adventista lanza \u2018Caravana del Evangelio\u2019 por Interam\u00e9rica\",\"datePublished\":\"2022-07-07T00:12:05+00:00\",\"dateModified\":\"2022-07-07T12:56:59+00:00\",\"mainEntityOfPage\":{\"@id\":\"https:\\\/\\\/interamerica.org\\\/es\\\/2022\\\/07\\\/iglesia-adventista-lanza-caravana-del-evangelio-por-interamerica\\\/\"},\"wordCount\":1624,\"image\":{\"@id\":\"https:\\\/\\\/interamerica.org\\\/es\\\/2022\\\/07\\\/iglesia-adventista-lanza-caravana-del-evangelio-por-interamerica\\\/#primaryimage\"},\"thumbnailUrl\":\"https:\\\/\\\/interamerica.org\\\/wp-content\\\/uploads\\\/2022\\\/07\\\/elie-henry-torch.png\",\"articleSection\":[\"Desde la sede\",\"RSS Espa\u00f1ol\"],\"inLanguage\":\"es\"},{\"@type\":\"WebPage\",\"@id\":\"https:\\\/\\\/interamerica.org\\\/es\\\/2022\\\/07\\\/iglesia-adventista-lanza-caravana-del-evangelio-por-interamerica\\\/\",\"url\":\"https:\\\/\\\/interamerica.org\\\/es\\\/2022\\\/07\\\/iglesia-adventista-lanza-caravana-del-evangelio-por-interamerica\\\/\",\"name\":\"Iglesia Adventista lanza \u2018Caravana del Evangelio\u2019 por Interam\u00e9rica - Iglesia Adventista del S\u00e9ptimo D\u00eda - Divisi\u00f3n Interamericana\",\"isPartOf\":{\"@id\":\"https:\\\/\\\/interamerica.org\\\/es\\\/#website\"},\"primaryImageOfPage\":{\"@id\":\"https:\\\/\\\/interamerica.org\\\/es\\\/2022\\\/07\\\/iglesia-adventista-lanza-caravana-del-evangelio-por-interamerica\\\/#primaryimage\"},\"image\":{\"@id\":\"https:\\\/\\\/interamerica.org\\\/es\\\/2022\\\/07\\\/iglesia-adventista-lanza-caravana-del-evangelio-por-interamerica\\\/#primaryimage\"},\"thumbnailUrl\":\"https:\\\/\\\/interamerica.org\\\/wp-content\\\/uploads\\\/2022\\\/07\\\/elie-henry-torch.png\",\"datePublished\":\"2022-07-07T00:12:05+00:00\",\"dateModified\":\"2022-07-07T12:56:59+00:00\",\"author\":{\"@id\":\"https:\\\/\\\/interamerica.org\\\/es\\\/#\\\/schema\\\/person\\\/29998f2bc2d8bd0d38662909289b54f1\"},\"breadcrumb\":{\"@id\":\"https:\\\/\\\/interamerica.org\\\/es\\\/2022\\\/07\\\/iglesia-adventista-lanza-caravana-del-evangelio-por-interamerica\\\/#breadcrumb\"},\"inLanguage\":\"es\",\"potentialAction\":[{\"@type\":\"ReadAction\",\"target\":[\"https:\\\/\\\/interamerica.org\\\/es\\\/2022\\\/07\\\/iglesia-adventista-lanza-caravana-del-evangelio-por-interamerica\\\/\"]}]},{\"@type\":\"ImageObject\",\"inLanguage\":\"es\",\"@id\":\"https:\\\/\\\/interamerica.org\\\/es\\\/2022\\\/07\\\/iglesia-adventista-lanza-caravana-del-evangelio-por-interamerica\\\/#primaryimage\",\"url\":\"https:\\\/\\\/interamerica.org\\\/wp-content\\\/uploads\\\/2022\\\/07\\\/elie-henry-torch.png\",\"contentUrl\":\"https:\\\/\\\/interamerica.org\\\/wp-content\\\/uploads\\\/2022\\\/07\\\/elie-henry-torch.png\",\"width\":1280,\"height\":800,\"caption\":\"[Fotograf\u00eda: captura de pantalla de la DIA]\"},{\"@type\":\"BreadcrumbList\",\"@id\":\"https:\\\/\\\/interamerica.org\\\/es\\\/2022\\\/07\\\/iglesia-adventista-lanza-caravana-del-evangelio-por-interamerica\\\/#breadcrumb\",\"itemListElement\":[{\"@type\":\"ListItem\",\"position\":1,\"name\":\"Home\",\"item\":\"https:\\\/\\\/interamerica.org\\\/es\\\/\"},{\"@type\":\"ListItem\",\"position\":2,\"name\":\"Iglesia Adventista lanza \u2018Caravana del Evangelio\u2019 por Interam\u00e9rica\"}]},{\"@type\":\"WebSite\",\"@id\":\"https:\\\/\\\/interamerica.org\\\/es\\\/#website\",\"url\":\"https:\\\/\\\/interamerica.org\\\/es\\\/\",\"name\":\"Iglesia Adventista del S\u00e9ptimo D\u00eda - Divisi\u00f3n Interamericana\",\"description\":\"\",\"potentialAction\":[{\"@type\":\"SearchAction\",\"target\":{\"@type\":\"EntryPoint\",\"urlTemplate\":\"https:\\\/\\\/interamerica.org\\\/es\\\/?s={search_term_string}\"},\"query-input\":{\"@type\":\"PropertyValueSpecification\",\"valueRequired\":true,\"valueName\":\"search_term_string\"}}],\"inLanguage\":\"es\"},{\"@type\":\"Person\",\"@id\":\"https:\\\/\\\/interamerica.org\\\/es\\\/#\\\/schema\\\/person\\\/29998f2bc2d8bd0d38662909289b54f1\",\"name\":\"libna\",\"image\":{\"@type\":\"ImageObject\",\"inLanguage\":\"es\",\"@id\":\"https:\\\/\\\/secure.gravatar.com\\\/avatar\\\/7c5bd30ae4b47a9ba3c856590957fd1d96dc588bf3ac05719d247e126840331f?s=96&d=mm&r=g\",\"url\":\"https:\\\/\\\/secure.gravatar.com\\\/avatar\\\/7c5bd30ae4b47a9ba3c856590957fd1d96dc588bf3ac05719d247e126840331f?s=96&d=mm&r=g\",\"contentUrl\":\"https:\\\/\\\/secure.gravatar.com\\\/avatar\\\/7c5bd30ae4b47a9ba3c856590957fd1d96dc588bf3ac05719d247e126840331f?s=96&d=mm&r=g\",\"caption\":\"libna\"}}]}<\/script>\n<!-- \/ Yoast SEO plugin. -->","yoast_head_json":{"title":"Iglesia Adventista lanza \u2018Caravana del Evangelio\u2019 por Interam\u00e9rica - Iglesia Adventista del S\u00e9ptimo D\u00eda - Divisi\u00f3n Interamericana","robots":{"index":"index","follow":"follow","max-snippet":"max-snippet:-1","max-image-preview":"max-image-preview:large","max-video-preview":"max-video-preview:-1"},"canonical":"https:\/\/interamerica.org\/es\/2022\/07\/iglesia-adventista-lanza-caravana-del-evangelio-por-interamerica\/","og_locale":"es_ES","og_type":"article","og_title":"Iglesia Adventista lanza \u2018Caravana del Evangelio\u2019 por Interam\u00e9rica - Iglesia Adventista del S\u00e9ptimo D\u00eda - Divisi\u00f3n Interamericana","og_description":"6 de julio de 2022 | Miami, Florida, Estados Unidos | Libna Stevens, Noticias de la Divisi\u00f3n Interamericana La Divisi\u00f3n Interamericana lanz\u00f3 la iniciativa \u201cCaravana del Evangelio\u201d esta semana como...","og_url":"https:\/\/interamerica.org\/es\/2022\/07\/iglesia-adventista-lanza-caravana-del-evangelio-por-interamerica\/","og_site_name":"Iglesia Adventista del S\u00e9ptimo D\u00eda - Divisi\u00f3n Interamericana","article_published_time":"2022-07-07T00:12:05+00:00","article_modified_time":"2022-07-07T12:56:59+00:00","og_image":[{"width":1280,"height":800,"url":"https:\/\/interamerica.org\/wp-content\/uploads\/2022\/07\/elie-henry-torch.png","type":"image\/png"}],"author":"libna","twitter_card":"summary_large_image","twitter_misc":{"Escrito por":"libna","Tiempo de lectura":"8 minutos"},"schema":{"@context":"https:\/\/schema.org","@graph":[{"@type":"Article","@id":"https:\/\/interamerica.org\/es\/2022\/07\/iglesia-adventista-lanza-caravana-del-evangelio-por-interamerica\/#article","isPartOf":{"@id":"https:\/\/interamerica.org\/es\/2022\/07\/iglesia-adventista-lanza-caravana-del-evangelio-por-interamerica\/"},"author":{"name":"libna","@id":"https:\/\/interamerica.org\/es\/#\/schema\/person\/29998f2bc2d8bd0d38662909289b54f1"},"headline":"Iglesia Adventista lanza \u2018Caravana del Evangelio\u2019 por Interam\u00e9rica","datePublished":"2022-07-07T00:12:05+00:00","dateModified":"2022-07-07T12:56:59+00:00","mainEntityOfPage":{"@id":"https:\/\/interamerica.org\/es\/2022\/07\/iglesia-adventista-lanza-caravana-del-evangelio-por-interamerica\/"},"wordCount":1624,"image":{"@id":"https:\/\/interamerica.org\/es\/2022\/07\/iglesia-adventista-lanza-caravana-del-evangelio-por-interamerica\/#primaryimage"},"thumbnailUrl":"https:\/\/interamerica.org\/wp-content\/uploads\/2022\/07\/elie-henry-torch.png","articleSection":["Desde la sede","RSS Espa\u00f1ol"],"inLanguage":"es"},{"@type":"WebPage","@id":"https:\/\/interamerica.org\/es\/2022\/07\/iglesia-adventista-lanza-caravana-del-evangelio-por-interamerica\/","url":"https:\/\/interamerica.org\/es\/2022\/07\/iglesia-adventista-lanza-caravana-del-evangelio-por-interamerica\/","name":"Iglesia Adventista lanza \u2018Caravana del Evangelio\u2019 por Interam\u00e9rica - Iglesia Adventista del S\u00e9ptimo D\u00eda - Divisi\u00f3n Interamericana","isPartOf":{"@id":"https:\/\/interamerica.org\/es\/#website"},"primaryImageOfPage":{"@id":"https:\/\/interamerica.org\/es\/2022\/07\/iglesia-adventista-lanza-caravana-del-evangelio-por-interamerica\/#primaryimage"},"image":{"@id":"https:\/\/interamerica.org\/es\/2022\/07\/iglesia-adventista-lanza-caravana-del-evangelio-por-interamerica\/#primaryimage"},"thumbnailUrl":"https:\/\/interamerica.org\/wp-content\/uploads\/2022\/07\/elie-henry-torch.png","datePublished":"2022-07-07T00:12:05+00:00","dateModified":"2022-07-07T12:56:59+00:00","author":{"@id":"https:\/\/interamerica.org\/es\/#\/schema\/person\/29998f2bc2d8bd0d38662909289b54f1"},"breadcrumb":{"@id":"https:\/\/interamerica.org\/es\/2022\/07\/iglesia-adventista-lanza-caravana-del-evangelio-por-interamerica\/#breadcrumb"},"inLanguage":"es","potentialAction":[{"@type":"ReadAction","target":["https:\/\/interamerica.org\/es\/2022\/07\/iglesia-adventista-lanza-caravana-del-evangelio-por-interamerica\/"]}]},{"@type":"ImageObject","inLanguage":"es","@id":"https:\/\/interamerica.org\/es\/2022\/07\/iglesia-adventista-lanza-caravana-del-evangelio-por-interamerica\/#primaryimage","url":"https:\/\/interamerica.org\/wp-content\/uploads\/2022\/07\/elie-henry-torch.png","contentUrl":"https:\/\/interamerica.org\/wp-content\/uploads\/2022\/07\/elie-henry-torch.png","width":1280,"height":800,"caption":"[Fotograf\u00eda: captura de pantalla de la DIA]"},{"@type":"BreadcrumbList","@id":"https:\/\/interamerica.org\/es\/2022\/07\/iglesia-adventista-lanza-caravana-del-evangelio-por-interamerica\/#breadcrumb","itemListElement":[{"@type":"ListItem","position":1,"name":"Home","item":"https:\/\/interamerica.org\/es\/"},{"@type":"ListItem","position":2,"name":"Iglesia Adventista lanza \u2018Caravana del Evangelio\u2019 por Interam\u00e9rica"}]},{"@type":"WebSite","@id":"https:\/\/interamerica.org\/es\/#website","url":"https:\/\/interamerica.org\/es\/","name":"Iglesia Adventista del S\u00e9ptimo D\u00eda - Divisi\u00f3n Interamericana","description":"","potentialAction":[{"@type":"SearchAction","target":{"@type":"EntryPoint","urlTemplate":"https:\/\/interamerica.org\/es\/?s={search_term_string}"},"query-input":{"@type":"PropertyValueSpecification","valueRequired":true,"valueName":"search_term_string"}}],"inLanguage":"es"},{"@type":"Person","@id":"https:\/\/interamerica.org\/es\/#\/schema\/person\/29998f2bc2d8bd0d38662909289b54f1","name":"libna","image":{"@type":"ImageObject","inLanguage":"es","@id":"https:\/\/secure.gravatar.com\/avatar\/7c5bd30ae4b47a9ba3c856590957fd1d96dc588bf3ac05719d247e126840331f?s=96&d=mm&r=g","url":"https:\/\/secure.gravatar.com\/avatar\/7c5bd30ae4b47a9ba3c856590957fd1d96dc588bf3ac05719d247e126840331f?s=96&d=mm&r=g","contentUrl":"https:\/\/secure.gravatar.com\/avatar\/7c5bd30ae4b47a9ba3c856590957fd1d96dc588bf3ac05719d247e126840331f?s=96&d=mm&r=g","caption":"libna"}}]}},"_links":{"self":[{"href":"https:\/\/interamerica.org\/es\/wp-json\/wp\/v2\/posts\/87211","targetHints":{"allow":["GET"]}}],"collection":[{"href":"https:\/\/interamerica.org\/es\/wp-json\/wp\/v2\/posts"}],"about":[{"href":"https:\/\/interamerica.org\/es\/wp-json\/wp\/v2\/types\/post"}],"author":[{"embeddable":true,"href":"https:\/\/interamerica.org\/es\/wp-json\/wp\/v2\/users\/3"}],"replies":[{"embeddable":true,"href":"https:\/\/interamerica.org\/es\/wp-json\/wp\/v2\/comments?post=87211"}],"version-history":[{"count":0,"href":"https:\/\/interamerica.org\/es\/wp-json\/wp\/v2\/posts\/87211\/revisions"}],"wp:featuredmedia":[{"embeddable":true,"href":"https:\/\/interamerica.org\/es\/wp-json\/wp\/v2\/media\/87176"}],"wp:attachment":[{"href":"https:\/\/interamerica.org\/es\/wp-json\/wp\/v2\/media?parent=87211"}],"wp:term":[{"taxonomy":"category","embeddable":true,"href":"https:\/\/interamerica.org\/es\/wp-json\/wp\/v2\/categories?post=87211"},{"taxonomy":"post_tag","embeddable":true,"href":"https:\/\/interamerica.org\/es\/wp-json\/wp\/v2\/tags?post=87211"}],"curies":[{"name":"wp","href":"https:\/\/api.w.org\/{rel}","templated":true}]}}