{"id":87438,"date":"2022-07-14T14:30:08","date_gmt":"2022-07-14T18:30:08","guid":{"rendered":"https:\/\/recursing-golick.147-182-135-0.plesk.page\/?p=87438"},"modified":"2022-07-14T21:23:23","modified_gmt":"2022-07-15T01:23:23","slug":"lee-herbert-fletcher-elevo-la-educacion-adventista-en-interamerica","status":"publish","type":"post","link":"https:\/\/interamerica.org\/es\/2022\/07\/lee-herbert-fletcher-elevo-la-educacion-adventista-en-interamerica\/","title":{"rendered":"Lee Herbert Fletcher elev\u00f3 la educaci\u00f3n adventista en Interam\u00e9rica"},"content":{"rendered":"<p>13 de julio de 2021 | Silver Spring, Maryland, Estados Unidos | Por Beltram Melbourne<\/p>\n<p><em>Este art\u00edculo fue tomado de La Enciclopedia de los Adventistas del S\u00e9ptimo D\u00eda (ESDA) accesible gratuitamente en <a href=\"https:\/\/encyclopedia.adventist.org\/\">encyclopedia.adventist.org<\/a>.<\/em><\/p>\n<p>Lee Herbert Fletcher fue un l\u00edder y mentor de la juventud, presidente de colegio, administrador y educador visionario de experiencia internacional. Mantuvo un historial probado de lanzamiento y mejoramiento de programas educacionales innovadores y de gran impacto.<\/p>\n<p><strong>Primeros a\u00f1os y educaci\u00f3n<\/strong><\/p>\n<p>Lee Herbert Fletcher naci\u00f3 el 3 de diciembre de 1929 en Black River, en el distrito de St. Elizabeth, Jamaica, a Lee Herbert, Sr. y Viola Fletcher. En 1957 contrajo matrimonio con Olive Nation.<a href=\"https:\/\/encyclopedia.adventist.org\/article?id=4C5R#fn1\"><sup>1<\/sup><\/a>\u00a0Tuvieron dos hijos, Barbara y Herbert, Jr. Fue ordenado al ministerio en 1957.<a href=\"https:\/\/encyclopedia.adventist.org\/article?id=4C5R#fn2\"><sup>2<\/sup><\/a>\u00a0Estudi\u00f3 en sus primeros a\u00f1os en escuelas p\u00fablicas, dependiendo del lugar donde vivieran sus padres en este tiempo. Fue all\u00ed en donde pas\u00f3 con \u00e9xito los tres ex\u00e1menes locales de Jamaica. El resto de su carrera acad\u00e9mica la curs\u00f3 en escuelas adventistas.<\/p>\n<p><div id=\"attachment_87418\" style=\"width: 506px\" class=\"wp-caption alignright\"><img fetchpriority=\"high\" decoding=\"async\" aria-describedby=\"caption-attachment-87418\" class=\" wp-image-87418\" src=\"https:\/\/recursing-golick.147-182-135-0.plesk.page\/wp-content\/uploads\/2022\/07\/lh-fletcher-1987.jpg\" alt=\"\" width=\"496\" height=\"660\" srcset=\"https:\/\/interamerica.org\/wp-content\/uploads\/2022\/07\/lh-fletcher-1987.jpg 700w, https:\/\/interamerica.org\/wp-content\/uploads\/2022\/07\/lh-fletcher-1987-225x300.jpg 225w\" sizes=\"(max-width: 496px) 100vw, 496px\" \/><p id=\"caption-attachment-87418\" class=\"wp-caption-text\">Lee Herber Fletcher [Foto de Archivo de la DIA]<\/p><\/div>La educaci\u00f3n cristiana de Herbert Fletcher comenz\u00f3 en el Colegio New Hope (Ahora Escuela Secundaria Kingsway).<a href=\"https:\/\/encyclopedia.adventist.org\/article?id=4C5R#fn3\"><sup>3<\/sup><\/a>\u00a0En el Colegio New Hope hizo amistades para toda la vida. Los recuerdos dejados en tres colegios hablan del impacto dejado en esos primeros a\u00f1os, en donde se le recuerda como \u201cun impresionante adolescente en pantal\u00f3n corto\u201d.<a href=\"https:\/\/encyclopedia.adventist.org\/article?id=4C5R#fn4\"><sup>4<\/sup><\/a>\u00a0Fue all\u00ed en donde pas\u00f3 tambi\u00e9n el Examen de Certificaci\u00f3n Escolar de la Universidad de Cambridge.<a href=\"https:\/\/encyclopedia.adventist.org\/article?id=4C5R#fn5\"><sup>5<\/sup><\/a>\u00a0Su siguiente escal\u00f3n educacional fue los dos primeros a\u00f1os de licenciatura en West Indian Training College, ahora Universidad Norte del Caribe (Northern Caribbean University).<\/p>\n<p><strong>Servicio<\/strong><\/p>\n<p>Despu\u00e9s de su graduaci\u00f3n, inici\u00f3 su labor en la Iglesia Adventista del S\u00e9ptimo D\u00eda como maestro-pastor.<a href=\"https:\/\/encyclopedia.adventist.org\/article?id=4C5R#fn6\"><sup>6<\/sup><\/a>\u00a0Esta asignaci\u00f3n en la Asociaci\u00f3n Occidental de Jamaica fue el inicio de su carrera educacional, siendo que prest\u00f3 sus servicios como director de la escuela primaria Montego Bay<a href=\"https:\/\/encyclopedia.adventist.org\/article?id=4C5R#fn7\"><sup>7<\/sup><\/a>\u00a0de la Iglesia Adventista del S\u00e9ptimo D\u00eda, que m\u00e1s tarde se convirti\u00f3 en la Escuela Secundaria Harrison Memorial. La eficacia de su ejercicio se hace notoria en el <em>Union Visitor<\/em>\u00a0de las Indias Occidentales Brit\u00e1nicas, en donde se le felicita por el alto porcentaje de pases que reciben sus estudiantes en los Ex\u00e1menes Locales de Jamaica.<a href=\"https:\/\/encyclopedia.adventist.org\/article?id=4C5R#fn8\"><sup>8<\/sup><\/a>\u00a0Esta asignaci\u00f3n desarroll\u00f3 en \u00e9l la pasi\u00f3n por la ense\u00f1anza de ni\u00f1os y j\u00f3venes y lo inspir\u00f3 a dedicar el resto de su vida a servir a la juventud de su iglesia, pa\u00eds y regi\u00f3n.<\/p>\n<p>Fue a\u00fan m\u00e1s adelante en su objetivo, al cubrir su siguiente asignaci\u00f3n como maestro de Biblia y director asistente de su alma mater, la Escuela Secundaria Kingsway, adem\u00e1s de pastor asociado de la Iglesia Adventista Kencot. Antes de embarcarse en su tercera asignaci\u00f3n educacional, pas\u00f3 cuatro a\u00f1os en la labor pastoral. El ejemplar del 1 de diciembre 1955 del <em>Union<\/em>\u00a0<em>Visitor<\/em>\u00a0de las Indias Occidentales Brit\u00e1nicas hace notoria su eficacia como pastor en la organizaci\u00f3n de una nueva iglesia.<a href=\"https:\/\/encyclopedia.adventist.org\/article?id=4C5R#fn9\"><sup>9<\/sup><\/a>\u00a0Qued\u00f3 registrada tambi\u00e9n su labor entre los j\u00f3venes.<a href=\"https:\/\/encyclopedia.adventist.org\/article?id=4C5R#fn10\"><sup>10<\/sup><\/a>\u00a0A finales de 1956 se le asignaron los departamentos de J\u00f3venes MV y Educaci\u00f3n en la citada Asociaci\u00f3n Occidental de Jamaica.<a href=\"https:\/\/encyclopedia.adventist.org\/article?id=4C5R#fn11\"><sup>11<\/sup><\/a>\u00a0Juntamente con Olive, su esposa, viaj\u00f3 al extranjero a fin de prepararse para servir mejor. Obtuvo su licenciatura en el Colegio Misionero Washington (ahora Universidad Adventista Washington) y su maestr\u00eda en la Universidad Andrews.<\/p>\n<p>En 1960 regres\u00f3 a casa para dirigir los departamentos de J\u00f3venes y Educaci\u00f3n de la Asociaci\u00f3n Este de Jamaica. All\u00ed prest\u00f3 sus servicios en esa capacidad hasta 1966, cuando fue elegido director de esos mismos departamentos de la Uni\u00f3n de las Indias Occidentales. De 1970 a 1973, prest\u00f3 servicios como tesorero de la Uni\u00f3n de las Indias Occidentales. Su gran impacto en la educaci\u00f3n tanto general en la regi\u00f3n, como particular, en su tierra natal, fue ejercido entre 1973 y 1980<a href=\"https:\/\/encyclopedia.adventist.org\/article?id=4C5R#fn12\"><sup>12<\/sup><\/a>\u00a0 cuando se desempe\u00f1\u00f3 como director del Colegio de las Indias Occidentales. Su enorme \u00a0comprensi\u00f3n respecto a la educaci\u00f3n, su perspectiva visionaria y su perceptivo compromiso, fueron prominentes aqu\u00ed al aumentar las inscripciones, aumentar la cantidad y calidad de la facultad, establecerse afiliaciones, expandirse las industrias, construirse nuevos edificios, desarrollarse planes estrat\u00e9gicos, trabajarse en acreditaciones e instituir un programa de educaci\u00f3n t\u00e9cnica.<\/p>\n<p>Al referirse a sus logros, especialmente en lo concerniente al personal, dijo Herbert Fletcher: \u201cDios me dio un talento y ese es la habilidad de elegir personas con cinco talentos\u201d.<a href=\"https:\/\/encyclopedia.adventist.org\/article?id=4C5R#fn13\"><sup>13<\/sup><\/a>\u00a0Cuando se le dijo que \u00e9l tambi\u00e9n era una persona con cinco talentos, su modestia no le permiti\u00f3 aceptar el elogio. Sin embargo, esto subraya otro de los talentos del Dr. Fletcher. Fue un mentor\u00a0por excelencia. En toda la Divisi\u00f3n Interamericana y la Divisi\u00f3n Norteamericana se pueden encontrar maestros, dirigentes de j\u00f3venes, directores de escuela, directores de departamento y rectores sobre quienes ejerci\u00f3 labor de mentor este gigante de la educaci\u00f3n durante sus a\u00f1os en el Colegio de las Indias Occidentales y m\u00e1s tarde.<a href=\"https:\/\/encyclopedia.adventist.org\/article?id=4C5R#fn14\"><sup>14<\/sup><\/a>\u00a0El alcance y contribuciones mundiales del Dr. Fletcher alcanzaron la cima en la sesi\u00f3n de la Asociaci\u00f3n General de 1975 en Viena, Austria, en donde fue elegido para fungir como secretario de la comisi\u00f3n de nombramientos que eligi\u00f3 a los dirigentes que prestar\u00edan sus servicios en la iglesia mundial durante el siguiente quinquenio<a href=\"https:\/\/encyclopedia.adventist.org\/article?id=4C5R#fn15\"><sup>15<\/sup><\/a>.<\/p>\n<p>En 1980 fue llamado a la Divisi\u00f3n Interamericana como director del departamento de Educaci\u00f3n, en cuya capacidad sirvi\u00f3 hasta 1995.<a href=\"https:\/\/encyclopedia.adventist.org\/article?id=4C5R#fn16\"><sup>16<\/sup><\/a>\u00a0En 1995 y 1996, el Dr. Fletcher fungi\u00f3 como coordinador de Proyectos Especiales en la Divisi\u00f3n Interamericana y culmin\u00f3 su servicio a la organizaci\u00f3n de la iglesia como director interino del Colegio Uni\u00f3n del Caribe en 1997.<a href=\"https:\/\/encyclopedia.adventist.org\/article?id=4C5R#fn17\"><sup>17<\/sup><\/a><\/p>\n<p>El Dr. Fletcher impact\u00f3 tambi\u00e9n la educaci\u00f3n adventista del s\u00e9ptimo d\u00eda a trav\u00e9s de su pluma. Contribuy\u00f3 con m\u00e1s de 29 art\u00edculos<a href=\"https:\/\/encyclopedia.adventist.org\/article?id=4C5R#fn18\"><sup>18<\/sup><\/a>\u00a0que fueron clave en la perspectiva de la Divisi\u00f3n Interamericana y el desarrollo de la educaci\u00f3n de posgrado, especialmente en el ramo acad\u00e9mico de teolog\u00eda y educaci\u00f3n de varios lugares de Interam\u00e9rica.<\/p>\n<p>El \u201cservicio distinguido\u201d del Dr. Fletcher es m\u00faltiple, especialmente al proveer innovaci\u00f3n y oportunidades educacionales \u201ca la iglesia adventista en Jamaica\u201d<a href=\"https:\/\/encyclopedia.adventist.org\/article?id=4C5R#fn19\"><sup>19<\/sup><\/a>\u00a0y la Divisi\u00f3n Interamericana. Estableci\u00f3 el primer programa de extensi\u00f3n de licenciatura en religi\u00f3n en el Colegio de las Indias Occidentales. Instituy\u00f3 programas de licenciatura de afiliaci\u00f3n entre la Universidad Andrews y la Divisi\u00f3n Interamericana. Lanz\u00f3 programas de extensi\u00f3n en nivel de licenciatura entre la Universidad Loma Linda y la Divisi\u00f3n Interamericana. Inici\u00f3 tres programas de licenciatura en la Universidad Montemorelos en M\u00e9xico. Fue instrumento clave en la elevaci\u00f3n del estatus de dos instituciones: La Universidad Adventista Dominicana, en Rep\u00fablica \u00a0Dominicana<a href=\"https:\/\/encyclopedia.adventist.org\/article?id=4C5R#fn20\"><sup>20<\/sup><\/a>\u00a0y el Instituto Universitario Adventista Venezolano, cuyo estatus se elev\u00f3, de escuelas de nivel secundario a\u00a0 estatus de colegio y universidad.<a href=\"https:\/\/encyclopedia.adventist.org\/article?id=4C5R#fn21\"><sup>21<\/sup><\/a><\/p>\n<p><strong>Contribuci\u00f3n<\/strong><\/p>\n<p>Las contribuciones del Dr. Lee Herbert Fletcher a la iglesia y la sociedad fueron reconocidas dentro y fuera de la iglesia. En 1980, el gobierno de Jamaica le otorg\u00f3 la Orden de Distinci\u00f3n en reconocimiento a sus a\u00f1os de servicio dedicado y ejemplar en favor de la educaci\u00f3n de la juventud de Jamaica. Instituciones acad\u00e9micas de la iglesia hicieron notar tambi\u00e9n sus contribuciones, habiendo recibido reconocimientos por parte de la Universidad Andrews, \u00a0Columbia Union College (ahora Universidad Adventista Washington) y Universidad Norte del Caribe, entre otras. Columbia Union College lo nombr\u00f3 Alumno del A\u00f1o. La Universidad Andrews le otorg\u00f3 el Reconocimiento Jesse Wagner y un doctorado honorario u <em>honoris causa<\/em> en Humanidades. La Universidad Norte del Caribe, antes Colegio de las Indias Occidentales, lo nombr\u00f3 alumno del a\u00f1o y le concedi\u00f3 tambi\u00e9n el doctorado en divinidades <em>honoris causa<\/em>.<a href=\"https:\/\/encyclopedia.adventist.org\/article?id=4C5R#fn22\"><sup>22<\/sup><\/a><\/p>\n<p>El reconocimiento m\u00e1s significativo de la contribuci\u00f3n del Dr. Fletcher a la iglesia en general y a la educaci\u00f3n en particular, se dio en 2012, cuando la Divisi\u00f3n Interamericana estableci\u00f3 la Universidad Herbert Fletcher. Las puertas se abrieron en 2012 y, en 2016, recibi\u00f3 la aprobaci\u00f3n para operar como universidad por el Concilio de Educaci\u00f3n de Puerto Rico. La Universidad Herbert Fletcher es una instituci\u00f3n educativa a distancia, en l\u00ednea.<a href=\"https:\/\/encyclopedia.adventist.org\/article?id=4C5R#fn23\"><sup>23<\/sup><\/a><\/p>\n<p>El Dr. Herbert Fletcher brind\u00f3 m\u00e1s de 44 a\u00f1os de servicio dedicado a la iglesia..<a href=\"https:\/\/encyclopedia.adventist.org\/article?id=4C5R#fn24\"><sup>24<\/sup><\/a>\u00a0 La Dra. Ouida Westney resume su vida e influencia de la siguiente manera: \u201cAl mirar en retrospectiva la vida y contribuciones del Dr. Lee Herbert Fletcher, puedo decir que Dios le dio una personalidad especial y las habilidades requeridas para hacer grandes cosas para llevar adelante la obra del \u00a0evangelio durante el tiempo que se le permiti\u00f3 vivir en este planeta\u201d.<a href=\"https:\/\/encyclopedia.adventist.org\/article?id=4C5R#fn25\"><sup>25<\/sup><\/a><\/p>\n<p>Para referencias y notas, pulsa <a href=\"https:\/\/encyclopedia.adventist.org\/article?id=4C5R\">AQU\u00cd<\/a><\/p>\n<p>Traducci\u00f3n \u2013 Gloria A. Castrej\u00f3n<\/p>\n<p>&nbsp;<\/p>\n","protected":false},"excerpt":{"rendered":"<p>13 de julio de 2021 | Silver Spring, Maryland, Estados Unidos | Por Beltram Melbourne Este art\u00edculo fue tomado de La Enciclopedia de los Adventistas del S\u00e9ptimo D\u00eda (ESDA) accesible&#8230;<\/p>\n","protected":false},"author":3,"featured_media":87422,"comment_status":"closed","ping_status":"closed","sticky":false,"template":"","format":"standard","meta":{"_acf_changed":false,"footnotes":""},"categories":[14,15],"tags":[],"class_list":["post-87438","post","type-post","status-publish","format-standard","has-post-thumbnail","hentry","category-de-la-iglesia-mundial","category-rss-espanol"],"acf":[],"yoast_head":"<!-- This site is optimized with the Yoast SEO plugin v27.3 - https:\/\/yoast.com\/product\/yoast-seo-wordpress\/ -->\n<title>Lee Herbert Fletcher elev\u00f3 la educaci\u00f3n adventista en Interam\u00e9rica - Iglesia Adventista del S\u00e9ptimo D\u00eda - Divisi\u00f3n Interamericana<\/title>\n<meta name=\"robots\" content=\"index, follow, max-snippet:-1, max-image-preview:large, max-video-preview:-1\" \/>\n<link rel=\"canonical\" href=\"https:\/\/interamerica.org\/es\/2022\/07\/lee-herbert-fletcher-elevo-la-educacion-adventista-en-interamerica\/\" \/>\n<meta property=\"og:locale\" content=\"es_ES\" \/>\n<meta property=\"og:type\" content=\"article\" \/>\n<meta property=\"og:title\" content=\"Lee Herbert Fletcher elev\u00f3 la educaci\u00f3n adventista en Interam\u00e9rica - Iglesia Adventista del S\u00e9ptimo D\u00eda - Divisi\u00f3n Interamericana\" \/>\n<meta property=\"og:description\" content=\"13 de julio de 2021 | Silver Spring, Maryland, Estados Unidos | Por Beltram Melbourne Este art\u00edculo fue tomado de La Enciclopedia de los Adventistas del S\u00e9ptimo D\u00eda (ESDA) accesible...\" \/>\n<meta property=\"og:url\" content=\"https:\/\/interamerica.org\/es\/2022\/07\/lee-herbert-fletcher-elevo-la-educacion-adventista-en-interamerica\/\" \/>\n<meta property=\"og:site_name\" content=\"Iglesia Adventista del S\u00e9ptimo D\u00eda - Divisi\u00f3n Interamericana\" \/>\n<meta property=\"article:published_time\" content=\"2022-07-14T18:30:08+00:00\" \/>\n<meta property=\"article:modified_time\" content=\"2022-07-15T01:23:23+00:00\" \/>\n<meta property=\"og:image\" content=\"https:\/\/interamerica.org\/wp-content\/uploads\/2022\/07\/iad-territory-globe-keila-trejo.jpg\" \/>\n\t<meta property=\"og:image:width\" content=\"1280\" \/>\n\t<meta property=\"og:image:height\" content=\"800\" \/>\n\t<meta property=\"og:image:type\" content=\"image\/jpeg\" \/>\n<meta name=\"author\" content=\"libna\" \/>\n<meta name=\"twitter:card\" content=\"summary_large_image\" \/>\n<meta name=\"twitter:label1\" content=\"Escrito por\" \/>\n\t<meta name=\"twitter:data1\" content=\"libna\" \/>\n\t<meta name=\"twitter:label2\" content=\"Tiempo de lectura\" \/>\n\t<meta name=\"twitter:data2\" content=\"7 minutos\" \/>\n<script type=\"application\/ld+json\" class=\"yoast-schema-graph\">{\"@context\":\"https:\\\/\\\/schema.org\",\"@graph\":[{\"@type\":\"Article\",\"@id\":\"https:\\\/\\\/interamerica.org\\\/es\\\/2022\\\/07\\\/lee-herbert-fletcher-elevo-la-educacion-adventista-en-interamerica\\\/#article\",\"isPartOf\":{\"@id\":\"https:\\\/\\\/interamerica.org\\\/es\\\/2022\\\/07\\\/lee-herbert-fletcher-elevo-la-educacion-adventista-en-interamerica\\\/\"},\"author\":{\"name\":\"libna\",\"@id\":\"https:\\\/\\\/interamerica.org\\\/es\\\/#\\\/schema\\\/person\\\/29998f2bc2d8bd0d38662909289b54f1\"},\"headline\":\"Lee Herbert Fletcher elev\u00f3 la educaci\u00f3n adventista en Interam\u00e9rica\",\"datePublished\":\"2022-07-14T18:30:08+00:00\",\"dateModified\":\"2022-07-15T01:23:23+00:00\",\"mainEntityOfPage\":{\"@id\":\"https:\\\/\\\/interamerica.org\\\/es\\\/2022\\\/07\\\/lee-herbert-fletcher-elevo-la-educacion-adventista-en-interamerica\\\/\"},\"wordCount\":1497,\"image\":{\"@id\":\"https:\\\/\\\/interamerica.org\\\/es\\\/2022\\\/07\\\/lee-herbert-fletcher-elevo-la-educacion-adventista-en-interamerica\\\/#primaryimage\"},\"thumbnailUrl\":\"https:\\\/\\\/interamerica.org\\\/wp-content\\\/uploads\\\/2022\\\/07\\\/iad-territory-globe-keila-trejo.jpg\",\"articleSection\":[\"Desde la iglesia mundial\",\"RSS Espa\u00f1ol\"],\"inLanguage\":\"es\"},{\"@type\":\"WebPage\",\"@id\":\"https:\\\/\\\/interamerica.org\\\/es\\\/2022\\\/07\\\/lee-herbert-fletcher-elevo-la-educacion-adventista-en-interamerica\\\/\",\"url\":\"https:\\\/\\\/interamerica.org\\\/es\\\/2022\\\/07\\\/lee-herbert-fletcher-elevo-la-educacion-adventista-en-interamerica\\\/\",\"name\":\"Lee Herbert Fletcher elev\u00f3 la educaci\u00f3n adventista en Interam\u00e9rica - Iglesia Adventista del S\u00e9ptimo D\u00eda - Divisi\u00f3n Interamericana\",\"isPartOf\":{\"@id\":\"https:\\\/\\\/interamerica.org\\\/es\\\/#website\"},\"primaryImageOfPage\":{\"@id\":\"https:\\\/\\\/interamerica.org\\\/es\\\/2022\\\/07\\\/lee-herbert-fletcher-elevo-la-educacion-adventista-en-interamerica\\\/#primaryimage\"},\"image\":{\"@id\":\"https:\\\/\\\/interamerica.org\\\/es\\\/2022\\\/07\\\/lee-herbert-fletcher-elevo-la-educacion-adventista-en-interamerica\\\/#primaryimage\"},\"thumbnailUrl\":\"https:\\\/\\\/interamerica.org\\\/wp-content\\\/uploads\\\/2022\\\/07\\\/iad-territory-globe-keila-trejo.jpg\",\"datePublished\":\"2022-07-14T18:30:08+00:00\",\"dateModified\":\"2022-07-15T01:23:23+00:00\",\"author\":{\"@id\":\"https:\\\/\\\/interamerica.org\\\/es\\\/#\\\/schema\\\/person\\\/29998f2bc2d8bd0d38662909289b54f1\"},\"breadcrumb\":{\"@id\":\"https:\\\/\\\/interamerica.org\\\/es\\\/2022\\\/07\\\/lee-herbert-fletcher-elevo-la-educacion-adventista-en-interamerica\\\/#breadcrumb\"},\"inLanguage\":\"es\",\"potentialAction\":[{\"@type\":\"ReadAction\",\"target\":[\"https:\\\/\\\/interamerica.org\\\/es\\\/2022\\\/07\\\/lee-herbert-fletcher-elevo-la-educacion-adventista-en-interamerica\\\/\"]}]},{\"@type\":\"ImageObject\",\"inLanguage\":\"es\",\"@id\":\"https:\\\/\\\/interamerica.org\\\/es\\\/2022\\\/07\\\/lee-herbert-fletcher-elevo-la-educacion-adventista-en-interamerica\\\/#primaryimage\",\"url\":\"https:\\\/\\\/interamerica.org\\\/wp-content\\\/uploads\\\/2022\\\/07\\\/iad-territory-globe-keila-trejo.jpg\",\"contentUrl\":\"https:\\\/\\\/interamerica.org\\\/wp-content\\\/uploads\\\/2022\\\/07\\\/iad-territory-globe-keila-trejo.jpg\",\"width\":1280,\"height\":800,\"caption\":\"[Imagen: Keila Trejo\\\/HopeMedia Stock\"},{\"@type\":\"BreadcrumbList\",\"@id\":\"https:\\\/\\\/interamerica.org\\\/es\\\/2022\\\/07\\\/lee-herbert-fletcher-elevo-la-educacion-adventista-en-interamerica\\\/#breadcrumb\",\"itemListElement\":[{\"@type\":\"ListItem\",\"position\":1,\"name\":\"Home\",\"item\":\"https:\\\/\\\/interamerica.org\\\/es\\\/\"},{\"@type\":\"ListItem\",\"position\":2,\"name\":\"Lee Herbert Fletcher elev\u00f3 la educaci\u00f3n adventista en Interam\u00e9rica\"}]},{\"@type\":\"WebSite\",\"@id\":\"https:\\\/\\\/interamerica.org\\\/es\\\/#website\",\"url\":\"https:\\\/\\\/interamerica.org\\\/es\\\/\",\"name\":\"Iglesia Adventista del S\u00e9ptimo D\u00eda - Divisi\u00f3n Interamericana\",\"description\":\"\",\"potentialAction\":[{\"@type\":\"SearchAction\",\"target\":{\"@type\":\"EntryPoint\",\"urlTemplate\":\"https:\\\/\\\/interamerica.org\\\/es\\\/?s={search_term_string}\"},\"query-input\":{\"@type\":\"PropertyValueSpecification\",\"valueRequired\":true,\"valueName\":\"search_term_string\"}}],\"inLanguage\":\"es\"},{\"@type\":\"Person\",\"@id\":\"https:\\\/\\\/interamerica.org\\\/es\\\/#\\\/schema\\\/person\\\/29998f2bc2d8bd0d38662909289b54f1\",\"name\":\"libna\",\"image\":{\"@type\":\"ImageObject\",\"inLanguage\":\"es\",\"@id\":\"https:\\\/\\\/secure.gravatar.com\\\/avatar\\\/7c5bd30ae4b47a9ba3c856590957fd1d96dc588bf3ac05719d247e126840331f?s=96&d=mm&r=g\",\"url\":\"https:\\\/\\\/secure.gravatar.com\\\/avatar\\\/7c5bd30ae4b47a9ba3c856590957fd1d96dc588bf3ac05719d247e126840331f?s=96&d=mm&r=g\",\"contentUrl\":\"https:\\\/\\\/secure.gravatar.com\\\/avatar\\\/7c5bd30ae4b47a9ba3c856590957fd1d96dc588bf3ac05719d247e126840331f?s=96&d=mm&r=g\",\"caption\":\"libna\"}}]}<\/script>\n<!-- \/ Yoast SEO plugin. -->","yoast_head_json":{"title":"Lee Herbert Fletcher elev\u00f3 la educaci\u00f3n adventista en Interam\u00e9rica - Iglesia Adventista del S\u00e9ptimo D\u00eda - Divisi\u00f3n Interamericana","robots":{"index":"index","follow":"follow","max-snippet":"max-snippet:-1","max-image-preview":"max-image-preview:large","max-video-preview":"max-video-preview:-1"},"canonical":"https:\/\/interamerica.org\/es\/2022\/07\/lee-herbert-fletcher-elevo-la-educacion-adventista-en-interamerica\/","og_locale":"es_ES","og_type":"article","og_title":"Lee Herbert Fletcher elev\u00f3 la educaci\u00f3n adventista en Interam\u00e9rica - Iglesia Adventista del S\u00e9ptimo D\u00eda - Divisi\u00f3n Interamericana","og_description":"13 de julio de 2021 | Silver Spring, Maryland, Estados Unidos | Por Beltram Melbourne Este art\u00edculo fue tomado de La Enciclopedia de los Adventistas del S\u00e9ptimo D\u00eda (ESDA) accesible...","og_url":"https:\/\/interamerica.org\/es\/2022\/07\/lee-herbert-fletcher-elevo-la-educacion-adventista-en-interamerica\/","og_site_name":"Iglesia Adventista del S\u00e9ptimo D\u00eda - Divisi\u00f3n Interamericana","article_published_time":"2022-07-14T18:30:08+00:00","article_modified_time":"2022-07-15T01:23:23+00:00","og_image":[{"width":1280,"height":800,"url":"https:\/\/interamerica.org\/wp-content\/uploads\/2022\/07\/iad-territory-globe-keila-trejo.jpg","type":"image\/jpeg"}],"author":"libna","twitter_card":"summary_large_image","twitter_misc":{"Escrito por":"libna","Tiempo de lectura":"7 minutos"},"schema":{"@context":"https:\/\/schema.org","@graph":[{"@type":"Article","@id":"https:\/\/interamerica.org\/es\/2022\/07\/lee-herbert-fletcher-elevo-la-educacion-adventista-en-interamerica\/#article","isPartOf":{"@id":"https:\/\/interamerica.org\/es\/2022\/07\/lee-herbert-fletcher-elevo-la-educacion-adventista-en-interamerica\/"},"author":{"name":"libna","@id":"https:\/\/interamerica.org\/es\/#\/schema\/person\/29998f2bc2d8bd0d38662909289b54f1"},"headline":"Lee Herbert Fletcher elev\u00f3 la educaci\u00f3n adventista en Interam\u00e9rica","datePublished":"2022-07-14T18:30:08+00:00","dateModified":"2022-07-15T01:23:23+00:00","mainEntityOfPage":{"@id":"https:\/\/interamerica.org\/es\/2022\/07\/lee-herbert-fletcher-elevo-la-educacion-adventista-en-interamerica\/"},"wordCount":1497,"image":{"@id":"https:\/\/interamerica.org\/es\/2022\/07\/lee-herbert-fletcher-elevo-la-educacion-adventista-en-interamerica\/#primaryimage"},"thumbnailUrl":"https:\/\/interamerica.org\/wp-content\/uploads\/2022\/07\/iad-territory-globe-keila-trejo.jpg","articleSection":["Desde la iglesia mundial","RSS Espa\u00f1ol"],"inLanguage":"es"},{"@type":"WebPage","@id":"https:\/\/interamerica.org\/es\/2022\/07\/lee-herbert-fletcher-elevo-la-educacion-adventista-en-interamerica\/","url":"https:\/\/interamerica.org\/es\/2022\/07\/lee-herbert-fletcher-elevo-la-educacion-adventista-en-interamerica\/","name":"Lee Herbert Fletcher elev\u00f3 la educaci\u00f3n adventista en Interam\u00e9rica - Iglesia Adventista del S\u00e9ptimo D\u00eda - Divisi\u00f3n Interamericana","isPartOf":{"@id":"https:\/\/interamerica.org\/es\/#website"},"primaryImageOfPage":{"@id":"https:\/\/interamerica.org\/es\/2022\/07\/lee-herbert-fletcher-elevo-la-educacion-adventista-en-interamerica\/#primaryimage"},"image":{"@id":"https:\/\/interamerica.org\/es\/2022\/07\/lee-herbert-fletcher-elevo-la-educacion-adventista-en-interamerica\/#primaryimage"},"thumbnailUrl":"https:\/\/interamerica.org\/wp-content\/uploads\/2022\/07\/iad-territory-globe-keila-trejo.jpg","datePublished":"2022-07-14T18:30:08+00:00","dateModified":"2022-07-15T01:23:23+00:00","author":{"@id":"https:\/\/interamerica.org\/es\/#\/schema\/person\/29998f2bc2d8bd0d38662909289b54f1"},"breadcrumb":{"@id":"https:\/\/interamerica.org\/es\/2022\/07\/lee-herbert-fletcher-elevo-la-educacion-adventista-en-interamerica\/#breadcrumb"},"inLanguage":"es","potentialAction":[{"@type":"ReadAction","target":["https:\/\/interamerica.org\/es\/2022\/07\/lee-herbert-fletcher-elevo-la-educacion-adventista-en-interamerica\/"]}]},{"@type":"ImageObject","inLanguage":"es","@id":"https:\/\/interamerica.org\/es\/2022\/07\/lee-herbert-fletcher-elevo-la-educacion-adventista-en-interamerica\/#primaryimage","url":"https:\/\/interamerica.org\/wp-content\/uploads\/2022\/07\/iad-territory-globe-keila-trejo.jpg","contentUrl":"https:\/\/interamerica.org\/wp-content\/uploads\/2022\/07\/iad-territory-globe-keila-trejo.jpg","width":1280,"height":800,"caption":"[Imagen: Keila Trejo\/HopeMedia Stock"},{"@type":"BreadcrumbList","@id":"https:\/\/interamerica.org\/es\/2022\/07\/lee-herbert-fletcher-elevo-la-educacion-adventista-en-interamerica\/#breadcrumb","itemListElement":[{"@type":"ListItem","position":1,"name":"Home","item":"https:\/\/interamerica.org\/es\/"},{"@type":"ListItem","position":2,"name":"Lee Herbert Fletcher elev\u00f3 la educaci\u00f3n adventista en Interam\u00e9rica"}]},{"@type":"WebSite","@id":"https:\/\/interamerica.org\/es\/#website","url":"https:\/\/interamerica.org\/es\/","name":"Iglesia Adventista del S\u00e9ptimo D\u00eda - Divisi\u00f3n Interamericana","description":"","potentialAction":[{"@type":"SearchAction","target":{"@type":"EntryPoint","urlTemplate":"https:\/\/interamerica.org\/es\/?s={search_term_string}"},"query-input":{"@type":"PropertyValueSpecification","valueRequired":true,"valueName":"search_term_string"}}],"inLanguage":"es"},{"@type":"Person","@id":"https:\/\/interamerica.org\/es\/#\/schema\/person\/29998f2bc2d8bd0d38662909289b54f1","name":"libna","image":{"@type":"ImageObject","inLanguage":"es","@id":"https:\/\/secure.gravatar.com\/avatar\/7c5bd30ae4b47a9ba3c856590957fd1d96dc588bf3ac05719d247e126840331f?s=96&d=mm&r=g","url":"https:\/\/secure.gravatar.com\/avatar\/7c5bd30ae4b47a9ba3c856590957fd1d96dc588bf3ac05719d247e126840331f?s=96&d=mm&r=g","contentUrl":"https:\/\/secure.gravatar.com\/avatar\/7c5bd30ae4b47a9ba3c856590957fd1d96dc588bf3ac05719d247e126840331f?s=96&d=mm&r=g","caption":"libna"}}]}},"_links":{"self":[{"href":"https:\/\/interamerica.org\/es\/wp-json\/wp\/v2\/posts\/87438","targetHints":{"allow":["GET"]}}],"collection":[{"href":"https:\/\/interamerica.org\/es\/wp-json\/wp\/v2\/posts"}],"about":[{"href":"https:\/\/interamerica.org\/es\/wp-json\/wp\/v2\/types\/post"}],"author":[{"embeddable":true,"href":"https:\/\/interamerica.org\/es\/wp-json\/wp\/v2\/users\/3"}],"replies":[{"embeddable":true,"href":"https:\/\/interamerica.org\/es\/wp-json\/wp\/v2\/comments?post=87438"}],"version-history":[{"count":0,"href":"https:\/\/interamerica.org\/es\/wp-json\/wp\/v2\/posts\/87438\/revisions"}],"wp:featuredmedia":[{"embeddable":true,"href":"https:\/\/interamerica.org\/es\/wp-json\/wp\/v2\/media\/87422"}],"wp:attachment":[{"href":"https:\/\/interamerica.org\/es\/wp-json\/wp\/v2\/media?parent=87438"}],"wp:term":[{"taxonomy":"category","embeddable":true,"href":"https:\/\/interamerica.org\/es\/wp-json\/wp\/v2\/categories?post=87438"},{"taxonomy":"post_tag","embeddable":true,"href":"https:\/\/interamerica.org\/es\/wp-json\/wp\/v2\/tags?post=87438"}],"curies":[{"name":"wp","href":"https:\/\/api.w.org\/{rel}","templated":true}]}}