{"id":87699,"date":"2022-07-21T23:38:50","date_gmt":"2022-07-22T03:38:50","guid":{"rendered":"https:\/\/recursing-golick.147-182-135-0.plesk.page\/?p=87699"},"modified":"2022-07-22T18:45:06","modified_gmt":"2022-07-22T22:45:06","slug":"en-mexico-mural-de-la-segunda-venida-en-concurrida-ciudad-portuaria-senala-la-iglesia-adventista","status":"publish","type":"post","link":"https:\/\/interamerica.org\/es\/2022\/07\/en-mexico-mural-de-la-segunda-venida-en-concurrida-ciudad-portuaria-senala-la-iglesia-adventista\/","title":{"rendered":"En M\u00e9xico, mural de la segunda venida en concurrida ciudad portuaria se\u00f1ala la Iglesia Adventista"},"content":{"rendered":"<p>21 de julio de 2022 | Ensenada, Baja California, M\u00e9xico | Keila Urbano y Noticias de la Divisi\u00f3n Interamericana<\/p>\n<p>Un mural en una concurrida calle de Ensenada, Baja California, en M\u00e9xico, destaca la segunda venida de Cristo, gracias a un espacio donado en y a estudiantes adventistas que dedicaron seis d\u00edas para terminar el trabajo. El mural, ubicado en la Calle Diamante de Ensenada en la segunda ciudad portuaria de mayor movimiento de M\u00e9xico, ilustra a Jes\u00fas que viene en una nube de \u00e1ngeles y que se dirige hacia un cementerio rodeado de \u00e1ridas monta\u00f1as. Es obra de dos graduados de arte de la Universidad de Montemorelos, una instituci\u00f3n operada por la Iglesia Adventista en Montemorelos, M\u00e9xico.<\/p>\n<p><div id=\"attachment_87660\" style=\"width: 1024px\" class=\"wp-caption aligncenter\"><img fetchpriority=\"high\" decoding=\"async\" aria-describedby=\"caption-attachment-87660\" class=\" wp-image-87660\" src=\"https:\/\/recursing-golick.147-182-135-0.plesk.page\/wp-content\/uploads\/2022\/07\/baja-working-mural.png\" alt=\"\" width=\"1014\" height=\"563\" srcset=\"https:\/\/interamerica.org\/wp-content\/uploads\/2022\/07\/baja-working-mural.png 1000w, https:\/\/interamerica.org\/wp-content\/uploads\/2022\/07\/baja-working-mural-300x167.png 300w, https:\/\/interamerica.org\/wp-content\/uploads\/2022\/07\/baja-working-mural-768x426.png 768w\" sizes=\"(max-width: 1014px) 100vw, 1014px\" \/><p id=\"caption-attachment-87660\" class=\"wp-caption-text\">Los artistas que trabajaron en el mural durante seis d\u00edas en Ensenada, Baja California, M\u00e9xico, del 21-28 de junio de 2022. [Fotograf\u00eda: Adventus]<\/p><\/div>\u201cTodo el objetivo [de la obra] es alcanzar a otros con el evangelio\u201d, dijo el pastor Edgardo Beltr\u00e1n, pastor distrital de la cercana iglesia adventista Ensenada 14. \u201cLa feligres\u00eda de nuestra iglesia est\u00e1 sumamente entusiasmada con los proyectos\u201d. Es la primera vez que el distrito eclesi\u00e1stico ha participado en un proyecto semejante, y ellos se encargaron de recibir a los artistas y ayudar con la log\u00edstica.<\/p>\n<p>Priscila Rivera y Pablo S\u00e1nchez, dos exalumnos del programa de artes visuales en la Universidad de Montemorelos, viajaron con su profesor Luis Medina, que coordina el departamento de artes visuales en el campus, para trabajar en el proyecto del 21-28 de junio de 2022.<\/p>\n<p>\u201cMe impresionaron la aceptaci\u00f3n y curiosidad de las personas que pasaban caminando\u201d, dijo Rivera. \u201cA veces, no estaba segura de lo que estaba haciendo, pero entonces pasaba un auto con toda una familia que se deten\u00eda solo para aplaudirnos, o personas que gritaban a la distancia dici\u00e9ndonos que estaba quedando lindo\u201d. Es alentador cuando las personas tiene fe en nuestro trabajo, a\u00f1adi\u00f3.<\/p>\n<p><div id=\"attachment_87666\" style=\"width: 886px\" class=\"wp-caption aligncenter\"><img decoding=\"async\" aria-describedby=\"caption-attachment-87666\" class=\" wp-image-87666\" src=\"https:\/\/recursing-golick.147-182-135-0.plesk.page\/wp-content\/uploads\/2022\/07\/pricila-baja-mural-1024x640.png\" alt=\"\" width=\"876\" height=\"547\" srcset=\"https:\/\/interamerica.org\/wp-content\/uploads\/2022\/07\/pricila-baja-mural-1024x640.png 1024w, https:\/\/interamerica.org\/wp-content\/uploads\/2022\/07\/pricila-baja-mural-300x188.png 300w, https:\/\/interamerica.org\/wp-content\/uploads\/2022\/07\/pricila-baja-mural-768x480.png 768w, https:\/\/interamerica.org\/wp-content\/uploads\/2022\/07\/pricila-baja-mural.png 1280w\" sizes=\"(max-width: 876px) 100vw, 876px\" \/><p id=\"caption-attachment-87666\" class=\"wp-caption-text\">Priscila Rivera, graduada de artes visuales de la Universidad de Montemorelos, pinta las alas de un \u00e1ngel durante un caluroso d\u00eda de verano. [Fotograf\u00eda: Adventus]<\/p><\/div>S\u00e1nchez, excompa\u00f1ero de clases de Rivera, ya ha colaborado junto con ella en otros murales, uno a la entrada de la iglesia de la Universidad de Montemorelos y otro en las paredes del gimnasio, dijo que este mural en particular fue fluyendo bien. \u201cFue una t\u00e9cnica de estilo libre y no nos basamos en nada en particular, pero tiene una inclinaci\u00f3n hacia la ilustraci\u00f3n\u201d, dijo S\u00e1nchez. Las personas tuvieron una reacci\u00f3n positiva cuando vieron el mural, dijo. \u201cSe detuvieron a preguntar de qu\u00e9 se trataba eso y a ver parte del proceso, y eso constituy\u00f3 un mensaje positivo, a diferencia del tipo de arte urbano que la gente est\u00e1 acostumbrada a ver\u201d.<\/p>\n<p>Para un mural con contexto religioso, los sorprendi\u00f3 el hecho de que haya despertado el inter\u00e9s de las personas.<\/p>\n<p>\u201cEl tema de la segunda venida es de inter\u00e9s de los adventistas del s\u00e9ptimo d\u00eda y en cierto sentido un misterio\u201d, dijo Medina. \u201cPreferimos imaginar c\u00f3mo ser\u00e1, qu\u00e9 es lo que suceder\u00e1, y procuramos interpretarlo por medio de colores y formas\u201d. El mural incluye colores no tan tradicionales, dijo, sino m\u00e1s colores influidos por la paleta de colores del arte urbano pop, explic\u00f3. \u201cUsamos una combinaci\u00f3n de los \u00faltimos estilos y tendencias\u201d.<\/p>\n<p><div id=\"attachment_87663\" style=\"width: 1154px\" class=\"wp-caption aligncenter\"><img decoding=\"async\" aria-describedby=\"caption-attachment-87663\" class=\" wp-image-87663\" src=\"https:\/\/recursing-golick.147-182-135-0.plesk.page\/wp-content\/uploads\/2022\/07\/baja-mural-longm-1024x368.jpg\" alt=\"\" width=\"1144\" height=\"411\" srcset=\"https:\/\/interamerica.org\/wp-content\/uploads\/2022\/07\/baja-mural-longm-1024x368.jpg 1024w, https:\/\/interamerica.org\/wp-content\/uploads\/2022\/07\/baja-mural-longm-300x108.jpg 300w, https:\/\/interamerica.org\/wp-content\/uploads\/2022\/07\/baja-mural-longm-768x276.jpg 768w, https:\/\/interamerica.org\/wp-content\/uploads\/2022\/07\/baja-mural-longm.jpg 1300w\" sizes=\"(max-width: 1144px) 100vw, 1144px\" \/><p id=\"caption-attachment-87663\" class=\"wp-caption-text\">De izquierda a derecha, los artistas Pablo S\u00e1nchez, Priscila Rivera y Luis Medina posan en frente del mural que pintaron sobre la segunda venida de Cristo. La pintura incluye contactos de medios sociales y el n\u00famero de tel\u00e9fono de la iglesia adventista Ensenada 14 que est\u00e1 cerca de all\u00ed. [Fotograf\u00eda: Adventus]<\/p><\/div>La iglesia adventista Ensenada 14, una de las seis en el distrito, ha designado un equipo para que haga un seguimiento de las personas que llamen o que los contacten por los medios sociales exhibidos en el mural mismo, dijo el pastor Beltr\u00e1n. El proyecto cont\u00f3 con la colaboraci\u00f3n de la Asociaci\u00f3n de Baja California y la Uni\u00f3n Mexicana del Norte.<\/p>\n<p>Los l\u00edderes de la iglesia dijeron que se ha planificado que el mural sea exhibido durante un a\u00f1o.<\/p>\n<p><iframe title=\"Artistas con prop\u00f3sito | Adventus Media\" width=\"500\" height=\"281\" src=\"https:\/\/www.youtube.com\/embed\/NSl-zn3ZC9I?start=184&#038;feature=oembed\" frameborder=\"0\" allow=\"accelerometer; autoplay; clipboard-write; encrypted-media; gyroscope; picture-in-picture; web-share\" referrerpolicy=\"strict-origin-when-cross-origin\" allowfullscreen><\/iframe><\/p>\n<p>Traducci\u00f3n de Marcos Paseggi<\/p>\n","protected":false},"excerpt":{"rendered":"<p>21 de julio de 2022 | Ensenada, Baja California, M\u00e9xico | Keila Urbano y Noticias de la Divisi\u00f3n Interamericana Un mural en una concurrida calle de Ensenada, Baja California, en&#8230;<\/p>\n","protected":false},"author":3,"featured_media":87657,"comment_status":"closed","ping_status":"closed","sticky":false,"template":"","format":"standard","meta":{"_acf_changed":false,"footnotes":""},"categories":[17,15],"tags":[],"class_list":["post-87699","post","type-post","status-publish","format-standard","has-post-thumbnail","hentry","category-desde-el-campo","category-rss-espanol"],"acf":[],"yoast_head":"<!-- This site is optimized with the Yoast SEO plugin v27.3 - https:\/\/yoast.com\/product\/yoast-seo-wordpress\/ -->\n<title>En M\u00e9xico, mural de la segunda venida en concurrida ciudad portuaria se\u00f1ala la Iglesia Adventista - Iglesia Adventista del S\u00e9ptimo D\u00eda - Divisi\u00f3n Interamericana<\/title>\n<meta name=\"robots\" content=\"index, follow, max-snippet:-1, max-image-preview:large, max-video-preview:-1\" \/>\n<link rel=\"canonical\" href=\"https:\/\/interamerica.org\/es\/2022\/07\/en-mexico-mural-de-la-segunda-venida-en-concurrida-ciudad-portuaria-senala-la-iglesia-adventista\/\" \/>\n<meta property=\"og:locale\" content=\"es_ES\" \/>\n<meta property=\"og:type\" content=\"article\" \/>\n<meta property=\"og:title\" content=\"En M\u00e9xico, mural de la segunda venida en concurrida ciudad portuaria se\u00f1ala la Iglesia Adventista - Iglesia Adventista del S\u00e9ptimo D\u00eda - Divisi\u00f3n Interamericana\" \/>\n<meta property=\"og:description\" content=\"21 de julio de 2022 | Ensenada, Baja California, M\u00e9xico | Keila Urbano y Noticias de la Divisi\u00f3n Interamericana Un mural en una concurrida calle de Ensenada, Baja California, en...\" \/>\n<meta property=\"og:url\" content=\"https:\/\/interamerica.org\/es\/2022\/07\/en-mexico-mural-de-la-segunda-venida-en-concurrida-ciudad-portuaria-senala-la-iglesia-adventista\/\" \/>\n<meta property=\"og:site_name\" content=\"Iglesia Adventista del S\u00e9ptimo D\u00eda - Divisi\u00f3n Interamericana\" \/>\n<meta property=\"article:published_time\" content=\"2022-07-22T03:38:50+00:00\" \/>\n<meta property=\"article:modified_time\" content=\"2022-07-22T22:45:06+00:00\" \/>\n<meta property=\"og:image\" content=\"https:\/\/interamerica.org\/wp-content\/uploads\/2022\/07\/baja-mural-street.png\" \/>\n\t<meta property=\"og:image:width\" content=\"1000\" \/>\n\t<meta property=\"og:image:height\" content=\"562\" \/>\n\t<meta property=\"og:image:type\" content=\"image\/png\" \/>\n<meta name=\"author\" content=\"libna\" \/>\n<meta name=\"twitter:card\" content=\"summary_large_image\" \/>\n<meta name=\"twitter:label1\" content=\"Escrito por\" \/>\n\t<meta name=\"twitter:data1\" content=\"libna\" \/>\n\t<meta name=\"twitter:label2\" content=\"Tiempo de lectura\" \/>\n\t<meta name=\"twitter:data2\" content=\"4 minutos\" \/>\n<script type=\"application\/ld+json\" class=\"yoast-schema-graph\">{\"@context\":\"https:\\\/\\\/schema.org\",\"@graph\":[{\"@type\":\"Article\",\"@id\":\"https:\\\/\\\/interamerica.org\\\/es\\\/2022\\\/07\\\/en-mexico-mural-de-la-segunda-venida-en-concurrida-ciudad-portuaria-senala-la-iglesia-adventista\\\/#article\",\"isPartOf\":{\"@id\":\"https:\\\/\\\/interamerica.org\\\/es\\\/2022\\\/07\\\/en-mexico-mural-de-la-segunda-venida-en-concurrida-ciudad-portuaria-senala-la-iglesia-adventista\\\/\"},\"author\":{\"name\":\"libna\",\"@id\":\"https:\\\/\\\/interamerica.org\\\/es\\\/#\\\/schema\\\/person\\\/29998f2bc2d8bd0d38662909289b54f1\"},\"headline\":\"En M\u00e9xico, mural de la segunda venida en concurrida ciudad portuaria se\u00f1ala la Iglesia Adventista\",\"datePublished\":\"2022-07-22T03:38:50+00:00\",\"dateModified\":\"2022-07-22T22:45:06+00:00\",\"mainEntityOfPage\":{\"@id\":\"https:\\\/\\\/interamerica.org\\\/es\\\/2022\\\/07\\\/en-mexico-mural-de-la-segunda-venida-en-concurrida-ciudad-portuaria-senala-la-iglesia-adventista\\\/\"},\"wordCount\":763,\"image\":{\"@id\":\"https:\\\/\\\/interamerica.org\\\/es\\\/2022\\\/07\\\/en-mexico-mural-de-la-segunda-venida-en-concurrida-ciudad-portuaria-senala-la-iglesia-adventista\\\/#primaryimage\"},\"thumbnailUrl\":\"https:\\\/\\\/interamerica.org\\\/wp-content\\\/uploads\\\/2022\\\/07\\\/baja-mural-street.png\",\"articleSection\":[\"Desde el campo\",\"RSS Espa\u00f1ol\"],\"inLanguage\":\"es\"},{\"@type\":\"WebPage\",\"@id\":\"https:\\\/\\\/interamerica.org\\\/es\\\/2022\\\/07\\\/en-mexico-mural-de-la-segunda-venida-en-concurrida-ciudad-portuaria-senala-la-iglesia-adventista\\\/\",\"url\":\"https:\\\/\\\/interamerica.org\\\/es\\\/2022\\\/07\\\/en-mexico-mural-de-la-segunda-venida-en-concurrida-ciudad-portuaria-senala-la-iglesia-adventista\\\/\",\"name\":\"En M\u00e9xico, mural de la segunda venida en concurrida ciudad portuaria se\u00f1ala la Iglesia Adventista - Iglesia Adventista del S\u00e9ptimo D\u00eda - Divisi\u00f3n Interamericana\",\"isPartOf\":{\"@id\":\"https:\\\/\\\/interamerica.org\\\/es\\\/#website\"},\"primaryImageOfPage\":{\"@id\":\"https:\\\/\\\/interamerica.org\\\/es\\\/2022\\\/07\\\/en-mexico-mural-de-la-segunda-venida-en-concurrida-ciudad-portuaria-senala-la-iglesia-adventista\\\/#primaryimage\"},\"image\":{\"@id\":\"https:\\\/\\\/interamerica.org\\\/es\\\/2022\\\/07\\\/en-mexico-mural-de-la-segunda-venida-en-concurrida-ciudad-portuaria-senala-la-iglesia-adventista\\\/#primaryimage\"},\"thumbnailUrl\":\"https:\\\/\\\/interamerica.org\\\/wp-content\\\/uploads\\\/2022\\\/07\\\/baja-mural-street.png\",\"datePublished\":\"2022-07-22T03:38:50+00:00\",\"dateModified\":\"2022-07-22T22:45:06+00:00\",\"author\":{\"@id\":\"https:\\\/\\\/interamerica.org\\\/es\\\/#\\\/schema\\\/person\\\/29998f2bc2d8bd0d38662909289b54f1\"},\"breadcrumb\":{\"@id\":\"https:\\\/\\\/interamerica.org\\\/es\\\/2022\\\/07\\\/en-mexico-mural-de-la-segunda-venida-en-concurrida-ciudad-portuaria-senala-la-iglesia-adventista\\\/#breadcrumb\"},\"inLanguage\":\"es\",\"potentialAction\":[{\"@type\":\"ReadAction\",\"target\":[\"https:\\\/\\\/interamerica.org\\\/es\\\/2022\\\/07\\\/en-mexico-mural-de-la-segunda-venida-en-concurrida-ciudad-portuaria-senala-la-iglesia-adventista\\\/\"]}]},{\"@type\":\"ImageObject\",\"inLanguage\":\"es\",\"@id\":\"https:\\\/\\\/interamerica.org\\\/es\\\/2022\\\/07\\\/en-mexico-mural-de-la-segunda-venida-en-concurrida-ciudad-portuaria-senala-la-iglesia-adventista\\\/#primaryimage\",\"url\":\"https:\\\/\\\/interamerica.org\\\/wp-content\\\/uploads\\\/2022\\\/07\\\/baja-mural-street.png\",\"contentUrl\":\"https:\\\/\\\/interamerica.org\\\/wp-content\\\/uploads\\\/2022\\\/07\\\/baja-mural-street.png\",\"width\":1000,\"height\":562,\"caption\":\"[Fotograf\u00eda: Adventus]\"},{\"@type\":\"BreadcrumbList\",\"@id\":\"https:\\\/\\\/interamerica.org\\\/es\\\/2022\\\/07\\\/en-mexico-mural-de-la-segunda-venida-en-concurrida-ciudad-portuaria-senala-la-iglesia-adventista\\\/#breadcrumb\",\"itemListElement\":[{\"@type\":\"ListItem\",\"position\":1,\"name\":\"Home\",\"item\":\"https:\\\/\\\/interamerica.org\\\/es\\\/\"},{\"@type\":\"ListItem\",\"position\":2,\"name\":\"En M\u00e9xico, mural de la segunda venida en concurrida ciudad portuaria se\u00f1ala la Iglesia Adventista\"}]},{\"@type\":\"WebSite\",\"@id\":\"https:\\\/\\\/interamerica.org\\\/es\\\/#website\",\"url\":\"https:\\\/\\\/interamerica.org\\\/es\\\/\",\"name\":\"Iglesia Adventista del S\u00e9ptimo D\u00eda - Divisi\u00f3n Interamericana\",\"description\":\"\",\"potentialAction\":[{\"@type\":\"SearchAction\",\"target\":{\"@type\":\"EntryPoint\",\"urlTemplate\":\"https:\\\/\\\/interamerica.org\\\/es\\\/?s={search_term_string}\"},\"query-input\":{\"@type\":\"PropertyValueSpecification\",\"valueRequired\":true,\"valueName\":\"search_term_string\"}}],\"inLanguage\":\"es\"},{\"@type\":\"Person\",\"@id\":\"https:\\\/\\\/interamerica.org\\\/es\\\/#\\\/schema\\\/person\\\/29998f2bc2d8bd0d38662909289b54f1\",\"name\":\"libna\",\"image\":{\"@type\":\"ImageObject\",\"inLanguage\":\"es\",\"@id\":\"https:\\\/\\\/secure.gravatar.com\\\/avatar\\\/7c5bd30ae4b47a9ba3c856590957fd1d96dc588bf3ac05719d247e126840331f?s=96&d=mm&r=g\",\"url\":\"https:\\\/\\\/secure.gravatar.com\\\/avatar\\\/7c5bd30ae4b47a9ba3c856590957fd1d96dc588bf3ac05719d247e126840331f?s=96&d=mm&r=g\",\"contentUrl\":\"https:\\\/\\\/secure.gravatar.com\\\/avatar\\\/7c5bd30ae4b47a9ba3c856590957fd1d96dc588bf3ac05719d247e126840331f?s=96&d=mm&r=g\",\"caption\":\"libna\"}}]}<\/script>\n<!-- \/ Yoast SEO plugin. -->","yoast_head_json":{"title":"En M\u00e9xico, mural de la segunda venida en concurrida ciudad portuaria se\u00f1ala la Iglesia Adventista - Iglesia Adventista del S\u00e9ptimo D\u00eda - Divisi\u00f3n Interamericana","robots":{"index":"index","follow":"follow","max-snippet":"max-snippet:-1","max-image-preview":"max-image-preview:large","max-video-preview":"max-video-preview:-1"},"canonical":"https:\/\/interamerica.org\/es\/2022\/07\/en-mexico-mural-de-la-segunda-venida-en-concurrida-ciudad-portuaria-senala-la-iglesia-adventista\/","og_locale":"es_ES","og_type":"article","og_title":"En M\u00e9xico, mural de la segunda venida en concurrida ciudad portuaria se\u00f1ala la Iglesia Adventista - Iglesia Adventista del S\u00e9ptimo D\u00eda - Divisi\u00f3n Interamericana","og_description":"21 de julio de 2022 | Ensenada, Baja California, M\u00e9xico | Keila Urbano y Noticias de la Divisi\u00f3n Interamericana Un mural en una concurrida calle de Ensenada, Baja California, en...","og_url":"https:\/\/interamerica.org\/es\/2022\/07\/en-mexico-mural-de-la-segunda-venida-en-concurrida-ciudad-portuaria-senala-la-iglesia-adventista\/","og_site_name":"Iglesia Adventista del S\u00e9ptimo D\u00eda - Divisi\u00f3n Interamericana","article_published_time":"2022-07-22T03:38:50+00:00","article_modified_time":"2022-07-22T22:45:06+00:00","og_image":[{"width":1000,"height":562,"url":"https:\/\/interamerica.org\/wp-content\/uploads\/2022\/07\/baja-mural-street.png","type":"image\/png"}],"author":"libna","twitter_card":"summary_large_image","twitter_misc":{"Escrito por":"libna","Tiempo de lectura":"4 minutos"},"schema":{"@context":"https:\/\/schema.org","@graph":[{"@type":"Article","@id":"https:\/\/interamerica.org\/es\/2022\/07\/en-mexico-mural-de-la-segunda-venida-en-concurrida-ciudad-portuaria-senala-la-iglesia-adventista\/#article","isPartOf":{"@id":"https:\/\/interamerica.org\/es\/2022\/07\/en-mexico-mural-de-la-segunda-venida-en-concurrida-ciudad-portuaria-senala-la-iglesia-adventista\/"},"author":{"name":"libna","@id":"https:\/\/interamerica.org\/es\/#\/schema\/person\/29998f2bc2d8bd0d38662909289b54f1"},"headline":"En M\u00e9xico, mural de la segunda venida en concurrida ciudad portuaria se\u00f1ala la Iglesia Adventista","datePublished":"2022-07-22T03:38:50+00:00","dateModified":"2022-07-22T22:45:06+00:00","mainEntityOfPage":{"@id":"https:\/\/interamerica.org\/es\/2022\/07\/en-mexico-mural-de-la-segunda-venida-en-concurrida-ciudad-portuaria-senala-la-iglesia-adventista\/"},"wordCount":763,"image":{"@id":"https:\/\/interamerica.org\/es\/2022\/07\/en-mexico-mural-de-la-segunda-venida-en-concurrida-ciudad-portuaria-senala-la-iglesia-adventista\/#primaryimage"},"thumbnailUrl":"https:\/\/interamerica.org\/wp-content\/uploads\/2022\/07\/baja-mural-street.png","articleSection":["Desde el campo","RSS Espa\u00f1ol"],"inLanguage":"es"},{"@type":"WebPage","@id":"https:\/\/interamerica.org\/es\/2022\/07\/en-mexico-mural-de-la-segunda-venida-en-concurrida-ciudad-portuaria-senala-la-iglesia-adventista\/","url":"https:\/\/interamerica.org\/es\/2022\/07\/en-mexico-mural-de-la-segunda-venida-en-concurrida-ciudad-portuaria-senala-la-iglesia-adventista\/","name":"En M\u00e9xico, mural de la segunda venida en concurrida ciudad portuaria se\u00f1ala la Iglesia Adventista - Iglesia Adventista del S\u00e9ptimo D\u00eda - Divisi\u00f3n Interamericana","isPartOf":{"@id":"https:\/\/interamerica.org\/es\/#website"},"primaryImageOfPage":{"@id":"https:\/\/interamerica.org\/es\/2022\/07\/en-mexico-mural-de-la-segunda-venida-en-concurrida-ciudad-portuaria-senala-la-iglesia-adventista\/#primaryimage"},"image":{"@id":"https:\/\/interamerica.org\/es\/2022\/07\/en-mexico-mural-de-la-segunda-venida-en-concurrida-ciudad-portuaria-senala-la-iglesia-adventista\/#primaryimage"},"thumbnailUrl":"https:\/\/interamerica.org\/wp-content\/uploads\/2022\/07\/baja-mural-street.png","datePublished":"2022-07-22T03:38:50+00:00","dateModified":"2022-07-22T22:45:06+00:00","author":{"@id":"https:\/\/interamerica.org\/es\/#\/schema\/person\/29998f2bc2d8bd0d38662909289b54f1"},"breadcrumb":{"@id":"https:\/\/interamerica.org\/es\/2022\/07\/en-mexico-mural-de-la-segunda-venida-en-concurrida-ciudad-portuaria-senala-la-iglesia-adventista\/#breadcrumb"},"inLanguage":"es","potentialAction":[{"@type":"ReadAction","target":["https:\/\/interamerica.org\/es\/2022\/07\/en-mexico-mural-de-la-segunda-venida-en-concurrida-ciudad-portuaria-senala-la-iglesia-adventista\/"]}]},{"@type":"ImageObject","inLanguage":"es","@id":"https:\/\/interamerica.org\/es\/2022\/07\/en-mexico-mural-de-la-segunda-venida-en-concurrida-ciudad-portuaria-senala-la-iglesia-adventista\/#primaryimage","url":"https:\/\/interamerica.org\/wp-content\/uploads\/2022\/07\/baja-mural-street.png","contentUrl":"https:\/\/interamerica.org\/wp-content\/uploads\/2022\/07\/baja-mural-street.png","width":1000,"height":562,"caption":"[Fotograf\u00eda: Adventus]"},{"@type":"BreadcrumbList","@id":"https:\/\/interamerica.org\/es\/2022\/07\/en-mexico-mural-de-la-segunda-venida-en-concurrida-ciudad-portuaria-senala-la-iglesia-adventista\/#breadcrumb","itemListElement":[{"@type":"ListItem","position":1,"name":"Home","item":"https:\/\/interamerica.org\/es\/"},{"@type":"ListItem","position":2,"name":"En M\u00e9xico, mural de la segunda venida en concurrida ciudad portuaria se\u00f1ala la Iglesia Adventista"}]},{"@type":"WebSite","@id":"https:\/\/interamerica.org\/es\/#website","url":"https:\/\/interamerica.org\/es\/","name":"Iglesia Adventista del S\u00e9ptimo D\u00eda - Divisi\u00f3n Interamericana","description":"","potentialAction":[{"@type":"SearchAction","target":{"@type":"EntryPoint","urlTemplate":"https:\/\/interamerica.org\/es\/?s={search_term_string}"},"query-input":{"@type":"PropertyValueSpecification","valueRequired":true,"valueName":"search_term_string"}}],"inLanguage":"es"},{"@type":"Person","@id":"https:\/\/interamerica.org\/es\/#\/schema\/person\/29998f2bc2d8bd0d38662909289b54f1","name":"libna","image":{"@type":"ImageObject","inLanguage":"es","@id":"https:\/\/secure.gravatar.com\/avatar\/7c5bd30ae4b47a9ba3c856590957fd1d96dc588bf3ac05719d247e126840331f?s=96&d=mm&r=g","url":"https:\/\/secure.gravatar.com\/avatar\/7c5bd30ae4b47a9ba3c856590957fd1d96dc588bf3ac05719d247e126840331f?s=96&d=mm&r=g","contentUrl":"https:\/\/secure.gravatar.com\/avatar\/7c5bd30ae4b47a9ba3c856590957fd1d96dc588bf3ac05719d247e126840331f?s=96&d=mm&r=g","caption":"libna"}}]}},"_links":{"self":[{"href":"https:\/\/interamerica.org\/es\/wp-json\/wp\/v2\/posts\/87699","targetHints":{"allow":["GET"]}}],"collection":[{"href":"https:\/\/interamerica.org\/es\/wp-json\/wp\/v2\/posts"}],"about":[{"href":"https:\/\/interamerica.org\/es\/wp-json\/wp\/v2\/types\/post"}],"author":[{"embeddable":true,"href":"https:\/\/interamerica.org\/es\/wp-json\/wp\/v2\/users\/3"}],"replies":[{"embeddable":true,"href":"https:\/\/interamerica.org\/es\/wp-json\/wp\/v2\/comments?post=87699"}],"version-history":[{"count":0,"href":"https:\/\/interamerica.org\/es\/wp-json\/wp\/v2\/posts\/87699\/revisions"}],"wp:featuredmedia":[{"embeddable":true,"href":"https:\/\/interamerica.org\/es\/wp-json\/wp\/v2\/media\/87657"}],"wp:attachment":[{"href":"https:\/\/interamerica.org\/es\/wp-json\/wp\/v2\/media?parent=87699"}],"wp:term":[{"taxonomy":"category","embeddable":true,"href":"https:\/\/interamerica.org\/es\/wp-json\/wp\/v2\/categories?post=87699"},{"taxonomy":"post_tag","embeddable":true,"href":"https:\/\/interamerica.org\/es\/wp-json\/wp\/v2\/tags?post=87699"}],"curies":[{"name":"wp","href":"https:\/\/api.w.org\/{rel}","templated":true}]}}