{"id":88119,"date":"2022-08-03T21:56:08","date_gmt":"2022-08-04T01:56:08","guid":{"rendered":"https:\/\/recursing-golick.147-182-135-0.plesk.page\/?p=88119"},"modified":"2022-08-04T09:06:13","modified_gmt":"2022-08-04T13:06:13","slug":"los-adventistas-comienzan-a-llegar-a-panama-para-el-festival-de-los-laicos-de-interamerica","status":"publish","type":"post","link":"https:\/\/interamerica.org\/es\/2022\/08\/los-adventistas-comienzan-a-llegar-a-panama-para-el-festival-de-los-laicos-de-interamerica\/","title":{"rendered":"Los adventistas comienzan a llegar a Panam\u00e1 para el Festival de Laicos de Interam\u00e9rica"},"content":{"rendered":"<p>3 de agosto de 2022 | Ciudad de Panam\u00e1, Panam\u00e1 | Libna Stevens, Noticias de la Divisi\u00f3n Interamericana<\/p>\n<p>Cientos de adventistas est\u00e1n arribando a Ciudad de Panam\u00e1, Panam\u00e1, para participar en el Festival de Laicos de Interam\u00e9rica, que tendr\u00e1 lugar del 4-6 de agosto de 2022.<\/p>\n<p>El festival, el primero de su clase en m\u00e1s de diez a\u00f1os, contar\u00e1 con m\u00e1s de seiscientos predicadores laicos, instructores b\u00edblicos laicos y l\u00edderes de la iglesia de toda la Divisi\u00f3n Interamericana, que celebrar\u00e1n sus logros a la hora de compartir el evangelio. El evento contar\u00e1 con presentaciones especiales, seminarios, nuevas herramientas y recursos disponibles, el reconocimiento de laicos destacados, y planes estrat\u00e9gicos para cumplir la misi\u00f3n, entre otros.<\/p>\n<p><div id=\"attachment_88090\" style=\"width: 896px\" class=\"wp-caption aligncenter\"><img fetchpriority=\"high\" decoding=\"async\" aria-describedby=\"caption-attachment-88090\" class=\" wp-image-88090\" src=\"https:\/\/recursing-golick.147-182-135-0.plesk.page\/wp-content\/uploads\/2022\/08\/festival-laity-2022-wjc-vencot-dyer.jpg\" alt=\"\" width=\"886\" height=\"574\" srcset=\"https:\/\/interamerica.org\/wp-content\/uploads\/2022\/08\/festival-laity-2022-wjc-vencot-dyer.jpg 1000w, https:\/\/interamerica.org\/wp-content\/uploads\/2022\/08\/festival-laity-2022-wjc-vencot-dyer-300x194.jpg 300w, https:\/\/interamerica.org\/wp-content\/uploads\/2022\/08\/festival-laity-2022-wjc-vencot-dyer-768x498.jpg 768w\" sizes=\"(max-width: 886px) 100vw, 886px\" \/><p id=\"caption-attachment-88090\" class=\"wp-caption-text\">El pastor Vencot Dyer, secretario ministerial de la Asociaci\u00f3n de Jamaica Occidental, sonr\u00ede mientras aguarda en la fila con un grupo de la delegaci\u00f3n de Jamaica, a \u00faltima hora de la tarde el 3 de agosto de 2022, para ingresar al hotel para el Festival de los Laicos de esta semana. Se espera que m\u00e1s de 600 laicos del territorio de la Divisi\u00f3n Interamericana arriben antes de la ceremonia de apertura en la noche del 4 de agosto de 2022. [Fotograf\u00eda: Libna Stevens\/DIA]<\/p><\/div>\u201cHemos esperado este Festival de Laicos durante tantos a\u00f1os, y estamos muy entusiasmados de dar la bienvenida a nuestros laicos y l\u00edderes para celebrar el tremendo impacto en el crecimiento de la iglesia a lo largo de nuestro vasto territorio\u201d, dijo el pastor Melchor Ferreyra, director de ministerios personales de la Divisi\u00f3n Interamericana y organizador del festival. El evento contar\u00e1 con presentaciones de l\u00edderes de la Iglesia Adventista mundial y la Divisi\u00f3n Interamericana, y contar\u00e1 con informes de cada una de las 24 regiones o uniones de la iglesia.<\/p>\n<p>\u201cEs tan maravilloso ver la llegada de las delegaciones\u201d, dijo Ferreyra. Una de las primeras delegaciones en llegar a Panam\u00e1, con m\u00e1s de una veintena de personas, proviene del territorio de la Uni\u00f3n del Caribe, dijo. La Uni\u00f3n del Caribe es la delegaci\u00f3n m\u00e1s numerosa despu\u00e9s de la delegaci\u00f3n de laicos de Panam\u00e1, que cuenta con m\u00e1s de treinta laicos que participar\u00e1n del festival.<\/p>\n<p>Temprano por la ma\u00f1ana, lleg\u00f3 una delegaci\u00f3n de catorce personas a la Ciudad de Panam\u00e1 provenientes de la Uni\u00f3n de Belice. \u201cTres laicos destacados llegaron para el evento del festival\u201d, dijo el pastor Gillet, presidente de la Misi\u00f3n Central de Belice. Salieron de Belice la noche anterior v\u00eda Canc\u00fan, M\u00e9xico, y llegaron a Ciudad de Panam\u00e1 a mediados de la ma\u00f1ana.<\/p>\n<p><div id=\"attachment_88087\" style=\"width: 934px\" class=\"wp-caption aligncenter\"><img decoding=\"async\" aria-describedby=\"caption-attachment-88087\" class=\" wp-image-88087\" src=\"https:\/\/recursing-golick.147-182-135-0.plesk.page\/wp-content\/uploads\/2022\/08\/festival-laity-2022-stage-set-up.jpg\" alt=\"\" width=\"924\" height=\"577\" srcset=\"https:\/\/interamerica.org\/wp-content\/uploads\/2022\/08\/festival-laity-2022-stage-set-up.jpg 1000w, https:\/\/interamerica.org\/wp-content\/uploads\/2022\/08\/festival-laity-2022-stage-set-up-300x188.jpg 300w, https:\/\/interamerica.org\/wp-content\/uploads\/2022\/08\/festival-laity-2022-stage-set-up-768x480.jpg 768w\" sizes=\"(max-width: 924px) 100vw, 924px\" \/><p id=\"caption-attachment-88087\" class=\"wp-caption-text\">El personal t\u00e9cnico realiza pruebas a las pantallas que ser\u00e1n usadas en la ceremonia de apertura del Festival de Laicos en la Divisi\u00f3n Interamericana, cuyo comienzo est\u00e1 planificado para el 4 de agosto de 2022. [Fotograf\u00eda: Libna Stevens\/DIA]<\/p><\/div>El pastor Vencot Dyer, secretario ministerial de la Iglesia Adventista en la Asociaci\u00f3n de Jamaica Occidental, vol\u00f3 despu\u00e9s de las 19:00 para registrarse en el evento. Lleg\u00f3 con una delegaci\u00f3n de m\u00e1s de una decena de Jamaica, junto a un grupo de las Islas Caim\u00e1n. Sonriendo de oreja a oreja, Dyer y su delegaci\u00f3n est\u00e1n aguardando con ansias el bendecido e inspirador festival de los laicos.<\/p>\n<p>Se espera que otros cientos se registren antes de la ceremonia de apertura.<\/p>\n<p>\u201cYa estamos emocionados por lo que experimentaremos, comenzando con el programa de inauguraci\u00f3n de ma\u00f1ana\u201d, dijo Ferreyra.<\/p>\n<p>La ceremonia de apertura comenzar\u00e1 el jueves 4 de agosto a las 19:30, hora de Panam\u00e1 (o 20:30, hora de Miami).<\/p>\n<p>El programa ser\u00e1 transmitido en l\u00ednea seg\u00fan el siguiente detalle:<\/p>\n<p>Viernes 5 de agosto, de 8:00 \u2013 12:30, y de 19:30 a 21:30.<\/p>\n<p>S\u00e1bado 6 de agosto, de 11:00 \u2013 12:30, y de 14:30 \u2013 19:00.<\/p>\n<p>Para ver <em>el Festival de los Laicos de la Divisi\u00f3n Interamericana <\/em> del 4-6 de agosto de 2022, visite <a href=\"https:\/\/www.youtube.com\/c\/InterAmericanDivision\">webcast.interamerica.org<\/a><\/p>\n<p>Traducci\u00f3n de Marcos Paseggi<\/p>\n","protected":false},"excerpt":{"rendered":"<p>3 de agosto de 2022 | Ciudad de Panam\u00e1, Panam\u00e1 | Libna Stevens, Noticias de la Divisi\u00f3n Interamericana Cientos de adventistas est\u00e1n arribando a Ciudad de Panam\u00e1, Panam\u00e1, para participar&#8230;<\/p>\n","protected":false},"author":3,"featured_media":88090,"comment_status":"closed","ping_status":"closed","sticky":false,"template":"","format":"standard","meta":{"_acf_changed":false,"footnotes":""},"categories":[16,15],"tags":[],"class_list":["post-88119","post","type-post","status-publish","format-standard","has-post-thumbnail","hentry","category-desde-la-sede","category-rss-espanol"],"acf":[],"yoast_head":"<!-- This site is optimized with the Yoast SEO plugin v27.3 - https:\/\/yoast.com\/product\/yoast-seo-wordpress\/ -->\n<title>Los adventistas comienzan a llegar a Panam\u00e1 para el Festival de Laicos de Interam\u00e9rica - Iglesia Adventista del S\u00e9ptimo D\u00eda - Divisi\u00f3n Interamericana<\/title>\n<meta name=\"robots\" content=\"index, follow, max-snippet:-1, max-image-preview:large, max-video-preview:-1\" \/>\n<link rel=\"canonical\" href=\"https:\/\/interamerica.org\/es\/2022\/08\/los-adventistas-comienzan-a-llegar-a-panama-para-el-festival-de-los-laicos-de-interamerica\/\" \/>\n<meta property=\"og:locale\" content=\"es_ES\" \/>\n<meta property=\"og:type\" content=\"article\" \/>\n<meta property=\"og:title\" content=\"Los adventistas comienzan a llegar a Panam\u00e1 para el Festival de Laicos de Interam\u00e9rica - Iglesia Adventista del S\u00e9ptimo D\u00eda - Divisi\u00f3n Interamericana\" \/>\n<meta property=\"og:description\" content=\"3 de agosto de 2022 | Ciudad de Panam\u00e1, Panam\u00e1 | Libna Stevens, Noticias de la Divisi\u00f3n Interamericana Cientos de adventistas est\u00e1n arribando a Ciudad de Panam\u00e1, Panam\u00e1, para participar...\" \/>\n<meta property=\"og:url\" content=\"https:\/\/interamerica.org\/es\/2022\/08\/los-adventistas-comienzan-a-llegar-a-panama-para-el-festival-de-los-laicos-de-interamerica\/\" \/>\n<meta property=\"og:site_name\" content=\"Iglesia Adventista del S\u00e9ptimo D\u00eda - Divisi\u00f3n Interamericana\" \/>\n<meta property=\"article:published_time\" content=\"2022-08-04T01:56:08+00:00\" \/>\n<meta property=\"article:modified_time\" content=\"2022-08-04T13:06:13+00:00\" \/>\n<meta property=\"og:image\" content=\"https:\/\/interamerica.org\/wp-content\/uploads\/2022\/08\/festival-laity-2022-wjc-vencot-dyer.jpg\" \/>\n\t<meta property=\"og:image:width\" content=\"1000\" \/>\n\t<meta property=\"og:image:height\" content=\"648\" \/>\n\t<meta property=\"og:image:type\" content=\"image\/jpeg\" \/>\n<meta name=\"author\" content=\"libna\" \/>\n<meta name=\"twitter:card\" content=\"summary_large_image\" \/>\n<meta name=\"twitter:label1\" content=\"Escrito por\" \/>\n\t<meta name=\"twitter:data1\" content=\"libna\" \/>\n\t<meta name=\"twitter:label2\" content=\"Tiempo de lectura\" \/>\n\t<meta name=\"twitter:data2\" content=\"4 minutos\" \/>\n<script type=\"application\/ld+json\" class=\"yoast-schema-graph\">{\"@context\":\"https:\\\/\\\/schema.org\",\"@graph\":[{\"@type\":\"Article\",\"@id\":\"https:\\\/\\\/interamerica.org\\\/es\\\/2022\\\/08\\\/los-adventistas-comienzan-a-llegar-a-panama-para-el-festival-de-los-laicos-de-interamerica\\\/#article\",\"isPartOf\":{\"@id\":\"https:\\\/\\\/interamerica.org\\\/es\\\/2022\\\/08\\\/los-adventistas-comienzan-a-llegar-a-panama-para-el-festival-de-los-laicos-de-interamerica\\\/\"},\"author\":{\"name\":\"libna\",\"@id\":\"https:\\\/\\\/interamerica.org\\\/es\\\/#\\\/schema\\\/person\\\/29998f2bc2d8bd0d38662909289b54f1\"},\"headline\":\"Los adventistas comienzan a llegar a Panam\u00e1 para el Festival de Laicos de Interam\u00e9rica\",\"datePublished\":\"2022-08-04T01:56:08+00:00\",\"dateModified\":\"2022-08-04T13:06:13+00:00\",\"mainEntityOfPage\":{\"@id\":\"https:\\\/\\\/interamerica.org\\\/es\\\/2022\\\/08\\\/los-adventistas-comienzan-a-llegar-a-panama-para-el-festival-de-los-laicos-de-interamerica\\\/\"},\"wordCount\":686,\"image\":{\"@id\":\"https:\\\/\\\/interamerica.org\\\/es\\\/2022\\\/08\\\/los-adventistas-comienzan-a-llegar-a-panama-para-el-festival-de-los-laicos-de-interamerica\\\/#primaryimage\"},\"thumbnailUrl\":\"https:\\\/\\\/interamerica.org\\\/wp-content\\\/uploads\\\/2022\\\/08\\\/festival-laity-2022-wjc-vencot-dyer.jpg\",\"articleSection\":[\"Desde la sede\",\"RSS Espa\u00f1ol\"],\"inLanguage\":\"es\"},{\"@type\":\"WebPage\",\"@id\":\"https:\\\/\\\/interamerica.org\\\/es\\\/2022\\\/08\\\/los-adventistas-comienzan-a-llegar-a-panama-para-el-festival-de-los-laicos-de-interamerica\\\/\",\"url\":\"https:\\\/\\\/interamerica.org\\\/es\\\/2022\\\/08\\\/los-adventistas-comienzan-a-llegar-a-panama-para-el-festival-de-los-laicos-de-interamerica\\\/\",\"name\":\"Los adventistas comienzan a llegar a Panam\u00e1 para el Festival de Laicos de Interam\u00e9rica - Iglesia Adventista del S\u00e9ptimo D\u00eda - Divisi\u00f3n Interamericana\",\"isPartOf\":{\"@id\":\"https:\\\/\\\/interamerica.org\\\/es\\\/#website\"},\"primaryImageOfPage\":{\"@id\":\"https:\\\/\\\/interamerica.org\\\/es\\\/2022\\\/08\\\/los-adventistas-comienzan-a-llegar-a-panama-para-el-festival-de-los-laicos-de-interamerica\\\/#primaryimage\"},\"image\":{\"@id\":\"https:\\\/\\\/interamerica.org\\\/es\\\/2022\\\/08\\\/los-adventistas-comienzan-a-llegar-a-panama-para-el-festival-de-los-laicos-de-interamerica\\\/#primaryimage\"},\"thumbnailUrl\":\"https:\\\/\\\/interamerica.org\\\/wp-content\\\/uploads\\\/2022\\\/08\\\/festival-laity-2022-wjc-vencot-dyer.jpg\",\"datePublished\":\"2022-08-04T01:56:08+00:00\",\"dateModified\":\"2022-08-04T13:06:13+00:00\",\"author\":{\"@id\":\"https:\\\/\\\/interamerica.org\\\/es\\\/#\\\/schema\\\/person\\\/29998f2bc2d8bd0d38662909289b54f1\"},\"breadcrumb\":{\"@id\":\"https:\\\/\\\/interamerica.org\\\/es\\\/2022\\\/08\\\/los-adventistas-comienzan-a-llegar-a-panama-para-el-festival-de-los-laicos-de-interamerica\\\/#breadcrumb\"},\"inLanguage\":\"es\",\"potentialAction\":[{\"@type\":\"ReadAction\",\"target\":[\"https:\\\/\\\/interamerica.org\\\/es\\\/2022\\\/08\\\/los-adventistas-comienzan-a-llegar-a-panama-para-el-festival-de-los-laicos-de-interamerica\\\/\"]}]},{\"@type\":\"ImageObject\",\"inLanguage\":\"es\",\"@id\":\"https:\\\/\\\/interamerica.org\\\/es\\\/2022\\\/08\\\/los-adventistas-comienzan-a-llegar-a-panama-para-el-festival-de-los-laicos-de-interamerica\\\/#primaryimage\",\"url\":\"https:\\\/\\\/interamerica.org\\\/wp-content\\\/uploads\\\/2022\\\/08\\\/festival-laity-2022-wjc-vencot-dyer.jpg\",\"contentUrl\":\"https:\\\/\\\/interamerica.org\\\/wp-content\\\/uploads\\\/2022\\\/08\\\/festival-laity-2022-wjc-vencot-dyer.jpg\",\"width\":1000,\"height\":648,\"caption\":\"[Fotograf\u00eda: Libna Stevens\\\/DIA]\"},{\"@type\":\"BreadcrumbList\",\"@id\":\"https:\\\/\\\/interamerica.org\\\/es\\\/2022\\\/08\\\/los-adventistas-comienzan-a-llegar-a-panama-para-el-festival-de-los-laicos-de-interamerica\\\/#breadcrumb\",\"itemListElement\":[{\"@type\":\"ListItem\",\"position\":1,\"name\":\"Home\",\"item\":\"https:\\\/\\\/interamerica.org\\\/es\\\/\"},{\"@type\":\"ListItem\",\"position\":2,\"name\":\"Los adventistas comienzan a llegar a Panam\u00e1 para el Festival de Laicos de Interam\u00e9rica\"}]},{\"@type\":\"WebSite\",\"@id\":\"https:\\\/\\\/interamerica.org\\\/es\\\/#website\",\"url\":\"https:\\\/\\\/interamerica.org\\\/es\\\/\",\"name\":\"Iglesia Adventista del S\u00e9ptimo D\u00eda - Divisi\u00f3n Interamericana\",\"description\":\"\",\"potentialAction\":[{\"@type\":\"SearchAction\",\"target\":{\"@type\":\"EntryPoint\",\"urlTemplate\":\"https:\\\/\\\/interamerica.org\\\/es\\\/?s={search_term_string}\"},\"query-input\":{\"@type\":\"PropertyValueSpecification\",\"valueRequired\":true,\"valueName\":\"search_term_string\"}}],\"inLanguage\":\"es\"},{\"@type\":\"Person\",\"@id\":\"https:\\\/\\\/interamerica.org\\\/es\\\/#\\\/schema\\\/person\\\/29998f2bc2d8bd0d38662909289b54f1\",\"name\":\"libna\",\"image\":{\"@type\":\"ImageObject\",\"inLanguage\":\"es\",\"@id\":\"https:\\\/\\\/secure.gravatar.com\\\/avatar\\\/7c5bd30ae4b47a9ba3c856590957fd1d96dc588bf3ac05719d247e126840331f?s=96&d=mm&r=g\",\"url\":\"https:\\\/\\\/secure.gravatar.com\\\/avatar\\\/7c5bd30ae4b47a9ba3c856590957fd1d96dc588bf3ac05719d247e126840331f?s=96&d=mm&r=g\",\"contentUrl\":\"https:\\\/\\\/secure.gravatar.com\\\/avatar\\\/7c5bd30ae4b47a9ba3c856590957fd1d96dc588bf3ac05719d247e126840331f?s=96&d=mm&r=g\",\"caption\":\"libna\"}}]}<\/script>\n<!-- \/ Yoast SEO plugin. -->","yoast_head_json":{"title":"Los adventistas comienzan a llegar a Panam\u00e1 para el Festival de Laicos de Interam\u00e9rica - Iglesia Adventista del S\u00e9ptimo D\u00eda - Divisi\u00f3n Interamericana","robots":{"index":"index","follow":"follow","max-snippet":"max-snippet:-1","max-image-preview":"max-image-preview:large","max-video-preview":"max-video-preview:-1"},"canonical":"https:\/\/interamerica.org\/es\/2022\/08\/los-adventistas-comienzan-a-llegar-a-panama-para-el-festival-de-los-laicos-de-interamerica\/","og_locale":"es_ES","og_type":"article","og_title":"Los adventistas comienzan a llegar a Panam\u00e1 para el Festival de Laicos de Interam\u00e9rica - Iglesia Adventista del S\u00e9ptimo D\u00eda - Divisi\u00f3n Interamericana","og_description":"3 de agosto de 2022 | Ciudad de Panam\u00e1, Panam\u00e1 | Libna Stevens, Noticias de la Divisi\u00f3n Interamericana Cientos de adventistas est\u00e1n arribando a Ciudad de Panam\u00e1, Panam\u00e1, para participar...","og_url":"https:\/\/interamerica.org\/es\/2022\/08\/los-adventistas-comienzan-a-llegar-a-panama-para-el-festival-de-los-laicos-de-interamerica\/","og_site_name":"Iglesia Adventista del S\u00e9ptimo D\u00eda - Divisi\u00f3n Interamericana","article_published_time":"2022-08-04T01:56:08+00:00","article_modified_time":"2022-08-04T13:06:13+00:00","og_image":[{"width":1000,"height":648,"url":"https:\/\/interamerica.org\/wp-content\/uploads\/2022\/08\/festival-laity-2022-wjc-vencot-dyer.jpg","type":"image\/jpeg"}],"author":"libna","twitter_card":"summary_large_image","twitter_misc":{"Escrito por":"libna","Tiempo de lectura":"4 minutos"},"schema":{"@context":"https:\/\/schema.org","@graph":[{"@type":"Article","@id":"https:\/\/interamerica.org\/es\/2022\/08\/los-adventistas-comienzan-a-llegar-a-panama-para-el-festival-de-los-laicos-de-interamerica\/#article","isPartOf":{"@id":"https:\/\/interamerica.org\/es\/2022\/08\/los-adventistas-comienzan-a-llegar-a-panama-para-el-festival-de-los-laicos-de-interamerica\/"},"author":{"name":"libna","@id":"https:\/\/interamerica.org\/es\/#\/schema\/person\/29998f2bc2d8bd0d38662909289b54f1"},"headline":"Los adventistas comienzan a llegar a Panam\u00e1 para el Festival de Laicos de Interam\u00e9rica","datePublished":"2022-08-04T01:56:08+00:00","dateModified":"2022-08-04T13:06:13+00:00","mainEntityOfPage":{"@id":"https:\/\/interamerica.org\/es\/2022\/08\/los-adventistas-comienzan-a-llegar-a-panama-para-el-festival-de-los-laicos-de-interamerica\/"},"wordCount":686,"image":{"@id":"https:\/\/interamerica.org\/es\/2022\/08\/los-adventistas-comienzan-a-llegar-a-panama-para-el-festival-de-los-laicos-de-interamerica\/#primaryimage"},"thumbnailUrl":"https:\/\/interamerica.org\/wp-content\/uploads\/2022\/08\/festival-laity-2022-wjc-vencot-dyer.jpg","articleSection":["Desde la sede","RSS Espa\u00f1ol"],"inLanguage":"es"},{"@type":"WebPage","@id":"https:\/\/interamerica.org\/es\/2022\/08\/los-adventistas-comienzan-a-llegar-a-panama-para-el-festival-de-los-laicos-de-interamerica\/","url":"https:\/\/interamerica.org\/es\/2022\/08\/los-adventistas-comienzan-a-llegar-a-panama-para-el-festival-de-los-laicos-de-interamerica\/","name":"Los adventistas comienzan a llegar a Panam\u00e1 para el Festival de Laicos de Interam\u00e9rica - Iglesia Adventista del S\u00e9ptimo D\u00eda - Divisi\u00f3n Interamericana","isPartOf":{"@id":"https:\/\/interamerica.org\/es\/#website"},"primaryImageOfPage":{"@id":"https:\/\/interamerica.org\/es\/2022\/08\/los-adventistas-comienzan-a-llegar-a-panama-para-el-festival-de-los-laicos-de-interamerica\/#primaryimage"},"image":{"@id":"https:\/\/interamerica.org\/es\/2022\/08\/los-adventistas-comienzan-a-llegar-a-panama-para-el-festival-de-los-laicos-de-interamerica\/#primaryimage"},"thumbnailUrl":"https:\/\/interamerica.org\/wp-content\/uploads\/2022\/08\/festival-laity-2022-wjc-vencot-dyer.jpg","datePublished":"2022-08-04T01:56:08+00:00","dateModified":"2022-08-04T13:06:13+00:00","author":{"@id":"https:\/\/interamerica.org\/es\/#\/schema\/person\/29998f2bc2d8bd0d38662909289b54f1"},"breadcrumb":{"@id":"https:\/\/interamerica.org\/es\/2022\/08\/los-adventistas-comienzan-a-llegar-a-panama-para-el-festival-de-los-laicos-de-interamerica\/#breadcrumb"},"inLanguage":"es","potentialAction":[{"@type":"ReadAction","target":["https:\/\/interamerica.org\/es\/2022\/08\/los-adventistas-comienzan-a-llegar-a-panama-para-el-festival-de-los-laicos-de-interamerica\/"]}]},{"@type":"ImageObject","inLanguage":"es","@id":"https:\/\/interamerica.org\/es\/2022\/08\/los-adventistas-comienzan-a-llegar-a-panama-para-el-festival-de-los-laicos-de-interamerica\/#primaryimage","url":"https:\/\/interamerica.org\/wp-content\/uploads\/2022\/08\/festival-laity-2022-wjc-vencot-dyer.jpg","contentUrl":"https:\/\/interamerica.org\/wp-content\/uploads\/2022\/08\/festival-laity-2022-wjc-vencot-dyer.jpg","width":1000,"height":648,"caption":"[Fotograf\u00eda: Libna Stevens\/DIA]"},{"@type":"BreadcrumbList","@id":"https:\/\/interamerica.org\/es\/2022\/08\/los-adventistas-comienzan-a-llegar-a-panama-para-el-festival-de-los-laicos-de-interamerica\/#breadcrumb","itemListElement":[{"@type":"ListItem","position":1,"name":"Home","item":"https:\/\/interamerica.org\/es\/"},{"@type":"ListItem","position":2,"name":"Los adventistas comienzan a llegar a Panam\u00e1 para el Festival de Laicos de Interam\u00e9rica"}]},{"@type":"WebSite","@id":"https:\/\/interamerica.org\/es\/#website","url":"https:\/\/interamerica.org\/es\/","name":"Iglesia Adventista del S\u00e9ptimo D\u00eda - Divisi\u00f3n Interamericana","description":"","potentialAction":[{"@type":"SearchAction","target":{"@type":"EntryPoint","urlTemplate":"https:\/\/interamerica.org\/es\/?s={search_term_string}"},"query-input":{"@type":"PropertyValueSpecification","valueRequired":true,"valueName":"search_term_string"}}],"inLanguage":"es"},{"@type":"Person","@id":"https:\/\/interamerica.org\/es\/#\/schema\/person\/29998f2bc2d8bd0d38662909289b54f1","name":"libna","image":{"@type":"ImageObject","inLanguage":"es","@id":"https:\/\/secure.gravatar.com\/avatar\/7c5bd30ae4b47a9ba3c856590957fd1d96dc588bf3ac05719d247e126840331f?s=96&d=mm&r=g","url":"https:\/\/secure.gravatar.com\/avatar\/7c5bd30ae4b47a9ba3c856590957fd1d96dc588bf3ac05719d247e126840331f?s=96&d=mm&r=g","contentUrl":"https:\/\/secure.gravatar.com\/avatar\/7c5bd30ae4b47a9ba3c856590957fd1d96dc588bf3ac05719d247e126840331f?s=96&d=mm&r=g","caption":"libna"}}]}},"_links":{"self":[{"href":"https:\/\/interamerica.org\/es\/wp-json\/wp\/v2\/posts\/88119","targetHints":{"allow":["GET"]}}],"collection":[{"href":"https:\/\/interamerica.org\/es\/wp-json\/wp\/v2\/posts"}],"about":[{"href":"https:\/\/interamerica.org\/es\/wp-json\/wp\/v2\/types\/post"}],"author":[{"embeddable":true,"href":"https:\/\/interamerica.org\/es\/wp-json\/wp\/v2\/users\/3"}],"replies":[{"embeddable":true,"href":"https:\/\/interamerica.org\/es\/wp-json\/wp\/v2\/comments?post=88119"}],"version-history":[{"count":0,"href":"https:\/\/interamerica.org\/es\/wp-json\/wp\/v2\/posts\/88119\/revisions"}],"wp:featuredmedia":[{"embeddable":true,"href":"https:\/\/interamerica.org\/es\/wp-json\/wp\/v2\/media\/88090"}],"wp:attachment":[{"href":"https:\/\/interamerica.org\/es\/wp-json\/wp\/v2\/media?parent=88119"}],"wp:term":[{"taxonomy":"category","embeddable":true,"href":"https:\/\/interamerica.org\/es\/wp-json\/wp\/v2\/categories?post=88119"},{"taxonomy":"post_tag","embeddable":true,"href":"https:\/\/interamerica.org\/es\/wp-json\/wp\/v2\/tags?post=88119"}],"curies":[{"name":"wp","href":"https:\/\/api.w.org\/{rel}","templated":true}]}}