{"id":88158,"date":"2022-08-04T19:29:30","date_gmt":"2022-08-04T23:29:30","guid":{"rendered":"https:\/\/recursing-golick.147-182-135-0.plesk.page\/?p=88158"},"modified":"2022-08-04T22:39:55","modified_gmt":"2022-08-05T02:39:55","slug":"creencia-22-conducta-cristiana","status":"publish","type":"post","link":"https:\/\/interamerica.org\/es\/2022\/08\/creencia-22-conducta-cristiana\/","title":{"rendered":"Creencia #22: Conducta Cristiana"},"content":{"rendered":"<p>4 de agosto de 2022 | Silver Spring, Maryland, Estados Unidos | Ted N.C. Wilson, President de la Asociaci\u00f3n General de los Adventistas del S\u00e9ptimo D\u00eda<\/p>\n<p><span style=\"font-weight: 400;\">\u00a1Saludos amigos! \u00bfSab\u00edan que la Biblia contiene principios sobre c\u00f3mo vivir la vida m\u00e1s feliz y exitosa posible? Desde la dieta hasta la toma de decisiones, desde el entretenimiento hasta el ejercicio y m\u00e1s, la Palabra de Dios contiene instrucciones divinas para nosotros hoy.<\/span><\/p>\n<p><span style=\"font-weight: 400;\">\u00bfPor qu\u00e9 a Dios le importa c\u00f3mo vivimos nuestras vidas? Porque \u00c9l quiere que tengamos la mejor vida posible. Jes\u00fas dijo en <\/span><b>Juan 10:10: \u201cEl ladr\u00f3n no viene sino para hurtar y matar y destruir; yo he venido para que tengan vida, y para que la tengan en abundancia\u201d.<\/b><\/p>\n<p><span style=\"font-weight: 400;\">Aqu\u00ed, Jes\u00fas hace una distinci\u00f3n entre \u00c9l mismo, que quiere que tengamos una vida abundante, y Satan\u00e1s, el ladr\u00f3n que solo busca robar, matar y destruir.<\/span><\/p>\n<p><span style=\"font-weight: 400;\">Entonces, \u00bfc\u00f3mo es esta vida abundante que ofrece Jes\u00fas? Primero est\u00e1 la promesa de la vida eterna, algo que podemos esperar recibir cuando venga Jes\u00fas. Pero tambi\u00e9n quiere que tengamos una vida abundante aqu\u00ed, por eso le importan las decisiones que tomamos ahora.<\/span><\/p>\n<p><span style=\"font-weight: 400;\">Amigos, nuestra relaci\u00f3n con Dios puede verse afectada dr\u00e1sticamente por la forma en que vivimos nuestra vida. <\/span><b>1 Juan 2:6<\/b><span style=\"font-weight: 400;\"> dice: <\/span><b>\u201cEl que dice que permanece en \u00e9l, debe andar como \u00e9l anduvo\u201d.<\/b><span style=\"font-weight: 400;\"> Por lo tanto, estamos llamados a vivir como seguidores de Cristo, no solo por nuestro propio bien, sino tambi\u00e9n por la influencia que tenemos sobre los dem\u00e1s.<\/span><\/p>\n<p><span style=\"font-weight: 400;\">Esto implica c\u00f3mo actuamos como cristianos y se aborda en nuestra <\/span><b>Creencia fundamental #22 de los Adventistas del S\u00e9ptimo D\u00eda<\/b><span style=\"font-weight: 400;\">, titulada <\/span><b>\u201cConducta Cristiana\u201d<\/b><span style=\"font-weight: 400;\">, que dice:<\/span><\/p>\n<p><b>\u201cEstamos llamados a ser un pueblo santo que piensa, siente, y act\u00faa en armon\u00eda con los principios b\u00edblicos en todos los aspectos de la vida personal y social. Para que el Esp\u00edritu Santo recree en nosotros el car\u00e1cter de nuestro Se\u00f1or nos involucramos s\u00f3lo en aquellas cosas que producir\u00e1n la pureza, la salud y la alegr\u00eda de Cristo en nuestras vidas. Esto significa que nuestra diversi\u00f3n y entretenimiento debe cumplir con los m\u00e1s altos est\u00e1ndares de gusto y belleza cristiana.\u00a0 Reconociendo las diferencias culturales, nuestra vestimenta debe ser sencilla, modesta y pulcra, como corresponde a aquellos cuya verdadera belleza no consiste en el adorno exterior sino en el imperecedero adorno de un esp\u00edritu apacible y tranquilo. Tambi\u00e9n significa que como nuestros cuerpos son los templos del Esp\u00edritu Santo, debemos cuidarlos inteligentemente. Junto con el ejercicio adecuado y el descanso, debemos adoptar la dieta m\u00e1s saludable posible y abstenernos de los alimentos impuros identificados en las Escrituras. Ya que las bebidas alcoh\u00f3licas, el tabaco y el uso irresponsable de drogas y narc\u00f3ticos son da\u00f1inos para nuestros cuerpos, debemos abstenernos de ellos tambi\u00e9n. En su lugar, debemos participar en todo lo que lleve a nuestros pensamientos y cuerpos a la disciplina de Cristo, que desea nuestra salud, alegr\u00eda y bondad.\u201d<\/b><\/p>\n<p><span style=\"font-weight: 400;\">Como Cristianos, estamos llamados a ser embajadores de Cristo, viviendo nuestras vidas de tal manera que demuestre que estamos conectados con \u00c9l. Esta conexi\u00f3n involucra cada parte de nuestras vidas; lo que comemos y bebemos, c\u00f3mo nos vestimos, qu\u00e9 entretenimiento elegimos, el cuidado de nuestros cuerpos y m\u00e1s.<\/span><\/p>\n<p><span style=\"font-weight: 400;\">Como Adventistas del S\u00e9ptimo D\u00eda, esto significa reconocer que nuestros cuerpos son el templo de Dios. <\/span><b>1 Corintios 6:19<\/b><span style=\"font-weight: 400;\"> dice: <\/span><b>\u201c\u00bfO ignor\u00e1is que vuestro cuerpo es templo del Esp\u00edritu Santo, el cual est\u00e1 en vosotros, el cual ten\u00e9is de Dios, y que no sois vuestros?\u201d<\/b><\/p>\n<p><span style=\"font-weight: 400;\">Esto significa que nos abstenemos de sustancias nocivas, incluidas todas las formas de alcohol, tabaco y drogas il\u00edcitas. Incluso se ha demostrado que la cafe\u00edna es da\u00f1ina y debe evitarse. Nuestro objetivo es comer saludablemente, reconociendo que la dieta ideal es a base de plantas, como se dio en el Jard\u00edn del Ed\u00e9n. Beber mucha agua, disfrutar del ejercicio bajo la luz del sol y el aire fresco, descansar lo suficiente, incluido el descanso semanal del s\u00e9ptimo d\u00eda sab\u00e1tico, y confiar en Dios, todo contribuye a una salud \u00f3ptima.<\/span><\/p>\n<p><span style=\"font-weight: 400;\">Nuestra apariencia refleja qui\u00e9nes somos y, como embajadores de Cristo, estamos llamados a vestirnos de una manera sencilla, pero ordenada, de buen gusto y modesta. No se necesitan adornos externos como joyas, ya que la verdadera belleza dada por Dios brilla desde adentro.<\/span><\/p>\n<p><span style=\"font-weight: 400;\">Con lo que llenamos nuestra mente y c\u00f3mo empleamos nuestro tiempo, afecta nuestra relaci\u00f3n con Dios y con los dem\u00e1s, por ello elegimos cuidadosamente lo que vemos, escuchamos y leemos. <\/span><b>\u201cNo pondr\u00e9 delante de mis ojos cosa injusta.\u201d<\/b><span style=\"font-weight: 400;\"> como se registra en el <\/span><b>Salmo 101:3<\/b><span style=\"font-weight: 400;\">, es una buena regla a seguir, junto con<\/span> <b>Filipenses 4:8, \u201c\u2026todo lo que es verdadero, todo lo honesto, todo lo justo, todo lo puro, todo lo amable, todo lo que es de buen nombre; si hay virtud alguna, si algo digno de alabanza, en esto pensad..\u00bb<\/b><\/p>\n<p><span style=\"font-weight: 400;\">Hacemos estas cosas no para tratar de ganar nuestro camino al cielo, porque Jes\u00fas ya pag\u00f3 el precio de nuestra salvaci\u00f3n. Debido a que amamos a Jes\u00fas, queremos vivir de una manera que le brinde honor y gloria y sea una luz brillante en este mundo de oscuridad. <\/span><b>\u201cVosotros sois la luz del mundo\u201d,<\/b> <span style=\"font-weight: 400;\">dijo Jes\u00fas. <\/span><b>\u201cUna ciudad asentada sobre un monte no se puede esconder\u201d (Mateo 5:14).<\/b><\/p>\n<p><span style=\"font-weight: 400;\">\u00a0<\/span><b>\u201cHaya pues en vosotros este sentir que hubo tambi\u00e9n en Cristo Jes\u00fas\u201d,<\/b><span style=\"font-weight: 400;\"> leemos en <\/span><b>Filipenses 2:5<\/b><span style=\"font-weight: 400;\">. Bajo todas las circunstancias, debemos buscar comprender y vivir en armon\u00eda con la voluntad y la mente de Cristo.<\/span><\/p>\n<p><span style=\"font-weight: 400;\">Elena de White enfatiz\u00f3 los hermosos resultados de una vida vivida en este tipo de relaci\u00f3n con Cristo. Ella escribi\u00f3: <\/span><b>\u201cToda verdadera obediencia proviene del coraz\u00f3n. La de Cristo proced\u00eda del coraz\u00f3n. Y si nosotros consentimos, se identificar\u00e1 de tal manera con nuestros pensamientos y fines, amoldar\u00e1 de tal manera nuestro coraz\u00f3n y mente en conformidad con su voluntad, que cuando le obedezcamos estaremos tan s\u00f3lo ejecutando nuestros propios impulsos. La voluntad, refinada y santificada, hallar\u00e1 su m\u00e1s alto deleite en servirle. Cuando conozcamos a Dios como es nuestro privilegio conocerle, nuestra vida ser\u00e1 una vida de continua obediencia. Si apreciamos el car\u00e1cter de Cristo y tenemos comuni\u00f3n con Dios, el pecado llegar\u00e1 a sernos odioso.\u201d (El Deseado de Todas las Gentes, p. 621).<\/b><\/p>\n<p><span style=\"font-weight: 400;\">\u00a1Qu\u00e9 hermosa promesa! Si desean obtener m\u00e1s informaci\u00f3n sobre la Conducta Cristiana y c\u00f3mo tener una relaci\u00f3n m\u00e1s cercana con Dios, les animo a visitar la URL en la parte inferior de la pantalla <\/span><b>[Insertar:<\/b><a href=\"http:\/\/www.adventist.org\/christian-behavior\/\"> <b>www.adventist.org\/christian-behavior\/<\/b><\/a><b>]<\/b><\/p>\n<p><span style=\"font-weight: 400;\">Amigos, los invito a orar conmigo ahora mismo. Querido Se\u00f1or, gracias porque puedes ayudarnos a vivir una vida plena, una vida completa, una vida de servicio a los dem\u00e1s. Una vida tan en contacto contigo que las mismas reacciones e impulsos que tenemos vendr\u00e1n debido a esta conexi\u00f3n con el cielo.<\/span><\/p>\n<p><span style=\"font-weight: 400;\">Se\u00f1or bend\u00edcenos mientras vivimos nuestras vidas para ti, y que nuestra conducta sea un modelo de lo que significa caminar con Jes\u00fas todos los d\u00edas. \u00bfPodemos verdaderamente ejemplificarte en el nombre de Cristo? lo preguntamos Am\u00e9n.<\/span><\/p>\n<p>&nbsp;<\/p>\n<p><iframe title=\"Creencia # 22: Conducta Cristiana \/ Pastor Ted Wilson\" src=\"https:\/\/player.vimeo.com\/video\/736660949?dnt=1&amp;app_id=122963\" width=\"500\" height=\"281\" frameborder=\"0\" allow=\"autoplay; fullscreen; picture-in-picture; clipboard-write\"><\/iframe><\/p>\n","protected":false},"excerpt":{"rendered":"<p>4 de agosto de 2022 | Silver Spring, Maryland, Estados Unidos | Ted N.C. Wilson, President de la Asociaci\u00f3n General de los Adventistas del S\u00e9ptimo D\u00eda \u00a1Saludos amigos! \u00bfSab\u00edan que&#8230;<\/p>\n","protected":false},"author":3,"featured_media":88163,"comment_status":"closed","ping_status":"closed","sticky":false,"template":"","format":"standard","meta":{"_acf_changed":false,"footnotes":""},"categories":[14,15],"tags":[],"class_list":["post-88158","post","type-post","status-publish","format-standard","has-post-thumbnail","hentry","category-de-la-iglesia-mundial","category-rss-espanol"],"acf":[],"yoast_head":"<!-- This site is optimized with the Yoast SEO plugin v27.3 - https:\/\/yoast.com\/product\/yoast-seo-wordpress\/ -->\n<title>Creencia #22: Conducta Cristiana - Iglesia Adventista del S\u00e9ptimo D\u00eda - Divisi\u00f3n Interamericana<\/title>\n<meta name=\"robots\" content=\"index, follow, max-snippet:-1, max-image-preview:large, max-video-preview:-1\" \/>\n<link rel=\"canonical\" href=\"https:\/\/interamerica.org\/es\/2022\/08\/creencia-22-conducta-cristiana\/\" \/>\n<meta property=\"og:locale\" content=\"es_ES\" \/>\n<meta property=\"og:type\" content=\"article\" \/>\n<meta property=\"og:title\" content=\"Creencia #22: Conducta Cristiana - Iglesia Adventista del S\u00e9ptimo D\u00eda - Divisi\u00f3n Interamericana\" \/>\n<meta property=\"og:description\" content=\"4 de agosto de 2022 | Silver Spring, Maryland, Estados Unidos | Ted N.C. Wilson, President de la Asociaci\u00f3n General de los Adventistas del S\u00e9ptimo D\u00eda \u00a1Saludos amigos! \u00bfSab\u00edan que...\" \/>\n<meta property=\"og:url\" content=\"https:\/\/interamerica.org\/es\/2022\/08\/creencia-22-conducta-cristiana\/\" \/>\n<meta property=\"og:site_name\" content=\"Iglesia Adventista del S\u00e9ptimo D\u00eda - Divisi\u00f3n Interamericana\" \/>\n<meta property=\"article:published_time\" content=\"2022-08-04T23:29:30+00:00\" \/>\n<meta property=\"article:modified_time\" content=\"2022-08-05T02:39:55+00:00\" \/>\n<meta property=\"og:image\" content=\"https:\/\/interamerica.org\/wp-content\/uploads\/2022\/08\/wilson-aug04-spanish.png\" \/>\n\t<meta property=\"og:image:width\" content=\"1000\" \/>\n\t<meta property=\"og:image:height\" content=\"562\" \/>\n\t<meta property=\"og:image:type\" content=\"image\/png\" \/>\n<meta name=\"author\" content=\"libna\" \/>\n<meta name=\"twitter:card\" content=\"summary_large_image\" \/>\n<meta name=\"twitter:label1\" content=\"Escrito por\" \/>\n\t<meta name=\"twitter:data1\" content=\"libna\" \/>\n\t<meta name=\"twitter:label2\" content=\"Tiempo de lectura\" \/>\n\t<meta name=\"twitter:data2\" content=\"6 minutos\" \/>\n<script type=\"application\/ld+json\" class=\"yoast-schema-graph\">{\"@context\":\"https:\\\/\\\/schema.org\",\"@graph\":[{\"@type\":\"Article\",\"@id\":\"https:\\\/\\\/interamerica.org\\\/es\\\/2022\\\/08\\\/creencia-22-conducta-cristiana\\\/#article\",\"isPartOf\":{\"@id\":\"https:\\\/\\\/interamerica.org\\\/es\\\/2022\\\/08\\\/creencia-22-conducta-cristiana\\\/\"},\"author\":{\"name\":\"libna\",\"@id\":\"https:\\\/\\\/interamerica.org\\\/es\\\/#\\\/schema\\\/person\\\/29998f2bc2d8bd0d38662909289b54f1\"},\"headline\":\"Creencia #22: Conducta Cristiana\",\"datePublished\":\"2022-08-04T23:29:30+00:00\",\"dateModified\":\"2022-08-05T02:39:55+00:00\",\"mainEntityOfPage\":{\"@id\":\"https:\\\/\\\/interamerica.org\\\/es\\\/2022\\\/08\\\/creencia-22-conducta-cristiana\\\/\"},\"wordCount\":1239,\"image\":{\"@id\":\"https:\\\/\\\/interamerica.org\\\/es\\\/2022\\\/08\\\/creencia-22-conducta-cristiana\\\/#primaryimage\"},\"thumbnailUrl\":\"https:\\\/\\\/interamerica.org\\\/wp-content\\\/uploads\\\/2022\\\/08\\\/wilson-aug04-spanish.png\",\"articleSection\":[\"Desde la iglesia mundial\",\"RSS Espa\u00f1ol\"],\"inLanguage\":\"es\"},{\"@type\":\"WebPage\",\"@id\":\"https:\\\/\\\/interamerica.org\\\/es\\\/2022\\\/08\\\/creencia-22-conducta-cristiana\\\/\",\"url\":\"https:\\\/\\\/interamerica.org\\\/es\\\/2022\\\/08\\\/creencia-22-conducta-cristiana\\\/\",\"name\":\"Creencia #22: Conducta Cristiana - Iglesia Adventista del S\u00e9ptimo D\u00eda - Divisi\u00f3n Interamericana\",\"isPartOf\":{\"@id\":\"https:\\\/\\\/interamerica.org\\\/es\\\/#website\"},\"primaryImageOfPage\":{\"@id\":\"https:\\\/\\\/interamerica.org\\\/es\\\/2022\\\/08\\\/creencia-22-conducta-cristiana\\\/#primaryimage\"},\"image\":{\"@id\":\"https:\\\/\\\/interamerica.org\\\/es\\\/2022\\\/08\\\/creencia-22-conducta-cristiana\\\/#primaryimage\"},\"thumbnailUrl\":\"https:\\\/\\\/interamerica.org\\\/wp-content\\\/uploads\\\/2022\\\/08\\\/wilson-aug04-spanish.png\",\"datePublished\":\"2022-08-04T23:29:30+00:00\",\"dateModified\":\"2022-08-05T02:39:55+00:00\",\"author\":{\"@id\":\"https:\\\/\\\/interamerica.org\\\/es\\\/#\\\/schema\\\/person\\\/29998f2bc2d8bd0d38662909289b54f1\"},\"breadcrumb\":{\"@id\":\"https:\\\/\\\/interamerica.org\\\/es\\\/2022\\\/08\\\/creencia-22-conducta-cristiana\\\/#breadcrumb\"},\"inLanguage\":\"es\",\"potentialAction\":[{\"@type\":\"ReadAction\",\"target\":[\"https:\\\/\\\/interamerica.org\\\/es\\\/2022\\\/08\\\/creencia-22-conducta-cristiana\\\/\"]}]},{\"@type\":\"ImageObject\",\"inLanguage\":\"es\",\"@id\":\"https:\\\/\\\/interamerica.org\\\/es\\\/2022\\\/08\\\/creencia-22-conducta-cristiana\\\/#primaryimage\",\"url\":\"https:\\\/\\\/interamerica.org\\\/wp-content\\\/uploads\\\/2022\\\/08\\\/wilson-aug04-spanish.png\",\"contentUrl\":\"https:\\\/\\\/interamerica.org\\\/wp-content\\\/uploads\\\/2022\\\/08\\\/wilson-aug04-spanish.png\",\"width\":1000,\"height\":562},{\"@type\":\"BreadcrumbList\",\"@id\":\"https:\\\/\\\/interamerica.org\\\/es\\\/2022\\\/08\\\/creencia-22-conducta-cristiana\\\/#breadcrumb\",\"itemListElement\":[{\"@type\":\"ListItem\",\"position\":1,\"name\":\"Home\",\"item\":\"https:\\\/\\\/interamerica.org\\\/es\\\/\"},{\"@type\":\"ListItem\",\"position\":2,\"name\":\"Creencia #22: Conducta Cristiana\"}]},{\"@type\":\"WebSite\",\"@id\":\"https:\\\/\\\/interamerica.org\\\/es\\\/#website\",\"url\":\"https:\\\/\\\/interamerica.org\\\/es\\\/\",\"name\":\"Iglesia Adventista del S\u00e9ptimo D\u00eda - Divisi\u00f3n Interamericana\",\"description\":\"\",\"potentialAction\":[{\"@type\":\"SearchAction\",\"target\":{\"@type\":\"EntryPoint\",\"urlTemplate\":\"https:\\\/\\\/interamerica.org\\\/es\\\/?s={search_term_string}\"},\"query-input\":{\"@type\":\"PropertyValueSpecification\",\"valueRequired\":true,\"valueName\":\"search_term_string\"}}],\"inLanguage\":\"es\"},{\"@type\":\"Person\",\"@id\":\"https:\\\/\\\/interamerica.org\\\/es\\\/#\\\/schema\\\/person\\\/29998f2bc2d8bd0d38662909289b54f1\",\"name\":\"libna\",\"image\":{\"@type\":\"ImageObject\",\"inLanguage\":\"es\",\"@id\":\"https:\\\/\\\/secure.gravatar.com\\\/avatar\\\/7c5bd30ae4b47a9ba3c856590957fd1d96dc588bf3ac05719d247e126840331f?s=96&d=mm&r=g\",\"url\":\"https:\\\/\\\/secure.gravatar.com\\\/avatar\\\/7c5bd30ae4b47a9ba3c856590957fd1d96dc588bf3ac05719d247e126840331f?s=96&d=mm&r=g\",\"contentUrl\":\"https:\\\/\\\/secure.gravatar.com\\\/avatar\\\/7c5bd30ae4b47a9ba3c856590957fd1d96dc588bf3ac05719d247e126840331f?s=96&d=mm&r=g\",\"caption\":\"libna\"}}]}<\/script>\n<!-- \/ Yoast SEO plugin. -->","yoast_head_json":{"title":"Creencia #22: Conducta Cristiana - Iglesia Adventista del S\u00e9ptimo D\u00eda - Divisi\u00f3n Interamericana","robots":{"index":"index","follow":"follow","max-snippet":"max-snippet:-1","max-image-preview":"max-image-preview:large","max-video-preview":"max-video-preview:-1"},"canonical":"https:\/\/interamerica.org\/es\/2022\/08\/creencia-22-conducta-cristiana\/","og_locale":"es_ES","og_type":"article","og_title":"Creencia #22: Conducta Cristiana - Iglesia Adventista del S\u00e9ptimo D\u00eda - Divisi\u00f3n Interamericana","og_description":"4 de agosto de 2022 | Silver Spring, Maryland, Estados Unidos | Ted N.C. Wilson, President de la Asociaci\u00f3n General de los Adventistas del S\u00e9ptimo D\u00eda \u00a1Saludos amigos! \u00bfSab\u00edan que...","og_url":"https:\/\/interamerica.org\/es\/2022\/08\/creencia-22-conducta-cristiana\/","og_site_name":"Iglesia Adventista del S\u00e9ptimo D\u00eda - Divisi\u00f3n Interamericana","article_published_time":"2022-08-04T23:29:30+00:00","article_modified_time":"2022-08-05T02:39:55+00:00","og_image":[{"width":1000,"height":562,"url":"https:\/\/interamerica.org\/wp-content\/uploads\/2022\/08\/wilson-aug04-spanish.png","type":"image\/png"}],"author":"libna","twitter_card":"summary_large_image","twitter_misc":{"Escrito por":"libna","Tiempo de lectura":"6 minutos"},"schema":{"@context":"https:\/\/schema.org","@graph":[{"@type":"Article","@id":"https:\/\/interamerica.org\/es\/2022\/08\/creencia-22-conducta-cristiana\/#article","isPartOf":{"@id":"https:\/\/interamerica.org\/es\/2022\/08\/creencia-22-conducta-cristiana\/"},"author":{"name":"libna","@id":"https:\/\/interamerica.org\/es\/#\/schema\/person\/29998f2bc2d8bd0d38662909289b54f1"},"headline":"Creencia #22: Conducta Cristiana","datePublished":"2022-08-04T23:29:30+00:00","dateModified":"2022-08-05T02:39:55+00:00","mainEntityOfPage":{"@id":"https:\/\/interamerica.org\/es\/2022\/08\/creencia-22-conducta-cristiana\/"},"wordCount":1239,"image":{"@id":"https:\/\/interamerica.org\/es\/2022\/08\/creencia-22-conducta-cristiana\/#primaryimage"},"thumbnailUrl":"https:\/\/interamerica.org\/wp-content\/uploads\/2022\/08\/wilson-aug04-spanish.png","articleSection":["Desde la iglesia mundial","RSS Espa\u00f1ol"],"inLanguage":"es"},{"@type":"WebPage","@id":"https:\/\/interamerica.org\/es\/2022\/08\/creencia-22-conducta-cristiana\/","url":"https:\/\/interamerica.org\/es\/2022\/08\/creencia-22-conducta-cristiana\/","name":"Creencia #22: Conducta Cristiana - Iglesia Adventista del S\u00e9ptimo D\u00eda - Divisi\u00f3n Interamericana","isPartOf":{"@id":"https:\/\/interamerica.org\/es\/#website"},"primaryImageOfPage":{"@id":"https:\/\/interamerica.org\/es\/2022\/08\/creencia-22-conducta-cristiana\/#primaryimage"},"image":{"@id":"https:\/\/interamerica.org\/es\/2022\/08\/creencia-22-conducta-cristiana\/#primaryimage"},"thumbnailUrl":"https:\/\/interamerica.org\/wp-content\/uploads\/2022\/08\/wilson-aug04-spanish.png","datePublished":"2022-08-04T23:29:30+00:00","dateModified":"2022-08-05T02:39:55+00:00","author":{"@id":"https:\/\/interamerica.org\/es\/#\/schema\/person\/29998f2bc2d8bd0d38662909289b54f1"},"breadcrumb":{"@id":"https:\/\/interamerica.org\/es\/2022\/08\/creencia-22-conducta-cristiana\/#breadcrumb"},"inLanguage":"es","potentialAction":[{"@type":"ReadAction","target":["https:\/\/interamerica.org\/es\/2022\/08\/creencia-22-conducta-cristiana\/"]}]},{"@type":"ImageObject","inLanguage":"es","@id":"https:\/\/interamerica.org\/es\/2022\/08\/creencia-22-conducta-cristiana\/#primaryimage","url":"https:\/\/interamerica.org\/wp-content\/uploads\/2022\/08\/wilson-aug04-spanish.png","contentUrl":"https:\/\/interamerica.org\/wp-content\/uploads\/2022\/08\/wilson-aug04-spanish.png","width":1000,"height":562},{"@type":"BreadcrumbList","@id":"https:\/\/interamerica.org\/es\/2022\/08\/creencia-22-conducta-cristiana\/#breadcrumb","itemListElement":[{"@type":"ListItem","position":1,"name":"Home","item":"https:\/\/interamerica.org\/es\/"},{"@type":"ListItem","position":2,"name":"Creencia #22: Conducta Cristiana"}]},{"@type":"WebSite","@id":"https:\/\/interamerica.org\/es\/#website","url":"https:\/\/interamerica.org\/es\/","name":"Iglesia Adventista del S\u00e9ptimo D\u00eda - Divisi\u00f3n Interamericana","description":"","potentialAction":[{"@type":"SearchAction","target":{"@type":"EntryPoint","urlTemplate":"https:\/\/interamerica.org\/es\/?s={search_term_string}"},"query-input":{"@type":"PropertyValueSpecification","valueRequired":true,"valueName":"search_term_string"}}],"inLanguage":"es"},{"@type":"Person","@id":"https:\/\/interamerica.org\/es\/#\/schema\/person\/29998f2bc2d8bd0d38662909289b54f1","name":"libna","image":{"@type":"ImageObject","inLanguage":"es","@id":"https:\/\/secure.gravatar.com\/avatar\/7c5bd30ae4b47a9ba3c856590957fd1d96dc588bf3ac05719d247e126840331f?s=96&d=mm&r=g","url":"https:\/\/secure.gravatar.com\/avatar\/7c5bd30ae4b47a9ba3c856590957fd1d96dc588bf3ac05719d247e126840331f?s=96&d=mm&r=g","contentUrl":"https:\/\/secure.gravatar.com\/avatar\/7c5bd30ae4b47a9ba3c856590957fd1d96dc588bf3ac05719d247e126840331f?s=96&d=mm&r=g","caption":"libna"}}]}},"_links":{"self":[{"href":"https:\/\/interamerica.org\/es\/wp-json\/wp\/v2\/posts\/88158","targetHints":{"allow":["GET"]}}],"collection":[{"href":"https:\/\/interamerica.org\/es\/wp-json\/wp\/v2\/posts"}],"about":[{"href":"https:\/\/interamerica.org\/es\/wp-json\/wp\/v2\/types\/post"}],"author":[{"embeddable":true,"href":"https:\/\/interamerica.org\/es\/wp-json\/wp\/v2\/users\/3"}],"replies":[{"embeddable":true,"href":"https:\/\/interamerica.org\/es\/wp-json\/wp\/v2\/comments?post=88158"}],"version-history":[{"count":0,"href":"https:\/\/interamerica.org\/es\/wp-json\/wp\/v2\/posts\/88158\/revisions"}],"wp:featuredmedia":[{"embeddable":true,"href":"https:\/\/interamerica.org\/es\/wp-json\/wp\/v2\/media\/88163"}],"wp:attachment":[{"href":"https:\/\/interamerica.org\/es\/wp-json\/wp\/v2\/media?parent=88158"}],"wp:term":[{"taxonomy":"category","embeddable":true,"href":"https:\/\/interamerica.org\/es\/wp-json\/wp\/v2\/categories?post=88158"},{"taxonomy":"post_tag","embeddable":true,"href":"https:\/\/interamerica.org\/es\/wp-json\/wp\/v2\/tags?post=88158"}],"curies":[{"name":"wp","href":"https:\/\/api.w.org\/{rel}","templated":true}]}}