{"id":88542,"date":"2022-08-12T11:19:17","date_gmt":"2022-08-12T15:19:17","guid":{"rendered":"https:\/\/interamerica.org\/?p=88542"},"modified":"2022-08-13T06:53:56","modified_gmt":"2022-08-13T10:53:56","slug":"iglesia-adventista-en-interamerica-celebra-a-los-campeones-del-evangelismo-laico","status":"publish","type":"post","link":"https:\/\/interamerica.org\/es\/2022\/08\/iglesia-adventista-en-interamerica-celebra-a-los-campeones-del-evangelismo-laico\/","title":{"rendered":"Iglesia Adventista en Interam\u00e9rica celebra a los campeones del evangelismo laico"},"content":{"rendered":"<p><div id=\"attachment_88519\" style=\"width: 859px\" class=\"wp-caption aligncenter\"><img fetchpriority=\"high\" decoding=\"async\" aria-describedby=\"caption-attachment-88519\" class=\" wp-image-88519\" src=\"https:\/\/interamerica.org\/wp-content\/uploads\/2022\/08\/festival-awardees-aug6-1280-1024x640.jpg\" alt=\"\" width=\"849\" height=\"531\" srcset=\"https:\/\/interamerica.org\/wp-content\/uploads\/2022\/08\/festival-awardees-aug6-1280-1024x640.jpg 1024w, https:\/\/interamerica.org\/wp-content\/uploads\/2022\/08\/festival-awardees-aug6-1280-300x188.jpg 300w, https:\/\/interamerica.org\/wp-content\/uploads\/2022\/08\/festival-awardees-aug6-1280-768x480.jpg 768w, https:\/\/interamerica.org\/wp-content\/uploads\/2022\/08\/festival-awardees-aug6-1280.jpg 1280w\" sizes=\"(max-width: 849px) 100vw, 849px\" \/><p id=\"caption-attachment-88519\" class=\"wp-caption-text\">Parte de los campeones de evangelismo laico muestran sus medallas despu\u00e9s de ser reconocidos durante una ceremonia especial en el cierre del Festival de Laicos de la Divisi\u00f3n Interamericana en Ciudad de Panam\u00e1, Panam\u00e1, el 6 de agosto de 2022. [Fotograf\u00eda: Ariel Morales\/DIA]<\/p><\/div>12 de agosto de 2022 | Ciudad de Panam\u00e1, Panam\u00e1 | Libna Stevens, Divisi\u00f3n Interamericana<\/p>\n<p>Veinticuatro evangelistas laicos fueron reconocidos por su servicio destacado a la hora de llevar a cientos de individuos a aceptar el evangelio, en una ceremonia especial llevada a cabo durante el \u00faltimo d\u00eda del Festival de Laicos en la Divisi\u00f3n Interamericana en Ciudad de Panam\u00e1, Panam\u00e1, el 6 de agosto de 2022.<\/p>\n<p>En medio de los aplausos, los destacados laicos que representaron a miles de evangelistas laicos, predicadores laicos e instructores b\u00edblicos laicos de sus regiones recibieron medallas, saludos y abrazos por sus servicios.<\/p>\n<p><div id=\"attachment_88525\" style=\"width: 836px\" class=\"wp-caption aligncenter\"><img decoding=\"async\" aria-describedby=\"caption-attachment-88525\" class=\" wp-image-88525\" src=\"https:\/\/interamerica.org\/wp-content\/uploads\/2022\/08\/melchor-ferreyra-awards-festival-aug6.jpg\" alt=\"\" width=\"826\" height=\"521\" srcset=\"https:\/\/interamerica.org\/wp-content\/uploads\/2022\/08\/melchor-ferreyra-awards-festival-aug6.jpg 1000w, https:\/\/interamerica.org\/wp-content\/uploads\/2022\/08\/melchor-ferreyra-awards-festival-aug6-300x189.jpg 300w, https:\/\/interamerica.org\/wp-content\/uploads\/2022\/08\/melchor-ferreyra-awards-festival-aug6-768x485.jpg 768w\" sizes=\"(max-width: 826px) 100vw, 826px\" \/><p id=\"caption-attachment-88525\" class=\"wp-caption-text\">El pastor Melchor Ferreyra, director de ministerios personales de la Divisi\u00f3n Interamericana, habla sobre el trabajo destacado de los evangelistas laicos predicadores e instructores b\u00edblicos que han llevado a cientos de personas a aceptar el evangelio este a\u00f1o y en los \u00faltimos tres a\u00f1os. [Fotograf\u00eda: Libna Stevens\/DIA]<\/p><\/div><strong> Reconocimiento a los campeones<\/strong><\/p>\n<p>\u201cQueremos honrar a los campeones laicos de Interam\u00e9rica\u201d, dijo el pastor Melchor Ferreyra, director de ministerios personales de la Divisi\u00f3n Interamericana. Escogidos por el territorio de cada uni\u00f3n, los condecorados fueron elegidos por sus l\u00edderes regionales como personas que fueron clave y una parte integral de la expansi\u00f3n de la iglesia, dijo Ferreyra.<\/p>\n<p>\u201cNo hay duda alguna de que nuestros laicos en Interam\u00e9rica son las \u2018fuerzas vivas de la iglesia\u2019. Ministran juntos con los pastores locales para esparcir el mensaje de esperanza con aquellos que necesitan de un Salvador\u201d. Ese n\u00famero supera el mill\u00f3n de laicos o miembros de iglesia activos en el territorio de la Divisi\u00f3n Interamericana, expres\u00f3. El sue\u00f1o es hacer que cada miembro se involucre en el evangelismo, en actuar de manera intencional respecto del evangelio, discipulando a otras personas todo el a\u00f1o, dijo Ferreyra.<\/p>\n<p><div id=\"attachment_88513\" style=\"width: 850px\" class=\"wp-caption aligncenter\"><img decoding=\"async\" aria-describedby=\"caption-attachment-88513\" class=\" wp-image-88513\" src=\"https:\/\/interamerica.org\/wp-content\/uploads\/2022\/08\/awards-festival2-1024x640.jpg\" alt=\"\" width=\"840\" height=\"525\" srcset=\"https:\/\/interamerica.org\/wp-content\/uploads\/2022\/08\/awards-festival2-1024x640.jpg 1024w, https:\/\/interamerica.org\/wp-content\/uploads\/2022\/08\/awards-festival2-300x188.jpg 300w, https:\/\/interamerica.org\/wp-content\/uploads\/2022\/08\/awards-festival2-768x480.jpg 768w, https:\/\/interamerica.org\/wp-content\/uploads\/2022\/08\/awards-festival2.jpg 1280w\" sizes=\"(max-width: 840px) 100vw, 840px\" \/><p id=\"caption-attachment-88513\" class=\"wp-caption-text\">Varios campeones del evangelismo laico posan con sus medallas durante la ceremonia de entrega de reconocimientos. [Fotograf\u00eda: Libna Stevens\/DIA]<\/p><\/div><strong> Dedicado evangelista laico<\/strong><\/p>\n<p>Roger Alleyne, que trabaja para una compa\u00f1\u00eda de energ\u00eda en Tobago, decidi\u00f3 compartir el evangelio poco despu\u00e9s de ser bautizado en 1996. Se involucr\u00f3 en la iglesia como anciano y l\u00edder de actividades de los laicos. Para 1998, llev\u00f3 a cabo su primera campa\u00f1a de evangelizaci\u00f3n y pas\u00f3 a asistir a evangelistas en todo el Caribe de habla inglesa.<\/p>\n<p>Se sinti\u00f3 llamado por Dios para estudiar teolog\u00eda en la Universidad del Sur Caribe\u00f1o, donde se gradu\u00f3. Desde 2016, ha estado llevando a cabo campa\u00f1as de evangelismo laico en Guyana, las Bahamas, Tobago, Trinidad, Jamaica y el \u00c1frica. \u201cAlgunos a\u00f1os, llevo a cabo dos o tres campa\u00f1as; otros, cinco [campa\u00f1as]\u201d, dijo. Alleyne ha sido testigo de cientos de personas que aceptaron a Jes\u00fas y experimentaron una transformaci\u00f3n. \u00c9l sigue en contacto con los que se bautizan.<\/p>\n<p><div id=\"attachment_88516\" style=\"width: 543px\" class=\"wp-caption aligncenter\"><img loading=\"lazy\" decoding=\"async\" aria-describedby=\"caption-attachment-88516\" class=\"size-full wp-image-88516\" src=\"https:\/\/interamerica.org\/wp-content\/uploads\/2022\/08\/roger-alleyne-tobago-award-festival-aug6.jpg\" alt=\"\" width=\"533\" height=\"799\" srcset=\"https:\/\/interamerica.org\/wp-content\/uploads\/2022\/08\/roger-alleyne-tobago-award-festival-aug6.jpg 533w, https:\/\/interamerica.org\/wp-content\/uploads\/2022\/08\/roger-alleyne-tobago-award-festival-aug6-200x300.jpg 200w\" sizes=\"(max-width: 533px) 100vw, 533px\" \/><p id=\"caption-attachment-88516\" class=\"wp-caption-text\">El evangelista laico Roger Alleyne, de Tobago, en la Uni\u00f3n del Caribe, muestra su medalla minutos despu\u00e9s de haberla recibido. [Fotograf\u00eda: Libna Stevens\/DIA]<\/p><\/div>\u201cMe encanta ver que las personas van al Se\u00f1or y experimentan una transformaci\u00f3n de vida\u201d, dijo Alleyne. Muchos se han graduado con honores de la escuela, algunos lo han llamado con pensamientos de suicidio, y otros le cuentan de sus luchas y progresos, a\u00f1adi\u00f3.<\/p>\n<p>Como evangelista laico, usa muchas de sus semanas de vacaciones para dedicarse al evangelismo p\u00fablico, mayormente en campa\u00f1as en tiendas o carpas que duran hasta cuatro semanas. \u201cEsas campa\u00f1as sacan lo mejor de m\u00ed. Conozco la vida en la calla, y es f\u00e1cil para m\u00ed relacionarme con las personas de all\u00ed\u201d, dijo Alleyne. Naci\u00f3 y se crio en otra denominaci\u00f3n cristiana.\u00a0 Dijo que estudia la vida y el ministerio de Cristo todo el tiempo, y adapta los mensajes b\u00edblicos a los que est\u00e1n pasando por situaciones dif\u00edciles.<\/p>\n<p><div id=\"attachment_88528\" style=\"width: 840px\" class=\"wp-caption aligncenter\"><img loading=\"lazy\" decoding=\"async\" aria-describedby=\"caption-attachment-88528\" class=\" wp-image-88528\" src=\"https:\/\/interamerica.org\/wp-content\/uploads\/2022\/08\/roger-alleyne-campaign-tobago-apr2021-1024x722.jpg\" alt=\"\" width=\"830\" height=\"585\" srcset=\"https:\/\/interamerica.org\/wp-content\/uploads\/2022\/08\/roger-alleyne-campaign-tobago-apr2021-1024x722.jpg 1024w, https:\/\/interamerica.org\/wp-content\/uploads\/2022\/08\/roger-alleyne-campaign-tobago-apr2021-300x211.jpg 300w, https:\/\/interamerica.org\/wp-content\/uploads\/2022\/08\/roger-alleyne-campaign-tobago-apr2021-768x541.jpg 768w, https:\/\/interamerica.org\/wp-content\/uploads\/2022\/08\/roger-alleyne-campaign-tobago-apr2021.jpg 1097w\" sizes=\"(max-width: 830px) 100vw, 830px\" \/><p id=\"caption-attachment-88528\" class=\"wp-caption-text\">Seis de un grupo de 16 nuevos creyentes hacen una pausa antes de ser bautizados en Playa Mt. Irvine en Tobago, en abril de 2021, despu\u00e9s de que el evangelista laico Roger Alleyne termin\u00f3 con una campa\u00f1a de evangelizaci\u00f3n en tienda. [Fotograf\u00eda: Keanne Leith]<\/p><\/div>Alleyne planea sus actividades de impacto de evangelizaci\u00f3n cada a\u00f1o, incorpora a la tecnolog\u00eda para presentar sus ilustraciones y permite que Dios prepare el camino. Su esposa Natasha es abogada, y dedica tiempo libre para ministrar como evangelista laico, viajando a veces con \u00e9l para hacer evangelismo p\u00fablico. El lema de \u00e9l es \u201cArregla los negocios de Dios, y Dios arreglar\u00e1 tus negocios\u201d, dijo Alleyne. \u201cNecesitamos ponernos a andar, para que as\u00ed podamos contribuir al progreso de la misi\u00f3n de la iglesia mientras a\u00fan hay tiempo.<\/p>\n<p><strong> Dedicado instructor b\u00edblico laico<\/strong><\/p>\n<p>Misael Artunduaga Castro, de Colombia, se ha dedicado a ser instructor b\u00edblico laico durante doce a\u00f1os. Vive con su familia cerca de las llanuras orientales del sur de Colombia, donde ha estado ministrando a varias comunidades ind\u00edgenas desde 2019. Artunduaga sinti\u00f3 el llamado de Dios de testificar y compartir el evangelio en decenas de comunidades \u00e9tnicas cerca de la frontera con Brasil y Venezuela. \u201cHay 68 grupos idiom\u00e1ticos diferentes y, hasta el momento, decenas en tres de esos grupos han aceptado el mensaje del evangelio\u201d, dijo. Ha dedicado tiempo a conectarse con las comunidades ind\u00edgenas, descubriendo cu\u00e1les son sus necesidades y compartiendo prendas de vestir, alimentos y cosas que necesiten. \u201cNo s\u00e9 el idioma de ellos, pero algunos hablan un poco de espa\u00f1ol, o nos hacemos amigos con los l\u00edderes de la comunidad y el Se\u00f1or permite que su mensaje les llegue\u201d, dijo Artunduaga.<\/p>\n<p><div id=\"attachment_88531\" style=\"width: 552px\" class=\"wp-caption aligncenter\"><img loading=\"lazy\" decoding=\"async\" aria-describedby=\"caption-attachment-88531\" class=\" wp-image-88531\" src=\"https:\/\/interamerica.org\/wp-content\/uploads\/2022\/08\/misael-artunduaga-socu-festival-aug6.jpg\" alt=\"\" width=\"542\" height=\"722\" srcset=\"https:\/\/interamerica.org\/wp-content\/uploads\/2022\/08\/misael-artunduaga-socu-festival-aug6.jpg 768w, https:\/\/interamerica.org\/wp-content\/uploads\/2022\/08\/misael-artunduaga-socu-festival-aug6-225x300.jpg 225w\" sizes=\"(max-width: 542px) 100vw, 542px\" \/><p id=\"caption-attachment-88531\" class=\"wp-caption-text\">El campe\u00f3n instructor b\u00edblico laico Misael Artunduaga, de la Uni\u00f3n Colombiana del Sur, muestra su medalla durante el Festival de Laicos, el 6 de agosto de 2022. [Fotograf\u00eda: cortes\u00eda de Alvaro Ni\u00f1o]<\/p><\/div>Tres semanas por mes, se sube a su motocicleta cargada de art\u00edculos y viaja con una o dos personas m\u00e1s para ayudar en el ministerio laico. Algunas comunidades est\u00e1n a trece horas de distancia. \u201cDormimos en hamacas, comemos con ellos y compartimos la Palabra de Dios\u201d. Requiere estar con ellos e irse ganando su confianza, am\u00e1ndolos y acept\u00e1ndolos, dijo. \u201cSoy vegetariano, pero lo que me dan para comer cuando estoy con ellos, yo lo como. Puede ser algo de pescado o lo que tengan\u201d.<\/p>\n<p>Gracias a la obra de Artunduaga, el mensaje adventista ingres\u00f3 a la comunidad sikuany en 2020, y al grupo s\u00e1bila en 2021. Este a\u00f1o se ha enfocado en alcanzar a la comunidad unuma.<\/p>\n<p>\u201cNo tenemos 68 a\u00f1os para alcanzar a cada una de las lenguas que se hablan en esas comunidades\u201d, dijo. \u201cSe necesitan m\u00e1s recursos para construir templos y miembros m\u00e1s comprometidos que se involucren brindando brigadas de salud\u201d.<\/p>\n<p><div id=\"attachment_88507\" style=\"width: 858px\" class=\"wp-caption aligncenter\"><img loading=\"lazy\" decoding=\"async\" aria-describedby=\"caption-attachment-88507\" class=\" wp-image-88507\" src=\"https:\/\/interamerica.org\/wp-content\/uploads\/2022\/08\/misael-a-socu-sikuany-group.jpg\" alt=\"\" width=\"848\" height=\"601\" srcset=\"https:\/\/interamerica.org\/wp-content\/uploads\/2022\/08\/misael-a-socu-sikuany-group.jpg 924w, https:\/\/interamerica.org\/wp-content\/uploads\/2022\/08\/misael-a-socu-sikuany-group-300x213.jpg 300w, https:\/\/interamerica.org\/wp-content\/uploads\/2022\/08\/misael-a-socu-sikuany-group-768x544.jpg 768w\" sizes=\"(max-width: 848px) 100vw, 848px\" \/><p id=\"caption-attachment-88507\" class=\"wp-caption-text\">Misael Artunduaga habla con la comunidad que habla sikuany un s\u00e1bado reciente en el departamento de Vichada, en las llanuras orientales de Colombia. \u00c9l ha estado visitando la comunidad desde 2019, adem\u00e1s de otras comunidades ind\u00edgenas de la regi\u00f3n. [Fotograf\u00eda: cortes\u00ed de Misael Artunduaga]<\/p><\/div>Artunduaga ha estimado que ha bautizado entre 350 a 400 nuevos creyentes desde 2019. Tiene pasi\u00f3n por alcanzar a m\u00e1s grupos ind\u00edgenas, y sue\u00f1a con construir once iglesias que se necesitan actualmente.<\/p>\n<p>Al ver decenas de banderas ondeando durante los tres d\u00edas del Festival de Laicos, imagin\u00f3 68 banderas que representen a cada uno de los grupos ind\u00edgenas.<\/p>\n<p>Hace varios a\u00f1os, Artunduaga pidi\u00f3 a Dios que le diera fuerzas y permitiera que los diversos grupos de alguna manera entendieran cuando hablaba. \u201cTodo lo que tenemos que hacer es entregar nuestra vida y voluntad a Dios, y permitirle que nos fortalezca\u201d, dijo Artunduaga. \u201c\u00c9l hace el resto\u201d.<\/p>\n<p>Artunduaga es un verdadero campe\u00f3n, que por s\u00ed solo ha penetrado en muchas comunidades con el evangelio, dijo el pastor \u00c1lvaro Ni\u00f1o, presidente de la Iglesia Adventista en la Uni\u00f3n Colombiana del Sur. \u201cLa iglesia se ha visto realmente bendecida por su ministerio\u201d.<\/p>\n<p><div id=\"attachment_88510\" style=\"width: 847px\" class=\"wp-caption aligncenter\"><img loading=\"lazy\" decoding=\"async\" aria-describedby=\"caption-attachment-88510\" class=\" wp-image-88510\" src=\"https:\/\/interamerica.org\/wp-content\/uploads\/2022\/08\/misael-artuanduaga-unuma-language-believer.jpg\" alt=\"\" width=\"837\" height=\"628\" srcset=\"https:\/\/interamerica.org\/wp-content\/uploads\/2022\/08\/misael-artuanduaga-unuma-language-believer.jpg 900w, https:\/\/interamerica.org\/wp-content\/uploads\/2022\/08\/misael-artuanduaga-unuma-language-believer-300x225.jpg 300w, https:\/\/interamerica.org\/wp-content\/uploads\/2022\/08\/misael-artuanduaga-unuma-language-believer-768x576.jpg 768w\" sizes=\"(max-width: 837px) 100vw, 837px\" \/><p id=\"caption-attachment-88510\" class=\"wp-caption-text\">Misael Artunduaga se prepara para bautizar a un nuevo creyente de la comunidad Unuma en las llanuras orientales de Colombia. [Fotograf\u00eda: Misael Artunduaga]<\/p><\/div>Otros campeones laicos que fueron honrados durante la ceremonia de entrega de reconocimientos incluyeron evangelistas laicos que llevaron a cuarenta personas al evangelio este a\u00f1o, o m\u00e1s de 150 durante los \u00faltimos tres a\u00f1os, o m\u00e1s de doscientos durante los \u00faltimos cuatro a\u00f1os:<\/p>\n<p>Uni\u00f3n del Caribe Atl\u00e1ntico: <strong>Joshua Lawrence<\/strong><\/p>\n<p>Uni\u00f3n de Belice: <strong>Ricardo Correa<\/strong><\/p>\n<p>Uni\u00f3n del Caribe: <strong>Roger Alleyne<\/strong><\/p>\n<p>Uni\u00f3n Mexicana Central: <strong>Orlando L\u00f3pez<\/strong><\/p>\n<p>Uni\u00f3n Mexicana de Chiapas: <strong>Domingo Gumeta<\/strong><\/p>\n<p>Uni\u00f3n Cubana: <strong>Concepci\u00f3n Morales<\/strong><\/p>\n<p>Uni\u00f3n Dominicana: <strong>Elvis C\u00e1rdenas<\/strong><\/p>\n<p>Uni\u00f3n del Caribe Holand\u00e9s: <strong>Sidney Isidora<\/strong><\/p>\n<p>Uni\u00f3n Venezolana Oriental: <strong>Ana Cilena<\/strong><\/p>\n<p>Uni\u00f3n Salvadore\u00f1a: <strong>Douglas Salazar<\/strong><\/p>\n<p>Uni\u00f3n de Guyana y Antillas Francesas: <strong>Line-Rose Lamin<\/strong><\/p>\n<p>Uni\u00f3n Guatemalteca: <strong>Ram\u00f3n Mota<\/strong><\/p>\n<p>Uni\u00f3n Haitiana: <strong>Harry Moncoeur<\/strong><\/p>\n<p>Uni\u00f3n Hondure\u00f1a: <strong>Eddy Ju\u00e1rez<\/strong><\/p>\n<p>Uni\u00f3n Mexicana Interoce\u00e1nica: <strong>Rebeca Le\u00f3n<\/strong><\/p>\n<p>Uni\u00f3n Jamaiquina: <strong>Jeffrey Harriott<\/strong><\/p>\n<p>Uni\u00f3n Colombiana del Norte: <strong>Pedro Castillo<\/strong><\/p>\n<p>Uni\u00f3n Mexicana del Norte: <strong>Zenaida S\u00e1nchez<\/strong><\/p>\n<p>Uni\u00f3n Paname\u00f1a: <strong>Hilda Brown<\/strong><\/p>\n<p>Uni\u00f3n Puertorrique\u00f1a: <strong>Julio Angel Heredia<\/strong><\/p>\n<p>Uni\u00f3n Centroamericana Sur: <strong>Dany Morris<\/strong><\/p>\n<p>Uni\u00f3n Colombiana del Sur <strong>Misael Artunduaga<\/strong><\/p>\n<p>Uni\u00f3n del Sureste Mexicano: <strong>Sa\u00fal Hern\u00e1ndez<\/strong><\/p>\n<p>Uni\u00f3n Venezolana Occidental: <strong>Cesar Fajardo<\/strong><\/p>\n<p>&nbsp;<\/p>\n<p>Para ver el programa en l\u00ednea del Festival de Laicos de Interam\u00e9rica, un programa detallado y los oradores destacados, visite <a href=\"https:\/\/festival.interamerica.org\/\">festival.interamerica.org<\/a><\/p>\n<p>Para ver un \u00e1lbum de fotograf\u00edas del evento, ingrese <a href=\"https:\/\/flickr.com\/photos\/interamerica\/albums\/72177720301090394\">AQU\u00cd<\/a><\/p>\n<p>Traducci\u00f3n de Marcos Paseggi<\/p>\n","protected":false},"excerpt":{"rendered":"<p>12 de agosto de 2022 | Ciudad de Panam\u00e1, Panam\u00e1 | Libna Stevens, Divisi\u00f3n Interamericana Veinticuatro evangelistas laicos fueron reconocidos por su servicio destacado a la hora de llevar a&#8230;<\/p>\n","protected":false},"author":3,"featured_media":88519,"comment_status":"closed","ping_status":"closed","sticky":false,"template":"","format":"standard","meta":{"_acf_changed":false,"footnotes":""},"categories":[16,15],"tags":[],"class_list":["post-88542","post","type-post","status-publish","format-standard","has-post-thumbnail","hentry","category-desde-la-sede","category-rss-espanol"],"acf":[],"yoast_head":"<!-- This site is optimized with the Yoast SEO plugin v27.3 - https:\/\/yoast.com\/product\/yoast-seo-wordpress\/ -->\n<title>Iglesia Adventista en Interam\u00e9rica celebra a los campeones del evangelismo laico - Iglesia Adventista del S\u00e9ptimo D\u00eda - Divisi\u00f3n Interamericana<\/title>\n<meta name=\"robots\" content=\"index, follow, max-snippet:-1, max-image-preview:large, max-video-preview:-1\" \/>\n<link rel=\"canonical\" href=\"https:\/\/interamerica.org\/es\/2022\/08\/iglesia-adventista-en-interamerica-celebra-a-los-campeones-del-evangelismo-laico\/\" \/>\n<meta property=\"og:locale\" content=\"es_ES\" \/>\n<meta property=\"og:type\" content=\"article\" \/>\n<meta property=\"og:title\" content=\"Iglesia Adventista en Interam\u00e9rica celebra a los campeones del evangelismo laico - Iglesia Adventista del S\u00e9ptimo D\u00eda - Divisi\u00f3n Interamericana\" \/>\n<meta property=\"og:description\" content=\"12 de agosto de 2022 | Ciudad de Panam\u00e1, Panam\u00e1 | Libna Stevens, Divisi\u00f3n Interamericana Veinticuatro evangelistas laicos fueron reconocidos por su servicio destacado a la hora de llevar a...\" \/>\n<meta property=\"og:url\" content=\"https:\/\/interamerica.org\/es\/2022\/08\/iglesia-adventista-en-interamerica-celebra-a-los-campeones-del-evangelismo-laico\/\" \/>\n<meta property=\"og:site_name\" content=\"Iglesia Adventista del S\u00e9ptimo D\u00eda - Divisi\u00f3n Interamericana\" \/>\n<meta property=\"article:published_time\" content=\"2022-08-12T15:19:17+00:00\" \/>\n<meta property=\"article:modified_time\" content=\"2022-08-13T10:53:56+00:00\" \/>\n<meta property=\"og:image\" content=\"https:\/\/interamerica.org\/wp-content\/uploads\/2022\/08\/festival-awardees-aug6-1280.jpg\" \/>\n\t<meta property=\"og:image:width\" content=\"1280\" \/>\n\t<meta property=\"og:image:height\" content=\"800\" \/>\n\t<meta property=\"og:image:type\" content=\"image\/jpeg\" \/>\n<meta name=\"author\" content=\"libna\" \/>\n<meta name=\"twitter:card\" content=\"summary_large_image\" \/>\n<meta name=\"twitter:label1\" content=\"Escrito por\" \/>\n\t<meta name=\"twitter:data1\" content=\"libna\" \/>\n\t<meta name=\"twitter:label2\" content=\"Tiempo de lectura\" \/>\n\t<meta name=\"twitter:data2\" content=\"9 minutos\" \/>\n<script type=\"application\/ld+json\" class=\"yoast-schema-graph\">{\"@context\":\"https:\\\/\\\/schema.org\",\"@graph\":[{\"@type\":\"Article\",\"@id\":\"https:\\\/\\\/interamerica.org\\\/es\\\/2022\\\/08\\\/iglesia-adventista-en-interamerica-celebra-a-los-campeones-del-evangelismo-laico\\\/#article\",\"isPartOf\":{\"@id\":\"https:\\\/\\\/interamerica.org\\\/es\\\/2022\\\/08\\\/iglesia-adventista-en-interamerica-celebra-a-los-campeones-del-evangelismo-laico\\\/\"},\"author\":{\"name\":\"libna\",\"@id\":\"https:\\\/\\\/interamerica.org\\\/es\\\/#\\\/schema\\\/person\\\/29998f2bc2d8bd0d38662909289b54f1\"},\"headline\":\"Iglesia Adventista en Interam\u00e9rica celebra a los campeones del evangelismo laico\",\"datePublished\":\"2022-08-12T15:19:17+00:00\",\"dateModified\":\"2022-08-13T10:53:56+00:00\",\"mainEntityOfPage\":{\"@id\":\"https:\\\/\\\/interamerica.org\\\/es\\\/2022\\\/08\\\/iglesia-adventista-en-interamerica-celebra-a-los-campeones-del-evangelismo-laico\\\/\"},\"wordCount\":1724,\"image\":{\"@id\":\"https:\\\/\\\/interamerica.org\\\/es\\\/2022\\\/08\\\/iglesia-adventista-en-interamerica-celebra-a-los-campeones-del-evangelismo-laico\\\/#primaryimage\"},\"thumbnailUrl\":\"https:\\\/\\\/interamerica.org\\\/wp-content\\\/uploads\\\/2022\\\/08\\\/festival-awardees-aug6-1280.jpg\",\"articleSection\":[\"Desde la sede\",\"RSS Espa\u00f1ol\"],\"inLanguage\":\"es\"},{\"@type\":\"WebPage\",\"@id\":\"https:\\\/\\\/interamerica.org\\\/es\\\/2022\\\/08\\\/iglesia-adventista-en-interamerica-celebra-a-los-campeones-del-evangelismo-laico\\\/\",\"url\":\"https:\\\/\\\/interamerica.org\\\/es\\\/2022\\\/08\\\/iglesia-adventista-en-interamerica-celebra-a-los-campeones-del-evangelismo-laico\\\/\",\"name\":\"Iglesia Adventista en Interam\u00e9rica celebra a los campeones del evangelismo laico - Iglesia Adventista del S\u00e9ptimo D\u00eda - Divisi\u00f3n Interamericana\",\"isPartOf\":{\"@id\":\"https:\\\/\\\/interamerica.org\\\/es\\\/#website\"},\"primaryImageOfPage\":{\"@id\":\"https:\\\/\\\/interamerica.org\\\/es\\\/2022\\\/08\\\/iglesia-adventista-en-interamerica-celebra-a-los-campeones-del-evangelismo-laico\\\/#primaryimage\"},\"image\":{\"@id\":\"https:\\\/\\\/interamerica.org\\\/es\\\/2022\\\/08\\\/iglesia-adventista-en-interamerica-celebra-a-los-campeones-del-evangelismo-laico\\\/#primaryimage\"},\"thumbnailUrl\":\"https:\\\/\\\/interamerica.org\\\/wp-content\\\/uploads\\\/2022\\\/08\\\/festival-awardees-aug6-1280.jpg\",\"datePublished\":\"2022-08-12T15:19:17+00:00\",\"dateModified\":\"2022-08-13T10:53:56+00:00\",\"author\":{\"@id\":\"https:\\\/\\\/interamerica.org\\\/es\\\/#\\\/schema\\\/person\\\/29998f2bc2d8bd0d38662909289b54f1\"},\"breadcrumb\":{\"@id\":\"https:\\\/\\\/interamerica.org\\\/es\\\/2022\\\/08\\\/iglesia-adventista-en-interamerica-celebra-a-los-campeones-del-evangelismo-laico\\\/#breadcrumb\"},\"inLanguage\":\"es\",\"potentialAction\":[{\"@type\":\"ReadAction\",\"target\":[\"https:\\\/\\\/interamerica.org\\\/es\\\/2022\\\/08\\\/iglesia-adventista-en-interamerica-celebra-a-los-campeones-del-evangelismo-laico\\\/\"]}]},{\"@type\":\"ImageObject\",\"inLanguage\":\"es\",\"@id\":\"https:\\\/\\\/interamerica.org\\\/es\\\/2022\\\/08\\\/iglesia-adventista-en-interamerica-celebra-a-los-campeones-del-evangelismo-laico\\\/#primaryimage\",\"url\":\"https:\\\/\\\/interamerica.org\\\/wp-content\\\/uploads\\\/2022\\\/08\\\/festival-awardees-aug6-1280.jpg\",\"contentUrl\":\"https:\\\/\\\/interamerica.org\\\/wp-content\\\/uploads\\\/2022\\\/08\\\/festival-awardees-aug6-1280.jpg\",\"width\":1280,\"height\":800,\"caption\":\"[Fotograf\u00eda: Ariel Morales\\\/DIA]\"},{\"@type\":\"BreadcrumbList\",\"@id\":\"https:\\\/\\\/interamerica.org\\\/es\\\/2022\\\/08\\\/iglesia-adventista-en-interamerica-celebra-a-los-campeones-del-evangelismo-laico\\\/#breadcrumb\",\"itemListElement\":[{\"@type\":\"ListItem\",\"position\":1,\"name\":\"Home\",\"item\":\"https:\\\/\\\/interamerica.org\\\/es\\\/\"},{\"@type\":\"ListItem\",\"position\":2,\"name\":\"Iglesia Adventista en Interam\u00e9rica celebra a los campeones del evangelismo laico\"}]},{\"@type\":\"WebSite\",\"@id\":\"https:\\\/\\\/interamerica.org\\\/es\\\/#website\",\"url\":\"https:\\\/\\\/interamerica.org\\\/es\\\/\",\"name\":\"Iglesia Adventista del S\u00e9ptimo D\u00eda - Divisi\u00f3n Interamericana\",\"description\":\"\",\"potentialAction\":[{\"@type\":\"SearchAction\",\"target\":{\"@type\":\"EntryPoint\",\"urlTemplate\":\"https:\\\/\\\/interamerica.org\\\/es\\\/?s={search_term_string}\"},\"query-input\":{\"@type\":\"PropertyValueSpecification\",\"valueRequired\":true,\"valueName\":\"search_term_string\"}}],\"inLanguage\":\"es\"},{\"@type\":\"Person\",\"@id\":\"https:\\\/\\\/interamerica.org\\\/es\\\/#\\\/schema\\\/person\\\/29998f2bc2d8bd0d38662909289b54f1\",\"name\":\"libna\",\"image\":{\"@type\":\"ImageObject\",\"inLanguage\":\"es\",\"@id\":\"https:\\\/\\\/secure.gravatar.com\\\/avatar\\\/7c5bd30ae4b47a9ba3c856590957fd1d96dc588bf3ac05719d247e126840331f?s=96&d=mm&r=g\",\"url\":\"https:\\\/\\\/secure.gravatar.com\\\/avatar\\\/7c5bd30ae4b47a9ba3c856590957fd1d96dc588bf3ac05719d247e126840331f?s=96&d=mm&r=g\",\"contentUrl\":\"https:\\\/\\\/secure.gravatar.com\\\/avatar\\\/7c5bd30ae4b47a9ba3c856590957fd1d96dc588bf3ac05719d247e126840331f?s=96&d=mm&r=g\",\"caption\":\"libna\"}}]}<\/script>\n<!-- \/ Yoast SEO plugin. -->","yoast_head_json":{"title":"Iglesia Adventista en Interam\u00e9rica celebra a los campeones del evangelismo laico - Iglesia Adventista del S\u00e9ptimo D\u00eda - Divisi\u00f3n Interamericana","robots":{"index":"index","follow":"follow","max-snippet":"max-snippet:-1","max-image-preview":"max-image-preview:large","max-video-preview":"max-video-preview:-1"},"canonical":"https:\/\/interamerica.org\/es\/2022\/08\/iglesia-adventista-en-interamerica-celebra-a-los-campeones-del-evangelismo-laico\/","og_locale":"es_ES","og_type":"article","og_title":"Iglesia Adventista en Interam\u00e9rica celebra a los campeones del evangelismo laico - Iglesia Adventista del S\u00e9ptimo D\u00eda - Divisi\u00f3n Interamericana","og_description":"12 de agosto de 2022 | Ciudad de Panam\u00e1, Panam\u00e1 | Libna Stevens, Divisi\u00f3n Interamericana Veinticuatro evangelistas laicos fueron reconocidos por su servicio destacado a la hora de llevar a...","og_url":"https:\/\/interamerica.org\/es\/2022\/08\/iglesia-adventista-en-interamerica-celebra-a-los-campeones-del-evangelismo-laico\/","og_site_name":"Iglesia Adventista del S\u00e9ptimo D\u00eda - Divisi\u00f3n Interamericana","article_published_time":"2022-08-12T15:19:17+00:00","article_modified_time":"2022-08-13T10:53:56+00:00","og_image":[{"width":1280,"height":800,"url":"https:\/\/interamerica.org\/wp-content\/uploads\/2022\/08\/festival-awardees-aug6-1280.jpg","type":"image\/jpeg"}],"author":"libna","twitter_card":"summary_large_image","twitter_misc":{"Escrito por":"libna","Tiempo de lectura":"9 minutos"},"schema":{"@context":"https:\/\/schema.org","@graph":[{"@type":"Article","@id":"https:\/\/interamerica.org\/es\/2022\/08\/iglesia-adventista-en-interamerica-celebra-a-los-campeones-del-evangelismo-laico\/#article","isPartOf":{"@id":"https:\/\/interamerica.org\/es\/2022\/08\/iglesia-adventista-en-interamerica-celebra-a-los-campeones-del-evangelismo-laico\/"},"author":{"name":"libna","@id":"https:\/\/interamerica.org\/es\/#\/schema\/person\/29998f2bc2d8bd0d38662909289b54f1"},"headline":"Iglesia Adventista en Interam\u00e9rica celebra a los campeones del evangelismo laico","datePublished":"2022-08-12T15:19:17+00:00","dateModified":"2022-08-13T10:53:56+00:00","mainEntityOfPage":{"@id":"https:\/\/interamerica.org\/es\/2022\/08\/iglesia-adventista-en-interamerica-celebra-a-los-campeones-del-evangelismo-laico\/"},"wordCount":1724,"image":{"@id":"https:\/\/interamerica.org\/es\/2022\/08\/iglesia-adventista-en-interamerica-celebra-a-los-campeones-del-evangelismo-laico\/#primaryimage"},"thumbnailUrl":"https:\/\/interamerica.org\/wp-content\/uploads\/2022\/08\/festival-awardees-aug6-1280.jpg","articleSection":["Desde la sede","RSS Espa\u00f1ol"],"inLanguage":"es"},{"@type":"WebPage","@id":"https:\/\/interamerica.org\/es\/2022\/08\/iglesia-adventista-en-interamerica-celebra-a-los-campeones-del-evangelismo-laico\/","url":"https:\/\/interamerica.org\/es\/2022\/08\/iglesia-adventista-en-interamerica-celebra-a-los-campeones-del-evangelismo-laico\/","name":"Iglesia Adventista en Interam\u00e9rica celebra a los campeones del evangelismo laico - Iglesia Adventista del S\u00e9ptimo D\u00eda - Divisi\u00f3n Interamericana","isPartOf":{"@id":"https:\/\/interamerica.org\/es\/#website"},"primaryImageOfPage":{"@id":"https:\/\/interamerica.org\/es\/2022\/08\/iglesia-adventista-en-interamerica-celebra-a-los-campeones-del-evangelismo-laico\/#primaryimage"},"image":{"@id":"https:\/\/interamerica.org\/es\/2022\/08\/iglesia-adventista-en-interamerica-celebra-a-los-campeones-del-evangelismo-laico\/#primaryimage"},"thumbnailUrl":"https:\/\/interamerica.org\/wp-content\/uploads\/2022\/08\/festival-awardees-aug6-1280.jpg","datePublished":"2022-08-12T15:19:17+00:00","dateModified":"2022-08-13T10:53:56+00:00","author":{"@id":"https:\/\/interamerica.org\/es\/#\/schema\/person\/29998f2bc2d8bd0d38662909289b54f1"},"breadcrumb":{"@id":"https:\/\/interamerica.org\/es\/2022\/08\/iglesia-adventista-en-interamerica-celebra-a-los-campeones-del-evangelismo-laico\/#breadcrumb"},"inLanguage":"es","potentialAction":[{"@type":"ReadAction","target":["https:\/\/interamerica.org\/es\/2022\/08\/iglesia-adventista-en-interamerica-celebra-a-los-campeones-del-evangelismo-laico\/"]}]},{"@type":"ImageObject","inLanguage":"es","@id":"https:\/\/interamerica.org\/es\/2022\/08\/iglesia-adventista-en-interamerica-celebra-a-los-campeones-del-evangelismo-laico\/#primaryimage","url":"https:\/\/interamerica.org\/wp-content\/uploads\/2022\/08\/festival-awardees-aug6-1280.jpg","contentUrl":"https:\/\/interamerica.org\/wp-content\/uploads\/2022\/08\/festival-awardees-aug6-1280.jpg","width":1280,"height":800,"caption":"[Fotograf\u00eda: Ariel Morales\/DIA]"},{"@type":"BreadcrumbList","@id":"https:\/\/interamerica.org\/es\/2022\/08\/iglesia-adventista-en-interamerica-celebra-a-los-campeones-del-evangelismo-laico\/#breadcrumb","itemListElement":[{"@type":"ListItem","position":1,"name":"Home","item":"https:\/\/interamerica.org\/es\/"},{"@type":"ListItem","position":2,"name":"Iglesia Adventista en Interam\u00e9rica celebra a los campeones del evangelismo laico"}]},{"@type":"WebSite","@id":"https:\/\/interamerica.org\/es\/#website","url":"https:\/\/interamerica.org\/es\/","name":"Iglesia Adventista del S\u00e9ptimo D\u00eda - Divisi\u00f3n Interamericana","description":"","potentialAction":[{"@type":"SearchAction","target":{"@type":"EntryPoint","urlTemplate":"https:\/\/interamerica.org\/es\/?s={search_term_string}"},"query-input":{"@type":"PropertyValueSpecification","valueRequired":true,"valueName":"search_term_string"}}],"inLanguage":"es"},{"@type":"Person","@id":"https:\/\/interamerica.org\/es\/#\/schema\/person\/29998f2bc2d8bd0d38662909289b54f1","name":"libna","image":{"@type":"ImageObject","inLanguage":"es","@id":"https:\/\/secure.gravatar.com\/avatar\/7c5bd30ae4b47a9ba3c856590957fd1d96dc588bf3ac05719d247e126840331f?s=96&d=mm&r=g","url":"https:\/\/secure.gravatar.com\/avatar\/7c5bd30ae4b47a9ba3c856590957fd1d96dc588bf3ac05719d247e126840331f?s=96&d=mm&r=g","contentUrl":"https:\/\/secure.gravatar.com\/avatar\/7c5bd30ae4b47a9ba3c856590957fd1d96dc588bf3ac05719d247e126840331f?s=96&d=mm&r=g","caption":"libna"}}]}},"_links":{"self":[{"href":"https:\/\/interamerica.org\/es\/wp-json\/wp\/v2\/posts\/88542","targetHints":{"allow":["GET"]}}],"collection":[{"href":"https:\/\/interamerica.org\/es\/wp-json\/wp\/v2\/posts"}],"about":[{"href":"https:\/\/interamerica.org\/es\/wp-json\/wp\/v2\/types\/post"}],"author":[{"embeddable":true,"href":"https:\/\/interamerica.org\/es\/wp-json\/wp\/v2\/users\/3"}],"replies":[{"embeddable":true,"href":"https:\/\/interamerica.org\/es\/wp-json\/wp\/v2\/comments?post=88542"}],"version-history":[{"count":0,"href":"https:\/\/interamerica.org\/es\/wp-json\/wp\/v2\/posts\/88542\/revisions"}],"wp:featuredmedia":[{"embeddable":true,"href":"https:\/\/interamerica.org\/es\/wp-json\/wp\/v2\/media\/88519"}],"wp:attachment":[{"href":"https:\/\/interamerica.org\/es\/wp-json\/wp\/v2\/media?parent=88542"}],"wp:term":[{"taxonomy":"category","embeddable":true,"href":"https:\/\/interamerica.org\/es\/wp-json\/wp\/v2\/categories?post=88542"},{"taxonomy":"post_tag","embeddable":true,"href":"https:\/\/interamerica.org\/es\/wp-json\/wp\/v2\/tags?post=88542"}],"curies":[{"name":"wp","href":"https:\/\/api.w.org\/{rel}","templated":true}]}}