{"id":88653,"date":"2022-08-17T19:43:50","date_gmt":"2022-08-17T23:43:50","guid":{"rendered":"https:\/\/interamerica.org\/?p=88653"},"modified":"2022-08-18T10:55:10","modified_gmt":"2022-08-18T14:55:10","slug":"adra-responde-a-crisis-alimentaria-en-el-cuerno-de-africa","status":"publish","type":"post","link":"https:\/\/interamerica.org\/es\/2022\/08\/adra-responde-a-crisis-alimentaria-en-el-cuerno-de-africa\/","title":{"rendered":"ADRA responde a crisis alimentaria en el Cuerno de \u00c1frica"},"content":{"rendered":"<h4>Agencia humanitarian incrementa ayuda para salvar a miles de familias en riesgo de hambruna.<\/h4>\n<p>17 de agosto de 2022 | Silver Spring, Maryland, Estados Unidos | ADRA Internacional, y Adventist Review<\/p>\n<p>La Agencia Adventista de Desarrollo y Recursos Asistenciales (ADRA) est\u00e1 incrementando las operaciones de emergencia para distribuir ayuda alimentaria y agua a comunidades vulnerables al borde de la hambruna en el Cuerno de \u00c1frica, lo que incluye partes de Kenia, Somalia, Etiop\u00eda y Uganda.<\/p>\n<p>El Cuerno de \u00c1frica ha sido afectado severamente por el deterioro de las condiciones socioecon\u00f3micas e interrupciones comerciales que caus\u00f3 la guerra en Ucrania. Ucrania y Rusia proveen del noventa por ciento de los granos de la regi\u00f3n, y el conflicto ha incrementado los precios de los alimentos, el combustible y los fertilizantes mientras que ha disminuido el suministro de trigo. Antes del conflicto, Ucrania prove\u00eda de unos seis millones de toneladas de productos agrarios a la regi\u00f3n, y en el presente, solo el 15 por ciento de los productos est\u00e1n siendo exportados debido a los bloqueos en los puertos del Mar Muerto. Seg\u00fan las Naciones Unidas, \u00c1frica tambi\u00e9n est\u00e1 experimentando una de las peores sequ\u00edas en m\u00e1s de cuarenta a\u00f1os. Los informes indican que casi veinte millones de africanos y 49 millones de personas de otras regiones del mundo sufren de una inseguridad alimentaria extrema y creciente desnutrici\u00f3n.<br \/>\n\u201cCada d\u00eda, hay millones de mujeres, ni\u00f1os e individuos que sufren hambre en el \u00c1frica y en m\u00e1s de cuarenta naciones\u201d, dijo Michael Kruger, presidente de ADRA Internacional. \u201cComo brazo humanitario global de la Iglesia Adventista, ADRA est\u00e1 comprometida con la defensa y los programas de apoyo que buscan reducir el hambre y restaurar la dignidad de las familias y comunidades menos afortunadas.<\/p>\n<p><div id=\"attachment_88638\" style=\"width: 865px\" class=\"wp-caption aligncenter\"><img fetchpriority=\"high\" decoding=\"async\" aria-describedby=\"caption-attachment-88638\" class=\" wp-image-88638\" src=\"https:\/\/interamerica.org\/wp-content\/uploads\/2022\/08\/2-1024x540-1.jpeg\" alt=\"\" width=\"855\" height=\"451\" srcset=\"https:\/\/interamerica.org\/wp-content\/uploads\/2022\/08\/2-1024x540-1.jpeg 1024w, https:\/\/interamerica.org\/wp-content\/uploads\/2022\/08\/2-1024x540-1-300x158.jpeg 300w, https:\/\/interamerica.org\/wp-content\/uploads\/2022\/08\/2-1024x540-1-768x405.jpeg 768w\" sizes=\"(max-width: 855px) 100vw, 855px\" \/><p id=\"caption-attachment-88638\" class=\"wp-caption-text\"><br \/>Tecnolog\u00eda de agricultura con reservas de agua: Recolecci\u00f3n de agua de manera clim\u00e1tica natural. [Fotograf\u00eda: \u00a9 2022 ADRA | Kenia]<\/p><\/div>\u201cNos unimos a otras organizaciones sin fines de lucro e instituciones p\u00fablicas y privadas para llamar la atenci\u00f3n a esta fatal crisis alimentaria\u201d, a\u00f1adi\u00f3 Kruger. \u201cAnimamos a los l\u00edderes globales a que encuentren soluciones para destrabar las exportaciones de alimentos y prevenir las emergencias inducidas por el clima, que pueden causar inseguridad alimentaria y faltantes de agua\u201d.<\/p>\n<p>ADRA Internacional est\u00e1 trabajando globalmente para ayudar a millones de personas afectadas por la crisis alimentaria. Est\u00e1 desarrollando proyectos de seguridad alimentaria, en colaboraci\u00f3n con socios y comunidades de confianza, para prevenir el hambre y desarrollar la resiliencia, lo que incluye pr\u00e1cticas agrarias de resistencia a la sequ\u00eda; semillas, provisiones y otros recursos; y programas de almuerzos escolares para alimentar a los ni\u00f1os y mantenerlos en la escuela. Tambi\u00e9n incluye huertas dom\u00e9sticas y comunitarias; inversi\u00f3n en agricultores y grupos cooperativos; educaci\u00f3n sobre nutrici\u00f3n materna y de la ni\u00f1ez temprana; y escuelas de campo agrarias para mejorar los m\u00e9todos y la promoci\u00f3n agrarias.<\/p>\n<p><div id=\"attachment_88650\" style=\"width: 856px\" class=\"wp-caption aligncenter\"><img decoding=\"async\" aria-describedby=\"caption-attachment-88650\" class=\" wp-image-88650\" src=\"https:\/\/interamerica.org\/wp-content\/uploads\/2022\/08\/3.jpeg\" alt=\"\" width=\"846\" height=\"564\" srcset=\"https:\/\/interamerica.org\/wp-content\/uploads\/2022\/08\/3.jpeg 960w, https:\/\/interamerica.org\/wp-content\/uploads\/2022\/08\/3-300x200.jpeg 300w, https:\/\/interamerica.org\/wp-content\/uploads\/2022\/08\/3-768x512.jpeg 768w\" sizes=\"(max-width: 846px) 100vw, 846px\" \/><p id=\"caption-attachment-88650\" class=\"wp-caption-text\">Proyecto de ADRA brinda atenci\u00f3n m\u00e9dica en Kenia. [Fotograf\u00eda: \u00a9 2022 ADRA | Kenia]<\/p><\/div>En \u00c1frica, la agencia comunitaria global ha lanzado planes de gesti\u00f3n de emergencias para brindar estaciones alimentarias de emergencia y servicios esenciales como por ejemplo salud y nutrici\u00f3n, alimentaci\u00f3n de ganado, servicios veterinarios y agua, y servicios sanitarios y de saneamiento en algunas de las regiones m\u00e1s pobres. ADRA brinda una respuesta prioritaria en zonas donde la malaria est\u00e1 en aumento y cientos de miles de ni\u00f1os y mujeres que amamantan sufren de desnutrici\u00f3n agua y requieren de tratamiento inmediato, lo que incluye el norte de Kenia, la regi\u00f3n central de Somalia, y Karamoja, en Uganda.<\/p>\n<p>\u201cLas familias est\u00e1n tomando medidas desesperadas para sobrevivir, con miles de personas que dejan sus hogares para buscar alimentos y agua para beber, cocinar y pasturas\u201d, dijo Mario Oliveira, director de gesti\u00f3n de emergencias de ADRA Internacional. \u201cEso incrementa el riesgo de conflictos intercomunitarios y expone a las mujeres y los ni\u00f1os a la violencia de g\u00e9nero, la explotaci\u00f3n sexual y el abuso. Todas las sedes de ADRA en la regi\u00f3n se encuentran respondiendo de manera activa a la situaci\u00f3n cr\u00edtica tanto a nivel local como nacional, con el objetivo de proteger a las familias.<\/p>\n<p><div id=\"attachment_88647\" style=\"width: 862px\" class=\"wp-caption aligncenter\"><img decoding=\"async\" aria-describedby=\"caption-attachment-88647\" class=\" wp-image-88647\" src=\"https:\/\/interamerica.org\/wp-content\/uploads\/2022\/08\/4-1024x683-1.jpeg\" alt=\"\" width=\"852\" height=\"568\" srcset=\"https:\/\/interamerica.org\/wp-content\/uploads\/2022\/08\/4-1024x683-1.jpeg 1024w, https:\/\/interamerica.org\/wp-content\/uploads\/2022\/08\/4-1024x683-1-300x200.jpeg 300w, https:\/\/interamerica.org\/wp-content\/uploads\/2022\/08\/4-1024x683-1-768x512.jpeg 768w\" sizes=\"(max-width: 852px) 100vw, 852px\" \/><p id=\"caption-attachment-88647\" class=\"wp-caption-text\">Pozos de agua que responden a las necesidades de los ni\u00f1os y miembros de la comunidad. [Fotograf\u00eda: \u00a9 2022 ADRA | Cuerno de \u00c1frica]<\/p><\/div>\u201cTenemos una presencia de larga data, dado que hemos provisto de servicios en la regi\u00f3n durante m\u00e1s de treinta a\u00f1os, y ya hemos lanzado varios programas de seguridad alimentaria, lo que incluye ayuda en efectivo, y proyectos de mitigaci\u00f3n de la sequ\u00eda que buscan beneficiar a los necesitados\u201d, dijo Oliveira.<\/p>\n<p>Muchas comunidades afectadas por la sequ\u00eda tambi\u00e9n est\u00e1n luchando para hacer frente a los efectos cumulativos de otras perturbaciones, como es el caso de las inundaciones, la irrupci\u00f3n de langostas, y el impacto de la pandemia del COVID-19 sobre las fuentes de sustento e ingresos. Seg\u00fan la Secretar\u00eda de Asuntos Humanitarios de la ONU, el hambre est\u00e1 causando una desnutrici\u00f3n aguda en unos ocho millones de ni\u00f1os africanos, y restringiendo el acceso de ellos a la educaci\u00f3n. Solo en Etiop\u00eda se han cerrado m\u00e1s de dos mil escuelas.<\/p>\n<p><div id=\"attachment_88644\" style=\"width: 853px\" class=\"wp-caption aligncenter\"><img loading=\"lazy\" decoding=\"async\" aria-describedby=\"caption-attachment-88644\" class=\" wp-image-88644\" src=\"https:\/\/interamerica.org\/wp-content\/uploads\/2022\/08\/5-1024x683-1.jpeg\" alt=\"\" width=\"843\" height=\"562\" srcset=\"https:\/\/interamerica.org\/wp-content\/uploads\/2022\/08\/5-1024x683-1.jpeg 1024w, https:\/\/interamerica.org\/wp-content\/uploads\/2022\/08\/5-1024x683-1-300x200.jpeg 300w, https:\/\/interamerica.org\/wp-content\/uploads\/2022\/08\/5-1024x683-1-768x512.jpeg 768w\" sizes=\"(max-width: 843px) 100vw, 843px\" \/><p id=\"caption-attachment-88644\" class=\"wp-caption-text\">Mujer y ni\u00f1a caminan kil\u00f3metros para acarrear el agua. [Fotograf\u00eda: \u00a9 2022 ADRA | Cuerno de \u00c1frica]<\/p><\/div>\u201cCasi dos millones de ni\u00f1os no est\u00e1n asistiendo a la escuela, y casi la mitad de ellos son ni\u00f1as. Como resultado, ADRA ha establecido programas de alimentaci\u00f3n escolar para reducir los \u00edndices de abandono y mejorar la nutrici\u00f3n\u201d, explic\u00f3 Peter Delhove, director ejecutivo de ADRA \u00c1frica. \u201cPara evitar la diseminaci\u00f3n de enfermedades transmitidas por el agua entre los estudiantes y sus familias, ha establecido estaciones con camiones de agua en varias aldeas, para proveer de servicios sanitarios y de saneamiento\u201d.<\/p>\n<p>Delhove a\u00f1adi\u00f3 que ADRA tambi\u00e9n ha creado programas e instalaciones de salud para atender a las familias desplazadas y las comunidades afectadas, lanzar iniciativas agrarias para incrementar el acceso alimentario, y contin\u00faa colaborando con socios de confianza y autoridades locales para hallar nuevas soluciones al problema. \u201cADRA est\u00e1 agradeciendo a sus aliados, donantes y voluntarios de la iglesia por su apoyo vital y continuo, lo que nos permite llevar adelante la misi\u00f3n de prevenir los faltantes de alimentos para salvar vidas\u201d.<\/p>\n<p>La versi\u00f3n original de esta noticia fue publicada por la Agencia de Desarrollo y Recursos Asistenciales.<\/p>\n<p>Traducci\u00f3n de Marcos Paseggi<\/p>\n","protected":false},"excerpt":{"rendered":"<p>Agencia humanitarian incrementa ayuda para salvar a miles de familias en riesgo de hambruna. 17 de agosto de 2022 | Silver Spring, Maryland, Estados Unidos | ADRA Internacional, y Adventist&#8230;<\/p>\n","protected":false},"author":3,"featured_media":88632,"comment_status":"closed","ping_status":"closed","sticky":false,"template":"","format":"standard","meta":{"_acf_changed":false,"footnotes":""},"categories":[14,15],"tags":[],"class_list":["post-88653","post","type-post","status-publish","format-standard","has-post-thumbnail","hentry","category-de-la-iglesia-mundial","category-rss-espanol"],"acf":[],"yoast_head":"<!-- This site is optimized with the Yoast SEO plugin v27.3 - https:\/\/yoast.com\/product\/yoast-seo-wordpress\/ -->\n<title>ADRA responde a crisis alimentaria en el Cuerno de \u00c1frica - Iglesia Adventista del S\u00e9ptimo D\u00eda - Divisi\u00f3n Interamericana<\/title>\n<meta name=\"robots\" content=\"index, follow, max-snippet:-1, max-image-preview:large, max-video-preview:-1\" \/>\n<link rel=\"canonical\" href=\"https:\/\/interamerica.org\/es\/2022\/08\/adra-responde-a-crisis-alimentaria-en-el-cuerno-de-africa\/\" \/>\n<meta property=\"og:locale\" content=\"es_ES\" \/>\n<meta property=\"og:type\" content=\"article\" \/>\n<meta property=\"og:title\" content=\"ADRA responde a crisis alimentaria en el Cuerno de \u00c1frica - Iglesia Adventista del S\u00e9ptimo D\u00eda - Divisi\u00f3n Interamericana\" \/>\n<meta property=\"og:description\" content=\"Agencia humanitarian incrementa ayuda para salvar a miles de familias en riesgo de hambruna. 17 de agosto de 2022 | Silver Spring, Maryland, Estados Unidos | ADRA Internacional, y Adventist...\" \/>\n<meta property=\"og:url\" content=\"https:\/\/interamerica.org\/es\/2022\/08\/adra-responde-a-crisis-alimentaria-en-el-cuerno-de-africa\/\" \/>\n<meta property=\"og:site_name\" content=\"Iglesia Adventista del S\u00e9ptimo D\u00eda - Divisi\u00f3n Interamericana\" \/>\n<meta property=\"article:published_time\" content=\"2022-08-17T23:43:50+00:00\" \/>\n<meta property=\"article:modified_time\" content=\"2022-08-18T14:55:10+00:00\" \/>\n<meta property=\"og:image\" content=\"https:\/\/interamerica.org\/wp-content\/uploads\/2022\/08\/adra-africa-1280.jpg\" \/>\n\t<meta property=\"og:image:width\" content=\"1280\" \/>\n\t<meta property=\"og:image:height\" content=\"800\" \/>\n\t<meta property=\"og:image:type\" content=\"image\/jpeg\" \/>\n<meta name=\"author\" content=\"libna\" \/>\n<meta name=\"twitter:card\" content=\"summary_large_image\" \/>\n<meta name=\"twitter:label1\" content=\"Escrito por\" \/>\n\t<meta name=\"twitter:data1\" content=\"libna\" \/>\n\t<meta name=\"twitter:label2\" content=\"Tiempo de lectura\" \/>\n\t<meta name=\"twitter:data2\" content=\"6 minutos\" \/>\n<script type=\"application\/ld+json\" class=\"yoast-schema-graph\">{\"@context\":\"https:\\\/\\\/schema.org\",\"@graph\":[{\"@type\":\"Article\",\"@id\":\"https:\\\/\\\/interamerica.org\\\/es\\\/2022\\\/08\\\/adra-responde-a-crisis-alimentaria-en-el-cuerno-de-africa\\\/#article\",\"isPartOf\":{\"@id\":\"https:\\\/\\\/interamerica.org\\\/es\\\/2022\\\/08\\\/adra-responde-a-crisis-alimentaria-en-el-cuerno-de-africa\\\/\"},\"author\":{\"name\":\"libna\",\"@id\":\"https:\\\/\\\/interamerica.org\\\/es\\\/#\\\/schema\\\/person\\\/29998f2bc2d8bd0d38662909289b54f1\"},\"headline\":\"ADRA responde a crisis alimentaria en el Cuerno de \u00c1frica\",\"datePublished\":\"2022-08-17T23:43:50+00:00\",\"dateModified\":\"2022-08-18T14:55:10+00:00\",\"mainEntityOfPage\":{\"@id\":\"https:\\\/\\\/interamerica.org\\\/es\\\/2022\\\/08\\\/adra-responde-a-crisis-alimentaria-en-el-cuerno-de-africa\\\/\"},\"wordCount\":1137,\"image\":{\"@id\":\"https:\\\/\\\/interamerica.org\\\/es\\\/2022\\\/08\\\/adra-responde-a-crisis-alimentaria-en-el-cuerno-de-africa\\\/#primaryimage\"},\"thumbnailUrl\":\"https:\\\/\\\/interamerica.org\\\/wp-content\\\/uploads\\\/2022\\\/08\\\/adra-africa-1280.jpg\",\"articleSection\":[\"Desde la iglesia mundial\",\"RSS Espa\u00f1ol\"],\"inLanguage\":\"es\"},{\"@type\":\"WebPage\",\"@id\":\"https:\\\/\\\/interamerica.org\\\/es\\\/2022\\\/08\\\/adra-responde-a-crisis-alimentaria-en-el-cuerno-de-africa\\\/\",\"url\":\"https:\\\/\\\/interamerica.org\\\/es\\\/2022\\\/08\\\/adra-responde-a-crisis-alimentaria-en-el-cuerno-de-africa\\\/\",\"name\":\"ADRA responde a crisis alimentaria en el Cuerno de \u00c1frica - Iglesia Adventista del S\u00e9ptimo D\u00eda - Divisi\u00f3n Interamericana\",\"isPartOf\":{\"@id\":\"https:\\\/\\\/interamerica.org\\\/es\\\/#website\"},\"primaryImageOfPage\":{\"@id\":\"https:\\\/\\\/interamerica.org\\\/es\\\/2022\\\/08\\\/adra-responde-a-crisis-alimentaria-en-el-cuerno-de-africa\\\/#primaryimage\"},\"image\":{\"@id\":\"https:\\\/\\\/interamerica.org\\\/es\\\/2022\\\/08\\\/adra-responde-a-crisis-alimentaria-en-el-cuerno-de-africa\\\/#primaryimage\"},\"thumbnailUrl\":\"https:\\\/\\\/interamerica.org\\\/wp-content\\\/uploads\\\/2022\\\/08\\\/adra-africa-1280.jpg\",\"datePublished\":\"2022-08-17T23:43:50+00:00\",\"dateModified\":\"2022-08-18T14:55:10+00:00\",\"author\":{\"@id\":\"https:\\\/\\\/interamerica.org\\\/es\\\/#\\\/schema\\\/person\\\/29998f2bc2d8bd0d38662909289b54f1\"},\"breadcrumb\":{\"@id\":\"https:\\\/\\\/interamerica.org\\\/es\\\/2022\\\/08\\\/adra-responde-a-crisis-alimentaria-en-el-cuerno-de-africa\\\/#breadcrumb\"},\"inLanguage\":\"es\",\"potentialAction\":[{\"@type\":\"ReadAction\",\"target\":[\"https:\\\/\\\/interamerica.org\\\/es\\\/2022\\\/08\\\/adra-responde-a-crisis-alimentaria-en-el-cuerno-de-africa\\\/\"]}]},{\"@type\":\"ImageObject\",\"inLanguage\":\"es\",\"@id\":\"https:\\\/\\\/interamerica.org\\\/es\\\/2022\\\/08\\\/adra-responde-a-crisis-alimentaria-en-el-cuerno-de-africa\\\/#primaryimage\",\"url\":\"https:\\\/\\\/interamerica.org\\\/wp-content\\\/uploads\\\/2022\\\/08\\\/adra-africa-1280.jpg\",\"contentUrl\":\"https:\\\/\\\/interamerica.org\\\/wp-content\\\/uploads\\\/2022\\\/08\\\/adra-africa-1280.jpg\",\"width\":1280,\"height\":800},{\"@type\":\"BreadcrumbList\",\"@id\":\"https:\\\/\\\/interamerica.org\\\/es\\\/2022\\\/08\\\/adra-responde-a-crisis-alimentaria-en-el-cuerno-de-africa\\\/#breadcrumb\",\"itemListElement\":[{\"@type\":\"ListItem\",\"position\":1,\"name\":\"Home\",\"item\":\"https:\\\/\\\/interamerica.org\\\/es\\\/\"},{\"@type\":\"ListItem\",\"position\":2,\"name\":\"ADRA responde a crisis alimentaria en el Cuerno de \u00c1frica\"}]},{\"@type\":\"WebSite\",\"@id\":\"https:\\\/\\\/interamerica.org\\\/es\\\/#website\",\"url\":\"https:\\\/\\\/interamerica.org\\\/es\\\/\",\"name\":\"Iglesia Adventista del S\u00e9ptimo D\u00eda - Divisi\u00f3n Interamericana\",\"description\":\"\",\"potentialAction\":[{\"@type\":\"SearchAction\",\"target\":{\"@type\":\"EntryPoint\",\"urlTemplate\":\"https:\\\/\\\/interamerica.org\\\/es\\\/?s={search_term_string}\"},\"query-input\":{\"@type\":\"PropertyValueSpecification\",\"valueRequired\":true,\"valueName\":\"search_term_string\"}}],\"inLanguage\":\"es\"},{\"@type\":\"Person\",\"@id\":\"https:\\\/\\\/interamerica.org\\\/es\\\/#\\\/schema\\\/person\\\/29998f2bc2d8bd0d38662909289b54f1\",\"name\":\"libna\",\"image\":{\"@type\":\"ImageObject\",\"inLanguage\":\"es\",\"@id\":\"https:\\\/\\\/secure.gravatar.com\\\/avatar\\\/7c5bd30ae4b47a9ba3c856590957fd1d96dc588bf3ac05719d247e126840331f?s=96&d=mm&r=g\",\"url\":\"https:\\\/\\\/secure.gravatar.com\\\/avatar\\\/7c5bd30ae4b47a9ba3c856590957fd1d96dc588bf3ac05719d247e126840331f?s=96&d=mm&r=g\",\"contentUrl\":\"https:\\\/\\\/secure.gravatar.com\\\/avatar\\\/7c5bd30ae4b47a9ba3c856590957fd1d96dc588bf3ac05719d247e126840331f?s=96&d=mm&r=g\",\"caption\":\"libna\"}}]}<\/script>\n<!-- \/ Yoast SEO plugin. -->","yoast_head_json":{"title":"ADRA responde a crisis alimentaria en el Cuerno de \u00c1frica - Iglesia Adventista del S\u00e9ptimo D\u00eda - Divisi\u00f3n Interamericana","robots":{"index":"index","follow":"follow","max-snippet":"max-snippet:-1","max-image-preview":"max-image-preview:large","max-video-preview":"max-video-preview:-1"},"canonical":"https:\/\/interamerica.org\/es\/2022\/08\/adra-responde-a-crisis-alimentaria-en-el-cuerno-de-africa\/","og_locale":"es_ES","og_type":"article","og_title":"ADRA responde a crisis alimentaria en el Cuerno de \u00c1frica - Iglesia Adventista del S\u00e9ptimo D\u00eda - Divisi\u00f3n Interamericana","og_description":"Agencia humanitarian incrementa ayuda para salvar a miles de familias en riesgo de hambruna. 17 de agosto de 2022 | Silver Spring, Maryland, Estados Unidos | ADRA Internacional, y Adventist...","og_url":"https:\/\/interamerica.org\/es\/2022\/08\/adra-responde-a-crisis-alimentaria-en-el-cuerno-de-africa\/","og_site_name":"Iglesia Adventista del S\u00e9ptimo D\u00eda - Divisi\u00f3n Interamericana","article_published_time":"2022-08-17T23:43:50+00:00","article_modified_time":"2022-08-18T14:55:10+00:00","og_image":[{"width":1280,"height":800,"url":"https:\/\/interamerica.org\/wp-content\/uploads\/2022\/08\/adra-africa-1280.jpg","type":"image\/jpeg"}],"author":"libna","twitter_card":"summary_large_image","twitter_misc":{"Escrito por":"libna","Tiempo de lectura":"6 minutos"},"schema":{"@context":"https:\/\/schema.org","@graph":[{"@type":"Article","@id":"https:\/\/interamerica.org\/es\/2022\/08\/adra-responde-a-crisis-alimentaria-en-el-cuerno-de-africa\/#article","isPartOf":{"@id":"https:\/\/interamerica.org\/es\/2022\/08\/adra-responde-a-crisis-alimentaria-en-el-cuerno-de-africa\/"},"author":{"name":"libna","@id":"https:\/\/interamerica.org\/es\/#\/schema\/person\/29998f2bc2d8bd0d38662909289b54f1"},"headline":"ADRA responde a crisis alimentaria en el Cuerno de \u00c1frica","datePublished":"2022-08-17T23:43:50+00:00","dateModified":"2022-08-18T14:55:10+00:00","mainEntityOfPage":{"@id":"https:\/\/interamerica.org\/es\/2022\/08\/adra-responde-a-crisis-alimentaria-en-el-cuerno-de-africa\/"},"wordCount":1137,"image":{"@id":"https:\/\/interamerica.org\/es\/2022\/08\/adra-responde-a-crisis-alimentaria-en-el-cuerno-de-africa\/#primaryimage"},"thumbnailUrl":"https:\/\/interamerica.org\/wp-content\/uploads\/2022\/08\/adra-africa-1280.jpg","articleSection":["Desde la iglesia mundial","RSS Espa\u00f1ol"],"inLanguage":"es"},{"@type":"WebPage","@id":"https:\/\/interamerica.org\/es\/2022\/08\/adra-responde-a-crisis-alimentaria-en-el-cuerno-de-africa\/","url":"https:\/\/interamerica.org\/es\/2022\/08\/adra-responde-a-crisis-alimentaria-en-el-cuerno-de-africa\/","name":"ADRA responde a crisis alimentaria en el Cuerno de \u00c1frica - Iglesia Adventista del S\u00e9ptimo D\u00eda - Divisi\u00f3n Interamericana","isPartOf":{"@id":"https:\/\/interamerica.org\/es\/#website"},"primaryImageOfPage":{"@id":"https:\/\/interamerica.org\/es\/2022\/08\/adra-responde-a-crisis-alimentaria-en-el-cuerno-de-africa\/#primaryimage"},"image":{"@id":"https:\/\/interamerica.org\/es\/2022\/08\/adra-responde-a-crisis-alimentaria-en-el-cuerno-de-africa\/#primaryimage"},"thumbnailUrl":"https:\/\/interamerica.org\/wp-content\/uploads\/2022\/08\/adra-africa-1280.jpg","datePublished":"2022-08-17T23:43:50+00:00","dateModified":"2022-08-18T14:55:10+00:00","author":{"@id":"https:\/\/interamerica.org\/es\/#\/schema\/person\/29998f2bc2d8bd0d38662909289b54f1"},"breadcrumb":{"@id":"https:\/\/interamerica.org\/es\/2022\/08\/adra-responde-a-crisis-alimentaria-en-el-cuerno-de-africa\/#breadcrumb"},"inLanguage":"es","potentialAction":[{"@type":"ReadAction","target":["https:\/\/interamerica.org\/es\/2022\/08\/adra-responde-a-crisis-alimentaria-en-el-cuerno-de-africa\/"]}]},{"@type":"ImageObject","inLanguage":"es","@id":"https:\/\/interamerica.org\/es\/2022\/08\/adra-responde-a-crisis-alimentaria-en-el-cuerno-de-africa\/#primaryimage","url":"https:\/\/interamerica.org\/wp-content\/uploads\/2022\/08\/adra-africa-1280.jpg","contentUrl":"https:\/\/interamerica.org\/wp-content\/uploads\/2022\/08\/adra-africa-1280.jpg","width":1280,"height":800},{"@type":"BreadcrumbList","@id":"https:\/\/interamerica.org\/es\/2022\/08\/adra-responde-a-crisis-alimentaria-en-el-cuerno-de-africa\/#breadcrumb","itemListElement":[{"@type":"ListItem","position":1,"name":"Home","item":"https:\/\/interamerica.org\/es\/"},{"@type":"ListItem","position":2,"name":"ADRA responde a crisis alimentaria en el Cuerno de \u00c1frica"}]},{"@type":"WebSite","@id":"https:\/\/interamerica.org\/es\/#website","url":"https:\/\/interamerica.org\/es\/","name":"Iglesia Adventista del S\u00e9ptimo D\u00eda - Divisi\u00f3n Interamericana","description":"","potentialAction":[{"@type":"SearchAction","target":{"@type":"EntryPoint","urlTemplate":"https:\/\/interamerica.org\/es\/?s={search_term_string}"},"query-input":{"@type":"PropertyValueSpecification","valueRequired":true,"valueName":"search_term_string"}}],"inLanguage":"es"},{"@type":"Person","@id":"https:\/\/interamerica.org\/es\/#\/schema\/person\/29998f2bc2d8bd0d38662909289b54f1","name":"libna","image":{"@type":"ImageObject","inLanguage":"es","@id":"https:\/\/secure.gravatar.com\/avatar\/7c5bd30ae4b47a9ba3c856590957fd1d96dc588bf3ac05719d247e126840331f?s=96&d=mm&r=g","url":"https:\/\/secure.gravatar.com\/avatar\/7c5bd30ae4b47a9ba3c856590957fd1d96dc588bf3ac05719d247e126840331f?s=96&d=mm&r=g","contentUrl":"https:\/\/secure.gravatar.com\/avatar\/7c5bd30ae4b47a9ba3c856590957fd1d96dc588bf3ac05719d247e126840331f?s=96&d=mm&r=g","caption":"libna"}}]}},"_links":{"self":[{"href":"https:\/\/interamerica.org\/es\/wp-json\/wp\/v2\/posts\/88653","targetHints":{"allow":["GET"]}}],"collection":[{"href":"https:\/\/interamerica.org\/es\/wp-json\/wp\/v2\/posts"}],"about":[{"href":"https:\/\/interamerica.org\/es\/wp-json\/wp\/v2\/types\/post"}],"author":[{"embeddable":true,"href":"https:\/\/interamerica.org\/es\/wp-json\/wp\/v2\/users\/3"}],"replies":[{"embeddable":true,"href":"https:\/\/interamerica.org\/es\/wp-json\/wp\/v2\/comments?post=88653"}],"version-history":[{"count":0,"href":"https:\/\/interamerica.org\/es\/wp-json\/wp\/v2\/posts\/88653\/revisions"}],"wp:featuredmedia":[{"embeddable":true,"href":"https:\/\/interamerica.org\/es\/wp-json\/wp\/v2\/media\/88632"}],"wp:attachment":[{"href":"https:\/\/interamerica.org\/es\/wp-json\/wp\/v2\/media?parent=88653"}],"wp:term":[{"taxonomy":"category","embeddable":true,"href":"https:\/\/interamerica.org\/es\/wp-json\/wp\/v2\/categories?post=88653"},{"taxonomy":"post_tag","embeddable":true,"href":"https:\/\/interamerica.org\/es\/wp-json\/wp\/v2\/tags?post=88653"}],"curies":[{"name":"wp","href":"https:\/\/api.w.org\/{rel}","templated":true}]}}