{"id":88717,"date":"2022-08-18T15:24:41","date_gmt":"2022-08-18T19:24:41","guid":{"rendered":"https:\/\/interamerica.org\/?p=88717"},"modified":"2022-08-19T14:22:21","modified_gmt":"2022-08-19T18:22:21","slug":"adventistas-impactan-a-decenas-de-comunidades-durante-iniciativa-anual-en-venezuela","status":"publish","type":"post","link":"https:\/\/interamerica.org\/es\/2022\/08\/adventistas-impactan-a-decenas-de-comunidades-durante-iniciativa-anual-en-venezuela\/","title":{"rendered":"Adventistas impactan a decenas de comunidades durante iniciativa anual en Venezuela"},"content":{"rendered":"<p>18 de agosto de 2022 | Caracas, Venezuela | Steven\u2019s Rosado, Mois\u00e9s Buena\u00f1o y Noticias de la Divisi\u00f3n Interamericana<\/p>\n<p>M\u00e1s de veinte mil adventistas del s\u00e9ptimo d\u00eda en Venezuela compartieron hace poco algo de alegr\u00eda y esperanza en decenas de actividades misioneras en los m\u00e1s de veinte estados que conforman ese pa\u00eds. Denominado \u201cCerca de ti, Venezuela\u201d, el evento marca la sexta edici\u00f3n anual que involucr\u00f3 a j\u00f3venes y viejos en la tarea de esparcir alegr\u00eda a los muchos que se ven afectados por diversos desaf\u00edos.<\/p>\n<p><strong>Uni\u00f3n Venezolana Oriental<\/strong><\/p>\n<p>En la regi\u00f3n Venezolana Oriental del pa\u00eds, los miembros limpiaron el terreno de un hospital p\u00fablico, escuelas y plazas, oraron por las personas, donaron alimentos y prendas de vestir, ofrecieron cortes de cabello y chequeos gratuitos de salud, participaron en la distribuci\u00f3n de libros misioneros, repartieron globos y compartieron mensajes de esperanza en los sem\u00e1foros con el eslogan \u201cSonr\u00ede: Dios cree en ti\u201d.<\/p>\n<p><div id=\"attachment_88675\" style=\"width: 858px\" class=\"wp-caption aligncenter\"><img fetchpriority=\"high\" decoding=\"async\" aria-describedby=\"caption-attachment-88675\" class=\" wp-image-88675\" src=\"https:\/\/interamerica.org\/wp-content\/uploads\/2022\/08\/evau-close-to-you-hospital.jpg\" alt=\"\" width=\"848\" height=\"529\" srcset=\"https:\/\/interamerica.org\/wp-content\/uploads\/2022\/08\/evau-close-to-you-hospital.jpg 781w, https:\/\/interamerica.org\/wp-content\/uploads\/2022\/08\/evau-close-to-you-hospital-300x187.jpg 300w, https:\/\/interamerica.org\/wp-content\/uploads\/2022\/08\/evau-close-to-you-hospital-768x479.jpg 768w\" sizes=\"(max-width: 848px) 100vw, 848px\" \/><p id=\"caption-attachment-88675\" class=\"wp-caption-text\">Los adventistas oran por un paciente en un hospital p\u00fablico en la regi\u00f3n oriental de Venezuela, durante la iniciativa anual \u201cCerca de ti\u201d en julio pasado, en la que miles de l\u00edderes y miembros de iglesia se ofrecieron como voluntarios para llevar una sonrisa, alegr\u00eda y llenar una necesidad para tantos que luchan en ese pa\u00eds. [Fotograf\u00eda: Uni\u00f3n Venezolana Oriental]<\/p><\/div>\u201cLlevamos a cabo tantas actividades diversas, con m\u00e1s de ocho mil miembros y 1500 de sus amigos que se sumaron a esta iniciativa especial este a\u00f1o en las calles, ciudades, y comunidades\u201d, dijo el pastor Jes\u00fas David Chac\u00f3n, director de ministerios j\u00f3venes de la Uni\u00f3n Venezolana Oriental, con oficinas centrales en Caracas. La iniciativa anual se llev\u00f3 a cabo del 7-16 de julio de 2022.<\/p>\n<p>Asimismo, m\u00e1s de 1500 evangelistas digitales trabajaron con las plataformas de medios sociales para ayudar a 461 iglesias que llevaron a cabo campa\u00f1as de evangelismo joven durante la semana, lo que result\u00f3 en cien nuevas comunidades alcanzadas y m\u00e1s de cien bautismos, dijeron los l\u00edderes de la iglesia.<\/p>\n<p>\u201cLo que est\u00e1 sucediendo aqu\u00ed es que estamos mostrando el amor de Cristo con acci\u00f3n\u201d, dijo el pastor Janiel Puerta, presidente de la Misi\u00f3n Venezolana de los Llanos Centrales en el estado de Gu\u00e1rico. \u201cNuestra intenci\u00f3n es establecer una nueva congregaci\u00f3n aqu\u00ed en las Am\u00e9ricas\u201d, a\u00f1adi\u00f3.<\/p>\n<p><div id=\"attachment_88678\" style=\"width: 858px\" class=\"wp-caption aligncenter\"><img decoding=\"async\" aria-describedby=\"caption-attachment-88678\" class=\" wp-image-88678\" src=\"https:\/\/interamerica.org\/wp-content\/uploads\/2022\/08\/evau-closetoyou-person-1024x768.jpg\" alt=\"\" width=\"848\" height=\"636\" srcset=\"https:\/\/interamerica.org\/wp-content\/uploads\/2022\/08\/evau-closetoyou-person-1024x768.jpg 1024w, https:\/\/interamerica.org\/wp-content\/uploads\/2022\/08\/evau-closetoyou-person-300x225.jpg 300w, https:\/\/interamerica.org\/wp-content\/uploads\/2022\/08\/evau-closetoyou-person-768x576.jpg 768w, https:\/\/interamerica.org\/wp-content\/uploads\/2022\/08\/evau-closetoyou-person.jpg 1040w\" sizes=\"(max-width: 848px) 100vw, 848px\" \/><p id=\"caption-attachment-88678\" class=\"wp-caption-text\">Los j\u00f3venes sonr\u00eden con una mujer, despu\u00e9s de compartir una tarjeta que dice: \u201cSonr\u00ede: Dios cree en ti\u201d, y posar para una fotograf\u00eda. [Fotograf\u00eda: Uni\u00f3n Venezolana Oriental]<\/p><\/div>\u201cEstamos extrayendo sonrisas similares en cada comunidad para gloria de Dios\u201d, dijo el pastor Antonio Pe\u00f1a, presidente de la Asociaci\u00f3n Central Sur en Maracay, Aragua.<\/p>\n<p>Los miembros de iglesia tambi\u00e9n presentaron los ocho remedios naturales en plazas y centros a miles de transe\u00fantes, adem\u00e1s de compartir flores y llevar a cabo presentaciones positivas de mimos, entre otras actividades.<\/p>\n<p>\u201cCuando uno entrega una flor o una fruta, eso llega al coraz\u00f3n de las personas, dijo Joksan Flores, un joven que particip\u00f3 de la iniciativa durante esa semana. \u201cTambi\u00e9n he visto a otras personas que se han visto impactadas por las campa\u00f1as de evangelizaci\u00f3n\u201d.<\/p>\n<p><div id=\"attachment_88672\" style=\"width: 860px\" class=\"wp-caption aligncenter\"><img decoding=\"async\" aria-describedby=\"caption-attachment-88672\" class=\" wp-image-88672\" src=\"https:\/\/interamerica.org\/wp-content\/uploads\/2022\/08\/evau-close-to-you-shot.jpg\" alt=\"\" width=\"850\" height=\"602\" srcset=\"https:\/\/interamerica.org\/wp-content\/uploads\/2022\/08\/evau-close-to-you-shot.jpg 1020w, https:\/\/interamerica.org\/wp-content\/uploads\/2022\/08\/evau-close-to-you-shot-300x212.jpg 300w, https:\/\/interamerica.org\/wp-content\/uploads\/2022\/08\/evau-close-to-you-shot-768x544.jpg 768w\" sizes=\"(max-width: 850px) 100vw, 850px\" \/><p id=\"caption-attachment-88672\" class=\"wp-caption-text\">Un grupo de j\u00f3venes de la Uni\u00f3n Venezolana Oriental sonr\u00ede para una fotograf\u00eda antes de salir a distribuir libros misioneros en los sem\u00e1foros, parques y calles de las ciudades. [Fotograf\u00eda: Uni\u00f3n Venezolana Oriental]<\/p><\/div>Leicy Gonz\u00e1lez y Victoria Rodr\u00edguez, dos adolescentes, estuvieron entre el grupo que visit\u00f3 la cl\u00ednica en Maracay, donde los m\u00e9dicos y enfermeras les dieron la bienvenida con grandes sonrisas. \u201cLo que realmente llega a las personas de gozo es que han sentido la presencia de Dios\u201d, dijo Rodr\u00edguez.<\/p>\n<p>Se distribuyeron cientos de ejemplares del libro misionero \u201cEsperanza en medio del caos\u201d, de Mark Finley, adem\u00e1s de otras publicaciones adventistas.<\/p>\n<p>Docentes y estudiantes de las instituciones educativas adventistas tambi\u00e9n abrieron sus puertas a la comunidad para chequeos de la presi\u00f3n arterial, peso corporal y niveles de az\u00facar en sangre.<\/p>\n<p><div id=\"attachment_88681\" style=\"width: 861px\" class=\"wp-caption aligncenter\"><img loading=\"lazy\" decoding=\"async\" aria-describedby=\"caption-attachment-88681\" class=\"wp-image-88681 \" src=\"https:\/\/interamerica.org\/wp-content\/uploads\/2022\/08\/evau-cleaning-park.jpg\" alt=\"\" width=\"851\" height=\"641\" srcset=\"https:\/\/interamerica.org\/wp-content\/uploads\/2022\/08\/evau-cleaning-park.jpg 1020w, https:\/\/interamerica.org\/wp-content\/uploads\/2022\/08\/evau-cleaning-park-300x226.jpg 300w, https:\/\/interamerica.org\/wp-content\/uploads\/2022\/08\/evau-cleaning-park-768x578.jpg 768w\" sizes=\"(max-width: 851px) 100vw, 851px\" \/><p id=\"caption-attachment-88681\" class=\"wp-caption-text\">J\u00f3venes limpian lugares p\u00fablicos en la regi\u00f3n oriental de Venezuela, durante la iniciativa comunitaria y misionera del 7-16 de julio de 2022. [Fotograf\u00eda: Uni\u00f3n Venezolana Oriental]<\/p><\/div>En Caracas, cientos de j\u00f3venes llevaron a cabo actividades deportivas y representaciones dram\u00e1ticas, entre otras actividades.<\/p>\n<p><strong>En Venezuela Occidental<\/strong><\/p>\n<p>M\u00e1s de quince mil miembros de iglesia en el territorio de la Uni\u00f3n Venezolana Occidental distribuyeron treinta mil arepas en hospitales, hogares de ancianos, orfanatos, hogares de ni\u00f1os y estaciones de polic\u00eda.<\/p>\n<p>Adem\u00e1s de ello, se distribuyeron m\u00e1s de 23 mil libros misioneros gracias a cientos de miembros de iglesia que visitaron sus comunidades y lugares de trabajo. M\u00e1s de cincuenta colportores de la Universidad Adventista de Venezuela salieron a las comunidades del estado de Lara con libros y otras publicaciones adventistas.<\/p>\n<p><div id=\"attachment_88666\" style=\"width: 859px\" class=\"wp-caption aligncenter\"><img loading=\"lazy\" decoding=\"async\" aria-describedby=\"caption-attachment-88666\" class=\" wp-image-88666\" src=\"https:\/\/interamerica.org\/wp-content\/uploads\/2022\/08\/wvau-cerca-de-ti11-1024x473.jpeg\" alt=\"\" width=\"849\" height=\"392\" srcset=\"https:\/\/interamerica.org\/wp-content\/uploads\/2022\/08\/wvau-cerca-de-ti11-1024x473.jpeg 1024w, https:\/\/interamerica.org\/wp-content\/uploads\/2022\/08\/wvau-cerca-de-ti11-300x138.jpeg 300w, https:\/\/interamerica.org\/wp-content\/uploads\/2022\/08\/wvau-cerca-de-ti11-768x354.jpeg 768w, https:\/\/interamerica.org\/wp-content\/uploads\/2022\/08\/wvau-cerca-de-ti11.jpeg 1040w\" sizes=\"(max-width: 849px) 100vw, 849px\" \/><p id=\"caption-attachment-88666\" class=\"wp-caption-text\">Miembros de iglesia comienzan a colocar cajas del libro misionero que distribuyeron a m\u00e1s de 23 mil personas en diversas partes de Venezuela occidental. [Fotograf\u00eda: Uni\u00f3n Venezolana Occidental]<\/p><\/div>\u201cEl \u00e1ngel de Jehov\u00e1 los acompa\u00f1\u00f3 a cada paso del camino\u201d, dijo Abimael Gonz\u00e1lez, vicepresidente del consejo de estudiantes colportores de la Universidad Adventista de Venezuela.<\/p>\n<p>Alexandra Mulano fue una de los 54 colportores que salieron d\u00eda tras d\u00eda a hablar con las personas en los hogares y en las calles. \u201cVi que Dios bendijo a las personas y nos abri\u00f3 puertas\u201d, expres\u00f3.<\/p>\n<p>En Acarigua, en el estado de Portuguesa, grupos de j\u00f3venes pintaron doce murales en zonas p\u00fablicas con mensajes de esperanza.<\/p>\n<p><div id=\"attachment_88669\" style=\"width: 860px\" class=\"wp-caption aligncenter\"><img loading=\"lazy\" decoding=\"async\" aria-describedby=\"caption-attachment-88669\" class=\" wp-image-88669\" src=\"https:\/\/interamerica.org\/wp-content\/uploads\/2022\/08\/wevu-planting-tree-close-to-you-1024x682.jpg\" alt=\"\" width=\"850\" height=\"566\" srcset=\"https:\/\/interamerica.org\/wp-content\/uploads\/2022\/08\/wevu-planting-tree-close-to-you-1024x682.jpg 1024w, https:\/\/interamerica.org\/wp-content\/uploads\/2022\/08\/wevu-planting-tree-close-to-you-300x200.jpg 300w, https:\/\/interamerica.org\/wp-content\/uploads\/2022\/08\/wevu-planting-tree-close-to-you-768x512.jpg 768w, https:\/\/interamerica.org\/wp-content\/uploads\/2022\/08\/wevu-planting-tree-close-to-you.jpg 1280w\" sizes=\"(max-width: 850px) 100vw, 850px\" \/><p id=\"caption-attachment-88669\" class=\"wp-caption-text\">Durante la iniciativa anual del mes pasado se plantaron decenas de \u00e1rboles. [Fotograf\u00eda: Uni\u00f3n Venezolana Occidental]<\/p><\/div>M\u00e1s de cuatro mil personas recibieron asistencia m\u00e9dica y medicamentos en el Hospital Adventista de Venezuela en Barquisimeto durante la semana. Los miembros de iglesia llevaron a cabo sesiones de la Escuela B\u00edblica de Vacaciones durante la semana, plantaron decenas de \u00e1rboles, distribuyeron equipo de nutrici\u00f3n, prendas de vestir y alimentos a todo aquel que lo necesitara. Cientos de j\u00f3venes participaron en actividades deportivas como maratones, caminatas, carreras, tornes de f\u00fatbol y b\u00e1squetbol en plazas, campos y centros deportivos.<\/p>\n<p>Al concluir la iniciativa, cientos de l\u00edderes y miembros de iglesia se congregaron para una gran celebraci\u00f3n del centenario. El evento tambi\u00e9n conmemor\u00f3 el aniversario cententario desde que se organiz\u00f3 la Divisi\u00f3n Interamericana en 1922, dijo el pastor Orlando Ram\u00edrez, presidente de la Iglesia Adventista en la Uni\u00f3n Venezolana Occidental.<\/p>\n<p><div id=\"attachment_88663\" style=\"width: 859px\" class=\"wp-caption aligncenter\"><img loading=\"lazy\" decoding=\"async\" aria-describedby=\"caption-attachment-88663\" class=\" wp-image-88663\" src=\"https:\/\/interamerica.org\/wp-content\/uploads\/2022\/08\/wevu-cercadeti-health-1024x683.jpeg\" alt=\"\" width=\"849\" height=\"566\" srcset=\"https:\/\/interamerica.org\/wp-content\/uploads\/2022\/08\/wevu-cercadeti-health-1024x683.jpeg 1024w, https:\/\/interamerica.org\/wp-content\/uploads\/2022\/08\/wevu-cercadeti-health-300x200.jpeg 300w, https:\/\/interamerica.org\/wp-content\/uploads\/2022\/08\/wevu-cercadeti-health-768x512.jpeg 768w, https:\/\/interamerica.org\/wp-content\/uploads\/2022\/08\/wevu-cercadeti-health.jpeg 1280w\" sizes=\"(max-width: 849px) 100vw, 849px\" \/><p id=\"caption-attachment-88663\" class=\"wp-caption-text\">Un anciano consulta con un profesional de salud, durante la iniciativa anual comunitaria y misionera. Miles de personas de la comunidad recibieron chequeos m\u00e9dicos y medicamentos en la semana del 23-31 de julio de 2022. [Fotograf\u00eda: Asociaci\u00f3n Venezolana Occidental]<\/p><\/div>\u201cEs tiempo de que el pueblo de Dios levante la voz con mayor decisi\u00f3n para contar al mundo que Cristo viene pronto\u201d, dijo Ram\u00edrez. \u201cTenemos que involucrarnos m\u00e1s ahora que el mundo est\u00e1 parti\u00e9ndose en pedazos\u201d. M\u00e1s de quinientas personas fueron bautizadas al fin de la iniciativa comunitaria y misionera, que tambi\u00e9n marc\u00f3 el fin de los esfuerzos de evangelizaci\u00f3n por parte de los miembros de iglesia desde hace unos meses.<\/p>\n<p>Para saber m\u00e1s sobre la iniciativa anual \u201cCerca de ti, Venezuela\u201d, visite <a href=\"https:\/\/www.facebook.com\/UVOriental\/\">facebook.com\/UVOriental\/<\/a> y <a href=\"https:\/\/uvoc.com.ve\/\">uvoc.com.ve<\/a><\/p>\n<p>Traducci\u00f3n de Marcos Paseggi<\/p>\n","protected":false},"excerpt":{"rendered":"<p>18 de agosto de 2022 | Caracas, Venezuela | Steven\u2019s Rosado, Mois\u00e9s Buena\u00f1o y Noticias de la Divisi\u00f3n Interamericana M\u00e1s de veinte mil adventistas del s\u00e9ptimo d\u00eda en Venezuela compartieron&#8230;<\/p>\n","protected":false},"author":3,"featured_media":88678,"comment_status":"closed","ping_status":"closed","sticky":false,"template":"","format":"standard","meta":{"_acf_changed":false,"footnotes":""},"categories":[17,15],"tags":[],"class_list":["post-88717","post","type-post","status-publish","format-standard","has-post-thumbnail","hentry","category-desde-el-campo","category-rss-espanol"],"acf":[],"yoast_head":"<!-- This site is optimized with the Yoast SEO plugin v27.3 - https:\/\/yoast.com\/product\/yoast-seo-wordpress\/ -->\n<title>Adventistas impactan a decenas de comunidades durante iniciativa anual en Venezuela - Iglesia Adventista del S\u00e9ptimo D\u00eda - Divisi\u00f3n Interamericana<\/title>\n<meta name=\"robots\" content=\"index, follow, max-snippet:-1, max-image-preview:large, max-video-preview:-1\" \/>\n<link rel=\"canonical\" href=\"https:\/\/interamerica.org\/es\/2022\/08\/adventistas-impactan-a-decenas-de-comunidades-durante-iniciativa-anual-en-venezuela\/\" \/>\n<meta property=\"og:locale\" content=\"es_ES\" \/>\n<meta property=\"og:type\" content=\"article\" \/>\n<meta property=\"og:title\" content=\"Adventistas impactan a decenas de comunidades durante iniciativa anual en Venezuela - Iglesia Adventista del S\u00e9ptimo D\u00eda - Divisi\u00f3n Interamericana\" \/>\n<meta property=\"og:description\" content=\"18 de agosto de 2022 | Caracas, Venezuela | Steven\u2019s Rosado, Mois\u00e9s Buena\u00f1o y Noticias de la Divisi\u00f3n Interamericana M\u00e1s de veinte mil adventistas del s\u00e9ptimo d\u00eda en Venezuela compartieron...\" \/>\n<meta property=\"og:url\" content=\"https:\/\/interamerica.org\/es\/2022\/08\/adventistas-impactan-a-decenas-de-comunidades-durante-iniciativa-anual-en-venezuela\/\" \/>\n<meta property=\"og:site_name\" content=\"Iglesia Adventista del S\u00e9ptimo D\u00eda - Divisi\u00f3n Interamericana\" \/>\n<meta property=\"article:published_time\" content=\"2022-08-18T19:24:41+00:00\" \/>\n<meta property=\"article:modified_time\" content=\"2022-08-19T18:22:21+00:00\" \/>\n<meta property=\"og:image\" content=\"https:\/\/interamerica.org\/wp-content\/uploads\/2022\/08\/evau-closetoyou-person.jpg\" \/>\n\t<meta property=\"og:image:width\" content=\"1040\" \/>\n\t<meta property=\"og:image:height\" content=\"780\" \/>\n\t<meta property=\"og:image:type\" content=\"image\/jpeg\" \/>\n<meta name=\"author\" content=\"libna\" \/>\n<meta name=\"twitter:card\" content=\"summary_large_image\" \/>\n<meta name=\"twitter:label1\" content=\"Escrito por\" \/>\n\t<meta name=\"twitter:data1\" content=\"libna\" \/>\n\t<meta name=\"twitter:label2\" content=\"Tiempo de lectura\" \/>\n\t<meta name=\"twitter:data2\" content=\"7 minutos\" \/>\n<script type=\"application\/ld+json\" class=\"yoast-schema-graph\">{\"@context\":\"https:\\\/\\\/schema.org\",\"@graph\":[{\"@type\":\"Article\",\"@id\":\"https:\\\/\\\/interamerica.org\\\/es\\\/2022\\\/08\\\/adventistas-impactan-a-decenas-de-comunidades-durante-iniciativa-anual-en-venezuela\\\/#article\",\"isPartOf\":{\"@id\":\"https:\\\/\\\/interamerica.org\\\/es\\\/2022\\\/08\\\/adventistas-impactan-a-decenas-de-comunidades-durante-iniciativa-anual-en-venezuela\\\/\"},\"author\":{\"name\":\"libna\",\"@id\":\"https:\\\/\\\/interamerica.org\\\/es\\\/#\\\/schema\\\/person\\\/29998f2bc2d8bd0d38662909289b54f1\"},\"headline\":\"Adventistas impactan a decenas de comunidades durante iniciativa anual en Venezuela\",\"datePublished\":\"2022-08-18T19:24:41+00:00\",\"dateModified\":\"2022-08-19T18:22:21+00:00\",\"mainEntityOfPage\":{\"@id\":\"https:\\\/\\\/interamerica.org\\\/es\\\/2022\\\/08\\\/adventistas-impactan-a-decenas-de-comunidades-durante-iniciativa-anual-en-venezuela\\\/\"},\"wordCount\":1319,\"image\":{\"@id\":\"https:\\\/\\\/interamerica.org\\\/es\\\/2022\\\/08\\\/adventistas-impactan-a-decenas-de-comunidades-durante-iniciativa-anual-en-venezuela\\\/#primaryimage\"},\"thumbnailUrl\":\"https:\\\/\\\/interamerica.org\\\/wp-content\\\/uploads\\\/2022\\\/08\\\/evau-closetoyou-person.jpg\",\"articleSection\":[\"Desde el campo\",\"RSS Espa\u00f1ol\"],\"inLanguage\":\"es\"},{\"@type\":\"WebPage\",\"@id\":\"https:\\\/\\\/interamerica.org\\\/es\\\/2022\\\/08\\\/adventistas-impactan-a-decenas-de-comunidades-durante-iniciativa-anual-en-venezuela\\\/\",\"url\":\"https:\\\/\\\/interamerica.org\\\/es\\\/2022\\\/08\\\/adventistas-impactan-a-decenas-de-comunidades-durante-iniciativa-anual-en-venezuela\\\/\",\"name\":\"Adventistas impactan a decenas de comunidades durante iniciativa anual en Venezuela - Iglesia Adventista del S\u00e9ptimo D\u00eda - Divisi\u00f3n Interamericana\",\"isPartOf\":{\"@id\":\"https:\\\/\\\/interamerica.org\\\/es\\\/#website\"},\"primaryImageOfPage\":{\"@id\":\"https:\\\/\\\/interamerica.org\\\/es\\\/2022\\\/08\\\/adventistas-impactan-a-decenas-de-comunidades-durante-iniciativa-anual-en-venezuela\\\/#primaryimage\"},\"image\":{\"@id\":\"https:\\\/\\\/interamerica.org\\\/es\\\/2022\\\/08\\\/adventistas-impactan-a-decenas-de-comunidades-durante-iniciativa-anual-en-venezuela\\\/#primaryimage\"},\"thumbnailUrl\":\"https:\\\/\\\/interamerica.org\\\/wp-content\\\/uploads\\\/2022\\\/08\\\/evau-closetoyou-person.jpg\",\"datePublished\":\"2022-08-18T19:24:41+00:00\",\"dateModified\":\"2022-08-19T18:22:21+00:00\",\"author\":{\"@id\":\"https:\\\/\\\/interamerica.org\\\/es\\\/#\\\/schema\\\/person\\\/29998f2bc2d8bd0d38662909289b54f1\"},\"breadcrumb\":{\"@id\":\"https:\\\/\\\/interamerica.org\\\/es\\\/2022\\\/08\\\/adventistas-impactan-a-decenas-de-comunidades-durante-iniciativa-anual-en-venezuela\\\/#breadcrumb\"},\"inLanguage\":\"es\",\"potentialAction\":[{\"@type\":\"ReadAction\",\"target\":[\"https:\\\/\\\/interamerica.org\\\/es\\\/2022\\\/08\\\/adventistas-impactan-a-decenas-de-comunidades-durante-iniciativa-anual-en-venezuela\\\/\"]}]},{\"@type\":\"ImageObject\",\"inLanguage\":\"es\",\"@id\":\"https:\\\/\\\/interamerica.org\\\/es\\\/2022\\\/08\\\/adventistas-impactan-a-decenas-de-comunidades-durante-iniciativa-anual-en-venezuela\\\/#primaryimage\",\"url\":\"https:\\\/\\\/interamerica.org\\\/wp-content\\\/uploads\\\/2022\\\/08\\\/evau-closetoyou-person.jpg\",\"contentUrl\":\"https:\\\/\\\/interamerica.org\\\/wp-content\\\/uploads\\\/2022\\\/08\\\/evau-closetoyou-person.jpg\",\"width\":1040,\"height\":780,\"caption\":\"[Fotograf\u00eda: Uni\u00f3n Venezolana Oriental]\"},{\"@type\":\"BreadcrumbList\",\"@id\":\"https:\\\/\\\/interamerica.org\\\/es\\\/2022\\\/08\\\/adventistas-impactan-a-decenas-de-comunidades-durante-iniciativa-anual-en-venezuela\\\/#breadcrumb\",\"itemListElement\":[{\"@type\":\"ListItem\",\"position\":1,\"name\":\"Home\",\"item\":\"https:\\\/\\\/interamerica.org\\\/es\\\/\"},{\"@type\":\"ListItem\",\"position\":2,\"name\":\"Adventistas impactan a decenas de comunidades durante iniciativa anual en Venezuela\"}]},{\"@type\":\"WebSite\",\"@id\":\"https:\\\/\\\/interamerica.org\\\/es\\\/#website\",\"url\":\"https:\\\/\\\/interamerica.org\\\/es\\\/\",\"name\":\"Iglesia Adventista del S\u00e9ptimo D\u00eda - Divisi\u00f3n Interamericana\",\"description\":\"\",\"potentialAction\":[{\"@type\":\"SearchAction\",\"target\":{\"@type\":\"EntryPoint\",\"urlTemplate\":\"https:\\\/\\\/interamerica.org\\\/es\\\/?s={search_term_string}\"},\"query-input\":{\"@type\":\"PropertyValueSpecification\",\"valueRequired\":true,\"valueName\":\"search_term_string\"}}],\"inLanguage\":\"es\"},{\"@type\":\"Person\",\"@id\":\"https:\\\/\\\/interamerica.org\\\/es\\\/#\\\/schema\\\/person\\\/29998f2bc2d8bd0d38662909289b54f1\",\"name\":\"libna\",\"image\":{\"@type\":\"ImageObject\",\"inLanguage\":\"es\",\"@id\":\"https:\\\/\\\/secure.gravatar.com\\\/avatar\\\/7c5bd30ae4b47a9ba3c856590957fd1d96dc588bf3ac05719d247e126840331f?s=96&d=mm&r=g\",\"url\":\"https:\\\/\\\/secure.gravatar.com\\\/avatar\\\/7c5bd30ae4b47a9ba3c856590957fd1d96dc588bf3ac05719d247e126840331f?s=96&d=mm&r=g\",\"contentUrl\":\"https:\\\/\\\/secure.gravatar.com\\\/avatar\\\/7c5bd30ae4b47a9ba3c856590957fd1d96dc588bf3ac05719d247e126840331f?s=96&d=mm&r=g\",\"caption\":\"libna\"}}]}<\/script>\n<!-- \/ Yoast SEO plugin. -->","yoast_head_json":{"title":"Adventistas impactan a decenas de comunidades durante iniciativa anual en Venezuela - Iglesia Adventista del S\u00e9ptimo D\u00eda - Divisi\u00f3n Interamericana","robots":{"index":"index","follow":"follow","max-snippet":"max-snippet:-1","max-image-preview":"max-image-preview:large","max-video-preview":"max-video-preview:-1"},"canonical":"https:\/\/interamerica.org\/es\/2022\/08\/adventistas-impactan-a-decenas-de-comunidades-durante-iniciativa-anual-en-venezuela\/","og_locale":"es_ES","og_type":"article","og_title":"Adventistas impactan a decenas de comunidades durante iniciativa anual en Venezuela - Iglesia Adventista del S\u00e9ptimo D\u00eda - Divisi\u00f3n Interamericana","og_description":"18 de agosto de 2022 | Caracas, Venezuela | Steven\u2019s Rosado, Mois\u00e9s Buena\u00f1o y Noticias de la Divisi\u00f3n Interamericana M\u00e1s de veinte mil adventistas del s\u00e9ptimo d\u00eda en Venezuela compartieron...","og_url":"https:\/\/interamerica.org\/es\/2022\/08\/adventistas-impactan-a-decenas-de-comunidades-durante-iniciativa-anual-en-venezuela\/","og_site_name":"Iglesia Adventista del S\u00e9ptimo D\u00eda - Divisi\u00f3n Interamericana","article_published_time":"2022-08-18T19:24:41+00:00","article_modified_time":"2022-08-19T18:22:21+00:00","og_image":[{"width":1040,"height":780,"url":"https:\/\/interamerica.org\/wp-content\/uploads\/2022\/08\/evau-closetoyou-person.jpg","type":"image\/jpeg"}],"author":"libna","twitter_card":"summary_large_image","twitter_misc":{"Escrito por":"libna","Tiempo de lectura":"7 minutos"},"schema":{"@context":"https:\/\/schema.org","@graph":[{"@type":"Article","@id":"https:\/\/interamerica.org\/es\/2022\/08\/adventistas-impactan-a-decenas-de-comunidades-durante-iniciativa-anual-en-venezuela\/#article","isPartOf":{"@id":"https:\/\/interamerica.org\/es\/2022\/08\/adventistas-impactan-a-decenas-de-comunidades-durante-iniciativa-anual-en-venezuela\/"},"author":{"name":"libna","@id":"https:\/\/interamerica.org\/es\/#\/schema\/person\/29998f2bc2d8bd0d38662909289b54f1"},"headline":"Adventistas impactan a decenas de comunidades durante iniciativa anual en Venezuela","datePublished":"2022-08-18T19:24:41+00:00","dateModified":"2022-08-19T18:22:21+00:00","mainEntityOfPage":{"@id":"https:\/\/interamerica.org\/es\/2022\/08\/adventistas-impactan-a-decenas-de-comunidades-durante-iniciativa-anual-en-venezuela\/"},"wordCount":1319,"image":{"@id":"https:\/\/interamerica.org\/es\/2022\/08\/adventistas-impactan-a-decenas-de-comunidades-durante-iniciativa-anual-en-venezuela\/#primaryimage"},"thumbnailUrl":"https:\/\/interamerica.org\/wp-content\/uploads\/2022\/08\/evau-closetoyou-person.jpg","articleSection":["Desde el campo","RSS Espa\u00f1ol"],"inLanguage":"es"},{"@type":"WebPage","@id":"https:\/\/interamerica.org\/es\/2022\/08\/adventistas-impactan-a-decenas-de-comunidades-durante-iniciativa-anual-en-venezuela\/","url":"https:\/\/interamerica.org\/es\/2022\/08\/adventistas-impactan-a-decenas-de-comunidades-durante-iniciativa-anual-en-venezuela\/","name":"Adventistas impactan a decenas de comunidades durante iniciativa anual en Venezuela - Iglesia Adventista del S\u00e9ptimo D\u00eda - Divisi\u00f3n Interamericana","isPartOf":{"@id":"https:\/\/interamerica.org\/es\/#website"},"primaryImageOfPage":{"@id":"https:\/\/interamerica.org\/es\/2022\/08\/adventistas-impactan-a-decenas-de-comunidades-durante-iniciativa-anual-en-venezuela\/#primaryimage"},"image":{"@id":"https:\/\/interamerica.org\/es\/2022\/08\/adventistas-impactan-a-decenas-de-comunidades-durante-iniciativa-anual-en-venezuela\/#primaryimage"},"thumbnailUrl":"https:\/\/interamerica.org\/wp-content\/uploads\/2022\/08\/evau-closetoyou-person.jpg","datePublished":"2022-08-18T19:24:41+00:00","dateModified":"2022-08-19T18:22:21+00:00","author":{"@id":"https:\/\/interamerica.org\/es\/#\/schema\/person\/29998f2bc2d8bd0d38662909289b54f1"},"breadcrumb":{"@id":"https:\/\/interamerica.org\/es\/2022\/08\/adventistas-impactan-a-decenas-de-comunidades-durante-iniciativa-anual-en-venezuela\/#breadcrumb"},"inLanguage":"es","potentialAction":[{"@type":"ReadAction","target":["https:\/\/interamerica.org\/es\/2022\/08\/adventistas-impactan-a-decenas-de-comunidades-durante-iniciativa-anual-en-venezuela\/"]}]},{"@type":"ImageObject","inLanguage":"es","@id":"https:\/\/interamerica.org\/es\/2022\/08\/adventistas-impactan-a-decenas-de-comunidades-durante-iniciativa-anual-en-venezuela\/#primaryimage","url":"https:\/\/interamerica.org\/wp-content\/uploads\/2022\/08\/evau-closetoyou-person.jpg","contentUrl":"https:\/\/interamerica.org\/wp-content\/uploads\/2022\/08\/evau-closetoyou-person.jpg","width":1040,"height":780,"caption":"[Fotograf\u00eda: Uni\u00f3n Venezolana Oriental]"},{"@type":"BreadcrumbList","@id":"https:\/\/interamerica.org\/es\/2022\/08\/adventistas-impactan-a-decenas-de-comunidades-durante-iniciativa-anual-en-venezuela\/#breadcrumb","itemListElement":[{"@type":"ListItem","position":1,"name":"Home","item":"https:\/\/interamerica.org\/es\/"},{"@type":"ListItem","position":2,"name":"Adventistas impactan a decenas de comunidades durante iniciativa anual en Venezuela"}]},{"@type":"WebSite","@id":"https:\/\/interamerica.org\/es\/#website","url":"https:\/\/interamerica.org\/es\/","name":"Iglesia Adventista del S\u00e9ptimo D\u00eda - Divisi\u00f3n Interamericana","description":"","potentialAction":[{"@type":"SearchAction","target":{"@type":"EntryPoint","urlTemplate":"https:\/\/interamerica.org\/es\/?s={search_term_string}"},"query-input":{"@type":"PropertyValueSpecification","valueRequired":true,"valueName":"search_term_string"}}],"inLanguage":"es"},{"@type":"Person","@id":"https:\/\/interamerica.org\/es\/#\/schema\/person\/29998f2bc2d8bd0d38662909289b54f1","name":"libna","image":{"@type":"ImageObject","inLanguage":"es","@id":"https:\/\/secure.gravatar.com\/avatar\/7c5bd30ae4b47a9ba3c856590957fd1d96dc588bf3ac05719d247e126840331f?s=96&d=mm&r=g","url":"https:\/\/secure.gravatar.com\/avatar\/7c5bd30ae4b47a9ba3c856590957fd1d96dc588bf3ac05719d247e126840331f?s=96&d=mm&r=g","contentUrl":"https:\/\/secure.gravatar.com\/avatar\/7c5bd30ae4b47a9ba3c856590957fd1d96dc588bf3ac05719d247e126840331f?s=96&d=mm&r=g","caption":"libna"}}]}},"_links":{"self":[{"href":"https:\/\/interamerica.org\/es\/wp-json\/wp\/v2\/posts\/88717","targetHints":{"allow":["GET"]}}],"collection":[{"href":"https:\/\/interamerica.org\/es\/wp-json\/wp\/v2\/posts"}],"about":[{"href":"https:\/\/interamerica.org\/es\/wp-json\/wp\/v2\/types\/post"}],"author":[{"embeddable":true,"href":"https:\/\/interamerica.org\/es\/wp-json\/wp\/v2\/users\/3"}],"replies":[{"embeddable":true,"href":"https:\/\/interamerica.org\/es\/wp-json\/wp\/v2\/comments?post=88717"}],"version-history":[{"count":0,"href":"https:\/\/interamerica.org\/es\/wp-json\/wp\/v2\/posts\/88717\/revisions"}],"wp:featuredmedia":[{"embeddable":true,"href":"https:\/\/interamerica.org\/es\/wp-json\/wp\/v2\/media\/88678"}],"wp:attachment":[{"href":"https:\/\/interamerica.org\/es\/wp-json\/wp\/v2\/media?parent=88717"}],"wp:term":[{"taxonomy":"category","embeddable":true,"href":"https:\/\/interamerica.org\/es\/wp-json\/wp\/v2\/categories?post=88717"},{"taxonomy":"post_tag","embeddable":true,"href":"https:\/\/interamerica.org\/es\/wp-json\/wp\/v2\/tags?post=88717"}],"curies":[{"name":"wp","href":"https:\/\/api.w.org\/{rel}","templated":true}]}}