{"id":88760,"date":"2022-08-19T10:33:55","date_gmt":"2022-08-19T14:33:55","guid":{"rendered":"https:\/\/interamerica.org\/?p=88760"},"modified":"2022-08-19T20:35:27","modified_gmt":"2022-08-20T00:35:27","slug":"sergio-moctezuma-es-reconocido-por-decadas-de-liderar-el-crecimiento-de-la-iglesia-en-interamerica","status":"publish","type":"post","link":"https:\/\/interamerica.org\/es\/2022\/08\/sergio-moctezuma-es-reconocido-por-decadas-de-liderar-el-crecimiento-de-la-iglesia-en-interamerica\/","title":{"rendered":"Sergio Moctezuma es reconocido por d\u00e9cadas de liderar el crecimiento de la iglesia en Interam\u00e9rica"},"content":{"rendered":"<p><div id=\"attachment_88751\" style=\"width: 869px\" class=\"wp-caption aligncenter\"><img fetchpriority=\"high\" decoding=\"async\" aria-describedby=\"caption-attachment-88751\" class=\"wp-image-88751 \" src=\"https:\/\/interamerica.org\/wp-content\/uploads\/2022\/08\/iad-leaders-sergio-moctezuma2022-1024x640.jpg\" alt=\"\" width=\"859\" height=\"537\" srcset=\"https:\/\/interamerica.org\/wp-content\/uploads\/2022\/08\/iad-leaders-sergio-moctezuma2022-1024x640.jpg 1024w, https:\/\/interamerica.org\/wp-content\/uploads\/2022\/08\/iad-leaders-sergio-moctezuma2022-300x188.jpg 300w, https:\/\/interamerica.org\/wp-content\/uploads\/2022\/08\/iad-leaders-sergio-moctezuma2022-768x480.jpg 768w, https:\/\/interamerica.org\/wp-content\/uploads\/2022\/08\/iad-leaders-sergio-moctezuma2022.jpg 1280w\" sizes=\"(max-width: 859px) 100vw, 859px\" \/><p id=\"caption-attachment-88751\" class=\"wp-caption-text\">De izquierda a derecha: Los administradores de la Iglesia en la Divisi\u00f3n Interamericana, los pastores Filiberto Verduzco (tesorero), Elie Henry (presidente) y Leonard Johnson (secretario ejecutivo), y Melchor Ferreyra (director de ministerios personales), se suman a la ceremonia especial del 18 de julio de 2022 en Miami, Florida, Estados Unidos, para reconocer a Sergio Moctezuma (al centro), antes del Festival de Laicos de la divisi\u00f3n, que se llev\u00f3 a cabo en Panam\u00e1 del 4-6 de agosto de 2022. Moctezuma fue el creador de lo que hoy se conoce como el Festival de Laicos en Interam\u00e9rica, y fundamental para contribuir con el crecimiento de la Iglesia Adventista en la Divisi\u00f3n Interamericana, desde que comenz\u00f3 a prestar servicios en 1952. [Fotograf\u00eda: Libna Stevens\/DIA]<\/p><\/div>19 de agosto de 2022 | Miami, Florida, Estados Unidos | Libna Stevens, Noticias de la Divisi\u00f3n Interamericana<\/p>\n<p>Los l\u00edderes adventistas de la Divisi\u00f3n Interamericana efectuaron hace poco un reconocimiento al pastor Sergio Moctezuma por su extraordinaria contribuci\u00f3n al crecimiento de la Iglesia Adventista en el territorio desde que comenz\u00f3 a prestar servicios a la iglesia en la d\u00e9cada de 1960. El evento de reconocimiento especial atrajo a los principales l\u00edderes de la iglesia y miembros del personal hasta la sede de la Divisi\u00f3n Interamericana en Miami, Florida, Estados Unidos, antes del Festival de Laicos, que se llev\u00f3 a cabo en Ciudad de Panam\u00e1, Panam\u00e1, hace un par de semanas.<\/p>\n<p>\u201cNos deleitamos en reonocerlo por contribuir para que la iglesia sea m\u00e1s grande y m\u00e1s fuerte como lo es hoy\u201d, dijo el pastor Elie Henry, presidente de la Divisi\u00f3n Interamericana. \u201cEste es un momento que deber\u00edamos compartir con los laicos de todo el territorio, pero debido a las circunstancias, lo estamos honrando aqu\u00ed en persona\u201d, expres\u00f3.<\/p>\n<p><div id=\"attachment_88495\" style=\"width: 863px\" class=\"wp-caption aligncenter\"><img decoding=\"async\" aria-describedby=\"caption-attachment-88495\" class=\" wp-image-88495\" src=\"https:\/\/interamerica.org\/wp-content\/uploads\/2022\/08\/sergio-moctezuma-jul-18-2022-1024x640.jpg\" alt=\"\" width=\"853\" height=\"533\" srcset=\"https:\/\/interamerica.org\/wp-content\/uploads\/2022\/08\/sergio-moctezuma-jul-18-2022-1024x640.jpg 1024w, https:\/\/interamerica.org\/wp-content\/uploads\/2022\/08\/sergio-moctezuma-jul-18-2022-300x188.jpg 300w, https:\/\/interamerica.org\/wp-content\/uploads\/2022\/08\/sergio-moctezuma-jul-18-2022-768x480.jpg 768w, https:\/\/interamerica.org\/wp-content\/uploads\/2022\/08\/sergio-moctezuma-jul-18-2022.jpg 1280w\" sizes=\"(max-width: 853px) 100vw, 853px\" \/><p id=\"caption-attachment-88495\" class=\"wp-caption-text\">El pastor Sergio Moctezuma, originario de M\u00e9xico, comenz\u00f3 a servir a la iglesia en su pa\u00eds natal en 1952. Se jubil\u00f3 definitivamente de la sede de la Divisi\u00f3n Interamericana en 2005. [Fotograf\u00eda: Abel M\u00e1rquez\/DIA]<\/p><\/div>Moctezuma recibi\u00f3 dos medallas y una placa especial de parte de los administradores de la DIA como muestra de su contribuci\u00f3n extraordinaria al crecimiento de la iglesia. Durante esos a\u00f1os, la feligres\u00eda de la Divisi\u00f3n Interamericana super\u00f3 los dos millones.<\/p>\n<p><strong>Influencia con \u00e9nfasis en la misi\u00f3n<\/strong><\/p>\n<p>\u201cLe reconocemos su indiscutible capacidad e influencia misionera que mostr\u00f3 en el servicio fiel a la hora de movilizar los laicos de nuestro territorio durante tantos a\u00f1os\u201d, dijo el pastor Henry.<\/p>\n<p>Conocido por su energ\u00eda, creatividad y liderazgo impulsado por la misi\u00f3n, el pastor Moctezuma, comenz\u00f3 a servir a la iglesia en su pa\u00eds natal de M\u00e9xico, en la Uni\u00f3n Mexicana en la d\u00e9cada de 1950 y m\u00e1s tarde, a fines de la d\u00e9cada de 1960, fue llamado a la Uni\u00f3n Sur Brasile\u00f1a y al territorio de la Divisi\u00f3n Sudamericana, y m\u00e1s tarde llamado en 1975 a prestar servicios en la Divisi\u00f3n Interamericana en Miami, como director de los departamentos de ministerios personales, antes conocido como actividades laicas, y de Escuela Sab\u00e1tica. Prest\u00f3 servicios en ese cargo hasta el a\u00f1o 2000, cuando se jubil\u00f3 pero continu\u00f3 sirviendo como asistente del entonces presidente de la Divisi\u00f3n Interamericana Israel Leito hasta 2005.<\/p>\n<p><div id=\"attachment_88728\" style=\"width: 859px\" class=\"wp-caption aligncenter\"><img decoding=\"async\" aria-describedby=\"caption-attachment-88728\" class=\" wp-image-88728\" src=\"https:\/\/interamerica.org\/wp-content\/uploads\/2022\/08\/festival-laity-guatemala-1979.jpg\" alt=\"\" width=\"849\" height=\"621\" srcset=\"https:\/\/interamerica.org\/wp-content\/uploads\/2022\/08\/festival-laity-guatemala-1979.jpg 900w, https:\/\/interamerica.org\/wp-content\/uploads\/2022\/08\/festival-laity-guatemala-1979-300x219.jpg 300w, https:\/\/interamerica.org\/wp-content\/uploads\/2022\/08\/festival-laity-guatemala-1979-768x561.jpg 768w\" sizes=\"(max-width: 849px) 100vw, 849px\" \/><p id=\"caption-attachment-88728\" class=\"wp-caption-text\">L\u00edderes adventistas durante el Festival de Laicos en Ciudad de Guatemala, Guatemala, del 15-19 de agosto de 1979. Fue uno de cuatro Festivales de Laicos regionales organizados en el territorio de la divisi\u00f3n. [Fotograf\u00eda: Archivos de la DIA]<\/p><\/div>\u201cEs conocido como el padre de los festivales de laicos en Interam\u00e9rica y en la iglesia mundial, dado que el primero se llev\u00f3 a cabo en 1969\u201d, dijo el pastor Melchor Ferreyra, director de ministerios personales de la Divisi\u00f3n Interamericana. En 1979, se llevaron a cabo cuatro Festivales de Laicos regionales en Guatemala, Colombia, Barbados, y Hait\u00ed para cubrir pa\u00edses de cada regi\u00f3n y el territorio en ingl\u00e9s, espa\u00f1ol y franc\u00e9s de la Divisi\u00f3n Interamericana.<\/p>\n<p><strong>Festivales de Laicos: Una celebraci\u00f3n<\/strong><\/p>\n<p>\u201cLos festivales de laicos tienen que ver con la celebraci\u00f3n y el reconocimiento de los laicos por la misi\u00f3n de ganar a otros para el evangelio, momentos de inspiraci\u00f3n, motivaci\u00f3n y capacitaci\u00f3n para alcanzar a m\u00e1s personas para Cristo\u201d, a\u00f1adi\u00f3 Ferreyra.<\/p>\n<p><div id=\"attachment_88734\" style=\"width: 542px\" class=\"wp-caption aligncenter\"><img loading=\"lazy\" decoding=\"async\" aria-describedby=\"caption-attachment-88734\" class=\" wp-image-88734\" src=\"https:\/\/interamerica.org\/wp-content\/uploads\/2022\/08\/sergio-moctezuma1979-festival-of-laity.jpg\" alt=\"\" width=\"532\" height=\"648\" srcset=\"https:\/\/interamerica.org\/wp-content\/uploads\/2022\/08\/sergio-moctezuma1979-festival-of-laity.jpg 650w, https:\/\/interamerica.org\/wp-content\/uploads\/2022\/08\/sergio-moctezuma1979-festival-of-laity-246x300.jpg 246w\" sizes=\"(max-width: 532px) 100vw, 532px\" \/><p id=\"caption-attachment-88734\" class=\"wp-caption-text\">El pastor Sergio Moctezuma dirige un festival regional de laicos en 1979. [Fotograf\u00eda: Archivos de la DIA]<\/p><\/div>Bajo el liderazgo de Moctezuma, surgi\u00f3 un nuevo concepto de lo que significa ser un laico: alguien que podr\u00eda ser capacitado como predicador laico, instructor b\u00edblico, un evangelista laico, dijo Ferreyra. \u201c\u00c9l [Moctezuma] foment\u00f3 la idea de que en cada iglesia local deb\u00eda haber una escuela de capacitaci\u00f3n de laicos, para que los miembros laicos estuvieran al frente de la Escuela Sab\u00e1tica y de lo que hoy se conoce como grupos peque\u00f1os\u201d, a\u00f1adi\u00f3 Ferreyra.<\/p>\n<p>Poco despu\u00e9s, comenzaron a funcionar escuelas de capacitaci\u00f3n de laicos bajo la conducci\u00f3n de la Divisi\u00f3n Interamericana y entonces la Asociaci\u00f3n General, y el Instituto Nacional de Ministerios Cristianos. Aparte de los institutos de capacitaci\u00f3n, Moctezuma impuls\u00f3 materiales de Escuela Sab\u00e1tica para ni\u00f1os, y el desarrollo de numerosos recursos para la iglesia.<\/p>\n<p><div id=\"attachment_88731\" style=\"width: 857px\" class=\"wp-caption aligncenter\"><img loading=\"lazy\" decoding=\"async\" aria-describedby=\"caption-attachment-88731\" class=\" wp-image-88731\" src=\"https:\/\/interamerica.org\/wp-content\/uploads\/2022\/08\/sergio-moctezuma-festival-in-north-mexico.png\" alt=\"\" width=\"847\" height=\"511\" srcset=\"https:\/\/interamerica.org\/wp-content\/uploads\/2022\/08\/sergio-moctezuma-festival-in-north-mexico.png 1000w, https:\/\/interamerica.org\/wp-content\/uploads\/2022\/08\/sergio-moctezuma-festival-in-north-mexico-300x181.png 300w, https:\/\/interamerica.org\/wp-content\/uploads\/2022\/08\/sergio-moctezuma-festival-in-north-mexico-768x463.png 768w\" sizes=\"(max-width: 847px) 100vw, 847px\" \/><p id=\"caption-attachment-88731\" class=\"wp-caption-text\">El pastor Sergio Moctezuma explica el papel del departamento de ministerios de la iglesia, durante un festival de laicos en la Asociaci\u00f3n Mexicana del Norte en 1988. [Fotograf\u00eda: Archivos de la DIA]<\/p><\/div>Desde muy joven, Moctezuma supo que los miembros de iglesia pod\u00edan hacer su parte para apoyar a la misi\u00f3n, no solo apoy\u00e1ndose en el trabajo del pastor local como un ministerio separado, y que no todo miembro de iglesia ten\u00eda que ser un evangelista laico. \u201cEra mejor usar a los miembros de iglesia para testificar, ense\u00f1ar a predicar a los j\u00f3venes y entonces yo pod\u00eda llegar con el trabajo de ministro. Mi idea fue siempre la obra fundamental de los laicos\u201d, dijo Moctezuma.<\/p>\n<p>Durante sus servicios en la Divisi\u00f3n Sudamericana, a medida que las Escuelas Sab\u00e1ticas se volvieron un \u00e1mbito m\u00e1s peque\u00f1o de testificaci\u00f3n y para ganar a otras personas, Moctezuma dijo que qued\u00f3 asombrado al ver el potencial de contribuir a\u00fan m\u00e1s con el crecimiento de la iglesia. \u201cComenc\u00e9 a leer y estudiar el libro Servicio cristiano, de Elena G. White, estudi\u00e9 mi Biblia, y me lleg\u00f3 a quedar claro y un punto de inflexi\u00f3n para que el pastor capaciten a los miembros en cada iglesia, para que estos participen de las oportunidades de testificaci\u00f3n que mejor se encuadran con los dones de cada miembro\u201d, dijo Moctezuma.<\/p>\n<p><div id=\"attachment_88737\" style=\"width: 854px\" class=\"wp-caption aligncenter\"><img loading=\"lazy\" decoding=\"async\" aria-describedby=\"caption-attachment-88737\" class=\" wp-image-88737\" src=\"https:\/\/interamerica.org\/wp-content\/uploads\/2022\/08\/jorge-salazar-ecuador-branchss.jpg\" alt=\"\" width=\"844\" height=\"628\" srcset=\"https:\/\/interamerica.org\/wp-content\/uploads\/2022\/08\/jorge-salazar-ecuador-branchss.jpg 1000w, https:\/\/interamerica.org\/wp-content\/uploads\/2022\/08\/jorge-salazar-ecuador-branchss-300x223.jpg 300w, https:\/\/interamerica.org\/wp-content\/uploads\/2022\/08\/jorge-salazar-ecuador-branchss-768x571.jpg 768w\" sizes=\"(max-width: 844px) 100vw, 844px\" \/><p id=\"caption-attachment-88737\" class=\"wp-caption-text\">Jorge Salazar (segundo desde la derecha), posa con miembros de su Escuela Sab\u00e1tica filial en Quito, Ecuador, mientras muestra con las manos el n\u00famero de personas que hab\u00edan llevado a Cristo despu\u00e9s de cuatro meses de testificarle a otros. Fue despu\u00e9s de esa reuni\u00f3n a fines de la d\u00e9cada de 1960 que el pastor Sergio Moctezuma estudi\u00f3 el libro Servicio cristiano de Elena G. White y la Biblia para poner de relieve la obra de las Escuelas Sab\u00e1ticas filiales en apoyo al crecimiento de la iglesia, en lo que ahora llamados grupos peque\u00f1os. [Fotograf\u00eda: Sergio Moctezuma]<\/p><\/div><strong>Nuevo movimiento laico <\/strong><\/p>\n<p>Al regresar a la Divisi\u00f3n Interamericana solo unos a\u00f1os despu\u00e9s, fue su oportunidad de ser parte de un nuevo movimiento para capacitar y realzar la importante obra de los laicos, en sociedad con el pastor de la iglesia, estableciendo objetivos y avanzando juntos, dijo Moctezuma. \u201cLos ministros y los laicos Unidos para terminar la obra de apresurar la venida de nuestro Se\u00f1or\u201d.<\/p>\n<p>Cuando el nombre del pastor Moctezuma surgi\u00f3 al final del <a href=\"https:\/\/interamerica.org\/2022\/08\/adventist-church-encourages-lay-members-to-shine-the-light-of-the-gospel-everywhere-in-inter-america\/\">Festival de Laicos de la Divisi\u00f3n Interamericana<\/a> llevado a cabo en Panam\u00e1 del 4-6 de agosto de 2022, los m\u00e1s de 650 laicos y l\u00edderes de la iglesia que se congregaron desde todo el territorio, irrumpieron en un aplauso por su obra pionera en pro de los laicos y el legado que contin\u00faa adelante en todo el territorio.<\/p>\n<p><div id=\"attachment_88740\" style=\"width: 798px\" class=\"wp-caption aligncenter\"><img loading=\"lazy\" decoding=\"async\" aria-describedby=\"caption-attachment-88740\" class=\" wp-image-88740\" src=\"https:\/\/interamerica.org\/wp-content\/uploads\/2022\/08\/sergio-raquel-moctezuma-2013.jpg\" alt=\"\" width=\"788\" height=\"524\" srcset=\"https:\/\/interamerica.org\/wp-content\/uploads\/2022\/08\/sergio-raquel-moctezuma-2013.jpg 809w, https:\/\/interamerica.org\/wp-content\/uploads\/2022\/08\/sergio-raquel-moctezuma-2013-300x200.jpg 300w, https:\/\/interamerica.org\/wp-content\/uploads\/2022\/08\/sergio-raquel-moctezuma-2013-768x511.jpg 768w\" sizes=\"(max-width: 788px) 100vw, 788px\" \/><p id=\"caption-attachment-88740\" class=\"wp-caption-text\">El pastor Sergio Moctezuma y su esposa Raquel, durante un evento en la sede de la Divisi\u00f3n Interamericana, que reconoci\u00f3 a los laicos campeones de 2013. [Fotograf\u00eda de archivo: Libna Stevens\/DIA]<\/p><\/div>\u201cAlabo al Se\u00f1or por la oportunidad que me ha dado a m\u00ed y a mi esposa Raquel de servirlo y de ver \u2018las fuerzas vivas de la iglesia\u2019 ser inspiradas por el Esp\u00edritu Santo para cumplir con la misi\u00f3n que se nos ha encomendado\u201d, dijo Moctezuma.<\/p>\n<p>Traducci\u00f3n de Marcos Paseggi<\/p>\n<p><iframe title=\"Reconocimiento \/ Sergio Moctezuma\" src=\"https:\/\/player.vimeo.com\/video\/736373738?dnt=1&amp;app_id=122963\" width=\"500\" height=\"281\" frameborder=\"0\" allow=\"autoplay; fullscreen; picture-in-picture; clipboard-write\"><\/iframe><\/p>\n","protected":false},"excerpt":{"rendered":"<p>19 de agosto de 2022 | Miami, Florida, Estados Unidos | Libna Stevens, Noticias de la Divisi\u00f3n Interamericana Los l\u00edderes adventistas de la Divisi\u00f3n Interamericana efectuaron hace poco un reconocimiento&#8230;<\/p>\n","protected":false},"author":3,"featured_media":88751,"comment_status":"closed","ping_status":"closed","sticky":false,"template":"","format":"standard","meta":{"_acf_changed":false,"footnotes":""},"categories":[16,15],"tags":[],"class_list":["post-88760","post","type-post","status-publish","format-standard","has-post-thumbnail","hentry","category-desde-la-sede","category-rss-espanol"],"acf":[],"yoast_head":"<!-- This site is optimized with the Yoast SEO plugin v27.3 - https:\/\/yoast.com\/product\/yoast-seo-wordpress\/ -->\n<title>Sergio Moctezuma es reconocido por d\u00e9cadas de liderar el crecimiento de la iglesia en Interam\u00e9rica - Iglesia Adventista del S\u00e9ptimo D\u00eda - Divisi\u00f3n Interamericana<\/title>\n<meta name=\"robots\" content=\"index, follow, max-snippet:-1, max-image-preview:large, max-video-preview:-1\" \/>\n<link rel=\"canonical\" href=\"https:\/\/interamerica.org\/es\/2022\/08\/sergio-moctezuma-es-reconocido-por-decadas-de-liderar-el-crecimiento-de-la-iglesia-en-interamerica\/\" \/>\n<meta property=\"og:locale\" content=\"es_ES\" \/>\n<meta property=\"og:type\" content=\"article\" \/>\n<meta property=\"og:title\" content=\"Sergio Moctezuma es reconocido por d\u00e9cadas de liderar el crecimiento de la iglesia en Interam\u00e9rica - Iglesia Adventista del S\u00e9ptimo D\u00eda - Divisi\u00f3n Interamericana\" \/>\n<meta property=\"og:description\" content=\"19 de agosto de 2022 | Miami, Florida, Estados Unidos | Libna Stevens, Noticias de la Divisi\u00f3n Interamericana Los l\u00edderes adventistas de la Divisi\u00f3n Interamericana efectuaron hace poco un reconocimiento...\" \/>\n<meta property=\"og:url\" content=\"https:\/\/interamerica.org\/es\/2022\/08\/sergio-moctezuma-es-reconocido-por-decadas-de-liderar-el-crecimiento-de-la-iglesia-en-interamerica\/\" \/>\n<meta property=\"og:site_name\" content=\"Iglesia Adventista del S\u00e9ptimo D\u00eda - Divisi\u00f3n Interamericana\" \/>\n<meta property=\"article:published_time\" content=\"2022-08-19T14:33:55+00:00\" \/>\n<meta property=\"article:modified_time\" content=\"2022-08-20T00:35:27+00:00\" \/>\n<meta property=\"og:image\" content=\"https:\/\/interamerica.org\/wp-content\/uploads\/2022\/08\/iad-leaders-sergio-moctezuma2022.jpg\" \/>\n\t<meta property=\"og:image:width\" content=\"1280\" \/>\n\t<meta property=\"og:image:height\" content=\"800\" \/>\n\t<meta property=\"og:image:type\" content=\"image\/jpeg\" \/>\n<meta name=\"author\" content=\"libna\" \/>\n<meta name=\"twitter:card\" content=\"summary_large_image\" \/>\n<meta name=\"twitter:label1\" content=\"Escrito por\" \/>\n\t<meta name=\"twitter:data1\" content=\"libna\" \/>\n\t<meta name=\"twitter:label2\" content=\"Tiempo de lectura\" \/>\n\t<meta name=\"twitter:data2\" content=\"8 minutos\" \/>\n<script type=\"application\/ld+json\" class=\"yoast-schema-graph\">{\"@context\":\"https:\\\/\\\/schema.org\",\"@graph\":[{\"@type\":\"Article\",\"@id\":\"https:\\\/\\\/interamerica.org\\\/es\\\/2022\\\/08\\\/sergio-moctezuma-es-reconocido-por-decadas-de-liderar-el-crecimiento-de-la-iglesia-en-interamerica\\\/#article\",\"isPartOf\":{\"@id\":\"https:\\\/\\\/interamerica.org\\\/es\\\/2022\\\/08\\\/sergio-moctezuma-es-reconocido-por-decadas-de-liderar-el-crecimiento-de-la-iglesia-en-interamerica\\\/\"},\"author\":{\"name\":\"libna\",\"@id\":\"https:\\\/\\\/interamerica.org\\\/es\\\/#\\\/schema\\\/person\\\/29998f2bc2d8bd0d38662909289b54f1\"},\"headline\":\"Sergio Moctezuma es reconocido por d\u00e9cadas de liderar el crecimiento de la iglesia en Interam\u00e9rica\",\"datePublished\":\"2022-08-19T14:33:55+00:00\",\"dateModified\":\"2022-08-20T00:35:27+00:00\",\"mainEntityOfPage\":{\"@id\":\"https:\\\/\\\/interamerica.org\\\/es\\\/2022\\\/08\\\/sergio-moctezuma-es-reconocido-por-decadas-de-liderar-el-crecimiento-de-la-iglesia-en-interamerica\\\/\"},\"wordCount\":1516,\"image\":{\"@id\":\"https:\\\/\\\/interamerica.org\\\/es\\\/2022\\\/08\\\/sergio-moctezuma-es-reconocido-por-decadas-de-liderar-el-crecimiento-de-la-iglesia-en-interamerica\\\/#primaryimage\"},\"thumbnailUrl\":\"https:\\\/\\\/interamerica.org\\\/wp-content\\\/uploads\\\/2022\\\/08\\\/iad-leaders-sergio-moctezuma2022.jpg\",\"articleSection\":[\"Desde la sede\",\"RSS Espa\u00f1ol\"],\"inLanguage\":\"es\"},{\"@type\":\"WebPage\",\"@id\":\"https:\\\/\\\/interamerica.org\\\/es\\\/2022\\\/08\\\/sergio-moctezuma-es-reconocido-por-decadas-de-liderar-el-crecimiento-de-la-iglesia-en-interamerica\\\/\",\"url\":\"https:\\\/\\\/interamerica.org\\\/es\\\/2022\\\/08\\\/sergio-moctezuma-es-reconocido-por-decadas-de-liderar-el-crecimiento-de-la-iglesia-en-interamerica\\\/\",\"name\":\"Sergio Moctezuma es reconocido por d\u00e9cadas de liderar el crecimiento de la iglesia en Interam\u00e9rica - Iglesia Adventista del S\u00e9ptimo D\u00eda - Divisi\u00f3n Interamericana\",\"isPartOf\":{\"@id\":\"https:\\\/\\\/interamerica.org\\\/es\\\/#website\"},\"primaryImageOfPage\":{\"@id\":\"https:\\\/\\\/interamerica.org\\\/es\\\/2022\\\/08\\\/sergio-moctezuma-es-reconocido-por-decadas-de-liderar-el-crecimiento-de-la-iglesia-en-interamerica\\\/#primaryimage\"},\"image\":{\"@id\":\"https:\\\/\\\/interamerica.org\\\/es\\\/2022\\\/08\\\/sergio-moctezuma-es-reconocido-por-decadas-de-liderar-el-crecimiento-de-la-iglesia-en-interamerica\\\/#primaryimage\"},\"thumbnailUrl\":\"https:\\\/\\\/interamerica.org\\\/wp-content\\\/uploads\\\/2022\\\/08\\\/iad-leaders-sergio-moctezuma2022.jpg\",\"datePublished\":\"2022-08-19T14:33:55+00:00\",\"dateModified\":\"2022-08-20T00:35:27+00:00\",\"author\":{\"@id\":\"https:\\\/\\\/interamerica.org\\\/es\\\/#\\\/schema\\\/person\\\/29998f2bc2d8bd0d38662909289b54f1\"},\"breadcrumb\":{\"@id\":\"https:\\\/\\\/interamerica.org\\\/es\\\/2022\\\/08\\\/sergio-moctezuma-es-reconocido-por-decadas-de-liderar-el-crecimiento-de-la-iglesia-en-interamerica\\\/#breadcrumb\"},\"inLanguage\":\"es\",\"potentialAction\":[{\"@type\":\"ReadAction\",\"target\":[\"https:\\\/\\\/interamerica.org\\\/es\\\/2022\\\/08\\\/sergio-moctezuma-es-reconocido-por-decadas-de-liderar-el-crecimiento-de-la-iglesia-en-interamerica\\\/\"]}]},{\"@type\":\"ImageObject\",\"inLanguage\":\"es\",\"@id\":\"https:\\\/\\\/interamerica.org\\\/es\\\/2022\\\/08\\\/sergio-moctezuma-es-reconocido-por-decadas-de-liderar-el-crecimiento-de-la-iglesia-en-interamerica\\\/#primaryimage\",\"url\":\"https:\\\/\\\/interamerica.org\\\/wp-content\\\/uploads\\\/2022\\\/08\\\/iad-leaders-sergio-moctezuma2022.jpg\",\"contentUrl\":\"https:\\\/\\\/interamerica.org\\\/wp-content\\\/uploads\\\/2022\\\/08\\\/iad-leaders-sergio-moctezuma2022.jpg\",\"width\":1280,\"height\":800},{\"@type\":\"BreadcrumbList\",\"@id\":\"https:\\\/\\\/interamerica.org\\\/es\\\/2022\\\/08\\\/sergio-moctezuma-es-reconocido-por-decadas-de-liderar-el-crecimiento-de-la-iglesia-en-interamerica\\\/#breadcrumb\",\"itemListElement\":[{\"@type\":\"ListItem\",\"position\":1,\"name\":\"Home\",\"item\":\"https:\\\/\\\/interamerica.org\\\/es\\\/\"},{\"@type\":\"ListItem\",\"position\":2,\"name\":\"Sergio Moctezuma es reconocido por d\u00e9cadas de liderar el crecimiento de la iglesia en Interam\u00e9rica\"}]},{\"@type\":\"WebSite\",\"@id\":\"https:\\\/\\\/interamerica.org\\\/es\\\/#website\",\"url\":\"https:\\\/\\\/interamerica.org\\\/es\\\/\",\"name\":\"Iglesia Adventista del S\u00e9ptimo D\u00eda - Divisi\u00f3n Interamericana\",\"description\":\"\",\"potentialAction\":[{\"@type\":\"SearchAction\",\"target\":{\"@type\":\"EntryPoint\",\"urlTemplate\":\"https:\\\/\\\/interamerica.org\\\/es\\\/?s={search_term_string}\"},\"query-input\":{\"@type\":\"PropertyValueSpecification\",\"valueRequired\":true,\"valueName\":\"search_term_string\"}}],\"inLanguage\":\"es\"},{\"@type\":\"Person\",\"@id\":\"https:\\\/\\\/interamerica.org\\\/es\\\/#\\\/schema\\\/person\\\/29998f2bc2d8bd0d38662909289b54f1\",\"name\":\"libna\",\"image\":{\"@type\":\"ImageObject\",\"inLanguage\":\"es\",\"@id\":\"https:\\\/\\\/secure.gravatar.com\\\/avatar\\\/7c5bd30ae4b47a9ba3c856590957fd1d96dc588bf3ac05719d247e126840331f?s=96&d=mm&r=g\",\"url\":\"https:\\\/\\\/secure.gravatar.com\\\/avatar\\\/7c5bd30ae4b47a9ba3c856590957fd1d96dc588bf3ac05719d247e126840331f?s=96&d=mm&r=g\",\"contentUrl\":\"https:\\\/\\\/secure.gravatar.com\\\/avatar\\\/7c5bd30ae4b47a9ba3c856590957fd1d96dc588bf3ac05719d247e126840331f?s=96&d=mm&r=g\",\"caption\":\"libna\"}}]}<\/script>\n<!-- \/ Yoast SEO plugin. -->","yoast_head_json":{"title":"Sergio Moctezuma es reconocido por d\u00e9cadas de liderar el crecimiento de la iglesia en Interam\u00e9rica - Iglesia Adventista del S\u00e9ptimo D\u00eda - Divisi\u00f3n Interamericana","robots":{"index":"index","follow":"follow","max-snippet":"max-snippet:-1","max-image-preview":"max-image-preview:large","max-video-preview":"max-video-preview:-1"},"canonical":"https:\/\/interamerica.org\/es\/2022\/08\/sergio-moctezuma-es-reconocido-por-decadas-de-liderar-el-crecimiento-de-la-iglesia-en-interamerica\/","og_locale":"es_ES","og_type":"article","og_title":"Sergio Moctezuma es reconocido por d\u00e9cadas de liderar el crecimiento de la iglesia en Interam\u00e9rica - Iglesia Adventista del S\u00e9ptimo D\u00eda - Divisi\u00f3n Interamericana","og_description":"19 de agosto de 2022 | Miami, Florida, Estados Unidos | Libna Stevens, Noticias de la Divisi\u00f3n Interamericana Los l\u00edderes adventistas de la Divisi\u00f3n Interamericana efectuaron hace poco un reconocimiento...","og_url":"https:\/\/interamerica.org\/es\/2022\/08\/sergio-moctezuma-es-reconocido-por-decadas-de-liderar-el-crecimiento-de-la-iglesia-en-interamerica\/","og_site_name":"Iglesia Adventista del S\u00e9ptimo D\u00eda - Divisi\u00f3n Interamericana","article_published_time":"2022-08-19T14:33:55+00:00","article_modified_time":"2022-08-20T00:35:27+00:00","og_image":[{"width":1280,"height":800,"url":"https:\/\/interamerica.org\/wp-content\/uploads\/2022\/08\/iad-leaders-sergio-moctezuma2022.jpg","type":"image\/jpeg"}],"author":"libna","twitter_card":"summary_large_image","twitter_misc":{"Escrito por":"libna","Tiempo de lectura":"8 minutos"},"schema":{"@context":"https:\/\/schema.org","@graph":[{"@type":"Article","@id":"https:\/\/interamerica.org\/es\/2022\/08\/sergio-moctezuma-es-reconocido-por-decadas-de-liderar-el-crecimiento-de-la-iglesia-en-interamerica\/#article","isPartOf":{"@id":"https:\/\/interamerica.org\/es\/2022\/08\/sergio-moctezuma-es-reconocido-por-decadas-de-liderar-el-crecimiento-de-la-iglesia-en-interamerica\/"},"author":{"name":"libna","@id":"https:\/\/interamerica.org\/es\/#\/schema\/person\/29998f2bc2d8bd0d38662909289b54f1"},"headline":"Sergio Moctezuma es reconocido por d\u00e9cadas de liderar el crecimiento de la iglesia en Interam\u00e9rica","datePublished":"2022-08-19T14:33:55+00:00","dateModified":"2022-08-20T00:35:27+00:00","mainEntityOfPage":{"@id":"https:\/\/interamerica.org\/es\/2022\/08\/sergio-moctezuma-es-reconocido-por-decadas-de-liderar-el-crecimiento-de-la-iglesia-en-interamerica\/"},"wordCount":1516,"image":{"@id":"https:\/\/interamerica.org\/es\/2022\/08\/sergio-moctezuma-es-reconocido-por-decadas-de-liderar-el-crecimiento-de-la-iglesia-en-interamerica\/#primaryimage"},"thumbnailUrl":"https:\/\/interamerica.org\/wp-content\/uploads\/2022\/08\/iad-leaders-sergio-moctezuma2022.jpg","articleSection":["Desde la sede","RSS Espa\u00f1ol"],"inLanguage":"es"},{"@type":"WebPage","@id":"https:\/\/interamerica.org\/es\/2022\/08\/sergio-moctezuma-es-reconocido-por-decadas-de-liderar-el-crecimiento-de-la-iglesia-en-interamerica\/","url":"https:\/\/interamerica.org\/es\/2022\/08\/sergio-moctezuma-es-reconocido-por-decadas-de-liderar-el-crecimiento-de-la-iglesia-en-interamerica\/","name":"Sergio Moctezuma es reconocido por d\u00e9cadas de liderar el crecimiento de la iglesia en Interam\u00e9rica - Iglesia Adventista del S\u00e9ptimo D\u00eda - Divisi\u00f3n Interamericana","isPartOf":{"@id":"https:\/\/interamerica.org\/es\/#website"},"primaryImageOfPage":{"@id":"https:\/\/interamerica.org\/es\/2022\/08\/sergio-moctezuma-es-reconocido-por-decadas-de-liderar-el-crecimiento-de-la-iglesia-en-interamerica\/#primaryimage"},"image":{"@id":"https:\/\/interamerica.org\/es\/2022\/08\/sergio-moctezuma-es-reconocido-por-decadas-de-liderar-el-crecimiento-de-la-iglesia-en-interamerica\/#primaryimage"},"thumbnailUrl":"https:\/\/interamerica.org\/wp-content\/uploads\/2022\/08\/iad-leaders-sergio-moctezuma2022.jpg","datePublished":"2022-08-19T14:33:55+00:00","dateModified":"2022-08-20T00:35:27+00:00","author":{"@id":"https:\/\/interamerica.org\/es\/#\/schema\/person\/29998f2bc2d8bd0d38662909289b54f1"},"breadcrumb":{"@id":"https:\/\/interamerica.org\/es\/2022\/08\/sergio-moctezuma-es-reconocido-por-decadas-de-liderar-el-crecimiento-de-la-iglesia-en-interamerica\/#breadcrumb"},"inLanguage":"es","potentialAction":[{"@type":"ReadAction","target":["https:\/\/interamerica.org\/es\/2022\/08\/sergio-moctezuma-es-reconocido-por-decadas-de-liderar-el-crecimiento-de-la-iglesia-en-interamerica\/"]}]},{"@type":"ImageObject","inLanguage":"es","@id":"https:\/\/interamerica.org\/es\/2022\/08\/sergio-moctezuma-es-reconocido-por-decadas-de-liderar-el-crecimiento-de-la-iglesia-en-interamerica\/#primaryimage","url":"https:\/\/interamerica.org\/wp-content\/uploads\/2022\/08\/iad-leaders-sergio-moctezuma2022.jpg","contentUrl":"https:\/\/interamerica.org\/wp-content\/uploads\/2022\/08\/iad-leaders-sergio-moctezuma2022.jpg","width":1280,"height":800},{"@type":"BreadcrumbList","@id":"https:\/\/interamerica.org\/es\/2022\/08\/sergio-moctezuma-es-reconocido-por-decadas-de-liderar-el-crecimiento-de-la-iglesia-en-interamerica\/#breadcrumb","itemListElement":[{"@type":"ListItem","position":1,"name":"Home","item":"https:\/\/interamerica.org\/es\/"},{"@type":"ListItem","position":2,"name":"Sergio Moctezuma es reconocido por d\u00e9cadas de liderar el crecimiento de la iglesia en Interam\u00e9rica"}]},{"@type":"WebSite","@id":"https:\/\/interamerica.org\/es\/#website","url":"https:\/\/interamerica.org\/es\/","name":"Iglesia Adventista del S\u00e9ptimo D\u00eda - Divisi\u00f3n Interamericana","description":"","potentialAction":[{"@type":"SearchAction","target":{"@type":"EntryPoint","urlTemplate":"https:\/\/interamerica.org\/es\/?s={search_term_string}"},"query-input":{"@type":"PropertyValueSpecification","valueRequired":true,"valueName":"search_term_string"}}],"inLanguage":"es"},{"@type":"Person","@id":"https:\/\/interamerica.org\/es\/#\/schema\/person\/29998f2bc2d8bd0d38662909289b54f1","name":"libna","image":{"@type":"ImageObject","inLanguage":"es","@id":"https:\/\/secure.gravatar.com\/avatar\/7c5bd30ae4b47a9ba3c856590957fd1d96dc588bf3ac05719d247e126840331f?s=96&d=mm&r=g","url":"https:\/\/secure.gravatar.com\/avatar\/7c5bd30ae4b47a9ba3c856590957fd1d96dc588bf3ac05719d247e126840331f?s=96&d=mm&r=g","contentUrl":"https:\/\/secure.gravatar.com\/avatar\/7c5bd30ae4b47a9ba3c856590957fd1d96dc588bf3ac05719d247e126840331f?s=96&d=mm&r=g","caption":"libna"}}]}},"_links":{"self":[{"href":"https:\/\/interamerica.org\/es\/wp-json\/wp\/v2\/posts\/88760","targetHints":{"allow":["GET"]}}],"collection":[{"href":"https:\/\/interamerica.org\/es\/wp-json\/wp\/v2\/posts"}],"about":[{"href":"https:\/\/interamerica.org\/es\/wp-json\/wp\/v2\/types\/post"}],"author":[{"embeddable":true,"href":"https:\/\/interamerica.org\/es\/wp-json\/wp\/v2\/users\/3"}],"replies":[{"embeddable":true,"href":"https:\/\/interamerica.org\/es\/wp-json\/wp\/v2\/comments?post=88760"}],"version-history":[{"count":0,"href":"https:\/\/interamerica.org\/es\/wp-json\/wp\/v2\/posts\/88760\/revisions"}],"wp:featuredmedia":[{"embeddable":true,"href":"https:\/\/interamerica.org\/es\/wp-json\/wp\/v2\/media\/88751"}],"wp:attachment":[{"href":"https:\/\/interamerica.org\/es\/wp-json\/wp\/v2\/media?parent=88760"}],"wp:term":[{"taxonomy":"category","embeddable":true,"href":"https:\/\/interamerica.org\/es\/wp-json\/wp\/v2\/categories?post=88760"},{"taxonomy":"post_tag","embeddable":true,"href":"https:\/\/interamerica.org\/es\/wp-json\/wp\/v2\/tags?post=88760"}],"curies":[{"name":"wp","href":"https:\/\/api.w.org\/{rel}","templated":true}]}}