{"id":89292,"date":"2022-09-06T10:22:05","date_gmt":"2022-09-06T14:22:05","guid":{"rendered":"https:\/\/interamerica.org\/?p=89292"},"modified":"2022-09-07T10:07:25","modified_gmt":"2022-09-07T14:07:25","slug":"informe-de-adra-sobre-situacion-en-ucrania","status":"publish","type":"post","link":"https:\/\/interamerica.org\/es\/2022\/09\/informe-de-adra-sobre-situacion-en-ucrania\/","title":{"rendered":"Informe de ADRA sobre situaci\u00f3n en Ucrania"},"content":{"rendered":"<p><strong>Una crisis como esta presenta desaf\u00edos \u00fanicos<\/strong><\/p>\n<p>6 de septiembre de 2022 | Silver Spring, Maryland, Estados Unidos | Por ADRA Internacional<\/p>\n<p>A unas cuantas horas desde la invasi\u00f3n de Ucrania el 24 de febrero del presente, el equipo de ADRA dentro de este pa\u00eds ya hab\u00eda recibido centenares de llamadas. Al aumentar las noticias acerca del conflicto, la gente comenz\u00f3 a comunicarse con las oficinas de ADRA en todo el mundo. Todos se estaban haciendo la misma pregunta: \u00bfEn qu\u00e9 forma podemos ayudar?<\/p>\n<p>Mientras los simpatizantes elevaban sus oraciones y enviaban sus donaciones; y las escuelas, iglesias, negocios y otros lanzaban sus proyectos para levantar fondos financieros, el trabajo de ADRA ya estaba en marcha.<\/p>\n<p>Una crisis como esta presenta desaf\u00edos \u00fanicos. El personal de ADRA en Ucrania no es solamente personal que responde a emergencias; ellos mismos est\u00e1n siendo tan afectados por la guerra como sus vecinos a quienes contin\u00faan prestando sus servicios. Ellos tambi\u00e9n han sido desplazados de sus hogares, se han quedado ah\u00ed mientras los miembros de su familia se han ido a lugares m\u00e1s seguros; han estado encerrados sin acceso a agua y alimentos y han tenido que coordinar sus esfuerzos desde refugios subterr\u00e1neos mientras bombas son lanzadas desde lo alto.<\/p>\n<p>Pero ellos no estaban solos. La red mundial de la agencia ADRA r\u00e1pidamente coordin\u00f3 apoyo y \u00a0lanz\u00f3 equipos de respuesta a emergencia internacional a Ruman\u00eda y Polonia. Esos equipos proveyeron recursos adicionales a los de Ucrania y ayudaron a los equipos de ADRA en pa\u00edses vecinos al lanzar proyectos de emergencia en favor de aquellas personas que hu\u00edan del pa\u00eds en guerra.<\/p>\n<p>Al tiempo de la redacci\u00f3n de este art\u00edculo, m\u00e1s de 7 millones de personas han desplazadas de sus casas en Ucrania y aproximadamente 6 millones han cruzado la frontera hacia pa\u00edses vecinos y otros m\u00e1s lejanos. A los hombres de edad militar no se les ha permitido abandonar Ucrania, as\u00ed que la mayor\u00eda de los refugiados son mujeres y ni\u00f1os.<\/p>\n<p>En los centros en las fronteras, en donde la agencia ADRA ha estado muy activa desde los primeros d\u00edas del conflicto armado, las personas que salen de Ucrania han contado sus historias de dolorosas p\u00e9rdidas y horrorosos escapes.<\/p>\n<p>Masha experiment\u00f3 la peor de las pesadillas que un padre o madre pueda tener, cuando helic\u00f3pteros dispararon sobre un puente roto que ella estaba tratando de cruzar con sus dos hijos peque\u00f1os. Masha se aferr\u00f3 a ellos fuertemente al apresurarse a entrar en la fr\u00eda corriente de agua, resbalando al cruzar entre vigas dentadas y pedazos rotos del puente, antes de trepar hasta el terreno plano y salir huyendo apresuradamente..<\/p>\n<p>Elena qued\u00f3 atrapada en la devastaci\u00f3n de Mariupol al ser bombardeada esa ciudad recientemente. Elena perdi\u00f3 la cuenta de los d\u00edas pasados en un refugio anti bombas que comparti\u00f3 con otros, con muy poca comida y agua, bajo heladas temperaturas. Cuando al fin la encontraron unos amigos y la llevaron a su casa, los bombardeos ocurrieron muy pronto. Su aterradora experiencia continu\u00f3 a trav\u00e9s de su escape de varios d\u00edas de duraci\u00f3n a trav\u00e9s de casetas de control fronterizo y activos campos minados.<\/p>\n<p>Nina ten\u00eda solamente un a\u00f1o cuando los nazis invadieron su ciudad natal en 1941. Sus padres huyeron con ella a Siberia en ese tiempo, en busca de seguridad; y ahora esta anciana de 82 a\u00f1os es una refugiada nuevamente huyendo de la guerra. Antes de tomar la decisi\u00f3n de abandonar Ucrania, Nina permaneci\u00f3 en su apartamento, siendo que su limitada movilidad le hac\u00eda muy dif\u00edcil bajar hasta el refugio en el edificio de su apartamento cada vez que comenzaban a tocar fuertemente las sirenas de alarma de ataque a\u00e9reo. Como refugiada por segunda vez, tiene ahora la posibilidad de mantenerse conectada a trav\u00e9s de su tel\u00e9fono inteligente y lleva con ella preciosos recuerdos en una unidad de memoria USB con sus fotograf\u00edas favoritas.<\/p>\n<p>\u00bfC\u00f3mo est\u00e1 respondiendo ADRA?<br \/>\nGracias a la generosidad de quienes apoyan ADRA, los servicios de esta agencia contin\u00faan en efecto y van a permanecer por tanto tiempo como se necesite.<\/p>\n<p>Dentro de Ucrania, la labor de ADRA incluye la evacuaci\u00f3n de personas de zonas activas de conflicto, distribuci\u00f3n de alimentos, agua y productos de higiene para casos de emergencia, as\u00ed como el proveer ayuda en efectivo, lo cual es crucial, siendo que las necesidades de cada persona y familia son \u00fanicas.<\/p>\n<p>En pa\u00edses vecinos, la labor de ADRA en centros de bienvenida en las fronteras de Ruman\u00eda, Eslovaquia, Moldova y Hungr\u00eda, incluye el proveer alimentos y agua, ropa, art\u00edculos de higiene y otros art\u00edculos esenciales, centros de juegos para ni\u00f1os, apoyo sicosocial y suministros para mascotas.<\/p>\n<p>La labor de ADRA se expandi\u00f3 r\u00e1pidamente para incluir refugiados de Ucrania en pa\u00edses en todo Europa, en donde las oficinas locales de ADRA est\u00e1n proporcionando apoyo adicional, incluyendo lecciones de idiomas, recursos legales, apoyo educacional, dinero en efectivo, actividades sociales y clases, juguetes, art\u00edculos de hogar y otras cosas esenciales para largas estad\u00edas lejos del hogar.<\/p>\n<p>Traducci\u00f3n \u2013 Gloria\u00a0 A. Castrej\u00f3n<\/p>\n<h4><\/h4>\n","protected":false},"excerpt":{"rendered":"<p>Una crisis como esta presenta desaf\u00edos \u00fanicos 6 de septiembre de 2022 | Silver Spring, Maryland, Estados Unidos | Por ADRA Internacional A unas cuantas horas desde la invasi\u00f3n de&#8230;<\/p>\n","protected":false},"author":3,"featured_media":89285,"comment_status":"closed","ping_status":"closed","sticky":false,"template":"","format":"standard","meta":{"_acf_changed":false,"footnotes":""},"categories":[14,15],"tags":[],"class_list":["post-89292","post","type-post","status-publish","format-standard","has-post-thumbnail","hentry","category-de-la-iglesia-mundial","category-rss-espanol"],"acf":[],"yoast_head":"<!-- This site is optimized with the Yoast SEO plugin v27.3 - https:\/\/yoast.com\/product\/yoast-seo-wordpress\/ -->\n<title>Informe de ADRA sobre situaci\u00f3n en Ucrania - Iglesia Adventista del S\u00e9ptimo D\u00eda - Divisi\u00f3n Interamericana<\/title>\n<meta name=\"robots\" content=\"index, follow, max-snippet:-1, max-image-preview:large, max-video-preview:-1\" \/>\n<link rel=\"canonical\" href=\"https:\/\/interamerica.org\/es\/2022\/09\/informe-de-adra-sobre-situacion-en-ucrania\/\" \/>\n<meta property=\"og:locale\" content=\"es_ES\" \/>\n<meta property=\"og:type\" content=\"article\" \/>\n<meta property=\"og:title\" content=\"Informe de ADRA sobre situaci\u00f3n en Ucrania - Iglesia Adventista del S\u00e9ptimo D\u00eda - Divisi\u00f3n Interamericana\" \/>\n<meta property=\"og:description\" content=\"Una crisis como esta presenta desaf\u00edos \u00fanicos 6 de septiembre de 2022 | Silver Spring, Maryland, Estados Unidos | Por ADRA Internacional A unas cuantas horas desde la invasi\u00f3n de...\" \/>\n<meta property=\"og:url\" content=\"https:\/\/interamerica.org\/es\/2022\/09\/informe-de-adra-sobre-situacion-en-ucrania\/\" \/>\n<meta property=\"og:site_name\" content=\"Iglesia Adventista del S\u00e9ptimo D\u00eda - Divisi\u00f3n Interamericana\" \/>\n<meta property=\"article:published_time\" content=\"2022-09-06T14:22:05+00:00\" \/>\n<meta property=\"article:modified_time\" content=\"2022-09-07T14:07:25+00:00\" \/>\n<meta property=\"og:image\" content=\"https:\/\/interamerica.org\/wp-content\/uploads\/2022\/09\/ukraine-destruction-gb2a94e3b6-1920.jpg\" \/>\n\t<meta property=\"og:image:width\" content=\"1280\" \/>\n\t<meta property=\"og:image:height\" content=\"800\" \/>\n\t<meta property=\"og:image:type\" content=\"image\/jpeg\" \/>\n<meta name=\"author\" content=\"libna\" \/>\n<meta name=\"twitter:card\" content=\"summary_large_image\" \/>\n<meta name=\"twitter:label1\" content=\"Escrito por\" \/>\n\t<meta name=\"twitter:data1\" content=\"libna\" \/>\n\t<meta name=\"twitter:label2\" content=\"Tiempo de lectura\" \/>\n\t<meta name=\"twitter:data2\" content=\"4 minutos\" \/>\n<script type=\"application\/ld+json\" class=\"yoast-schema-graph\">{\"@context\":\"https:\\\/\\\/schema.org\",\"@graph\":[{\"@type\":\"Article\",\"@id\":\"https:\\\/\\\/interamerica.org\\\/es\\\/2022\\\/09\\\/informe-de-adra-sobre-situacion-en-ucrania\\\/#article\",\"isPartOf\":{\"@id\":\"https:\\\/\\\/interamerica.org\\\/es\\\/2022\\\/09\\\/informe-de-adra-sobre-situacion-en-ucrania\\\/\"},\"author\":{\"name\":\"libna\",\"@id\":\"https:\\\/\\\/interamerica.org\\\/es\\\/#\\\/schema\\\/person\\\/29998f2bc2d8bd0d38662909289b54f1\"},\"headline\":\"Informe de ADRA sobre situaci\u00f3n en Ucrania\",\"datePublished\":\"2022-09-06T14:22:05+00:00\",\"dateModified\":\"2022-09-07T14:07:25+00:00\",\"mainEntityOfPage\":{\"@id\":\"https:\\\/\\\/interamerica.org\\\/es\\\/2022\\\/09\\\/informe-de-adra-sobre-situacion-en-ucrania\\\/\"},\"wordCount\":888,\"image\":{\"@id\":\"https:\\\/\\\/interamerica.org\\\/es\\\/2022\\\/09\\\/informe-de-adra-sobre-situacion-en-ucrania\\\/#primaryimage\"},\"thumbnailUrl\":\"https:\\\/\\\/interamerica.org\\\/wp-content\\\/uploads\\\/2022\\\/09\\\/ukraine-destruction-gb2a94e3b6-1920.jpg\",\"articleSection\":[\"Desde la iglesia mundial\",\"RSS Espa\u00f1ol\"],\"inLanguage\":\"es\"},{\"@type\":\"WebPage\",\"@id\":\"https:\\\/\\\/interamerica.org\\\/es\\\/2022\\\/09\\\/informe-de-adra-sobre-situacion-en-ucrania\\\/\",\"url\":\"https:\\\/\\\/interamerica.org\\\/es\\\/2022\\\/09\\\/informe-de-adra-sobre-situacion-en-ucrania\\\/\",\"name\":\"Informe de ADRA sobre situaci\u00f3n en Ucrania - Iglesia Adventista del S\u00e9ptimo D\u00eda - Divisi\u00f3n Interamericana\",\"isPartOf\":{\"@id\":\"https:\\\/\\\/interamerica.org\\\/es\\\/#website\"},\"primaryImageOfPage\":{\"@id\":\"https:\\\/\\\/interamerica.org\\\/es\\\/2022\\\/09\\\/informe-de-adra-sobre-situacion-en-ucrania\\\/#primaryimage\"},\"image\":{\"@id\":\"https:\\\/\\\/interamerica.org\\\/es\\\/2022\\\/09\\\/informe-de-adra-sobre-situacion-en-ucrania\\\/#primaryimage\"},\"thumbnailUrl\":\"https:\\\/\\\/interamerica.org\\\/wp-content\\\/uploads\\\/2022\\\/09\\\/ukraine-destruction-gb2a94e3b6-1920.jpg\",\"datePublished\":\"2022-09-06T14:22:05+00:00\",\"dateModified\":\"2022-09-07T14:07:25+00:00\",\"author\":{\"@id\":\"https:\\\/\\\/interamerica.org\\\/es\\\/#\\\/schema\\\/person\\\/29998f2bc2d8bd0d38662909289b54f1\"},\"breadcrumb\":{\"@id\":\"https:\\\/\\\/interamerica.org\\\/es\\\/2022\\\/09\\\/informe-de-adra-sobre-situacion-en-ucrania\\\/#breadcrumb\"},\"inLanguage\":\"es\",\"potentialAction\":[{\"@type\":\"ReadAction\",\"target\":[\"https:\\\/\\\/interamerica.org\\\/es\\\/2022\\\/09\\\/informe-de-adra-sobre-situacion-en-ucrania\\\/\"]}]},{\"@type\":\"ImageObject\",\"inLanguage\":\"es\",\"@id\":\"https:\\\/\\\/interamerica.org\\\/es\\\/2022\\\/09\\\/informe-de-adra-sobre-situacion-en-ucrania\\\/#primaryimage\",\"url\":\"https:\\\/\\\/interamerica.org\\\/wp-content\\\/uploads\\\/2022\\\/09\\\/ukraine-destruction-gb2a94e3b6-1920.jpg\",\"contentUrl\":\"https:\\\/\\\/interamerica.org\\\/wp-content\\\/uploads\\\/2022\\\/09\\\/ukraine-destruction-gb2a94e3b6-1920.jpg\",\"width\":1280,\"height\":800,\"caption\":\"[Imagen: Pixabay]\"},{\"@type\":\"BreadcrumbList\",\"@id\":\"https:\\\/\\\/interamerica.org\\\/es\\\/2022\\\/09\\\/informe-de-adra-sobre-situacion-en-ucrania\\\/#breadcrumb\",\"itemListElement\":[{\"@type\":\"ListItem\",\"position\":1,\"name\":\"Home\",\"item\":\"https:\\\/\\\/interamerica.org\\\/es\\\/\"},{\"@type\":\"ListItem\",\"position\":2,\"name\":\"Informe de ADRA sobre situaci\u00f3n en Ucrania\"}]},{\"@type\":\"WebSite\",\"@id\":\"https:\\\/\\\/interamerica.org\\\/es\\\/#website\",\"url\":\"https:\\\/\\\/interamerica.org\\\/es\\\/\",\"name\":\"Iglesia Adventista del S\u00e9ptimo D\u00eda - Divisi\u00f3n Interamericana\",\"description\":\"\",\"potentialAction\":[{\"@type\":\"SearchAction\",\"target\":{\"@type\":\"EntryPoint\",\"urlTemplate\":\"https:\\\/\\\/interamerica.org\\\/es\\\/?s={search_term_string}\"},\"query-input\":{\"@type\":\"PropertyValueSpecification\",\"valueRequired\":true,\"valueName\":\"search_term_string\"}}],\"inLanguage\":\"es\"},{\"@type\":\"Person\",\"@id\":\"https:\\\/\\\/interamerica.org\\\/es\\\/#\\\/schema\\\/person\\\/29998f2bc2d8bd0d38662909289b54f1\",\"name\":\"libna\",\"image\":{\"@type\":\"ImageObject\",\"inLanguage\":\"es\",\"@id\":\"https:\\\/\\\/secure.gravatar.com\\\/avatar\\\/7c5bd30ae4b47a9ba3c856590957fd1d96dc588bf3ac05719d247e126840331f?s=96&d=mm&r=g\",\"url\":\"https:\\\/\\\/secure.gravatar.com\\\/avatar\\\/7c5bd30ae4b47a9ba3c856590957fd1d96dc588bf3ac05719d247e126840331f?s=96&d=mm&r=g\",\"contentUrl\":\"https:\\\/\\\/secure.gravatar.com\\\/avatar\\\/7c5bd30ae4b47a9ba3c856590957fd1d96dc588bf3ac05719d247e126840331f?s=96&d=mm&r=g\",\"caption\":\"libna\"}}]}<\/script>\n<!-- \/ Yoast SEO plugin. -->","yoast_head_json":{"title":"Informe de ADRA sobre situaci\u00f3n en Ucrania - Iglesia Adventista del S\u00e9ptimo D\u00eda - Divisi\u00f3n Interamericana","robots":{"index":"index","follow":"follow","max-snippet":"max-snippet:-1","max-image-preview":"max-image-preview:large","max-video-preview":"max-video-preview:-1"},"canonical":"https:\/\/interamerica.org\/es\/2022\/09\/informe-de-adra-sobre-situacion-en-ucrania\/","og_locale":"es_ES","og_type":"article","og_title":"Informe de ADRA sobre situaci\u00f3n en Ucrania - Iglesia Adventista del S\u00e9ptimo D\u00eda - Divisi\u00f3n Interamericana","og_description":"Una crisis como esta presenta desaf\u00edos \u00fanicos 6 de septiembre de 2022 | Silver Spring, Maryland, Estados Unidos | Por ADRA Internacional A unas cuantas horas desde la invasi\u00f3n de...","og_url":"https:\/\/interamerica.org\/es\/2022\/09\/informe-de-adra-sobre-situacion-en-ucrania\/","og_site_name":"Iglesia Adventista del S\u00e9ptimo D\u00eda - Divisi\u00f3n Interamericana","article_published_time":"2022-09-06T14:22:05+00:00","article_modified_time":"2022-09-07T14:07:25+00:00","og_image":[{"width":1280,"height":800,"url":"https:\/\/interamerica.org\/wp-content\/uploads\/2022\/09\/ukraine-destruction-gb2a94e3b6-1920.jpg","type":"image\/jpeg"}],"author":"libna","twitter_card":"summary_large_image","twitter_misc":{"Escrito por":"libna","Tiempo de lectura":"4 minutos"},"schema":{"@context":"https:\/\/schema.org","@graph":[{"@type":"Article","@id":"https:\/\/interamerica.org\/es\/2022\/09\/informe-de-adra-sobre-situacion-en-ucrania\/#article","isPartOf":{"@id":"https:\/\/interamerica.org\/es\/2022\/09\/informe-de-adra-sobre-situacion-en-ucrania\/"},"author":{"name":"libna","@id":"https:\/\/interamerica.org\/es\/#\/schema\/person\/29998f2bc2d8bd0d38662909289b54f1"},"headline":"Informe de ADRA sobre situaci\u00f3n en Ucrania","datePublished":"2022-09-06T14:22:05+00:00","dateModified":"2022-09-07T14:07:25+00:00","mainEntityOfPage":{"@id":"https:\/\/interamerica.org\/es\/2022\/09\/informe-de-adra-sobre-situacion-en-ucrania\/"},"wordCount":888,"image":{"@id":"https:\/\/interamerica.org\/es\/2022\/09\/informe-de-adra-sobre-situacion-en-ucrania\/#primaryimage"},"thumbnailUrl":"https:\/\/interamerica.org\/wp-content\/uploads\/2022\/09\/ukraine-destruction-gb2a94e3b6-1920.jpg","articleSection":["Desde la iglesia mundial","RSS Espa\u00f1ol"],"inLanguage":"es"},{"@type":"WebPage","@id":"https:\/\/interamerica.org\/es\/2022\/09\/informe-de-adra-sobre-situacion-en-ucrania\/","url":"https:\/\/interamerica.org\/es\/2022\/09\/informe-de-adra-sobre-situacion-en-ucrania\/","name":"Informe de ADRA sobre situaci\u00f3n en Ucrania - Iglesia Adventista del S\u00e9ptimo D\u00eda - Divisi\u00f3n Interamericana","isPartOf":{"@id":"https:\/\/interamerica.org\/es\/#website"},"primaryImageOfPage":{"@id":"https:\/\/interamerica.org\/es\/2022\/09\/informe-de-adra-sobre-situacion-en-ucrania\/#primaryimage"},"image":{"@id":"https:\/\/interamerica.org\/es\/2022\/09\/informe-de-adra-sobre-situacion-en-ucrania\/#primaryimage"},"thumbnailUrl":"https:\/\/interamerica.org\/wp-content\/uploads\/2022\/09\/ukraine-destruction-gb2a94e3b6-1920.jpg","datePublished":"2022-09-06T14:22:05+00:00","dateModified":"2022-09-07T14:07:25+00:00","author":{"@id":"https:\/\/interamerica.org\/es\/#\/schema\/person\/29998f2bc2d8bd0d38662909289b54f1"},"breadcrumb":{"@id":"https:\/\/interamerica.org\/es\/2022\/09\/informe-de-adra-sobre-situacion-en-ucrania\/#breadcrumb"},"inLanguage":"es","potentialAction":[{"@type":"ReadAction","target":["https:\/\/interamerica.org\/es\/2022\/09\/informe-de-adra-sobre-situacion-en-ucrania\/"]}]},{"@type":"ImageObject","inLanguage":"es","@id":"https:\/\/interamerica.org\/es\/2022\/09\/informe-de-adra-sobre-situacion-en-ucrania\/#primaryimage","url":"https:\/\/interamerica.org\/wp-content\/uploads\/2022\/09\/ukraine-destruction-gb2a94e3b6-1920.jpg","contentUrl":"https:\/\/interamerica.org\/wp-content\/uploads\/2022\/09\/ukraine-destruction-gb2a94e3b6-1920.jpg","width":1280,"height":800,"caption":"[Imagen: Pixabay]"},{"@type":"BreadcrumbList","@id":"https:\/\/interamerica.org\/es\/2022\/09\/informe-de-adra-sobre-situacion-en-ucrania\/#breadcrumb","itemListElement":[{"@type":"ListItem","position":1,"name":"Home","item":"https:\/\/interamerica.org\/es\/"},{"@type":"ListItem","position":2,"name":"Informe de ADRA sobre situaci\u00f3n en Ucrania"}]},{"@type":"WebSite","@id":"https:\/\/interamerica.org\/es\/#website","url":"https:\/\/interamerica.org\/es\/","name":"Iglesia Adventista del S\u00e9ptimo D\u00eda - Divisi\u00f3n Interamericana","description":"","potentialAction":[{"@type":"SearchAction","target":{"@type":"EntryPoint","urlTemplate":"https:\/\/interamerica.org\/es\/?s={search_term_string}"},"query-input":{"@type":"PropertyValueSpecification","valueRequired":true,"valueName":"search_term_string"}}],"inLanguage":"es"},{"@type":"Person","@id":"https:\/\/interamerica.org\/es\/#\/schema\/person\/29998f2bc2d8bd0d38662909289b54f1","name":"libna","image":{"@type":"ImageObject","inLanguage":"es","@id":"https:\/\/secure.gravatar.com\/avatar\/7c5bd30ae4b47a9ba3c856590957fd1d96dc588bf3ac05719d247e126840331f?s=96&d=mm&r=g","url":"https:\/\/secure.gravatar.com\/avatar\/7c5bd30ae4b47a9ba3c856590957fd1d96dc588bf3ac05719d247e126840331f?s=96&d=mm&r=g","contentUrl":"https:\/\/secure.gravatar.com\/avatar\/7c5bd30ae4b47a9ba3c856590957fd1d96dc588bf3ac05719d247e126840331f?s=96&d=mm&r=g","caption":"libna"}}]}},"_links":{"self":[{"href":"https:\/\/interamerica.org\/es\/wp-json\/wp\/v2\/posts\/89292","targetHints":{"allow":["GET"]}}],"collection":[{"href":"https:\/\/interamerica.org\/es\/wp-json\/wp\/v2\/posts"}],"about":[{"href":"https:\/\/interamerica.org\/es\/wp-json\/wp\/v2\/types\/post"}],"author":[{"embeddable":true,"href":"https:\/\/interamerica.org\/es\/wp-json\/wp\/v2\/users\/3"}],"replies":[{"embeddable":true,"href":"https:\/\/interamerica.org\/es\/wp-json\/wp\/v2\/comments?post=89292"}],"version-history":[{"count":0,"href":"https:\/\/interamerica.org\/es\/wp-json\/wp\/v2\/posts\/89292\/revisions"}],"wp:featuredmedia":[{"embeddable":true,"href":"https:\/\/interamerica.org\/es\/wp-json\/wp\/v2\/media\/89285"}],"wp:attachment":[{"href":"https:\/\/interamerica.org\/es\/wp-json\/wp\/v2\/media?parent=89292"}],"wp:term":[{"taxonomy":"category","embeddable":true,"href":"https:\/\/interamerica.org\/es\/wp-json\/wp\/v2\/categories?post=89292"},{"taxonomy":"post_tag","embeddable":true,"href":"https:\/\/interamerica.org\/es\/wp-json\/wp\/v2\/tags?post=89292"}],"curies":[{"name":"wp","href":"https:\/\/api.w.org\/{rel}","templated":true}]}}