{"id":89333,"date":"2022-09-07T10:26:21","date_gmt":"2022-09-07T14:26:21","guid":{"rendered":"https:\/\/interamerica.org\/?p=89333"},"modified":"2022-09-08T15:20:01","modified_gmt":"2022-09-08T19:20:01","slug":"mega-coral-de-24000-voces-llena-de-esplendor-celebracion-adventista","status":"publish","type":"post","link":"https:\/\/interamerica.org\/es\/2022\/09\/mega-coral-de-24000-voces-llena-de-esplendor-celebracion-adventista\/","title":{"rendered":"Mega Coral de 24,000 voces llena de esplendor celebraci\u00f3n adventista"},"content":{"rendered":"<p><strong>Miembros y dirigentes alaban a Dios por el centenario de la iglesia en San Pablo, Brasil.<\/strong><\/p>\n<p>7 de septiembre de 2022 | San Pablo, Brasil | L\u00f3ren Vidal, Divisi\u00f3n Sudamericana y Adventist Review<\/p>\n<p>La Asociaci\u00f3n de San Pablo, de la Iglesia Adventista del S\u00e9ptimo D\u00eda, una de las regiones administrativas en el estado de San Pablo, Brasil, celebr\u00f3 recientemente cien a\u00f1os de historia y grandes logros. A fin de subrayar este hito, la mencionada regi\u00f3n de la iglesia se uni\u00f3 a otras regiones, organizaciones e instituciones, para formar la mega coral de 24,000 Adoradores.<\/p>\n<p>La celebraci\u00f3n y actuaci\u00f3n de la mega coral se llev\u00f3 a cabo el 13 de agosto de 2022, en la Arena Barueri, a unos 32 km de la populosa ciudad de San Pablo. La\u00a0 mega coral Adoradores est\u00e1 procurando tambi\u00e9n romper el r\u00e9cord mundial del coro cristiano m\u00e1s grande del mundo, que ha quedado establecido como uno de 21,262 miembros de coro, dijeron los dirigentes regionales de la iglesia.<\/p>\n<h4><\/h4>\n<p><div id=\"attachment_89299\" style=\"width: 873px\" class=\"wp-caption aligncenter\"><img fetchpriority=\"high\" decoding=\"async\" aria-describedby=\"caption-attachment-89299\" class=\" wp-image-89299\" src=\"https:\/\/interamerica.org\/wp-content\/uploads\/2022\/09\/igreja-adventista-celebra-100-anos-1024x560.jpeg\" alt=\"\" width=\"863\" height=\"472\" srcset=\"https:\/\/interamerica.org\/wp-content\/uploads\/2022\/09\/igreja-adventista-celebra-100-anos-1024x560.jpeg 1024w, https:\/\/interamerica.org\/wp-content\/uploads\/2022\/09\/igreja-adventista-celebra-100-anos-300x164.jpeg 300w, https:\/\/interamerica.org\/wp-content\/uploads\/2022\/09\/igreja-adventista-celebra-100-anos-768x420.jpeg 768w, https:\/\/interamerica.org\/wp-content\/uploads\/2022\/09\/igreja-adventista-celebra-100-anos.jpeg 1280w\" sizes=\"(max-width: 863px) 100vw, 863px\" \/><p id=\"caption-attachment-89299\" class=\"wp-caption-text\"><span class=\"Y2IQFc\" lang=\"en\">Participantes se preparan con meses de anticipaci\u00f3n para la reuni\u00f3n presencial [Imagen: Noticias de la Divisi\u00f3n Sudamericana]<\/span><\/p><\/div><br \/>\n[\/caption]Para el productor musical, \u00c1lisson Melo, su primer desaf\u00edo consisti\u00f3 en lograr que miles de personas cantaran juntas; pero tambi\u00e9n el poder trasmitir una emoci\u00f3n, armon\u00eda e intencionalidad similar en todas las voces. \u201cPreparamos muestras de voces e hicimos arreglos para pr\u00e1cticas en l\u00ednea para que pudieran usarlas cada grupo de iglesia que se hab\u00eda inscrito en el proyecto, en los meses anteriores a la gran reuni\u00f3n\u201d, dijo.<\/p>\n<p>Horas antes del evento, se pod\u00edan observar a miles de personas uniformadas que llegaban a la arena antes de que la celebraci\u00f3n se iniciara oficialmente a las 5:00 p.m. A la presentaci\u00f3n de la coral de 24,100 miembros se unieron tambi\u00e9n varios int\u00e9rpretes y conjuntos musicales invitados de todas partes de Brasil.<\/p>\n<p>C\u00e1ndido Gomes, director de ministerio de j\u00f3venes adventistas del estado de San Pablo fue el orador principal en esta celebraci\u00f3n. \u201cNuestro mensaje hoy es acerca de la m\u00e1s grande de las promesas encontradas en la Palabra de Dios, que es el retorno de nuestro Se\u00f1or Jesucristo\u201d, dijo el director Gomes. \u201cCada vez que nos reunimos como en esta ocasi\u00f3n, podemos tener una probadita de lo que ser\u00e1 el cielo\u201d.<\/p>\n<p>&nbsp;<\/p>\n<p><div id=\"attachment_89305\" style=\"width: 863px\" class=\"wp-caption aligncenter\"><img decoding=\"async\" aria-describedby=\"caption-attachment-89305\" class=\" wp-image-89305\" src=\"https:\/\/interamerica.org\/wp-content\/uploads\/2022\/09\/megacoral-noticia-01-1-1024x576.jpeg\" alt=\"\" width=\"853\" height=\"480\" srcset=\"https:\/\/interamerica.org\/wp-content\/uploads\/2022\/09\/megacoral-noticia-01-1-1024x576.jpeg 1024w, https:\/\/interamerica.org\/wp-content\/uploads\/2022\/09\/megacoral-noticia-01-1-300x169.jpeg 300w, https:\/\/interamerica.org\/wp-content\/uploads\/2022\/09\/megacoral-noticia-01-1-768x432.jpeg 768w, https:\/\/interamerica.org\/wp-content\/uploads\/2022\/09\/megacoral-noticia-01-1.jpeg 1200w\" sizes=\"(max-width: 853px) 100vw, 853px\" \/><p id=\"caption-attachment-89305\" class=\"wp-caption-text\">Vista general de la mega coral de 24,000 voces que cant\u00f3 durante la celebraci\u00f3n del centenario de la iglesia adventista del s\u00e9ptimo d\u00eda en la Asociaci\u00f3n de San Pablo en Brasil. [Imagen: Noticias de la Divisi\u00f3n Sudamericana]<\/p><\/div><strong>Miles de voces, un solo Dios<\/strong><\/p>\n<p>Ya en el escenario, Fernando Iglesias dirigi\u00f3 momentos de adoraci\u00f3n y alabanza. Conocidos int\u00e9rpretes musicales y el coro de 1,000 voces de la Universidad Adventista de Brasil se unieron al canto de la congregaci\u00f3n entera. Durante aproximadamente una hora, m\u00e1s de 24,000 voces cantaron al un\u00edsono himnos religiosos del recientemente publicado nuevo Himnario Adventista, celebrando as\u00ed la herencia de la iglesia y anunciando la pronta venida de Jes\u00fas.<\/p>\n<p>\u201cAl dar a ustedes la bienvenida a este lugar el d\u00eda de hoy, espero en primer lugar que el nombre de Dios sea glorificado\u201d, dijo el presidente de la Asociaci\u00f3n de San Pablo, Romualdo Larroca. \u201cQue la fe de cada uno de nosotros pueda ser reavivada y que el Esp\u00edritu Santo sea derramado en nuestra vida. Vamos a alabar a Dios por todo lo que ha hecho en favor de su iglesia y sobre todo, en nuestra vida\u201d.<\/p>\n<p><strong>Humilde comienzo<\/strong><\/p>\n<p>La Asociaci\u00f3n de San Pablo fue organizada como comunidad administrativa de la iglesia, en 1922, a\u00f1os despu\u00e9s de que arribara el mensaje adventista gracias a la labor de dos colportores evang\u00e9licos procedentes del sur de Brasil. Ellos hab\u00edan visitado familias en la regi\u00f3n y hab\u00edan plantado una semilla que se esparci\u00f3 r\u00e1pidamente por toda esa zona.<\/p>\n<p>La Misi\u00f3n de San Pablo fue creada en 1906 en la ciudad de Rio Claro. M\u00e1s tarde, en 1909, la Casa Publicadora Brasile\u00f1a abri\u00f3 sus puertas en la que ahora es la Ciudad de Santo Andr\u00e9. En \u00a01922, con 750 miembros y cinco iglesias, la misi\u00f3n se convirti\u00f3 en la Asociaci\u00f3n de San Pablo y se traslad\u00f3 a la capital del estado.<\/p>\n<p><strong>Cambios a trav\u00e9s del tiempo<\/strong><\/p>\n<p>A trav\u00e9s de los a\u00f1os, las oficinas regionales de la iglesia adventista cambiaron varias veces, conforme el n\u00famero de miembros y de iglesias continuaban creciendo regularmente. La original grande regi\u00f3n de la iglesia en este lugar se dividi\u00f3 eventualmente en varias regiones dentro de la populosa ciudad y el estado.<\/p>\n<p>Actualmente, el estado de San Pablo incluye la Asociaci\u00f3n de San Pablo y otras siete asociaciones. Juntas, forman la Uni\u00f3n Central de Brasil que cuenta con cerca de 290,000 miembros y 1,300 congregaciones adventistas.<\/p>\n<p>La versi\u00f3n original de esta noticia se public\u00f3 en el sitio de noticias en portugu\u00e9s de la Divisi\u00f3n Sudamericana.<\/p>\n<p>Traducci\u00f3n \u2013 Gloria A. Castrej\u00f3n<\/p>\n<p>&nbsp;<\/p>\n<p><iframe title=\"Mega Coral Adoradores\" width=\"500\" height=\"281\" src=\"https:\/\/www.youtube.com\/embed\/4Q9Lv7c4Qzw?feature=oembed\" frameborder=\"0\" allow=\"accelerometer; autoplay; clipboard-write; encrypted-media; gyroscope; picture-in-picture; web-share\" referrerpolicy=\"strict-origin-when-cross-origin\" allowfullscreen><\/iframe><\/p>\n<p>&nbsp;<\/p>\n","protected":false},"excerpt":{"rendered":"<p>Miembros y dirigentes alaban a Dios por el centenario de la iglesia en San Pablo, Brasil. 7 de septiembre de 2022 | San Pablo, Brasil | L\u00f3ren Vidal, Divisi\u00f3n Sudamericana&#8230;<\/p>\n","protected":false},"author":3,"featured_media":89299,"comment_status":"closed","ping_status":"closed","sticky":false,"template":"","format":"standard","meta":{"_acf_changed":false,"footnotes":""},"categories":[14,15],"tags":[],"class_list":["post-89333","post","type-post","status-publish","format-standard","has-post-thumbnail","hentry","category-de-la-iglesia-mundial","category-rss-espanol"],"acf":[],"yoast_head":"<!-- This site is optimized with the Yoast SEO plugin v27.3 - https:\/\/yoast.com\/product\/yoast-seo-wordpress\/ -->\n<title>Mega Coral de 24,000 voces llena de esplendor celebraci\u00f3n adventista - Iglesia Adventista del S\u00e9ptimo D\u00eda - Divisi\u00f3n Interamericana<\/title>\n<meta name=\"robots\" content=\"index, follow, max-snippet:-1, max-image-preview:large, max-video-preview:-1\" \/>\n<link rel=\"canonical\" href=\"https:\/\/interamerica.org\/es\/2022\/09\/mega-coral-de-24000-voces-llena-de-esplendor-celebracion-adventista\/\" \/>\n<meta property=\"og:locale\" content=\"es_ES\" \/>\n<meta property=\"og:type\" content=\"article\" \/>\n<meta property=\"og:title\" content=\"Mega Coral de 24,000 voces llena de esplendor celebraci\u00f3n adventista - Iglesia Adventista del S\u00e9ptimo D\u00eda - Divisi\u00f3n Interamericana\" \/>\n<meta property=\"og:description\" content=\"Miembros y dirigentes alaban a Dios por el centenario de la iglesia en San Pablo, Brasil. 7 de septiembre de 2022 | San Pablo, Brasil | L\u00f3ren Vidal, Divisi\u00f3n Sudamericana...\" \/>\n<meta property=\"og:url\" content=\"https:\/\/interamerica.org\/es\/2022\/09\/mega-coral-de-24000-voces-llena-de-esplendor-celebracion-adventista\/\" \/>\n<meta property=\"og:site_name\" content=\"Iglesia Adventista del S\u00e9ptimo D\u00eda - Divisi\u00f3n Interamericana\" \/>\n<meta property=\"article:published_time\" content=\"2022-09-07T14:26:21+00:00\" \/>\n<meta property=\"article:modified_time\" content=\"2022-09-08T19:20:01+00:00\" \/>\n<meta property=\"og:image\" content=\"https:\/\/interamerica.org\/wp-content\/uploads\/2022\/09\/igreja-adventista-celebra-100-anos.jpeg\" \/>\n\t<meta property=\"og:image:width\" content=\"1280\" \/>\n\t<meta property=\"og:image:height\" content=\"700\" \/>\n\t<meta property=\"og:image:type\" content=\"image\/jpeg\" \/>\n<meta name=\"author\" content=\"libna\" \/>\n<meta name=\"twitter:card\" content=\"summary_large_image\" \/>\n<meta name=\"twitter:label1\" content=\"Escrito por\" \/>\n\t<meta name=\"twitter:data1\" content=\"libna\" \/>\n\t<meta name=\"twitter:label2\" content=\"Tiempo de lectura\" \/>\n\t<meta name=\"twitter:data2\" content=\"4 minutos\" \/>\n<script type=\"application\/ld+json\" class=\"yoast-schema-graph\">{\"@context\":\"https:\\\/\\\/schema.org\",\"@graph\":[{\"@type\":\"Article\",\"@id\":\"https:\\\/\\\/interamerica.org\\\/es\\\/2022\\\/09\\\/mega-coral-de-24000-voces-llena-de-esplendor-celebracion-adventista\\\/#article\",\"isPartOf\":{\"@id\":\"https:\\\/\\\/interamerica.org\\\/es\\\/2022\\\/09\\\/mega-coral-de-24000-voces-llena-de-esplendor-celebracion-adventista\\\/\"},\"author\":{\"name\":\"libna\",\"@id\":\"https:\\\/\\\/interamerica.org\\\/es\\\/#\\\/schema\\\/person\\\/29998f2bc2d8bd0d38662909289b54f1\"},\"headline\":\"Mega Coral de 24,000 voces llena de esplendor celebraci\u00f3n adventista\",\"datePublished\":\"2022-09-07T14:26:21+00:00\",\"dateModified\":\"2022-09-08T19:20:01+00:00\",\"mainEntityOfPage\":{\"@id\":\"https:\\\/\\\/interamerica.org\\\/es\\\/2022\\\/09\\\/mega-coral-de-24000-voces-llena-de-esplendor-celebracion-adventista\\\/\"},\"wordCount\":881,\"image\":{\"@id\":\"https:\\\/\\\/interamerica.org\\\/es\\\/2022\\\/09\\\/mega-coral-de-24000-voces-llena-de-esplendor-celebracion-adventista\\\/#primaryimage\"},\"thumbnailUrl\":\"https:\\\/\\\/interamerica.org\\\/wp-content\\\/uploads\\\/2022\\\/09\\\/igreja-adventista-celebra-100-anos.jpeg\",\"articleSection\":[\"Desde la iglesia mundial\",\"RSS Espa\u00f1ol\"],\"inLanguage\":\"es\"},{\"@type\":\"WebPage\",\"@id\":\"https:\\\/\\\/interamerica.org\\\/es\\\/2022\\\/09\\\/mega-coral-de-24000-voces-llena-de-esplendor-celebracion-adventista\\\/\",\"url\":\"https:\\\/\\\/interamerica.org\\\/es\\\/2022\\\/09\\\/mega-coral-de-24000-voces-llena-de-esplendor-celebracion-adventista\\\/\",\"name\":\"Mega Coral de 24,000 voces llena de esplendor celebraci\u00f3n adventista - Iglesia Adventista del S\u00e9ptimo D\u00eda - Divisi\u00f3n Interamericana\",\"isPartOf\":{\"@id\":\"https:\\\/\\\/interamerica.org\\\/es\\\/#website\"},\"primaryImageOfPage\":{\"@id\":\"https:\\\/\\\/interamerica.org\\\/es\\\/2022\\\/09\\\/mega-coral-de-24000-voces-llena-de-esplendor-celebracion-adventista\\\/#primaryimage\"},\"image\":{\"@id\":\"https:\\\/\\\/interamerica.org\\\/es\\\/2022\\\/09\\\/mega-coral-de-24000-voces-llena-de-esplendor-celebracion-adventista\\\/#primaryimage\"},\"thumbnailUrl\":\"https:\\\/\\\/interamerica.org\\\/wp-content\\\/uploads\\\/2022\\\/09\\\/igreja-adventista-celebra-100-anos.jpeg\",\"datePublished\":\"2022-09-07T14:26:21+00:00\",\"dateModified\":\"2022-09-08T19:20:01+00:00\",\"author\":{\"@id\":\"https:\\\/\\\/interamerica.org\\\/es\\\/#\\\/schema\\\/person\\\/29998f2bc2d8bd0d38662909289b54f1\"},\"breadcrumb\":{\"@id\":\"https:\\\/\\\/interamerica.org\\\/es\\\/2022\\\/09\\\/mega-coral-de-24000-voces-llena-de-esplendor-celebracion-adventista\\\/#breadcrumb\"},\"inLanguage\":\"es\",\"potentialAction\":[{\"@type\":\"ReadAction\",\"target\":[\"https:\\\/\\\/interamerica.org\\\/es\\\/2022\\\/09\\\/mega-coral-de-24000-voces-llena-de-esplendor-celebracion-adventista\\\/\"]}]},{\"@type\":\"ImageObject\",\"inLanguage\":\"es\",\"@id\":\"https:\\\/\\\/interamerica.org\\\/es\\\/2022\\\/09\\\/mega-coral-de-24000-voces-llena-de-esplendor-celebracion-adventista\\\/#primaryimage\",\"url\":\"https:\\\/\\\/interamerica.org\\\/wp-content\\\/uploads\\\/2022\\\/09\\\/igreja-adventista-celebra-100-anos.jpeg\",\"contentUrl\":\"https:\\\/\\\/interamerica.org\\\/wp-content\\\/uploads\\\/2022\\\/09\\\/igreja-adventista-celebra-100-anos.jpeg\",\"width\":1280,\"height\":700,\"caption\":\"[Imagen: Noticias de la Divisi\u00f3n Sudamericana]\"},{\"@type\":\"BreadcrumbList\",\"@id\":\"https:\\\/\\\/interamerica.org\\\/es\\\/2022\\\/09\\\/mega-coral-de-24000-voces-llena-de-esplendor-celebracion-adventista\\\/#breadcrumb\",\"itemListElement\":[{\"@type\":\"ListItem\",\"position\":1,\"name\":\"Home\",\"item\":\"https:\\\/\\\/interamerica.org\\\/es\\\/\"},{\"@type\":\"ListItem\",\"position\":2,\"name\":\"Mega Coral de 24,000 voces llena de esplendor celebraci\u00f3n adventista\"}]},{\"@type\":\"WebSite\",\"@id\":\"https:\\\/\\\/interamerica.org\\\/es\\\/#website\",\"url\":\"https:\\\/\\\/interamerica.org\\\/es\\\/\",\"name\":\"Iglesia Adventista del S\u00e9ptimo D\u00eda - Divisi\u00f3n Interamericana\",\"description\":\"\",\"potentialAction\":[{\"@type\":\"SearchAction\",\"target\":{\"@type\":\"EntryPoint\",\"urlTemplate\":\"https:\\\/\\\/interamerica.org\\\/es\\\/?s={search_term_string}\"},\"query-input\":{\"@type\":\"PropertyValueSpecification\",\"valueRequired\":true,\"valueName\":\"search_term_string\"}}],\"inLanguage\":\"es\"},{\"@type\":\"Person\",\"@id\":\"https:\\\/\\\/interamerica.org\\\/es\\\/#\\\/schema\\\/person\\\/29998f2bc2d8bd0d38662909289b54f1\",\"name\":\"libna\",\"image\":{\"@type\":\"ImageObject\",\"inLanguage\":\"es\",\"@id\":\"https:\\\/\\\/secure.gravatar.com\\\/avatar\\\/7c5bd30ae4b47a9ba3c856590957fd1d96dc588bf3ac05719d247e126840331f?s=96&d=mm&r=g\",\"url\":\"https:\\\/\\\/secure.gravatar.com\\\/avatar\\\/7c5bd30ae4b47a9ba3c856590957fd1d96dc588bf3ac05719d247e126840331f?s=96&d=mm&r=g\",\"contentUrl\":\"https:\\\/\\\/secure.gravatar.com\\\/avatar\\\/7c5bd30ae4b47a9ba3c856590957fd1d96dc588bf3ac05719d247e126840331f?s=96&d=mm&r=g\",\"caption\":\"libna\"}}]}<\/script>\n<!-- \/ Yoast SEO plugin. -->","yoast_head_json":{"title":"Mega Coral de 24,000 voces llena de esplendor celebraci\u00f3n adventista - Iglesia Adventista del S\u00e9ptimo D\u00eda - Divisi\u00f3n Interamericana","robots":{"index":"index","follow":"follow","max-snippet":"max-snippet:-1","max-image-preview":"max-image-preview:large","max-video-preview":"max-video-preview:-1"},"canonical":"https:\/\/interamerica.org\/es\/2022\/09\/mega-coral-de-24000-voces-llena-de-esplendor-celebracion-adventista\/","og_locale":"es_ES","og_type":"article","og_title":"Mega Coral de 24,000 voces llena de esplendor celebraci\u00f3n adventista - Iglesia Adventista del S\u00e9ptimo D\u00eda - Divisi\u00f3n Interamericana","og_description":"Miembros y dirigentes alaban a Dios por el centenario de la iglesia en San Pablo, Brasil. 7 de septiembre de 2022 | San Pablo, Brasil | L\u00f3ren Vidal, Divisi\u00f3n Sudamericana...","og_url":"https:\/\/interamerica.org\/es\/2022\/09\/mega-coral-de-24000-voces-llena-de-esplendor-celebracion-adventista\/","og_site_name":"Iglesia Adventista del S\u00e9ptimo D\u00eda - Divisi\u00f3n Interamericana","article_published_time":"2022-09-07T14:26:21+00:00","article_modified_time":"2022-09-08T19:20:01+00:00","og_image":[{"width":1280,"height":700,"url":"https:\/\/interamerica.org\/wp-content\/uploads\/2022\/09\/igreja-adventista-celebra-100-anos.jpeg","type":"image\/jpeg"}],"author":"libna","twitter_card":"summary_large_image","twitter_misc":{"Escrito por":"libna","Tiempo de lectura":"4 minutos"},"schema":{"@context":"https:\/\/schema.org","@graph":[{"@type":"Article","@id":"https:\/\/interamerica.org\/es\/2022\/09\/mega-coral-de-24000-voces-llena-de-esplendor-celebracion-adventista\/#article","isPartOf":{"@id":"https:\/\/interamerica.org\/es\/2022\/09\/mega-coral-de-24000-voces-llena-de-esplendor-celebracion-adventista\/"},"author":{"name":"libna","@id":"https:\/\/interamerica.org\/es\/#\/schema\/person\/29998f2bc2d8bd0d38662909289b54f1"},"headline":"Mega Coral de 24,000 voces llena de esplendor celebraci\u00f3n adventista","datePublished":"2022-09-07T14:26:21+00:00","dateModified":"2022-09-08T19:20:01+00:00","mainEntityOfPage":{"@id":"https:\/\/interamerica.org\/es\/2022\/09\/mega-coral-de-24000-voces-llena-de-esplendor-celebracion-adventista\/"},"wordCount":881,"image":{"@id":"https:\/\/interamerica.org\/es\/2022\/09\/mega-coral-de-24000-voces-llena-de-esplendor-celebracion-adventista\/#primaryimage"},"thumbnailUrl":"https:\/\/interamerica.org\/wp-content\/uploads\/2022\/09\/igreja-adventista-celebra-100-anos.jpeg","articleSection":["Desde la iglesia mundial","RSS Espa\u00f1ol"],"inLanguage":"es"},{"@type":"WebPage","@id":"https:\/\/interamerica.org\/es\/2022\/09\/mega-coral-de-24000-voces-llena-de-esplendor-celebracion-adventista\/","url":"https:\/\/interamerica.org\/es\/2022\/09\/mega-coral-de-24000-voces-llena-de-esplendor-celebracion-adventista\/","name":"Mega Coral de 24,000 voces llena de esplendor celebraci\u00f3n adventista - Iglesia Adventista del S\u00e9ptimo D\u00eda - Divisi\u00f3n Interamericana","isPartOf":{"@id":"https:\/\/interamerica.org\/es\/#website"},"primaryImageOfPage":{"@id":"https:\/\/interamerica.org\/es\/2022\/09\/mega-coral-de-24000-voces-llena-de-esplendor-celebracion-adventista\/#primaryimage"},"image":{"@id":"https:\/\/interamerica.org\/es\/2022\/09\/mega-coral-de-24000-voces-llena-de-esplendor-celebracion-adventista\/#primaryimage"},"thumbnailUrl":"https:\/\/interamerica.org\/wp-content\/uploads\/2022\/09\/igreja-adventista-celebra-100-anos.jpeg","datePublished":"2022-09-07T14:26:21+00:00","dateModified":"2022-09-08T19:20:01+00:00","author":{"@id":"https:\/\/interamerica.org\/es\/#\/schema\/person\/29998f2bc2d8bd0d38662909289b54f1"},"breadcrumb":{"@id":"https:\/\/interamerica.org\/es\/2022\/09\/mega-coral-de-24000-voces-llena-de-esplendor-celebracion-adventista\/#breadcrumb"},"inLanguage":"es","potentialAction":[{"@type":"ReadAction","target":["https:\/\/interamerica.org\/es\/2022\/09\/mega-coral-de-24000-voces-llena-de-esplendor-celebracion-adventista\/"]}]},{"@type":"ImageObject","inLanguage":"es","@id":"https:\/\/interamerica.org\/es\/2022\/09\/mega-coral-de-24000-voces-llena-de-esplendor-celebracion-adventista\/#primaryimage","url":"https:\/\/interamerica.org\/wp-content\/uploads\/2022\/09\/igreja-adventista-celebra-100-anos.jpeg","contentUrl":"https:\/\/interamerica.org\/wp-content\/uploads\/2022\/09\/igreja-adventista-celebra-100-anos.jpeg","width":1280,"height":700,"caption":"[Imagen: Noticias de la Divisi\u00f3n Sudamericana]"},{"@type":"BreadcrumbList","@id":"https:\/\/interamerica.org\/es\/2022\/09\/mega-coral-de-24000-voces-llena-de-esplendor-celebracion-adventista\/#breadcrumb","itemListElement":[{"@type":"ListItem","position":1,"name":"Home","item":"https:\/\/interamerica.org\/es\/"},{"@type":"ListItem","position":2,"name":"Mega Coral de 24,000 voces llena de esplendor celebraci\u00f3n adventista"}]},{"@type":"WebSite","@id":"https:\/\/interamerica.org\/es\/#website","url":"https:\/\/interamerica.org\/es\/","name":"Iglesia Adventista del S\u00e9ptimo D\u00eda - Divisi\u00f3n Interamericana","description":"","potentialAction":[{"@type":"SearchAction","target":{"@type":"EntryPoint","urlTemplate":"https:\/\/interamerica.org\/es\/?s={search_term_string}"},"query-input":{"@type":"PropertyValueSpecification","valueRequired":true,"valueName":"search_term_string"}}],"inLanguage":"es"},{"@type":"Person","@id":"https:\/\/interamerica.org\/es\/#\/schema\/person\/29998f2bc2d8bd0d38662909289b54f1","name":"libna","image":{"@type":"ImageObject","inLanguage":"es","@id":"https:\/\/secure.gravatar.com\/avatar\/7c5bd30ae4b47a9ba3c856590957fd1d96dc588bf3ac05719d247e126840331f?s=96&d=mm&r=g","url":"https:\/\/secure.gravatar.com\/avatar\/7c5bd30ae4b47a9ba3c856590957fd1d96dc588bf3ac05719d247e126840331f?s=96&d=mm&r=g","contentUrl":"https:\/\/secure.gravatar.com\/avatar\/7c5bd30ae4b47a9ba3c856590957fd1d96dc588bf3ac05719d247e126840331f?s=96&d=mm&r=g","caption":"libna"}}]}},"_links":{"self":[{"href":"https:\/\/interamerica.org\/es\/wp-json\/wp\/v2\/posts\/89333","targetHints":{"allow":["GET"]}}],"collection":[{"href":"https:\/\/interamerica.org\/es\/wp-json\/wp\/v2\/posts"}],"about":[{"href":"https:\/\/interamerica.org\/es\/wp-json\/wp\/v2\/types\/post"}],"author":[{"embeddable":true,"href":"https:\/\/interamerica.org\/es\/wp-json\/wp\/v2\/users\/3"}],"replies":[{"embeddable":true,"href":"https:\/\/interamerica.org\/es\/wp-json\/wp\/v2\/comments?post=89333"}],"version-history":[{"count":0,"href":"https:\/\/interamerica.org\/es\/wp-json\/wp\/v2\/posts\/89333\/revisions"}],"wp:featuredmedia":[{"embeddable":true,"href":"https:\/\/interamerica.org\/es\/wp-json\/wp\/v2\/media\/89299"}],"wp:attachment":[{"href":"https:\/\/interamerica.org\/es\/wp-json\/wp\/v2\/media?parent=89333"}],"wp:term":[{"taxonomy":"category","embeddable":true,"href":"https:\/\/interamerica.org\/es\/wp-json\/wp\/v2\/categories?post=89333"},{"taxonomy":"post_tag","embeddable":true,"href":"https:\/\/interamerica.org\/es\/wp-json\/wp\/v2\/tags?post=89333"}],"curies":[{"name":"wp","href":"https:\/\/api.w.org\/{rel}","templated":true}]}}