{"id":89907,"date":"2022-09-28T15:49:09","date_gmt":"2022-09-28T19:49:09","guid":{"rendered":"https:\/\/interamerica.org\/?p=89907"},"modified":"2022-09-28T20:36:16","modified_gmt":"2022-09-29T00:36:16","slug":"subvencion-de-5-millones-de-dolares-apoyara-el-cambio-comunitario-en-andrews","status":"publish","type":"post","link":"https:\/\/interamerica.org\/es\/2022\/09\/subvencion-de-5-millones-de-dolares-apoyara-el-cambio-comunitario-en-andrews\/","title":{"rendered":"Subvenci\u00f3n de 5 millones de d\u00f3lares apoyar\u00e1 el cambio comunitario en Andrews"},"content":{"rendered":"<p>28 de septiembre de 2022 | Berrien Springs, M\u00edchigan, Estados Unidos | Por: <em>Secretar\u00eda de Comunicaci\u00f3n de la Universidad Andrews<\/em><\/p>\n<p>La Universidad Andrews ha recibido una subvenci\u00f3n de 5 millones de d\u00f3lares de parte de Lilly Endowment Inc. para ayudar a que el Seminario Teol\u00f3gico Adventista de la instituci\u00f3n establezca el Centro de Cambio Comunitario.<\/p>\n<p>El Centro est\u00e1 siendo financiado hasta la tercera y \u00faltima fase de la Iniciativa Pathways for Tomorrow de Lilly Endowment. La iniciativa est\u00e1 dise\u00f1ada para ayudar a que las instituciones teol\u00f3gicas de los Estados Unidos y Canad\u00e1 den prioridad y respondan a los desaf\u00edos m\u00e1s acuciantes que enfrentan al preparar a los l\u00edderes pastorales para las congregaciones cristianaas tanto del presente como del futuro.<\/p>\n<p>El Seminario Teol\u00f3gico Adventista ha apoyado a la Iglesia Adventista con la capacitaci\u00f3n, educaci\u00f3n y certificaci\u00f3n de pastores desde 1937. El Seminario ha identificado la necesidad de colaborar con las iglesias, instituciones de salud y otras entidades denominacionales para desarrollar y expandir nuevas estrategias para la capacitaci\u00f3n de pastores y ministros laicos, para que puedan involucrar mejora a sus iglesias con sus comunidades.<\/p>\n<p>El proyecto de beca establecer\u00e1 el Centro Andrews de Cambio Comunitario en el campus de la Universidad Andrews, que brindar\u00e1 mentor\u00eda y orientaci\u00f3n a pastores y ministros laicos para crear soluciones innovadoras contextualizadas que responden a necesidades que siente la comunidad y sus causas de fondo. El Centro trabajar\u00e1 con socios colaboradores para brindar capacitaci\u00f3n capacitaci\u00f3n, mentor\u00eda, apoyo t\u00e9cnico y, de ser aplicable, financiaci\u00f3n para proyectos piloto a nivel comunitario.<\/p>\n<p>La capacitaci\u00f3n y mentor\u00eda apoyar\u00e1 a los pastores a trav\u00e9s de los procesos de innovaci\u00f3n social, para ayudarlos a emprender evaluaciones comunitarias basadas en las necesidades, dise\u00f1o y evaluaci\u00f3n de programas, redacci\u00f3n de solicitudes de subvenci\u00f3n, gesti\u00f3n de proyectos y diseminaci\u00f3n de los hallazgos. El Centro dar\u00e1 prioridad a hasta sesenta pastores y l\u00edderes laicos por a\u00f1o, con apoyo que se brindar\u00e1 a los participantes por un per\u00edodo de hasta tres a\u00f1os. Se emplear\u00e1n mentores para dar apoyo espec\u00edfico a pastores y l\u00edderes laicos con diversos trasfondos acad\u00e9micos.<\/p>\n<p>El Centro Andrews de Cambio Comunitario buscar\u00e1 aprovechar la relaci\u00f3n particular entre el Seminario Teol\u00f3gico Adventista, la extensa red de salud adventista de Norteam\u00e9rica, y las comunidades religiosas locales en toda Norteam\u00e9rica, para expandir el acceso a la capacitaci\u00f3n, el aprendizaje basado en proyectos, y la mentor\u00eda de pastores de otras denominaciones. Este proyecto en colaboraci\u00f3n es llevado a cabo en sociedad con Adventist Health, Kettering Health, Servicios Comunitarios Adventistas en la Divisi\u00f3n Norteamericana, el Centro InMinistry, Versacare y la Red de Ministerio Urbano. El Centro trabajar\u00e1 con socios para establecer una dotaci\u00f3n financiera que contribuir\u00e1 a la sustentabilidad a largo plazo del proyecto.<\/p>\n<p>Andrea Luxton, rectora de la Universidad Andrews, expres\u00f3: \u201cComo universidad, estamos muy entusiasmados y agradecidos por ser uno de los beneficiados con esta subvenci\u00f3n. Nos permitir\u00e1 profundizar a\u00fan m\u00e1s nuestro compromiso tanto con nuestra iglesia como con la comunidad en general, desarrollando la capacidad de liderazgo de los pastores locales para brindar esperanza, sanaci\u00f3n y cambios positivos Aguardamos con ansias poder trabajar con nuestros socios para ver el desarrollo de muchos proyectos comunitarios transformadores\u201d.<\/p>\n<p>Jiri Moskala, decano del Seminario Teol\u00f3gico Adventista, agradeci\u00f3 a Lilly Endowment por su apoyo: \u201cEsta prestigiosa subvenci\u00f3n de Lilly Endowment que hemos recibido permitir\u00e1 que el Seminario fortalezca su \u00e9nfasis en el ministerio urbano, y nos permitir\u00e1 expandir el apoyo de nuestros pastores e iglesias en Norteam\u00e9rica por medio de la creaci\u00f3n del Centro de Cambio Comunitario de la Universidad Andrews. Alabamos al Se\u00f1or por esta enorme oportunidad de profundizar nuestra utilidad, en especial por comunidades con necesidades espec\u00edficas. Estoy seguro de que la combinaci\u00f3n de trabajo espiritual y f\u00edsico ser\u00e1 una bendici\u00f3n para muchos\u201d. La universidad y el Seminario agradecen a Cedric Vine y Carlisle Sutton por su liderazgo en el desarrollo de la propuesta del proyecto y su compromiso para ejecutar el proyecto.<\/p>\n<p>El Seminario Teol\u00f3gico Adventista es una de las 16 escuelas teol\u00f3gicas que han recibido subvenciones para financiar programas de colaboraci\u00f3n a gran escala por medio de la iniciativa Pathways. Lilly Endowment cree que estos programas tienen el potencial de llegar a ser modelos para otras instituciones que buscan fortalecer la manera en que educan a pastores y otros l\u00edderes congregacionales.<\/p>\n<p>\u201cLas escuelas teol\u00f3gicas juegan un papel esencial a la hora de garantizar que las congregaciones cristianas tengan un flujo continuo de l\u00edderes bien preparados para orientar sus ministerios\u201d, dijo Christopher L. Coble, vicepresidente de religi\u00f3n de Lilly Endowment. \u201cMuchas escuelas teol\u00f3gicas creen que sus caminos hacia el futuro dependen de su capacidad de formar sociedades estrat\u00e9gicas con otras escuelas y agencias de la iglesia. Estas subvenciones ayudar\u00e1n a que los seminarios desarrollen enfoques innovadores y en colaboraci\u00f3n a la educaci\u00f3n teol\u00f3gica que, creemos, fortalecer\u00e1n sus esfuerzos de preparar y apoyar a l\u00edderes excelentes de las comunidades cristianas respecto del futuro\u201d.<\/p>\n<p>Lilly Endowment lanz\u00f3 la iniciativa Pathways en enero de 2021 debido a su hist\u00f3rico inter\u00e9s en apoyar los esfuerzos de mejorar y sustentar la vitalidad de las congregaciones cristianas, fortaleciendo las capacidades de liderazgo de los pastores y l\u00edderes laicos de las congregaciones.<\/p>\n<p>La Universidad Andrews, fundada en 1874, ofrece actualmente m\u00e1s de 160 \u00e1reas de estudio, lo que incluye sus posgrados. Su campus principal se encuentra en Berrien Springs, M\u00edchigan, Estados Unidos, pero la instituci\u00f3n tambi\u00e9n ofrece instrucci\u00f3n en colegios terciarios y universidades de m\u00e1s de 25 pa\u00edses.<\/p>\n<p>Acerca de Lilly Endowment Inc.<\/p>\n<p>Lilly Endowment Inc. es una fundaci\u00f3n filantr\u00f3pica privada creada en 1937 por J.K. Lilly Sr. y sus hijos Eli y J.K. Jr. por medio de la dotaci\u00f3n de acciones de su empresa farmac\u00e9utica, Eli Lilly and Company. Aunque esos fondos siguen siendo la base financiera de la subvenci\u00f3n, esta es una entidad separada de la compa\u00f1\u00eda, con una junta de gobierno, personal y sede particulares.<\/p>\n<p>De conformidad con los deseos de los fundadores, los fondos apoyan causas de desarrollo comunitario, educaci\u00f3n y religi\u00f3n, y mantiene un compromiso especial con su lugar de origen Indian\u00e1polis, en Indiana. El principal objetivo de la subvenci\u00f3n religiosa es profundizar y enriquecer la vida de los cristianos estadounidenses, mayormente al buscar y apoyar los esfuerzos de mejorar la vitalidad de las congregaciones y apoyar a los l\u00edderes pastorales y laicos de las comunidades cristianas. La subvenci\u00f3n tambi\u00e9n busca mejorar la comprensi\u00f3n p\u00fablica de las diversas tradiciones religiosas al apoyar las descripciones justas y exactas del papel que juega la religi\u00f3n en los Estados Unidos y en el mundo.<\/p>\n<p>La <a href=\"https:\/\/www.lakeunionherald.org\/archive\/articles\/andrews-university-receives-5-million-grant-from-lilly-endowment\">versi\u00f3n original <\/a> de esta noticia fue publicada en la revista <a href=\"https:\/\/www.lakeunionherald.org\/\">Lake Union Herald<\/a>.<\/p>\n<p>Traducci\u00f3n de Marcos Paseggi<\/p>\n","protected":false},"excerpt":{"rendered":"<p>28 de septiembre de 2022 | Berrien Springs, M\u00edchigan, Estados Unidos | Por: Secretar\u00eda de Comunicaci\u00f3n de la Universidad Andrews La Universidad Andrews ha recibido una subvenci\u00f3n de 5 millones&#8230;<\/p>\n","protected":false},"author":3,"featured_media":89901,"comment_status":"closed","ping_status":"closed","sticky":false,"template":"","format":"standard","meta":{"_acf_changed":false,"footnotes":""},"categories":[14,15],"tags":[],"class_list":["post-89907","post","type-post","status-publish","format-standard","has-post-thumbnail","hentry","category-de-la-iglesia-mundial","category-rss-espanol"],"acf":[],"yoast_head":"<!-- This site is optimized with the Yoast SEO plugin v27.3 - https:\/\/yoast.com\/product\/yoast-seo-wordpress\/ -->\n<title>Subvenci\u00f3n de 5 millones de d\u00f3lares apoyar\u00e1 el cambio comunitario en Andrews - Iglesia Adventista del S\u00e9ptimo D\u00eda - Divisi\u00f3n Interamericana<\/title>\n<meta name=\"robots\" content=\"index, follow, max-snippet:-1, max-image-preview:large, max-video-preview:-1\" \/>\n<link rel=\"canonical\" href=\"https:\/\/interamerica.org\/es\/2022\/09\/subvencion-de-5-millones-de-dolares-apoyara-el-cambio-comunitario-en-andrews\/\" \/>\n<meta property=\"og:locale\" content=\"es_ES\" \/>\n<meta property=\"og:type\" content=\"article\" \/>\n<meta property=\"og:title\" content=\"Subvenci\u00f3n de 5 millones de d\u00f3lares apoyar\u00e1 el cambio comunitario en Andrews - Iglesia Adventista del S\u00e9ptimo D\u00eda - Divisi\u00f3n Interamericana\" \/>\n<meta property=\"og:description\" content=\"28 de septiembre de 2022 | Berrien Springs, M\u00edchigan, Estados Unidos | Por: Secretar\u00eda de Comunicaci\u00f3n de la Universidad Andrews La Universidad Andrews ha recibido una subvenci\u00f3n de 5 millones...\" \/>\n<meta property=\"og:url\" content=\"https:\/\/interamerica.org\/es\/2022\/09\/subvencion-de-5-millones-de-dolares-apoyara-el-cambio-comunitario-en-andrews\/\" \/>\n<meta property=\"og:site_name\" content=\"Iglesia Adventista del S\u00e9ptimo D\u00eda - Divisi\u00f3n Interamericana\" \/>\n<meta property=\"article:published_time\" content=\"2022-09-28T19:49:09+00:00\" \/>\n<meta property=\"article:modified_time\" content=\"2022-09-29T00:36:16+00:00\" \/>\n<meta property=\"og:image\" content=\"https:\/\/interamerica.org\/wp-content\/uploads\/2022\/09\/andrews-univ.jpeg\" \/>\n\t<meta property=\"og:image:width\" content=\"1800\" \/>\n\t<meta property=\"og:image:height\" content=\"900\" \/>\n\t<meta property=\"og:image:type\" content=\"image\/jpeg\" \/>\n<meta name=\"author\" content=\"libna\" \/>\n<meta name=\"twitter:card\" content=\"summary_large_image\" \/>\n<meta name=\"twitter:label1\" content=\"Escrito por\" \/>\n\t<meta name=\"twitter:data1\" content=\"libna\" \/>\n\t<meta name=\"twitter:label2\" content=\"Tiempo de lectura\" \/>\n\t<meta name=\"twitter:data2\" content=\"5 minutos\" \/>\n<script type=\"application\/ld+json\" class=\"yoast-schema-graph\">{\"@context\":\"https:\\\/\\\/schema.org\",\"@graph\":[{\"@type\":\"Article\",\"@id\":\"https:\\\/\\\/interamerica.org\\\/es\\\/2022\\\/09\\\/subvencion-de-5-millones-de-dolares-apoyara-el-cambio-comunitario-en-andrews\\\/#article\",\"isPartOf\":{\"@id\":\"https:\\\/\\\/interamerica.org\\\/es\\\/2022\\\/09\\\/subvencion-de-5-millones-de-dolares-apoyara-el-cambio-comunitario-en-andrews\\\/\"},\"author\":{\"name\":\"libna\",\"@id\":\"https:\\\/\\\/interamerica.org\\\/es\\\/#\\\/schema\\\/person\\\/29998f2bc2d8bd0d38662909289b54f1\"},\"headline\":\"Subvenci\u00f3n de 5 millones de d\u00f3lares apoyar\u00e1 el cambio comunitario en Andrews\",\"datePublished\":\"2022-09-28T19:49:09+00:00\",\"dateModified\":\"2022-09-29T00:36:16+00:00\",\"mainEntityOfPage\":{\"@id\":\"https:\\\/\\\/interamerica.org\\\/es\\\/2022\\\/09\\\/subvencion-de-5-millones-de-dolares-apoyara-el-cambio-comunitario-en-andrews\\\/\"},\"wordCount\":1198,\"image\":{\"@id\":\"https:\\\/\\\/interamerica.org\\\/es\\\/2022\\\/09\\\/subvencion-de-5-millones-de-dolares-apoyara-el-cambio-comunitario-en-andrews\\\/#primaryimage\"},\"thumbnailUrl\":\"https:\\\/\\\/interamerica.org\\\/wp-content\\\/uploads\\\/2022\\\/09\\\/andrews-univ.jpeg\",\"articleSection\":[\"Desde la iglesia mundial\",\"RSS Espa\u00f1ol\"],\"inLanguage\":\"es\"},{\"@type\":\"WebPage\",\"@id\":\"https:\\\/\\\/interamerica.org\\\/es\\\/2022\\\/09\\\/subvencion-de-5-millones-de-dolares-apoyara-el-cambio-comunitario-en-andrews\\\/\",\"url\":\"https:\\\/\\\/interamerica.org\\\/es\\\/2022\\\/09\\\/subvencion-de-5-millones-de-dolares-apoyara-el-cambio-comunitario-en-andrews\\\/\",\"name\":\"Subvenci\u00f3n de 5 millones de d\u00f3lares apoyar\u00e1 el cambio comunitario en Andrews - Iglesia Adventista del S\u00e9ptimo D\u00eda - Divisi\u00f3n Interamericana\",\"isPartOf\":{\"@id\":\"https:\\\/\\\/interamerica.org\\\/es\\\/#website\"},\"primaryImageOfPage\":{\"@id\":\"https:\\\/\\\/interamerica.org\\\/es\\\/2022\\\/09\\\/subvencion-de-5-millones-de-dolares-apoyara-el-cambio-comunitario-en-andrews\\\/#primaryimage\"},\"image\":{\"@id\":\"https:\\\/\\\/interamerica.org\\\/es\\\/2022\\\/09\\\/subvencion-de-5-millones-de-dolares-apoyara-el-cambio-comunitario-en-andrews\\\/#primaryimage\"},\"thumbnailUrl\":\"https:\\\/\\\/interamerica.org\\\/wp-content\\\/uploads\\\/2022\\\/09\\\/andrews-univ.jpeg\",\"datePublished\":\"2022-09-28T19:49:09+00:00\",\"dateModified\":\"2022-09-29T00:36:16+00:00\",\"author\":{\"@id\":\"https:\\\/\\\/interamerica.org\\\/es\\\/#\\\/schema\\\/person\\\/29998f2bc2d8bd0d38662909289b54f1\"},\"breadcrumb\":{\"@id\":\"https:\\\/\\\/interamerica.org\\\/es\\\/2022\\\/09\\\/subvencion-de-5-millones-de-dolares-apoyara-el-cambio-comunitario-en-andrews\\\/#breadcrumb\"},\"inLanguage\":\"es\",\"potentialAction\":[{\"@type\":\"ReadAction\",\"target\":[\"https:\\\/\\\/interamerica.org\\\/es\\\/2022\\\/09\\\/subvencion-de-5-millones-de-dolares-apoyara-el-cambio-comunitario-en-andrews\\\/\"]}]},{\"@type\":\"ImageObject\",\"inLanguage\":\"es\",\"@id\":\"https:\\\/\\\/interamerica.org\\\/es\\\/2022\\\/09\\\/subvencion-de-5-millones-de-dolares-apoyara-el-cambio-comunitario-en-andrews\\\/#primaryimage\",\"url\":\"https:\\\/\\\/interamerica.org\\\/wp-content\\\/uploads\\\/2022\\\/09\\\/andrews-univ.jpeg\",\"contentUrl\":\"https:\\\/\\\/interamerica.org\\\/wp-content\\\/uploads\\\/2022\\\/09\\\/andrews-univ.jpeg\",\"width\":1800,\"height\":900,\"caption\":\"[Fotograf\u00eda: Universidad Andrews]\"},{\"@type\":\"BreadcrumbList\",\"@id\":\"https:\\\/\\\/interamerica.org\\\/es\\\/2022\\\/09\\\/subvencion-de-5-millones-de-dolares-apoyara-el-cambio-comunitario-en-andrews\\\/#breadcrumb\",\"itemListElement\":[{\"@type\":\"ListItem\",\"position\":1,\"name\":\"Home\",\"item\":\"https:\\\/\\\/interamerica.org\\\/es\\\/\"},{\"@type\":\"ListItem\",\"position\":2,\"name\":\"Subvenci\u00f3n de 5 millones de d\u00f3lares apoyar\u00e1 el cambio comunitario en Andrews\"}]},{\"@type\":\"WebSite\",\"@id\":\"https:\\\/\\\/interamerica.org\\\/es\\\/#website\",\"url\":\"https:\\\/\\\/interamerica.org\\\/es\\\/\",\"name\":\"Iglesia Adventista del S\u00e9ptimo D\u00eda - Divisi\u00f3n Interamericana\",\"description\":\"\",\"potentialAction\":[{\"@type\":\"SearchAction\",\"target\":{\"@type\":\"EntryPoint\",\"urlTemplate\":\"https:\\\/\\\/interamerica.org\\\/es\\\/?s={search_term_string}\"},\"query-input\":{\"@type\":\"PropertyValueSpecification\",\"valueRequired\":true,\"valueName\":\"search_term_string\"}}],\"inLanguage\":\"es\"},{\"@type\":\"Person\",\"@id\":\"https:\\\/\\\/interamerica.org\\\/es\\\/#\\\/schema\\\/person\\\/29998f2bc2d8bd0d38662909289b54f1\",\"name\":\"libna\",\"image\":{\"@type\":\"ImageObject\",\"inLanguage\":\"es\",\"@id\":\"https:\\\/\\\/secure.gravatar.com\\\/avatar\\\/7c5bd30ae4b47a9ba3c856590957fd1d96dc588bf3ac05719d247e126840331f?s=96&d=mm&r=g\",\"url\":\"https:\\\/\\\/secure.gravatar.com\\\/avatar\\\/7c5bd30ae4b47a9ba3c856590957fd1d96dc588bf3ac05719d247e126840331f?s=96&d=mm&r=g\",\"contentUrl\":\"https:\\\/\\\/secure.gravatar.com\\\/avatar\\\/7c5bd30ae4b47a9ba3c856590957fd1d96dc588bf3ac05719d247e126840331f?s=96&d=mm&r=g\",\"caption\":\"libna\"}}]}<\/script>\n<!-- \/ Yoast SEO plugin. -->","yoast_head_json":{"title":"Subvenci\u00f3n de 5 millones de d\u00f3lares apoyar\u00e1 el cambio comunitario en Andrews - Iglesia Adventista del S\u00e9ptimo D\u00eda - Divisi\u00f3n Interamericana","robots":{"index":"index","follow":"follow","max-snippet":"max-snippet:-1","max-image-preview":"max-image-preview:large","max-video-preview":"max-video-preview:-1"},"canonical":"https:\/\/interamerica.org\/es\/2022\/09\/subvencion-de-5-millones-de-dolares-apoyara-el-cambio-comunitario-en-andrews\/","og_locale":"es_ES","og_type":"article","og_title":"Subvenci\u00f3n de 5 millones de d\u00f3lares apoyar\u00e1 el cambio comunitario en Andrews - Iglesia Adventista del S\u00e9ptimo D\u00eda - Divisi\u00f3n Interamericana","og_description":"28 de septiembre de 2022 | Berrien Springs, M\u00edchigan, Estados Unidos | Por: Secretar\u00eda de Comunicaci\u00f3n de la Universidad Andrews La Universidad Andrews ha recibido una subvenci\u00f3n de 5 millones...","og_url":"https:\/\/interamerica.org\/es\/2022\/09\/subvencion-de-5-millones-de-dolares-apoyara-el-cambio-comunitario-en-andrews\/","og_site_name":"Iglesia Adventista del S\u00e9ptimo D\u00eda - Divisi\u00f3n Interamericana","article_published_time":"2022-09-28T19:49:09+00:00","article_modified_time":"2022-09-29T00:36:16+00:00","og_image":[{"width":1800,"height":900,"url":"https:\/\/interamerica.org\/wp-content\/uploads\/2022\/09\/andrews-univ.jpeg","type":"image\/jpeg"}],"author":"libna","twitter_card":"summary_large_image","twitter_misc":{"Escrito por":"libna","Tiempo de lectura":"5 minutos"},"schema":{"@context":"https:\/\/schema.org","@graph":[{"@type":"Article","@id":"https:\/\/interamerica.org\/es\/2022\/09\/subvencion-de-5-millones-de-dolares-apoyara-el-cambio-comunitario-en-andrews\/#article","isPartOf":{"@id":"https:\/\/interamerica.org\/es\/2022\/09\/subvencion-de-5-millones-de-dolares-apoyara-el-cambio-comunitario-en-andrews\/"},"author":{"name":"libna","@id":"https:\/\/interamerica.org\/es\/#\/schema\/person\/29998f2bc2d8bd0d38662909289b54f1"},"headline":"Subvenci\u00f3n de 5 millones de d\u00f3lares apoyar\u00e1 el cambio comunitario en Andrews","datePublished":"2022-09-28T19:49:09+00:00","dateModified":"2022-09-29T00:36:16+00:00","mainEntityOfPage":{"@id":"https:\/\/interamerica.org\/es\/2022\/09\/subvencion-de-5-millones-de-dolares-apoyara-el-cambio-comunitario-en-andrews\/"},"wordCount":1198,"image":{"@id":"https:\/\/interamerica.org\/es\/2022\/09\/subvencion-de-5-millones-de-dolares-apoyara-el-cambio-comunitario-en-andrews\/#primaryimage"},"thumbnailUrl":"https:\/\/interamerica.org\/wp-content\/uploads\/2022\/09\/andrews-univ.jpeg","articleSection":["Desde la iglesia mundial","RSS Espa\u00f1ol"],"inLanguage":"es"},{"@type":"WebPage","@id":"https:\/\/interamerica.org\/es\/2022\/09\/subvencion-de-5-millones-de-dolares-apoyara-el-cambio-comunitario-en-andrews\/","url":"https:\/\/interamerica.org\/es\/2022\/09\/subvencion-de-5-millones-de-dolares-apoyara-el-cambio-comunitario-en-andrews\/","name":"Subvenci\u00f3n de 5 millones de d\u00f3lares apoyar\u00e1 el cambio comunitario en Andrews - Iglesia Adventista del S\u00e9ptimo D\u00eda - Divisi\u00f3n Interamericana","isPartOf":{"@id":"https:\/\/interamerica.org\/es\/#website"},"primaryImageOfPage":{"@id":"https:\/\/interamerica.org\/es\/2022\/09\/subvencion-de-5-millones-de-dolares-apoyara-el-cambio-comunitario-en-andrews\/#primaryimage"},"image":{"@id":"https:\/\/interamerica.org\/es\/2022\/09\/subvencion-de-5-millones-de-dolares-apoyara-el-cambio-comunitario-en-andrews\/#primaryimage"},"thumbnailUrl":"https:\/\/interamerica.org\/wp-content\/uploads\/2022\/09\/andrews-univ.jpeg","datePublished":"2022-09-28T19:49:09+00:00","dateModified":"2022-09-29T00:36:16+00:00","author":{"@id":"https:\/\/interamerica.org\/es\/#\/schema\/person\/29998f2bc2d8bd0d38662909289b54f1"},"breadcrumb":{"@id":"https:\/\/interamerica.org\/es\/2022\/09\/subvencion-de-5-millones-de-dolares-apoyara-el-cambio-comunitario-en-andrews\/#breadcrumb"},"inLanguage":"es","potentialAction":[{"@type":"ReadAction","target":["https:\/\/interamerica.org\/es\/2022\/09\/subvencion-de-5-millones-de-dolares-apoyara-el-cambio-comunitario-en-andrews\/"]}]},{"@type":"ImageObject","inLanguage":"es","@id":"https:\/\/interamerica.org\/es\/2022\/09\/subvencion-de-5-millones-de-dolares-apoyara-el-cambio-comunitario-en-andrews\/#primaryimage","url":"https:\/\/interamerica.org\/wp-content\/uploads\/2022\/09\/andrews-univ.jpeg","contentUrl":"https:\/\/interamerica.org\/wp-content\/uploads\/2022\/09\/andrews-univ.jpeg","width":1800,"height":900,"caption":"[Fotograf\u00eda: Universidad Andrews]"},{"@type":"BreadcrumbList","@id":"https:\/\/interamerica.org\/es\/2022\/09\/subvencion-de-5-millones-de-dolares-apoyara-el-cambio-comunitario-en-andrews\/#breadcrumb","itemListElement":[{"@type":"ListItem","position":1,"name":"Home","item":"https:\/\/interamerica.org\/es\/"},{"@type":"ListItem","position":2,"name":"Subvenci\u00f3n de 5 millones de d\u00f3lares apoyar\u00e1 el cambio comunitario en Andrews"}]},{"@type":"WebSite","@id":"https:\/\/interamerica.org\/es\/#website","url":"https:\/\/interamerica.org\/es\/","name":"Iglesia Adventista del S\u00e9ptimo D\u00eda - Divisi\u00f3n Interamericana","description":"","potentialAction":[{"@type":"SearchAction","target":{"@type":"EntryPoint","urlTemplate":"https:\/\/interamerica.org\/es\/?s={search_term_string}"},"query-input":{"@type":"PropertyValueSpecification","valueRequired":true,"valueName":"search_term_string"}}],"inLanguage":"es"},{"@type":"Person","@id":"https:\/\/interamerica.org\/es\/#\/schema\/person\/29998f2bc2d8bd0d38662909289b54f1","name":"libna","image":{"@type":"ImageObject","inLanguage":"es","@id":"https:\/\/secure.gravatar.com\/avatar\/7c5bd30ae4b47a9ba3c856590957fd1d96dc588bf3ac05719d247e126840331f?s=96&d=mm&r=g","url":"https:\/\/secure.gravatar.com\/avatar\/7c5bd30ae4b47a9ba3c856590957fd1d96dc588bf3ac05719d247e126840331f?s=96&d=mm&r=g","contentUrl":"https:\/\/secure.gravatar.com\/avatar\/7c5bd30ae4b47a9ba3c856590957fd1d96dc588bf3ac05719d247e126840331f?s=96&d=mm&r=g","caption":"libna"}}]}},"_links":{"self":[{"href":"https:\/\/interamerica.org\/es\/wp-json\/wp\/v2\/posts\/89907","targetHints":{"allow":["GET"]}}],"collection":[{"href":"https:\/\/interamerica.org\/es\/wp-json\/wp\/v2\/posts"}],"about":[{"href":"https:\/\/interamerica.org\/es\/wp-json\/wp\/v2\/types\/post"}],"author":[{"embeddable":true,"href":"https:\/\/interamerica.org\/es\/wp-json\/wp\/v2\/users\/3"}],"replies":[{"embeddable":true,"href":"https:\/\/interamerica.org\/es\/wp-json\/wp\/v2\/comments?post=89907"}],"version-history":[{"count":0,"href":"https:\/\/interamerica.org\/es\/wp-json\/wp\/v2\/posts\/89907\/revisions"}],"wp:featuredmedia":[{"embeddable":true,"href":"https:\/\/interamerica.org\/es\/wp-json\/wp\/v2\/media\/89901"}],"wp:attachment":[{"href":"https:\/\/interamerica.org\/es\/wp-json\/wp\/v2\/media?parent=89907"}],"wp:term":[{"taxonomy":"category","embeddable":true,"href":"https:\/\/interamerica.org\/es\/wp-json\/wp\/v2\/categories?post=89907"},{"taxonomy":"post_tag","embeddable":true,"href":"https:\/\/interamerica.org\/es\/wp-json\/wp\/v2\/tags?post=89907"}],"curies":[{"name":"wp","href":"https:\/\/api.w.org\/{rel}","templated":true}]}}