{"id":91143,"date":"2022-10-30T10:15:55","date_gmt":"2022-10-30T14:15:55","guid":{"rendered":"https:\/\/interamerica.org\/?p=91143"},"modified":"2022-10-31T11:38:23","modified_gmt":"2022-10-31T15:38:23","slug":"de-que-manera-la-ecofelicidad-estimula-el-bienestar","status":"publish","type":"post","link":"https:\/\/interamerica.org\/es\/2022\/10\/de-que-manera-la-ecofelicidad-estimula-el-bienestar\/","title":{"rendered":"De qu\u00e9 manera la ecofelicidad estimula el bienestar"},"content":{"rendered":"<h4>\u00bfCu\u00e1ndo fue la \u00faltima vez que pas\u00f3 un tiempo en la naturaleza? Sin el tel\u00e9fono.<\/h4>\n<p>30 de octubre de 2022 | Lincoln, Nebraska, Estados Unidos | August Gary Thurber, Outlook de la Uni\u00f3n Central de los Estados Unidos<\/p>\n<p>\u201cLa naturaleza nos calma, reduciendo los sentimientos de estr\u00e9s, ansiedad y enojo\u201d, dice Sandi Schwartz, autora de Finding Ecohappiness: Fun Nature Activities to Help Your Kids Feel Happier and Calmer (Hallar la ecofelicidad: actividades divertidas en la naturaleza para sentirse m\u00e1s feliz y calmo). \u201cTambi\u00e9n mejora el enfoque y la atenci\u00f3n, adem\u00e1s de reducir la presi\u00f3n arterial, los latidos card\u00edacos, la tensi\u00f3n muscular y la producci\u00f3n de hormonas del estr\u00e9s. Incluso nos hace m\u00e1s amigables y aptos para alcanzar a otras personas de la comunidad\u201d.<\/p>\n<p>\u00a1Impresionante! Esos son algunos de los maravillosos poderes de curaci\u00f3n que la naturaleza nos ofrece. \u00bfCu\u00e1ndo fue la \u00faltima vez que pas\u00f3 un tiempo en la naturaleza? \u00bfAcampando, caminando u observando (sin su tel\u00e9fono)?<\/p>\n<p>Me gust\u00f3 mucho trabajar como director de uno de nuestros campamentos. Fui testigo de c\u00f3mo los j\u00f3venes de la ciudad, que jam\u00e1s hab\u00edan estado en la naturaleza, se sintieron abrumados de gozo al caminar alrededor de un lago, cabalgar y obtener especialidades en la naturaleza. \u00a1Es por eso que me encantan nuestros campamentos! Espero que env\u00eden a los j\u00f3venes a esos campamentos todos los veranos. Mejor a\u00fan, ap\u00fantese para un campamento familiar experimenten juntos la naturaleza.<\/p>\n<p>Cuando uno ve de primera mano la incre\u00edble transformaci\u00f3n que puede tener pasar tiempo en la naturaleza sobre una vida, tambi\u00e9n se puede comenzar a entender a un nivel m\u00e1s profundo por qu\u00e9 el Se\u00f1or nos hizo mayordomos de nuestro planeta. Se espera que seamos los cuidadores de la maravillosa obra creadora de Dios. Podemos mostrar respeto y aprecio ahora mismo por la obra de la creaci\u00f3n de Dios al valorar el mundo natural que nos rodea, que \u00e9l ha creado y sigue sustentando con su poder vivificante.<\/p>\n<p>Sabemos que hay poder de curaci\u00f3n en estar inmerso en la naturaleza. Los jardines y los paisajes naturales han sido reconocidos durante mucho tiempo por su valor terap\u00e9utico y restaurador para nuestra salud. Seg\u00fan Winston J. Craig, profesor em\u00e9rito de la Universidad Andrews en M\u00edchigan, Estados Unidos, m\u00e1s de cien estudios confirman que pasar tiempo en la naturaleza es beneficioso para reducir el estr\u00e9s, tanto f\u00edsico como emocional. Asimismo, \u201cobservamos que la naturaleza es un b\u00e1lsamo de curaci\u00f3n para la depresi\u00f3n y los trastornos mentales\u201d, dice Craig.<\/p>\n<p>Algunas universidades ahora ofrecen t\u00edtulos en terapia de horticultura, en la que los terapeutas dise\u00f1an jardines y huertas que ayudan a personas que sufren discapacidades f\u00edsicas, emocionales y mentales a desarrollar mecanismos de afrontamiento que mejoran sus vidas. \u201cEsos programas reconocen los beneficios terap\u00e9uticos de los jardines y huertas para personas con enfermedades cr\u00f3nicas\u201d, explica Craig. \u201cLas personas que aprenden los nombres de las plantas tienen mayores probabilidades de valorarlas. Dar nombre a algo es una manera de hacer que la planta sea parte de su comunidad. Como resultado, vemos una mayordom\u00eda m\u00e1s responsable de la naturaleza\u201d.<\/p>\n<p>Este tipo de actividad contrarresta firmemente los trastornos por d\u00e9ficit de naturaleza tanto en ni\u00f1os como adultos. En efecto, NBC News inform\u00f3 que en a\u00f1os recientes, los m\u00e9dicos de todo el pa\u00eds han comenzado a escribir recetas reales para sus pacientes que los mandan a pasar m\u00e1s tiempo al aire libre en parques locales y espacios verdes. Estas a menudo son recomendaciones escritas que remplazan a las recetas de antidepresivos o ansiol\u00edticos. Hay incluso una iniciativa en todo el pa\u00eds dedicada a la causa: ParkRx.org.<\/p>\n<p><strong>Proteger lo que amamos<\/strong><\/p>\n<p>Pero, \u00bfpodemos realmente marcar una diferencia significativa en las crisis ambientales globales, ya sea como individuos o como un cuerpo unido de la iglesia? Y de ser as\u00ed, \u00bfc\u00f3mo hacerlo?<\/p>\n<p>Cada gran movimiento comienza con uno o varios individuos que se apasionan por algo que creen que es verdaderamente importante. Est\u00e1n dispuestos a pensar en ello y a dedicarle tiempo y energ\u00eda. Como cristianos, estamos dedicados a orar sobre lo que deber\u00edamos hacer y sobre c\u00f3mo deber\u00edamos usar nuestros recursos.<\/p>\n<p>El segundo libro de Dios no deber\u00eda ser ignorado. As\u00ed como hay poder en leer, estudiar y memorizar las Escrituras, hacer lo mismo con el segundo libro de Dios brindar\u00e1 cambios asombrosos en nuestra vida. Por ello, por favor, no lea tan solo este breve art\u00edculo sin actuar; planifique hoy c\u00f3mo va a hacer para pasar m\u00e1s tiempo en la naturaleza, caminando de la mano con su Creador.<\/p>\n<p>He aqu\u00ed un comentario final, en palabras de Elena G. White, para ayudar a persuadirlo a cosechar los maravillosos beneficios de pasar tiempo en la creaci\u00f3n de Dios: \u201cDios nos ha rodeado del hermoso escenario de la naturaleza para atraer e interesar la mente. Su prop\u00f3sito es que asociemos las glorias de la naturaleza con su car\u00e1cter. Si estudiamos fielmente el libro de la naturaleza, hallaremos que es una fuente fruct\u00edfera para la contemplaci\u00f3n del amor infinito y el poder de Dios\u201d (Mensajes para los j\u00f3venes, p. 259).<\/p>\n<p>La <a href=\"https:\/\/outlookmag.org\/how-eco-happiness-boosts-wellbeing\/\">versi\u00f3n original<\/a> de este comentario fue publicado en la revista Outlook de la Uni\u00f3n Asociaci\u00f3n Central de los Estados Unidos.<\/p>\n<p>Traducci\u00f3n de Marcos Paseggi<\/p>\n","protected":false},"excerpt":{"rendered":"<p>\u00bfCu\u00e1ndo fue la \u00faltima vez que pas\u00f3 un tiempo en la naturaleza? Sin el tel\u00e9fono. 30 de octubre de 2022 | Lincoln, Nebraska, Estados Unidos | August Gary Thurber, Outlook&#8230;<\/p>\n","protected":false},"author":3,"featured_media":91121,"comment_status":"closed","ping_status":"closed","sticky":false,"template":"","format":"standard","meta":{"_acf_changed":false,"footnotes":""},"categories":[14,15],"tags":[],"class_list":["post-91143","post","type-post","status-publish","format-standard","has-post-thumbnail","hentry","category-de-la-iglesia-mundial","category-rss-espanol"],"acf":[],"yoast_head":"<!-- This site is optimized with the Yoast SEO plugin v27.3 - https:\/\/yoast.com\/product\/yoast-seo-wordpress\/ -->\n<title>De qu\u00e9 manera la ecofelicidad estimula el bienestar - Iglesia Adventista del S\u00e9ptimo D\u00eda - Divisi\u00f3n Interamericana<\/title>\n<meta name=\"robots\" content=\"index, follow, max-snippet:-1, max-image-preview:large, max-video-preview:-1\" \/>\n<link rel=\"canonical\" href=\"https:\/\/interamerica.org\/es\/2022\/10\/de-que-manera-la-ecofelicidad-estimula-el-bienestar\/\" \/>\n<meta property=\"og:locale\" content=\"es_ES\" \/>\n<meta property=\"og:type\" content=\"article\" \/>\n<meta property=\"og:title\" content=\"De qu\u00e9 manera la ecofelicidad estimula el bienestar - Iglesia Adventista del S\u00e9ptimo D\u00eda - Divisi\u00f3n Interamericana\" \/>\n<meta property=\"og:description\" content=\"\u00bfCu\u00e1ndo fue la \u00faltima vez que pas\u00f3 un tiempo en la naturaleza? Sin el tel\u00e9fono. 30 de octubre de 2022 | Lincoln, Nebraska, Estados Unidos | August Gary Thurber, Outlook...\" \/>\n<meta property=\"og:url\" content=\"https:\/\/interamerica.org\/es\/2022\/10\/de-que-manera-la-ecofelicidad-estimula-el-bienestar\/\" \/>\n<meta property=\"og:site_name\" content=\"Iglesia Adventista del S\u00e9ptimo D\u00eda - Divisi\u00f3n Interamericana\" \/>\n<meta property=\"article:published_time\" content=\"2022-10-30T14:15:55+00:00\" \/>\n<meta property=\"article:modified_time\" content=\"2022-10-31T15:38:23+00:00\" \/>\n<meta property=\"og:image\" content=\"https:\/\/interamerica.org\/wp-content\/uploads\/2022\/10\/aaron-burden-g-1v58e0tym-unsplash.jpg\" \/>\n\t<meta property=\"og:image:width\" content=\"1280\" \/>\n\t<meta property=\"og:image:height\" content=\"800\" \/>\n\t<meta property=\"og:image:type\" content=\"image\/jpeg\" \/>\n<meta name=\"author\" content=\"libna\" \/>\n<meta name=\"twitter:card\" content=\"summary_large_image\" \/>\n<meta name=\"twitter:label1\" content=\"Escrito por\" \/>\n\t<meta name=\"twitter:data1\" content=\"libna\" \/>\n\t<meta name=\"twitter:label2\" content=\"Tiempo de lectura\" \/>\n\t<meta name=\"twitter:data2\" content=\"4 minutos\" \/>\n<script type=\"application\/ld+json\" class=\"yoast-schema-graph\">{\"@context\":\"https:\\\/\\\/schema.org\",\"@graph\":[{\"@type\":\"Article\",\"@id\":\"https:\\\/\\\/interamerica.org\\\/es\\\/2022\\\/10\\\/de-que-manera-la-ecofelicidad-estimula-el-bienestar\\\/#article\",\"isPartOf\":{\"@id\":\"https:\\\/\\\/interamerica.org\\\/es\\\/2022\\\/10\\\/de-que-manera-la-ecofelicidad-estimula-el-bienestar\\\/\"},\"author\":{\"name\":\"libna\",\"@id\":\"https:\\\/\\\/interamerica.org\\\/es\\\/#\\\/schema\\\/person\\\/29998f2bc2d8bd0d38662909289b54f1\"},\"headline\":\"De qu\u00e9 manera la ecofelicidad estimula el bienestar\",\"datePublished\":\"2022-10-30T14:15:55+00:00\",\"dateModified\":\"2022-10-31T15:38:23+00:00\",\"mainEntityOfPage\":{\"@id\":\"https:\\\/\\\/interamerica.org\\\/es\\\/2022\\\/10\\\/de-que-manera-la-ecofelicidad-estimula-el-bienestar\\\/\"},\"wordCount\":936,\"image\":{\"@id\":\"https:\\\/\\\/interamerica.org\\\/es\\\/2022\\\/10\\\/de-que-manera-la-ecofelicidad-estimula-el-bienestar\\\/#primaryimage\"},\"thumbnailUrl\":\"https:\\\/\\\/interamerica.org\\\/wp-content\\\/uploads\\\/2022\\\/10\\\/aaron-burden-g-1v58e0tym-unsplash.jpg\",\"articleSection\":[\"Desde la iglesia mundial\",\"RSS Espa\u00f1ol\"],\"inLanguage\":\"es\"},{\"@type\":\"WebPage\",\"@id\":\"https:\\\/\\\/interamerica.org\\\/es\\\/2022\\\/10\\\/de-que-manera-la-ecofelicidad-estimula-el-bienestar\\\/\",\"url\":\"https:\\\/\\\/interamerica.org\\\/es\\\/2022\\\/10\\\/de-que-manera-la-ecofelicidad-estimula-el-bienestar\\\/\",\"name\":\"De qu\u00e9 manera la ecofelicidad estimula el bienestar - Iglesia Adventista del S\u00e9ptimo D\u00eda - Divisi\u00f3n Interamericana\",\"isPartOf\":{\"@id\":\"https:\\\/\\\/interamerica.org\\\/es\\\/#website\"},\"primaryImageOfPage\":{\"@id\":\"https:\\\/\\\/interamerica.org\\\/es\\\/2022\\\/10\\\/de-que-manera-la-ecofelicidad-estimula-el-bienestar\\\/#primaryimage\"},\"image\":{\"@id\":\"https:\\\/\\\/interamerica.org\\\/es\\\/2022\\\/10\\\/de-que-manera-la-ecofelicidad-estimula-el-bienestar\\\/#primaryimage\"},\"thumbnailUrl\":\"https:\\\/\\\/interamerica.org\\\/wp-content\\\/uploads\\\/2022\\\/10\\\/aaron-burden-g-1v58e0tym-unsplash.jpg\",\"datePublished\":\"2022-10-30T14:15:55+00:00\",\"dateModified\":\"2022-10-31T15:38:23+00:00\",\"author\":{\"@id\":\"https:\\\/\\\/interamerica.org\\\/es\\\/#\\\/schema\\\/person\\\/29998f2bc2d8bd0d38662909289b54f1\"},\"breadcrumb\":{\"@id\":\"https:\\\/\\\/interamerica.org\\\/es\\\/2022\\\/10\\\/de-que-manera-la-ecofelicidad-estimula-el-bienestar\\\/#breadcrumb\"},\"inLanguage\":\"es\",\"potentialAction\":[{\"@type\":\"ReadAction\",\"target\":[\"https:\\\/\\\/interamerica.org\\\/es\\\/2022\\\/10\\\/de-que-manera-la-ecofelicidad-estimula-el-bienestar\\\/\"]}]},{\"@type\":\"ImageObject\",\"inLanguage\":\"es\",\"@id\":\"https:\\\/\\\/interamerica.org\\\/es\\\/2022\\\/10\\\/de-que-manera-la-ecofelicidad-estimula-el-bienestar\\\/#primaryimage\",\"url\":\"https:\\\/\\\/interamerica.org\\\/wp-content\\\/uploads\\\/2022\\\/10\\\/aaron-burden-g-1v58e0tym-unsplash.jpg\",\"contentUrl\":\"https:\\\/\\\/interamerica.org\\\/wp-content\\\/uploads\\\/2022\\\/10\\\/aaron-burden-g-1v58e0tym-unsplash.jpg\",\"width\":1280,\"height\":800,\"caption\":\"[Photo: Aaron Burden\\\/Unsplash]\"},{\"@type\":\"BreadcrumbList\",\"@id\":\"https:\\\/\\\/interamerica.org\\\/es\\\/2022\\\/10\\\/de-que-manera-la-ecofelicidad-estimula-el-bienestar\\\/#breadcrumb\",\"itemListElement\":[{\"@type\":\"ListItem\",\"position\":1,\"name\":\"Home\",\"item\":\"https:\\\/\\\/interamerica.org\\\/es\\\/\"},{\"@type\":\"ListItem\",\"position\":2,\"name\":\"De qu\u00e9 manera la ecofelicidad estimula el bienestar\"}]},{\"@type\":\"WebSite\",\"@id\":\"https:\\\/\\\/interamerica.org\\\/es\\\/#website\",\"url\":\"https:\\\/\\\/interamerica.org\\\/es\\\/\",\"name\":\"Iglesia Adventista del S\u00e9ptimo D\u00eda - Divisi\u00f3n Interamericana\",\"description\":\"\",\"potentialAction\":[{\"@type\":\"SearchAction\",\"target\":{\"@type\":\"EntryPoint\",\"urlTemplate\":\"https:\\\/\\\/interamerica.org\\\/es\\\/?s={search_term_string}\"},\"query-input\":{\"@type\":\"PropertyValueSpecification\",\"valueRequired\":true,\"valueName\":\"search_term_string\"}}],\"inLanguage\":\"es\"},{\"@type\":\"Person\",\"@id\":\"https:\\\/\\\/interamerica.org\\\/es\\\/#\\\/schema\\\/person\\\/29998f2bc2d8bd0d38662909289b54f1\",\"name\":\"libna\",\"image\":{\"@type\":\"ImageObject\",\"inLanguage\":\"es\",\"@id\":\"https:\\\/\\\/secure.gravatar.com\\\/avatar\\\/7c5bd30ae4b47a9ba3c856590957fd1d96dc588bf3ac05719d247e126840331f?s=96&d=mm&r=g\",\"url\":\"https:\\\/\\\/secure.gravatar.com\\\/avatar\\\/7c5bd30ae4b47a9ba3c856590957fd1d96dc588bf3ac05719d247e126840331f?s=96&d=mm&r=g\",\"contentUrl\":\"https:\\\/\\\/secure.gravatar.com\\\/avatar\\\/7c5bd30ae4b47a9ba3c856590957fd1d96dc588bf3ac05719d247e126840331f?s=96&d=mm&r=g\",\"caption\":\"libna\"}}]}<\/script>\n<!-- \/ Yoast SEO plugin. -->","yoast_head_json":{"title":"De qu\u00e9 manera la ecofelicidad estimula el bienestar - Iglesia Adventista del S\u00e9ptimo D\u00eda - Divisi\u00f3n Interamericana","robots":{"index":"index","follow":"follow","max-snippet":"max-snippet:-1","max-image-preview":"max-image-preview:large","max-video-preview":"max-video-preview:-1"},"canonical":"https:\/\/interamerica.org\/es\/2022\/10\/de-que-manera-la-ecofelicidad-estimula-el-bienestar\/","og_locale":"es_ES","og_type":"article","og_title":"De qu\u00e9 manera la ecofelicidad estimula el bienestar - Iglesia Adventista del S\u00e9ptimo D\u00eda - Divisi\u00f3n Interamericana","og_description":"\u00bfCu\u00e1ndo fue la \u00faltima vez que pas\u00f3 un tiempo en la naturaleza? Sin el tel\u00e9fono. 30 de octubre de 2022 | Lincoln, Nebraska, Estados Unidos | August Gary Thurber, Outlook...","og_url":"https:\/\/interamerica.org\/es\/2022\/10\/de-que-manera-la-ecofelicidad-estimula-el-bienestar\/","og_site_name":"Iglesia Adventista del S\u00e9ptimo D\u00eda - Divisi\u00f3n Interamericana","article_published_time":"2022-10-30T14:15:55+00:00","article_modified_time":"2022-10-31T15:38:23+00:00","og_image":[{"width":1280,"height":800,"url":"https:\/\/interamerica.org\/wp-content\/uploads\/2022\/10\/aaron-burden-g-1v58e0tym-unsplash.jpg","type":"image\/jpeg"}],"author":"libna","twitter_card":"summary_large_image","twitter_misc":{"Escrito por":"libna","Tiempo de lectura":"4 minutos"},"schema":{"@context":"https:\/\/schema.org","@graph":[{"@type":"Article","@id":"https:\/\/interamerica.org\/es\/2022\/10\/de-que-manera-la-ecofelicidad-estimula-el-bienestar\/#article","isPartOf":{"@id":"https:\/\/interamerica.org\/es\/2022\/10\/de-que-manera-la-ecofelicidad-estimula-el-bienestar\/"},"author":{"name":"libna","@id":"https:\/\/interamerica.org\/es\/#\/schema\/person\/29998f2bc2d8bd0d38662909289b54f1"},"headline":"De qu\u00e9 manera la ecofelicidad estimula el bienestar","datePublished":"2022-10-30T14:15:55+00:00","dateModified":"2022-10-31T15:38:23+00:00","mainEntityOfPage":{"@id":"https:\/\/interamerica.org\/es\/2022\/10\/de-que-manera-la-ecofelicidad-estimula-el-bienestar\/"},"wordCount":936,"image":{"@id":"https:\/\/interamerica.org\/es\/2022\/10\/de-que-manera-la-ecofelicidad-estimula-el-bienestar\/#primaryimage"},"thumbnailUrl":"https:\/\/interamerica.org\/wp-content\/uploads\/2022\/10\/aaron-burden-g-1v58e0tym-unsplash.jpg","articleSection":["Desde la iglesia mundial","RSS Espa\u00f1ol"],"inLanguage":"es"},{"@type":"WebPage","@id":"https:\/\/interamerica.org\/es\/2022\/10\/de-que-manera-la-ecofelicidad-estimula-el-bienestar\/","url":"https:\/\/interamerica.org\/es\/2022\/10\/de-que-manera-la-ecofelicidad-estimula-el-bienestar\/","name":"De qu\u00e9 manera la ecofelicidad estimula el bienestar - Iglesia Adventista del S\u00e9ptimo D\u00eda - Divisi\u00f3n Interamericana","isPartOf":{"@id":"https:\/\/interamerica.org\/es\/#website"},"primaryImageOfPage":{"@id":"https:\/\/interamerica.org\/es\/2022\/10\/de-que-manera-la-ecofelicidad-estimula-el-bienestar\/#primaryimage"},"image":{"@id":"https:\/\/interamerica.org\/es\/2022\/10\/de-que-manera-la-ecofelicidad-estimula-el-bienestar\/#primaryimage"},"thumbnailUrl":"https:\/\/interamerica.org\/wp-content\/uploads\/2022\/10\/aaron-burden-g-1v58e0tym-unsplash.jpg","datePublished":"2022-10-30T14:15:55+00:00","dateModified":"2022-10-31T15:38:23+00:00","author":{"@id":"https:\/\/interamerica.org\/es\/#\/schema\/person\/29998f2bc2d8bd0d38662909289b54f1"},"breadcrumb":{"@id":"https:\/\/interamerica.org\/es\/2022\/10\/de-que-manera-la-ecofelicidad-estimula-el-bienestar\/#breadcrumb"},"inLanguage":"es","potentialAction":[{"@type":"ReadAction","target":["https:\/\/interamerica.org\/es\/2022\/10\/de-que-manera-la-ecofelicidad-estimula-el-bienestar\/"]}]},{"@type":"ImageObject","inLanguage":"es","@id":"https:\/\/interamerica.org\/es\/2022\/10\/de-que-manera-la-ecofelicidad-estimula-el-bienestar\/#primaryimage","url":"https:\/\/interamerica.org\/wp-content\/uploads\/2022\/10\/aaron-burden-g-1v58e0tym-unsplash.jpg","contentUrl":"https:\/\/interamerica.org\/wp-content\/uploads\/2022\/10\/aaron-burden-g-1v58e0tym-unsplash.jpg","width":1280,"height":800,"caption":"[Photo: Aaron Burden\/Unsplash]"},{"@type":"BreadcrumbList","@id":"https:\/\/interamerica.org\/es\/2022\/10\/de-que-manera-la-ecofelicidad-estimula-el-bienestar\/#breadcrumb","itemListElement":[{"@type":"ListItem","position":1,"name":"Home","item":"https:\/\/interamerica.org\/es\/"},{"@type":"ListItem","position":2,"name":"De qu\u00e9 manera la ecofelicidad estimula el bienestar"}]},{"@type":"WebSite","@id":"https:\/\/interamerica.org\/es\/#website","url":"https:\/\/interamerica.org\/es\/","name":"Iglesia Adventista del S\u00e9ptimo D\u00eda - Divisi\u00f3n Interamericana","description":"","potentialAction":[{"@type":"SearchAction","target":{"@type":"EntryPoint","urlTemplate":"https:\/\/interamerica.org\/es\/?s={search_term_string}"},"query-input":{"@type":"PropertyValueSpecification","valueRequired":true,"valueName":"search_term_string"}}],"inLanguage":"es"},{"@type":"Person","@id":"https:\/\/interamerica.org\/es\/#\/schema\/person\/29998f2bc2d8bd0d38662909289b54f1","name":"libna","image":{"@type":"ImageObject","inLanguage":"es","@id":"https:\/\/secure.gravatar.com\/avatar\/7c5bd30ae4b47a9ba3c856590957fd1d96dc588bf3ac05719d247e126840331f?s=96&d=mm&r=g","url":"https:\/\/secure.gravatar.com\/avatar\/7c5bd30ae4b47a9ba3c856590957fd1d96dc588bf3ac05719d247e126840331f?s=96&d=mm&r=g","contentUrl":"https:\/\/secure.gravatar.com\/avatar\/7c5bd30ae4b47a9ba3c856590957fd1d96dc588bf3ac05719d247e126840331f?s=96&d=mm&r=g","caption":"libna"}}]}},"_links":{"self":[{"href":"https:\/\/interamerica.org\/es\/wp-json\/wp\/v2\/posts\/91143","targetHints":{"allow":["GET"]}}],"collection":[{"href":"https:\/\/interamerica.org\/es\/wp-json\/wp\/v2\/posts"}],"about":[{"href":"https:\/\/interamerica.org\/es\/wp-json\/wp\/v2\/types\/post"}],"author":[{"embeddable":true,"href":"https:\/\/interamerica.org\/es\/wp-json\/wp\/v2\/users\/3"}],"replies":[{"embeddable":true,"href":"https:\/\/interamerica.org\/es\/wp-json\/wp\/v2\/comments?post=91143"}],"version-history":[{"count":0,"href":"https:\/\/interamerica.org\/es\/wp-json\/wp\/v2\/posts\/91143\/revisions"}],"wp:featuredmedia":[{"embeddable":true,"href":"https:\/\/interamerica.org\/es\/wp-json\/wp\/v2\/media\/91121"}],"wp:attachment":[{"href":"https:\/\/interamerica.org\/es\/wp-json\/wp\/v2\/media?parent=91143"}],"wp:term":[{"taxonomy":"category","embeddable":true,"href":"https:\/\/interamerica.org\/es\/wp-json\/wp\/v2\/categories?post=91143"},{"taxonomy":"post_tag","embeddable":true,"href":"https:\/\/interamerica.org\/es\/wp-json\/wp\/v2\/tags?post=91143"}],"curies":[{"name":"wp","href":"https:\/\/api.w.org\/{rel}","templated":true}]}}