{"id":91506,"date":"2022-11-10T12:56:15","date_gmt":"2022-11-10T17:56:15","guid":{"rendered":"https:\/\/interamerica.org\/?p=91506"},"modified":"2022-11-10T14:26:57","modified_gmt":"2022-11-10T19:26:57","slug":"proyecto-radio-en-movimiento-comienza-su-travesia-por-ucrania","status":"publish","type":"post","link":"https:\/\/interamerica.org\/es\/2022\/11\/proyecto-radio-en-movimiento-comienza-su-travesia-por-ucrania\/","title":{"rendered":"Proyecto \u201cRadio en Movimiento\u201d comienza su traves\u00eda por Ucrania"},"content":{"rendered":"<div class=\"u-width--100p u-spacing\">\n<p class=\"c-block__title u-color--white u-font--primary--l u-font-weight--bold u-theme--color--lighter\"><span style=\"font-size: 16px;\">10 de noviembre de 2022 | Ucrania | Valentyn Zahreba<\/span><\/p>\n<p>Radio Mundial Adventista (AWR) ha lanzado un proyecto para ayudar a Ucrania.<\/p>\n<p>Por iniciativa de los l\u00edderes de Radio Mundial Adventista (AWR) Duane McKey, presidente de AWR, y Vasily Makarchuk, director regional europeo, se prepar\u00f3 un semitr\u00e1iler especialmente para Ucrania, que recorrer\u00e1 el pa\u00eds. El prop\u00f3sito del viaje es ayudar a los residentes de las diversas regiones, en especial en territorios que sufren las consecuencias de la guerra, donde viven muchos de los desplazados.<\/p>\n<p>Durante el encuentro anual de la Iglesia Adventista en Ucrania del 28-30 de octubre, se present\u00f3 el proyecto a los asistentes.<\/p>\n<p>Se llev\u00f3 a cabo por primera vez el encuentro de la Uni\u00f3n Asociaci\u00f3n Ucraniana, despu\u00e9s de que la Uni\u00f3n Ucraniana se convirtiera en un territorio adjunto a la Asociaci\u00f3n General en abril de 2022. El vicepresidente de la Asociaci\u00f3n General Artur Stele presidi\u00f3 el encuentro.<\/p>\n<p>Maksym Krupskyi, director del Grupo Hope Media, present\u00f3 a los participantes presentes la implementaci\u00f3n de \u201cRadio en Movimiento\u201d, del cual es socio el Grupo Hope Media.<\/p>\n<p>Andrii Skoryna, el gerente de proyectos, habl\u00f3 por Zoom sobre el equipo involucrado en la preparaci\u00f3n del movimiento del cami\u00f3n por Ucrania. El semitr\u00e1iler contiene equipamientos m\u00e9dicos para recibir y atender pacientes. Especialistas en varios campos, como por ejemplo doctores y psic\u00f3logos, brindar\u00e1n la ayuda necesaria (ya sea psicol\u00f3gica, m\u00e9dica o espiritual) y viajar\u00e1n con Skoryna. Asimismo, la Escuela B\u00edblica, que es parte del ministerio del Grupo de Medios, tambi\u00e9n brindar\u00e1 materiales y participar\u00e1 activamente en el proyecto. Serhii Vershylo, director de la Escuela B\u00edblica, hizo muchos esfuerzos para que el proyecto contara con los materiales necesarios y estableciera cooperaci\u00f3n con los socios.<\/p>\n<p>Un invitado especial al encuentro fue Kent Sharpe, gerente de proyectos y vicepresidente de AWR, quien lleg\u00f3 a Ucrania para apoyar el lanzamiento de \u201cRadio en Movimiento\u201d.<\/p>\n<p>Sharpe habl\u00f3 sobre las etapas de la preparaci\u00f3n del proyecto y las oportunidades ofrecidas por esta iniciativa. Llam\u00f3 la atenci\u00f3n al hecho de que a pesar de los momentos dif\u00edciles que est\u00e1n experimentando, siempre hay rayos de luz que atraviesan las tinieblas.<\/p>\n<p>Sharpe or\u00f3 al Se\u00f1or junto con los presentes en la oraci\u00f3n de dedicaci\u00f3n: de que las reuniones futuras con \u201cRadio en Movimiento\u201d en las diversas regiones ayuden a que el pueblo de Ucrania reciba ayuda y esperanza en estos tiempos dif\u00edciles.<\/p>\n<p>La primera traves\u00eda del cami\u00f3n de \u201cRadio en Movimiento\u201d est\u00e1 planificada para la ciudad de Mukachevo en el mes de noviembre de 2022.<\/p>\n<p><em>El art\u00edculo <\/em><a href=\"https:\/\/adventist.ua\/news\/ukraine\/Proiekt-Radio-v-rusi-pochynaie-podorozh-Ukrainoiu\/\" target=\"_blank\" rel=\"noopener noreferrer\"><em>original<\/em><\/a><em> fue publicado en ucraniano en el <\/em><a href=\"https:\/\/adventist.ua\/news\/\" target=\"_blank\" rel=\"noopener noreferrer\"><em>sitio<\/em><\/a> de la Uni\u00f3n Asociaci\u00f3n Ucraniana.<\/p>\n<\/div>\n<p>Traducci\u00f3n de Marcos Paseggi<\/p>\n","protected":false},"excerpt":{"rendered":"<p>10 de noviembre de 2022 | Ucrania | Valentyn Zahreba Radio Mundial Adventista (AWR) ha lanzado un proyecto para ayudar a Ucrania. Por iniciativa de los l\u00edderes de Radio Mundial&#8230;<\/p>\n","protected":false},"author":3,"featured_media":91485,"comment_status":"closed","ping_status":"closed","sticky":false,"template":"","format":"standard","meta":{"_acf_changed":false,"footnotes":""},"categories":[14,15],"tags":[],"class_list":["post-91506","post","type-post","status-publish","format-standard","has-post-thumbnail","hentry","category-de-la-iglesia-mundial","category-rss-espanol"],"acf":[],"yoast_head":"<!-- This site is optimized with the Yoast SEO plugin v27.3 - https:\/\/yoast.com\/product\/yoast-seo-wordpress\/ -->\n<title>Proyecto \u201cRadio en Movimiento\u201d comienza su traves\u00eda por Ucrania - Iglesia Adventista del S\u00e9ptimo D\u00eda - Divisi\u00f3n Interamericana<\/title>\n<meta name=\"robots\" content=\"index, follow, max-snippet:-1, max-image-preview:large, max-video-preview:-1\" \/>\n<link rel=\"canonical\" href=\"https:\/\/interamerica.org\/es\/2022\/11\/proyecto-radio-en-movimiento-comienza-su-travesia-por-ucrania\/\" \/>\n<meta property=\"og:locale\" content=\"es_ES\" \/>\n<meta property=\"og:type\" content=\"article\" \/>\n<meta property=\"og:title\" content=\"Proyecto \u201cRadio en Movimiento\u201d comienza su traves\u00eda por Ucrania - Iglesia Adventista del S\u00e9ptimo D\u00eda - Divisi\u00f3n Interamericana\" \/>\n<meta property=\"og:description\" content=\"10 de noviembre de 2022 | Ucrania | Valentyn Zahreba Radio Mundial Adventista (AWR) ha lanzado un proyecto para ayudar a Ucrania. Por iniciativa de los l\u00edderes de Radio Mundial...\" \/>\n<meta property=\"og:url\" content=\"https:\/\/interamerica.org\/es\/2022\/11\/proyecto-radio-en-movimiento-comienza-su-travesia-por-ucrania\/\" \/>\n<meta property=\"og:site_name\" content=\"Iglesia Adventista del S\u00e9ptimo D\u00eda - Divisi\u00f3n Interamericana\" \/>\n<meta property=\"article:published_time\" content=\"2022-11-10T17:56:15+00:00\" \/>\n<meta property=\"article:modified_time\" content=\"2022-11-10T19:26:57+00:00\" \/>\n<meta property=\"og:image\" content=\"https:\/\/interamerica.org\/wp-content\/uploads\/2022\/11\/radio-on-the-move-ukraine.jpg\" \/>\n\t<meta property=\"og:image:width\" content=\"1000\" \/>\n\t<meta property=\"og:image:height\" content=\"563\" \/>\n\t<meta property=\"og:image:type\" content=\"image\/jpeg\" \/>\n<meta name=\"author\" content=\"libna\" \/>\n<meta name=\"twitter:card\" content=\"summary_large_image\" \/>\n<meta name=\"twitter:label1\" content=\"Escrito por\" \/>\n\t<meta name=\"twitter:data1\" content=\"libna\" \/>\n\t<meta name=\"twitter:label2\" content=\"Tiempo de lectura\" \/>\n\t<meta name=\"twitter:data2\" content=\"2 minutos\" \/>\n<script type=\"application\/ld+json\" class=\"yoast-schema-graph\">{\"@context\":\"https:\\\/\\\/schema.org\",\"@graph\":[{\"@type\":\"Article\",\"@id\":\"https:\\\/\\\/interamerica.org\\\/es\\\/2022\\\/11\\\/proyecto-radio-en-movimiento-comienza-su-travesia-por-ucrania\\\/#article\",\"isPartOf\":{\"@id\":\"https:\\\/\\\/interamerica.org\\\/es\\\/2022\\\/11\\\/proyecto-radio-en-movimiento-comienza-su-travesia-por-ucrania\\\/\"},\"author\":{\"name\":\"libna\",\"@id\":\"https:\\\/\\\/interamerica.org\\\/es\\\/#\\\/schema\\\/person\\\/29998f2bc2d8bd0d38662909289b54f1\"},\"headline\":\"Proyecto \u201cRadio en Movimiento\u201d comienza su traves\u00eda por Ucrania\",\"datePublished\":\"2022-11-10T17:56:15+00:00\",\"dateModified\":\"2022-11-10T19:26:57+00:00\",\"mainEntityOfPage\":{\"@id\":\"https:\\\/\\\/interamerica.org\\\/es\\\/2022\\\/11\\\/proyecto-radio-en-movimiento-comienza-su-travesia-por-ucrania\\\/\"},\"wordCount\":473,\"image\":{\"@id\":\"https:\\\/\\\/interamerica.org\\\/es\\\/2022\\\/11\\\/proyecto-radio-en-movimiento-comienza-su-travesia-por-ucrania\\\/#primaryimage\"},\"thumbnailUrl\":\"https:\\\/\\\/interamerica.org\\\/wp-content\\\/uploads\\\/2022\\\/11\\\/radio-on-the-move-ukraine.jpg\",\"articleSection\":[\"Desde la iglesia mundial\",\"RSS Espa\u00f1ol\"],\"inLanguage\":\"es\"},{\"@type\":\"WebPage\",\"@id\":\"https:\\\/\\\/interamerica.org\\\/es\\\/2022\\\/11\\\/proyecto-radio-en-movimiento-comienza-su-travesia-por-ucrania\\\/\",\"url\":\"https:\\\/\\\/interamerica.org\\\/es\\\/2022\\\/11\\\/proyecto-radio-en-movimiento-comienza-su-travesia-por-ucrania\\\/\",\"name\":\"Proyecto \u201cRadio en Movimiento\u201d comienza su traves\u00eda por Ucrania - Iglesia Adventista del S\u00e9ptimo D\u00eda - Divisi\u00f3n Interamericana\",\"isPartOf\":{\"@id\":\"https:\\\/\\\/interamerica.org\\\/es\\\/#website\"},\"primaryImageOfPage\":{\"@id\":\"https:\\\/\\\/interamerica.org\\\/es\\\/2022\\\/11\\\/proyecto-radio-en-movimiento-comienza-su-travesia-por-ucrania\\\/#primaryimage\"},\"image\":{\"@id\":\"https:\\\/\\\/interamerica.org\\\/es\\\/2022\\\/11\\\/proyecto-radio-en-movimiento-comienza-su-travesia-por-ucrania\\\/#primaryimage\"},\"thumbnailUrl\":\"https:\\\/\\\/interamerica.org\\\/wp-content\\\/uploads\\\/2022\\\/11\\\/radio-on-the-move-ukraine.jpg\",\"datePublished\":\"2022-11-10T17:56:15+00:00\",\"dateModified\":\"2022-11-10T19:26:57+00:00\",\"author\":{\"@id\":\"https:\\\/\\\/interamerica.org\\\/es\\\/#\\\/schema\\\/person\\\/29998f2bc2d8bd0d38662909289b54f1\"},\"breadcrumb\":{\"@id\":\"https:\\\/\\\/interamerica.org\\\/es\\\/2022\\\/11\\\/proyecto-radio-en-movimiento-comienza-su-travesia-por-ucrania\\\/#breadcrumb\"},\"inLanguage\":\"es\",\"potentialAction\":[{\"@type\":\"ReadAction\",\"target\":[\"https:\\\/\\\/interamerica.org\\\/es\\\/2022\\\/11\\\/proyecto-radio-en-movimiento-comienza-su-travesia-por-ucrania\\\/\"]}]},{\"@type\":\"ImageObject\",\"inLanguage\":\"es\",\"@id\":\"https:\\\/\\\/interamerica.org\\\/es\\\/2022\\\/11\\\/proyecto-radio-en-movimiento-comienza-su-travesia-por-ucrania\\\/#primaryimage\",\"url\":\"https:\\\/\\\/interamerica.org\\\/wp-content\\\/uploads\\\/2022\\\/11\\\/radio-on-the-move-ukraine.jpg\",\"contentUrl\":\"https:\\\/\\\/interamerica.org\\\/wp-content\\\/uploads\\\/2022\\\/11\\\/radio-on-the-move-ukraine.jpg\",\"width\":1000,\"height\":563},{\"@type\":\"BreadcrumbList\",\"@id\":\"https:\\\/\\\/interamerica.org\\\/es\\\/2022\\\/11\\\/proyecto-radio-en-movimiento-comienza-su-travesia-por-ucrania\\\/#breadcrumb\",\"itemListElement\":[{\"@type\":\"ListItem\",\"position\":1,\"name\":\"Home\",\"item\":\"https:\\\/\\\/interamerica.org\\\/es\\\/\"},{\"@type\":\"ListItem\",\"position\":2,\"name\":\"Proyecto \u201cRadio en Movimiento\u201d comienza su traves\u00eda por Ucrania\"}]},{\"@type\":\"WebSite\",\"@id\":\"https:\\\/\\\/interamerica.org\\\/es\\\/#website\",\"url\":\"https:\\\/\\\/interamerica.org\\\/es\\\/\",\"name\":\"Iglesia Adventista del S\u00e9ptimo D\u00eda - Divisi\u00f3n Interamericana\",\"description\":\"\",\"potentialAction\":[{\"@type\":\"SearchAction\",\"target\":{\"@type\":\"EntryPoint\",\"urlTemplate\":\"https:\\\/\\\/interamerica.org\\\/es\\\/?s={search_term_string}\"},\"query-input\":{\"@type\":\"PropertyValueSpecification\",\"valueRequired\":true,\"valueName\":\"search_term_string\"}}],\"inLanguage\":\"es\"},{\"@type\":\"Person\",\"@id\":\"https:\\\/\\\/interamerica.org\\\/es\\\/#\\\/schema\\\/person\\\/29998f2bc2d8bd0d38662909289b54f1\",\"name\":\"libna\",\"image\":{\"@type\":\"ImageObject\",\"inLanguage\":\"es\",\"@id\":\"https:\\\/\\\/secure.gravatar.com\\\/avatar\\\/7c5bd30ae4b47a9ba3c856590957fd1d96dc588bf3ac05719d247e126840331f?s=96&d=mm&r=g\",\"url\":\"https:\\\/\\\/secure.gravatar.com\\\/avatar\\\/7c5bd30ae4b47a9ba3c856590957fd1d96dc588bf3ac05719d247e126840331f?s=96&d=mm&r=g\",\"contentUrl\":\"https:\\\/\\\/secure.gravatar.com\\\/avatar\\\/7c5bd30ae4b47a9ba3c856590957fd1d96dc588bf3ac05719d247e126840331f?s=96&d=mm&r=g\",\"caption\":\"libna\"}}]}<\/script>\n<!-- \/ Yoast SEO plugin. -->","yoast_head_json":{"title":"Proyecto \u201cRadio en Movimiento\u201d comienza su traves\u00eda por Ucrania - Iglesia Adventista del S\u00e9ptimo D\u00eda - Divisi\u00f3n Interamericana","robots":{"index":"index","follow":"follow","max-snippet":"max-snippet:-1","max-image-preview":"max-image-preview:large","max-video-preview":"max-video-preview:-1"},"canonical":"https:\/\/interamerica.org\/es\/2022\/11\/proyecto-radio-en-movimiento-comienza-su-travesia-por-ucrania\/","og_locale":"es_ES","og_type":"article","og_title":"Proyecto \u201cRadio en Movimiento\u201d comienza su traves\u00eda por Ucrania - Iglesia Adventista del S\u00e9ptimo D\u00eda - Divisi\u00f3n Interamericana","og_description":"10 de noviembre de 2022 | Ucrania | Valentyn Zahreba Radio Mundial Adventista (AWR) ha lanzado un proyecto para ayudar a Ucrania. Por iniciativa de los l\u00edderes de Radio Mundial...","og_url":"https:\/\/interamerica.org\/es\/2022\/11\/proyecto-radio-en-movimiento-comienza-su-travesia-por-ucrania\/","og_site_name":"Iglesia Adventista del S\u00e9ptimo D\u00eda - Divisi\u00f3n Interamericana","article_published_time":"2022-11-10T17:56:15+00:00","article_modified_time":"2022-11-10T19:26:57+00:00","og_image":[{"width":1000,"height":563,"url":"https:\/\/interamerica.org\/wp-content\/uploads\/2022\/11\/radio-on-the-move-ukraine.jpg","type":"image\/jpeg"}],"author":"libna","twitter_card":"summary_large_image","twitter_misc":{"Escrito por":"libna","Tiempo de lectura":"2 minutos"},"schema":{"@context":"https:\/\/schema.org","@graph":[{"@type":"Article","@id":"https:\/\/interamerica.org\/es\/2022\/11\/proyecto-radio-en-movimiento-comienza-su-travesia-por-ucrania\/#article","isPartOf":{"@id":"https:\/\/interamerica.org\/es\/2022\/11\/proyecto-radio-en-movimiento-comienza-su-travesia-por-ucrania\/"},"author":{"name":"libna","@id":"https:\/\/interamerica.org\/es\/#\/schema\/person\/29998f2bc2d8bd0d38662909289b54f1"},"headline":"Proyecto \u201cRadio en Movimiento\u201d comienza su traves\u00eda por Ucrania","datePublished":"2022-11-10T17:56:15+00:00","dateModified":"2022-11-10T19:26:57+00:00","mainEntityOfPage":{"@id":"https:\/\/interamerica.org\/es\/2022\/11\/proyecto-radio-en-movimiento-comienza-su-travesia-por-ucrania\/"},"wordCount":473,"image":{"@id":"https:\/\/interamerica.org\/es\/2022\/11\/proyecto-radio-en-movimiento-comienza-su-travesia-por-ucrania\/#primaryimage"},"thumbnailUrl":"https:\/\/interamerica.org\/wp-content\/uploads\/2022\/11\/radio-on-the-move-ukraine.jpg","articleSection":["Desde la iglesia mundial","RSS Espa\u00f1ol"],"inLanguage":"es"},{"@type":"WebPage","@id":"https:\/\/interamerica.org\/es\/2022\/11\/proyecto-radio-en-movimiento-comienza-su-travesia-por-ucrania\/","url":"https:\/\/interamerica.org\/es\/2022\/11\/proyecto-radio-en-movimiento-comienza-su-travesia-por-ucrania\/","name":"Proyecto \u201cRadio en Movimiento\u201d comienza su traves\u00eda por Ucrania - Iglesia Adventista del S\u00e9ptimo D\u00eda - Divisi\u00f3n Interamericana","isPartOf":{"@id":"https:\/\/interamerica.org\/es\/#website"},"primaryImageOfPage":{"@id":"https:\/\/interamerica.org\/es\/2022\/11\/proyecto-radio-en-movimiento-comienza-su-travesia-por-ucrania\/#primaryimage"},"image":{"@id":"https:\/\/interamerica.org\/es\/2022\/11\/proyecto-radio-en-movimiento-comienza-su-travesia-por-ucrania\/#primaryimage"},"thumbnailUrl":"https:\/\/interamerica.org\/wp-content\/uploads\/2022\/11\/radio-on-the-move-ukraine.jpg","datePublished":"2022-11-10T17:56:15+00:00","dateModified":"2022-11-10T19:26:57+00:00","author":{"@id":"https:\/\/interamerica.org\/es\/#\/schema\/person\/29998f2bc2d8bd0d38662909289b54f1"},"breadcrumb":{"@id":"https:\/\/interamerica.org\/es\/2022\/11\/proyecto-radio-en-movimiento-comienza-su-travesia-por-ucrania\/#breadcrumb"},"inLanguage":"es","potentialAction":[{"@type":"ReadAction","target":["https:\/\/interamerica.org\/es\/2022\/11\/proyecto-radio-en-movimiento-comienza-su-travesia-por-ucrania\/"]}]},{"@type":"ImageObject","inLanguage":"es","@id":"https:\/\/interamerica.org\/es\/2022\/11\/proyecto-radio-en-movimiento-comienza-su-travesia-por-ucrania\/#primaryimage","url":"https:\/\/interamerica.org\/wp-content\/uploads\/2022\/11\/radio-on-the-move-ukraine.jpg","contentUrl":"https:\/\/interamerica.org\/wp-content\/uploads\/2022\/11\/radio-on-the-move-ukraine.jpg","width":1000,"height":563},{"@type":"BreadcrumbList","@id":"https:\/\/interamerica.org\/es\/2022\/11\/proyecto-radio-en-movimiento-comienza-su-travesia-por-ucrania\/#breadcrumb","itemListElement":[{"@type":"ListItem","position":1,"name":"Home","item":"https:\/\/interamerica.org\/es\/"},{"@type":"ListItem","position":2,"name":"Proyecto \u201cRadio en Movimiento\u201d comienza su traves\u00eda por Ucrania"}]},{"@type":"WebSite","@id":"https:\/\/interamerica.org\/es\/#website","url":"https:\/\/interamerica.org\/es\/","name":"Iglesia Adventista del S\u00e9ptimo D\u00eda - Divisi\u00f3n Interamericana","description":"","potentialAction":[{"@type":"SearchAction","target":{"@type":"EntryPoint","urlTemplate":"https:\/\/interamerica.org\/es\/?s={search_term_string}"},"query-input":{"@type":"PropertyValueSpecification","valueRequired":true,"valueName":"search_term_string"}}],"inLanguage":"es"},{"@type":"Person","@id":"https:\/\/interamerica.org\/es\/#\/schema\/person\/29998f2bc2d8bd0d38662909289b54f1","name":"libna","image":{"@type":"ImageObject","inLanguage":"es","@id":"https:\/\/secure.gravatar.com\/avatar\/7c5bd30ae4b47a9ba3c856590957fd1d96dc588bf3ac05719d247e126840331f?s=96&d=mm&r=g","url":"https:\/\/secure.gravatar.com\/avatar\/7c5bd30ae4b47a9ba3c856590957fd1d96dc588bf3ac05719d247e126840331f?s=96&d=mm&r=g","contentUrl":"https:\/\/secure.gravatar.com\/avatar\/7c5bd30ae4b47a9ba3c856590957fd1d96dc588bf3ac05719d247e126840331f?s=96&d=mm&r=g","caption":"libna"}}]}},"_links":{"self":[{"href":"https:\/\/interamerica.org\/es\/wp-json\/wp\/v2\/posts\/91506","targetHints":{"allow":["GET"]}}],"collection":[{"href":"https:\/\/interamerica.org\/es\/wp-json\/wp\/v2\/posts"}],"about":[{"href":"https:\/\/interamerica.org\/es\/wp-json\/wp\/v2\/types\/post"}],"author":[{"embeddable":true,"href":"https:\/\/interamerica.org\/es\/wp-json\/wp\/v2\/users\/3"}],"replies":[{"embeddable":true,"href":"https:\/\/interamerica.org\/es\/wp-json\/wp\/v2\/comments?post=91506"}],"version-history":[{"count":0,"href":"https:\/\/interamerica.org\/es\/wp-json\/wp\/v2\/posts\/91506\/revisions"}],"wp:featuredmedia":[{"embeddable":true,"href":"https:\/\/interamerica.org\/es\/wp-json\/wp\/v2\/media\/91485"}],"wp:attachment":[{"href":"https:\/\/interamerica.org\/es\/wp-json\/wp\/v2\/media?parent=91506"}],"wp:term":[{"taxonomy":"category","embeddable":true,"href":"https:\/\/interamerica.org\/es\/wp-json\/wp\/v2\/categories?post=91506"},{"taxonomy":"post_tag","embeddable":true,"href":"https:\/\/interamerica.org\/es\/wp-json\/wp\/v2\/tags?post=91506"}],"curies":[{"name":"wp","href":"https:\/\/api.w.org\/{rel}","templated":true}]}}