{"id":91857,"date":"2022-11-22T22:52:31","date_gmt":"2022-11-23T03:52:31","guid":{"rendered":"https:\/\/interamerica.org\/?p=91857"},"modified":"2022-11-23T13:37:24","modified_gmt":"2022-11-23T18:37:24","slug":"pastor-adventista-en-jamaica-hace-historia-al-completar-carrera-de-medicina","status":"publish","type":"post","link":"https:\/\/interamerica.org\/es\/2022\/11\/pastor-adventista-en-jamaica-hace-historia-al-completar-carrera-de-medicina\/","title":{"rendered":"Pastor adventista en Jamaica hace historia al completar carrera de medicina"},"content":{"rendered":"<p>22 de noviembre de 2022 | St. Catherine, Kingston, Jamaica | Kimarley Medley y Noticias de la Divisi\u00f3n Interamericana<\/p>\n<p>No satisfecho con tan solo servir en la Iglesia Adventista del S\u00e9ptimo D\u00eda mediante la predicaci\u00f3n, la ense\u00f1anza y la consejer\u00eda en su pa\u00eds nativo de Jamaica, el pastor Kemar Douglas complet\u00f3 la carrera de medicina.<\/p>\n<p>Despu\u00e9s de cuatro a\u00f1os de estudio, Douglas es un residente m\u00e9dico en el Hospital May Pen, despu\u00e9s de graduarse de la Escuela de Ciencias M\u00e9dicas del Caribe en Kingston, Jamaica, el 30 de octubre de 2022, con honores, y tambi\u00e9n es receptor de un Premio del Rector por Desempe\u00f1o Acad\u00e9mico y Liderazgo.<\/p>\n<p>Douglas, de 43 a\u00f1os, complet\u00f3 su t\u00edtulo m\u00e9dico mientras era pastor de un distrito de cinco iglesias y 2100 miembros.<\/p>\n<p><div id=\"attachment_91824\" style=\"width: 849px\" class=\"wp-caption aligncenter\"><img fetchpriority=\"high\" decoding=\"async\" aria-describedby=\"caption-attachment-91824\" class=\" wp-image-91822\" src=\"https:\/\/interamerica.org\/wp-content\/uploads\/2022\/11\/kemar-douglas-at-hospital.jpg\" alt=\"\" width=\"839\" height=\"529\" srcset=\"https:\/\/interamerica.org\/wp-content\/uploads\/2022\/11\/kemar-douglas-at-hospital.jpg 915w, https:\/\/interamerica.org\/wp-content\/uploads\/2022\/11\/kemar-douglas-at-hospital-300x189.jpg 300w, https:\/\/interamerica.org\/wp-content\/uploads\/2022\/11\/kemar-douglas-at-hospital-768x484.jpg 768w\" sizes=\"(max-width: 839px) 100vw, 839px\" \/><p id=\"caption-attachment-91824\" class=\"wp-caption-text\">El pastor Kemar Douglas est\u00e1 actualmente llevando a cabo su residencia m\u00e9dica en el Hospital May Pen para conseguir su licencia, mientras supervisa un distrito de cinco iglesias en St. Catherine, Jamaica. Recibi\u00f3 un t\u00edtulo m\u00e9dico de la Escuela de Ciencias M\u00e9dicas del Caribe en Kingston, Jamaica, el 30 de octubre de 2022. [Fotograf\u00eda: cortes\u00eda de Kemar Douglas]<\/p><\/div>\u201cHallar el equilibrio no fue f\u00e1cil\u201d, dijo Douglas. \u201cLe hab\u00eda encomendado mi vida a Dios y al ministerio del evangelio, y que cuidara a mi familia, y tuve que asegurarme que ninguno sufriera, aun si no pod\u00eda hacer todo\u201d. Tuvo que ver con depender de Dios, su esposa y los ancianos de iglesia para que lo ayudaran en el ministerio, a\u00f1adi\u00f3.<\/p>\n<p><strong>Respetado y querido<\/strong><\/p>\n<p>Joyce Tennant Stewart, primera anciana de la iglesia adventista en Linstead, tiene mucho positivo que decir de la obra del pastor Douglas.<\/p>\n<p>\u201cEs muy trabajador, y est\u00e1 sumamente interesado en la misi\u00f3n. Se dedica a equipar a los miembros y otros para que impartan correctamente la Palabra de Dios\u201d, dijo Stewart. \u201cEs muy respetado, querido, humilde, amable y apreciado, y jam\u00e1s duda en servir a la iglesia y a la comunidad\u201d.<\/p>\n<p>Despu\u00e9s de graduarse de la Escuela Secundaria Calarbar en Kingston, Douglas sigui\u00f3 la carrera de teolog\u00eda en la Universidad Norte\u00f1a del Caribe (NCU) en Mandeville, donde obtuvo un t\u00edtulo de grado en religi\u00f3n y teolog\u00eda en 2001, y entonces una maestr\u00eda en religi\u00f3n en 2022. Asimismo, obtuvo un doctorado en ministerio (en liderazgo) del Seminario Teol\u00f3gico Adventista Latinoamericano en 2017.<\/p>\n<p><div id=\"attachment_91847\" style=\"width: 856px\" class=\"wp-caption aligncenter\"><img decoding=\"async\" aria-describedby=\"caption-attachment-91847\" class=\" wp-image-91845\" src=\"https:\/\/interamerica.org\/wp-content\/uploads\/2022\/11\/kemar-dougals-20221030-171630-1024x690.jpg\" alt=\"\" width=\"846\" height=\"570\" srcset=\"https:\/\/interamerica.org\/wp-content\/uploads\/2022\/11\/kemar-dougals-20221030-171630-1024x690.jpg 1024w, https:\/\/interamerica.org\/wp-content\/uploads\/2022\/11\/kemar-dougals-20221030-171630-300x202.jpg 300w, https:\/\/interamerica.org\/wp-content\/uploads\/2022\/11\/kemar-dougals-20221030-171630-768x517.jpg 768w, https:\/\/interamerica.org\/wp-content\/uploads\/2022\/11\/kemar-dougals-20221030-171630.jpg 1188w\" sizes=\"(max-width: 846px) 100vw, 846px\" \/><p id=\"caption-attachment-91847\" class=\"wp-caption-text\">El pastor Kemar Douglas posa rodeado por su esposa Essence (izquierda), y sus hijos Kemar Jr., Christopher y Jeremiah. [Fotograf\u00eda: cortes\u00eda de Kemar Douglas]<\/p><\/div><strong>El deseo de ser m\u00e9dico<\/strong><\/p>\n<p>El deseo de ser m\u00e9dico siempre hab\u00eda estado presente, pero Douglas hab\u00eda sentido el llamado al ministerio, dijo. Pero lo que finalmente lo llev\u00f3 a seguir medicina fue una profunda convicci\u00f3n de parte del Se\u00f1or de que hab\u00eda llegado el momento.<\/p>\n<p>\u201cEn mi graduaci\u00f3n con el t\u00edtulo de doctor en ministerio, sent\u00ed que hab\u00eda hecho todo lo que el Se\u00f1or hab\u00eda requerido de m\u00ed acad\u00e9micamente para servir en su causa y en la iglesia, pero al saludar a las personas despu\u00e9s de la ceremonia, uno de mis colegas graduandos que conoc\u00eda mi pasi\u00f3n por la salud y el bienestar dijo que ahora era hora de que siguiera medicina\u201d. Otros me animaron a buscar el t\u00edtulo m\u00e9dico.<\/p>\n<p>Douglas describe su traves\u00eda como una en la que Dios le fue abriendo puertas y el camino cuando parec\u00eda que no los hab\u00eda.<\/p>\n<p>Llegar hasta este momento no ha sido f\u00e1cil para Douglas. Fue una experiencia estresante, admiti\u00f3, al vivir y trabajar, con una familia de tres varones de 10, 11 y 15 a\u00f1os, y teniendo que dedicarme al estudio. Tambi\u00e9n enfatiz\u00f3 que en muchas ocasiones tuvo que ponerse de parte de su fe durante su carrera. \u201cA menudo, como resultado de mis convicciones b\u00edblicas, la cuesti\u00f3n del s\u00e1bado, el creacionismo y la reforma prosalud, pas\u00e9 por momentos tensos, porque jam\u00e1s compromet\u00ed mi fe por las actividades relacionadas con el estudio\u201d.<\/p>\n<p><div id=\"attachment_91836\" style=\"width: 471px\" class=\"wp-caption aligncenter\"><img decoding=\"async\" aria-describedby=\"caption-attachment-91836\" class=\" wp-image-91834\" src=\"https:\/\/interamerica.org\/wp-content\/uploads\/2022\/11\/kemar-douglas-grad-portrait.jpg\" alt=\"\" width=\"461\" height=\"692\" srcset=\"https:\/\/interamerica.org\/wp-content\/uploads\/2022\/11\/kemar-douglas-grad-portrait.jpg 600w, https:\/\/interamerica.org\/wp-content\/uploads\/2022\/11\/kemar-douglas-grad-portrait-200x300.jpg 200w\" sizes=\"(max-width: 461px) 100vw, 461px\" \/><p id=\"caption-attachment-91836\" class=\"wp-caption-text\">Kemar Douglas ha estado sirviendo como ministro de la Iglesia Adventista durante 21 a\u00f1os, y quiere expandir su ministerio como m\u00e9dico. [Fotograf\u00eda: cortes\u00eda de Kemar Douglas]<\/p><\/div><strong>Nada que lamentar<\/strong><\/p>\n<p>El estudio ha hecho que Douglas llegue a apreciar plenamente el mensaje de salud presentado por Elena G. White, una de las fundadoras de la Iglesia Adventista. \u201cEstudiar tambi\u00e9n me ha ayudado a sentirme autorrealizado, y ha profundizado mi dependencia de Dios\u201d, a\u00f1adi\u00f3 Douglas. \u201cEn esas instancias pude ver que Dios obr\u00f3 milagro tras milagro en mi favor, y me fue abriendo puertas que jam\u00e1s pens\u00e9 que exist\u00edan\u201d.<\/p>\n<p>La salud y el bienestar en una necesidad que todos sienten, dijo Douglas. \u201cDios me ha preparado para servir a su iglesia y la comunidad de una manera que combina la mente, el cuerpo y el esp\u00edritu de manera integral y que le da gloria a su nombre\u201d.<\/p>\n<p>Ser capaz de satisfacer las necesidades de las personas, ofrecer una comprensi\u00f3n de cu\u00e1l es su afecci\u00f3n f\u00edsica, y entonces brindar orientaci\u00f3n espiritual, adem\u00e1s de instrucciones para la reforma prosalud, constituye una bendici\u00f3n y un gozo maravillosos para \u00e9l, explic\u00f3 Douglas.<\/p>\n<p>Douglas ha prometido que dedicar\u00e1 su vida al ministerio del evangelio, pero que tambi\u00e9n utilizar\u00e1 su preparaci\u00f3n para beneficiar a la iglesia y la comunidad.<\/p>\n<p>\u201cNo tengo intenciones de dejar de ser pastor\u201d, dijo. \u201cMe encanta ense\u00f1ar y liderar al pueblo de Dios. Sin embargo, ahora me encuentro en el primer a\u00f1o de entrenamiento despu\u00e9s del t\u00edtulo m\u00e9dico, como residente en el Hospital May Pen en Clarendon, y estoy aguardando con ansias conseguir una licencia, de manera que pueda ver pacientes y logre ayudarlos a lograr y conservar una salud \u00f3ptima.<\/p>\n<p><div id=\"attachment_91821\" style=\"width: 893px\" class=\"wp-caption aligncenter\"><img loading=\"lazy\" decoding=\"async\" aria-describedby=\"caption-attachment-91821\" class=\" wp-image-91819\" src=\"https:\/\/interamerica.org\/wp-content\/uploads\/2022\/11\/kemar-douglas-portmore-sda-jamaica.jpg\" alt=\"\" width=\"883\" height=\"662\" srcset=\"https:\/\/interamerica.org\/wp-content\/uploads\/2022\/11\/kemar-douglas-portmore-sda-jamaica.jpg 1024w, https:\/\/interamerica.org\/wp-content\/uploads\/2022\/11\/kemar-douglas-portmore-sda-jamaica-300x225.jpg 300w, https:\/\/interamerica.org\/wp-content\/uploads\/2022\/11\/kemar-douglas-portmore-sda-jamaica-768x576.jpg 768w\" sizes=\"(max-width: 883px) 100vw, 883px\" \/><p id=\"caption-attachment-91821\" class=\"wp-caption-text\">El pastor Kemar Douglas ora durante el culto de adoraci\u00f3n en la iglesia adventista de Portmore, en St. Catherine, Jamaica, hace unos meses. [Photo: Nigel Coke]<\/p><\/div><strong>Un prodigio adventista<\/strong><\/p>\n<p>La preocupaci\u00f3n sobre c\u00f3mo atender a la familia, la obra pastoral y el estudio estuvo presente en la mente de los l\u00edderes de la iglesia en la Asociaci\u00f3n Central de Jamaica, donde Douglas tambi\u00e9n es director de ministerios de salud. \u201cAhora es un prodigio adventista, y lo prob\u00f3 destac\u00e1ndose en todos los desaf\u00edos del trabajo en la iglesia, mientras que conserv\u00f3 su promedio y se gradu\u00f3 con honores\u201d, dijo el pastor Nevail Barrett, presidente de la Asociaci\u00f3n Central de Jamaica. \u201cCelebramos y lo felicitamos, y nos sentimos muy orgullosos de \u00e9l y sus logros\u201d.<\/p>\n<p>El doctor Douglas es pastor principal de la iglesia adventista de Portmore, en St. Catherine, la iglesia adventista m\u00e1s grande de Jamaica. Antes prest\u00f3 servicios como director del departamento de comunicaci\u00f3n, relaciones p\u00fablicas y libertad religiosa. Douglas ha estado prestando servicios a la Iglesia Adventista por m\u00e1s de 21 a\u00f1os.<\/p>\n<p>Douglas tambi\u00e9n encuentra tiempo para ofrecer servicios a la comunidad como Juez de Paz de la parroquia de St. Catherine, y capell\u00e1n voluntario de la Fuerza Policial de Jamaica en St. Catherine.<\/p>\n<p>\u201cSi sienten el llamado de Dios para seguir un determinado curso y eso est\u00e1 de acuerdo con la Biblia y el esp\u00edritu de profec\u00eda, avancen por la gracia de Dios\u201d, dijo Douglas. \u201cConf\u00eden en Dios y en los tiempos de Dios. Agradezco a Dios por sus bendiciones en mi vida, porque le debo todo a \u00e9l\u201d.<\/p>\n<p>Traducci\u00f3n de Marcos Paseggi<\/p>\n","protected":false},"excerpt":{"rendered":"<p>22 de noviembre de 2022 | St. Catherine, Kingston, Jamaica | Kimarley Medley y Noticias de la Divisi\u00f3n Interamericana No satisfecho con tan solo servir en la Iglesia Adventista del&#8230;<\/p>\n","protected":false},"author":3,"featured_media":91824,"comment_status":"closed","ping_status":"closed","sticky":false,"template":"","format":"standard","meta":{"_acf_changed":false,"footnotes":""},"categories":[17,15],"tags":[],"class_list":["post-91857","post","type-post","status-publish","format-standard","has-post-thumbnail","hentry","category-desde-el-campo","category-rss-espanol"],"acf":[],"yoast_head":"<!-- This site is optimized with the Yoast SEO plugin v27.3 - https:\/\/yoast.com\/product\/yoast-seo-wordpress\/ -->\n<title>Pastor adventista en Jamaica hace historia al completar carrera de medicina - Iglesia Adventista del S\u00e9ptimo D\u00eda - Divisi\u00f3n Interamericana<\/title>\n<meta name=\"robots\" content=\"index, follow, max-snippet:-1, max-image-preview:large, max-video-preview:-1\" \/>\n<link rel=\"canonical\" href=\"https:\/\/interamerica.org\/es\/2022\/11\/pastor-adventista-en-jamaica-hace-historia-al-completar-carrera-de-medicina\/\" \/>\n<meta property=\"og:locale\" content=\"es_ES\" \/>\n<meta property=\"og:type\" content=\"article\" \/>\n<meta property=\"og:title\" content=\"Pastor adventista en Jamaica hace historia al completar carrera de medicina - Iglesia Adventista del S\u00e9ptimo D\u00eda - Divisi\u00f3n Interamericana\" \/>\n<meta property=\"og:description\" content=\"22 de noviembre de 2022 | St. Catherine, Kingston, Jamaica | Kimarley Medley y Noticias de la Divisi\u00f3n Interamericana No satisfecho con tan solo servir en la Iglesia Adventista del...\" \/>\n<meta property=\"og:url\" content=\"https:\/\/interamerica.org\/es\/2022\/11\/pastor-adventista-en-jamaica-hace-historia-al-completar-carrera-de-medicina\/\" \/>\n<meta property=\"og:site_name\" content=\"Iglesia Adventista del S\u00e9ptimo D\u00eda - Divisi\u00f3n Interamericana\" \/>\n<meta property=\"article:published_time\" content=\"2022-11-23T03:52:31+00:00\" \/>\n<meta property=\"article:modified_time\" content=\"2022-11-23T18:37:24+00:00\" \/>\n<meta property=\"og:image\" content=\"https:\/\/interamerica.org\/wp-content\/uploads\/2022\/11\/kemar-douglas-at-hospital.jpg\" \/>\n\t<meta property=\"og:image:width\" content=\"915\" \/>\n\t<meta property=\"og:image:height\" content=\"577\" \/>\n\t<meta property=\"og:image:type\" content=\"image\/jpeg\" \/>\n<meta name=\"author\" content=\"libna\" \/>\n<meta name=\"twitter:card\" content=\"summary_large_image\" \/>\n<meta name=\"twitter:label1\" content=\"Escrito por\" \/>\n\t<meta name=\"twitter:data1\" content=\"libna\" \/>\n\t<meta name=\"twitter:label2\" content=\"Tiempo de lectura\" \/>\n\t<meta name=\"twitter:data2\" content=\"7 minutos\" \/>\n<script type=\"application\/ld+json\" class=\"yoast-schema-graph\">{\"@context\":\"https:\\\/\\\/schema.org\",\"@graph\":[{\"@type\":\"Article\",\"@id\":\"https:\\\/\\\/interamerica.org\\\/es\\\/2022\\\/11\\\/pastor-adventista-en-jamaica-hace-historia-al-completar-carrera-de-medicina\\\/#article\",\"isPartOf\":{\"@id\":\"https:\\\/\\\/interamerica.org\\\/es\\\/2022\\\/11\\\/pastor-adventista-en-jamaica-hace-historia-al-completar-carrera-de-medicina\\\/\"},\"author\":{\"name\":\"libna\",\"@id\":\"https:\\\/\\\/interamerica.org\\\/es\\\/#\\\/schema\\\/person\\\/29998f2bc2d8bd0d38662909289b54f1\"},\"headline\":\"Pastor adventista en Jamaica hace historia al completar carrera de medicina\",\"datePublished\":\"2022-11-23T03:52:31+00:00\",\"dateModified\":\"2022-11-23T18:37:24+00:00\",\"mainEntityOfPage\":{\"@id\":\"https:\\\/\\\/interamerica.org\\\/es\\\/2022\\\/11\\\/pastor-adventista-en-jamaica-hace-historia-al-completar-carrera-de-medicina\\\/\"},\"wordCount\":1311,\"image\":{\"@id\":\"https:\\\/\\\/interamerica.org\\\/es\\\/2022\\\/11\\\/pastor-adventista-en-jamaica-hace-historia-al-completar-carrera-de-medicina\\\/#primaryimage\"},\"thumbnailUrl\":\"https:\\\/\\\/interamerica.org\\\/wp-content\\\/uploads\\\/2022\\\/11\\\/kemar-douglas-at-hospital.jpg\",\"articleSection\":[\"Desde el campo\",\"RSS Espa\u00f1ol\"],\"inLanguage\":\"es\"},{\"@type\":\"WebPage\",\"@id\":\"https:\\\/\\\/interamerica.org\\\/es\\\/2022\\\/11\\\/pastor-adventista-en-jamaica-hace-historia-al-completar-carrera-de-medicina\\\/\",\"url\":\"https:\\\/\\\/interamerica.org\\\/es\\\/2022\\\/11\\\/pastor-adventista-en-jamaica-hace-historia-al-completar-carrera-de-medicina\\\/\",\"name\":\"Pastor adventista en Jamaica hace historia al completar carrera de medicina - Iglesia Adventista del S\u00e9ptimo D\u00eda - Divisi\u00f3n Interamericana\",\"isPartOf\":{\"@id\":\"https:\\\/\\\/interamerica.org\\\/es\\\/#website\"},\"primaryImageOfPage\":{\"@id\":\"https:\\\/\\\/interamerica.org\\\/es\\\/2022\\\/11\\\/pastor-adventista-en-jamaica-hace-historia-al-completar-carrera-de-medicina\\\/#primaryimage\"},\"image\":{\"@id\":\"https:\\\/\\\/interamerica.org\\\/es\\\/2022\\\/11\\\/pastor-adventista-en-jamaica-hace-historia-al-completar-carrera-de-medicina\\\/#primaryimage\"},\"thumbnailUrl\":\"https:\\\/\\\/interamerica.org\\\/wp-content\\\/uploads\\\/2022\\\/11\\\/kemar-douglas-at-hospital.jpg\",\"datePublished\":\"2022-11-23T03:52:31+00:00\",\"dateModified\":\"2022-11-23T18:37:24+00:00\",\"author\":{\"@id\":\"https:\\\/\\\/interamerica.org\\\/es\\\/#\\\/schema\\\/person\\\/29998f2bc2d8bd0d38662909289b54f1\"},\"breadcrumb\":{\"@id\":\"https:\\\/\\\/interamerica.org\\\/es\\\/2022\\\/11\\\/pastor-adventista-en-jamaica-hace-historia-al-completar-carrera-de-medicina\\\/#breadcrumb\"},\"inLanguage\":\"es\",\"potentialAction\":[{\"@type\":\"ReadAction\",\"target\":[\"https:\\\/\\\/interamerica.org\\\/es\\\/2022\\\/11\\\/pastor-adventista-en-jamaica-hace-historia-al-completar-carrera-de-medicina\\\/\"]}]},{\"@type\":\"ImageObject\",\"inLanguage\":\"es\",\"@id\":\"https:\\\/\\\/interamerica.org\\\/es\\\/2022\\\/11\\\/pastor-adventista-en-jamaica-hace-historia-al-completar-carrera-de-medicina\\\/#primaryimage\",\"url\":\"https:\\\/\\\/interamerica.org\\\/wp-content\\\/uploads\\\/2022\\\/11\\\/kemar-douglas-at-hospital.jpg\",\"contentUrl\":\"https:\\\/\\\/interamerica.org\\\/wp-content\\\/uploads\\\/2022\\\/11\\\/kemar-douglas-at-hospital.jpg\",\"width\":915,\"height\":577,\"caption\":\"[Photo: Courtesy of Kemar Douglas]\"},{\"@type\":\"BreadcrumbList\",\"@id\":\"https:\\\/\\\/interamerica.org\\\/es\\\/2022\\\/11\\\/pastor-adventista-en-jamaica-hace-historia-al-completar-carrera-de-medicina\\\/#breadcrumb\",\"itemListElement\":[{\"@type\":\"ListItem\",\"position\":1,\"name\":\"Home\",\"item\":\"https:\\\/\\\/interamerica.org\\\/es\\\/\"},{\"@type\":\"ListItem\",\"position\":2,\"name\":\"Pastor adventista en Jamaica hace historia al completar carrera de medicina\"}]},{\"@type\":\"WebSite\",\"@id\":\"https:\\\/\\\/interamerica.org\\\/es\\\/#website\",\"url\":\"https:\\\/\\\/interamerica.org\\\/es\\\/\",\"name\":\"Iglesia Adventista del S\u00e9ptimo D\u00eda - Divisi\u00f3n Interamericana\",\"description\":\"\",\"potentialAction\":[{\"@type\":\"SearchAction\",\"target\":{\"@type\":\"EntryPoint\",\"urlTemplate\":\"https:\\\/\\\/interamerica.org\\\/es\\\/?s={search_term_string}\"},\"query-input\":{\"@type\":\"PropertyValueSpecification\",\"valueRequired\":true,\"valueName\":\"search_term_string\"}}],\"inLanguage\":\"es\"},{\"@type\":\"Person\",\"@id\":\"https:\\\/\\\/interamerica.org\\\/es\\\/#\\\/schema\\\/person\\\/29998f2bc2d8bd0d38662909289b54f1\",\"name\":\"libna\",\"image\":{\"@type\":\"ImageObject\",\"inLanguage\":\"es\",\"@id\":\"https:\\\/\\\/secure.gravatar.com\\\/avatar\\\/7c5bd30ae4b47a9ba3c856590957fd1d96dc588bf3ac05719d247e126840331f?s=96&d=mm&r=g\",\"url\":\"https:\\\/\\\/secure.gravatar.com\\\/avatar\\\/7c5bd30ae4b47a9ba3c856590957fd1d96dc588bf3ac05719d247e126840331f?s=96&d=mm&r=g\",\"contentUrl\":\"https:\\\/\\\/secure.gravatar.com\\\/avatar\\\/7c5bd30ae4b47a9ba3c856590957fd1d96dc588bf3ac05719d247e126840331f?s=96&d=mm&r=g\",\"caption\":\"libna\"}}]}<\/script>\n<!-- \/ Yoast SEO plugin. -->","yoast_head_json":{"title":"Pastor adventista en Jamaica hace historia al completar carrera de medicina - Iglesia Adventista del S\u00e9ptimo D\u00eda - Divisi\u00f3n Interamericana","robots":{"index":"index","follow":"follow","max-snippet":"max-snippet:-1","max-image-preview":"max-image-preview:large","max-video-preview":"max-video-preview:-1"},"canonical":"https:\/\/interamerica.org\/es\/2022\/11\/pastor-adventista-en-jamaica-hace-historia-al-completar-carrera-de-medicina\/","og_locale":"es_ES","og_type":"article","og_title":"Pastor adventista en Jamaica hace historia al completar carrera de medicina - Iglesia Adventista del S\u00e9ptimo D\u00eda - Divisi\u00f3n Interamericana","og_description":"22 de noviembre de 2022 | St. Catherine, Kingston, Jamaica | Kimarley Medley y Noticias de la Divisi\u00f3n Interamericana No satisfecho con tan solo servir en la Iglesia Adventista del...","og_url":"https:\/\/interamerica.org\/es\/2022\/11\/pastor-adventista-en-jamaica-hace-historia-al-completar-carrera-de-medicina\/","og_site_name":"Iglesia Adventista del S\u00e9ptimo D\u00eda - Divisi\u00f3n Interamericana","article_published_time":"2022-11-23T03:52:31+00:00","article_modified_time":"2022-11-23T18:37:24+00:00","og_image":[{"width":915,"height":577,"url":"https:\/\/interamerica.org\/wp-content\/uploads\/2022\/11\/kemar-douglas-at-hospital.jpg","type":"image\/jpeg"}],"author":"libna","twitter_card":"summary_large_image","twitter_misc":{"Escrito por":"libna","Tiempo de lectura":"7 minutos"},"schema":{"@context":"https:\/\/schema.org","@graph":[{"@type":"Article","@id":"https:\/\/interamerica.org\/es\/2022\/11\/pastor-adventista-en-jamaica-hace-historia-al-completar-carrera-de-medicina\/#article","isPartOf":{"@id":"https:\/\/interamerica.org\/es\/2022\/11\/pastor-adventista-en-jamaica-hace-historia-al-completar-carrera-de-medicina\/"},"author":{"name":"libna","@id":"https:\/\/interamerica.org\/es\/#\/schema\/person\/29998f2bc2d8bd0d38662909289b54f1"},"headline":"Pastor adventista en Jamaica hace historia al completar carrera de medicina","datePublished":"2022-11-23T03:52:31+00:00","dateModified":"2022-11-23T18:37:24+00:00","mainEntityOfPage":{"@id":"https:\/\/interamerica.org\/es\/2022\/11\/pastor-adventista-en-jamaica-hace-historia-al-completar-carrera-de-medicina\/"},"wordCount":1311,"image":{"@id":"https:\/\/interamerica.org\/es\/2022\/11\/pastor-adventista-en-jamaica-hace-historia-al-completar-carrera-de-medicina\/#primaryimage"},"thumbnailUrl":"https:\/\/interamerica.org\/wp-content\/uploads\/2022\/11\/kemar-douglas-at-hospital.jpg","articleSection":["Desde el campo","RSS Espa\u00f1ol"],"inLanguage":"es"},{"@type":"WebPage","@id":"https:\/\/interamerica.org\/es\/2022\/11\/pastor-adventista-en-jamaica-hace-historia-al-completar-carrera-de-medicina\/","url":"https:\/\/interamerica.org\/es\/2022\/11\/pastor-adventista-en-jamaica-hace-historia-al-completar-carrera-de-medicina\/","name":"Pastor adventista en Jamaica hace historia al completar carrera de medicina - Iglesia Adventista del S\u00e9ptimo D\u00eda - Divisi\u00f3n Interamericana","isPartOf":{"@id":"https:\/\/interamerica.org\/es\/#website"},"primaryImageOfPage":{"@id":"https:\/\/interamerica.org\/es\/2022\/11\/pastor-adventista-en-jamaica-hace-historia-al-completar-carrera-de-medicina\/#primaryimage"},"image":{"@id":"https:\/\/interamerica.org\/es\/2022\/11\/pastor-adventista-en-jamaica-hace-historia-al-completar-carrera-de-medicina\/#primaryimage"},"thumbnailUrl":"https:\/\/interamerica.org\/wp-content\/uploads\/2022\/11\/kemar-douglas-at-hospital.jpg","datePublished":"2022-11-23T03:52:31+00:00","dateModified":"2022-11-23T18:37:24+00:00","author":{"@id":"https:\/\/interamerica.org\/es\/#\/schema\/person\/29998f2bc2d8bd0d38662909289b54f1"},"breadcrumb":{"@id":"https:\/\/interamerica.org\/es\/2022\/11\/pastor-adventista-en-jamaica-hace-historia-al-completar-carrera-de-medicina\/#breadcrumb"},"inLanguage":"es","potentialAction":[{"@type":"ReadAction","target":["https:\/\/interamerica.org\/es\/2022\/11\/pastor-adventista-en-jamaica-hace-historia-al-completar-carrera-de-medicina\/"]}]},{"@type":"ImageObject","inLanguage":"es","@id":"https:\/\/interamerica.org\/es\/2022\/11\/pastor-adventista-en-jamaica-hace-historia-al-completar-carrera-de-medicina\/#primaryimage","url":"https:\/\/interamerica.org\/wp-content\/uploads\/2022\/11\/kemar-douglas-at-hospital.jpg","contentUrl":"https:\/\/interamerica.org\/wp-content\/uploads\/2022\/11\/kemar-douglas-at-hospital.jpg","width":915,"height":577,"caption":"[Photo: Courtesy of Kemar Douglas]"},{"@type":"BreadcrumbList","@id":"https:\/\/interamerica.org\/es\/2022\/11\/pastor-adventista-en-jamaica-hace-historia-al-completar-carrera-de-medicina\/#breadcrumb","itemListElement":[{"@type":"ListItem","position":1,"name":"Home","item":"https:\/\/interamerica.org\/es\/"},{"@type":"ListItem","position":2,"name":"Pastor adventista en Jamaica hace historia al completar carrera de medicina"}]},{"@type":"WebSite","@id":"https:\/\/interamerica.org\/es\/#website","url":"https:\/\/interamerica.org\/es\/","name":"Iglesia Adventista del S\u00e9ptimo D\u00eda - Divisi\u00f3n Interamericana","description":"","potentialAction":[{"@type":"SearchAction","target":{"@type":"EntryPoint","urlTemplate":"https:\/\/interamerica.org\/es\/?s={search_term_string}"},"query-input":{"@type":"PropertyValueSpecification","valueRequired":true,"valueName":"search_term_string"}}],"inLanguage":"es"},{"@type":"Person","@id":"https:\/\/interamerica.org\/es\/#\/schema\/person\/29998f2bc2d8bd0d38662909289b54f1","name":"libna","image":{"@type":"ImageObject","inLanguage":"es","@id":"https:\/\/secure.gravatar.com\/avatar\/7c5bd30ae4b47a9ba3c856590957fd1d96dc588bf3ac05719d247e126840331f?s=96&d=mm&r=g","url":"https:\/\/secure.gravatar.com\/avatar\/7c5bd30ae4b47a9ba3c856590957fd1d96dc588bf3ac05719d247e126840331f?s=96&d=mm&r=g","contentUrl":"https:\/\/secure.gravatar.com\/avatar\/7c5bd30ae4b47a9ba3c856590957fd1d96dc588bf3ac05719d247e126840331f?s=96&d=mm&r=g","caption":"libna"}}]}},"_links":{"self":[{"href":"https:\/\/interamerica.org\/es\/wp-json\/wp\/v2\/posts\/91857","targetHints":{"allow":["GET"]}}],"collection":[{"href":"https:\/\/interamerica.org\/es\/wp-json\/wp\/v2\/posts"}],"about":[{"href":"https:\/\/interamerica.org\/es\/wp-json\/wp\/v2\/types\/post"}],"author":[{"embeddable":true,"href":"https:\/\/interamerica.org\/es\/wp-json\/wp\/v2\/users\/3"}],"replies":[{"embeddable":true,"href":"https:\/\/interamerica.org\/es\/wp-json\/wp\/v2\/comments?post=91857"}],"version-history":[{"count":0,"href":"https:\/\/interamerica.org\/es\/wp-json\/wp\/v2\/posts\/91857\/revisions"}],"wp:featuredmedia":[{"embeddable":true,"href":"https:\/\/interamerica.org\/es\/wp-json\/wp\/v2\/media\/91824"}],"wp:attachment":[{"href":"https:\/\/interamerica.org\/es\/wp-json\/wp\/v2\/media?parent=91857"}],"wp:term":[{"taxonomy":"category","embeddable":true,"href":"https:\/\/interamerica.org\/es\/wp-json\/wp\/v2\/categories?post=91857"},{"taxonomy":"post_tag","embeddable":true,"href":"https:\/\/interamerica.org\/es\/wp-json\/wp\/v2\/tags?post=91857"}],"curies":[{"name":"wp","href":"https:\/\/api.w.org\/{rel}","templated":true}]}}