{"id":92107,"date":"2022-12-01T14:29:59","date_gmt":"2022-12-01T19:29:59","guid":{"rendered":"https:\/\/interamerica.org\/?p=92107"},"modified":"2022-12-02T13:10:12","modified_gmt":"2022-12-02T18:10:12","slug":"dirigentes-de-jovenes-ultiman-detalles-sobre-camporee-de-conquistadores-de-todo-el-territorio","status":"publish","type":"post","link":"https:\/\/interamerica.org\/es\/2022\/12\/dirigentes-de-jovenes-ultiman-detalles-sobre-camporee-de-conquistadores-de-todo-el-territorio\/","title":{"rendered":"Dirigentes de J\u00f3venes ultiman detalles sobre Camporee de Conquistadores de todo el territorio"},"content":{"rendered":"<p>1 de diciembre de 2022 | Miami, Florida, Estados Unidos | Libna Stevens, Noticias de la Divisi\u00f3n Interamericana<\/p>\n<p>El ultimar importantes pormenores acerca del pr\u00f3ximo Camporee de Conquistadores fue la raz\u00f3n por la que se reunieron recientemente los directores del ministerio juvenil en Montego Bay, Jamaica. Se espera que miles de menores acampen pr\u00f3ximamente en los terrenos de casi medio kil\u00f3metro cuadrado del\u00a0 Trelawny, un centro multiusos, del 4 al 8 de abril de 2023, con el prop\u00f3sito de reunirse, vitorear, aprender, impactar y experimentar uno de los m\u00e1s grandes eventos en la vida de un joven adventista del s\u00e9ptimo d\u00eda.<\/p>\n<p>Esta tercera reuni\u00f3n log\u00edstica, celebrada los d\u00edas 19 y 20 de noviembre de 2022, congreg\u00f3 a dirigentes de las 24 uniones y a docenas de dirigentes de los campos locales, con el prop\u00f3sito de tomar urgentes decisiones a fin de facilitar \u00e1reas de campamento, ultimar programas espirituales, eventos deportivos, clases de honores, actividades intercativas y dem\u00e1s.<\/p>\n<p><div id=\"attachment_92067\" style=\"width: 858px\" class=\"wp-caption aligncenter\"><img fetchpriority=\"high\" decoding=\"async\" aria-describedby=\"caption-attachment-92067\" class=\" wp-image-92065\" src=\"https:\/\/interamerica.org\/wp-content\/uploads\/2022\/12\/alpowell-caporee-meetingnov22.jpg\" alt=\"\" width=\"848\" height=\"565\" srcset=\"https:\/\/interamerica.org\/wp-content\/uploads\/2022\/12\/alpowell-caporee-meetingnov22.jpg 1000w, https:\/\/interamerica.org\/wp-content\/uploads\/2022\/12\/alpowell-caporee-meetingnov22-300x200.jpg 300w, https:\/\/interamerica.org\/wp-content\/uploads\/2022\/12\/alpowell-caporee-meetingnov22-768x512.jpg 768w\" sizes=\"(max-width: 848px) 100vw, 848px\" \/><p id=\"caption-attachment-92067\" class=\"wp-caption-text\">El pastor Al Powell, director del ministerio juvenil\u00a0 de la iglesia en Interam\u00e9rica, da comienzo a una reuni\u00f3n log\u00edstica con directores de ministerio de J\u00f3venes de las uniones, el 20 de noviembre de 2022, para ultimar detalles a fin de recibir a miles de acampantes en los terrenos de las instalaciones Trelawny de casi medio kil\u00f3metro cuadrado, del 4 al 8 de abril de 2023. [Imagen: Libna Stevens\/DIA]<\/p><\/div>\u201cA solo unos cuantos meses de distancia del campamento, fuimos capaces de visualizar las actividades en el sitio mismo en que tendr\u00e1n lugar y afinar detalles con nuestro equipo al prepararnos para recibir muy pronto a nuestros Conquistadores\u00bb, dijo el pastor Al Powell, director del ministerio juvenil de la iglesia en Interam\u00e9rica. \u201cHemos estado trabajando arduamente a fin de asegurarnos de que este camporee llegue a ser una experiencia transformadora de la vida\u00bb.<\/p>\n<p>La cantidad esperada de inscripciones no es todav\u00eda oficial, pero la cifra se acerca a 8,000, sin contar con los viajeros que se han registrado de fuera del territorio de la Divisi\u00f3n Interamericana (DIA). Se esperaba contar con m\u00e1s de 12,000 acampantes; pero muchos de ellos no pueden asistir por causa de dificultades de viaje.<\/p>\n<p><strong>Varios desaf\u00edos<\/strong><\/p>\n<p>En la Uni\u00f3n Mexicana del Norte se han inscrito unos 450 Conquistadores para asistir al camporee; pero al igual que las docenas de los mismos en las Uniones Mexicanas de Chiapas, Sureste e Interoc\u00e9\u00e1nica, los dirigentes est\u00e1n tratando de hacer los arreglos de viaje de sus delegaciones. Los Conquistadores de El Salvador, Cuba, Hait\u00ed y Venezuela, cuentan con centenares de menores inscritos; pero\u00a0 est\u00e1n teniendo dificultades para obtener visas de viaje.<\/p>\n<p><div id=\"attachment_92074\" style=\"width: 854px\" class=\"wp-caption aligncenter\"><img decoding=\"async\" aria-describedby=\"caption-attachment-92074\" class=\" wp-image-92072\" src=\"https:\/\/interamerica.org\/wp-content\/uploads\/2022\/12\/iad-camporee-2022-site-map-1024x579.jpg\" alt=\"\" width=\"844\" height=\"477\" srcset=\"https:\/\/interamerica.org\/wp-content\/uploads\/2022\/12\/iad-camporee-2022-site-map-1024x579.jpg 1024w, https:\/\/interamerica.org\/wp-content\/uploads\/2022\/12\/iad-camporee-2022-site-map-300x170.jpg 300w, https:\/\/interamerica.org\/wp-content\/uploads\/2022\/12\/iad-camporee-2022-site-map-768x434.jpg 768w, https:\/\/interamerica.org\/wp-content\/uploads\/2022\/12\/iad-camporee-2022-site-map-1536x868.jpg 1536w, https:\/\/interamerica.org\/wp-content\/uploads\/2022\/12\/iad-camporee-2022-site-map-2048x1157.jpg 2048w\" sizes=\"(max-width: 844px) 100vw, 844px\" \/><p id=\"caption-attachment-92074\" class=\"wp-caption-text\">Mapa del sitio, codificado por colores, donde \u00a0 se llevar\u00e1 a cabo el Camporee de Conquistadores de Interam\u00e9rica, a celebrarse en Montego Bay, Jamaica. [Imagen: Dane Fletcher\/IAD]<\/p><\/div>La Uni\u00f3n Haitiana, por ejemplo, desea llevar a 260 Conquistadores al camporee; pero por causa de demostraciones y agitaci\u00f3n pol\u00edtica, las oficinas del gobierno permanecen cerradas indefinidamente,\u00a0 dijeron los dirigentes de la iglesia.<\/p>\n<p>La delegaci\u00f3n de Panam\u00e1 ha logrado contratar dos aviones ch\u00e1rter para transportar a sus 406 Conquistadores y dirigentes a Montego Bay. Este arreglo result\u00f3 m\u00e1s asequible que la compra de boletos en l\u00edneas a\u00e9reas comerciales para un grupo tan grande, dijo Misael Gonz\u00e1lez, director del ministeriosjuvenil de la Uni\u00f3n Paname\u00f1a. \u201cTenemos a tantos jovencitos en nuestro pa\u00eds realmente entusiasmados por ser parte de este camporee aqu\u00ed en Jamaica. Nuestra uni\u00f3n estuvo feliz de invertir a fin de que no perdieran esta gran experiencia\u00bb, a\u00f1adi\u00f3.<\/p>\n<p>El asegurarse de que esta experiencia sea realmente memorable, significa que la comida, el alojamiento y las actividades programadas puedan funcionar sin contratiempos por cinco d\u00edas consecutivos, incluyendo docenas de estufas, docenas de cocineros, chaperones y voluntarios trabajando en equipo para lograr el \u00e9xito de este evento.<\/p>\n<p><div id=\"attachment_92064\" style=\"width: 851px\" class=\"wp-caption aligncenter\"><img decoding=\"async\" aria-describedby=\"caption-attachment-92064\" class=\" wp-image-92062\" src=\"https:\/\/interamerica.org\/wp-content\/uploads\/2022\/12\/camporee-emerik-angela-mission-game.jpg\" alt=\"\" width=\"841\" height=\"631\" srcset=\"https:\/\/interamerica.org\/wp-content\/uploads\/2022\/12\/camporee-emerik-angela-mission-game.jpg 900w, https:\/\/interamerica.org\/wp-content\/uploads\/2022\/12\/camporee-emerik-angela-mission-game-300x225.jpg 300w, https:\/\/interamerica.org\/wp-content\/uploads\/2022\/12\/camporee-emerik-angela-mission-game-768x576.jpg 768w\" sizes=\"(max-width: 841px) 100vw, 841px\" \/><p id=\"caption-attachment-92064\" class=\"wp-caption-text\">El pastor Emerick Angela, director del ministerio juvenil de la Uni\u00f3n de las Antillas Holandesas, habla sobre un juego interactivo misionero que un grupo de dirigentes y j\u00f3venes estar\u00e1 preparando para lanzarlo durante el camporee. [Imagen: Libna Stevens\/DIA]<\/p><\/div>Para muchos de los j\u00f3venes asistentes, el camporee ser\u00e1 el evento crucial en torno a sus decisiones, sus aspiraciones y objetivos en la vida, dijo el director Powell. \u201cDeseamos inspirarlos para que pongan a Jes\u00fas en primer lugar en su vida y para ser misioneros en su causa\u00bb.<\/p>\n<p><strong>Enfoque en la misi\u00f3n<\/strong><\/p>\n<p>Con el tema \u201cConquistadores en Misi\u00f3n\u00bb, el camporee habr\u00e1 de derivar lecciones espirituales de la historia de Gede\u00f3n y de su llamado, seg\u00fan el libro de Jueces, a fin de motivar a los Conquistadores y a sus dirigentes a crecer en la fe de Cristo y el cumplimiento de su misi\u00f3n.<\/p>\n<p>Cada evento y actividad planificados tendr\u00e1 como objetivo inspirar a los Conquistadores a reconocer su potencial, prop\u00f3sito y beneficio, al contribuir a la misi\u00f3n de Cristo en dondequiera que est\u00e9n, dijeron los organizadores.<\/p>\n<p><div id=\"attachment_92052\" style=\"width: 855px\" class=\"wp-caption aligncenter\"><img loading=\"lazy\" decoding=\"async\" aria-describedby=\"caption-attachment-92052\" class=\" wp-image-92050\" src=\"https:\/\/interamerica.org\/wp-content\/uploads\/2022\/12\/camporee-production-room-nov22.jpg\" alt=\"\" width=\"845\" height=\"570\" srcset=\"https:\/\/interamerica.org\/wp-content\/uploads\/2022\/12\/camporee-production-room-nov22.jpg 1000w, https:\/\/interamerica.org\/wp-content\/uploads\/2022\/12\/camporee-production-room-nov22-300x203.jpg 300w, https:\/\/interamerica.org\/wp-content\/uploads\/2022\/12\/camporee-production-room-nov22-768x518.jpg 768w\" sizes=\"(max-width: 845px) 100vw, 845px\" \/><p id=\"caption-attachment-92052\" class=\"wp-caption-text\">La sala de producci\u00f3n que supervisa el estadio es uno de varios espacios que ser\u00e1n ocupados durante el camporee de Conquistadores en Montego Bay, Jamaica. [Imagen: Abel M\u00e1rquez\/DIA]<\/p><\/div>\u201cEsta es una edad temprana en su vida en donde los Conquistadores pueden enfocar su atenci\u00f3n en sus prop\u00f3sitos para su vida, hacer propia la misi\u00f3n de Dios, a la vez que reconocen la importancia de su experiencia en el\u00a0 camporee\u201d, dijo el director Powell.<\/p>\n<p>Durante los dos d\u00edas de reuniones, los dirigentes del ministerio juvenil se conectaron con dirigentes y miembros que est\u00e1n trabajando localmente en Jamaica, a fin de coordinar las necesidades de la delegaci\u00f3n de cada uni\u00f3n y ayudar a que se lleve a cabo cada detalle del ocupado evento de cinco d\u00edas de duraci\u00f3n.<\/p>\n<p><strong>Ultimando detalles en cuanto a necesidades en el campamento<br \/>\n<\/strong><\/p>\n<p>Los directores del ministerio juvenil estuvieron ultimando detalles en cuanto a necesidades en el campamento y de voluntarios de cada una de las delegaciones de Conquistadores.<\/p>\n<p><div id=\"attachment_92058\" style=\"width: 910px\" class=\"wp-caption aligncenter\"><img loading=\"lazy\" decoding=\"async\" aria-describedby=\"caption-attachment-92058\" class=\"size-full wp-image-92056\" src=\"https:\/\/interamerica.org\/wp-content\/uploads\/2022\/12\/camporee-carol-hunter-auguste-richner.jpg\" alt=\"\" width=\"900\" height=\"675\" srcset=\"https:\/\/interamerica.org\/wp-content\/uploads\/2022\/12\/camporee-carol-hunter-auguste-richner.jpg 900w, https:\/\/interamerica.org\/wp-content\/uploads\/2022\/12\/camporee-carol-hunter-auguste-richner-300x225.jpg 300w, https:\/\/interamerica.org\/wp-content\/uploads\/2022\/12\/camporee-carol-hunter-auguste-richner-768x576.jpg 768w\" sizes=\"(max-width: 900px) 100vw, 900px\" \/><p id=\"caption-attachment-92058\" class=\"wp-caption-text\"><span style=\"font-size: 14px;\">Carol Hunter, de Kingston, Jamaica, quien supervisa las labores log\u00edsticas de transportaci\u00f3n, comida e instalaci\u00f3n de las carpas, revisa una lista juntamente con\u00a0 Auguste Richner, director del ministerio juvenil\u00a0 ministerio juvenil de la Uni\u00f3n Haitiana, al coordinar las necesidades de viaje de su delegaci\u00f3n mientras su pa\u00eds est\u00e1 teniendo que lidiar con inestabilidad pol\u00edtica. [Imagen: Libna Stevens\/DIA]<\/span><\/p><\/div><span style=\"font-size: 16px;\">Joy Bailey, de Montego Bay, se est\u00e1 esforzando en movilizar a centenares de voluntarios locales que ayudar\u00e1n con servicios de primeros auxilios, limpieza, mantenimiento, programaci\u00f3n, seguridad, medios sociales y hospitalidad, entre otros. \u201cHay mucho qu\u00e9 hacer\u00bb, dijo la mencionada Joy Bailey. Pero la idea es trabajar juntos con cada delegaci\u00f3n de uni\u00f3n que traer\u00e1 su propio equipo de voluntarios para ayudar a garantizar el \u00e9xito\u00bb, a\u00f1adi\u00f3.<br \/>\n<\/span><\/p>\n<p>La coordinaci\u00f3n de la log\u00edstica de\u00a0 transporte, alimentaci\u00f3n y armado de carpas, est\u00e1 a cargo de Carol Hunter, de\u00a0 Kingston, Jamaica y su equipo. Ella ha estado en comunicaci\u00f3n con embajadas en Jamaica, distribuidores de alimentos, estaciones de comida en el campamento, alojamiento y coordinaci\u00f3n con otros equipos. \u201cEstamos comenzando a coordinar m\u00e1s y m\u00e1s log\u00edsticas aqu\u00ed y esperamos poder facilitar todo lo que es necesario para hacer de este evento todo un \u00e9xito aqu\u00ed en Jamaica\u00bb, dijo.<\/p>\n<p><div id=\"attachment_92061\" style=\"width: 845px\" class=\"wp-caption aligncenter\"><img loading=\"lazy\" decoding=\"async\" aria-describedby=\"caption-attachment-92061\" class=\" wp-image-92059\" src=\"https:\/\/interamerica.org\/wp-content\/uploads\/2022\/12\/camporee-meeting-prayer.jpg\" alt=\"\" width=\"835\" height=\"626\" srcset=\"https:\/\/interamerica.org\/wp-content\/uploads\/2022\/12\/camporee-meeting-prayer.jpg 1000w, https:\/\/interamerica.org\/wp-content\/uploads\/2022\/12\/camporee-meeting-prayer-300x225.jpg 300w, https:\/\/interamerica.org\/wp-content\/uploads\/2022\/12\/camporee-meeting-prayer-768x576.jpg 768w\" sizes=\"(max-width: 835px) 100vw, 835px\" \/><p id=\"caption-attachment-92061\" class=\"wp-caption-text\">El pastor Samuel Telemaque, director de Escuela Sab\u00e1tica de la iglesia en Interam\u00e9rica, gu\u00eda en oraci\u00f3n a los directores del ministerio juvenil de las uniones, al final de su reuni\u00f3n log\u00edstica del camporee, el 20 de noviembre de 2022. [Imagen: Libna Stevens\/DIA]<\/p><\/div>Los dirigentes ultimaron los detalles de la lista de deportes, juegos, nuevos honores, manualidades y actividades en los que habr\u00e1n de participar miles de menores miembros del club de Conquistadores que se espera que asistan de todo el territorio de la DIA.\u00a0 El camporee celebrar\u00e1 tambi\u00e9n un concurso b\u00edblico o evento de conexi\u00f3n b\u00edblica basado en el libro de Jueces, ejercicios, investiduras, asesoramiento espiritual para aquellos que deseen ser bautizados, actividades de impacto en la comunidad, intercambio de botones o distintivos y oportunidades de aprender acerca de diferentes culturas e idiomas, a fin de llegar a ser mejores testigos en favor de Jes\u00fas, dijeron los organizadores.<\/p>\n<p>\u201cEl camporee es el lugar en donde muchos jovencitos tomar\u00e1n la decisi\u00f3n de ser dirigentes, predicadores, maestros, y dem\u00e1s servidores; y nosotros deseamos\u00a0 ayudarlos a dedicar su vida al servicio\u00bb, dijo el director Powell.<\/p>\n<p>Para enterarte de la lista de oradores principales, actividades y programaci\u00f3n diaria, pulsa <a href=\"https:\/\/camporee.interamerica.org\/\">camporee.interamerica.org<\/a><\/p>\n<p>Traducci\u00f3n &#8211; Gloria A. Castrej\u00f3n<\/p>\n","protected":false},"excerpt":{"rendered":"<p>1 de diciembre de 2022 | Miami, Florida, Estados Unidos | Libna Stevens, Noticias de la Divisi\u00f3n Interamericana El ultimar importantes pormenores acerca del pr\u00f3ximo Camporee de Conquistadores fue la&#8230;<\/p>\n","protected":false},"author":3,"featured_media":92067,"comment_status":"closed","ping_status":"closed","sticky":false,"template":"","format":"standard","meta":{"_acf_changed":false,"footnotes":""},"categories":[16,15],"tags":[],"class_list":["post-92107","post","type-post","status-publish","format-standard","has-post-thumbnail","hentry","category-desde-la-sede","category-rss-espanol"],"acf":[],"yoast_head":"<!-- This site is optimized with the Yoast SEO plugin v27.3 - https:\/\/yoast.com\/product\/yoast-seo-wordpress\/ -->\n<title>Dirigentes de J\u00f3venes ultiman detalles sobre Camporee de Conquistadores de todo el territorio - Iglesia Adventista del S\u00e9ptimo D\u00eda - Divisi\u00f3n Interamericana<\/title>\n<meta name=\"robots\" content=\"index, follow, max-snippet:-1, max-image-preview:large, max-video-preview:-1\" \/>\n<link rel=\"canonical\" href=\"https:\/\/interamerica.org\/es\/2022\/12\/dirigentes-de-jovenes-ultiman-detalles-sobre-camporee-de-conquistadores-de-todo-el-territorio\/\" \/>\n<meta property=\"og:locale\" content=\"es_ES\" \/>\n<meta property=\"og:type\" content=\"article\" \/>\n<meta property=\"og:title\" content=\"Dirigentes de J\u00f3venes ultiman detalles sobre Camporee de Conquistadores de todo el territorio - Iglesia Adventista del S\u00e9ptimo D\u00eda - Divisi\u00f3n Interamericana\" \/>\n<meta property=\"og:description\" content=\"1 de diciembre de 2022 | Miami, Florida, Estados Unidos | Libna Stevens, Noticias de la Divisi\u00f3n Interamericana El ultimar importantes pormenores acerca del pr\u00f3ximo Camporee de Conquistadores fue la...\" \/>\n<meta property=\"og:url\" content=\"https:\/\/interamerica.org\/es\/2022\/12\/dirigentes-de-jovenes-ultiman-detalles-sobre-camporee-de-conquistadores-de-todo-el-territorio\/\" \/>\n<meta property=\"og:site_name\" content=\"Iglesia Adventista del S\u00e9ptimo D\u00eda - Divisi\u00f3n Interamericana\" \/>\n<meta property=\"article:published_time\" content=\"2022-12-01T19:29:59+00:00\" \/>\n<meta property=\"article:modified_time\" content=\"2022-12-02T18:10:12+00:00\" \/>\n<meta property=\"og:image\" content=\"https:\/\/interamerica.org\/wp-content\/uploads\/2022\/12\/alpowell-caporee-meetingnov22.jpg\" \/>\n\t<meta property=\"og:image:width\" content=\"1000\" \/>\n\t<meta property=\"og:image:height\" content=\"667\" \/>\n\t<meta property=\"og:image:type\" content=\"image\/jpeg\" \/>\n<meta name=\"author\" content=\"libna\" \/>\n<meta name=\"twitter:card\" content=\"summary_large_image\" \/>\n<meta name=\"twitter:label1\" content=\"Escrito por\" \/>\n\t<meta name=\"twitter:data1\" content=\"libna\" \/>\n\t<meta name=\"twitter:label2\" content=\"Tiempo de lectura\" \/>\n\t<meta name=\"twitter:data2\" content=\"8 minutos\" \/>\n<script type=\"application\/ld+json\" class=\"yoast-schema-graph\">{\"@context\":\"https:\\\/\\\/schema.org\",\"@graph\":[{\"@type\":\"Article\",\"@id\":\"https:\\\/\\\/interamerica.org\\\/es\\\/2022\\\/12\\\/dirigentes-de-jovenes-ultiman-detalles-sobre-camporee-de-conquistadores-de-todo-el-territorio\\\/#article\",\"isPartOf\":{\"@id\":\"https:\\\/\\\/interamerica.org\\\/es\\\/2022\\\/12\\\/dirigentes-de-jovenes-ultiman-detalles-sobre-camporee-de-conquistadores-de-todo-el-territorio\\\/\"},\"author\":{\"name\":\"libna\",\"@id\":\"https:\\\/\\\/interamerica.org\\\/es\\\/#\\\/schema\\\/person\\\/29998f2bc2d8bd0d38662909289b54f1\"},\"headline\":\"Dirigentes de J\u00f3venes ultiman detalles sobre Camporee de Conquistadores de todo el territorio\",\"datePublished\":\"2022-12-01T19:29:59+00:00\",\"dateModified\":\"2022-12-02T18:10:12+00:00\",\"mainEntityOfPage\":{\"@id\":\"https:\\\/\\\/interamerica.org\\\/es\\\/2022\\\/12\\\/dirigentes-de-jovenes-ultiman-detalles-sobre-camporee-de-conquistadores-de-todo-el-territorio\\\/\"},\"wordCount\":1501,\"image\":{\"@id\":\"https:\\\/\\\/interamerica.org\\\/es\\\/2022\\\/12\\\/dirigentes-de-jovenes-ultiman-detalles-sobre-camporee-de-conquistadores-de-todo-el-territorio\\\/#primaryimage\"},\"thumbnailUrl\":\"https:\\\/\\\/interamerica.org\\\/wp-content\\\/uploads\\\/2022\\\/12\\\/alpowell-caporee-meetingnov22.jpg\",\"articleSection\":[\"Desde la sede\",\"RSS Espa\u00f1ol\"],\"inLanguage\":\"es\"},{\"@type\":\"WebPage\",\"@id\":\"https:\\\/\\\/interamerica.org\\\/es\\\/2022\\\/12\\\/dirigentes-de-jovenes-ultiman-detalles-sobre-camporee-de-conquistadores-de-todo-el-territorio\\\/\",\"url\":\"https:\\\/\\\/interamerica.org\\\/es\\\/2022\\\/12\\\/dirigentes-de-jovenes-ultiman-detalles-sobre-camporee-de-conquistadores-de-todo-el-territorio\\\/\",\"name\":\"Dirigentes de J\u00f3venes ultiman detalles sobre Camporee de Conquistadores de todo el territorio - Iglesia Adventista del S\u00e9ptimo D\u00eda - Divisi\u00f3n Interamericana\",\"isPartOf\":{\"@id\":\"https:\\\/\\\/interamerica.org\\\/es\\\/#website\"},\"primaryImageOfPage\":{\"@id\":\"https:\\\/\\\/interamerica.org\\\/es\\\/2022\\\/12\\\/dirigentes-de-jovenes-ultiman-detalles-sobre-camporee-de-conquistadores-de-todo-el-territorio\\\/#primaryimage\"},\"image\":{\"@id\":\"https:\\\/\\\/interamerica.org\\\/es\\\/2022\\\/12\\\/dirigentes-de-jovenes-ultiman-detalles-sobre-camporee-de-conquistadores-de-todo-el-territorio\\\/#primaryimage\"},\"thumbnailUrl\":\"https:\\\/\\\/interamerica.org\\\/wp-content\\\/uploads\\\/2022\\\/12\\\/alpowell-caporee-meetingnov22.jpg\",\"datePublished\":\"2022-12-01T19:29:59+00:00\",\"dateModified\":\"2022-12-02T18:10:12+00:00\",\"author\":{\"@id\":\"https:\\\/\\\/interamerica.org\\\/es\\\/#\\\/schema\\\/person\\\/29998f2bc2d8bd0d38662909289b54f1\"},\"breadcrumb\":{\"@id\":\"https:\\\/\\\/interamerica.org\\\/es\\\/2022\\\/12\\\/dirigentes-de-jovenes-ultiman-detalles-sobre-camporee-de-conquistadores-de-todo-el-territorio\\\/#breadcrumb\"},\"inLanguage\":\"es\",\"potentialAction\":[{\"@type\":\"ReadAction\",\"target\":[\"https:\\\/\\\/interamerica.org\\\/es\\\/2022\\\/12\\\/dirigentes-de-jovenes-ultiman-detalles-sobre-camporee-de-conquistadores-de-todo-el-territorio\\\/\"]}]},{\"@type\":\"ImageObject\",\"inLanguage\":\"es\",\"@id\":\"https:\\\/\\\/interamerica.org\\\/es\\\/2022\\\/12\\\/dirigentes-de-jovenes-ultiman-detalles-sobre-camporee-de-conquistadores-de-todo-el-territorio\\\/#primaryimage\",\"url\":\"https:\\\/\\\/interamerica.org\\\/wp-content\\\/uploads\\\/2022\\\/12\\\/alpowell-caporee-meetingnov22.jpg\",\"contentUrl\":\"https:\\\/\\\/interamerica.org\\\/wp-content\\\/uploads\\\/2022\\\/12\\\/alpowell-caporee-meetingnov22.jpg\",\"width\":1000,\"height\":667,\"caption\":\"[Photo: Libna Stevens\\\/IAD]\"},{\"@type\":\"BreadcrumbList\",\"@id\":\"https:\\\/\\\/interamerica.org\\\/es\\\/2022\\\/12\\\/dirigentes-de-jovenes-ultiman-detalles-sobre-camporee-de-conquistadores-de-todo-el-territorio\\\/#breadcrumb\",\"itemListElement\":[{\"@type\":\"ListItem\",\"position\":1,\"name\":\"Home\",\"item\":\"https:\\\/\\\/interamerica.org\\\/es\\\/\"},{\"@type\":\"ListItem\",\"position\":2,\"name\":\"Dirigentes de J\u00f3venes ultiman detalles sobre Camporee de Conquistadores de todo el territorio\"}]},{\"@type\":\"WebSite\",\"@id\":\"https:\\\/\\\/interamerica.org\\\/es\\\/#website\",\"url\":\"https:\\\/\\\/interamerica.org\\\/es\\\/\",\"name\":\"Iglesia Adventista del S\u00e9ptimo D\u00eda - Divisi\u00f3n Interamericana\",\"description\":\"\",\"potentialAction\":[{\"@type\":\"SearchAction\",\"target\":{\"@type\":\"EntryPoint\",\"urlTemplate\":\"https:\\\/\\\/interamerica.org\\\/es\\\/?s={search_term_string}\"},\"query-input\":{\"@type\":\"PropertyValueSpecification\",\"valueRequired\":true,\"valueName\":\"search_term_string\"}}],\"inLanguage\":\"es\"},{\"@type\":\"Person\",\"@id\":\"https:\\\/\\\/interamerica.org\\\/es\\\/#\\\/schema\\\/person\\\/29998f2bc2d8bd0d38662909289b54f1\",\"name\":\"libna\",\"image\":{\"@type\":\"ImageObject\",\"inLanguage\":\"es\",\"@id\":\"https:\\\/\\\/secure.gravatar.com\\\/avatar\\\/7c5bd30ae4b47a9ba3c856590957fd1d96dc588bf3ac05719d247e126840331f?s=96&d=mm&r=g\",\"url\":\"https:\\\/\\\/secure.gravatar.com\\\/avatar\\\/7c5bd30ae4b47a9ba3c856590957fd1d96dc588bf3ac05719d247e126840331f?s=96&d=mm&r=g\",\"contentUrl\":\"https:\\\/\\\/secure.gravatar.com\\\/avatar\\\/7c5bd30ae4b47a9ba3c856590957fd1d96dc588bf3ac05719d247e126840331f?s=96&d=mm&r=g\",\"caption\":\"libna\"}}]}<\/script>\n<!-- \/ Yoast SEO plugin. -->","yoast_head_json":{"title":"Dirigentes de J\u00f3venes ultiman detalles sobre Camporee de Conquistadores de todo el territorio - Iglesia Adventista del S\u00e9ptimo D\u00eda - Divisi\u00f3n Interamericana","robots":{"index":"index","follow":"follow","max-snippet":"max-snippet:-1","max-image-preview":"max-image-preview:large","max-video-preview":"max-video-preview:-1"},"canonical":"https:\/\/interamerica.org\/es\/2022\/12\/dirigentes-de-jovenes-ultiman-detalles-sobre-camporee-de-conquistadores-de-todo-el-territorio\/","og_locale":"es_ES","og_type":"article","og_title":"Dirigentes de J\u00f3venes ultiman detalles sobre Camporee de Conquistadores de todo el territorio - Iglesia Adventista del S\u00e9ptimo D\u00eda - Divisi\u00f3n Interamericana","og_description":"1 de diciembre de 2022 | Miami, Florida, Estados Unidos | Libna Stevens, Noticias de la Divisi\u00f3n Interamericana El ultimar importantes pormenores acerca del pr\u00f3ximo Camporee de Conquistadores fue la...","og_url":"https:\/\/interamerica.org\/es\/2022\/12\/dirigentes-de-jovenes-ultiman-detalles-sobre-camporee-de-conquistadores-de-todo-el-territorio\/","og_site_name":"Iglesia Adventista del S\u00e9ptimo D\u00eda - Divisi\u00f3n Interamericana","article_published_time":"2022-12-01T19:29:59+00:00","article_modified_time":"2022-12-02T18:10:12+00:00","og_image":[{"width":1000,"height":667,"url":"https:\/\/interamerica.org\/wp-content\/uploads\/2022\/12\/alpowell-caporee-meetingnov22.jpg","type":"image\/jpeg"}],"author":"libna","twitter_card":"summary_large_image","twitter_misc":{"Escrito por":"libna","Tiempo de lectura":"8 minutos"},"schema":{"@context":"https:\/\/schema.org","@graph":[{"@type":"Article","@id":"https:\/\/interamerica.org\/es\/2022\/12\/dirigentes-de-jovenes-ultiman-detalles-sobre-camporee-de-conquistadores-de-todo-el-territorio\/#article","isPartOf":{"@id":"https:\/\/interamerica.org\/es\/2022\/12\/dirigentes-de-jovenes-ultiman-detalles-sobre-camporee-de-conquistadores-de-todo-el-territorio\/"},"author":{"name":"libna","@id":"https:\/\/interamerica.org\/es\/#\/schema\/person\/29998f2bc2d8bd0d38662909289b54f1"},"headline":"Dirigentes de J\u00f3venes ultiman detalles sobre Camporee de Conquistadores de todo el territorio","datePublished":"2022-12-01T19:29:59+00:00","dateModified":"2022-12-02T18:10:12+00:00","mainEntityOfPage":{"@id":"https:\/\/interamerica.org\/es\/2022\/12\/dirigentes-de-jovenes-ultiman-detalles-sobre-camporee-de-conquistadores-de-todo-el-territorio\/"},"wordCount":1501,"image":{"@id":"https:\/\/interamerica.org\/es\/2022\/12\/dirigentes-de-jovenes-ultiman-detalles-sobre-camporee-de-conquistadores-de-todo-el-territorio\/#primaryimage"},"thumbnailUrl":"https:\/\/interamerica.org\/wp-content\/uploads\/2022\/12\/alpowell-caporee-meetingnov22.jpg","articleSection":["Desde la sede","RSS Espa\u00f1ol"],"inLanguage":"es"},{"@type":"WebPage","@id":"https:\/\/interamerica.org\/es\/2022\/12\/dirigentes-de-jovenes-ultiman-detalles-sobre-camporee-de-conquistadores-de-todo-el-territorio\/","url":"https:\/\/interamerica.org\/es\/2022\/12\/dirigentes-de-jovenes-ultiman-detalles-sobre-camporee-de-conquistadores-de-todo-el-territorio\/","name":"Dirigentes de J\u00f3venes ultiman detalles sobre Camporee de Conquistadores de todo el territorio - Iglesia Adventista del S\u00e9ptimo D\u00eda - Divisi\u00f3n Interamericana","isPartOf":{"@id":"https:\/\/interamerica.org\/es\/#website"},"primaryImageOfPage":{"@id":"https:\/\/interamerica.org\/es\/2022\/12\/dirigentes-de-jovenes-ultiman-detalles-sobre-camporee-de-conquistadores-de-todo-el-territorio\/#primaryimage"},"image":{"@id":"https:\/\/interamerica.org\/es\/2022\/12\/dirigentes-de-jovenes-ultiman-detalles-sobre-camporee-de-conquistadores-de-todo-el-territorio\/#primaryimage"},"thumbnailUrl":"https:\/\/interamerica.org\/wp-content\/uploads\/2022\/12\/alpowell-caporee-meetingnov22.jpg","datePublished":"2022-12-01T19:29:59+00:00","dateModified":"2022-12-02T18:10:12+00:00","author":{"@id":"https:\/\/interamerica.org\/es\/#\/schema\/person\/29998f2bc2d8bd0d38662909289b54f1"},"breadcrumb":{"@id":"https:\/\/interamerica.org\/es\/2022\/12\/dirigentes-de-jovenes-ultiman-detalles-sobre-camporee-de-conquistadores-de-todo-el-territorio\/#breadcrumb"},"inLanguage":"es","potentialAction":[{"@type":"ReadAction","target":["https:\/\/interamerica.org\/es\/2022\/12\/dirigentes-de-jovenes-ultiman-detalles-sobre-camporee-de-conquistadores-de-todo-el-territorio\/"]}]},{"@type":"ImageObject","inLanguage":"es","@id":"https:\/\/interamerica.org\/es\/2022\/12\/dirigentes-de-jovenes-ultiman-detalles-sobre-camporee-de-conquistadores-de-todo-el-territorio\/#primaryimage","url":"https:\/\/interamerica.org\/wp-content\/uploads\/2022\/12\/alpowell-caporee-meetingnov22.jpg","contentUrl":"https:\/\/interamerica.org\/wp-content\/uploads\/2022\/12\/alpowell-caporee-meetingnov22.jpg","width":1000,"height":667,"caption":"[Photo: Libna Stevens\/IAD]"},{"@type":"BreadcrumbList","@id":"https:\/\/interamerica.org\/es\/2022\/12\/dirigentes-de-jovenes-ultiman-detalles-sobre-camporee-de-conquistadores-de-todo-el-territorio\/#breadcrumb","itemListElement":[{"@type":"ListItem","position":1,"name":"Home","item":"https:\/\/interamerica.org\/es\/"},{"@type":"ListItem","position":2,"name":"Dirigentes de J\u00f3venes ultiman detalles sobre Camporee de Conquistadores de todo el territorio"}]},{"@type":"WebSite","@id":"https:\/\/interamerica.org\/es\/#website","url":"https:\/\/interamerica.org\/es\/","name":"Iglesia Adventista del S\u00e9ptimo D\u00eda - Divisi\u00f3n Interamericana","description":"","potentialAction":[{"@type":"SearchAction","target":{"@type":"EntryPoint","urlTemplate":"https:\/\/interamerica.org\/es\/?s={search_term_string}"},"query-input":{"@type":"PropertyValueSpecification","valueRequired":true,"valueName":"search_term_string"}}],"inLanguage":"es"},{"@type":"Person","@id":"https:\/\/interamerica.org\/es\/#\/schema\/person\/29998f2bc2d8bd0d38662909289b54f1","name":"libna","image":{"@type":"ImageObject","inLanguage":"es","@id":"https:\/\/secure.gravatar.com\/avatar\/7c5bd30ae4b47a9ba3c856590957fd1d96dc588bf3ac05719d247e126840331f?s=96&d=mm&r=g","url":"https:\/\/secure.gravatar.com\/avatar\/7c5bd30ae4b47a9ba3c856590957fd1d96dc588bf3ac05719d247e126840331f?s=96&d=mm&r=g","contentUrl":"https:\/\/secure.gravatar.com\/avatar\/7c5bd30ae4b47a9ba3c856590957fd1d96dc588bf3ac05719d247e126840331f?s=96&d=mm&r=g","caption":"libna"}}]}},"_links":{"self":[{"href":"https:\/\/interamerica.org\/es\/wp-json\/wp\/v2\/posts\/92107","targetHints":{"allow":["GET"]}}],"collection":[{"href":"https:\/\/interamerica.org\/es\/wp-json\/wp\/v2\/posts"}],"about":[{"href":"https:\/\/interamerica.org\/es\/wp-json\/wp\/v2\/types\/post"}],"author":[{"embeddable":true,"href":"https:\/\/interamerica.org\/es\/wp-json\/wp\/v2\/users\/3"}],"replies":[{"embeddable":true,"href":"https:\/\/interamerica.org\/es\/wp-json\/wp\/v2\/comments?post=92107"}],"version-history":[{"count":0,"href":"https:\/\/interamerica.org\/es\/wp-json\/wp\/v2\/posts\/92107\/revisions"}],"wp:featuredmedia":[{"embeddable":true,"href":"https:\/\/interamerica.org\/es\/wp-json\/wp\/v2\/media\/92067"}],"wp:attachment":[{"href":"https:\/\/interamerica.org\/es\/wp-json\/wp\/v2\/media?parent=92107"}],"wp:term":[{"taxonomy":"category","embeddable":true,"href":"https:\/\/interamerica.org\/es\/wp-json\/wp\/v2\/categories?post=92107"},{"taxonomy":"post_tag","embeddable":true,"href":"https:\/\/interamerica.org\/es\/wp-json\/wp\/v2\/tags?post=92107"}],"curies":[{"name":"wp","href":"https:\/\/api.w.org\/{rel}","templated":true}]}}