{"id":92210,"date":"2022-12-06T21:14:27","date_gmt":"2022-12-07T02:14:27","guid":{"rendered":"https:\/\/interamerica.org\/?p=92210"},"modified":"2022-12-09T09:49:21","modified_gmt":"2022-12-09T14:49:21","slug":"iglesia-adventista-en-interamerica-vota-a-primera-mujer-como-tesorera-de-la-division","status":"publish","type":"post","link":"https:\/\/interamerica.org\/es\/2022\/12\/iglesia-adventista-en-interamerica-vota-a-primera-mujer-como-tesorera-de-la-division\/","title":{"rendered":"Iglesia Adventista en Interam\u00e9rica vota a primera mujer como tesorera de la divisi\u00f3n"},"content":{"rendered":"<div id=\"attachment_92166\" style=\"width: 863px\" class=\"wp-caption aligncenter\"><img fetchpriority=\"high\" decoding=\"async\" aria-describedby=\"caption-attachment-92166\" class=\" wp-image-92164\" src=\"https:\/\/interamerica.org\/wp-content\/uploads\/2022\/12\/ivelisse-herrera-exec-leaders-greeting1280-1024x640.jpg\" alt=\"\" width=\"853\" height=\"533\" srcset=\"https:\/\/interamerica.org\/wp-content\/uploads\/2022\/12\/ivelisse-herrera-exec-leaders-greeting1280-1024x640.jpg 1024w, https:\/\/interamerica.org\/wp-content\/uploads\/2022\/12\/ivelisse-herrera-exec-leaders-greeting1280-300x188.jpg 300w, https:\/\/interamerica.org\/wp-content\/uploads\/2022\/12\/ivelisse-herrera-exec-leaders-greeting1280-768x480.jpg 768w, https:\/\/interamerica.org\/wp-content\/uploads\/2022\/12\/ivelisse-herrera-exec-leaders-greeting1280.jpg 1280w\" sizes=\"(max-width: 853px) 100vw, 853px\" \/><p id=\"caption-attachment-92166\" class=\"wp-caption-text\">Ivelisse Herrera (al centro), nueva tesorera de la Divisi\u00f3n Interamericana, es felicitada por los l\u00edderes de la iglesia despu\u00e9s de ser votada por la Junta Directiva del territorio durante una sesi\u00f3n especial llevada a cabo el 5 de diciembre de 2022 en Miami, Florida, Estados Unidos. Filiberto Verduzco, tesorero de la Divisi\u00f3n Interamericana durante m\u00e1s de 22 a\u00f1os, anunci\u00f3 hace poco que se jubilar\u00e1 a partir del 1 de enero de 2023. Herrera es la primera mujer en ocupar el cargo de tesorera de divisi\u00f3n en el territorio. [Fotograf\u00eda: Keila Trejo\/DIA]<\/p><\/div>\n<h4>Ivelisse Herrera, experimentada en el campo de la finanzas, remplazar\u00e1 a Filiberto Verduzco.<\/h4>\n<p>6 de diciembre de2022 | Miami, Florida, Estados Unidos | Libna Stevens, Noticias de la Divisi\u00f3n Interamericana<\/p>\n<p>Los principales l\u00edderes de la Iglesia Adventista del S\u00e9ptimo D\u00eda votaron recomendar a Ivelisse Herrera como tesorera de la Divisi\u00f3n Interamericana, durante una sesi\u00f3n especial de la junta directiva llevada a cabo en el d\u00eda de ayer en Miami, Florida, Estados Unidos. Herrera se convierte as\u00ed en la primera mujer en ocupar ese cargo administrativo en los cien a\u00f1os desde que se organiz\u00f3 oficialmente la divisi\u00f3n en 1922.<\/p>\n<p>Herrera, que ocupaba el cargo de subtesorera, fue nominada y votada despu\u00e9s de que m\u00e1s de 75 miembros de la junta directiva este 5 de diciembre de 2022 aceptaran el pedido de jubilaci\u00f3n del pastor Filiberto Verduzco, quien ha estado prestando servicios como tesorero de la Divisi\u00f3n Interamericana por m\u00e1s de 22 a\u00f1os.<\/p>\n<p><div id=\"attachment_92183\" style=\"width: 860px\" class=\"wp-caption aligncenter\"><img decoding=\"async\" aria-describedby=\"caption-attachment-92183\" class=\" wp-image-92181\" src=\"https:\/\/interamerica.org\/wp-content\/uploads\/2022\/12\/iad-admins-nominating-report-dec22.jpg\" alt=\"\" width=\"850\" height=\"568\" srcset=\"https:\/\/interamerica.org\/wp-content\/uploads\/2022\/12\/iad-admins-nominating-report-dec22.jpg 1000w, https:\/\/interamerica.org\/wp-content\/uploads\/2022\/12\/iad-admins-nominating-report-dec22-300x200.jpg 300w, https:\/\/interamerica.org\/wp-content\/uploads\/2022\/12\/iad-admins-nominating-report-dec22-768x513.jpg 768w\" sizes=\"(max-width: 850px) 100vw, 850px\" \/><p id=\"caption-attachment-92183\" class=\"wp-caption-text\">Los principales administradores de la Divisi\u00f3n Interamericana, el pastor Elie Henry, presidente (al centro), sonr\u00ede junto a los pastores Leonard Johnson, secretario ejecutivo (izquierda), y el tesorero Filiberto Verduzco, despu\u00e9s de los aplausos cuando se present\u00f3 el informe de la comisi\u00f3n de nombramientos con la nominaci\u00f3n de Ivelisse Herrera como tesorera de la Divisi\u00f3n Interamericana. [Fotograf\u00eda: Wilmer Barboza\/DIA]<\/p><\/div>\u201cEl pastor Verduzco ha estado trabajando con la idea de efectuar una transici\u00f3n para pasar m\u00e1s tiempo con su esposa Alma este a\u00f1o, y despu\u00e9s del Congreso de la Asociaci\u00f3n General, nuestras asambleas de fin de a\u00f1o, lleg\u00f3 el momento en el que sinti\u00f3 que era tiempo de poner fin a los servicios activos a la iglesia este a\u00f1o y comenzar su jubilaci\u00f3n a partir del 1 de enero de 2023\u201d, dijo el pastor Elie Henry, presidente de la Iglesia Adventista en Interam\u00e9rica. La sesi\u00f3n se llam\u00f3 r\u00e1pidamente para reunir a los miembros de la junta directiva, antes de la Junta Ejecutiva de la Asociaci\u00f3n General que se reunir\u00e1 el 8 de diciembre, explic\u00f3 el pastor Henry.<\/p>\n<p>Despu\u00e9s de que los 42 integrantes de la comisi\u00f3n de nombramientos regresaron de reunirse por casi una hora, los aplausos llenaron la sala cuando se present\u00f3 el nombre de Ivelisse Herrera como la gerenta general financiera de la Divisi\u00f3n Interamericana.<\/p>\n<p><div id=\"attachment_92192\" style=\"width: 1030px\" class=\"wp-caption aligncenter\"><img decoding=\"async\" aria-describedby=\"caption-attachment-92192\" class=\" wp-image-92190\" src=\"https:\/\/interamerica.org\/wp-content\/uploads\/2022\/12\/iad-exec-committee-dec22.jpg\" alt=\"\" width=\"1020\" height=\"473\" srcset=\"https:\/\/interamerica.org\/wp-content\/uploads\/2022\/12\/iad-exec-committee-dec22.jpg 1000w, https:\/\/interamerica.org\/wp-content\/uploads\/2022\/12\/iad-exec-committee-dec22-300x139.jpg 300w, https:\/\/interamerica.org\/wp-content\/uploads\/2022\/12\/iad-exec-committee-dec22-768x356.jpg 768w\" sizes=\"(max-width: 1020px) 100vw, 1020px\" \/><p id=\"caption-attachment-92192\" class=\"wp-caption-text\">M\u00e1s de 75 l\u00edderes de la iglesia que integran la Junta Directiva de la Divisi\u00f3n Interamericana viajaron a Miami para la sesi\u00f3n especial, mientras que decenas de representantes de las instituciones y miembros laicos se sumaron en l\u00ednea. [Fotograf\u00eda: Wilmer Barboza\/DIA]<\/p><\/div>\u201cPor sus aplausos puedo notar que todos est\u00e1n de acuerdo\u201d, dijo el pastor Henry.<\/p>\n<p><strong>Un d\u00eda hist\u00f3rico<\/strong><\/p>\n<p>\u201cEste es un d\u00eda importante, un d\u00eda hist\u00f3rico\u201d, dijo Paul Douglas, tesorero de la Asociaci\u00f3n General de la Iglesia Adventista, al dirigirse a la junta. \u201cEstoy sumamente complacido y aplaudo a la administraci\u00f3n. Me complacer\u00e1 llevar esta recomendaci\u00f3n conmigo a la Junta Directiva de la Asociaci\u00f3n General el pr\u00f3ximo jueves a las 7:00\u201d. Douglas dijo que es un d\u00eda importante para la obra de Dios en la divisi\u00f3n, en momentos en que la iglesia avanza unida. \u201cLa Divisi\u00f3n Interamericana continuar\u00e1 avanzando m\u00e1s lejos y a mayor velocidad, mientras aguardamos el pronto regreso de Cristo\u201d.<\/p>\n<p>\u201cEstamos en el mismo equipo, y siempre estar\u00e9 a su disposici\u00f3n\u201d, dijo Douglas al dirigirse a Herrera. \u201cSi alguna vez tiene dudas de su capacidad de hacer la obra de Dios, recuerde lo que dice Santiago 1:5: \u2018Si alguno de vosotros tiene falta de sabidur\u00eda, p\u00eddala a Dios, el cual da a todos abundantemente y sin reproche, y le ser\u00e1 dada\u2019\u201d.<\/p>\n<p><div id=\"attachment_92189\" style=\"width: 857px\" class=\"wp-caption aligncenter\"><img loading=\"lazy\" decoding=\"async\" aria-describedby=\"caption-attachment-92189\" class=\" wp-image-92187\" src=\"https:\/\/interamerica.org\/wp-content\/uploads\/2022\/12\/paul-douglas-iad-exec-comm-dec22.jpg\" alt=\"\" width=\"847\" height=\"565\" srcset=\"https:\/\/interamerica.org\/wp-content\/uploads\/2022\/12\/paul-douglas-iad-exec-comm-dec22.jpg 1000w, https:\/\/interamerica.org\/wp-content\/uploads\/2022\/12\/paul-douglas-iad-exec-comm-dec22-300x200.jpg 300w, https:\/\/interamerica.org\/wp-content\/uploads\/2022\/12\/paul-douglas-iad-exec-comm-dec22-768x512.jpg 768w\" sizes=\"(max-width: 847px) 100vw, 847px\" \/><p id=\"caption-attachment-92189\" class=\"wp-caption-text\">Paul Douglas, tesorero de la Iglesia Adventista, felicit\u00f3 a la administraci\u00f3n de la Divisi\u00f3n Interamericana por la decisi\u00f3n importante e hist\u00f3rica, y expres\u00f3 su pleno apoyo y el de su equipo en momentos en que la iglesia avanza en la misi\u00f3n. Douglas dijo que llevar\u00eda la recomendaci\u00f3n de Herrera a la Junta Directiva de la Asociaci\u00f3n General, para su aprobaci\u00f3n final el 8 de diciembre de 2022. [Fotograf\u00eda: Wilmer Barboza\/DIA]<\/p><\/div>Una vez que la Junta Directiva de la Asociaci\u00f3n General acepte formalmente la recomendaci\u00f3n, Herrera se convertir\u00e1 en la \u00fanica mujer en ocupar ese cargo administrativo de tesorer\u00eda entre las trece divisiones de la iglesia mundial.<\/p>\n<p>\u201cUsted ya ha estado haciendo un trabajo extraordinariamente bueno, y estoy seguro que su parte en el equipo administrativo ir\u00e1 extraordinariamente bien\u201d, dijo Verduzco. \u201cA\u00f1adir\u00e1 mucho m\u00e1s, y se desempe\u00f1ar\u00e1 mejor que yo\u201d, agreg\u00f3, al agradecerle p\u00fablicamente por su lealtad, dedicaci\u00f3n y servicio comprometido.<\/p>\n<p>Los a\u00f1os de servicio de Herrera en la sede de la Divisi\u00f3n Interamericana suman m\u00e1s de 17 a\u00f1os. Antes de su designaci\u00f3n como subtesorera, fue tesorera asociada y contadora en la sede de la Divisi\u00f3n Interamericana desde 2005. Es ministra comisionada y posee una maestr\u00eda en administraci\u00f3n de negocios de la Universidad de Montemorelos, y un t\u00edtulo de grado en contadur\u00eda de la Universidad Adventista Dominicana.<\/p>\n<p><div id=\"attachment_92179\" style=\"width: 852px\" class=\"wp-caption aligncenter\"><img loading=\"lazy\" decoding=\"async\" aria-describedby=\"caption-attachment-92179\" class=\" wp-image-92177\" src=\"https:\/\/interamerica.org\/wp-content\/uploads\/2022\/12\/ivelisse-herrera-exec-comm-prayer-dec22-1280-1024x640.jpg\" alt=\"\" width=\"842\" height=\"526\" srcset=\"https:\/\/interamerica.org\/wp-content\/uploads\/2022\/12\/ivelisse-herrera-exec-comm-prayer-dec22-1280-1024x640.jpg 1024w, https:\/\/interamerica.org\/wp-content\/uploads\/2022\/12\/ivelisse-herrera-exec-comm-prayer-dec22-1280-300x188.jpg 300w, https:\/\/interamerica.org\/wp-content\/uploads\/2022\/12\/ivelisse-herrera-exec-comm-prayer-dec22-1280-768x480.jpg 768w, https:\/\/interamerica.org\/wp-content\/uploads\/2022\/12\/ivelisse-herrera-exec-comm-prayer-dec22-1280.jpg 1280w\" sizes=\"(max-width: 842px) 100vw, 842px\" \/><p id=\"caption-attachment-92179\" class=\"wp-caption-text\">Paul Douglas, tesorero de la Iglesia Adventista, ora por Ivelisse Herrera, su esposo y su ministerio, mientras se le suman los administradores y miembros de la junta directiva. [Fotograf\u00eda: Keila Trejo\/DIA]<\/p><\/div><strong>La nueva din\u00e1mica administrativa<\/strong><\/p>\n<p>\u201cLa nueva din\u00e1mica va a ser interesante\u201d, dijo el pastor Henry. \u201cNo estoy seguro c\u00f3mo va a ser con una dama entre nosotros, pero vemos el trabajo no porque sea una mujer que viene de aqu\u00ed o de all\u00ed, sino porque todos estamos llevando a cabo la obra de Dios, y con Dios a nuestro lado, lograremos grandes cosas para la iglesia\u201d.<\/p>\n<p>Herrera agradeci\u00f3 a la junta y se comprometi\u00f3 a asumir la nueva tarea con respeto y humildad. \u201cAcepto que me hayan considerado para este cargo en reconocimiento al pastor Verduzco\u201d, dijo. \u201cHe estado trabajando bajo la supervisi\u00f3n del pastor Verduzco durante 17 a\u00f1os y cuatro meses, y \u00e9l ha sido una influencia sumamente positiva en mi vida. Trabajaremos duro para continuar con su legado aqu\u00ed en la Divisi\u00f3n Interamericana, para que pueda continuar siendo caracterizada como poseedora de un sistema financiero estable y s\u00f3lido\u201d. Herrera agradeci\u00f3 a Douglas por poner su equipo de tesorer\u00eda a su servicio en esta transici\u00f3n, y agradeci\u00f3 a los administradores de las uniones y a la tesorer\u00eda de la Divisi\u00f3n Interamericana por su dedicaci\u00f3n en las operaciones diarias de la sede financiera.<\/p>\n<p><div id=\"attachment_92174\" style=\"width: 852px\" class=\"wp-caption aligncenter\"><img loading=\"lazy\" decoding=\"async\" aria-describedby=\"caption-attachment-92174\" class=\" wp-image-92172\" src=\"https:\/\/interamerica.org\/wp-content\/uploads\/2022\/12\/ivelisse-herrera-nov22-1280-1024x640.jpg\" alt=\"\" width=\"842\" height=\"526\" srcset=\"https:\/\/interamerica.org\/wp-content\/uploads\/2022\/12\/ivelisse-herrera-nov22-1280-1024x640.jpg 1024w, https:\/\/interamerica.org\/wp-content\/uploads\/2022\/12\/ivelisse-herrera-nov22-1280-300x188.jpg 300w, https:\/\/interamerica.org\/wp-content\/uploads\/2022\/12\/ivelisse-herrera-nov22-1280-768x480.jpg 768w, https:\/\/interamerica.org\/wp-content\/uploads\/2022\/12\/ivelisse-herrera-nov22-1280.jpg 1280w\" sizes=\"(max-width: 842px) 100vw, 842px\" \/><p id=\"caption-attachment-92174\" class=\"wp-caption-text\">Ivelisse Herrera, quien ha prestado servicios en la sede de la Divisi\u00f3n Interamericana durante m\u00e1s de 17 a\u00f1os, habla a los miembros de la junta directiva y se compromete en continuar con el legado de Filiberto Verduzco, continuando con un sistema financiero s\u00f3lido y estable con la ayuda de Dios y el equipo de tesorer\u00eda. [Fotograf\u00eda: Wilmer Barboza\/DIA]<\/p><\/div>\u201cS\u00e9 que si Dios me ha puesto en este cargo, \u00e9l caminar\u00e1 delante de m\u00ed, mostr\u00e1ndome el camino, para proceder a enfrentar los desaf\u00edos que puedan presentarse\u201d, dijo Herrera.<\/p>\n<p>Los l\u00edderes de la iglesia oraron por Herrera, su familia y su ministerio en el nuevo cargo.<\/p>\n<p>Herrera, que naci\u00f3 en la Rep\u00fablica Dominicana, cuenta con m\u00e1s de 33 a\u00f1os de servicio denominacional. Tambi\u00e9n ha sido contadora de la oficina de misi\u00f3n, tesorera de asociaci\u00f3n y directora de testamentos y legados a nivel de uni\u00f3n en su pa\u00eds natal.<\/p>\n<p><div id=\"attachment_92186\" style=\"width: 851px\" class=\"wp-caption aligncenter\"><img loading=\"lazy\" decoding=\"async\" aria-describedby=\"caption-attachment-92186\" class=\" wp-image-92184\" src=\"https:\/\/interamerica.org\/wp-content\/uploads\/2022\/12\/ivelisse-roberto-herrera-exec-comm-dec22.jpg\" alt=\"\" width=\"841\" height=\"561\" srcset=\"https:\/\/interamerica.org\/wp-content\/uploads\/2022\/12\/ivelisse-roberto-herrera-exec-comm-dec22.jpg 1000w, https:\/\/interamerica.org\/wp-content\/uploads\/2022\/12\/ivelisse-roberto-herrera-exec-comm-dec22-300x200.jpg 300w, https:\/\/interamerica.org\/wp-content\/uploads\/2022\/12\/ivelisse-roberto-herrera-exec-comm-dec22-768x512.jpg 768w\" sizes=\"(max-width: 841px) 100vw, 841px\" \/><p id=\"caption-attachment-92186\" class=\"wp-caption-text\">Ivelisse Herrera y su esposo, el pastor Roberto, sonr\u00eden mientras los administradores de la iglesia celebran su dedicaci\u00f3n y compromiso, antes de que los miembros de la junta la votaran como tesorera de la Divisi\u00f3n Interamericana. [Fotograf\u00eda: Wilmer Barboza\/DIA]<\/p><\/div>La se\u00f1ora Herrera est\u00e1 casada con el pastor Roberto Herrera, que es director de mayordom\u00eda de la Divisi\u00f3n Interamericana. El matrimonio tiene dos hijos adultos.<\/p>\n<p>Para ver un \u00e1lbum de fotograf\u00edas de la sesi\u00f3n de la Junta Directiva de Interam\u00e9rica del pasado 5 de diciembre de 2022, ingrese <a href=\"https:\/\/flickr.com\/photos\/interamerica\/albums\/72177720304269604\/with\/52548104855\/\">AQU\u00cd<\/a><\/p>\n<p>Traducci\u00f3n de Marcos Paseggi<\/p>\n","protected":false},"excerpt":{"rendered":"<p>Ivelisse Herrera, experimentada en el campo de la finanzas, remplazar\u00e1 a Filiberto Verduzco. 6 de diciembre de2022 | Miami, Florida, Estados Unidos | Libna Stevens, Noticias de la Divisi\u00f3n Interamericana&#8230;<\/p>\n","protected":false},"author":3,"featured_media":92198,"comment_status":"closed","ping_status":"closed","sticky":false,"template":"","format":"standard","meta":{"_acf_changed":false,"footnotes":""},"categories":[16,15],"tags":[],"class_list":["post-92210","post","type-post","status-publish","format-standard","has-post-thumbnail","hentry","category-desde-la-sede","category-rss-espanol"],"acf":[],"yoast_head":"<!-- This site is optimized with the Yoast SEO plugin v27.3 - https:\/\/yoast.com\/product\/yoast-seo-wordpress\/ -->\n<title>Iglesia Adventista en Interam\u00e9rica vota a primera mujer como tesorera de la divisi\u00f3n - Iglesia Adventista del S\u00e9ptimo D\u00eda - Divisi\u00f3n Interamericana<\/title>\n<meta name=\"robots\" content=\"index, follow, max-snippet:-1, max-image-preview:large, max-video-preview:-1\" \/>\n<link rel=\"canonical\" href=\"https:\/\/interamerica.org\/es\/2022\/12\/iglesia-adventista-en-interamerica-vota-a-primera-mujer-como-tesorera-de-la-division\/\" \/>\n<meta property=\"og:locale\" content=\"es_ES\" \/>\n<meta property=\"og:type\" content=\"article\" \/>\n<meta property=\"og:title\" content=\"Iglesia Adventista en Interam\u00e9rica vota a primera mujer como tesorera de la divisi\u00f3n - Iglesia Adventista del S\u00e9ptimo D\u00eda - Divisi\u00f3n Interamericana\" \/>\n<meta property=\"og:description\" content=\"Ivelisse Herrera, experimentada en el campo de la finanzas, remplazar\u00e1 a Filiberto Verduzco. 6 de diciembre de2022 | Miami, Florida, Estados Unidos | Libna Stevens, Noticias de la Divisi\u00f3n Interamericana...\" \/>\n<meta property=\"og:url\" content=\"https:\/\/interamerica.org\/es\/2022\/12\/iglesia-adventista-en-interamerica-vota-a-primera-mujer-como-tesorera-de-la-division\/\" \/>\n<meta property=\"og:site_name\" content=\"Iglesia Adventista del S\u00e9ptimo D\u00eda - Divisi\u00f3n Interamericana\" \/>\n<meta property=\"article:published_time\" content=\"2022-12-07T02:14:27+00:00\" \/>\n<meta property=\"article:modified_time\" content=\"2022-12-09T14:49:21+00:00\" \/>\n<meta property=\"og:image\" content=\"https:\/\/interamerica.org\/wp-content\/uploads\/2022\/12\/ivelisse-herrera-congratulated-exec-comm-dec22.jpg\" \/>\n\t<meta property=\"og:image:width\" content=\"1000\" \/>\n\t<meta property=\"og:image:height\" content=\"667\" \/>\n\t<meta property=\"og:image:type\" content=\"image\/jpeg\" \/>\n<meta name=\"author\" content=\"libna\" \/>\n<meta name=\"twitter:card\" content=\"summary_large_image\" \/>\n<meta name=\"twitter:label1\" content=\"Escrito por\" \/>\n\t<meta name=\"twitter:data1\" content=\"libna\" \/>\n\t<meta name=\"twitter:label2\" content=\"Tiempo de lectura\" \/>\n\t<meta name=\"twitter:data2\" content=\"8 minutos\" \/>\n<script type=\"application\/ld+json\" class=\"yoast-schema-graph\">{\"@context\":\"https:\\\/\\\/schema.org\",\"@graph\":[{\"@type\":\"Article\",\"@id\":\"https:\\\/\\\/interamerica.org\\\/es\\\/2022\\\/12\\\/iglesia-adventista-en-interamerica-vota-a-primera-mujer-como-tesorera-de-la-division\\\/#article\",\"isPartOf\":{\"@id\":\"https:\\\/\\\/interamerica.org\\\/es\\\/2022\\\/12\\\/iglesia-adventista-en-interamerica-vota-a-primera-mujer-como-tesorera-de-la-division\\\/\"},\"author\":{\"name\":\"libna\",\"@id\":\"https:\\\/\\\/interamerica.org\\\/es\\\/#\\\/schema\\\/person\\\/29998f2bc2d8bd0d38662909289b54f1\"},\"headline\":\"Iglesia Adventista en Interam\u00e9rica vota a primera mujer como tesorera de la divisi\u00f3n\",\"datePublished\":\"2022-12-07T02:14:27+00:00\",\"dateModified\":\"2022-12-09T14:49:21+00:00\",\"mainEntityOfPage\":{\"@id\":\"https:\\\/\\\/interamerica.org\\\/es\\\/2022\\\/12\\\/iglesia-adventista-en-interamerica-vota-a-primera-mujer-como-tesorera-de-la-division\\\/\"},\"wordCount\":1529,\"image\":{\"@id\":\"https:\\\/\\\/interamerica.org\\\/es\\\/2022\\\/12\\\/iglesia-adventista-en-interamerica-vota-a-primera-mujer-como-tesorera-de-la-division\\\/#primaryimage\"},\"thumbnailUrl\":\"https:\\\/\\\/interamerica.org\\\/wp-content\\\/uploads\\\/2022\\\/12\\\/ivelisse-herrera-congratulated-exec-comm-dec22.jpg\",\"articleSection\":[\"Desde la sede\",\"RSS Espa\u00f1ol\"],\"inLanguage\":\"es\"},{\"@type\":\"WebPage\",\"@id\":\"https:\\\/\\\/interamerica.org\\\/es\\\/2022\\\/12\\\/iglesia-adventista-en-interamerica-vota-a-primera-mujer-como-tesorera-de-la-division\\\/\",\"url\":\"https:\\\/\\\/interamerica.org\\\/es\\\/2022\\\/12\\\/iglesia-adventista-en-interamerica-vota-a-primera-mujer-como-tesorera-de-la-division\\\/\",\"name\":\"Iglesia Adventista en Interam\u00e9rica vota a primera mujer como tesorera de la divisi\u00f3n - Iglesia Adventista del S\u00e9ptimo D\u00eda - Divisi\u00f3n Interamericana\",\"isPartOf\":{\"@id\":\"https:\\\/\\\/interamerica.org\\\/es\\\/#website\"},\"primaryImageOfPage\":{\"@id\":\"https:\\\/\\\/interamerica.org\\\/es\\\/2022\\\/12\\\/iglesia-adventista-en-interamerica-vota-a-primera-mujer-como-tesorera-de-la-division\\\/#primaryimage\"},\"image\":{\"@id\":\"https:\\\/\\\/interamerica.org\\\/es\\\/2022\\\/12\\\/iglesia-adventista-en-interamerica-vota-a-primera-mujer-como-tesorera-de-la-division\\\/#primaryimage\"},\"thumbnailUrl\":\"https:\\\/\\\/interamerica.org\\\/wp-content\\\/uploads\\\/2022\\\/12\\\/ivelisse-herrera-congratulated-exec-comm-dec22.jpg\",\"datePublished\":\"2022-12-07T02:14:27+00:00\",\"dateModified\":\"2022-12-09T14:49:21+00:00\",\"author\":{\"@id\":\"https:\\\/\\\/interamerica.org\\\/es\\\/#\\\/schema\\\/person\\\/29998f2bc2d8bd0d38662909289b54f1\"},\"breadcrumb\":{\"@id\":\"https:\\\/\\\/interamerica.org\\\/es\\\/2022\\\/12\\\/iglesia-adventista-en-interamerica-vota-a-primera-mujer-como-tesorera-de-la-division\\\/#breadcrumb\"},\"inLanguage\":\"es\",\"potentialAction\":[{\"@type\":\"ReadAction\",\"target\":[\"https:\\\/\\\/interamerica.org\\\/es\\\/2022\\\/12\\\/iglesia-adventista-en-interamerica-vota-a-primera-mujer-como-tesorera-de-la-division\\\/\"]}]},{\"@type\":\"ImageObject\",\"inLanguage\":\"es\",\"@id\":\"https:\\\/\\\/interamerica.org\\\/es\\\/2022\\\/12\\\/iglesia-adventista-en-interamerica-vota-a-primera-mujer-como-tesorera-de-la-division\\\/#primaryimage\",\"url\":\"https:\\\/\\\/interamerica.org\\\/wp-content\\\/uploads\\\/2022\\\/12\\\/ivelisse-herrera-congratulated-exec-comm-dec22.jpg\",\"contentUrl\":\"https:\\\/\\\/interamerica.org\\\/wp-content\\\/uploads\\\/2022\\\/12\\\/ivelisse-herrera-congratulated-exec-comm-dec22.jpg\",\"width\":1000,\"height\":667,\"caption\":\"[Photo: Keila Trejo\\\/IAD]\"},{\"@type\":\"BreadcrumbList\",\"@id\":\"https:\\\/\\\/interamerica.org\\\/es\\\/2022\\\/12\\\/iglesia-adventista-en-interamerica-vota-a-primera-mujer-como-tesorera-de-la-division\\\/#breadcrumb\",\"itemListElement\":[{\"@type\":\"ListItem\",\"position\":1,\"name\":\"Home\",\"item\":\"https:\\\/\\\/interamerica.org\\\/es\\\/\"},{\"@type\":\"ListItem\",\"position\":2,\"name\":\"Iglesia Adventista en Interam\u00e9rica vota a primera mujer como tesorera de la divisi\u00f3n\"}]},{\"@type\":\"WebSite\",\"@id\":\"https:\\\/\\\/interamerica.org\\\/es\\\/#website\",\"url\":\"https:\\\/\\\/interamerica.org\\\/es\\\/\",\"name\":\"Iglesia Adventista del S\u00e9ptimo D\u00eda - Divisi\u00f3n Interamericana\",\"description\":\"\",\"potentialAction\":[{\"@type\":\"SearchAction\",\"target\":{\"@type\":\"EntryPoint\",\"urlTemplate\":\"https:\\\/\\\/interamerica.org\\\/es\\\/?s={search_term_string}\"},\"query-input\":{\"@type\":\"PropertyValueSpecification\",\"valueRequired\":true,\"valueName\":\"search_term_string\"}}],\"inLanguage\":\"es\"},{\"@type\":\"Person\",\"@id\":\"https:\\\/\\\/interamerica.org\\\/es\\\/#\\\/schema\\\/person\\\/29998f2bc2d8bd0d38662909289b54f1\",\"name\":\"libna\",\"image\":{\"@type\":\"ImageObject\",\"inLanguage\":\"es\",\"@id\":\"https:\\\/\\\/secure.gravatar.com\\\/avatar\\\/7c5bd30ae4b47a9ba3c856590957fd1d96dc588bf3ac05719d247e126840331f?s=96&d=mm&r=g\",\"url\":\"https:\\\/\\\/secure.gravatar.com\\\/avatar\\\/7c5bd30ae4b47a9ba3c856590957fd1d96dc588bf3ac05719d247e126840331f?s=96&d=mm&r=g\",\"contentUrl\":\"https:\\\/\\\/secure.gravatar.com\\\/avatar\\\/7c5bd30ae4b47a9ba3c856590957fd1d96dc588bf3ac05719d247e126840331f?s=96&d=mm&r=g\",\"caption\":\"libna\"}}]}<\/script>\n<!-- \/ Yoast SEO plugin. -->","yoast_head_json":{"title":"Iglesia Adventista en Interam\u00e9rica vota a primera mujer como tesorera de la divisi\u00f3n - Iglesia Adventista del S\u00e9ptimo D\u00eda - Divisi\u00f3n Interamericana","robots":{"index":"index","follow":"follow","max-snippet":"max-snippet:-1","max-image-preview":"max-image-preview:large","max-video-preview":"max-video-preview:-1"},"canonical":"https:\/\/interamerica.org\/es\/2022\/12\/iglesia-adventista-en-interamerica-vota-a-primera-mujer-como-tesorera-de-la-division\/","og_locale":"es_ES","og_type":"article","og_title":"Iglesia Adventista en Interam\u00e9rica vota a primera mujer como tesorera de la divisi\u00f3n - Iglesia Adventista del S\u00e9ptimo D\u00eda - Divisi\u00f3n Interamericana","og_description":"Ivelisse Herrera, experimentada en el campo de la finanzas, remplazar\u00e1 a Filiberto Verduzco. 6 de diciembre de2022 | Miami, Florida, Estados Unidos | Libna Stevens, Noticias de la Divisi\u00f3n Interamericana...","og_url":"https:\/\/interamerica.org\/es\/2022\/12\/iglesia-adventista-en-interamerica-vota-a-primera-mujer-como-tesorera-de-la-division\/","og_site_name":"Iglesia Adventista del S\u00e9ptimo D\u00eda - Divisi\u00f3n Interamericana","article_published_time":"2022-12-07T02:14:27+00:00","article_modified_time":"2022-12-09T14:49:21+00:00","og_image":[{"width":1000,"height":667,"url":"https:\/\/interamerica.org\/wp-content\/uploads\/2022\/12\/ivelisse-herrera-congratulated-exec-comm-dec22.jpg","type":"image\/jpeg"}],"author":"libna","twitter_card":"summary_large_image","twitter_misc":{"Escrito por":"libna","Tiempo de lectura":"8 minutos"},"schema":{"@context":"https:\/\/schema.org","@graph":[{"@type":"Article","@id":"https:\/\/interamerica.org\/es\/2022\/12\/iglesia-adventista-en-interamerica-vota-a-primera-mujer-como-tesorera-de-la-division\/#article","isPartOf":{"@id":"https:\/\/interamerica.org\/es\/2022\/12\/iglesia-adventista-en-interamerica-vota-a-primera-mujer-como-tesorera-de-la-division\/"},"author":{"name":"libna","@id":"https:\/\/interamerica.org\/es\/#\/schema\/person\/29998f2bc2d8bd0d38662909289b54f1"},"headline":"Iglesia Adventista en Interam\u00e9rica vota a primera mujer como tesorera de la divisi\u00f3n","datePublished":"2022-12-07T02:14:27+00:00","dateModified":"2022-12-09T14:49:21+00:00","mainEntityOfPage":{"@id":"https:\/\/interamerica.org\/es\/2022\/12\/iglesia-adventista-en-interamerica-vota-a-primera-mujer-como-tesorera-de-la-division\/"},"wordCount":1529,"image":{"@id":"https:\/\/interamerica.org\/es\/2022\/12\/iglesia-adventista-en-interamerica-vota-a-primera-mujer-como-tesorera-de-la-division\/#primaryimage"},"thumbnailUrl":"https:\/\/interamerica.org\/wp-content\/uploads\/2022\/12\/ivelisse-herrera-congratulated-exec-comm-dec22.jpg","articleSection":["Desde la sede","RSS Espa\u00f1ol"],"inLanguage":"es"},{"@type":"WebPage","@id":"https:\/\/interamerica.org\/es\/2022\/12\/iglesia-adventista-en-interamerica-vota-a-primera-mujer-como-tesorera-de-la-division\/","url":"https:\/\/interamerica.org\/es\/2022\/12\/iglesia-adventista-en-interamerica-vota-a-primera-mujer-como-tesorera-de-la-division\/","name":"Iglesia Adventista en Interam\u00e9rica vota a primera mujer como tesorera de la divisi\u00f3n - Iglesia Adventista del S\u00e9ptimo D\u00eda - Divisi\u00f3n Interamericana","isPartOf":{"@id":"https:\/\/interamerica.org\/es\/#website"},"primaryImageOfPage":{"@id":"https:\/\/interamerica.org\/es\/2022\/12\/iglesia-adventista-en-interamerica-vota-a-primera-mujer-como-tesorera-de-la-division\/#primaryimage"},"image":{"@id":"https:\/\/interamerica.org\/es\/2022\/12\/iglesia-adventista-en-interamerica-vota-a-primera-mujer-como-tesorera-de-la-division\/#primaryimage"},"thumbnailUrl":"https:\/\/interamerica.org\/wp-content\/uploads\/2022\/12\/ivelisse-herrera-congratulated-exec-comm-dec22.jpg","datePublished":"2022-12-07T02:14:27+00:00","dateModified":"2022-12-09T14:49:21+00:00","author":{"@id":"https:\/\/interamerica.org\/es\/#\/schema\/person\/29998f2bc2d8bd0d38662909289b54f1"},"breadcrumb":{"@id":"https:\/\/interamerica.org\/es\/2022\/12\/iglesia-adventista-en-interamerica-vota-a-primera-mujer-como-tesorera-de-la-division\/#breadcrumb"},"inLanguage":"es","potentialAction":[{"@type":"ReadAction","target":["https:\/\/interamerica.org\/es\/2022\/12\/iglesia-adventista-en-interamerica-vota-a-primera-mujer-como-tesorera-de-la-division\/"]}]},{"@type":"ImageObject","inLanguage":"es","@id":"https:\/\/interamerica.org\/es\/2022\/12\/iglesia-adventista-en-interamerica-vota-a-primera-mujer-como-tesorera-de-la-division\/#primaryimage","url":"https:\/\/interamerica.org\/wp-content\/uploads\/2022\/12\/ivelisse-herrera-congratulated-exec-comm-dec22.jpg","contentUrl":"https:\/\/interamerica.org\/wp-content\/uploads\/2022\/12\/ivelisse-herrera-congratulated-exec-comm-dec22.jpg","width":1000,"height":667,"caption":"[Photo: Keila Trejo\/IAD]"},{"@type":"BreadcrumbList","@id":"https:\/\/interamerica.org\/es\/2022\/12\/iglesia-adventista-en-interamerica-vota-a-primera-mujer-como-tesorera-de-la-division\/#breadcrumb","itemListElement":[{"@type":"ListItem","position":1,"name":"Home","item":"https:\/\/interamerica.org\/es\/"},{"@type":"ListItem","position":2,"name":"Iglesia Adventista en Interam\u00e9rica vota a primera mujer como tesorera de la divisi\u00f3n"}]},{"@type":"WebSite","@id":"https:\/\/interamerica.org\/es\/#website","url":"https:\/\/interamerica.org\/es\/","name":"Iglesia Adventista del S\u00e9ptimo D\u00eda - Divisi\u00f3n Interamericana","description":"","potentialAction":[{"@type":"SearchAction","target":{"@type":"EntryPoint","urlTemplate":"https:\/\/interamerica.org\/es\/?s={search_term_string}"},"query-input":{"@type":"PropertyValueSpecification","valueRequired":true,"valueName":"search_term_string"}}],"inLanguage":"es"},{"@type":"Person","@id":"https:\/\/interamerica.org\/es\/#\/schema\/person\/29998f2bc2d8bd0d38662909289b54f1","name":"libna","image":{"@type":"ImageObject","inLanguage":"es","@id":"https:\/\/secure.gravatar.com\/avatar\/7c5bd30ae4b47a9ba3c856590957fd1d96dc588bf3ac05719d247e126840331f?s=96&d=mm&r=g","url":"https:\/\/secure.gravatar.com\/avatar\/7c5bd30ae4b47a9ba3c856590957fd1d96dc588bf3ac05719d247e126840331f?s=96&d=mm&r=g","contentUrl":"https:\/\/secure.gravatar.com\/avatar\/7c5bd30ae4b47a9ba3c856590957fd1d96dc588bf3ac05719d247e126840331f?s=96&d=mm&r=g","caption":"libna"}}]}},"_links":{"self":[{"href":"https:\/\/interamerica.org\/es\/wp-json\/wp\/v2\/posts\/92210","targetHints":{"allow":["GET"]}}],"collection":[{"href":"https:\/\/interamerica.org\/es\/wp-json\/wp\/v2\/posts"}],"about":[{"href":"https:\/\/interamerica.org\/es\/wp-json\/wp\/v2\/types\/post"}],"author":[{"embeddable":true,"href":"https:\/\/interamerica.org\/es\/wp-json\/wp\/v2\/users\/3"}],"replies":[{"embeddable":true,"href":"https:\/\/interamerica.org\/es\/wp-json\/wp\/v2\/comments?post=92210"}],"version-history":[{"count":0,"href":"https:\/\/interamerica.org\/es\/wp-json\/wp\/v2\/posts\/92210\/revisions"}],"wp:featuredmedia":[{"embeddable":true,"href":"https:\/\/interamerica.org\/es\/wp-json\/wp\/v2\/media\/92198"}],"wp:attachment":[{"href":"https:\/\/interamerica.org\/es\/wp-json\/wp\/v2\/media?parent=92210"}],"wp:term":[{"taxonomy":"category","embeddable":true,"href":"https:\/\/interamerica.org\/es\/wp-json\/wp\/v2\/categories?post=92210"},{"taxonomy":"post_tag","embeddable":true,"href":"https:\/\/interamerica.org\/es\/wp-json\/wp\/v2\/tags?post=92210"}],"curies":[{"name":"wp","href":"https:\/\/api.w.org\/{rel}","templated":true}]}}