{"id":92363,"date":"2022-12-11T20:38:34","date_gmt":"2022-12-12T01:38:34","guid":{"rendered":"https:\/\/interamerica.org\/?p=92363"},"modified":"2022-12-13T15:07:15","modified_gmt":"2022-12-13T20:07:15","slug":"presidente-de-adventhealth-reconocido-entre-las-100-personas-mas-influyentes-en-el-ambito-de-cuidados-de-salud","status":"publish","type":"post","link":"https:\/\/interamerica.org\/es\/2022\/12\/presidente-de-adventhealth-reconocido-entre-las-100-personas-mas-influyentes-en-el-ambito-de-cuidados-de-salud\/","title":{"rendered":"Presidente de AdventHealth reconocido entre las 100 personas m\u00e1s influyentes en el \u00e1mbito de cuidados de salud"},"content":{"rendered":"<p><strong>Reconocimiento a Terry Shaw por parte de Modern Healthcare en 2022.<\/strong><\/p>\n<p>11 de diciembre de 2022 | Altamonte Springs, Florida | AdventHealth News y Adventist Review<\/p>\n<p>El presidente y director ejecutivo de AdventHealth, Terry Shaw, fue reconocido por Modern Healthcare como una de las 100 Personas de Mayor Influencia en Servicios de Atenci\u00f3n a la Salud en 2022. Este prestigioso programa de reconocimiento honra a personas que son percibidas por sus pares o colegas y por los editores s\u00e9nior de Modern Healthcare, como las figuras m\u00e1s influyentes en la industria de la atenci\u00f3n a la salud, en t\u00e9rminos de liderazgo e impacto.<\/p>\n<p>\u201cEl a\u00f1o pasado ha sido uno en el que perturbadores o interruptores se convirtieron en los actores principales; y los l\u00edderes en la industria alzaron su voz para efectuar cambios dentro de sus organizaciones y la comunidad en general\u201d, dijo la editora de Modern Healthcare, Mary Ellen Podmolik. \u201cNuestro <em>ranking <\/em>2022 de las 100 Personas de Mayor Influencia en Servicios de Atenci\u00f3n a la Salud en 2022, reconoce a estos individuos que est\u00e1n transformando al mayor sector de la econom\u00eda de la naci\u00f3n y cuya atenci\u00f3n est\u00e1 dirigida a mejorar la atenci\u00f3n y los modelos de pago\u201d.<\/p>\n<p><div id=\"attachment_92342\" style=\"width: 862px\" class=\"wp-caption aligncenter\"><img fetchpriority=\"high\" decoding=\"async\" aria-describedby=\"caption-attachment-92342\" class=\" wp-image-92340\" src=\"https:\/\/interamerica.org\/wp-content\/uploads\/2022\/12\/terry-shaw-headshot-2021-1-1024x683.jpeg\" alt=\"\" width=\"852\" height=\"568\" srcset=\"https:\/\/interamerica.org\/wp-content\/uploads\/2022\/12\/terry-shaw-headshot-2021-1-1024x683.jpeg 1024w, https:\/\/interamerica.org\/wp-content\/uploads\/2022\/12\/terry-shaw-headshot-2021-1-300x200.jpeg 300w, https:\/\/interamerica.org\/wp-content\/uploads\/2022\/12\/terry-shaw-headshot-2021-1-768x512.jpeg 768w, https:\/\/interamerica.org\/wp-content\/uploads\/2022\/12\/terry-shaw-headshot-2021-1-1536x1024.jpeg 1536w, https:\/\/interamerica.org\/wp-content\/uploads\/2022\/12\/terry-shaw-headshot-2021-1.jpeg 1600w\" sizes=\"(max-width: 852px) 100vw, 852px\" \/><p id=\"caption-attachment-92342\" class=\"wp-caption-text\">El director ejecutivo de AdventHealth, Terry Shaw, ha recibido reconocimiento de Modern Healthcare como una de las 100 Personas de Mayor Influencia en Servicios de Atenci\u00f3n a la Salud en 2022. [Imagen: AdventHealth News]<\/p><\/div>En su reconocimiento, Modern Health hizo notar el papel clave que ha desempe\u00f1ado el director Shaw, No. 53 en la lista de clasificaci\u00f3n, en dar forma a la visi\u00f3n y guiar la direcci\u00f3n del objetivo de AdventHealth de convertirse en una prominente compa\u00f1\u00eda cl\u00ednica de base religiosa que proporciona servicios de salud a la persona integral, a trav\u00e9s de su sistema de 51 hospitales establecidos en nueve estados. El director Shaw, cuyo trayecto en AdventHealth se extiende ya por casi cuatro d\u00e9cadas, incluyendo su posici\u00f3n de presidente y director ejecutivo por los \u00faltimos seis a\u00f1os, es un l\u00edder transformador que se asegura de que la misi\u00f3n de hacer extensivo el ministerio de sanidad de Cristo, va m\u00e1s all\u00e1 de los miembros del equipo y sus pacientes y llega hasta las comunidades en que AdventHealth presta sus servicios.<\/p>\n<p>El director Shaw abord\u00f3 las din\u00e1micas cambiantes de la fuerza laboral en forma transformadora, bas\u00e1ndose en la s\u00f3lida creencia de que para poder ofrecer cuidado integral a las personas, los miembros del equipo deben sentirse ellos mismos individuos plenos. La Promesa de AdventHealth a los Miembros del Equipo, puesta en ejecuci\u00f3n en 2022, dio como resultado una amplia variedad de mejoras en la experiencia de los miembros del equipo, incluyendo mayores oportunidades de crecimiento y de ascenso, as\u00ed como m\u00e1s amplios ofrecimientos de bienestar.<\/p>\n<p>La lista de las 100 Personas de Mayor Influencia en Servicios de Atenci\u00f3n a la Salud en 2022, de \u00a0Modern Healthcare, presenta a personas de influencia que representan una variedad de sectores, incluyendo proveedores (48%); asociaciones (16%); aseguradores (9%); gobierno (7%) y abastecedores y vendedores (6%).<\/p>\n<p>Entre la lista de personas honradas figuran personajes muy reconocibles, tales como Xavier Becerra, secretario del Departamento de Salud y Servicios Humanos y el del presidente Joe Biden.<\/p>\n<p>La <a href=\"https:\/\/www.adventhealth.com\/news\/terry-shaw-recognized-one-modern-healthcares-100-most-influential-people-healthcare\">versi\u00f3n original <\/a>\u00a0de esta noticia fue publicada por AdventHealth <a href=\"https:\/\/www.adventhealth.com\/news\">Newsroom<\/a>.<\/p>\n<p>Traducci\u00f3n \u2013 Gloria A. Castrej\u00f3n<\/p>\n","protected":false},"excerpt":{"rendered":"<p>Reconocimiento a Terry Shaw por parte de Modern Healthcare en 2022. 11 de diciembre de 2022 | Altamonte Springs, Florida | AdventHealth News y Adventist Review El presidente y director&#8230;<\/p>\n","protected":false},"author":3,"featured_media":92342,"comment_status":"closed","ping_status":"closed","sticky":false,"template":"","format":"standard","meta":{"_acf_changed":false,"footnotes":""},"categories":[14,15],"tags":[],"class_list":["post-92363","post","type-post","status-publish","format-standard","has-post-thumbnail","hentry","category-de-la-iglesia-mundial","category-rss-espanol"],"acf":[],"yoast_head":"<!-- This site is optimized with the Yoast SEO plugin v27.3 - https:\/\/yoast.com\/product\/yoast-seo-wordpress\/ -->\n<title>Presidente de AdventHealth reconocido entre las 100 personas m\u00e1s influyentes en el \u00e1mbito de cuidados de salud - Iglesia Adventista del S\u00e9ptimo D\u00eda - Divisi\u00f3n Interamericana<\/title>\n<meta name=\"robots\" content=\"index, follow, max-snippet:-1, max-image-preview:large, max-video-preview:-1\" \/>\n<link rel=\"canonical\" href=\"https:\/\/interamerica.org\/es\/2022\/12\/presidente-de-adventhealth-reconocido-entre-las-100-personas-mas-influyentes-en-el-ambito-de-cuidados-de-salud\/\" \/>\n<meta property=\"og:locale\" content=\"es_ES\" \/>\n<meta property=\"og:type\" content=\"article\" \/>\n<meta property=\"og:title\" content=\"Presidente de AdventHealth reconocido entre las 100 personas m\u00e1s influyentes en el \u00e1mbito de cuidados de salud - Iglesia Adventista del S\u00e9ptimo D\u00eda - Divisi\u00f3n Interamericana\" \/>\n<meta property=\"og:description\" content=\"Reconocimiento a Terry Shaw por parte de Modern Healthcare en 2022. 11 de diciembre de 2022 | Altamonte Springs, Florida | AdventHealth News y Adventist Review El presidente y director...\" \/>\n<meta property=\"og:url\" content=\"https:\/\/interamerica.org\/es\/2022\/12\/presidente-de-adventhealth-reconocido-entre-las-100-personas-mas-influyentes-en-el-ambito-de-cuidados-de-salud\/\" \/>\n<meta property=\"og:site_name\" content=\"Iglesia Adventista del S\u00e9ptimo D\u00eda - Divisi\u00f3n Interamericana\" \/>\n<meta property=\"article:published_time\" content=\"2022-12-12T01:38:34+00:00\" \/>\n<meta property=\"article:modified_time\" content=\"2022-12-13T20:07:15+00:00\" \/>\n<meta property=\"og:image\" content=\"https:\/\/interamerica.org\/wp-content\/uploads\/2022\/12\/terry-shaw-headshot-2021-1.jpeg\" \/>\n\t<meta property=\"og:image:width\" content=\"1600\" \/>\n\t<meta property=\"og:image:height\" content=\"1067\" \/>\n\t<meta property=\"og:image:type\" content=\"image\/jpeg\" \/>\n<meta name=\"author\" content=\"libna\" \/>\n<meta name=\"twitter:card\" content=\"summary_large_image\" \/>\n<meta name=\"twitter:label1\" content=\"Escrito por\" \/>\n\t<meta name=\"twitter:data1\" content=\"libna\" \/>\n\t<meta name=\"twitter:label2\" content=\"Tiempo de lectura\" \/>\n\t<meta name=\"twitter:data2\" content=\"3 minutos\" \/>\n<script type=\"application\/ld+json\" class=\"yoast-schema-graph\">{\"@context\":\"https:\\\/\\\/schema.org\",\"@graph\":[{\"@type\":\"Article\",\"@id\":\"https:\\\/\\\/interamerica.org\\\/es\\\/2022\\\/12\\\/presidente-de-adventhealth-reconocido-entre-las-100-personas-mas-influyentes-en-el-ambito-de-cuidados-de-salud\\\/#article\",\"isPartOf\":{\"@id\":\"https:\\\/\\\/interamerica.org\\\/es\\\/2022\\\/12\\\/presidente-de-adventhealth-reconocido-entre-las-100-personas-mas-influyentes-en-el-ambito-de-cuidados-de-salud\\\/\"},\"author\":{\"name\":\"libna\",\"@id\":\"https:\\\/\\\/interamerica.org\\\/es\\\/#\\\/schema\\\/person\\\/29998f2bc2d8bd0d38662909289b54f1\"},\"headline\":\"Presidente de AdventHealth reconocido entre las 100 personas m\u00e1s influyentes en el \u00e1mbito de cuidados de salud\",\"datePublished\":\"2022-12-12T01:38:34+00:00\",\"dateModified\":\"2022-12-13T20:07:15+00:00\",\"mainEntityOfPage\":{\"@id\":\"https:\\\/\\\/interamerica.org\\\/es\\\/2022\\\/12\\\/presidente-de-adventhealth-reconocido-entre-las-100-personas-mas-influyentes-en-el-ambito-de-cuidados-de-salud\\\/\"},\"wordCount\":581,\"image\":{\"@id\":\"https:\\\/\\\/interamerica.org\\\/es\\\/2022\\\/12\\\/presidente-de-adventhealth-reconocido-entre-las-100-personas-mas-influyentes-en-el-ambito-de-cuidados-de-salud\\\/#primaryimage\"},\"thumbnailUrl\":\"https:\\\/\\\/interamerica.org\\\/wp-content\\\/uploads\\\/2022\\\/12\\\/terry-shaw-headshot-2021-1.jpeg\",\"articleSection\":[\"Desde la iglesia mundial\",\"RSS Espa\u00f1ol\"],\"inLanguage\":\"es\"},{\"@type\":\"WebPage\",\"@id\":\"https:\\\/\\\/interamerica.org\\\/es\\\/2022\\\/12\\\/presidente-de-adventhealth-reconocido-entre-las-100-personas-mas-influyentes-en-el-ambito-de-cuidados-de-salud\\\/\",\"url\":\"https:\\\/\\\/interamerica.org\\\/es\\\/2022\\\/12\\\/presidente-de-adventhealth-reconocido-entre-las-100-personas-mas-influyentes-en-el-ambito-de-cuidados-de-salud\\\/\",\"name\":\"Presidente de AdventHealth reconocido entre las 100 personas m\u00e1s influyentes en el \u00e1mbito de cuidados de salud - Iglesia Adventista del S\u00e9ptimo D\u00eda - Divisi\u00f3n Interamericana\",\"isPartOf\":{\"@id\":\"https:\\\/\\\/interamerica.org\\\/es\\\/#website\"},\"primaryImageOfPage\":{\"@id\":\"https:\\\/\\\/interamerica.org\\\/es\\\/2022\\\/12\\\/presidente-de-adventhealth-reconocido-entre-las-100-personas-mas-influyentes-en-el-ambito-de-cuidados-de-salud\\\/#primaryimage\"},\"image\":{\"@id\":\"https:\\\/\\\/interamerica.org\\\/es\\\/2022\\\/12\\\/presidente-de-adventhealth-reconocido-entre-las-100-personas-mas-influyentes-en-el-ambito-de-cuidados-de-salud\\\/#primaryimage\"},\"thumbnailUrl\":\"https:\\\/\\\/interamerica.org\\\/wp-content\\\/uploads\\\/2022\\\/12\\\/terry-shaw-headshot-2021-1.jpeg\",\"datePublished\":\"2022-12-12T01:38:34+00:00\",\"dateModified\":\"2022-12-13T20:07:15+00:00\",\"author\":{\"@id\":\"https:\\\/\\\/interamerica.org\\\/es\\\/#\\\/schema\\\/person\\\/29998f2bc2d8bd0d38662909289b54f1\"},\"breadcrumb\":{\"@id\":\"https:\\\/\\\/interamerica.org\\\/es\\\/2022\\\/12\\\/presidente-de-adventhealth-reconocido-entre-las-100-personas-mas-influyentes-en-el-ambito-de-cuidados-de-salud\\\/#breadcrumb\"},\"inLanguage\":\"es\",\"potentialAction\":[{\"@type\":\"ReadAction\",\"target\":[\"https:\\\/\\\/interamerica.org\\\/es\\\/2022\\\/12\\\/presidente-de-adventhealth-reconocido-entre-las-100-personas-mas-influyentes-en-el-ambito-de-cuidados-de-salud\\\/\"]}]},{\"@type\":\"ImageObject\",\"inLanguage\":\"es\",\"@id\":\"https:\\\/\\\/interamerica.org\\\/es\\\/2022\\\/12\\\/presidente-de-adventhealth-reconocido-entre-las-100-personas-mas-influyentes-en-el-ambito-de-cuidados-de-salud\\\/#primaryimage\",\"url\":\"https:\\\/\\\/interamerica.org\\\/wp-content\\\/uploads\\\/2022\\\/12\\\/terry-shaw-headshot-2021-1.jpeg\",\"contentUrl\":\"https:\\\/\\\/interamerica.org\\\/wp-content\\\/uploads\\\/2022\\\/12\\\/terry-shaw-headshot-2021-1.jpeg\",\"width\":1600,\"height\":1067,\"caption\":\"AdventHealth President\\\/CEO Terry Shaw has been recognized by Modern Healthcare as one of the\u00a0100 Most Influential People in Healthcare in 2022. [Photo: AdventHealth News]\"},{\"@type\":\"BreadcrumbList\",\"@id\":\"https:\\\/\\\/interamerica.org\\\/es\\\/2022\\\/12\\\/presidente-de-adventhealth-reconocido-entre-las-100-personas-mas-influyentes-en-el-ambito-de-cuidados-de-salud\\\/#breadcrumb\",\"itemListElement\":[{\"@type\":\"ListItem\",\"position\":1,\"name\":\"Home\",\"item\":\"https:\\\/\\\/interamerica.org\\\/es\\\/\"},{\"@type\":\"ListItem\",\"position\":2,\"name\":\"Presidente de AdventHealth reconocido entre las 100 personas m\u00e1s influyentes en el \u00e1mbito de cuidados de salud\"}]},{\"@type\":\"WebSite\",\"@id\":\"https:\\\/\\\/interamerica.org\\\/es\\\/#website\",\"url\":\"https:\\\/\\\/interamerica.org\\\/es\\\/\",\"name\":\"Iglesia Adventista del S\u00e9ptimo D\u00eda - Divisi\u00f3n Interamericana\",\"description\":\"\",\"potentialAction\":[{\"@type\":\"SearchAction\",\"target\":{\"@type\":\"EntryPoint\",\"urlTemplate\":\"https:\\\/\\\/interamerica.org\\\/es\\\/?s={search_term_string}\"},\"query-input\":{\"@type\":\"PropertyValueSpecification\",\"valueRequired\":true,\"valueName\":\"search_term_string\"}}],\"inLanguage\":\"es\"},{\"@type\":\"Person\",\"@id\":\"https:\\\/\\\/interamerica.org\\\/es\\\/#\\\/schema\\\/person\\\/29998f2bc2d8bd0d38662909289b54f1\",\"name\":\"libna\",\"image\":{\"@type\":\"ImageObject\",\"inLanguage\":\"es\",\"@id\":\"https:\\\/\\\/secure.gravatar.com\\\/avatar\\\/7c5bd30ae4b47a9ba3c856590957fd1d96dc588bf3ac05719d247e126840331f?s=96&d=mm&r=g\",\"url\":\"https:\\\/\\\/secure.gravatar.com\\\/avatar\\\/7c5bd30ae4b47a9ba3c856590957fd1d96dc588bf3ac05719d247e126840331f?s=96&d=mm&r=g\",\"contentUrl\":\"https:\\\/\\\/secure.gravatar.com\\\/avatar\\\/7c5bd30ae4b47a9ba3c856590957fd1d96dc588bf3ac05719d247e126840331f?s=96&d=mm&r=g\",\"caption\":\"libna\"}}]}<\/script>\n<!-- \/ Yoast SEO plugin. -->","yoast_head_json":{"title":"Presidente de AdventHealth reconocido entre las 100 personas m\u00e1s influyentes en el \u00e1mbito de cuidados de salud - Iglesia Adventista del S\u00e9ptimo D\u00eda - Divisi\u00f3n Interamericana","robots":{"index":"index","follow":"follow","max-snippet":"max-snippet:-1","max-image-preview":"max-image-preview:large","max-video-preview":"max-video-preview:-1"},"canonical":"https:\/\/interamerica.org\/es\/2022\/12\/presidente-de-adventhealth-reconocido-entre-las-100-personas-mas-influyentes-en-el-ambito-de-cuidados-de-salud\/","og_locale":"es_ES","og_type":"article","og_title":"Presidente de AdventHealth reconocido entre las 100 personas m\u00e1s influyentes en el \u00e1mbito de cuidados de salud - Iglesia Adventista del S\u00e9ptimo D\u00eda - Divisi\u00f3n Interamericana","og_description":"Reconocimiento a Terry Shaw por parte de Modern Healthcare en 2022. 11 de diciembre de 2022 | Altamonte Springs, Florida | AdventHealth News y Adventist Review El presidente y director...","og_url":"https:\/\/interamerica.org\/es\/2022\/12\/presidente-de-adventhealth-reconocido-entre-las-100-personas-mas-influyentes-en-el-ambito-de-cuidados-de-salud\/","og_site_name":"Iglesia Adventista del S\u00e9ptimo D\u00eda - Divisi\u00f3n Interamericana","article_published_time":"2022-12-12T01:38:34+00:00","article_modified_time":"2022-12-13T20:07:15+00:00","og_image":[{"width":1600,"height":1067,"url":"https:\/\/interamerica.org\/wp-content\/uploads\/2022\/12\/terry-shaw-headshot-2021-1.jpeg","type":"image\/jpeg"}],"author":"libna","twitter_card":"summary_large_image","twitter_misc":{"Escrito por":"libna","Tiempo de lectura":"3 minutos"},"schema":{"@context":"https:\/\/schema.org","@graph":[{"@type":"Article","@id":"https:\/\/interamerica.org\/es\/2022\/12\/presidente-de-adventhealth-reconocido-entre-las-100-personas-mas-influyentes-en-el-ambito-de-cuidados-de-salud\/#article","isPartOf":{"@id":"https:\/\/interamerica.org\/es\/2022\/12\/presidente-de-adventhealth-reconocido-entre-las-100-personas-mas-influyentes-en-el-ambito-de-cuidados-de-salud\/"},"author":{"name":"libna","@id":"https:\/\/interamerica.org\/es\/#\/schema\/person\/29998f2bc2d8bd0d38662909289b54f1"},"headline":"Presidente de AdventHealth reconocido entre las 100 personas m\u00e1s influyentes en el \u00e1mbito de cuidados de salud","datePublished":"2022-12-12T01:38:34+00:00","dateModified":"2022-12-13T20:07:15+00:00","mainEntityOfPage":{"@id":"https:\/\/interamerica.org\/es\/2022\/12\/presidente-de-adventhealth-reconocido-entre-las-100-personas-mas-influyentes-en-el-ambito-de-cuidados-de-salud\/"},"wordCount":581,"image":{"@id":"https:\/\/interamerica.org\/es\/2022\/12\/presidente-de-adventhealth-reconocido-entre-las-100-personas-mas-influyentes-en-el-ambito-de-cuidados-de-salud\/#primaryimage"},"thumbnailUrl":"https:\/\/interamerica.org\/wp-content\/uploads\/2022\/12\/terry-shaw-headshot-2021-1.jpeg","articleSection":["Desde la iglesia mundial","RSS Espa\u00f1ol"],"inLanguage":"es"},{"@type":"WebPage","@id":"https:\/\/interamerica.org\/es\/2022\/12\/presidente-de-adventhealth-reconocido-entre-las-100-personas-mas-influyentes-en-el-ambito-de-cuidados-de-salud\/","url":"https:\/\/interamerica.org\/es\/2022\/12\/presidente-de-adventhealth-reconocido-entre-las-100-personas-mas-influyentes-en-el-ambito-de-cuidados-de-salud\/","name":"Presidente de AdventHealth reconocido entre las 100 personas m\u00e1s influyentes en el \u00e1mbito de cuidados de salud - Iglesia Adventista del S\u00e9ptimo D\u00eda - Divisi\u00f3n Interamericana","isPartOf":{"@id":"https:\/\/interamerica.org\/es\/#website"},"primaryImageOfPage":{"@id":"https:\/\/interamerica.org\/es\/2022\/12\/presidente-de-adventhealth-reconocido-entre-las-100-personas-mas-influyentes-en-el-ambito-de-cuidados-de-salud\/#primaryimage"},"image":{"@id":"https:\/\/interamerica.org\/es\/2022\/12\/presidente-de-adventhealth-reconocido-entre-las-100-personas-mas-influyentes-en-el-ambito-de-cuidados-de-salud\/#primaryimage"},"thumbnailUrl":"https:\/\/interamerica.org\/wp-content\/uploads\/2022\/12\/terry-shaw-headshot-2021-1.jpeg","datePublished":"2022-12-12T01:38:34+00:00","dateModified":"2022-12-13T20:07:15+00:00","author":{"@id":"https:\/\/interamerica.org\/es\/#\/schema\/person\/29998f2bc2d8bd0d38662909289b54f1"},"breadcrumb":{"@id":"https:\/\/interamerica.org\/es\/2022\/12\/presidente-de-adventhealth-reconocido-entre-las-100-personas-mas-influyentes-en-el-ambito-de-cuidados-de-salud\/#breadcrumb"},"inLanguage":"es","potentialAction":[{"@type":"ReadAction","target":["https:\/\/interamerica.org\/es\/2022\/12\/presidente-de-adventhealth-reconocido-entre-las-100-personas-mas-influyentes-en-el-ambito-de-cuidados-de-salud\/"]}]},{"@type":"ImageObject","inLanguage":"es","@id":"https:\/\/interamerica.org\/es\/2022\/12\/presidente-de-adventhealth-reconocido-entre-las-100-personas-mas-influyentes-en-el-ambito-de-cuidados-de-salud\/#primaryimage","url":"https:\/\/interamerica.org\/wp-content\/uploads\/2022\/12\/terry-shaw-headshot-2021-1.jpeg","contentUrl":"https:\/\/interamerica.org\/wp-content\/uploads\/2022\/12\/terry-shaw-headshot-2021-1.jpeg","width":1600,"height":1067,"caption":"AdventHealth President\/CEO Terry Shaw has been recognized by Modern Healthcare as one of the\u00a0100 Most Influential People in Healthcare in 2022. [Photo: AdventHealth News]"},{"@type":"BreadcrumbList","@id":"https:\/\/interamerica.org\/es\/2022\/12\/presidente-de-adventhealth-reconocido-entre-las-100-personas-mas-influyentes-en-el-ambito-de-cuidados-de-salud\/#breadcrumb","itemListElement":[{"@type":"ListItem","position":1,"name":"Home","item":"https:\/\/interamerica.org\/es\/"},{"@type":"ListItem","position":2,"name":"Presidente de AdventHealth reconocido entre las 100 personas m\u00e1s influyentes en el \u00e1mbito de cuidados de salud"}]},{"@type":"WebSite","@id":"https:\/\/interamerica.org\/es\/#website","url":"https:\/\/interamerica.org\/es\/","name":"Iglesia Adventista del S\u00e9ptimo D\u00eda - Divisi\u00f3n Interamericana","description":"","potentialAction":[{"@type":"SearchAction","target":{"@type":"EntryPoint","urlTemplate":"https:\/\/interamerica.org\/es\/?s={search_term_string}"},"query-input":{"@type":"PropertyValueSpecification","valueRequired":true,"valueName":"search_term_string"}}],"inLanguage":"es"},{"@type":"Person","@id":"https:\/\/interamerica.org\/es\/#\/schema\/person\/29998f2bc2d8bd0d38662909289b54f1","name":"libna","image":{"@type":"ImageObject","inLanguage":"es","@id":"https:\/\/secure.gravatar.com\/avatar\/7c5bd30ae4b47a9ba3c856590957fd1d96dc588bf3ac05719d247e126840331f?s=96&d=mm&r=g","url":"https:\/\/secure.gravatar.com\/avatar\/7c5bd30ae4b47a9ba3c856590957fd1d96dc588bf3ac05719d247e126840331f?s=96&d=mm&r=g","contentUrl":"https:\/\/secure.gravatar.com\/avatar\/7c5bd30ae4b47a9ba3c856590957fd1d96dc588bf3ac05719d247e126840331f?s=96&d=mm&r=g","caption":"libna"}}]}},"_links":{"self":[{"href":"https:\/\/interamerica.org\/es\/wp-json\/wp\/v2\/posts\/92363","targetHints":{"allow":["GET"]}}],"collection":[{"href":"https:\/\/interamerica.org\/es\/wp-json\/wp\/v2\/posts"}],"about":[{"href":"https:\/\/interamerica.org\/es\/wp-json\/wp\/v2\/types\/post"}],"author":[{"embeddable":true,"href":"https:\/\/interamerica.org\/es\/wp-json\/wp\/v2\/users\/3"}],"replies":[{"embeddable":true,"href":"https:\/\/interamerica.org\/es\/wp-json\/wp\/v2\/comments?post=92363"}],"version-history":[{"count":0,"href":"https:\/\/interamerica.org\/es\/wp-json\/wp\/v2\/posts\/92363\/revisions"}],"wp:featuredmedia":[{"embeddable":true,"href":"https:\/\/interamerica.org\/es\/wp-json\/wp\/v2\/media\/92342"}],"wp:attachment":[{"href":"https:\/\/interamerica.org\/es\/wp-json\/wp\/v2\/media?parent=92363"}],"wp:term":[{"taxonomy":"category","embeddable":true,"href":"https:\/\/interamerica.org\/es\/wp-json\/wp\/v2\/categories?post=92363"},{"taxonomy":"post_tag","embeddable":true,"href":"https:\/\/interamerica.org\/es\/wp-json\/wp\/v2\/tags?post=92363"}],"curies":[{"name":"wp","href":"https:\/\/api.w.org\/{rel}","templated":true}]}}